{"id":325485,"date":"2024-03-27T07:36:45","date_gmt":"2024-03-27T10:36:45","guid":{"rendered":"https:\/\/www.notibras.com\/site\/?p=325485"},"modified":"2024-03-27T07:39:15","modified_gmt":"2024-03-27T10:39:15","slug":"canela-seca-ludibria-delegado-joao-do-bone-e-casal-de-fazendeiros","status":"publish","type":"post","link":"https:\/\/www.notibras.com\/site\/canela-seca-ludibria-delegado-joao-do-bone-e-casal-de-fazendeiros\/","title":{"rendered":"Canela Seca ludibria delegado Jo\u00e3o do Bon\u00e9 e casal de fazendeiros"},"content":{"rendered":"<p>Canela Seca tinha pacto com o Jurupari. Se dizia que iria aprontar mais uma, mandava espalhar por toda a regi\u00e3o. Queria porque queria que o destemido delegado Jo\u00e3o do Bon\u00e9 tomasse as devidas provid\u00eancias para impedi-lo. Atrevido que nem macaco-prego, se era para roubar, que fosse debaixo do bigode do homem da lei.<\/p>\n<p>E foi assim que o mais not\u00f3rio e not\u00e1vel ladr\u00e3o de cavalos do entorno do Distrito Federal acordou naquela manh\u00e3. Mal colocou os p\u00e9s no ch\u00e3o gelado da cabana, o homem se deparou com uma ardilosa jararacu\u00e7u j\u00e1 armada para lhe dar o bote. Canela Seca, com a velocidade de um gato do mato, agarrou a cabe\u00e7a da serpente, antes que a danada pudesse cravar as presas nele.<\/p>\n<p>N\u00e3o foi preciso gastar muito tempo para pensar no que faria com a cobra. Canela Seca n\u00e3o desejou mal \u00e0 venenosa. Tanto \u00e9 que, assim que cal\u00e7ou as botinas gastas e bebericou o \u00faltimo gole de caf\u00e9, caminhou pouco mais de 200 metros e deixou a jararacu\u00e7u rastejar para uma moita logo ali perto do riacho Monjolo. No entanto, antes de dar meia-volta, lan\u00e7ou um desafio \u00e0 pe\u00e7onhenta: &#8220;Te espero amanh\u00e3 de manh\u00e3 no mesmo local.&#8221;<\/p>\n<p>O homem se agachou \u00e0s margens, pegou um pouco d&#8217;\u00e1gua e lavou o rosto. Sorriu o sorriso dos fac\u00ednoras e tomou a trilha adiante, que, sabia, o levaria para a fazenda do poderoso Gaspar Ildo, que, dependendo da velocidade do falante, soava Gasparildo. N\u00e3o tardou, chegou ao topo da colina bem em frente \u00e0 enorme propriedade.<\/p>\n<p>Canela Seca observou a manada, que parecia agitada, talvez percebendo o que estava para acontecer. Dona Santina, esposa de Gasparildo, havia come\u00e7ado um dedo de prosa com o marido e o delegado Jo\u00e3o do Bon\u00e9, quando Dan\u00e7arino, o lindo garanh\u00e3o negro, relinchou. Os tr\u00eas voltaram os olhos para a manada e, ent\u00e3o, avistaram Canela Seca j\u00e1 sobre o lombo do cavalo.<\/p>\n<p>Jo\u00e3o do Bon\u00e9, mais ligeiro do que o velho jabuti Dorminhoco, que tirava uma soneca debaixo de uma goiabeira, sacou o rev\u00f3lver. Efetuou n\u00e3o sei quantos disparos, mas nenhum estrondo, somente estalidos quase inaud\u00edveis. O policial, por descuido ou falta de h\u00e1bito, n\u00e3o havia colocado balas no tambor.<\/p>\n<p>&#8211; Anda, homem, que o Canela Seca t\u00e1 fugindo! &#8211; gritou a mulher.<\/p>\n<p>O policial, apesar da falta de coragem, preferiu enfrentar o lar\u00e1pio a ter que medir for\u00e7as com a esposa de Gasparildo. Correu como pode e montou no cavalo mais pr\u00f3ximo. N\u00e3o adiantou, pois o mais famoso bandido da regi\u00e3o, em cima do Dan\u00e7arino, fugiu do local puxando outro cavalo. O preju\u00edzo, naquele dia, havia sido em dobro para Gasparildo e a esposa.<\/p>\n<p>&#8211; Diacho, esse ladr\u00e3o parece ter asas nos p\u00e9s! &#8211; Jo\u00e3o do Bon\u00e9, cabe\u00e7a baixa, murmurou.<\/p>\n","protected":false},"excerpt":{"rendered":"<p>Canela Seca tinha pacto com o Jurupari. Se dizia que iria aprontar mais uma, mandava espalhar por toda a regi\u00e3o. Queria porque queria que o destemido delegado Jo\u00e3o do Bon\u00e9 tomasse as devidas provid\u00eancias para impedi-lo. Atrevido que nem macaco-prego, se era para roubar, que fosse debaixo do bigode do homem da lei. E foi [&hellip;]<\/p>\n","protected":false},"author":2,"featured_media":325486,"comment_status":"closed","ping_status":"closed","sticky":false,"template":"","format":"standard","meta":{"_acf_changed":false,"footnotes":""},"categories":[161],"tags":[],"class_list":["post-325485","post","type-post","status-publish","format-standard","has-post-thumbnail","hentry","category-quadradinho-em-foco"],"acf":[],"yoast_head":"<!-- This site is optimized with the Yoast SEO plugin v27.5 - https:\/\/yoast.com\/product\/yoast-seo-wordpress\/ -->\n<title>Canela Seca ludibria delegado Jo\u00e3o do Bon\u00e9 e casal de fazendeiros - Notibras<\/title>\n<meta name=\"robots\" content=\"index, follow, max-snippet:-1, max-image-preview:large, max-video-preview:-1\" \/>\n<link rel=\"canonical\" href=\"https:\/\/www.notibras.com\/site\/canela-seca-ludibria-delegado-joao-do-bone-e-casal-de-fazendeiros\/\" \/>\n<meta property=\"og:locale\" content=\"pt_BR\" \/>\n<meta property=\"og:type\" content=\"article\" \/>\n<meta property=\"og:title\" content=\"Canela Seca ludibria delegado Jo\u00e3o do Bon\u00e9 e casal de fazendeiros - Notibras\" \/>\n<meta property=\"og:description\" content=\"Canela Seca tinha pacto com o Jurupari. Se dizia que iria aprontar mais uma, mandava espalhar por toda a regi\u00e3o. Queria porque queria que o destemido delegado Jo\u00e3o do Bon\u00e9 tomasse as devidas provid\u00eancias para impedi-lo. Atrevido que nem macaco-prego, se era para roubar, que fosse debaixo do bigode do homem da lei. E foi [&hellip;]\" \/>\n<meta property=\"og:url\" content=\"https:\/\/www.notibras.com\/site\/canela-seca-ludibria-delegado-joao-do-bone-e-casal-de-fazendeiros\/\" \/>\n<meta property=\"og:site_name\" content=\"Notibras\" \/>\n<meta property=\"article:publisher\" content=\"https:\/\/www.facebook.com\/notibras\/\" \/>\n<meta property=\"article:published_time\" content=\"2024-03-27T10:36:45+00:00\" \/>\n<meta property=\"article:modified_time\" content=\"2024-03-27T10:39:15+00:00\" \/>\n<meta property=\"og:image\" content=\"https:\/\/www.notibras.com\/site\/wp-content\/uploads\/2024\/03\/3cad9418-20b9-487f-81db-d66ec7418e37.jpeg\" \/>\n\t<meta property=\"og:image:width\" content=\"320\" \/>\n\t<meta property=\"og:image:height\" content=\"214\" \/>\n\t<meta property=\"og:image:type\" content=\"image\/jpeg\" \/>\n<meta name=\"author\" content=\"Reda\u00e7\u00e3o\" \/>\n<meta name=\"twitter:card\" content=\"summary_large_image\" \/>\n<meta name=\"twitter:creator\" content=\"@Notibras\" \/>\n<meta name=\"twitter:site\" content=\"@Notibras\" \/>\n<meta name=\"twitter:label1\" content=\"Escrito por\" \/>\n\t<meta name=\"twitter:data1\" content=\"Reda\u00e7\u00e3o\" \/>\n\t<meta name=\"twitter:label2\" content=\"Est. tempo de leitura\" \/>\n\t<meta name=\"twitter:data2\" content=\"3 minutos\" \/>\n<script type=\"application\/ld+json\" class=\"yoast-schema-graph\">{\"@context\":\"https:\\\/\\\/schema.org\",\"@graph\":[{\"@type\":\"Article\",\"@id\":\"https:\\\/\\\/www.notibras.com\\\/site\\\/canela-seca-ludibria-delegado-joao-do-bone-e-casal-de-fazendeiros\\\/#article\",\"isPartOf\":{\"@id\":\"https:\\\/\\\/www.notibras.com\\\/site\\\/canela-seca-ludibria-delegado-joao-do-bone-e-casal-de-fazendeiros\\\/\"},\"author\":{\"name\":\"Reda\u00e7\u00e3o\",\"@id\":\"https:\\\/\\\/www.notibras.com\\\/site\\\/#\\\/schema\\\/person\\\/36ab0979449956132d3e5b517ea76ac8\"},\"headline\":\"Canela Seca ludibria delegado Jo\u00e3o do Bon\u00e9 e casal de fazendeiros\",\"datePublished\":\"2024-03-27T10:36:45+00:00\",\"dateModified\":\"2024-03-27T10:39:15+00:00\",\"mainEntityOfPage\":{\"@id\":\"https:\\\/\\\/www.notibras.com\\\/site\\\/canela-seca-ludibria-delegado-joao-do-bone-e-casal-de-fazendeiros\\\/\"},\"wordCount\":502,\"publisher\":{\"@id\":\"https:\\\/\\\/www.notibras.com\\\/site\\\/#organization\"},\"image\":{\"@id\":\"https:\\\/\\\/www.notibras.com\\\/site\\\/canela-seca-ludibria-delegado-joao-do-bone-e-casal-de-fazendeiros\\\/#primaryimage\"},\"thumbnailUrl\":\"https:\\\/\\\/www.notibras.com\\\/site\\\/wp-content\\\/uploads\\\/2024\\\/03\\\/3cad9418-20b9-487f-81db-d66ec7418e37.jpeg\",\"articleSection\":[\"Quadradinho em Foco\"],\"inLanguage\":\"pt-BR\"},{\"@type\":\"WebPage\",\"@id\":\"https:\\\/\\\/www.notibras.com\\\/site\\\/canela-seca-ludibria-delegado-joao-do-bone-e-casal-de-fazendeiros\\\/\",\"url\":\"https:\\\/\\\/www.notibras.com\\\/site\\\/canela-seca-ludibria-delegado-joao-do-bone-e-casal-de-fazendeiros\\\/\",\"name\":\"Canela Seca ludibria delegado Jo\u00e3o do Bon\u00e9 e casal de fazendeiros - Notibras\",\"isPartOf\":{\"@id\":\"https:\\\/\\\/www.notibras.com\\\/site\\\/#website\"},\"primaryImageOfPage\":{\"@id\":\"https:\\\/\\\/www.notibras.com\\\/site\\\/canela-seca-ludibria-delegado-joao-do-bone-e-casal-de-fazendeiros\\\/#primaryimage\"},\"image\":{\"@id\":\"https:\\\/\\\/www.notibras.com\\\/site\\\/canela-seca-ludibria-delegado-joao-do-bone-e-casal-de-fazendeiros\\\/#primaryimage\"},\"thumbnailUrl\":\"https:\\\/\\\/www.notibras.com\\\/site\\\/wp-content\\\/uploads\\\/2024\\\/03\\\/3cad9418-20b9-487f-81db-d66ec7418e37.jpeg\",\"datePublished\":\"2024-03-27T10:36:45+00:00\",\"dateModified\":\"2024-03-27T10:39:15+00:00\",\"breadcrumb\":{\"@id\":\"https:\\\/\\\/www.notibras.com\\\/site\\\/canela-seca-ludibria-delegado-joao-do-bone-e-casal-de-fazendeiros\\\/#breadcrumb\"},\"inLanguage\":\"pt-BR\",\"potentialAction\":[{\"@type\":\"ReadAction\",\"target\":[\"https:\\\/\\\/www.notibras.com\\\/site\\\/canela-seca-ludibria-delegado-joao-do-bone-e-casal-de-fazendeiros\\\/\"]}]},{\"@type\":\"ImageObject\",\"inLanguage\":\"pt-BR\",\"@id\":\"https:\\\/\\\/www.notibras.com\\\/site\\\/canela-seca-ludibria-delegado-joao-do-bone-e-casal-de-fazendeiros\\\/#primaryimage\",\"url\":\"https:\\\/\\\/www.notibras.com\\\/site\\\/wp-content\\\/uploads\\\/2024\\\/03\\\/3cad9418-20b9-487f-81db-d66ec7418e37.jpeg\",\"contentUrl\":\"https:\\\/\\\/www.notibras.com\\\/site\\\/wp-content\\\/uploads\\\/2024\\\/03\\\/3cad9418-20b9-487f-81db-d66ec7418e37.jpeg\",\"width\":320,\"height\":214},{\"@type\":\"BreadcrumbList\",\"@id\":\"https:\\\/\\\/www.notibras.com\\\/site\\\/canela-seca-ludibria-delegado-joao-do-bone-e-casal-de-fazendeiros\\\/#breadcrumb\",\"itemListElement\":[{\"@type\":\"ListItem\",\"position\":1,\"name\":\"In\u00edcio\",\"item\":\"https:\\\/\\\/www.notibras.com\\\/site\\\/\"},{\"@type\":\"ListItem\",\"position\":2,\"name\":\"Canela Seca ludibria delegado Jo\u00e3o do Bon\u00e9 e casal de fazendeiros\"}]},{\"@type\":\"WebSite\",\"@id\":\"https:\\\/\\\/www.notibras.com\\\/site\\\/#website\",\"url\":\"https:\\\/\\\/www.notibras.com\\\/site\\\/\",\"name\":\"Notibras\",\"description\":\"Not\u00edcias de Bras\u00edlia, do Brasil e do Mundo\",\"publisher\":{\"@id\":\"https:\\\/\\\/www.notibras.com\\\/site\\\/#organization\"},\"potentialAction\":[{\"@type\":\"SearchAction\",\"target\":{\"@type\":\"EntryPoint\",\"urlTemplate\":\"https:\\\/\\\/www.notibras.com\\\/site\\\/?s={search_term_string}\"},\"query-input\":{\"@type\":\"PropertyValueSpecification\",\"valueRequired\":true,\"valueName\":\"search_term_string\"}}],\"inLanguage\":\"pt-BR\"},{\"@type\":\"Organization\",\"@id\":\"https:\\\/\\\/www.notibras.com\\\/site\\\/#organization\",\"name\":\"Grupo Notibras de Comunica\u00e7\u00e3o\",\"url\":\"https:\\\/\\\/www.notibras.com\\\/site\\\/\",\"logo\":{\"@type\":\"ImageObject\",\"inLanguage\":\"pt-BR\",\"@id\":\"https:\\\/\\\/www.notibras.com\\\/site\\\/#\\\/schema\\\/logo\\\/image\\\/\",\"url\":\"https:\\\/\\\/www.notibras.com\\\/site\\\/wp-content\\\/uploads\\\/2023\\\/01\\\/notibras23.png\",\"contentUrl\":\"https:\\\/\\\/www.notibras.com\\\/site\\\/wp-content\\\/uploads\\\/2023\\\/01\\\/notibras23.png\",\"width\":350,\"height\":87,\"caption\":\"Grupo Notibras de Comunica\u00e7\u00e3o\"},\"image\":{\"@id\":\"https:\\\/\\\/www.notibras.com\\\/site\\\/#\\\/schema\\\/logo\\\/image\\\/\"},\"sameAs\":[\"https:\\\/\\\/www.facebook.com\\\/notibras\\\/\",\"https:\\\/\\\/x.com\\\/Notibras\",\"https:\\\/\\\/www.instagram.com\\\/notibras\\\/\"]},{\"@type\":\"Person\",\"@id\":\"https:\\\/\\\/www.notibras.com\\\/site\\\/#\\\/schema\\\/person\\\/36ab0979449956132d3e5b517ea76ac8\",\"name\":\"Reda\u00e7\u00e3o\",\"image\":{\"@type\":\"ImageObject\",\"inLanguage\":\"pt-BR\",\"@id\":\"https:\\\/\\\/secure.gravatar.com\\\/avatar\\\/e0a867bdedb85fd243eadf09663511f96fc81e0720a4a42581f334ad4303aa6b?s=96&d=mm&r=g\",\"url\":\"https:\\\/\\\/secure.gravatar.com\\\/avatar\\\/e0a867bdedb85fd243eadf09663511f96fc81e0720a4a42581f334ad4303aa6b?s=96&d=mm&r=g\",\"contentUrl\":\"https:\\\/\\\/secure.gravatar.com\\\/avatar\\\/e0a867bdedb85fd243eadf09663511f96fc81e0720a4a42581f334ad4303aa6b?s=96&d=mm&r=g\",\"caption\":\"Reda\u00e7\u00e3o\"}}]}<\/script>\n<!-- \/ Yoast SEO plugin. -->","yoast_head_json":{"title":"Canela Seca ludibria delegado Jo\u00e3o do Bon\u00e9 e casal de fazendeiros - Notibras","robots":{"index":"index","follow":"follow","max-snippet":"max-snippet:-1","max-image-preview":"max-image-preview:large","max-video-preview":"max-video-preview:-1"},"canonical":"https:\/\/www.notibras.com\/site\/canela-seca-ludibria-delegado-joao-do-bone-e-casal-de-fazendeiros\/","og_locale":"pt_BR","og_type":"article","og_title":"Canela Seca ludibria delegado Jo\u00e3o do Bon\u00e9 e casal de fazendeiros - Notibras","og_description":"Canela Seca tinha pacto com o Jurupari. Se dizia que iria aprontar mais uma, mandava espalhar por toda a regi\u00e3o. Queria porque queria que o destemido delegado Jo\u00e3o do Bon\u00e9 tomasse as devidas provid\u00eancias para impedi-lo. Atrevido que nem macaco-prego, se era para roubar, que fosse debaixo do bigode do homem da lei. E foi [&hellip;]","og_url":"https:\/\/www.notibras.com\/site\/canela-seca-ludibria-delegado-joao-do-bone-e-casal-de-fazendeiros\/","og_site_name":"Notibras","article_publisher":"https:\/\/www.facebook.com\/notibras\/","article_published_time":"2024-03-27T10:36:45+00:00","article_modified_time":"2024-03-27T10:39:15+00:00","og_image":[{"width":320,"height":214,"url":"https:\/\/www.notibras.com\/site\/wp-content\/uploads\/2024\/03\/3cad9418-20b9-487f-81db-d66ec7418e37.jpeg","type":"image\/jpeg"}],"author":"Reda\u00e7\u00e3o","twitter_card":"summary_large_image","twitter_creator":"@Notibras","twitter_site":"@Notibras","twitter_misc":{"Escrito por":"Reda\u00e7\u00e3o","Est. tempo de leitura":"3 minutos"},"schema":{"@context":"https:\/\/schema.org","@graph":[{"@type":"Article","@id":"https:\/\/www.notibras.com\/site\/canela-seca-ludibria-delegado-joao-do-bone-e-casal-de-fazendeiros\/#article","isPartOf":{"@id":"https:\/\/www.notibras.com\/site\/canela-seca-ludibria-delegado-joao-do-bone-e-casal-de-fazendeiros\/"},"author":{"name":"Reda\u00e7\u00e3o","@id":"https:\/\/www.notibras.com\/site\/#\/schema\/person\/36ab0979449956132d3e5b517ea76ac8"},"headline":"Canela Seca ludibria delegado Jo\u00e3o do Bon\u00e9 e casal de fazendeiros","datePublished":"2024-03-27T10:36:45+00:00","dateModified":"2024-03-27T10:39:15+00:00","mainEntityOfPage":{"@id":"https:\/\/www.notibras.com\/site\/canela-seca-ludibria-delegado-joao-do-bone-e-casal-de-fazendeiros\/"},"wordCount":502,"publisher":{"@id":"https:\/\/www.notibras.com\/site\/#organization"},"image":{"@id":"https:\/\/www.notibras.com\/site\/canela-seca-ludibria-delegado-joao-do-bone-e-casal-de-fazendeiros\/#primaryimage"},"thumbnailUrl":"https:\/\/www.notibras.com\/site\/wp-content\/uploads\/2024\/03\/3cad9418-20b9-487f-81db-d66ec7418e37.jpeg","articleSection":["Quadradinho em Foco"],"inLanguage":"pt-BR"},{"@type":"WebPage","@id":"https:\/\/www.notibras.com\/site\/canela-seca-ludibria-delegado-joao-do-bone-e-casal-de-fazendeiros\/","url":"https:\/\/www.notibras.com\/site\/canela-seca-ludibria-delegado-joao-do-bone-e-casal-de-fazendeiros\/","name":"Canela Seca ludibria delegado Jo\u00e3o do Bon\u00e9 e casal de fazendeiros - Notibras","isPartOf":{"@id":"https:\/\/www.notibras.com\/site\/#website"},"primaryImageOfPage":{"@id":"https:\/\/www.notibras.com\/site\/canela-seca-ludibria-delegado-joao-do-bone-e-casal-de-fazendeiros\/#primaryimage"},"image":{"@id":"https:\/\/www.notibras.com\/site\/canela-seca-ludibria-delegado-joao-do-bone-e-casal-de-fazendeiros\/#primaryimage"},"thumbnailUrl":"https:\/\/www.notibras.com\/site\/wp-content\/uploads\/2024\/03\/3cad9418-20b9-487f-81db-d66ec7418e37.jpeg","datePublished":"2024-03-27T10:36:45+00:00","dateModified":"2024-03-27T10:39:15+00:00","breadcrumb":{"@id":"https:\/\/www.notibras.com\/site\/canela-seca-ludibria-delegado-joao-do-bone-e-casal-de-fazendeiros\/#breadcrumb"},"inLanguage":"pt-BR","potentialAction":[{"@type":"ReadAction","target":["https:\/\/www.notibras.com\/site\/canela-seca-ludibria-delegado-joao-do-bone-e-casal-de-fazendeiros\/"]}]},{"@type":"ImageObject","inLanguage":"pt-BR","@id":"https:\/\/www.notibras.com\/site\/canela-seca-ludibria-delegado-joao-do-bone-e-casal-de-fazendeiros\/#primaryimage","url":"https:\/\/www.notibras.com\/site\/wp-content\/uploads\/2024\/03\/3cad9418-20b9-487f-81db-d66ec7418e37.jpeg","contentUrl":"https:\/\/www.notibras.com\/site\/wp-content\/uploads\/2024\/03\/3cad9418-20b9-487f-81db-d66ec7418e37.jpeg","width":320,"height":214},{"@type":"BreadcrumbList","@id":"https:\/\/www.notibras.com\/site\/canela-seca-ludibria-delegado-joao-do-bone-e-casal-de-fazendeiros\/#breadcrumb","itemListElement":[{"@type":"ListItem","position":1,"name":"In\u00edcio","item":"https:\/\/www.notibras.com\/site\/"},{"@type":"ListItem","position":2,"name":"Canela Seca ludibria delegado Jo\u00e3o do Bon\u00e9 e casal de fazendeiros"}]},{"@type":"WebSite","@id":"https:\/\/www.notibras.com\/site\/#website","url":"https:\/\/www.notibras.com\/site\/","name":"Notibras","description":"Not\u00edcias de Bras\u00edlia, do Brasil e do Mundo","publisher":{"@id":"https:\/\/www.notibras.com\/site\/#organization"},"potentialAction":[{"@type":"SearchAction","target":{"@type":"EntryPoint","urlTemplate":"https:\/\/www.notibras.com\/site\/?s={search_term_string}"},"query-input":{"@type":"PropertyValueSpecification","valueRequired":true,"valueName":"search_term_string"}}],"inLanguage":"pt-BR"},{"@type":"Organization","@id":"https:\/\/www.notibras.com\/site\/#organization","name":"Grupo Notibras de Comunica\u00e7\u00e3o","url":"https:\/\/www.notibras.com\/site\/","logo":{"@type":"ImageObject","inLanguage":"pt-BR","@id":"https:\/\/www.notibras.com\/site\/#\/schema\/logo\/image\/","url":"https:\/\/www.notibras.com\/site\/wp-content\/uploads\/2023\/01\/notibras23.png","contentUrl":"https:\/\/www.notibras.com\/site\/wp-content\/uploads\/2023\/01\/notibras23.png","width":350,"height":87,"caption":"Grupo Notibras de Comunica\u00e7\u00e3o"},"image":{"@id":"https:\/\/www.notibras.com\/site\/#\/schema\/logo\/image\/"},"sameAs":["https:\/\/www.facebook.com\/notibras\/","https:\/\/x.com\/Notibras","https:\/\/www.instagram.com\/notibras\/"]},{"@type":"Person","@id":"https:\/\/www.notibras.com\/site\/#\/schema\/person\/36ab0979449956132d3e5b517ea76ac8","name":"Reda\u00e7\u00e3o","image":{"@type":"ImageObject","inLanguage":"pt-BR","@id":"https:\/\/secure.gravatar.com\/avatar\/e0a867bdedb85fd243eadf09663511f96fc81e0720a4a42581f334ad4303aa6b?s=96&d=mm&r=g","url":"https:\/\/secure.gravatar.com\/avatar\/e0a867bdedb85fd243eadf09663511f96fc81e0720a4a42581f334ad4303aa6b?s=96&d=mm&r=g","contentUrl":"https:\/\/secure.gravatar.com\/avatar\/e0a867bdedb85fd243eadf09663511f96fc81e0720a4a42581f334ad4303aa6b?s=96&d=mm&r=g","caption":"Reda\u00e7\u00e3o"}}]}},"amp_enabled":true,"_links":{"self":[{"href":"https:\/\/www.notibras.com\/site\/wp-json\/wp\/v2\/posts\/325485","targetHints":{"allow":["GET"]}}],"collection":[{"href":"https:\/\/www.notibras.com\/site\/wp-json\/wp\/v2\/posts"}],"about":[{"href":"https:\/\/www.notibras.com\/site\/wp-json\/wp\/v2\/types\/post"}],"author":[{"embeddable":true,"href":"https:\/\/www.notibras.com\/site\/wp-json\/wp\/v2\/users\/2"}],"replies":[{"embeddable":true,"href":"https:\/\/www.notibras.com\/site\/wp-json\/wp\/v2\/comments?post=325485"}],"version-history":[{"count":4,"href":"https:\/\/www.notibras.com\/site\/wp-json\/wp\/v2\/posts\/325485\/revisions"}],"predecessor-version":[{"id":325490,"href":"https:\/\/www.notibras.com\/site\/wp-json\/wp\/v2\/posts\/325485\/revisions\/325490"}],"wp:featuredmedia":[{"embeddable":true,"href":"https:\/\/www.notibras.com\/site\/wp-json\/wp\/v2\/media\/325486"}],"wp:attachment":[{"href":"https:\/\/www.notibras.com\/site\/wp-json\/wp\/v2\/media?parent=325485"}],"wp:term":[{"taxonomy":"category","embeddable":true,"href":"https:\/\/www.notibras.com\/site\/wp-json\/wp\/v2\/categories?post=325485"},{"taxonomy":"post_tag","embeddable":true,"href":"https:\/\/www.notibras.com\/site\/wp-json\/wp\/v2\/tags?post=325485"}],"curies":[{"name":"wp","href":"https:\/\/api.w.org\/{rel}","templated":true}]}}