{"id":325519,"date":"2024-03-27T00:00:40","date_gmt":"2024-03-27T03:00:40","guid":{"rendered":"https:\/\/www.notibras.com\/site\/?p=325519"},"modified":"2024-03-27T10:51:26","modified_gmt":"2024-03-27T13:51:26","slug":"salvador-tem-pior-taxa-de-homicidio-juvenil-entre-as-capitais","status":"publish","type":"post","link":"https:\/\/www.notibras.com\/site\/salvador-tem-pior-taxa-de-homicidio-juvenil-entre-as-capitais\/","title":{"rendered":"Salvador tem pior taxa de homic\u00eddio juvenil entre as capitais"},"content":{"rendered":"<p>Salvador tem a pior taxa de homic\u00eddio de jovens entre 15 e 29 anos de idade entre todas as capitais brasileiras, com 322,5 mortes a cada 100 mil habitantes. No outro extremo aparece S\u00e3o Paulo, onde morrem cerca de 7,76 jovens dessa faixa et\u00e1ria a cada grupo de 100 mil habitantes. Os dados, que mostram grande desigualdade entre as capitais brasileiras, est\u00e3o no Mapa da Desigualdade, que foi apresentado nesta ter\u00e7a-feira (26), em S\u00e3o Paulo, pelo Instituto Cidades Sustent\u00e1veis.<\/p>\n<p>Ao comentar os dados do Mapa da Desigualdade, o coordenador geral do Instituto Cidades Sustent\u00e1veis, Jorge Abrah\u00e3o, destacou a capital baiana, que enfrenta \u201cum problema grav\u00edssimo de repress\u00e3o policial\u201d. Segundo Abrah\u00e3o, o grau de letalidade policial \u00e9 muito grande no estado.<\/p>\n<p>\u201cMuitas vezes, a repress\u00e3o atinge jovens negros nas grandes cidades brasileiras.\u201d Abrah\u00e3o lembra que, para a Organiza\u00e7\u00e3o das Na\u00e7\u00f5es Unidas (ONU), uma cidade, ou um pa\u00eds, que tenha mais do que 10 mortes por 100 mil habitantes \u00e9 considerada uma cidade ou um pa\u00eds em guerra civil. \u201cIsso demonstra a gravidade desse problema no Brasil\u201d, ressaltou o coordenador do Instituto Cidades Sustent\u00e1veis.<\/p>\n<p>Al\u00e9m da pior coloca\u00e7\u00e3o entre as capitais brasileiras na quest\u00e3o dos homic\u00eddios juvenis, Salvador aparece na \u00faltima posi\u00e7\u00e3o quando se considera a popula\u00e7\u00e3o abaixo da linha da pobreza \u2013 11% dos habitantes da cidade baiana \u2013 e os n\u00fameros do desemprego. A taxa de desocupa\u00e7\u00e3o em Salvador \u00e9 de 16,7%. A menor \u00e9 a de Campo Grande: 3,4%.<\/p>\n<p>O Mapa da Desigualdade \u00e9 um trabalho in\u00e9dito, que compara 40 indicadores das 26 capitais brasileiras em temas como renda, sa\u00fade, educa\u00e7\u00e3o, habita\u00e7\u00e3o e saneamento. O estudo demonstra e refor\u00e7a a enorme desigualdade existente em todo o pa\u00eds, ressaltando que, mesmo as capitais com melhor desempenho nos 40 indicadores, n\u00e3o s\u00e3o modelos ideais para o pa\u00eds.<\/p>\n<p>\u201c\u00c9 importante dizer que esses dados n\u00e3o caracterizam a igualdade ou a desigualdade de uma cidade, mas mostram as diferen\u00e7as que existem entre as capitais brasileiras\u201d, enfatizou Abrah\u00e3o. Segundo ele, mesmo Curitiba tendo aparecido na primeira posi\u00e7\u00e3o no ranking de desempenho entre as capitais brasileiras, isso n\u00e3o significa dizer que seja uma \u201ccidade igualit\u00e1ria\u201d, nem \u00e9 garantia de que n\u00e3o haja desigualdade dentro das cidades.<\/p>\n<p><strong>Mulheres na pol\u00edtica<\/strong><br \/>\nO levantamento aponta ainda dificuldades comuns a todas as capitais brasileiras, como a representatividade feminina na pol\u00edtica. \u201cTemos 658 prefeitas no Brasil, o que d\u00e1 em torno de 12% do total de prefeituras do pa\u00eds [5.568 . Quando comparamos esse dado com 52% da popula\u00e7\u00e3o brasileira, que \u00e9 formada por mulheres, mostramos os desafios que temos de representa\u00e7\u00e3o pol\u00edtica no nosso pa\u00eds\u201d, disse Abrah\u00e3o.<\/p>\n<p>\u201cEste \u00e9 um retrato manipulado de uma democracia inacabada e falseada pela exclus\u00e3o sistem\u00e1tica das maiorias sociais do nosso pa\u00eds, inclusive do direito de participar das decis\u00f5es e da formula\u00e7\u00e3o de pol\u00edticas p\u00fablicas que impactam suas vidas\u201d, disse Michelle Ferreti, co-fundadora do Instituto Alziras.<\/p>\n<p>Michelle afirmou que as mulheres constituem o maior grupo populacional no pa\u00eds. \u201c\u00c9 o grupo mais pobre, com menor renda, mais desempregados e com acesso dificultado ao mundo do trabalho e ao mundo da pol\u00edtica\u201d, acrescentou.<\/p>\n<p>Segundo ela, esse dado que apresenta a representa\u00e7\u00e3o feminina na pol\u00edtica mostra \u201cum retrato de aus\u00eancias\u201d.<\/p>\n<p>\u201cSe olharmos para as c\u00e2maras de vereadores, j\u00e1 que este \u00e9 um ano de elei\u00e7\u00e3o, temos uma fotografia de aus\u00eancias. Estamos falando de apenas 16% de assentos ocupados por mulheres nas c\u00e2maras de vereadores do pa\u00eds. E, se olharmos para este mesmo dado com recorte racial, estamos falando de 6% de cadeiras ocupadas por mulheres negras em c\u00e2maras de vereadores\u201d, destacou Michelle.<\/p>\n<p><strong>Cidades mais justas<\/strong><br \/>\nO Mapa da Desigualdade entre as capitais brasileiras \u00e9 uma das a\u00e7\u00f5es do Programa de Fortalecimento da Sociedade Civil e dos governos locais para a promo\u00e7\u00e3o e constru\u00e7\u00e3o de cidades mais justas, igualit\u00e1rias, democr\u00e1ticas e sustent\u00e1veis no Brasil, que tamb\u00e9m foi lan\u00e7ado na tarde de hoje. Esse programa tem como base os Objetivos de Desenvolvimento Sustent\u00e1vel (ODS), que s\u00e3o metas globais que integram a Agenda 2030, um pacto firmado por 193 pa\u00edses-membros da Organiza\u00e7\u00e3o das Na\u00e7\u00f5es Unidas (ONU).<\/p>\n<p>\u201cO projeto foi constru\u00eddo a v\u00e1rias m\u00e3os no \u00e2mbito da Rede de Estrat\u00e9gia ODS, uma coaliz\u00e3o que re\u00fane sociedade civil organizada, setor privado, governos subnacionais, governos locais e entidades municipalistas\u201d, explicou a coordenadora das Cidades Sustent\u00e1veis, Zuleica Goulart. A iniciativa do Instituto Cidades Sustent\u00e1veis e \u00e9 parte de um projeto de tr\u00eas anos, que tem como objetivo geral promover o desenvolvimento econ\u00f4mico, equitativo, sustent\u00e1vel, participativo e inclusivo no Brasil, explicou.<\/p>\n<p>O programa visa elaborar e construir ferramentas e metodologias para atua\u00e7\u00e3o nos munic\u00edpios brasileiros, ajudando o pa\u00eds a cumprir essas metas globais. \u201cCom o projeto, a gente espera incidir tanto na articula\u00e7\u00e3o pol\u00edtica quanto qualificar esse debate. Queremos atuar tamb\u00e9m na parte de amplia\u00e7\u00e3o das capacidades t\u00e9cnicas dos munic\u00edpios\u201d, explicou Amanda Vieira, representante da Frente Nacional de Prefeitos e Prefeitas (FNP).<\/p>\n","protected":false},"excerpt":{"rendered":"<p>Salvador tem a pior taxa de homic\u00eddio de jovens entre 15 e 29 anos de idade entre todas as capitais brasileiras, com 322,5 mortes a cada 100 mil habitantes. No outro extremo aparece S\u00e3o Paulo, onde morrem cerca de 7,76 jovens dessa faixa et\u00e1ria a cada grupo de 100 mil habitantes. Os dados, que mostram [&hellip;]<\/p>\n","protected":false},"author":2,"featured_media":325520,"comment_status":"closed","ping_status":"closed","sticky":false,"template":"","format":"standard","meta":{"_acf_changed":false,"footnotes":""},"categories":[167,165],"tags":[],"class_list":["post-325519","post","type-post","status-publish","format-standard","has-post-thumbnail","hentry","category-bahia","category-nordeste"],"acf":[],"yoast_head":"<!-- This site is optimized with the Yoast SEO plugin v27.2 - https:\/\/yoast.com\/product\/yoast-seo-wordpress\/ -->\n<title>Salvador tem pior taxa de homic\u00eddio juvenil entre as capitais - Notibras<\/title>\n<meta name=\"robots\" content=\"index, follow, max-snippet:-1, max-image-preview:large, max-video-preview:-1\" \/>\n<link rel=\"canonical\" href=\"https:\/\/www.notibras.com\/site\/salvador-tem-pior-taxa-de-homicidio-juvenil-entre-as-capitais\/\" \/>\n<meta property=\"og:locale\" content=\"pt_BR\" \/>\n<meta property=\"og:type\" content=\"article\" \/>\n<meta property=\"og:title\" content=\"Salvador tem pior taxa de homic\u00eddio juvenil entre as capitais - Notibras\" \/>\n<meta property=\"og:description\" content=\"Salvador tem a pior taxa de homic\u00eddio de jovens entre 15 e 29 anos de idade entre todas as capitais brasileiras, com 322,5 mortes a cada 100 mil habitantes. No outro extremo aparece S\u00e3o Paulo, onde morrem cerca de 7,76 jovens dessa faixa et\u00e1ria a cada grupo de 100 mil habitantes. Os dados, que mostram [&hellip;]\" \/>\n<meta property=\"og:url\" content=\"https:\/\/www.notibras.com\/site\/salvador-tem-pior-taxa-de-homicidio-juvenil-entre-as-capitais\/\" \/>\n<meta property=\"og:site_name\" content=\"Notibras\" \/>\n<meta property=\"article:publisher\" content=\"https:\/\/www.facebook.com\/notibras\/\" \/>\n<meta property=\"article:published_time\" content=\"2024-03-27T03:00:40+00:00\" \/>\n<meta property=\"article:modified_time\" content=\"2024-03-27T13:51:26+00:00\" \/>\n<meta property=\"og:image\" content=\"https:\/\/www.notibras.com\/site\/wp-content\/uploads\/2024\/03\/slva.mortes.webp\" \/>\n\t<meta property=\"og:image:width\" content=\"1170\" \/>\n\t<meta property=\"og:image:height\" content=\"700\" \/>\n\t<meta property=\"og:image:type\" content=\"image\/webp\" \/>\n<meta name=\"author\" content=\"Reda\u00e7\u00e3o\" \/>\n<meta name=\"twitter:card\" content=\"summary_large_image\" \/>\n<meta name=\"twitter:creator\" content=\"@Notibras\" \/>\n<meta name=\"twitter:site\" content=\"@Notibras\" \/>\n<meta name=\"twitter:label1\" content=\"Escrito por\" \/>\n\t<meta name=\"twitter:data1\" content=\"Reda\u00e7\u00e3o\" \/>\n\t<meta name=\"twitter:label2\" content=\"Est. tempo de leitura\" \/>\n\t<meta name=\"twitter:data2\" content=\"5 minutos\" \/>\n<script type=\"application\/ld+json\" class=\"yoast-schema-graph\">{\"@context\":\"https:\/\/schema.org\",\"@graph\":[{\"@type\":\"Article\",\"@id\":\"https:\/\/www.notibras.com\/site\/salvador-tem-pior-taxa-de-homicidio-juvenil-entre-as-capitais\/#article\",\"isPartOf\":{\"@id\":\"https:\/\/www.notibras.com\/site\/salvador-tem-pior-taxa-de-homicidio-juvenil-entre-as-capitais\/\"},\"author\":{\"name\":\"Reda\u00e7\u00e3o\",\"@id\":\"https:\/\/www.notibras.com\/site\/#\/schema\/person\/36ab0979449956132d3e5b517ea76ac8\"},\"headline\":\"Salvador tem pior taxa de homic\u00eddio juvenil entre as capitais\",\"datePublished\":\"2024-03-27T03:00:40+00:00\",\"dateModified\":\"2024-03-27T13:51:26+00:00\",\"mainEntityOfPage\":{\"@id\":\"https:\/\/www.notibras.com\/site\/salvador-tem-pior-taxa-de-homicidio-juvenil-entre-as-capitais\/\"},\"wordCount\":872,\"publisher\":{\"@id\":\"https:\/\/www.notibras.com\/site\/#organization\"},\"image\":{\"@id\":\"https:\/\/www.notibras.com\/site\/salvador-tem-pior-taxa-de-homicidio-juvenil-entre-as-capitais\/#primaryimage\"},\"thumbnailUrl\":\"https:\/\/www.notibras.com\/site\/wp-content\/uploads\/2024\/03\/slva.mortes.webp\",\"articleSection\":[\"Bahia\",\"Nordeste\"],\"inLanguage\":\"pt-BR\"},{\"@type\":\"WebPage\",\"@id\":\"https:\/\/www.notibras.com\/site\/salvador-tem-pior-taxa-de-homicidio-juvenil-entre-as-capitais\/\",\"url\":\"https:\/\/www.notibras.com\/site\/salvador-tem-pior-taxa-de-homicidio-juvenil-entre-as-capitais\/\",\"name\":\"Salvador tem pior taxa de homic\u00eddio juvenil entre as capitais - Notibras\",\"isPartOf\":{\"@id\":\"https:\/\/www.notibras.com\/site\/#website\"},\"primaryImageOfPage\":{\"@id\":\"https:\/\/www.notibras.com\/site\/salvador-tem-pior-taxa-de-homicidio-juvenil-entre-as-capitais\/#primaryimage\"},\"image\":{\"@id\":\"https:\/\/www.notibras.com\/site\/salvador-tem-pior-taxa-de-homicidio-juvenil-entre-as-capitais\/#primaryimage\"},\"thumbnailUrl\":\"https:\/\/www.notibras.com\/site\/wp-content\/uploads\/2024\/03\/slva.mortes.webp\",\"datePublished\":\"2024-03-27T03:00:40+00:00\",\"dateModified\":\"2024-03-27T13:51:26+00:00\",\"breadcrumb\":{\"@id\":\"https:\/\/www.notibras.com\/site\/salvador-tem-pior-taxa-de-homicidio-juvenil-entre-as-capitais\/#breadcrumb\"},\"inLanguage\":\"pt-BR\",\"potentialAction\":[{\"@type\":\"ReadAction\",\"target\":[\"https:\/\/www.notibras.com\/site\/salvador-tem-pior-taxa-de-homicidio-juvenil-entre-as-capitais\/\"]}]},{\"@type\":\"ImageObject\",\"inLanguage\":\"pt-BR\",\"@id\":\"https:\/\/www.notibras.com\/site\/salvador-tem-pior-taxa-de-homicidio-juvenil-entre-as-capitais\/#primaryimage\",\"url\":\"https:\/\/www.notibras.com\/site\/wp-content\/uploads\/2024\/03\/slva.mortes.webp\",\"contentUrl\":\"https:\/\/www.notibras.com\/site\/wp-content\/uploads\/2024\/03\/slva.mortes.webp\",\"width\":1170,\"height\":700},{\"@type\":\"BreadcrumbList\",\"@id\":\"https:\/\/www.notibras.com\/site\/salvador-tem-pior-taxa-de-homicidio-juvenil-entre-as-capitais\/#breadcrumb\",\"itemListElement\":[{\"@type\":\"ListItem\",\"position\":1,\"name\":\"In\u00edcio\",\"item\":\"https:\/\/www.notibras.com\/site\/\"},{\"@type\":\"ListItem\",\"position\":2,\"name\":\"Salvador tem pior taxa de homic\u00eddio juvenil entre as capitais\"}]},{\"@type\":\"WebSite\",\"@id\":\"https:\/\/www.notibras.com\/site\/#website\",\"url\":\"https:\/\/www.notibras.com\/site\/\",\"name\":\"Notibras\",\"description\":\"Not\u00edcias de Bras\u00edlia, do Brasil e do Mundo\",\"publisher\":{\"@id\":\"https:\/\/www.notibras.com\/site\/#organization\"},\"potentialAction\":[{\"@type\":\"SearchAction\",\"target\":{\"@type\":\"EntryPoint\",\"urlTemplate\":\"https:\/\/www.notibras.com\/site\/?s={search_term_string}\"},\"query-input\":{\"@type\":\"PropertyValueSpecification\",\"valueRequired\":true,\"valueName\":\"search_term_string\"}}],\"inLanguage\":\"pt-BR\"},{\"@type\":\"Organization\",\"@id\":\"https:\/\/www.notibras.com\/site\/#organization\",\"name\":\"Grupo Notibras de Comunica\u00e7\u00e3o\",\"url\":\"https:\/\/www.notibras.com\/site\/\",\"logo\":{\"@type\":\"ImageObject\",\"inLanguage\":\"pt-BR\",\"@id\":\"https:\/\/www.notibras.com\/site\/#\/schema\/logo\/image\/\",\"url\":\"https:\/\/www.notibras.com\/site\/wp-content\/uploads\/2023\/01\/notibras23.png\",\"contentUrl\":\"https:\/\/www.notibras.com\/site\/wp-content\/uploads\/2023\/01\/notibras23.png\",\"width\":350,\"height\":87,\"caption\":\"Grupo Notibras de Comunica\u00e7\u00e3o\"},\"image\":{\"@id\":\"https:\/\/www.notibras.com\/site\/#\/schema\/logo\/image\/\"},\"sameAs\":[\"https:\/\/www.facebook.com\/notibras\/\",\"https:\/\/x.com\/Notibras\",\"https:\/\/www.instagram.com\/notibras\/\"]},{\"@type\":\"Person\",\"@id\":\"https:\/\/www.notibras.com\/site\/#\/schema\/person\/36ab0979449956132d3e5b517ea76ac8\",\"name\":\"Reda\u00e7\u00e3o\",\"image\":{\"@type\":\"ImageObject\",\"inLanguage\":\"pt-BR\",\"@id\":\"https:\/\/secure.gravatar.com\/avatar\/e0a867bdedb85fd243eadf09663511f96fc81e0720a4a42581f334ad4303aa6b?s=96&d=mm&r=g\",\"url\":\"https:\/\/secure.gravatar.com\/avatar\/e0a867bdedb85fd243eadf09663511f96fc81e0720a4a42581f334ad4303aa6b?s=96&d=mm&r=g\",\"contentUrl\":\"https:\/\/secure.gravatar.com\/avatar\/e0a867bdedb85fd243eadf09663511f96fc81e0720a4a42581f334ad4303aa6b?s=96&d=mm&r=g\",\"caption\":\"Reda\u00e7\u00e3o\"}}]}<\/script>\n<!-- \/ Yoast SEO plugin. -->","yoast_head_json":{"title":"Salvador tem pior taxa de homic\u00eddio juvenil entre as capitais - Notibras","robots":{"index":"index","follow":"follow","max-snippet":"max-snippet:-1","max-image-preview":"max-image-preview:large","max-video-preview":"max-video-preview:-1"},"canonical":"https:\/\/www.notibras.com\/site\/salvador-tem-pior-taxa-de-homicidio-juvenil-entre-as-capitais\/","og_locale":"pt_BR","og_type":"article","og_title":"Salvador tem pior taxa de homic\u00eddio juvenil entre as capitais - Notibras","og_description":"Salvador tem a pior taxa de homic\u00eddio de jovens entre 15 e 29 anos de idade entre todas as capitais brasileiras, com 322,5 mortes a cada 100 mil habitantes. No outro extremo aparece S\u00e3o Paulo, onde morrem cerca de 7,76 jovens dessa faixa et\u00e1ria a cada grupo de 100 mil habitantes. Os dados, que mostram [&hellip;]","og_url":"https:\/\/www.notibras.com\/site\/salvador-tem-pior-taxa-de-homicidio-juvenil-entre-as-capitais\/","og_site_name":"Notibras","article_publisher":"https:\/\/www.facebook.com\/notibras\/","article_published_time":"2024-03-27T03:00:40+00:00","article_modified_time":"2024-03-27T13:51:26+00:00","og_image":[{"width":1170,"height":700,"url":"https:\/\/www.notibras.com\/site\/wp-content\/uploads\/2024\/03\/slva.mortes.webp","type":"image\/webp"}],"author":"Reda\u00e7\u00e3o","twitter_card":"summary_large_image","twitter_creator":"@Notibras","twitter_site":"@Notibras","twitter_misc":{"Escrito por":"Reda\u00e7\u00e3o","Est. tempo de leitura":"5 minutos"},"schema":{"@context":"https:\/\/schema.org","@graph":[{"@type":"Article","@id":"https:\/\/www.notibras.com\/site\/salvador-tem-pior-taxa-de-homicidio-juvenil-entre-as-capitais\/#article","isPartOf":{"@id":"https:\/\/www.notibras.com\/site\/salvador-tem-pior-taxa-de-homicidio-juvenil-entre-as-capitais\/"},"author":{"name":"Reda\u00e7\u00e3o","@id":"https:\/\/www.notibras.com\/site\/#\/schema\/person\/36ab0979449956132d3e5b517ea76ac8"},"headline":"Salvador tem pior taxa de homic\u00eddio juvenil entre as capitais","datePublished":"2024-03-27T03:00:40+00:00","dateModified":"2024-03-27T13:51:26+00:00","mainEntityOfPage":{"@id":"https:\/\/www.notibras.com\/site\/salvador-tem-pior-taxa-de-homicidio-juvenil-entre-as-capitais\/"},"wordCount":872,"publisher":{"@id":"https:\/\/www.notibras.com\/site\/#organization"},"image":{"@id":"https:\/\/www.notibras.com\/site\/salvador-tem-pior-taxa-de-homicidio-juvenil-entre-as-capitais\/#primaryimage"},"thumbnailUrl":"https:\/\/www.notibras.com\/site\/wp-content\/uploads\/2024\/03\/slva.mortes.webp","articleSection":["Bahia","Nordeste"],"inLanguage":"pt-BR"},{"@type":"WebPage","@id":"https:\/\/www.notibras.com\/site\/salvador-tem-pior-taxa-de-homicidio-juvenil-entre-as-capitais\/","url":"https:\/\/www.notibras.com\/site\/salvador-tem-pior-taxa-de-homicidio-juvenil-entre-as-capitais\/","name":"Salvador tem pior taxa de homic\u00eddio juvenil entre as capitais - Notibras","isPartOf":{"@id":"https:\/\/www.notibras.com\/site\/#website"},"primaryImageOfPage":{"@id":"https:\/\/www.notibras.com\/site\/salvador-tem-pior-taxa-de-homicidio-juvenil-entre-as-capitais\/#primaryimage"},"image":{"@id":"https:\/\/www.notibras.com\/site\/salvador-tem-pior-taxa-de-homicidio-juvenil-entre-as-capitais\/#primaryimage"},"thumbnailUrl":"https:\/\/www.notibras.com\/site\/wp-content\/uploads\/2024\/03\/slva.mortes.webp","datePublished":"2024-03-27T03:00:40+00:00","dateModified":"2024-03-27T13:51:26+00:00","breadcrumb":{"@id":"https:\/\/www.notibras.com\/site\/salvador-tem-pior-taxa-de-homicidio-juvenil-entre-as-capitais\/#breadcrumb"},"inLanguage":"pt-BR","potentialAction":[{"@type":"ReadAction","target":["https:\/\/www.notibras.com\/site\/salvador-tem-pior-taxa-de-homicidio-juvenil-entre-as-capitais\/"]}]},{"@type":"ImageObject","inLanguage":"pt-BR","@id":"https:\/\/www.notibras.com\/site\/salvador-tem-pior-taxa-de-homicidio-juvenil-entre-as-capitais\/#primaryimage","url":"https:\/\/www.notibras.com\/site\/wp-content\/uploads\/2024\/03\/slva.mortes.webp","contentUrl":"https:\/\/www.notibras.com\/site\/wp-content\/uploads\/2024\/03\/slva.mortes.webp","width":1170,"height":700},{"@type":"BreadcrumbList","@id":"https:\/\/www.notibras.com\/site\/salvador-tem-pior-taxa-de-homicidio-juvenil-entre-as-capitais\/#breadcrumb","itemListElement":[{"@type":"ListItem","position":1,"name":"In\u00edcio","item":"https:\/\/www.notibras.com\/site\/"},{"@type":"ListItem","position":2,"name":"Salvador tem pior taxa de homic\u00eddio juvenil entre as capitais"}]},{"@type":"WebSite","@id":"https:\/\/www.notibras.com\/site\/#website","url":"https:\/\/www.notibras.com\/site\/","name":"Notibras","description":"Not\u00edcias de Bras\u00edlia, do Brasil e do Mundo","publisher":{"@id":"https:\/\/www.notibras.com\/site\/#organization"},"potentialAction":[{"@type":"SearchAction","target":{"@type":"EntryPoint","urlTemplate":"https:\/\/www.notibras.com\/site\/?s={search_term_string}"},"query-input":{"@type":"PropertyValueSpecification","valueRequired":true,"valueName":"search_term_string"}}],"inLanguage":"pt-BR"},{"@type":"Organization","@id":"https:\/\/www.notibras.com\/site\/#organization","name":"Grupo Notibras de Comunica\u00e7\u00e3o","url":"https:\/\/www.notibras.com\/site\/","logo":{"@type":"ImageObject","inLanguage":"pt-BR","@id":"https:\/\/www.notibras.com\/site\/#\/schema\/logo\/image\/","url":"https:\/\/www.notibras.com\/site\/wp-content\/uploads\/2023\/01\/notibras23.png","contentUrl":"https:\/\/www.notibras.com\/site\/wp-content\/uploads\/2023\/01\/notibras23.png","width":350,"height":87,"caption":"Grupo Notibras de Comunica\u00e7\u00e3o"},"image":{"@id":"https:\/\/www.notibras.com\/site\/#\/schema\/logo\/image\/"},"sameAs":["https:\/\/www.facebook.com\/notibras\/","https:\/\/x.com\/Notibras","https:\/\/www.instagram.com\/notibras\/"]},{"@type":"Person","@id":"https:\/\/www.notibras.com\/site\/#\/schema\/person\/36ab0979449956132d3e5b517ea76ac8","name":"Reda\u00e7\u00e3o","image":{"@type":"ImageObject","inLanguage":"pt-BR","@id":"https:\/\/secure.gravatar.com\/avatar\/e0a867bdedb85fd243eadf09663511f96fc81e0720a4a42581f334ad4303aa6b?s=96&d=mm&r=g","url":"https:\/\/secure.gravatar.com\/avatar\/e0a867bdedb85fd243eadf09663511f96fc81e0720a4a42581f334ad4303aa6b?s=96&d=mm&r=g","contentUrl":"https:\/\/secure.gravatar.com\/avatar\/e0a867bdedb85fd243eadf09663511f96fc81e0720a4a42581f334ad4303aa6b?s=96&d=mm&r=g","caption":"Reda\u00e7\u00e3o"}}]}},"amp_enabled":true,"_links":{"self":[{"href":"https:\/\/www.notibras.com\/site\/wp-json\/wp\/v2\/posts\/325519","targetHints":{"allow":["GET"]}}],"collection":[{"href":"https:\/\/www.notibras.com\/site\/wp-json\/wp\/v2\/posts"}],"about":[{"href":"https:\/\/www.notibras.com\/site\/wp-json\/wp\/v2\/types\/post"}],"author":[{"embeddable":true,"href":"https:\/\/www.notibras.com\/site\/wp-json\/wp\/v2\/users\/2"}],"replies":[{"embeddable":true,"href":"https:\/\/www.notibras.com\/site\/wp-json\/wp\/v2\/comments?post=325519"}],"version-history":[{"count":1,"href":"https:\/\/www.notibras.com\/site\/wp-json\/wp\/v2\/posts\/325519\/revisions"}],"predecessor-version":[{"id":325521,"href":"https:\/\/www.notibras.com\/site\/wp-json\/wp\/v2\/posts\/325519\/revisions\/325521"}],"wp:featuredmedia":[{"embeddable":true,"href":"https:\/\/www.notibras.com\/site\/wp-json\/wp\/v2\/media\/325520"}],"wp:attachment":[{"href":"https:\/\/www.notibras.com\/site\/wp-json\/wp\/v2\/media?parent=325519"}],"wp:term":[{"taxonomy":"category","embeddable":true,"href":"https:\/\/www.notibras.com\/site\/wp-json\/wp\/v2\/categories?post=325519"},{"taxonomy":"post_tag","embeddable":true,"href":"https:\/\/www.notibras.com\/site\/wp-json\/wp\/v2\/tags?post=325519"}],"curies":[{"name":"wp","href":"https:\/\/api.w.org\/{rel}","templated":true}]}}