{"id":325525,"date":"2024-03-27T00:00:37","date_gmt":"2024-03-27T03:00:37","guid":{"rendered":"https:\/\/www.notibras.com\/site\/?p=325525"},"modified":"2024-03-27T11:09:07","modified_gmt":"2024-03-27T14:09:07","slug":"prorrogado-prazo-para-pagamento-de-taxa-de-concurso-da-caixa","status":"publish","type":"post","link":"https:\/\/www.notibras.com\/site\/prorrogado-prazo-para-pagamento-de-taxa-de-concurso-da-caixa\/","title":{"rendered":"Prorrogado prazo para pagamento de taxa de concurso da Caixa"},"content":{"rendered":"<p>Os inscritos no concurso p\u00fablico da Caixa Econ\u00f4mica Federal (CEF) poder\u00e3o pagar o boleto da taxa de inscri\u00e7\u00e3o at\u00e9 5 de abril. A prorroga\u00e7\u00e3o da data limite foi anunciada pela banca organizadora do certame, a Funda\u00e7\u00e3o Cesgranrio. A data determinada inicialmente era 27 de mar\u00e7o.<\/p>\n<p>Os valores das taxas variam de acordo com o cargo inscrito. As taxas de inscri\u00e7\u00e3o custam R$ 50, para posi\u00e7\u00f5es de n\u00edvel m\u00e9dio, e R$ 65 para as de n\u00edvel superior.<\/p>\n<p>Os candidatos que solicitaram isen\u00e7\u00e3o total de pagamento do valor de inscri\u00e7\u00e3o, mas tiveram o pedido negado em definitivo em 21 de mar\u00e7o, devem, igualmente, realizar o pagamento integral at\u00e9 a nova data de vencimento (5 de abril).<\/p>\n<p>O pagamento do valor de inscri\u00e7\u00e3o at\u00e9 a data de vencimento pode ser feito por boleto banc\u00e1rio, por PIX pelo QR Code gerado no ato de inscri\u00e7\u00e3o ou em qualquer banco, respeitando o hor\u00e1rio de funcionamento das ag\u00eancias e dos correspondentes banc\u00e1rios.<\/p>\n<p>A inscri\u00e7\u00e3o s\u00f3 ser\u00e1 validada ap\u00f3s a confirma\u00e7\u00e3o do pagamento at\u00e9 a data do vencimento. O pagamento n\u00e3o realizado ou ap\u00f3s a data de vencimento implicar\u00e1 no cancelamento da inscri\u00e7\u00e3o.<\/p>\n<p><strong>Fim das inscri\u00e7\u00f5es<\/strong><br \/>\nO per\u00edodo de inscri\u00e7\u00e3o para o concurso terminou \u00e0s 23h59 desta segunda-feira (25). Em resposta \u00e0 Ag\u00eancia Brasil, a Caixa disse ainda n\u00e3o tem a confirma\u00e7\u00e3o do n\u00famero do total de inscritos.<\/p>\n<p>No \u00faltimo balan\u00e7o divulgado pela institui\u00e7\u00e3o, em 20 de mar\u00e7o, mais de 1,3 milh\u00e3o de candidatos de todo o pa\u00eds tinham se inscrito no concurso que oferece mais de 4 mil vagas, incluindo cadastro reserva.<\/p>\n<p>Naquele momento, a maior procura era pelo cargo de T\u00e9cnico Banc\u00e1rio Novo (TBN), que d\u00e1 acesso \u00e0 carreira geral no banco, com 1,016 milh\u00e3o de inscri\u00e7\u00f5es e 533,2 mil confirma\u00e7\u00f5es (pagantes e isentos).<\/p>\n<p><strong>Concurso<\/strong><br \/>\nConforme edital, entre vagas e cadastro de reserva, o banco oferece neste concurso 2 mil vagas de n\u00edvel m\u00e9dio para T\u00e9cnico Banc\u00e1rio Novo (TBN), 2 mil vagas de t\u00e9cnico na \u00e1rea de Tecnologia da Informa\u00e7\u00e3o (TI). Al\u00e9m destas, h\u00e1 50 vagas de n\u00edvel superior, sendo 28 para m\u00e9dicos do trabalho e 22 para engenheiros de seguran\u00e7a do trabalho.<\/p>\n<p>Para os cargos de n\u00edvel m\u00e9dio, a remunera\u00e7\u00e3o inicial \u00e9 R$ 3.762, mais benef\u00edcios. J\u00e1 o concurso para as carreiras profissionais de m\u00e9dico do trabalho e de engenheiro de seguran\u00e7a do trabalho \u00e9 de n\u00edvel superior, a remunera\u00e7\u00e3o inicial de R$ 11.186 e R$ 14.915, respectivamente, al\u00e9m dos mais benef\u00edcios, como plano de sa\u00fade, Previd\u00eancia Complementar, aux\u00edlio alimenta\u00e7\u00e3o, vale transporte, aux\u00edlio creche e participa\u00e7\u00e3o nos lucros.<\/p>\n<p>De acordo com o cronograma, os candidatos solicitantes de atendimento especial e de uso de nome social para concorrer \u00e0 vaga poder\u00e3o consultar se o pedido foi aceito na pr\u00f3xima segunda-feira (1\u00ba de abril).<\/p>\n<p>As provas ser\u00e3o aplicadas em 26 de maio, um domingo. Os exames ter\u00e3o quest\u00f5es de conhecimentos gerais e espec\u00edficos, al\u00e9m de reda\u00e7\u00e3o, para cargos t\u00e9cnicos, e prova discursiva, para n\u00edvel superior.<\/p>\n<p>Os aprovados ser\u00e3o convocados a partir de agosto de 2024, para apresentarem a documenta\u00e7\u00e3o e realizarem os exames m\u00e9dicos obrigat\u00f3rios. Acesse o cronograma do concurso p\u00fablico.<\/p>\n<p>Os editais de n\u00edvel m\u00e9dio e de n\u00edvel superior do novo concurso para a Caixa Econ\u00f4mica Federal est\u00e3o dispon\u00edveis no site da Funda\u00e7\u00e3o Cesgranrio espec\u00edfico para o concurso p\u00fablico da Caixa.<\/p>\n","protected":false},"excerpt":{"rendered":"<p>Os inscritos no concurso p\u00fablico da Caixa Econ\u00f4mica Federal (CEF) poder\u00e3o pagar o boleto da taxa de inscri\u00e7\u00e3o at\u00e9 5 de abril. A prorroga\u00e7\u00e3o da data limite foi anunciada pela banca organizadora do certame, a Funda\u00e7\u00e3o Cesgranrio. A data determinada inicialmente era 27 de mar\u00e7o. Os valores das taxas variam de acordo com o cargo [&hellip;]<\/p>\n","protected":false},"author":2,"featured_media":325526,"comment_status":"closed","ping_status":"closed","sticky":false,"template":"","format":"standard","meta":{"_acf_changed":false,"footnotes":""},"categories":[161],"tags":[],"class_list":["post-325525","post","type-post","status-publish","format-standard","has-post-thumbnail","hentry","category-quadradinho-em-foco"],"acf":[],"yoast_head":"<!-- This site is optimized with the Yoast SEO plugin v27.5 - https:\/\/yoast.com\/product\/yoast-seo-wordpress\/ -->\n<title>Prorrogado prazo para pagamento de taxa de concurso da Caixa - Notibras<\/title>\n<meta name=\"robots\" content=\"index, follow, max-snippet:-1, max-image-preview:large, max-video-preview:-1\" \/>\n<link rel=\"canonical\" href=\"https:\/\/www.notibras.com\/site\/prorrogado-prazo-para-pagamento-de-taxa-de-concurso-da-caixa\/\" \/>\n<meta property=\"og:locale\" content=\"pt_BR\" \/>\n<meta property=\"og:type\" content=\"article\" \/>\n<meta property=\"og:title\" content=\"Prorrogado prazo para pagamento de taxa de concurso da Caixa - Notibras\" \/>\n<meta property=\"og:description\" content=\"Os inscritos no concurso p\u00fablico da Caixa Econ\u00f4mica Federal (CEF) poder\u00e3o pagar o boleto da taxa de inscri\u00e7\u00e3o at\u00e9 5 de abril. A prorroga\u00e7\u00e3o da data limite foi anunciada pela banca organizadora do certame, a Funda\u00e7\u00e3o Cesgranrio. A data determinada inicialmente era 27 de mar\u00e7o. Os valores das taxas variam de acordo com o cargo [&hellip;]\" \/>\n<meta property=\"og:url\" content=\"https:\/\/www.notibras.com\/site\/prorrogado-prazo-para-pagamento-de-taxa-de-concurso-da-caixa\/\" \/>\n<meta property=\"og:site_name\" content=\"Notibras\" \/>\n<meta property=\"article:publisher\" content=\"https:\/\/www.facebook.com\/notibras\/\" \/>\n<meta property=\"article:published_time\" content=\"2024-03-27T03:00:37+00:00\" \/>\n<meta property=\"article:modified_time\" content=\"2024-03-27T14:09:07+00:00\" \/>\n<meta property=\"og:image\" content=\"https:\/\/www.notibras.com\/site\/wp-content\/uploads\/2024\/03\/cefcon.webp\" \/>\n\t<meta property=\"og:image:width\" content=\"1170\" \/>\n\t<meta property=\"og:image:height\" content=\"700\" \/>\n\t<meta property=\"og:image:type\" content=\"image\/webp\" \/>\n<meta name=\"author\" content=\"Reda\u00e7\u00e3o\" \/>\n<meta name=\"twitter:card\" content=\"summary_large_image\" \/>\n<meta name=\"twitter:creator\" content=\"@Notibras\" \/>\n<meta name=\"twitter:site\" content=\"@Notibras\" \/>\n<meta name=\"twitter:label1\" content=\"Escrito por\" \/>\n\t<meta name=\"twitter:data1\" content=\"Reda\u00e7\u00e3o\" \/>\n\t<meta name=\"twitter:label2\" content=\"Est. tempo de leitura\" \/>\n\t<meta name=\"twitter:data2\" content=\"4 minutos\" \/>\n<script type=\"application\/ld+json\" class=\"yoast-schema-graph\">{\"@context\":\"https:\\\/\\\/schema.org\",\"@graph\":[{\"@type\":\"Article\",\"@id\":\"https:\\\/\\\/www.notibras.com\\\/site\\\/prorrogado-prazo-para-pagamento-de-taxa-de-concurso-da-caixa\\\/#article\",\"isPartOf\":{\"@id\":\"https:\\\/\\\/www.notibras.com\\\/site\\\/prorrogado-prazo-para-pagamento-de-taxa-de-concurso-da-caixa\\\/\"},\"author\":{\"name\":\"Reda\u00e7\u00e3o\",\"@id\":\"https:\\\/\\\/www.notibras.com\\\/site\\\/#\\\/schema\\\/person\\\/36ab0979449956132d3e5b517ea76ac8\"},\"headline\":\"Prorrogado prazo para pagamento de taxa de concurso da Caixa\",\"datePublished\":\"2024-03-27T03:00:37+00:00\",\"dateModified\":\"2024-03-27T14:09:07+00:00\",\"mainEntityOfPage\":{\"@id\":\"https:\\\/\\\/www.notibras.com\\\/site\\\/prorrogado-prazo-para-pagamento-de-taxa-de-concurso-da-caixa\\\/\"},\"wordCount\":612,\"publisher\":{\"@id\":\"https:\\\/\\\/www.notibras.com\\\/site\\\/#organization\"},\"image\":{\"@id\":\"https:\\\/\\\/www.notibras.com\\\/site\\\/prorrogado-prazo-para-pagamento-de-taxa-de-concurso-da-caixa\\\/#primaryimage\"},\"thumbnailUrl\":\"https:\\\/\\\/www.notibras.com\\\/site\\\/wp-content\\\/uploads\\\/2024\\\/03\\\/cefcon.webp\",\"articleSection\":[\"Quadradinho em Foco\"],\"inLanguage\":\"pt-BR\"},{\"@type\":\"WebPage\",\"@id\":\"https:\\\/\\\/www.notibras.com\\\/site\\\/prorrogado-prazo-para-pagamento-de-taxa-de-concurso-da-caixa\\\/\",\"url\":\"https:\\\/\\\/www.notibras.com\\\/site\\\/prorrogado-prazo-para-pagamento-de-taxa-de-concurso-da-caixa\\\/\",\"name\":\"Prorrogado prazo para pagamento de taxa de concurso da Caixa - Notibras\",\"isPartOf\":{\"@id\":\"https:\\\/\\\/www.notibras.com\\\/site\\\/#website\"},\"primaryImageOfPage\":{\"@id\":\"https:\\\/\\\/www.notibras.com\\\/site\\\/prorrogado-prazo-para-pagamento-de-taxa-de-concurso-da-caixa\\\/#primaryimage\"},\"image\":{\"@id\":\"https:\\\/\\\/www.notibras.com\\\/site\\\/prorrogado-prazo-para-pagamento-de-taxa-de-concurso-da-caixa\\\/#primaryimage\"},\"thumbnailUrl\":\"https:\\\/\\\/www.notibras.com\\\/site\\\/wp-content\\\/uploads\\\/2024\\\/03\\\/cefcon.webp\",\"datePublished\":\"2024-03-27T03:00:37+00:00\",\"dateModified\":\"2024-03-27T14:09:07+00:00\",\"breadcrumb\":{\"@id\":\"https:\\\/\\\/www.notibras.com\\\/site\\\/prorrogado-prazo-para-pagamento-de-taxa-de-concurso-da-caixa\\\/#breadcrumb\"},\"inLanguage\":\"pt-BR\",\"potentialAction\":[{\"@type\":\"ReadAction\",\"target\":[\"https:\\\/\\\/www.notibras.com\\\/site\\\/prorrogado-prazo-para-pagamento-de-taxa-de-concurso-da-caixa\\\/\"]}]},{\"@type\":\"ImageObject\",\"inLanguage\":\"pt-BR\",\"@id\":\"https:\\\/\\\/www.notibras.com\\\/site\\\/prorrogado-prazo-para-pagamento-de-taxa-de-concurso-da-caixa\\\/#primaryimage\",\"url\":\"https:\\\/\\\/www.notibras.com\\\/site\\\/wp-content\\\/uploads\\\/2024\\\/03\\\/cefcon.webp\",\"contentUrl\":\"https:\\\/\\\/www.notibras.com\\\/site\\\/wp-content\\\/uploads\\\/2024\\\/03\\\/cefcon.webp\",\"width\":1170,\"height\":700},{\"@type\":\"BreadcrumbList\",\"@id\":\"https:\\\/\\\/www.notibras.com\\\/site\\\/prorrogado-prazo-para-pagamento-de-taxa-de-concurso-da-caixa\\\/#breadcrumb\",\"itemListElement\":[{\"@type\":\"ListItem\",\"position\":1,\"name\":\"In\u00edcio\",\"item\":\"https:\\\/\\\/www.notibras.com\\\/site\\\/\"},{\"@type\":\"ListItem\",\"position\":2,\"name\":\"Prorrogado prazo para pagamento de taxa de concurso da Caixa\"}]},{\"@type\":\"WebSite\",\"@id\":\"https:\\\/\\\/www.notibras.com\\\/site\\\/#website\",\"url\":\"https:\\\/\\\/www.notibras.com\\\/site\\\/\",\"name\":\"Notibras\",\"description\":\"Not\u00edcias de Bras\u00edlia, do Brasil e do Mundo\",\"publisher\":{\"@id\":\"https:\\\/\\\/www.notibras.com\\\/site\\\/#organization\"},\"potentialAction\":[{\"@type\":\"SearchAction\",\"target\":{\"@type\":\"EntryPoint\",\"urlTemplate\":\"https:\\\/\\\/www.notibras.com\\\/site\\\/?s={search_term_string}\"},\"query-input\":{\"@type\":\"PropertyValueSpecification\",\"valueRequired\":true,\"valueName\":\"search_term_string\"}}],\"inLanguage\":\"pt-BR\"},{\"@type\":\"Organization\",\"@id\":\"https:\\\/\\\/www.notibras.com\\\/site\\\/#organization\",\"name\":\"Grupo Notibras de Comunica\u00e7\u00e3o\",\"url\":\"https:\\\/\\\/www.notibras.com\\\/site\\\/\",\"logo\":{\"@type\":\"ImageObject\",\"inLanguage\":\"pt-BR\",\"@id\":\"https:\\\/\\\/www.notibras.com\\\/site\\\/#\\\/schema\\\/logo\\\/image\\\/\",\"url\":\"https:\\\/\\\/www.notibras.com\\\/site\\\/wp-content\\\/uploads\\\/2023\\\/01\\\/notibras23.png\",\"contentUrl\":\"https:\\\/\\\/www.notibras.com\\\/site\\\/wp-content\\\/uploads\\\/2023\\\/01\\\/notibras23.png\",\"width\":350,\"height\":87,\"caption\":\"Grupo Notibras de Comunica\u00e7\u00e3o\"},\"image\":{\"@id\":\"https:\\\/\\\/www.notibras.com\\\/site\\\/#\\\/schema\\\/logo\\\/image\\\/\"},\"sameAs\":[\"https:\\\/\\\/www.facebook.com\\\/notibras\\\/\",\"https:\\\/\\\/x.com\\\/Notibras\",\"https:\\\/\\\/www.instagram.com\\\/notibras\\\/\"]},{\"@type\":\"Person\",\"@id\":\"https:\\\/\\\/www.notibras.com\\\/site\\\/#\\\/schema\\\/person\\\/36ab0979449956132d3e5b517ea76ac8\",\"name\":\"Reda\u00e7\u00e3o\",\"image\":{\"@type\":\"ImageObject\",\"inLanguage\":\"pt-BR\",\"@id\":\"https:\\\/\\\/secure.gravatar.com\\\/avatar\\\/e0a867bdedb85fd243eadf09663511f96fc81e0720a4a42581f334ad4303aa6b?s=96&d=mm&r=g\",\"url\":\"https:\\\/\\\/secure.gravatar.com\\\/avatar\\\/e0a867bdedb85fd243eadf09663511f96fc81e0720a4a42581f334ad4303aa6b?s=96&d=mm&r=g\",\"contentUrl\":\"https:\\\/\\\/secure.gravatar.com\\\/avatar\\\/e0a867bdedb85fd243eadf09663511f96fc81e0720a4a42581f334ad4303aa6b?s=96&d=mm&r=g\",\"caption\":\"Reda\u00e7\u00e3o\"}}]}<\/script>\n<!-- \/ Yoast SEO plugin. -->","yoast_head_json":{"title":"Prorrogado prazo para pagamento de taxa de concurso da Caixa - Notibras","robots":{"index":"index","follow":"follow","max-snippet":"max-snippet:-1","max-image-preview":"max-image-preview:large","max-video-preview":"max-video-preview:-1"},"canonical":"https:\/\/www.notibras.com\/site\/prorrogado-prazo-para-pagamento-de-taxa-de-concurso-da-caixa\/","og_locale":"pt_BR","og_type":"article","og_title":"Prorrogado prazo para pagamento de taxa de concurso da Caixa - Notibras","og_description":"Os inscritos no concurso p\u00fablico da Caixa Econ\u00f4mica Federal (CEF) poder\u00e3o pagar o boleto da taxa de inscri\u00e7\u00e3o at\u00e9 5 de abril. A prorroga\u00e7\u00e3o da data limite foi anunciada pela banca organizadora do certame, a Funda\u00e7\u00e3o Cesgranrio. A data determinada inicialmente era 27 de mar\u00e7o. Os valores das taxas variam de acordo com o cargo [&hellip;]","og_url":"https:\/\/www.notibras.com\/site\/prorrogado-prazo-para-pagamento-de-taxa-de-concurso-da-caixa\/","og_site_name":"Notibras","article_publisher":"https:\/\/www.facebook.com\/notibras\/","article_published_time":"2024-03-27T03:00:37+00:00","article_modified_time":"2024-03-27T14:09:07+00:00","og_image":[{"width":1170,"height":700,"url":"https:\/\/www.notibras.com\/site\/wp-content\/uploads\/2024\/03\/cefcon.webp","type":"image\/webp"}],"author":"Reda\u00e7\u00e3o","twitter_card":"summary_large_image","twitter_creator":"@Notibras","twitter_site":"@Notibras","twitter_misc":{"Escrito por":"Reda\u00e7\u00e3o","Est. tempo de leitura":"4 minutos"},"schema":{"@context":"https:\/\/schema.org","@graph":[{"@type":"Article","@id":"https:\/\/www.notibras.com\/site\/prorrogado-prazo-para-pagamento-de-taxa-de-concurso-da-caixa\/#article","isPartOf":{"@id":"https:\/\/www.notibras.com\/site\/prorrogado-prazo-para-pagamento-de-taxa-de-concurso-da-caixa\/"},"author":{"name":"Reda\u00e7\u00e3o","@id":"https:\/\/www.notibras.com\/site\/#\/schema\/person\/36ab0979449956132d3e5b517ea76ac8"},"headline":"Prorrogado prazo para pagamento de taxa de concurso da Caixa","datePublished":"2024-03-27T03:00:37+00:00","dateModified":"2024-03-27T14:09:07+00:00","mainEntityOfPage":{"@id":"https:\/\/www.notibras.com\/site\/prorrogado-prazo-para-pagamento-de-taxa-de-concurso-da-caixa\/"},"wordCount":612,"publisher":{"@id":"https:\/\/www.notibras.com\/site\/#organization"},"image":{"@id":"https:\/\/www.notibras.com\/site\/prorrogado-prazo-para-pagamento-de-taxa-de-concurso-da-caixa\/#primaryimage"},"thumbnailUrl":"https:\/\/www.notibras.com\/site\/wp-content\/uploads\/2024\/03\/cefcon.webp","articleSection":["Quadradinho em Foco"],"inLanguage":"pt-BR"},{"@type":"WebPage","@id":"https:\/\/www.notibras.com\/site\/prorrogado-prazo-para-pagamento-de-taxa-de-concurso-da-caixa\/","url":"https:\/\/www.notibras.com\/site\/prorrogado-prazo-para-pagamento-de-taxa-de-concurso-da-caixa\/","name":"Prorrogado prazo para pagamento de taxa de concurso da Caixa - Notibras","isPartOf":{"@id":"https:\/\/www.notibras.com\/site\/#website"},"primaryImageOfPage":{"@id":"https:\/\/www.notibras.com\/site\/prorrogado-prazo-para-pagamento-de-taxa-de-concurso-da-caixa\/#primaryimage"},"image":{"@id":"https:\/\/www.notibras.com\/site\/prorrogado-prazo-para-pagamento-de-taxa-de-concurso-da-caixa\/#primaryimage"},"thumbnailUrl":"https:\/\/www.notibras.com\/site\/wp-content\/uploads\/2024\/03\/cefcon.webp","datePublished":"2024-03-27T03:00:37+00:00","dateModified":"2024-03-27T14:09:07+00:00","breadcrumb":{"@id":"https:\/\/www.notibras.com\/site\/prorrogado-prazo-para-pagamento-de-taxa-de-concurso-da-caixa\/#breadcrumb"},"inLanguage":"pt-BR","potentialAction":[{"@type":"ReadAction","target":["https:\/\/www.notibras.com\/site\/prorrogado-prazo-para-pagamento-de-taxa-de-concurso-da-caixa\/"]}]},{"@type":"ImageObject","inLanguage":"pt-BR","@id":"https:\/\/www.notibras.com\/site\/prorrogado-prazo-para-pagamento-de-taxa-de-concurso-da-caixa\/#primaryimage","url":"https:\/\/www.notibras.com\/site\/wp-content\/uploads\/2024\/03\/cefcon.webp","contentUrl":"https:\/\/www.notibras.com\/site\/wp-content\/uploads\/2024\/03\/cefcon.webp","width":1170,"height":700},{"@type":"BreadcrumbList","@id":"https:\/\/www.notibras.com\/site\/prorrogado-prazo-para-pagamento-de-taxa-de-concurso-da-caixa\/#breadcrumb","itemListElement":[{"@type":"ListItem","position":1,"name":"In\u00edcio","item":"https:\/\/www.notibras.com\/site\/"},{"@type":"ListItem","position":2,"name":"Prorrogado prazo para pagamento de taxa de concurso da Caixa"}]},{"@type":"WebSite","@id":"https:\/\/www.notibras.com\/site\/#website","url":"https:\/\/www.notibras.com\/site\/","name":"Notibras","description":"Not\u00edcias de Bras\u00edlia, do Brasil e do Mundo","publisher":{"@id":"https:\/\/www.notibras.com\/site\/#organization"},"potentialAction":[{"@type":"SearchAction","target":{"@type":"EntryPoint","urlTemplate":"https:\/\/www.notibras.com\/site\/?s={search_term_string}"},"query-input":{"@type":"PropertyValueSpecification","valueRequired":true,"valueName":"search_term_string"}}],"inLanguage":"pt-BR"},{"@type":"Organization","@id":"https:\/\/www.notibras.com\/site\/#organization","name":"Grupo Notibras de Comunica\u00e7\u00e3o","url":"https:\/\/www.notibras.com\/site\/","logo":{"@type":"ImageObject","inLanguage":"pt-BR","@id":"https:\/\/www.notibras.com\/site\/#\/schema\/logo\/image\/","url":"https:\/\/www.notibras.com\/site\/wp-content\/uploads\/2023\/01\/notibras23.png","contentUrl":"https:\/\/www.notibras.com\/site\/wp-content\/uploads\/2023\/01\/notibras23.png","width":350,"height":87,"caption":"Grupo Notibras de Comunica\u00e7\u00e3o"},"image":{"@id":"https:\/\/www.notibras.com\/site\/#\/schema\/logo\/image\/"},"sameAs":["https:\/\/www.facebook.com\/notibras\/","https:\/\/x.com\/Notibras","https:\/\/www.instagram.com\/notibras\/"]},{"@type":"Person","@id":"https:\/\/www.notibras.com\/site\/#\/schema\/person\/36ab0979449956132d3e5b517ea76ac8","name":"Reda\u00e7\u00e3o","image":{"@type":"ImageObject","inLanguage":"pt-BR","@id":"https:\/\/secure.gravatar.com\/avatar\/e0a867bdedb85fd243eadf09663511f96fc81e0720a4a42581f334ad4303aa6b?s=96&d=mm&r=g","url":"https:\/\/secure.gravatar.com\/avatar\/e0a867bdedb85fd243eadf09663511f96fc81e0720a4a42581f334ad4303aa6b?s=96&d=mm&r=g","contentUrl":"https:\/\/secure.gravatar.com\/avatar\/e0a867bdedb85fd243eadf09663511f96fc81e0720a4a42581f334ad4303aa6b?s=96&d=mm&r=g","caption":"Reda\u00e7\u00e3o"}}]}},"amp_enabled":true,"_links":{"self":[{"href":"https:\/\/www.notibras.com\/site\/wp-json\/wp\/v2\/posts\/325525","targetHints":{"allow":["GET"]}}],"collection":[{"href":"https:\/\/www.notibras.com\/site\/wp-json\/wp\/v2\/posts"}],"about":[{"href":"https:\/\/www.notibras.com\/site\/wp-json\/wp\/v2\/types\/post"}],"author":[{"embeddable":true,"href":"https:\/\/www.notibras.com\/site\/wp-json\/wp\/v2\/users\/2"}],"replies":[{"embeddable":true,"href":"https:\/\/www.notibras.com\/site\/wp-json\/wp\/v2\/comments?post=325525"}],"version-history":[{"count":1,"href":"https:\/\/www.notibras.com\/site\/wp-json\/wp\/v2\/posts\/325525\/revisions"}],"predecessor-version":[{"id":325527,"href":"https:\/\/www.notibras.com\/site\/wp-json\/wp\/v2\/posts\/325525\/revisions\/325527"}],"wp:featuredmedia":[{"embeddable":true,"href":"https:\/\/www.notibras.com\/site\/wp-json\/wp\/v2\/media\/325526"}],"wp:attachment":[{"href":"https:\/\/www.notibras.com\/site\/wp-json\/wp\/v2\/media?parent=325525"}],"wp:term":[{"taxonomy":"category","embeddable":true,"href":"https:\/\/www.notibras.com\/site\/wp-json\/wp\/v2\/categories?post=325525"},{"taxonomy":"post_tag","embeddable":true,"href":"https:\/\/www.notibras.com\/site\/wp-json\/wp\/v2\/tags?post=325525"}],"curies":[{"name":"wp","href":"https:\/\/api.w.org\/{rel}","templated":true}]}}