{"id":325528,"date":"2024-03-27T00:00:29","date_gmt":"2024-03-27T03:00:29","guid":{"rendered":"https:\/\/www.notibras.com\/site\/?p=325528"},"modified":"2024-03-27T11:20:07","modified_gmt":"2024-03-27T14:20:07","slug":"pascoa-solidaria-leva-criancada-para-um-dia-de-diversao-e-sorrisos","status":"publish","type":"post","link":"https:\/\/www.notibras.com\/site\/pascoa-solidaria-leva-criancada-para-um-dia-de-diversao-e-sorrisos\/","title":{"rendered":"P\u00e1scoa Solid\u00e1ria leva crian\u00e7ada para um dia de divers\u00e3o e sorrisos"},"content":{"rendered":"<p>O sorriso contagiante da pequena Maria Helena de Lima, 8 anos, iluminou a unidade do McDonald\u2019s em Taguatinga Centro, nesta ter\u00e7a-feira (26). Ela participou da 2\u00aa edi\u00e7\u00e3o da P\u00e1scoa Solid\u00e1ria, uma campanha idealizada pela primeira-dama do Distrito Federal, Mayara Noronha Rocha, por meio da Chefia Executiva de Pol\u00edticas Sociais. Participaram cerca de 70 crian\u00e7as atendidas pelo Centro Social Formar, em Arniqueira, e o Coletivo da Cidade, na Estrutural.<\/p>\n<p>As crian\u00e7as se divertiram: comeram um lanche especial, com hamb\u00farguer, batata frita e suco, pintaram o rosto, coloriram desenhos tem\u00e1ticos e ganharam bal\u00f5es. Tamb\u00e9m houve show do M\u00e1gico Steiner, oferecido pelo Servi\u00e7o Social do Com\u00e9rcio (Sesc-DF), e entrega de caixa de bombom e cesta b\u00e1sica.<\/p>\n<p>A pequena Helena contou que a experi\u00eancia foi muito aguardada: \u201cNa sala de aula, n\u00f3s gritamos muito, est\u00e1vamos muito alegres. E a gente quase n\u00e3o dormiu, s\u00f3 esperando esse dia passar para vir para c\u00e1\u201d, revelou. Valentina P\u00eder, 9, complementa: \u201cFizeram suspense com a gente, disseram que talvez ia ter. A\u00ed quando falaram que a gente ia vir mesmo, deu muito frio na barriga. Gostei muito do lanche, dos desenhos, do m\u00e1gico\u201d.<\/p>\n<p>A coordenadora pedag\u00f3gica do Centro Social Formar, Viviane Preard Andrade, observou que, para a maioria dos estudantes, o evento foi a realiza\u00e7\u00e3o de um sonho. \u201cEles estavam superansiosos para estar aqui hoje. Doidos pra achar o coelhinho, o chocolate. Al\u00e9m de trazer alegria para eles, \u00e9 um momento hist\u00f3rico, porque alguns nunca vieram no McDonald\u2019s, nunca comeram hamb\u00farguer\u201d, disse.<\/p>\n<p>M\u00e3e de uma das crian\u00e7as, a estudante Wanely Silva Rezende, 30, compareceu no evento e p\u00f4de prestigiar a alegria dos pequenos. \u201cDentro da nossa cidade n\u00e3o temos muitos recursos para trazer esses momentos descontra\u00eddos, ent\u00e3o, como m\u00e3e solo, fico muito agradecida por isso\u201d, pontuou.<\/p>\n<p>As crian\u00e7as comeram um lanche especial, com hamb\u00farguer, batata frita e suco, pintaram o rosto, coloriram desenhos tem\u00e1ticos e ganharam bal\u00f5es. Tamb\u00e9m houve show do M\u00e1gico Steiner e entrega de caixa de bombom e cesta b\u00e1sica<\/p>\n<p><strong>A\u00e7\u00f5es cont\u00ednuas<\/strong><br \/>\nA primeira edi\u00e7\u00e3o da P\u00e1scoa Solid\u00e1ria ocorreu em 2023. \u00c0 \u00e9poca, 150 crian\u00e7as das institui\u00e7\u00f5es Creche Sucupira e Creche Centro Comunit\u00e1rio da Crian\u00e7a e 50 idosos do Lar dos Idosos Maria Madalena tiveram uma tarde especial no centro de lazer e entretenimento Pont\u00e3o do Lago Sul. Houve entrega de kits de chocolate, apresenta\u00e7\u00e3o de m\u00e1gico, pintura de rosto, lanches, entre outras atra\u00e7\u00f5es.<\/p>\n<p>A primeira-dama do Distrito Federal, Mayara Noronha Rocha, destacou a import\u00e2ncia de promover experi\u00eancias l\u00fadicas para os pequenos. \u201c\u00c9 um momento em que falamos muito sobre solidariedade e empatia social. N\u00e3o \u00e9 s\u00f3 a entrega de um chocolate, mas trazer intera\u00e7\u00e3o social para essas crian\u00e7as. A verdade \u00e9 que muitas nunca tiveram a oportunidade de entrar no McDonald\u2019s e experimentar um sandu\u00edche. Poder proporcionar esse momento \u00e9 sensacional\u201d, disse.<\/p>\n<p>\u201cPara n\u00f3s empres\u00e1rios, \u00e9 muito importante a gente estar de bra\u00e7os dados com o governo, porque a gente precisa das pol\u00edticas p\u00fablicas para podermos tamb\u00e9m participar da nossa cidadania. P\u00e1scoa \u00e9 amor e precisamos, como empres\u00e1rio, devolver um pouco do que a gente tem, do que a gente faz, para o Distrito Federal\u201d, salientou a propriet\u00e1ria da unidade, Laura Oliveira.<\/p>\n<p>A campanha P\u00e1scoa Solid\u00e1ria faz parte do Projeto Solidariedade Salva que, em 2023, arrecadou mais de 86 toneladas de alimentos n\u00e3o perec\u00edveis por meio de parcerias com o empresariado local e a ades\u00e3o de eventos \u00e0 meia-entrada solid\u00e1ria. Todo o montante foi direcionado a fam\u00edlias em situa\u00e7\u00e3o de vulnerabilidade social.<\/p>\n<p>Neste ano, o Solidariedade Salva j\u00e1 entregou cerca de 1 tonelada de alimentos n\u00e3o perec\u00edveis para institui\u00e7\u00f5es sociais do Cruzeiro, em parceria com a administra\u00e7\u00e3o regional, e tr\u00eas toneladas de alimentos n\u00e3o perec\u00edveis para o Col\u00e9gio M\u00e3o Amiga Dom Pedro II.<\/p>\n","protected":false},"excerpt":{"rendered":"<p>O sorriso contagiante da pequena Maria Helena de Lima, 8 anos, iluminou a unidade do McDonald\u2019s em Taguatinga Centro, nesta ter\u00e7a-feira (26). Ela participou da 2\u00aa edi\u00e7\u00e3o da P\u00e1scoa Solid\u00e1ria, uma campanha idealizada pela primeira-dama do Distrito Federal, Mayara Noronha Rocha, por meio da Chefia Executiva de Pol\u00edticas Sociais. Participaram cerca de 70 crian\u00e7as atendidas [&hellip;]<\/p>\n","protected":false},"author":2,"featured_media":325529,"comment_status":"closed","ping_status":"closed","sticky":false,"template":"","format":"standard","meta":{"_acf_changed":false,"footnotes":""},"categories":[161],"tags":[],"class_list":["post-325528","post","type-post","status-publish","format-standard","has-post-thumbnail","hentry","category-quadradinho-em-foco"],"acf":[],"yoast_head":"<!-- This site is optimized with the Yoast SEO plugin v27.5 - https:\/\/yoast.com\/product\/yoast-seo-wordpress\/ -->\n<title>P\u00e1scoa Solid\u00e1ria leva crian\u00e7ada para um dia de divers\u00e3o e sorrisos - Notibras<\/title>\n<meta name=\"robots\" content=\"index, follow, max-snippet:-1, max-image-preview:large, max-video-preview:-1\" \/>\n<link rel=\"canonical\" href=\"https:\/\/www.notibras.com\/site\/pascoa-solidaria-leva-criancada-para-um-dia-de-diversao-e-sorrisos\/\" \/>\n<meta property=\"og:locale\" content=\"pt_BR\" \/>\n<meta property=\"og:type\" content=\"article\" \/>\n<meta property=\"og:title\" content=\"P\u00e1scoa Solid\u00e1ria leva crian\u00e7ada para um dia de divers\u00e3o e sorrisos - Notibras\" \/>\n<meta property=\"og:description\" content=\"O sorriso contagiante da pequena Maria Helena de Lima, 8 anos, iluminou a unidade do McDonald\u2019s em Taguatinga Centro, nesta ter\u00e7a-feira (26). Ela participou da 2\u00aa edi\u00e7\u00e3o da P\u00e1scoa Solid\u00e1ria, uma campanha idealizada pela primeira-dama do Distrito Federal, Mayara Noronha Rocha, por meio da Chefia Executiva de Pol\u00edticas Sociais. Participaram cerca de 70 crian\u00e7as atendidas [&hellip;]\" \/>\n<meta property=\"og:url\" content=\"https:\/\/www.notibras.com\/site\/pascoa-solidaria-leva-criancada-para-um-dia-de-diversao-e-sorrisos\/\" \/>\n<meta property=\"og:site_name\" content=\"Notibras\" \/>\n<meta property=\"article:publisher\" content=\"https:\/\/www.facebook.com\/notibras\/\" \/>\n<meta property=\"article:published_time\" content=\"2024-03-27T03:00:29+00:00\" \/>\n<meta property=\"article:modified_time\" content=\"2024-03-27T14:20:07+00:00\" \/>\n<meta property=\"og:image\" content=\"https:\/\/www.notibras.com\/site\/wp-content\/uploads\/2024\/03\/pascoa.buriti.jpg\" \/>\n\t<meta property=\"og:image:width\" content=\"1536\" \/>\n\t<meta property=\"og:image:height\" content=\"1023\" \/>\n\t<meta property=\"og:image:type\" content=\"image\/jpeg\" \/>\n<meta name=\"author\" content=\"Reda\u00e7\u00e3o\" \/>\n<meta name=\"twitter:card\" content=\"summary_large_image\" \/>\n<meta name=\"twitter:creator\" content=\"@Notibras\" \/>\n<meta name=\"twitter:site\" content=\"@Notibras\" \/>\n<meta name=\"twitter:label1\" content=\"Escrito por\" \/>\n\t<meta name=\"twitter:data1\" content=\"Reda\u00e7\u00e3o\" \/>\n\t<meta name=\"twitter:label2\" content=\"Est. tempo de leitura\" \/>\n\t<meta name=\"twitter:data2\" content=\"4 minutos\" \/>\n<script type=\"application\/ld+json\" class=\"yoast-schema-graph\">{\"@context\":\"https:\\\/\\\/schema.org\",\"@graph\":[{\"@type\":\"Article\",\"@id\":\"https:\\\/\\\/www.notibras.com\\\/site\\\/pascoa-solidaria-leva-criancada-para-um-dia-de-diversao-e-sorrisos\\\/#article\",\"isPartOf\":{\"@id\":\"https:\\\/\\\/www.notibras.com\\\/site\\\/pascoa-solidaria-leva-criancada-para-um-dia-de-diversao-e-sorrisos\\\/\"},\"author\":{\"name\":\"Reda\u00e7\u00e3o\",\"@id\":\"https:\\\/\\\/www.notibras.com\\\/site\\\/#\\\/schema\\\/person\\\/36ab0979449956132d3e5b517ea76ac8\"},\"headline\":\"P\u00e1scoa Solid\u00e1ria leva crian\u00e7ada para um dia de divers\u00e3o e sorrisos\",\"datePublished\":\"2024-03-27T03:00:29+00:00\",\"dateModified\":\"2024-03-27T14:20:07+00:00\",\"mainEntityOfPage\":{\"@id\":\"https:\\\/\\\/www.notibras.com\\\/site\\\/pascoa-solidaria-leva-criancada-para-um-dia-de-diversao-e-sorrisos\\\/\"},\"wordCount\":691,\"publisher\":{\"@id\":\"https:\\\/\\\/www.notibras.com\\\/site\\\/#organization\"},\"image\":{\"@id\":\"https:\\\/\\\/www.notibras.com\\\/site\\\/pascoa-solidaria-leva-criancada-para-um-dia-de-diversao-e-sorrisos\\\/#primaryimage\"},\"thumbnailUrl\":\"https:\\\/\\\/www.notibras.com\\\/site\\\/wp-content\\\/uploads\\\/2024\\\/03\\\/pascoa.buriti.jpg\",\"articleSection\":[\"Quadradinho em Foco\"],\"inLanguage\":\"pt-BR\"},{\"@type\":\"WebPage\",\"@id\":\"https:\\\/\\\/www.notibras.com\\\/site\\\/pascoa-solidaria-leva-criancada-para-um-dia-de-diversao-e-sorrisos\\\/\",\"url\":\"https:\\\/\\\/www.notibras.com\\\/site\\\/pascoa-solidaria-leva-criancada-para-um-dia-de-diversao-e-sorrisos\\\/\",\"name\":\"P\u00e1scoa Solid\u00e1ria leva crian\u00e7ada para um dia de divers\u00e3o e sorrisos - Notibras\",\"isPartOf\":{\"@id\":\"https:\\\/\\\/www.notibras.com\\\/site\\\/#website\"},\"primaryImageOfPage\":{\"@id\":\"https:\\\/\\\/www.notibras.com\\\/site\\\/pascoa-solidaria-leva-criancada-para-um-dia-de-diversao-e-sorrisos\\\/#primaryimage\"},\"image\":{\"@id\":\"https:\\\/\\\/www.notibras.com\\\/site\\\/pascoa-solidaria-leva-criancada-para-um-dia-de-diversao-e-sorrisos\\\/#primaryimage\"},\"thumbnailUrl\":\"https:\\\/\\\/www.notibras.com\\\/site\\\/wp-content\\\/uploads\\\/2024\\\/03\\\/pascoa.buriti.jpg\",\"datePublished\":\"2024-03-27T03:00:29+00:00\",\"dateModified\":\"2024-03-27T14:20:07+00:00\",\"breadcrumb\":{\"@id\":\"https:\\\/\\\/www.notibras.com\\\/site\\\/pascoa-solidaria-leva-criancada-para-um-dia-de-diversao-e-sorrisos\\\/#breadcrumb\"},\"inLanguage\":\"pt-BR\",\"potentialAction\":[{\"@type\":\"ReadAction\",\"target\":[\"https:\\\/\\\/www.notibras.com\\\/site\\\/pascoa-solidaria-leva-criancada-para-um-dia-de-diversao-e-sorrisos\\\/\"]}]},{\"@type\":\"ImageObject\",\"inLanguage\":\"pt-BR\",\"@id\":\"https:\\\/\\\/www.notibras.com\\\/site\\\/pascoa-solidaria-leva-criancada-para-um-dia-de-diversao-e-sorrisos\\\/#primaryimage\",\"url\":\"https:\\\/\\\/www.notibras.com\\\/site\\\/wp-content\\\/uploads\\\/2024\\\/03\\\/pascoa.buriti.jpg\",\"contentUrl\":\"https:\\\/\\\/www.notibras.com\\\/site\\\/wp-content\\\/uploads\\\/2024\\\/03\\\/pascoa.buriti.jpg\",\"width\":1536,\"height\":1023},{\"@type\":\"BreadcrumbList\",\"@id\":\"https:\\\/\\\/www.notibras.com\\\/site\\\/pascoa-solidaria-leva-criancada-para-um-dia-de-diversao-e-sorrisos\\\/#breadcrumb\",\"itemListElement\":[{\"@type\":\"ListItem\",\"position\":1,\"name\":\"In\u00edcio\",\"item\":\"https:\\\/\\\/www.notibras.com\\\/site\\\/\"},{\"@type\":\"ListItem\",\"position\":2,\"name\":\"P\u00e1scoa Solid\u00e1ria leva crian\u00e7ada para um dia de divers\u00e3o e sorrisos\"}]},{\"@type\":\"WebSite\",\"@id\":\"https:\\\/\\\/www.notibras.com\\\/site\\\/#website\",\"url\":\"https:\\\/\\\/www.notibras.com\\\/site\\\/\",\"name\":\"Notibras\",\"description\":\"Not\u00edcias de Bras\u00edlia, do Brasil e do Mundo\",\"publisher\":{\"@id\":\"https:\\\/\\\/www.notibras.com\\\/site\\\/#organization\"},\"potentialAction\":[{\"@type\":\"SearchAction\",\"target\":{\"@type\":\"EntryPoint\",\"urlTemplate\":\"https:\\\/\\\/www.notibras.com\\\/site\\\/?s={search_term_string}\"},\"query-input\":{\"@type\":\"PropertyValueSpecification\",\"valueRequired\":true,\"valueName\":\"search_term_string\"}}],\"inLanguage\":\"pt-BR\"},{\"@type\":\"Organization\",\"@id\":\"https:\\\/\\\/www.notibras.com\\\/site\\\/#organization\",\"name\":\"Grupo Notibras de Comunica\u00e7\u00e3o\",\"url\":\"https:\\\/\\\/www.notibras.com\\\/site\\\/\",\"logo\":{\"@type\":\"ImageObject\",\"inLanguage\":\"pt-BR\",\"@id\":\"https:\\\/\\\/www.notibras.com\\\/site\\\/#\\\/schema\\\/logo\\\/image\\\/\",\"url\":\"https:\\\/\\\/www.notibras.com\\\/site\\\/wp-content\\\/uploads\\\/2023\\\/01\\\/notibras23.png\",\"contentUrl\":\"https:\\\/\\\/www.notibras.com\\\/site\\\/wp-content\\\/uploads\\\/2023\\\/01\\\/notibras23.png\",\"width\":350,\"height\":87,\"caption\":\"Grupo Notibras de Comunica\u00e7\u00e3o\"},\"image\":{\"@id\":\"https:\\\/\\\/www.notibras.com\\\/site\\\/#\\\/schema\\\/logo\\\/image\\\/\"},\"sameAs\":[\"https:\\\/\\\/www.facebook.com\\\/notibras\\\/\",\"https:\\\/\\\/x.com\\\/Notibras\",\"https:\\\/\\\/www.instagram.com\\\/notibras\\\/\"]},{\"@type\":\"Person\",\"@id\":\"https:\\\/\\\/www.notibras.com\\\/site\\\/#\\\/schema\\\/person\\\/36ab0979449956132d3e5b517ea76ac8\",\"name\":\"Reda\u00e7\u00e3o\",\"image\":{\"@type\":\"ImageObject\",\"inLanguage\":\"pt-BR\",\"@id\":\"https:\\\/\\\/secure.gravatar.com\\\/avatar\\\/e0a867bdedb85fd243eadf09663511f96fc81e0720a4a42581f334ad4303aa6b?s=96&d=mm&r=g\",\"url\":\"https:\\\/\\\/secure.gravatar.com\\\/avatar\\\/e0a867bdedb85fd243eadf09663511f96fc81e0720a4a42581f334ad4303aa6b?s=96&d=mm&r=g\",\"contentUrl\":\"https:\\\/\\\/secure.gravatar.com\\\/avatar\\\/e0a867bdedb85fd243eadf09663511f96fc81e0720a4a42581f334ad4303aa6b?s=96&d=mm&r=g\",\"caption\":\"Reda\u00e7\u00e3o\"}}]}<\/script>\n<!-- \/ Yoast SEO plugin. -->","yoast_head_json":{"title":"P\u00e1scoa Solid\u00e1ria leva crian\u00e7ada para um dia de divers\u00e3o e sorrisos - Notibras","robots":{"index":"index","follow":"follow","max-snippet":"max-snippet:-1","max-image-preview":"max-image-preview:large","max-video-preview":"max-video-preview:-1"},"canonical":"https:\/\/www.notibras.com\/site\/pascoa-solidaria-leva-criancada-para-um-dia-de-diversao-e-sorrisos\/","og_locale":"pt_BR","og_type":"article","og_title":"P\u00e1scoa Solid\u00e1ria leva crian\u00e7ada para um dia de divers\u00e3o e sorrisos - Notibras","og_description":"O sorriso contagiante da pequena Maria Helena de Lima, 8 anos, iluminou a unidade do McDonald\u2019s em Taguatinga Centro, nesta ter\u00e7a-feira (26). Ela participou da 2\u00aa edi\u00e7\u00e3o da P\u00e1scoa Solid\u00e1ria, uma campanha idealizada pela primeira-dama do Distrito Federal, Mayara Noronha Rocha, por meio da Chefia Executiva de Pol\u00edticas Sociais. Participaram cerca de 70 crian\u00e7as atendidas [&hellip;]","og_url":"https:\/\/www.notibras.com\/site\/pascoa-solidaria-leva-criancada-para-um-dia-de-diversao-e-sorrisos\/","og_site_name":"Notibras","article_publisher":"https:\/\/www.facebook.com\/notibras\/","article_published_time":"2024-03-27T03:00:29+00:00","article_modified_time":"2024-03-27T14:20:07+00:00","og_image":[{"width":1536,"height":1023,"url":"https:\/\/www.notibras.com\/site\/wp-content\/uploads\/2024\/03\/pascoa.buriti.jpg","type":"image\/jpeg"}],"author":"Reda\u00e7\u00e3o","twitter_card":"summary_large_image","twitter_creator":"@Notibras","twitter_site":"@Notibras","twitter_misc":{"Escrito por":"Reda\u00e7\u00e3o","Est. tempo de leitura":"4 minutos"},"schema":{"@context":"https:\/\/schema.org","@graph":[{"@type":"Article","@id":"https:\/\/www.notibras.com\/site\/pascoa-solidaria-leva-criancada-para-um-dia-de-diversao-e-sorrisos\/#article","isPartOf":{"@id":"https:\/\/www.notibras.com\/site\/pascoa-solidaria-leva-criancada-para-um-dia-de-diversao-e-sorrisos\/"},"author":{"name":"Reda\u00e7\u00e3o","@id":"https:\/\/www.notibras.com\/site\/#\/schema\/person\/36ab0979449956132d3e5b517ea76ac8"},"headline":"P\u00e1scoa Solid\u00e1ria leva crian\u00e7ada para um dia de divers\u00e3o e sorrisos","datePublished":"2024-03-27T03:00:29+00:00","dateModified":"2024-03-27T14:20:07+00:00","mainEntityOfPage":{"@id":"https:\/\/www.notibras.com\/site\/pascoa-solidaria-leva-criancada-para-um-dia-de-diversao-e-sorrisos\/"},"wordCount":691,"publisher":{"@id":"https:\/\/www.notibras.com\/site\/#organization"},"image":{"@id":"https:\/\/www.notibras.com\/site\/pascoa-solidaria-leva-criancada-para-um-dia-de-diversao-e-sorrisos\/#primaryimage"},"thumbnailUrl":"https:\/\/www.notibras.com\/site\/wp-content\/uploads\/2024\/03\/pascoa.buriti.jpg","articleSection":["Quadradinho em Foco"],"inLanguage":"pt-BR"},{"@type":"WebPage","@id":"https:\/\/www.notibras.com\/site\/pascoa-solidaria-leva-criancada-para-um-dia-de-diversao-e-sorrisos\/","url":"https:\/\/www.notibras.com\/site\/pascoa-solidaria-leva-criancada-para-um-dia-de-diversao-e-sorrisos\/","name":"P\u00e1scoa Solid\u00e1ria leva crian\u00e7ada para um dia de divers\u00e3o e sorrisos - Notibras","isPartOf":{"@id":"https:\/\/www.notibras.com\/site\/#website"},"primaryImageOfPage":{"@id":"https:\/\/www.notibras.com\/site\/pascoa-solidaria-leva-criancada-para-um-dia-de-diversao-e-sorrisos\/#primaryimage"},"image":{"@id":"https:\/\/www.notibras.com\/site\/pascoa-solidaria-leva-criancada-para-um-dia-de-diversao-e-sorrisos\/#primaryimage"},"thumbnailUrl":"https:\/\/www.notibras.com\/site\/wp-content\/uploads\/2024\/03\/pascoa.buriti.jpg","datePublished":"2024-03-27T03:00:29+00:00","dateModified":"2024-03-27T14:20:07+00:00","breadcrumb":{"@id":"https:\/\/www.notibras.com\/site\/pascoa-solidaria-leva-criancada-para-um-dia-de-diversao-e-sorrisos\/#breadcrumb"},"inLanguage":"pt-BR","potentialAction":[{"@type":"ReadAction","target":["https:\/\/www.notibras.com\/site\/pascoa-solidaria-leva-criancada-para-um-dia-de-diversao-e-sorrisos\/"]}]},{"@type":"ImageObject","inLanguage":"pt-BR","@id":"https:\/\/www.notibras.com\/site\/pascoa-solidaria-leva-criancada-para-um-dia-de-diversao-e-sorrisos\/#primaryimage","url":"https:\/\/www.notibras.com\/site\/wp-content\/uploads\/2024\/03\/pascoa.buriti.jpg","contentUrl":"https:\/\/www.notibras.com\/site\/wp-content\/uploads\/2024\/03\/pascoa.buriti.jpg","width":1536,"height":1023},{"@type":"BreadcrumbList","@id":"https:\/\/www.notibras.com\/site\/pascoa-solidaria-leva-criancada-para-um-dia-de-diversao-e-sorrisos\/#breadcrumb","itemListElement":[{"@type":"ListItem","position":1,"name":"In\u00edcio","item":"https:\/\/www.notibras.com\/site\/"},{"@type":"ListItem","position":2,"name":"P\u00e1scoa Solid\u00e1ria leva crian\u00e7ada para um dia de divers\u00e3o e sorrisos"}]},{"@type":"WebSite","@id":"https:\/\/www.notibras.com\/site\/#website","url":"https:\/\/www.notibras.com\/site\/","name":"Notibras","description":"Not\u00edcias de Bras\u00edlia, do Brasil e do Mundo","publisher":{"@id":"https:\/\/www.notibras.com\/site\/#organization"},"potentialAction":[{"@type":"SearchAction","target":{"@type":"EntryPoint","urlTemplate":"https:\/\/www.notibras.com\/site\/?s={search_term_string}"},"query-input":{"@type":"PropertyValueSpecification","valueRequired":true,"valueName":"search_term_string"}}],"inLanguage":"pt-BR"},{"@type":"Organization","@id":"https:\/\/www.notibras.com\/site\/#organization","name":"Grupo Notibras de Comunica\u00e7\u00e3o","url":"https:\/\/www.notibras.com\/site\/","logo":{"@type":"ImageObject","inLanguage":"pt-BR","@id":"https:\/\/www.notibras.com\/site\/#\/schema\/logo\/image\/","url":"https:\/\/www.notibras.com\/site\/wp-content\/uploads\/2023\/01\/notibras23.png","contentUrl":"https:\/\/www.notibras.com\/site\/wp-content\/uploads\/2023\/01\/notibras23.png","width":350,"height":87,"caption":"Grupo Notibras de Comunica\u00e7\u00e3o"},"image":{"@id":"https:\/\/www.notibras.com\/site\/#\/schema\/logo\/image\/"},"sameAs":["https:\/\/www.facebook.com\/notibras\/","https:\/\/x.com\/Notibras","https:\/\/www.instagram.com\/notibras\/"]},{"@type":"Person","@id":"https:\/\/www.notibras.com\/site\/#\/schema\/person\/36ab0979449956132d3e5b517ea76ac8","name":"Reda\u00e7\u00e3o","image":{"@type":"ImageObject","inLanguage":"pt-BR","@id":"https:\/\/secure.gravatar.com\/avatar\/e0a867bdedb85fd243eadf09663511f96fc81e0720a4a42581f334ad4303aa6b?s=96&d=mm&r=g","url":"https:\/\/secure.gravatar.com\/avatar\/e0a867bdedb85fd243eadf09663511f96fc81e0720a4a42581f334ad4303aa6b?s=96&d=mm&r=g","contentUrl":"https:\/\/secure.gravatar.com\/avatar\/e0a867bdedb85fd243eadf09663511f96fc81e0720a4a42581f334ad4303aa6b?s=96&d=mm&r=g","caption":"Reda\u00e7\u00e3o"}}]}},"amp_enabled":true,"_links":{"self":[{"href":"https:\/\/www.notibras.com\/site\/wp-json\/wp\/v2\/posts\/325528","targetHints":{"allow":["GET"]}}],"collection":[{"href":"https:\/\/www.notibras.com\/site\/wp-json\/wp\/v2\/posts"}],"about":[{"href":"https:\/\/www.notibras.com\/site\/wp-json\/wp\/v2\/types\/post"}],"author":[{"embeddable":true,"href":"https:\/\/www.notibras.com\/site\/wp-json\/wp\/v2\/users\/2"}],"replies":[{"embeddable":true,"href":"https:\/\/www.notibras.com\/site\/wp-json\/wp\/v2\/comments?post=325528"}],"version-history":[{"count":1,"href":"https:\/\/www.notibras.com\/site\/wp-json\/wp\/v2\/posts\/325528\/revisions"}],"predecessor-version":[{"id":325530,"href":"https:\/\/www.notibras.com\/site\/wp-json\/wp\/v2\/posts\/325528\/revisions\/325530"}],"wp:featuredmedia":[{"embeddable":true,"href":"https:\/\/www.notibras.com\/site\/wp-json\/wp\/v2\/media\/325529"}],"wp:attachment":[{"href":"https:\/\/www.notibras.com\/site\/wp-json\/wp\/v2\/media?parent=325528"}],"wp:term":[{"taxonomy":"category","embeddable":true,"href":"https:\/\/www.notibras.com\/site\/wp-json\/wp\/v2\/categories?post=325528"},{"taxonomy":"post_tag","embeddable":true,"href":"https:\/\/www.notibras.com\/site\/wp-json\/wp\/v2\/tags?post=325528"}],"curies":[{"name":"wp","href":"https:\/\/api.w.org\/{rel}","templated":true}]}}