{"id":325531,"date":"2024-03-27T00:00:11","date_gmt":"2024-03-27T03:00:11","guid":{"rendered":"https:\/\/www.notibras.com\/site\/?p=325531"},"modified":"2024-03-27T11:26:37","modified_gmt":"2024-03-27T14:26:37","slug":"acao-promove-qualificacao-profissional-de-lavadores-de-carros","status":"publish","type":"post","link":"https:\/\/www.notibras.com\/site\/acao-promove-qualificacao-profissional-de-lavadores-de-carros\/","title":{"rendered":"A\u00e7\u00e3o promove qualifica\u00e7\u00e3o profissional de lavadores de carros"},"content":{"rendered":"<p>O Governo do Distrito Federal (GDF) iniciou a capacita\u00e7\u00e3o de lavadores e guardadores de carros cadastrados junto \u00e0 Secretaria de Desenvolvimento Econ\u00f4mico, Trabalho e Renda (Sedet). Al\u00e9m de serem instru\u00eddos sobre a atividade, os trabalhadores tamb\u00e9m receberam um kit com itens para biolavagem de autom\u00f3veis e um colete de identifica\u00e7\u00e3o.<\/p>\n<p>O curso inclui orienta\u00e7\u00f5es sobre educa\u00e7\u00e3o financeira e empreendedorismo, atendimento ao p\u00fablico, aplica\u00e7\u00e3o de conhecimento b\u00e1sico de etiqueta social no atendimento ao cidad\u00e3o, no\u00e7\u00e3o de comunica\u00e7\u00e3o n\u00e3o violenta e aplica\u00e7\u00e3o de conhecimento b\u00e1sico da teoria de intelig\u00eancia emocional no \u00e2mbito do trabalho.<\/p>\n<p>Atualmente, o DF conta com mais de 1,4 mil profissionais cadastrados. Deste total, 712 j\u00e1 foram atendidos pelas oficinas de qualifica\u00e7\u00e3o da Sedet. O endere\u00e7o escolhido para o ponto de partida do projeto da Sedet foi a Quadra 5 do Setor Comercial Sul (SCS).<\/p>\n<p>\u201cEles est\u00e3o entendendo a import\u00e2ncia em ser um profissional formal, com direitos e deveres, como se tornar um Microempreendedor Individual, da import\u00e2ncia da contribui\u00e7\u00e3o do INSS. Para a popula\u00e7\u00e3o, h\u00e1 a seguran\u00e7a de ser atendida por um profissional cadastrado\u201d, afirmou Thales Mendes, secret\u00e1rio de Desenvolvimento Econ\u00f4mico, Trabalho e Renda (Sedet).<\/p>\n<p>\u201cEssa \u00e9 uma regi\u00e3o que abriga um bom n\u00famero de lavadores cadastrados e, por isso, decidimos come\u00e7ar por aqui, realizando essa primeira a\u00e7\u00e3o nos estacionamentos do DF\u201d, explica Sandra Madeira, diretora da Cadeia Produtiva e Economia Solid\u00e1ria. \u201cN\u00f3s, da Sedet, realizamos uma busca ativa de todos os cadastrados para que eles recebam as novas remessas de kits e coletes\u201d, prossegue.<\/p>\n<p>Com o colete n\u00famero 012, Ant\u00f4nio Casemiro da Silva considera que a certifica\u00e7\u00e3o \u00e9 um reconhecimento \u00e0 profiss\u00e3o de guardador. \u201cN\u00f3s da categoria temos que agradecer o governador Ibaneis Rocha por ter nos dado essa moral. Antigamente, as pessoas nos discriminavam, como se a gente fosse criminoso. Agora, com o apoio do governo e da Sedet, nossa imagem mudou. A realidade \u00e9 outra\u201d<\/p>\n<p>Os coletes mencionados pela servidora s\u00e3o usados na identifica\u00e7\u00e3o dos lavadores e guardadores. Eles s\u00e3o azuis e trazem o n\u00famero de cadastro de cada profissional, assim como o logotipo do GDF e da Sedet. Os kits, por sua vez, tem capacidade para 50 usos e contam com itens de biolavagem, como escovas, flanelas, borrifador, pulverizador de press\u00e3o, cera automotiva e flotador.<\/p>\n<p>O lavador Ederson Cleyton Ramos da Silva, 41 anos, est\u00e1 entre os profissionais contemplados pela iniciativa. Atuando h\u00e1 18 anos no estacionamento da Quadra 5 do SCS, ele comemora a oportunidade de capacita\u00e7\u00e3o recebida. \u201cEssa identifica\u00e7\u00e3o ajuda tamb\u00e9m a trazer mais seguran\u00e7a para o cliente, que logo v\u00ea que estamos certificados, qualificados e cadastrados para exercer a atividade\u201d, diz.<\/p>\n<p>Aos 60 anos, Ant\u00f4nio Casemiro da Silva \u00e9 lavador h\u00e1, pelo menos, 50 anos e ostenta, em seu colete, o n\u00famero 012 \u2013 indicando que ele est\u00e1 entre os 12 primeiros trabalhadores registrados pela Sedet. Para o profissional, a certifica\u00e7\u00e3o \u00e9 um reconhecimento \u00e0 profiss\u00e3o de guardador.<\/p>\n<p>\u201cN\u00f3s da categoria temos que agradecer o governador Ibaneis Rocha por ter nos dado essa moral. Antigamente, as pessoas nos discriminavam, como se a gente fosse criminoso. Agora, com o apoio do governo e da Sedet, nossa imagem mudou. A realidade \u00e9 outra\u201d, relata.<\/p>\n<p>Em novembro de 2020, a Sedet iniciou o procedimento de cadastramento de guardadores e lavadores de carros, em atendimento \u00e0 Lei n\u00ba 6.668, de 15 de setembro de 2020, que prev\u00ea a organiza\u00e7\u00e3o da categoria.<\/p>\n<p>O objetivo do cadastramento \u00e9 conhecer o perfil dos trabalhadores e organiz\u00e1-los como categoria, identificando-os e formalizando-os, doando condi\u00e7\u00f5es de trabalho decente e, tamb\u00e9m, dando maior seguran\u00e7a aos usu\u00e1rios dos servi\u00e7os.<\/p>\n<p>Para se cadastrar, o profissional deve comparecer presencialmente a uma das ag\u00eancias do trabalhador ou \u00e0 sede da pasta, portando documentos de identifica\u00e7\u00e3o pessoal (RG, CPF, T\u00edtulo de Eleitor, comprovante de resid\u00eancia, carteira de trabalho, reservista\/dispensa militar). Outra op\u00e7\u00e3o \u00e9 fazer o registro pelas redes sociais ou site da pasta.<\/p>\n","protected":false},"excerpt":{"rendered":"<p>O Governo do Distrito Federal (GDF) iniciou a capacita\u00e7\u00e3o de lavadores e guardadores de carros cadastrados junto \u00e0 Secretaria de Desenvolvimento Econ\u00f4mico, Trabalho e Renda (Sedet). Al\u00e9m de serem instru\u00eddos sobre a atividade, os trabalhadores tamb\u00e9m receberam um kit com itens para biolavagem de autom\u00f3veis e um colete de identifica\u00e7\u00e3o. O curso inclui orienta\u00e7\u00f5es sobre [&hellip;]<\/p>\n","protected":false},"author":2,"featured_media":325532,"comment_status":"closed","ping_status":"closed","sticky":false,"template":"","format":"standard","meta":{"_acf_changed":false,"footnotes":""},"categories":[161],"tags":[],"class_list":["post-325531","post","type-post","status-publish","format-standard","has-post-thumbnail","hentry","category-quadradinho-em-foco"],"acf":[],"yoast_head":"<!-- This site is optimized with the Yoast SEO plugin v27.5 - https:\/\/yoast.com\/product\/yoast-seo-wordpress\/ -->\n<title>A\u00e7\u00e3o promove qualifica\u00e7\u00e3o profissional de lavadores de carros - Notibras<\/title>\n<meta name=\"robots\" content=\"index, follow, max-snippet:-1, max-image-preview:large, max-video-preview:-1\" \/>\n<link rel=\"canonical\" href=\"https:\/\/www.notibras.com\/site\/acao-promove-qualificacao-profissional-de-lavadores-de-carros\/\" \/>\n<meta property=\"og:locale\" content=\"pt_BR\" \/>\n<meta property=\"og:type\" content=\"article\" \/>\n<meta property=\"og:title\" content=\"A\u00e7\u00e3o promove qualifica\u00e7\u00e3o profissional de lavadores de carros - Notibras\" \/>\n<meta property=\"og:description\" content=\"O Governo do Distrito Federal (GDF) iniciou a capacita\u00e7\u00e3o de lavadores e guardadores de carros cadastrados junto \u00e0 Secretaria de Desenvolvimento Econ\u00f4mico, Trabalho e Renda (Sedet). Al\u00e9m de serem instru\u00eddos sobre a atividade, os trabalhadores tamb\u00e9m receberam um kit com itens para biolavagem de autom\u00f3veis e um colete de identifica\u00e7\u00e3o. O curso inclui orienta\u00e7\u00f5es sobre [&hellip;]\" \/>\n<meta property=\"og:url\" content=\"https:\/\/www.notibras.com\/site\/acao-promove-qualificacao-profissional-de-lavadores-de-carros\/\" \/>\n<meta property=\"og:site_name\" content=\"Notibras\" \/>\n<meta property=\"article:publisher\" content=\"https:\/\/www.facebook.com\/notibras\/\" \/>\n<meta property=\"article:published_time\" content=\"2024-03-27T03:00:11+00:00\" \/>\n<meta property=\"article:modified_time\" content=\"2024-03-27T14:26:37+00:00\" \/>\n<meta property=\"og:image\" content=\"https:\/\/www.notibras.com\/site\/wp-content\/uploads\/2024\/03\/WhatsApp-Image-2024-03-26-at-18.38.24-3-1536x1023-1.jpeg\" \/>\n\t<meta property=\"og:image:width\" content=\"1536\" \/>\n\t<meta property=\"og:image:height\" content=\"1023\" \/>\n\t<meta property=\"og:image:type\" content=\"image\/jpeg\" \/>\n<meta name=\"author\" content=\"Reda\u00e7\u00e3o\" \/>\n<meta name=\"twitter:card\" content=\"summary_large_image\" \/>\n<meta name=\"twitter:creator\" content=\"@Notibras\" \/>\n<meta name=\"twitter:site\" content=\"@Notibras\" \/>\n<meta name=\"twitter:label1\" content=\"Escrito por\" \/>\n\t<meta name=\"twitter:data1\" content=\"Reda\u00e7\u00e3o\" \/>\n\t<meta name=\"twitter:label2\" content=\"Est. tempo de leitura\" \/>\n\t<meta name=\"twitter:data2\" content=\"4 minutos\" \/>\n<script type=\"application\/ld+json\" class=\"yoast-schema-graph\">{\"@context\":\"https:\\\/\\\/schema.org\",\"@graph\":[{\"@type\":\"Article\",\"@id\":\"https:\\\/\\\/www.notibras.com\\\/site\\\/acao-promove-qualificacao-profissional-de-lavadores-de-carros\\\/#article\",\"isPartOf\":{\"@id\":\"https:\\\/\\\/www.notibras.com\\\/site\\\/acao-promove-qualificacao-profissional-de-lavadores-de-carros\\\/\"},\"author\":{\"name\":\"Reda\u00e7\u00e3o\",\"@id\":\"https:\\\/\\\/www.notibras.com\\\/site\\\/#\\\/schema\\\/person\\\/36ab0979449956132d3e5b517ea76ac8\"},\"headline\":\"A\u00e7\u00e3o promove qualifica\u00e7\u00e3o profissional de lavadores de carros\",\"datePublished\":\"2024-03-27T03:00:11+00:00\",\"dateModified\":\"2024-03-27T14:26:37+00:00\",\"mainEntityOfPage\":{\"@id\":\"https:\\\/\\\/www.notibras.com\\\/site\\\/acao-promove-qualificacao-profissional-de-lavadores-de-carros\\\/\"},\"wordCount\":683,\"publisher\":{\"@id\":\"https:\\\/\\\/www.notibras.com\\\/site\\\/#organization\"},\"image\":{\"@id\":\"https:\\\/\\\/www.notibras.com\\\/site\\\/acao-promove-qualificacao-profissional-de-lavadores-de-carros\\\/#primaryimage\"},\"thumbnailUrl\":\"https:\\\/\\\/www.notibras.com\\\/site\\\/wp-content\\\/uploads\\\/2024\\\/03\\\/WhatsApp-Image-2024-03-26-at-18.38.24-3-1536x1023-1.jpeg\",\"articleSection\":[\"Quadradinho em Foco\"],\"inLanguage\":\"pt-BR\"},{\"@type\":\"WebPage\",\"@id\":\"https:\\\/\\\/www.notibras.com\\\/site\\\/acao-promove-qualificacao-profissional-de-lavadores-de-carros\\\/\",\"url\":\"https:\\\/\\\/www.notibras.com\\\/site\\\/acao-promove-qualificacao-profissional-de-lavadores-de-carros\\\/\",\"name\":\"A\u00e7\u00e3o promove qualifica\u00e7\u00e3o profissional de lavadores de carros - Notibras\",\"isPartOf\":{\"@id\":\"https:\\\/\\\/www.notibras.com\\\/site\\\/#website\"},\"primaryImageOfPage\":{\"@id\":\"https:\\\/\\\/www.notibras.com\\\/site\\\/acao-promove-qualificacao-profissional-de-lavadores-de-carros\\\/#primaryimage\"},\"image\":{\"@id\":\"https:\\\/\\\/www.notibras.com\\\/site\\\/acao-promove-qualificacao-profissional-de-lavadores-de-carros\\\/#primaryimage\"},\"thumbnailUrl\":\"https:\\\/\\\/www.notibras.com\\\/site\\\/wp-content\\\/uploads\\\/2024\\\/03\\\/WhatsApp-Image-2024-03-26-at-18.38.24-3-1536x1023-1.jpeg\",\"datePublished\":\"2024-03-27T03:00:11+00:00\",\"dateModified\":\"2024-03-27T14:26:37+00:00\",\"breadcrumb\":{\"@id\":\"https:\\\/\\\/www.notibras.com\\\/site\\\/acao-promove-qualificacao-profissional-de-lavadores-de-carros\\\/#breadcrumb\"},\"inLanguage\":\"pt-BR\",\"potentialAction\":[{\"@type\":\"ReadAction\",\"target\":[\"https:\\\/\\\/www.notibras.com\\\/site\\\/acao-promove-qualificacao-profissional-de-lavadores-de-carros\\\/\"]}]},{\"@type\":\"ImageObject\",\"inLanguage\":\"pt-BR\",\"@id\":\"https:\\\/\\\/www.notibras.com\\\/site\\\/acao-promove-qualificacao-profissional-de-lavadores-de-carros\\\/#primaryimage\",\"url\":\"https:\\\/\\\/www.notibras.com\\\/site\\\/wp-content\\\/uploads\\\/2024\\\/03\\\/WhatsApp-Image-2024-03-26-at-18.38.24-3-1536x1023-1.jpeg\",\"contentUrl\":\"https:\\\/\\\/www.notibras.com\\\/site\\\/wp-content\\\/uploads\\\/2024\\\/03\\\/WhatsApp-Image-2024-03-26-at-18.38.24-3-1536x1023-1.jpeg\",\"width\":1536,\"height\":1023},{\"@type\":\"BreadcrumbList\",\"@id\":\"https:\\\/\\\/www.notibras.com\\\/site\\\/acao-promove-qualificacao-profissional-de-lavadores-de-carros\\\/#breadcrumb\",\"itemListElement\":[{\"@type\":\"ListItem\",\"position\":1,\"name\":\"In\u00edcio\",\"item\":\"https:\\\/\\\/www.notibras.com\\\/site\\\/\"},{\"@type\":\"ListItem\",\"position\":2,\"name\":\"A\u00e7\u00e3o promove qualifica\u00e7\u00e3o profissional de lavadores de carros\"}]},{\"@type\":\"WebSite\",\"@id\":\"https:\\\/\\\/www.notibras.com\\\/site\\\/#website\",\"url\":\"https:\\\/\\\/www.notibras.com\\\/site\\\/\",\"name\":\"Notibras\",\"description\":\"Not\u00edcias de Bras\u00edlia, do Brasil e do Mundo\",\"publisher\":{\"@id\":\"https:\\\/\\\/www.notibras.com\\\/site\\\/#organization\"},\"potentialAction\":[{\"@type\":\"SearchAction\",\"target\":{\"@type\":\"EntryPoint\",\"urlTemplate\":\"https:\\\/\\\/www.notibras.com\\\/site\\\/?s={search_term_string}\"},\"query-input\":{\"@type\":\"PropertyValueSpecification\",\"valueRequired\":true,\"valueName\":\"search_term_string\"}}],\"inLanguage\":\"pt-BR\"},{\"@type\":\"Organization\",\"@id\":\"https:\\\/\\\/www.notibras.com\\\/site\\\/#organization\",\"name\":\"Grupo Notibras de Comunica\u00e7\u00e3o\",\"url\":\"https:\\\/\\\/www.notibras.com\\\/site\\\/\",\"logo\":{\"@type\":\"ImageObject\",\"inLanguage\":\"pt-BR\",\"@id\":\"https:\\\/\\\/www.notibras.com\\\/site\\\/#\\\/schema\\\/logo\\\/image\\\/\",\"url\":\"https:\\\/\\\/www.notibras.com\\\/site\\\/wp-content\\\/uploads\\\/2023\\\/01\\\/notibras23.png\",\"contentUrl\":\"https:\\\/\\\/www.notibras.com\\\/site\\\/wp-content\\\/uploads\\\/2023\\\/01\\\/notibras23.png\",\"width\":350,\"height\":87,\"caption\":\"Grupo Notibras de Comunica\u00e7\u00e3o\"},\"image\":{\"@id\":\"https:\\\/\\\/www.notibras.com\\\/site\\\/#\\\/schema\\\/logo\\\/image\\\/\"},\"sameAs\":[\"https:\\\/\\\/www.facebook.com\\\/notibras\\\/\",\"https:\\\/\\\/x.com\\\/Notibras\",\"https:\\\/\\\/www.instagram.com\\\/notibras\\\/\"]},{\"@type\":\"Person\",\"@id\":\"https:\\\/\\\/www.notibras.com\\\/site\\\/#\\\/schema\\\/person\\\/36ab0979449956132d3e5b517ea76ac8\",\"name\":\"Reda\u00e7\u00e3o\",\"image\":{\"@type\":\"ImageObject\",\"inLanguage\":\"pt-BR\",\"@id\":\"https:\\\/\\\/secure.gravatar.com\\\/avatar\\\/e0a867bdedb85fd243eadf09663511f96fc81e0720a4a42581f334ad4303aa6b?s=96&d=mm&r=g\",\"url\":\"https:\\\/\\\/secure.gravatar.com\\\/avatar\\\/e0a867bdedb85fd243eadf09663511f96fc81e0720a4a42581f334ad4303aa6b?s=96&d=mm&r=g\",\"contentUrl\":\"https:\\\/\\\/secure.gravatar.com\\\/avatar\\\/e0a867bdedb85fd243eadf09663511f96fc81e0720a4a42581f334ad4303aa6b?s=96&d=mm&r=g\",\"caption\":\"Reda\u00e7\u00e3o\"}}]}<\/script>\n<!-- \/ Yoast SEO plugin. -->","yoast_head_json":{"title":"A\u00e7\u00e3o promove qualifica\u00e7\u00e3o profissional de lavadores de carros - Notibras","robots":{"index":"index","follow":"follow","max-snippet":"max-snippet:-1","max-image-preview":"max-image-preview:large","max-video-preview":"max-video-preview:-1"},"canonical":"https:\/\/www.notibras.com\/site\/acao-promove-qualificacao-profissional-de-lavadores-de-carros\/","og_locale":"pt_BR","og_type":"article","og_title":"A\u00e7\u00e3o promove qualifica\u00e7\u00e3o profissional de lavadores de carros - Notibras","og_description":"O Governo do Distrito Federal (GDF) iniciou a capacita\u00e7\u00e3o de lavadores e guardadores de carros cadastrados junto \u00e0 Secretaria de Desenvolvimento Econ\u00f4mico, Trabalho e Renda (Sedet). Al\u00e9m de serem instru\u00eddos sobre a atividade, os trabalhadores tamb\u00e9m receberam um kit com itens para biolavagem de autom\u00f3veis e um colete de identifica\u00e7\u00e3o. O curso inclui orienta\u00e7\u00f5es sobre [&hellip;]","og_url":"https:\/\/www.notibras.com\/site\/acao-promove-qualificacao-profissional-de-lavadores-de-carros\/","og_site_name":"Notibras","article_publisher":"https:\/\/www.facebook.com\/notibras\/","article_published_time":"2024-03-27T03:00:11+00:00","article_modified_time":"2024-03-27T14:26:37+00:00","og_image":[{"width":1536,"height":1023,"url":"https:\/\/www.notibras.com\/site\/wp-content\/uploads\/2024\/03\/WhatsApp-Image-2024-03-26-at-18.38.24-3-1536x1023-1.jpeg","type":"image\/jpeg"}],"author":"Reda\u00e7\u00e3o","twitter_card":"summary_large_image","twitter_creator":"@Notibras","twitter_site":"@Notibras","twitter_misc":{"Escrito por":"Reda\u00e7\u00e3o","Est. tempo de leitura":"4 minutos"},"schema":{"@context":"https:\/\/schema.org","@graph":[{"@type":"Article","@id":"https:\/\/www.notibras.com\/site\/acao-promove-qualificacao-profissional-de-lavadores-de-carros\/#article","isPartOf":{"@id":"https:\/\/www.notibras.com\/site\/acao-promove-qualificacao-profissional-de-lavadores-de-carros\/"},"author":{"name":"Reda\u00e7\u00e3o","@id":"https:\/\/www.notibras.com\/site\/#\/schema\/person\/36ab0979449956132d3e5b517ea76ac8"},"headline":"A\u00e7\u00e3o promove qualifica\u00e7\u00e3o profissional de lavadores de carros","datePublished":"2024-03-27T03:00:11+00:00","dateModified":"2024-03-27T14:26:37+00:00","mainEntityOfPage":{"@id":"https:\/\/www.notibras.com\/site\/acao-promove-qualificacao-profissional-de-lavadores-de-carros\/"},"wordCount":683,"publisher":{"@id":"https:\/\/www.notibras.com\/site\/#organization"},"image":{"@id":"https:\/\/www.notibras.com\/site\/acao-promove-qualificacao-profissional-de-lavadores-de-carros\/#primaryimage"},"thumbnailUrl":"https:\/\/www.notibras.com\/site\/wp-content\/uploads\/2024\/03\/WhatsApp-Image-2024-03-26-at-18.38.24-3-1536x1023-1.jpeg","articleSection":["Quadradinho em Foco"],"inLanguage":"pt-BR"},{"@type":"WebPage","@id":"https:\/\/www.notibras.com\/site\/acao-promove-qualificacao-profissional-de-lavadores-de-carros\/","url":"https:\/\/www.notibras.com\/site\/acao-promove-qualificacao-profissional-de-lavadores-de-carros\/","name":"A\u00e7\u00e3o promove qualifica\u00e7\u00e3o profissional de lavadores de carros - Notibras","isPartOf":{"@id":"https:\/\/www.notibras.com\/site\/#website"},"primaryImageOfPage":{"@id":"https:\/\/www.notibras.com\/site\/acao-promove-qualificacao-profissional-de-lavadores-de-carros\/#primaryimage"},"image":{"@id":"https:\/\/www.notibras.com\/site\/acao-promove-qualificacao-profissional-de-lavadores-de-carros\/#primaryimage"},"thumbnailUrl":"https:\/\/www.notibras.com\/site\/wp-content\/uploads\/2024\/03\/WhatsApp-Image-2024-03-26-at-18.38.24-3-1536x1023-1.jpeg","datePublished":"2024-03-27T03:00:11+00:00","dateModified":"2024-03-27T14:26:37+00:00","breadcrumb":{"@id":"https:\/\/www.notibras.com\/site\/acao-promove-qualificacao-profissional-de-lavadores-de-carros\/#breadcrumb"},"inLanguage":"pt-BR","potentialAction":[{"@type":"ReadAction","target":["https:\/\/www.notibras.com\/site\/acao-promove-qualificacao-profissional-de-lavadores-de-carros\/"]}]},{"@type":"ImageObject","inLanguage":"pt-BR","@id":"https:\/\/www.notibras.com\/site\/acao-promove-qualificacao-profissional-de-lavadores-de-carros\/#primaryimage","url":"https:\/\/www.notibras.com\/site\/wp-content\/uploads\/2024\/03\/WhatsApp-Image-2024-03-26-at-18.38.24-3-1536x1023-1.jpeg","contentUrl":"https:\/\/www.notibras.com\/site\/wp-content\/uploads\/2024\/03\/WhatsApp-Image-2024-03-26-at-18.38.24-3-1536x1023-1.jpeg","width":1536,"height":1023},{"@type":"BreadcrumbList","@id":"https:\/\/www.notibras.com\/site\/acao-promove-qualificacao-profissional-de-lavadores-de-carros\/#breadcrumb","itemListElement":[{"@type":"ListItem","position":1,"name":"In\u00edcio","item":"https:\/\/www.notibras.com\/site\/"},{"@type":"ListItem","position":2,"name":"A\u00e7\u00e3o promove qualifica\u00e7\u00e3o profissional de lavadores de carros"}]},{"@type":"WebSite","@id":"https:\/\/www.notibras.com\/site\/#website","url":"https:\/\/www.notibras.com\/site\/","name":"Notibras","description":"Not\u00edcias de Bras\u00edlia, do Brasil e do Mundo","publisher":{"@id":"https:\/\/www.notibras.com\/site\/#organization"},"potentialAction":[{"@type":"SearchAction","target":{"@type":"EntryPoint","urlTemplate":"https:\/\/www.notibras.com\/site\/?s={search_term_string}"},"query-input":{"@type":"PropertyValueSpecification","valueRequired":true,"valueName":"search_term_string"}}],"inLanguage":"pt-BR"},{"@type":"Organization","@id":"https:\/\/www.notibras.com\/site\/#organization","name":"Grupo Notibras de Comunica\u00e7\u00e3o","url":"https:\/\/www.notibras.com\/site\/","logo":{"@type":"ImageObject","inLanguage":"pt-BR","@id":"https:\/\/www.notibras.com\/site\/#\/schema\/logo\/image\/","url":"https:\/\/www.notibras.com\/site\/wp-content\/uploads\/2023\/01\/notibras23.png","contentUrl":"https:\/\/www.notibras.com\/site\/wp-content\/uploads\/2023\/01\/notibras23.png","width":350,"height":87,"caption":"Grupo Notibras de Comunica\u00e7\u00e3o"},"image":{"@id":"https:\/\/www.notibras.com\/site\/#\/schema\/logo\/image\/"},"sameAs":["https:\/\/www.facebook.com\/notibras\/","https:\/\/x.com\/Notibras","https:\/\/www.instagram.com\/notibras\/"]},{"@type":"Person","@id":"https:\/\/www.notibras.com\/site\/#\/schema\/person\/36ab0979449956132d3e5b517ea76ac8","name":"Reda\u00e7\u00e3o","image":{"@type":"ImageObject","inLanguage":"pt-BR","@id":"https:\/\/secure.gravatar.com\/avatar\/e0a867bdedb85fd243eadf09663511f96fc81e0720a4a42581f334ad4303aa6b?s=96&d=mm&r=g","url":"https:\/\/secure.gravatar.com\/avatar\/e0a867bdedb85fd243eadf09663511f96fc81e0720a4a42581f334ad4303aa6b?s=96&d=mm&r=g","contentUrl":"https:\/\/secure.gravatar.com\/avatar\/e0a867bdedb85fd243eadf09663511f96fc81e0720a4a42581f334ad4303aa6b?s=96&d=mm&r=g","caption":"Reda\u00e7\u00e3o"}}]}},"amp_enabled":true,"_links":{"self":[{"href":"https:\/\/www.notibras.com\/site\/wp-json\/wp\/v2\/posts\/325531","targetHints":{"allow":["GET"]}}],"collection":[{"href":"https:\/\/www.notibras.com\/site\/wp-json\/wp\/v2\/posts"}],"about":[{"href":"https:\/\/www.notibras.com\/site\/wp-json\/wp\/v2\/types\/post"}],"author":[{"embeddable":true,"href":"https:\/\/www.notibras.com\/site\/wp-json\/wp\/v2\/users\/2"}],"replies":[{"embeddable":true,"href":"https:\/\/www.notibras.com\/site\/wp-json\/wp\/v2\/comments?post=325531"}],"version-history":[{"count":1,"href":"https:\/\/www.notibras.com\/site\/wp-json\/wp\/v2\/posts\/325531\/revisions"}],"predecessor-version":[{"id":325533,"href":"https:\/\/www.notibras.com\/site\/wp-json\/wp\/v2\/posts\/325531\/revisions\/325533"}],"wp:featuredmedia":[{"embeddable":true,"href":"https:\/\/www.notibras.com\/site\/wp-json\/wp\/v2\/media\/325532"}],"wp:attachment":[{"href":"https:\/\/www.notibras.com\/site\/wp-json\/wp\/v2\/media?parent=325531"}],"wp:term":[{"taxonomy":"category","embeddable":true,"href":"https:\/\/www.notibras.com\/site\/wp-json\/wp\/v2\/categories?post=325531"},{"taxonomy":"post_tag","embeddable":true,"href":"https:\/\/www.notibras.com\/site\/wp-json\/wp\/v2\/tags?post=325531"}],"curies":[{"name":"wp","href":"https:\/\/api.w.org\/{rel}","templated":true}]}}