{"id":325606,"date":"2024-03-29T08:19:35","date_gmt":"2024-03-29T11:19:35","guid":{"rendered":"https:\/\/www.notibras.com\/site\/?p=325606"},"modified":"2024-03-29T08:19:35","modified_gmt":"2024-03-29T11:19:35","slug":"genival-abduzido-deu-paz-a-lina-ate-a-morte","status":"publish","type":"post","link":"https:\/\/www.notibras.com\/site\/genival-abduzido-deu-paz-a-lina-ate-a-morte\/","title":{"rendered":"Genival, abduzido, deu paz a Lina at\u00e9 \u00e0 morte"},"content":{"rendered":"<p>Aurelina Gomes Freire, conhecida por todos como Lina, mal recebeu a visita das regras, foi desposada pelo Genival, homem j\u00e1 feito, bem ali na \u00e1rea rural de Formosa do Rio Preto, Bahia. Por conta da uni\u00e3o, Lina acrescentou Sousa ao final do nome.<\/p>\n<p>Mal pisou no g\u00e9lido ch\u00e3o das casadas, foi apresentada \u00e0s agruras das despreparadas na noite de n\u00fapcias. Pobre Lina, deveria ter feito consulta pr\u00e9via com a m\u00e3e. Mas como faz\u00ea-lo, se a genitora havia dado o \u00faltimo suspiro logo ap\u00f3s o primeiro choro da rec\u00e9m-nascida? Criada pelo pai, eis que logo se viu criada do marido.<\/p>\n<p>N\u00e3o se sabe por sorte ou alguma mazela, as investidas de Genival sobre o fr\u00e1gil corpo de Lina n\u00e3o renderam frutos. Nada al\u00e9m de dores f\u00edsicas, que esmigalharam todo e qualquer resqu\u00edcio de humanidade da jovem. \u00c9 verdade que calejada ficou com o passar dos anos e, quando algu\u00e9m a questionava sobre a vida de casada, Lina conseguia disfar\u00e7ar uma tal felicidade que jamais lhe fez visita.<\/p>\n<p>Os 20 chegaram arrastados, mas logo se transforam em 30, que caminhavam firmes para os 40, caso n\u00e3o acontecesse algo inesperado justamente na manh\u00e3 do dia em que Lina completava 36 anos. Um presente, que a mulher s\u00f3 foi perceber durante a noite. Genival havia desaparecido e ela, finalmente, teve a primeira noite de paz. O cheiro do marido, \u00e9 verdade, ainda impregnava o ambiente, mas isso n\u00e3o a impediu de dormir um sono tranquilo.<\/p>\n<p>Logo cedo, Lina foi despertada pelos primeiros raios de luz que, atrevidos, invadiram o quarto pelas frestas da janela sem reparos. Ela olhou para o lado, ningu\u00e9m ao lado. Para onde teria ido o Genival? Teria ido embora para nunca mais voltar? Quem sabe n\u00e3o fora comido por uma on\u00e7a ou, melhor, enjoou da esposa e foi buscar acalento nos bra\u00e7os de outra?<\/p>\n<p>Levantou-se, pisou o ch\u00e3o frio do quarto e foi para a cozinha. Abriu a porta e foi tratar de fazer suas coisas quando, ent\u00e3o, esbarrou nos chinelos do marido, bem ali na entrada da casa. Havia uma nota, n\u00e3o muito gra\u00fada, mas o suficiente para passar o dia. Lina arqueou os joelhos e pegou o dinheiro. Curiosa, observou se havia algu\u00e9m por perto. Nem sequer uma alma.<\/p>\n<p>A mulher passou o resto do dia matutando sobre aquela situa\u00e7\u00e3o. Genival desaparecido, dinheiro aparecido. O que aquilo significava? Acabou por se entreter com as coisas do dia a dia, at\u00e9 que a noite chegou e o cansa\u00e7o a fez adormecer.<\/p>\n<p>Despertou com a luz que entrava pelas frestas da janela. Passou as m\u00e3os sobre o rosto e, fingindo coragem, ergueu o corpo. Levantou-se e, novamente, se deparou com mais uma nota depositada sobre as sand\u00e1lias do marido, que ainda continuavam no mesmo lugar. Tratou logo de pegar a quantia, id\u00eantica \u00e0 do dia anterior, e enfi\u00e1-la no suti\u00e3.<\/p>\n<p>A rotina prosseguiu pelos dias seguintes e por mais de ano. Lina se sentia livre pela primeira vez na vida. N\u00e3o precisava fazer as coisas pra homem nenhum. Tanto \u00e9 que ela at\u00e9 havia tratado de fechar todas as frestas da janela do quarto para esticar o sono at\u00e9 onde pudesse, ou melhor, quando quisesse.<\/p>\n<p>N\u00e3o havia hora certo pro caf\u00e9 da manh\u00e3, que poderia ser at\u00e9 \u00e0 tarde ou, se Lina n\u00e3o tivesse com apetite, nem acontecia. E assim eram as coisas, e estava tudo bem. O almo\u00e7o virava janta e, se sobrasse, virava almo\u00e7o no dia seguinte ou, se a mulher desejasse, que fosse tudo pras galinhas no quintal. Certo mesmo \u00e9 que, todas as manh\u00e3s, l\u00e1 estava uma nota sobre as sand\u00e1lias do Genival.<\/p>\n<p>Lina, apesar de se sentir como nunca havia se sentido, a curiosidade a consumia. Gostava da situa\u00e7\u00e3o, mas n\u00e3o a compreendia, at\u00e9 que, certo dia, precisou ir \u00e0 venda do Ulisses, que, al\u00e9m de comerciante, era afeito \u00e0 leitura, coisa rara naqueles tempos em que quase ningu\u00e9m sabia decifrar palavras. A mulher entrou t\u00edmida no estabelecimento, pegou o que precisava e entregou algumas notas pro dono.<\/p>\n<p>&#8211; Dinheiro novo. Vi uma nota assim s\u00f3 na capital.<\/p>\n<p>&#8211; Capital?<\/p>\n<p>&#8211; Sim. L\u00e1 eles t\u00eam um banco que imprime notas novinhas que nem esta aqui.<\/p>\n<p>&#8211; Ent\u00e3o, essa veio de l\u00e1?<\/p>\n<p>&#8211; Quase certo.<\/p>\n<p>&#8211; Como assim?<\/p>\n<p>&#8211; \u00c9 que, n\u00e3o sei se a senhora sabe, o Jos\u00e9, filho da dona L\u00facia, foi abduzido.<\/p>\n<p>&#8211; Abi o qu\u00ea?<\/p>\n<p>&#8211; Abduzido, dona Lina. Abduzido!<\/p>\n<p>&#8211; E o que diacho \u00e9 isso? \u00c9 doen\u00e7a que mata?<\/p>\n<p>Ulisses soltou uma gargalhada t\u00e3o sonora, mas, n\u00e3o tardou, parou diante da seriedade da mulher. Pigarreou e explicou que o Jos\u00e9 havia sido levado pelos extraterrestres, coisa de outro mundo.<\/p>\n<p>&#8211; Entendeu?<\/p>\n<p>&#8211; Hum. E isso foi quando?<\/p>\n<p>&#8211; H\u00e1 quase um ano. N\u00e3o sabia disso? Todo mundo comentou. Mas parece que encontraram o rapaz ontem \u00e0 noite. Voltou pra casa todo abobalhado.<\/p>\n<p>Lina retornou para casa. Estava certa de que Genival tamb\u00e9m havia sido abduzido. No entanto, s\u00f3 de pensar na possibilidade de o marido retornar, o dia desandou de uma maneira, que a mulher n\u00e3o teve \u00e2nimo para nada. Deitou na rede na varanda e adormeceu. Acordou com os raios solares no rosto. Olhou pro lado e l\u00e1 estava mais uma nota sobre os chinelos do esposo.<\/p>\n<p>Os dias foram virando semanas, que logo trataram de esticarem at\u00e9 formar meses e, por vez, anos. Se Genival havia sido abduzido ou n\u00e3o, isso acabou caindo no esquecimento. Certo mesmo \u00e9 que a mulher pegava sempre uma nota depositada sobre as sand\u00e1lias do marido. Dinheiro suficiente para as despesas.<\/p>\n<p>A mulher, agora perto de completar 70 anos, estava deitada na rede na varanda. Acabou adormecendo e teve um sonho que nunca havia sequer imaginado sonhar um dia. Pois l\u00e1 estava ela deitada naquela mesma rede, adormecida em seu sonho profundo, sonhando que estava justamente ali adormecida, quando, no sonho, surgiu um homem, pouca coisa mais velho ou pouca coisa mais novo. Ele exalava aquele agrad\u00e1vel odor de manac\u00e1-de-cheiro. O sujeito se aproximou e lhe beijou os l\u00e1bios.<\/p>\n<p>A velha Lina, pela primeira vez na vida, sentiu o toque carinhoso de um homem. N\u00e3o se sabe se isso foi um sonho ou apenas devaneio de algu\u00e9m desejando algo que nem sabia existir. O seu corpo, totalmente nu, foi encontrado sobre a rede na varanda por um vizinho, incomodado pelo fedor da morte. Apesar do avan\u00e7ado estado de putrefa\u00e7\u00e3o, algo chamou a aten\u00e7\u00e3o do homem, que n\u00e3o conseguia entender aquele sorriso na face carcomida da defunta. Quanto \u00e0s sand\u00e1lias, elas continuavam no mesmo lugar, mas, estranhamente, sem nota sobre elas.<\/p>\n","protected":false},"excerpt":{"rendered":"<p>Aurelina Gomes Freire, conhecida por todos como Lina, mal recebeu a visita das regras, foi desposada pelo Genival, homem j\u00e1 feito, bem ali na \u00e1rea rural de Formosa do Rio Preto, Bahia. Por conta da uni\u00e3o, Lina acrescentou Sousa ao final do nome. Mal pisou no g\u00e9lido ch\u00e3o das casadas, foi apresentada \u00e0s agruras das [&hellip;]<\/p>\n","protected":false},"author":2,"featured_media":325607,"comment_status":"closed","ping_status":"closed","sticky":false,"template":"","format":"standard","meta":{"_acf_changed":false,"footnotes":""},"categories":[167,165],"tags":[],"class_list":["post-325606","post","type-post","status-publish","format-standard","has-post-thumbnail","hentry","category-bahia","category-nordeste"],"acf":[],"yoast_head":"<!-- This site is optimized with the Yoast SEO plugin v27.2 - https:\/\/yoast.com\/product\/yoast-seo-wordpress\/ -->\n<title>Genival, abduzido, deu paz a Lina at\u00e9 \u00e0 morte - Notibras<\/title>\n<meta name=\"robots\" content=\"index, follow, max-snippet:-1, max-image-preview:large, max-video-preview:-1\" \/>\n<link rel=\"canonical\" href=\"https:\/\/www.notibras.com\/site\/genival-abduzido-deu-paz-a-lina-ate-a-morte\/\" \/>\n<meta property=\"og:locale\" content=\"pt_BR\" \/>\n<meta property=\"og:type\" content=\"article\" \/>\n<meta property=\"og:title\" content=\"Genival, abduzido, deu paz a Lina at\u00e9 \u00e0 morte - Notibras\" \/>\n<meta property=\"og:description\" content=\"Aurelina Gomes Freire, conhecida por todos como Lina, mal recebeu a visita das regras, foi desposada pelo Genival, homem j\u00e1 feito, bem ali na \u00e1rea rural de Formosa do Rio Preto, Bahia. Por conta da uni\u00e3o, Lina acrescentou Sousa ao final do nome. Mal pisou no g\u00e9lido ch\u00e3o das casadas, foi apresentada \u00e0s agruras das [&hellip;]\" \/>\n<meta property=\"og:url\" content=\"https:\/\/www.notibras.com\/site\/genival-abduzido-deu-paz-a-lina-ate-a-morte\/\" \/>\n<meta property=\"og:site_name\" content=\"Notibras\" \/>\n<meta property=\"article:publisher\" content=\"https:\/\/www.facebook.com\/notibras\/\" \/>\n<meta property=\"article:published_time\" content=\"2024-03-29T11:19:35+00:00\" \/>\n<meta property=\"og:image\" content=\"https:\/\/www.notibras.com\/site\/wp-content\/uploads\/2024\/03\/renderizacao-de-objeto-voador-nao-identificado_856565-6834.jpg\" \/>\n\t<meta property=\"og:image:width\" content=\"826\" \/>\n\t<meta property=\"og:image:height\" content=\"463\" \/>\n\t<meta property=\"og:image:type\" content=\"image\/jpeg\" \/>\n<meta name=\"author\" content=\"Reda\u00e7\u00e3o\" \/>\n<meta name=\"twitter:card\" content=\"summary_large_image\" \/>\n<meta name=\"twitter:creator\" content=\"@Notibras\" \/>\n<meta name=\"twitter:site\" content=\"@Notibras\" \/>\n<meta name=\"twitter:label1\" content=\"Escrito por\" \/>\n\t<meta name=\"twitter:data1\" content=\"Reda\u00e7\u00e3o\" \/>\n\t<meta name=\"twitter:label2\" content=\"Est. tempo de leitura\" \/>\n\t<meta name=\"twitter:data2\" content=\"7 minutos\" \/>\n<script type=\"application\/ld+json\" class=\"yoast-schema-graph\">{\"@context\":\"https:\/\/schema.org\",\"@graph\":[{\"@type\":\"Article\",\"@id\":\"https:\/\/www.notibras.com\/site\/genival-abduzido-deu-paz-a-lina-ate-a-morte\/#article\",\"isPartOf\":{\"@id\":\"https:\/\/www.notibras.com\/site\/genival-abduzido-deu-paz-a-lina-ate-a-morte\/\"},\"author\":{\"name\":\"Reda\u00e7\u00e3o\",\"@id\":\"https:\/\/www.notibras.com\/site\/#\/schema\/person\/36ab0979449956132d3e5b517ea76ac8\"},\"headline\":\"Genival, abduzido, deu paz a Lina at\u00e9 \u00e0 morte\",\"datePublished\":\"2024-03-29T11:19:35+00:00\",\"mainEntityOfPage\":{\"@id\":\"https:\/\/www.notibras.com\/site\/genival-abduzido-deu-paz-a-lina-ate-a-morte\/\"},\"wordCount\":1145,\"publisher\":{\"@id\":\"https:\/\/www.notibras.com\/site\/#organization\"},\"image\":{\"@id\":\"https:\/\/www.notibras.com\/site\/genival-abduzido-deu-paz-a-lina-ate-a-morte\/#primaryimage\"},\"thumbnailUrl\":\"https:\/\/www.notibras.com\/site\/wp-content\/uploads\/2024\/03\/renderizacao-de-objeto-voador-nao-identificado_856565-6834.jpg\",\"articleSection\":[\"Bahia\",\"Nordeste\"],\"inLanguage\":\"pt-BR\"},{\"@type\":\"WebPage\",\"@id\":\"https:\/\/www.notibras.com\/site\/genival-abduzido-deu-paz-a-lina-ate-a-morte\/\",\"url\":\"https:\/\/www.notibras.com\/site\/genival-abduzido-deu-paz-a-lina-ate-a-morte\/\",\"name\":\"Genival, abduzido, deu paz a Lina at\u00e9 \u00e0 morte - Notibras\",\"isPartOf\":{\"@id\":\"https:\/\/www.notibras.com\/site\/#website\"},\"primaryImageOfPage\":{\"@id\":\"https:\/\/www.notibras.com\/site\/genival-abduzido-deu-paz-a-lina-ate-a-morte\/#primaryimage\"},\"image\":{\"@id\":\"https:\/\/www.notibras.com\/site\/genival-abduzido-deu-paz-a-lina-ate-a-morte\/#primaryimage\"},\"thumbnailUrl\":\"https:\/\/www.notibras.com\/site\/wp-content\/uploads\/2024\/03\/renderizacao-de-objeto-voador-nao-identificado_856565-6834.jpg\",\"datePublished\":\"2024-03-29T11:19:35+00:00\",\"breadcrumb\":{\"@id\":\"https:\/\/www.notibras.com\/site\/genival-abduzido-deu-paz-a-lina-ate-a-morte\/#breadcrumb\"},\"inLanguage\":\"pt-BR\",\"potentialAction\":[{\"@type\":\"ReadAction\",\"target\":[\"https:\/\/www.notibras.com\/site\/genival-abduzido-deu-paz-a-lina-ate-a-morte\/\"]}]},{\"@type\":\"ImageObject\",\"inLanguage\":\"pt-BR\",\"@id\":\"https:\/\/www.notibras.com\/site\/genival-abduzido-deu-paz-a-lina-ate-a-morte\/#primaryimage\",\"url\":\"https:\/\/www.notibras.com\/site\/wp-content\/uploads\/2024\/03\/renderizacao-de-objeto-voador-nao-identificado_856565-6834.jpg\",\"contentUrl\":\"https:\/\/www.notibras.com\/site\/wp-content\/uploads\/2024\/03\/renderizacao-de-objeto-voador-nao-identificado_856565-6834.jpg\",\"width\":826,\"height\":463},{\"@type\":\"BreadcrumbList\",\"@id\":\"https:\/\/www.notibras.com\/site\/genival-abduzido-deu-paz-a-lina-ate-a-morte\/#breadcrumb\",\"itemListElement\":[{\"@type\":\"ListItem\",\"position\":1,\"name\":\"In\u00edcio\",\"item\":\"https:\/\/www.notibras.com\/site\/\"},{\"@type\":\"ListItem\",\"position\":2,\"name\":\"Genival, abduzido, deu paz a Lina at\u00e9 \u00e0 morte\"}]},{\"@type\":\"WebSite\",\"@id\":\"https:\/\/www.notibras.com\/site\/#website\",\"url\":\"https:\/\/www.notibras.com\/site\/\",\"name\":\"Notibras\",\"description\":\"Not\u00edcias de Bras\u00edlia, do Brasil e do Mundo\",\"publisher\":{\"@id\":\"https:\/\/www.notibras.com\/site\/#organization\"},\"potentialAction\":[{\"@type\":\"SearchAction\",\"target\":{\"@type\":\"EntryPoint\",\"urlTemplate\":\"https:\/\/www.notibras.com\/site\/?s={search_term_string}\"},\"query-input\":{\"@type\":\"PropertyValueSpecification\",\"valueRequired\":true,\"valueName\":\"search_term_string\"}}],\"inLanguage\":\"pt-BR\"},{\"@type\":\"Organization\",\"@id\":\"https:\/\/www.notibras.com\/site\/#organization\",\"name\":\"Grupo Notibras de Comunica\u00e7\u00e3o\",\"url\":\"https:\/\/www.notibras.com\/site\/\",\"logo\":{\"@type\":\"ImageObject\",\"inLanguage\":\"pt-BR\",\"@id\":\"https:\/\/www.notibras.com\/site\/#\/schema\/logo\/image\/\",\"url\":\"https:\/\/www.notibras.com\/site\/wp-content\/uploads\/2023\/01\/notibras23.png\",\"contentUrl\":\"https:\/\/www.notibras.com\/site\/wp-content\/uploads\/2023\/01\/notibras23.png\",\"width\":350,\"height\":87,\"caption\":\"Grupo Notibras de Comunica\u00e7\u00e3o\"},\"image\":{\"@id\":\"https:\/\/www.notibras.com\/site\/#\/schema\/logo\/image\/\"},\"sameAs\":[\"https:\/\/www.facebook.com\/notibras\/\",\"https:\/\/x.com\/Notibras\",\"https:\/\/www.instagram.com\/notibras\/\"]},{\"@type\":\"Person\",\"@id\":\"https:\/\/www.notibras.com\/site\/#\/schema\/person\/36ab0979449956132d3e5b517ea76ac8\",\"name\":\"Reda\u00e7\u00e3o\",\"image\":{\"@type\":\"ImageObject\",\"inLanguage\":\"pt-BR\",\"@id\":\"https:\/\/secure.gravatar.com\/avatar\/e0a867bdedb85fd243eadf09663511f96fc81e0720a4a42581f334ad4303aa6b?s=96&d=mm&r=g\",\"url\":\"https:\/\/secure.gravatar.com\/avatar\/e0a867bdedb85fd243eadf09663511f96fc81e0720a4a42581f334ad4303aa6b?s=96&d=mm&r=g\",\"contentUrl\":\"https:\/\/secure.gravatar.com\/avatar\/e0a867bdedb85fd243eadf09663511f96fc81e0720a4a42581f334ad4303aa6b?s=96&d=mm&r=g\",\"caption\":\"Reda\u00e7\u00e3o\"}}]}<\/script>\n<!-- \/ Yoast SEO plugin. -->","yoast_head_json":{"title":"Genival, abduzido, deu paz a Lina at\u00e9 \u00e0 morte - Notibras","robots":{"index":"index","follow":"follow","max-snippet":"max-snippet:-1","max-image-preview":"max-image-preview:large","max-video-preview":"max-video-preview:-1"},"canonical":"https:\/\/www.notibras.com\/site\/genival-abduzido-deu-paz-a-lina-ate-a-morte\/","og_locale":"pt_BR","og_type":"article","og_title":"Genival, abduzido, deu paz a Lina at\u00e9 \u00e0 morte - Notibras","og_description":"Aurelina Gomes Freire, conhecida por todos como Lina, mal recebeu a visita das regras, foi desposada pelo Genival, homem j\u00e1 feito, bem ali na \u00e1rea rural de Formosa do Rio Preto, Bahia. Por conta da uni\u00e3o, Lina acrescentou Sousa ao final do nome. Mal pisou no g\u00e9lido ch\u00e3o das casadas, foi apresentada \u00e0s agruras das [&hellip;]","og_url":"https:\/\/www.notibras.com\/site\/genival-abduzido-deu-paz-a-lina-ate-a-morte\/","og_site_name":"Notibras","article_publisher":"https:\/\/www.facebook.com\/notibras\/","article_published_time":"2024-03-29T11:19:35+00:00","og_image":[{"width":826,"height":463,"url":"https:\/\/www.notibras.com\/site\/wp-content\/uploads\/2024\/03\/renderizacao-de-objeto-voador-nao-identificado_856565-6834.jpg","type":"image\/jpeg"}],"author":"Reda\u00e7\u00e3o","twitter_card":"summary_large_image","twitter_creator":"@Notibras","twitter_site":"@Notibras","twitter_misc":{"Escrito por":"Reda\u00e7\u00e3o","Est. tempo de leitura":"7 minutos"},"schema":{"@context":"https:\/\/schema.org","@graph":[{"@type":"Article","@id":"https:\/\/www.notibras.com\/site\/genival-abduzido-deu-paz-a-lina-ate-a-morte\/#article","isPartOf":{"@id":"https:\/\/www.notibras.com\/site\/genival-abduzido-deu-paz-a-lina-ate-a-morte\/"},"author":{"name":"Reda\u00e7\u00e3o","@id":"https:\/\/www.notibras.com\/site\/#\/schema\/person\/36ab0979449956132d3e5b517ea76ac8"},"headline":"Genival, abduzido, deu paz a Lina at\u00e9 \u00e0 morte","datePublished":"2024-03-29T11:19:35+00:00","mainEntityOfPage":{"@id":"https:\/\/www.notibras.com\/site\/genival-abduzido-deu-paz-a-lina-ate-a-morte\/"},"wordCount":1145,"publisher":{"@id":"https:\/\/www.notibras.com\/site\/#organization"},"image":{"@id":"https:\/\/www.notibras.com\/site\/genival-abduzido-deu-paz-a-lina-ate-a-morte\/#primaryimage"},"thumbnailUrl":"https:\/\/www.notibras.com\/site\/wp-content\/uploads\/2024\/03\/renderizacao-de-objeto-voador-nao-identificado_856565-6834.jpg","articleSection":["Bahia","Nordeste"],"inLanguage":"pt-BR"},{"@type":"WebPage","@id":"https:\/\/www.notibras.com\/site\/genival-abduzido-deu-paz-a-lina-ate-a-morte\/","url":"https:\/\/www.notibras.com\/site\/genival-abduzido-deu-paz-a-lina-ate-a-morte\/","name":"Genival, abduzido, deu paz a Lina at\u00e9 \u00e0 morte - Notibras","isPartOf":{"@id":"https:\/\/www.notibras.com\/site\/#website"},"primaryImageOfPage":{"@id":"https:\/\/www.notibras.com\/site\/genival-abduzido-deu-paz-a-lina-ate-a-morte\/#primaryimage"},"image":{"@id":"https:\/\/www.notibras.com\/site\/genival-abduzido-deu-paz-a-lina-ate-a-morte\/#primaryimage"},"thumbnailUrl":"https:\/\/www.notibras.com\/site\/wp-content\/uploads\/2024\/03\/renderizacao-de-objeto-voador-nao-identificado_856565-6834.jpg","datePublished":"2024-03-29T11:19:35+00:00","breadcrumb":{"@id":"https:\/\/www.notibras.com\/site\/genival-abduzido-deu-paz-a-lina-ate-a-morte\/#breadcrumb"},"inLanguage":"pt-BR","potentialAction":[{"@type":"ReadAction","target":["https:\/\/www.notibras.com\/site\/genival-abduzido-deu-paz-a-lina-ate-a-morte\/"]}]},{"@type":"ImageObject","inLanguage":"pt-BR","@id":"https:\/\/www.notibras.com\/site\/genival-abduzido-deu-paz-a-lina-ate-a-morte\/#primaryimage","url":"https:\/\/www.notibras.com\/site\/wp-content\/uploads\/2024\/03\/renderizacao-de-objeto-voador-nao-identificado_856565-6834.jpg","contentUrl":"https:\/\/www.notibras.com\/site\/wp-content\/uploads\/2024\/03\/renderizacao-de-objeto-voador-nao-identificado_856565-6834.jpg","width":826,"height":463},{"@type":"BreadcrumbList","@id":"https:\/\/www.notibras.com\/site\/genival-abduzido-deu-paz-a-lina-ate-a-morte\/#breadcrumb","itemListElement":[{"@type":"ListItem","position":1,"name":"In\u00edcio","item":"https:\/\/www.notibras.com\/site\/"},{"@type":"ListItem","position":2,"name":"Genival, abduzido, deu paz a Lina at\u00e9 \u00e0 morte"}]},{"@type":"WebSite","@id":"https:\/\/www.notibras.com\/site\/#website","url":"https:\/\/www.notibras.com\/site\/","name":"Notibras","description":"Not\u00edcias de Bras\u00edlia, do Brasil e do Mundo","publisher":{"@id":"https:\/\/www.notibras.com\/site\/#organization"},"potentialAction":[{"@type":"SearchAction","target":{"@type":"EntryPoint","urlTemplate":"https:\/\/www.notibras.com\/site\/?s={search_term_string}"},"query-input":{"@type":"PropertyValueSpecification","valueRequired":true,"valueName":"search_term_string"}}],"inLanguage":"pt-BR"},{"@type":"Organization","@id":"https:\/\/www.notibras.com\/site\/#organization","name":"Grupo Notibras de Comunica\u00e7\u00e3o","url":"https:\/\/www.notibras.com\/site\/","logo":{"@type":"ImageObject","inLanguage":"pt-BR","@id":"https:\/\/www.notibras.com\/site\/#\/schema\/logo\/image\/","url":"https:\/\/www.notibras.com\/site\/wp-content\/uploads\/2023\/01\/notibras23.png","contentUrl":"https:\/\/www.notibras.com\/site\/wp-content\/uploads\/2023\/01\/notibras23.png","width":350,"height":87,"caption":"Grupo Notibras de Comunica\u00e7\u00e3o"},"image":{"@id":"https:\/\/www.notibras.com\/site\/#\/schema\/logo\/image\/"},"sameAs":["https:\/\/www.facebook.com\/notibras\/","https:\/\/x.com\/Notibras","https:\/\/www.instagram.com\/notibras\/"]},{"@type":"Person","@id":"https:\/\/www.notibras.com\/site\/#\/schema\/person\/36ab0979449956132d3e5b517ea76ac8","name":"Reda\u00e7\u00e3o","image":{"@type":"ImageObject","inLanguage":"pt-BR","@id":"https:\/\/secure.gravatar.com\/avatar\/e0a867bdedb85fd243eadf09663511f96fc81e0720a4a42581f334ad4303aa6b?s=96&d=mm&r=g","url":"https:\/\/secure.gravatar.com\/avatar\/e0a867bdedb85fd243eadf09663511f96fc81e0720a4a42581f334ad4303aa6b?s=96&d=mm&r=g","contentUrl":"https:\/\/secure.gravatar.com\/avatar\/e0a867bdedb85fd243eadf09663511f96fc81e0720a4a42581f334ad4303aa6b?s=96&d=mm&r=g","caption":"Reda\u00e7\u00e3o"}}]}},"amp_enabled":true,"_links":{"self":[{"href":"https:\/\/www.notibras.com\/site\/wp-json\/wp\/v2\/posts\/325606","targetHints":{"allow":["GET"]}}],"collection":[{"href":"https:\/\/www.notibras.com\/site\/wp-json\/wp\/v2\/posts"}],"about":[{"href":"https:\/\/www.notibras.com\/site\/wp-json\/wp\/v2\/types\/post"}],"author":[{"embeddable":true,"href":"https:\/\/www.notibras.com\/site\/wp-json\/wp\/v2\/users\/2"}],"replies":[{"embeddable":true,"href":"https:\/\/www.notibras.com\/site\/wp-json\/wp\/v2\/comments?post=325606"}],"version-history":[{"count":1,"href":"https:\/\/www.notibras.com\/site\/wp-json\/wp\/v2\/posts\/325606\/revisions"}],"predecessor-version":[{"id":325608,"href":"https:\/\/www.notibras.com\/site\/wp-json\/wp\/v2\/posts\/325606\/revisions\/325608"}],"wp:featuredmedia":[{"embeddable":true,"href":"https:\/\/www.notibras.com\/site\/wp-json\/wp\/v2\/media\/325607"}],"wp:attachment":[{"href":"https:\/\/www.notibras.com\/site\/wp-json\/wp\/v2\/media?parent=325606"}],"wp:term":[{"taxonomy":"category","embeddable":true,"href":"https:\/\/www.notibras.com\/site\/wp-json\/wp\/v2\/categories?post=325606"},{"taxonomy":"post_tag","embeddable":true,"href":"https:\/\/www.notibras.com\/site\/wp-json\/wp\/v2\/tags?post=325606"}],"curies":[{"name":"wp","href":"https:\/\/api.w.org\/{rel}","templated":true}]}}