{"id":325609,"date":"2024-03-29T08:44:23","date_gmt":"2024-03-29T11:44:23","guid":{"rendered":"https:\/\/www.notibras.com\/site\/?p=325609"},"modified":"2024-03-29T08:44:23","modified_gmt":"2024-03-29T11:44:23","slug":"mar-aparece-em-fotos-mas-some-na-lembranca-de-todos","status":"publish","type":"post","link":"https:\/\/www.notibras.com\/site\/mar-aparece-em-fotos-mas-some-na-lembranca-de-todos\/","title":{"rendered":"&#8216;Mar&#8230;&#8217; aparece em fotos mas some na lembran\u00e7a de todos"},"content":{"rendered":"<p>Foi uma prima distante, que me chamou a aten\u00e7\u00e3o para o fato. Um casamento, evento que agora ocorria raramente, havia nos reunido na cidade comum \u00e0 fam\u00edlia, na qual boa parte dos nossos nascera ou, se n\u00e3o, ao menos era local de refer\u00eancia em f\u00e9rias, batizados, casamentos e enterros. Era uma cidade pequena, na Zona da Mata, em Minas Gerais, onde nossos antepassados, pobres imigrantes europeus, haviam fincado ra\u00edzes e, desde ent\u00e3o, como numa progress\u00e3o geom\u00e9trica, a grande \u00e1rvore geneal\u00f3gica foi se desenvolvendo. \u00c9ramos, aquela prima e eu, a quarta gera\u00e7\u00e3o, j\u00e1 nascidos em capitais, mas, dentre trinta e tantos descendentes na mesma faixa et\u00e1ria, ainda t\u00ednhamos naquele local um porto seguro, centro de tantas boas mem\u00f3rias, de contato com os av\u00f3s e tios-av\u00f3s, as brincadeiras da inf\u00e2ncia e as aventuras da adolesc\u00eancia.<\/p>\n<p>V\u00e1rios chegaram na v\u00e9spera, uma sexta-feira qualquer, para o casamento de um primo com uma mo\u00e7a local que se daria no s\u00e1bado, ao fim da tarde. Depois, uma grande festa, que se estenderia madrugada adentro e, ap\u00f3s o almo\u00e7o do domingo, alguns ainda nos encontrar\u00edamos para as \u00faltimas conversas antes da viagem de regresso. A prima e eu, hospedados no mesmo pequeno hotel com nossos respectivos c\u00f4njuges e filhos, hav\u00edamos nos reunido no jantar em casa da av\u00f3 dela, que era prima de meu av\u00f4.<\/p>\n<p>Entre conversas e recorda\u00e7\u00f5es, uma das tias-av\u00f3s presentes sacou de um velho arm\u00e1rio um belo \u00e1lbum de fotografias, caprichosamente encadernado, onde v\u00e1rias gera\u00e7\u00f5es desfilavam diante de n\u00f3s. As p\u00e1ginas iniciais traziam fotos de uma gente sisuda e cujos olhos mostravam bem o quanto a vida deles n\u00e3o fora nada f\u00e1cil. Avan\u00e7ando nas p\u00e1ginas, as fei\u00e7\u00f5es se tornavam mais leves, um ou outro sorriso para as antigas c\u00e2meras come\u00e7avam a aparecer e \u00edamos identificando as pessoas e os eventos pelas anota\u00e7\u00f5es que eram feitas sob as imagens, as quais, pelo estilo e caligrafia, mostravam que os registros foram feitos ao longo das gera\u00e7\u00f5es.<\/p>\n<p>Numa delas, onze pessoas vestidas como no in\u00edcio do s\u00e9culo XX, em frente \u00e0 varanda de uma casa de fazenda, dos quais eu indaguei e soube serem meu bisav\u00f4 e seus irm\u00e3os, dentre os quais estava tamb\u00e9m o bisav\u00f4 de minha prima.<\/p>\n<p>\u201cMas essa hist\u00f3ria n\u00e3o confere\u201d, disse, surpreso, \u00e0 minha tia-av\u00f3. \u201cMeu av\u00f4 sempre contava que o pai dele tinha nove irm\u00e3os. N\u00e3o dez. Tenho certeza disso.\u201d<\/p>\n<p>A minha tia-av\u00f3 me olhou curiosa e respondeu: \u201cah, meu filho, disso eu n\u00e3o sei. Desses onze na foto eu s\u00f3 conheci seis. Os demais morreram ou se mudaram daqui. Deixa-me ver de quais eu lembro bem&#8230;\u201d<\/p>\n<p>E a velhinha p\u00f4s-se a enumerar nomes, profiss\u00e3o e detalhes sobre a vida daquela gente antiga, olhando-os atrav\u00e9s das pesadas lentes de seus \u00f3culos de tartaruga e, de vez em quando, parava para calcular mais ou menos a idade que cada um devia ter por ocasi\u00e3o da fotografia. Nisso, minha prima chamou a av\u00f3 dela, que veio confirmar a informa\u00e7\u00e3o que eu tinha \u2013 de que, naquela gera\u00e7\u00e3o, eram dez irm\u00e3os ao todo. E, com a ajuda de outros dois parentes mais velhos, todos no retrato foram identificados, exceto uma mo\u00e7a alta, a \u00faltima \u00e0 direita, magra, com um delicado chap\u00e9u e um vestido esvoa\u00e7ante.<\/p>\n<p>Teria sido a esposa de um deles? Uma parente presente no local por ocasi\u00e3o da chegada do fot\u00f3grafo para fazer aquela imagem? Restou a d\u00favida, que intrigou v\u00e1rios dos presentes.<\/p>\n<p>Resolvemos remover, delicadamente, a fotografia daquele \u00e1lbum, pois abaixo dela n\u00e3o havia outra informa\u00e7\u00e3o sen\u00e3o a nota, com fina caligrafia, indicando serem os \u201cirm\u00e3os Zanella, outubro de 1924\u201d. Talvez atr\u00e1s da foto, no papel cartonado, houvesse algum outro detalhe. E foi exatamente o que encontramos: uma pequena legenda, a bico de pena, registrava: \u201cIrm\u00e3os Zanella. Da esquerda para a direita: Marco, Oscare, Giorgio, Luigia, Giovanna, Constanza, Am\u00e9rico, Giovanni, Paschoalino, Isolina e Mar&#8230;\u201d O nome da \u00faltima \u00e0 direita, justamente a mo\u00e7a misteriosa, estava borrado pela cola no verso do retrato, que deve ter atingido a tinta da legenda ainda meio fresca, ou a liquefez e deteriorou quando foi presa ao \u00e1lbum. Mas ent\u00e3o, quem era \u201cMar&#8230;\u201d? Que irm\u00e3 de nossos bisav\u00f4s era aquela, de que nunca hav\u00edamos ouvido falar?<\/p>\n<p>Perguntamos a todos os mais idosos presentes naquela pequena reuni\u00e3o familiar num antigo sobrado em frente \u00e0 velha esta\u00e7\u00e3o. Nenhum sabia ao certo. Uns insistiam na hist\u00f3ria dos dez irm\u00e3os, enquanto outros admitiam poder ter havido onze. Mas quem era aquela \u00faltima? Quais eram seus descendentes dentre aquele grupo agora reunido? Ningu\u00e9m p\u00f4de responder a estas quest\u00f5es. O fascinante era que aquela mo\u00e7a, de olhar meio distante, ainda aparecia em outras fotos do \u00e1lbum, ora um pouco mais nova, ora ligeiramente mais velha, at\u00e9 as imagens come\u00e7arem a entrar pelos anos de 1930, quando n\u00e3o a achamos mais. Nenhum detalhe nas anota\u00e7\u00f5es sob cada foto. E tamb\u00e9m n\u00e3o \u00edamos ficar tirando outras fotografias do \u00e1lbum, pois corriam o risco de se estragarem.<\/p>\n<p>De repente, numa imagem que mostrava um grupo familiar em volta de nosso tio-bisav\u00f4 Giorgio que foi para a 2.\u00aa Guerra Mundial, l\u00e1 estava de novo a misteriosa familiar, com o mesmo estilo de vestido da primeira foto. Depois, surpreendentemente, aparecia na imagem tomada num casamento de dois antepassados nossos, ocorrido nos anos 50, na qual se viam v\u00e1rios daqueles fotografados quase trinta anos antes, sob o t\u00edtulo de \u201cIrm\u00e3os Zanella\u201d. Todos haviam envelhecido pelo tempo e pelos duros trabalhos, mas a irm\u00e3 sem nome se conservava estranhamente jovem e bastante parecida com a primeira apari\u00e7\u00e3o. Afinal, o que significava isso?<\/p>\n<p>Todos ficaram muito at\u00f4nitos, ainda mais porque, depois de curto hiato, a mulher voltava a aparecer \u2013 pelos anos de 1960 e 1970, at\u00e9 a \u00faltima foto do \u00e1lbum, que retratava um com\u00edcio na campanha para a prefeitura da pequena cidade, em meados de 1972, onde ela nitidamente se alinhava aos demais presentes na carroceria de um caminh\u00e3o, onde um dos primos mais velhos de minha m\u00e3e aparecia ao centro, em campanha da qual saiu vitorioso naquele ano, ao que sei a \u00fanica incurs\u00e3o de nossa fam\u00edlia na pol\u00edtica local.<\/p>\n<p>Aquela mulher remota certamente era um de nossos familiares, sempre presente aqui e ali nos importantes eventos registrados naquele \u00e1lbum, mas nada de muito objetivo os demais sabiam dela. Os que restavam vivos n\u00e3o se recordavam. Aos que j\u00e1 haviam morrido, n\u00e3o pod\u00edamos perguntar&#8230;<\/p>\n<p>Confesso que fiquei com aquela imagem na cabe\u00e7a, imaginando quem exatamente seria ela, e por que sua hist\u00f3ria havia sido deliberadamente ocultada das outras gera\u00e7\u00f5es, pois nenhum relato oral a inclu\u00eda, nenhuma nota do \u00e1lbum a revelava, enquanto os anos pareciam n\u00e3o ter surtido qualquer efeito sobre ela que conservava sempre com o mesmo jeito, o mesmo olhar, o mesmo mist\u00e9rio.<\/p>\n<p>Minha prima, em tom de brincadeira, me disse: \u201cQuem sabe a tia-bisav\u00f3 n\u00e3o vem no casamento amanh\u00e3? Talvez j\u00e1 esteja at\u00e9 na cidade, ou jamais tenha sa\u00eddo daqui. Se ela vier, a gente mata a curiosidade.\u201d<\/p>\n<p>Um estranho arrepio percorreu meu corpo naquela hora e procurei mudar de assunto, elogiando o caf\u00e9 ou algum doce servido na sobremesa.<\/p>\n<p>Mas, no dia seguinte, olhei cuidadosamente entre as fileiras de bancos da igreja matriz na hora da cerim\u00f4nia, dentre os presentes na festa realizada no clube da cidade, para ver se, no meio dos convidados, n\u00e3o conseguia distinguir a tia-bisav\u00f3 desconhecida e ter com ela alguns minutos de conversa que me pusesse em contato com meus ancestrais desaparecidos, os quais, de teimoso, eu procuro sempre manter vivos.<\/p>\n","protected":false},"excerpt":{"rendered":"<p>Foi uma prima distante, que me chamou a aten\u00e7\u00e3o para o fato. Um casamento, evento que agora ocorria raramente, havia nos reunido na cidade comum \u00e0 fam\u00edlia, na qual boa parte dos nossos nascera ou, se n\u00e3o, ao menos era local de refer\u00eancia em f\u00e9rias, batizados, casamentos e enterros. Era uma cidade pequena, na Zona [&hellip;]<\/p>\n","protected":false},"author":2,"featured_media":325610,"comment_status":"closed","ping_status":"closed","sticky":false,"template":"","format":"standard","meta":{"_acf_changed":false,"footnotes":""},"categories":[161],"tags":[],"class_list":["post-325609","post","type-post","status-publish","format-standard","has-post-thumbnail","hentry","category-quadradinho-em-foco"],"acf":[],"yoast_head":"<!-- This site is optimized with the Yoast SEO plugin v27.5 - https:\/\/yoast.com\/product\/yoast-seo-wordpress\/ -->\n<title>&#039;Mar...&#039; aparece em fotos mas some na lembran\u00e7a de todos - Notibras<\/title>\n<meta name=\"robots\" content=\"index, follow, max-snippet:-1, max-image-preview:large, max-video-preview:-1\" \/>\n<link rel=\"canonical\" href=\"https:\/\/www.notibras.com\/site\/mar-aparece-em-fotos-mas-some-na-lembranca-de-todos\/\" \/>\n<meta property=\"og:locale\" content=\"pt_BR\" \/>\n<meta property=\"og:type\" content=\"article\" \/>\n<meta property=\"og:title\" content=\"&#039;Mar...&#039; aparece em fotos mas some na lembran\u00e7a de todos - Notibras\" \/>\n<meta property=\"og:description\" content=\"Foi uma prima distante, que me chamou a aten\u00e7\u00e3o para o fato. Um casamento, evento que agora ocorria raramente, havia nos reunido na cidade comum \u00e0 fam\u00edlia, na qual boa parte dos nossos nascera ou, se n\u00e3o, ao menos era local de refer\u00eancia em f\u00e9rias, batizados, casamentos e enterros. Era uma cidade pequena, na Zona [&hellip;]\" \/>\n<meta property=\"og:url\" content=\"https:\/\/www.notibras.com\/site\/mar-aparece-em-fotos-mas-some-na-lembranca-de-todos\/\" \/>\n<meta property=\"og:site_name\" content=\"Notibras\" \/>\n<meta property=\"article:publisher\" content=\"https:\/\/www.facebook.com\/notibras\/\" \/>\n<meta property=\"article:published_time\" content=\"2024-03-29T11:44:23+00:00\" \/>\n<meta property=\"og:image\" content=\"https:\/\/www.notibras.com\/site\/wp-content\/uploads\/2024\/03\/0cd89988-c25d-4b4b-aaca-2b633f62c980.jpeg\" \/>\n\t<meta property=\"og:image:width\" content=\"1024\" \/>\n\t<meta property=\"og:image:height\" content=\"1024\" \/>\n\t<meta property=\"og:image:type\" content=\"image\/jpeg\" \/>\n<meta name=\"author\" content=\"Reda\u00e7\u00e3o\" \/>\n<meta name=\"twitter:card\" content=\"summary_large_image\" \/>\n<meta name=\"twitter:creator\" content=\"@Notibras\" \/>\n<meta name=\"twitter:site\" content=\"@Notibras\" \/>\n<meta name=\"twitter:label1\" content=\"Escrito por\" \/>\n\t<meta name=\"twitter:data1\" content=\"Reda\u00e7\u00e3o\" \/>\n\t<meta name=\"twitter:label2\" content=\"Est. tempo de leitura\" \/>\n\t<meta name=\"twitter:data2\" content=\"8 minutos\" \/>\n<script type=\"application\/ld+json\" class=\"yoast-schema-graph\">{\"@context\":\"https:\\\/\\\/schema.org\",\"@graph\":[{\"@type\":\"Article\",\"@id\":\"https:\\\/\\\/www.notibras.com\\\/site\\\/mar-aparece-em-fotos-mas-some-na-lembranca-de-todos\\\/#article\",\"isPartOf\":{\"@id\":\"https:\\\/\\\/www.notibras.com\\\/site\\\/mar-aparece-em-fotos-mas-some-na-lembranca-de-todos\\\/\"},\"author\":{\"name\":\"Reda\u00e7\u00e3o\",\"@id\":\"https:\\\/\\\/www.notibras.com\\\/site\\\/#\\\/schema\\\/person\\\/36ab0979449956132d3e5b517ea76ac8\"},\"headline\":\"&#8216;Mar&#8230;&#8217; aparece em fotos mas some na lembran\u00e7a de todos\",\"datePublished\":\"2024-03-29T11:44:23+00:00\",\"mainEntityOfPage\":{\"@id\":\"https:\\\/\\\/www.notibras.com\\\/site\\\/mar-aparece-em-fotos-mas-some-na-lembranca-de-todos\\\/\"},\"wordCount\":1343,\"publisher\":{\"@id\":\"https:\\\/\\\/www.notibras.com\\\/site\\\/#organization\"},\"image\":{\"@id\":\"https:\\\/\\\/www.notibras.com\\\/site\\\/mar-aparece-em-fotos-mas-some-na-lembranca-de-todos\\\/#primaryimage\"},\"thumbnailUrl\":\"https:\\\/\\\/www.notibras.com\\\/site\\\/wp-content\\\/uploads\\\/2024\\\/03\\\/0cd89988-c25d-4b4b-aaca-2b633f62c980.jpeg\",\"articleSection\":[\"Quadradinho em Foco\"],\"inLanguage\":\"pt-BR\"},{\"@type\":\"WebPage\",\"@id\":\"https:\\\/\\\/www.notibras.com\\\/site\\\/mar-aparece-em-fotos-mas-some-na-lembranca-de-todos\\\/\",\"url\":\"https:\\\/\\\/www.notibras.com\\\/site\\\/mar-aparece-em-fotos-mas-some-na-lembranca-de-todos\\\/\",\"name\":\"'Mar...' aparece em fotos mas some na lembran\u00e7a de todos - Notibras\",\"isPartOf\":{\"@id\":\"https:\\\/\\\/www.notibras.com\\\/site\\\/#website\"},\"primaryImageOfPage\":{\"@id\":\"https:\\\/\\\/www.notibras.com\\\/site\\\/mar-aparece-em-fotos-mas-some-na-lembranca-de-todos\\\/#primaryimage\"},\"image\":{\"@id\":\"https:\\\/\\\/www.notibras.com\\\/site\\\/mar-aparece-em-fotos-mas-some-na-lembranca-de-todos\\\/#primaryimage\"},\"thumbnailUrl\":\"https:\\\/\\\/www.notibras.com\\\/site\\\/wp-content\\\/uploads\\\/2024\\\/03\\\/0cd89988-c25d-4b4b-aaca-2b633f62c980.jpeg\",\"datePublished\":\"2024-03-29T11:44:23+00:00\",\"breadcrumb\":{\"@id\":\"https:\\\/\\\/www.notibras.com\\\/site\\\/mar-aparece-em-fotos-mas-some-na-lembranca-de-todos\\\/#breadcrumb\"},\"inLanguage\":\"pt-BR\",\"potentialAction\":[{\"@type\":\"ReadAction\",\"target\":[\"https:\\\/\\\/www.notibras.com\\\/site\\\/mar-aparece-em-fotos-mas-some-na-lembranca-de-todos\\\/\"]}]},{\"@type\":\"ImageObject\",\"inLanguage\":\"pt-BR\",\"@id\":\"https:\\\/\\\/www.notibras.com\\\/site\\\/mar-aparece-em-fotos-mas-some-na-lembranca-de-todos\\\/#primaryimage\",\"url\":\"https:\\\/\\\/www.notibras.com\\\/site\\\/wp-content\\\/uploads\\\/2024\\\/03\\\/0cd89988-c25d-4b4b-aaca-2b633f62c980.jpeg\",\"contentUrl\":\"https:\\\/\\\/www.notibras.com\\\/site\\\/wp-content\\\/uploads\\\/2024\\\/03\\\/0cd89988-c25d-4b4b-aaca-2b633f62c980.jpeg\",\"width\":1024,\"height\":1024},{\"@type\":\"BreadcrumbList\",\"@id\":\"https:\\\/\\\/www.notibras.com\\\/site\\\/mar-aparece-em-fotos-mas-some-na-lembranca-de-todos\\\/#breadcrumb\",\"itemListElement\":[{\"@type\":\"ListItem\",\"position\":1,\"name\":\"In\u00edcio\",\"item\":\"https:\\\/\\\/www.notibras.com\\\/site\\\/\"},{\"@type\":\"ListItem\",\"position\":2,\"name\":\"&#8216;Mar&#8230;&#8217; aparece em fotos mas some na lembran\u00e7a de todos\"}]},{\"@type\":\"WebSite\",\"@id\":\"https:\\\/\\\/www.notibras.com\\\/site\\\/#website\",\"url\":\"https:\\\/\\\/www.notibras.com\\\/site\\\/\",\"name\":\"Notibras\",\"description\":\"Not\u00edcias de Bras\u00edlia, do Brasil e do Mundo\",\"publisher\":{\"@id\":\"https:\\\/\\\/www.notibras.com\\\/site\\\/#organization\"},\"potentialAction\":[{\"@type\":\"SearchAction\",\"target\":{\"@type\":\"EntryPoint\",\"urlTemplate\":\"https:\\\/\\\/www.notibras.com\\\/site\\\/?s={search_term_string}\"},\"query-input\":{\"@type\":\"PropertyValueSpecification\",\"valueRequired\":true,\"valueName\":\"search_term_string\"}}],\"inLanguage\":\"pt-BR\"},{\"@type\":\"Organization\",\"@id\":\"https:\\\/\\\/www.notibras.com\\\/site\\\/#organization\",\"name\":\"Grupo Notibras de Comunica\u00e7\u00e3o\",\"url\":\"https:\\\/\\\/www.notibras.com\\\/site\\\/\",\"logo\":{\"@type\":\"ImageObject\",\"inLanguage\":\"pt-BR\",\"@id\":\"https:\\\/\\\/www.notibras.com\\\/site\\\/#\\\/schema\\\/logo\\\/image\\\/\",\"url\":\"https:\\\/\\\/www.notibras.com\\\/site\\\/wp-content\\\/uploads\\\/2023\\\/01\\\/notibras23.png\",\"contentUrl\":\"https:\\\/\\\/www.notibras.com\\\/site\\\/wp-content\\\/uploads\\\/2023\\\/01\\\/notibras23.png\",\"width\":350,\"height\":87,\"caption\":\"Grupo Notibras de Comunica\u00e7\u00e3o\"},\"image\":{\"@id\":\"https:\\\/\\\/www.notibras.com\\\/site\\\/#\\\/schema\\\/logo\\\/image\\\/\"},\"sameAs\":[\"https:\\\/\\\/www.facebook.com\\\/notibras\\\/\",\"https:\\\/\\\/x.com\\\/Notibras\",\"https:\\\/\\\/www.instagram.com\\\/notibras\\\/\"]},{\"@type\":\"Person\",\"@id\":\"https:\\\/\\\/www.notibras.com\\\/site\\\/#\\\/schema\\\/person\\\/36ab0979449956132d3e5b517ea76ac8\",\"name\":\"Reda\u00e7\u00e3o\",\"image\":{\"@type\":\"ImageObject\",\"inLanguage\":\"pt-BR\",\"@id\":\"https:\\\/\\\/secure.gravatar.com\\\/avatar\\\/e0a867bdedb85fd243eadf09663511f96fc81e0720a4a42581f334ad4303aa6b?s=96&d=mm&r=g\",\"url\":\"https:\\\/\\\/secure.gravatar.com\\\/avatar\\\/e0a867bdedb85fd243eadf09663511f96fc81e0720a4a42581f334ad4303aa6b?s=96&d=mm&r=g\",\"contentUrl\":\"https:\\\/\\\/secure.gravatar.com\\\/avatar\\\/e0a867bdedb85fd243eadf09663511f96fc81e0720a4a42581f334ad4303aa6b?s=96&d=mm&r=g\",\"caption\":\"Reda\u00e7\u00e3o\"}}]}<\/script>\n<!-- \/ Yoast SEO plugin. -->","yoast_head_json":{"title":"'Mar...' aparece em fotos mas some na lembran\u00e7a de todos - Notibras","robots":{"index":"index","follow":"follow","max-snippet":"max-snippet:-1","max-image-preview":"max-image-preview:large","max-video-preview":"max-video-preview:-1"},"canonical":"https:\/\/www.notibras.com\/site\/mar-aparece-em-fotos-mas-some-na-lembranca-de-todos\/","og_locale":"pt_BR","og_type":"article","og_title":"'Mar...' aparece em fotos mas some na lembran\u00e7a de todos - Notibras","og_description":"Foi uma prima distante, que me chamou a aten\u00e7\u00e3o para o fato. Um casamento, evento que agora ocorria raramente, havia nos reunido na cidade comum \u00e0 fam\u00edlia, na qual boa parte dos nossos nascera ou, se n\u00e3o, ao menos era local de refer\u00eancia em f\u00e9rias, batizados, casamentos e enterros. Era uma cidade pequena, na Zona [&hellip;]","og_url":"https:\/\/www.notibras.com\/site\/mar-aparece-em-fotos-mas-some-na-lembranca-de-todos\/","og_site_name":"Notibras","article_publisher":"https:\/\/www.facebook.com\/notibras\/","article_published_time":"2024-03-29T11:44:23+00:00","og_image":[{"width":1024,"height":1024,"url":"https:\/\/www.notibras.com\/site\/wp-content\/uploads\/2024\/03\/0cd89988-c25d-4b4b-aaca-2b633f62c980.jpeg","type":"image\/jpeg"}],"author":"Reda\u00e7\u00e3o","twitter_card":"summary_large_image","twitter_creator":"@Notibras","twitter_site":"@Notibras","twitter_misc":{"Escrito por":"Reda\u00e7\u00e3o","Est. tempo de leitura":"8 minutos"},"schema":{"@context":"https:\/\/schema.org","@graph":[{"@type":"Article","@id":"https:\/\/www.notibras.com\/site\/mar-aparece-em-fotos-mas-some-na-lembranca-de-todos\/#article","isPartOf":{"@id":"https:\/\/www.notibras.com\/site\/mar-aparece-em-fotos-mas-some-na-lembranca-de-todos\/"},"author":{"name":"Reda\u00e7\u00e3o","@id":"https:\/\/www.notibras.com\/site\/#\/schema\/person\/36ab0979449956132d3e5b517ea76ac8"},"headline":"&#8216;Mar&#8230;&#8217; aparece em fotos mas some na lembran\u00e7a de todos","datePublished":"2024-03-29T11:44:23+00:00","mainEntityOfPage":{"@id":"https:\/\/www.notibras.com\/site\/mar-aparece-em-fotos-mas-some-na-lembranca-de-todos\/"},"wordCount":1343,"publisher":{"@id":"https:\/\/www.notibras.com\/site\/#organization"},"image":{"@id":"https:\/\/www.notibras.com\/site\/mar-aparece-em-fotos-mas-some-na-lembranca-de-todos\/#primaryimage"},"thumbnailUrl":"https:\/\/www.notibras.com\/site\/wp-content\/uploads\/2024\/03\/0cd89988-c25d-4b4b-aaca-2b633f62c980.jpeg","articleSection":["Quadradinho em Foco"],"inLanguage":"pt-BR"},{"@type":"WebPage","@id":"https:\/\/www.notibras.com\/site\/mar-aparece-em-fotos-mas-some-na-lembranca-de-todos\/","url":"https:\/\/www.notibras.com\/site\/mar-aparece-em-fotos-mas-some-na-lembranca-de-todos\/","name":"'Mar...' aparece em fotos mas some na lembran\u00e7a de todos - Notibras","isPartOf":{"@id":"https:\/\/www.notibras.com\/site\/#website"},"primaryImageOfPage":{"@id":"https:\/\/www.notibras.com\/site\/mar-aparece-em-fotos-mas-some-na-lembranca-de-todos\/#primaryimage"},"image":{"@id":"https:\/\/www.notibras.com\/site\/mar-aparece-em-fotos-mas-some-na-lembranca-de-todos\/#primaryimage"},"thumbnailUrl":"https:\/\/www.notibras.com\/site\/wp-content\/uploads\/2024\/03\/0cd89988-c25d-4b4b-aaca-2b633f62c980.jpeg","datePublished":"2024-03-29T11:44:23+00:00","breadcrumb":{"@id":"https:\/\/www.notibras.com\/site\/mar-aparece-em-fotos-mas-some-na-lembranca-de-todos\/#breadcrumb"},"inLanguage":"pt-BR","potentialAction":[{"@type":"ReadAction","target":["https:\/\/www.notibras.com\/site\/mar-aparece-em-fotos-mas-some-na-lembranca-de-todos\/"]}]},{"@type":"ImageObject","inLanguage":"pt-BR","@id":"https:\/\/www.notibras.com\/site\/mar-aparece-em-fotos-mas-some-na-lembranca-de-todos\/#primaryimage","url":"https:\/\/www.notibras.com\/site\/wp-content\/uploads\/2024\/03\/0cd89988-c25d-4b4b-aaca-2b633f62c980.jpeg","contentUrl":"https:\/\/www.notibras.com\/site\/wp-content\/uploads\/2024\/03\/0cd89988-c25d-4b4b-aaca-2b633f62c980.jpeg","width":1024,"height":1024},{"@type":"BreadcrumbList","@id":"https:\/\/www.notibras.com\/site\/mar-aparece-em-fotos-mas-some-na-lembranca-de-todos\/#breadcrumb","itemListElement":[{"@type":"ListItem","position":1,"name":"In\u00edcio","item":"https:\/\/www.notibras.com\/site\/"},{"@type":"ListItem","position":2,"name":"&#8216;Mar&#8230;&#8217; aparece em fotos mas some na lembran\u00e7a de todos"}]},{"@type":"WebSite","@id":"https:\/\/www.notibras.com\/site\/#website","url":"https:\/\/www.notibras.com\/site\/","name":"Notibras","description":"Not\u00edcias de Bras\u00edlia, do Brasil e do Mundo","publisher":{"@id":"https:\/\/www.notibras.com\/site\/#organization"},"potentialAction":[{"@type":"SearchAction","target":{"@type":"EntryPoint","urlTemplate":"https:\/\/www.notibras.com\/site\/?s={search_term_string}"},"query-input":{"@type":"PropertyValueSpecification","valueRequired":true,"valueName":"search_term_string"}}],"inLanguage":"pt-BR"},{"@type":"Organization","@id":"https:\/\/www.notibras.com\/site\/#organization","name":"Grupo Notibras de Comunica\u00e7\u00e3o","url":"https:\/\/www.notibras.com\/site\/","logo":{"@type":"ImageObject","inLanguage":"pt-BR","@id":"https:\/\/www.notibras.com\/site\/#\/schema\/logo\/image\/","url":"https:\/\/www.notibras.com\/site\/wp-content\/uploads\/2023\/01\/notibras23.png","contentUrl":"https:\/\/www.notibras.com\/site\/wp-content\/uploads\/2023\/01\/notibras23.png","width":350,"height":87,"caption":"Grupo Notibras de Comunica\u00e7\u00e3o"},"image":{"@id":"https:\/\/www.notibras.com\/site\/#\/schema\/logo\/image\/"},"sameAs":["https:\/\/www.facebook.com\/notibras\/","https:\/\/x.com\/Notibras","https:\/\/www.instagram.com\/notibras\/"]},{"@type":"Person","@id":"https:\/\/www.notibras.com\/site\/#\/schema\/person\/36ab0979449956132d3e5b517ea76ac8","name":"Reda\u00e7\u00e3o","image":{"@type":"ImageObject","inLanguage":"pt-BR","@id":"https:\/\/secure.gravatar.com\/avatar\/e0a867bdedb85fd243eadf09663511f96fc81e0720a4a42581f334ad4303aa6b?s=96&d=mm&r=g","url":"https:\/\/secure.gravatar.com\/avatar\/e0a867bdedb85fd243eadf09663511f96fc81e0720a4a42581f334ad4303aa6b?s=96&d=mm&r=g","contentUrl":"https:\/\/secure.gravatar.com\/avatar\/e0a867bdedb85fd243eadf09663511f96fc81e0720a4a42581f334ad4303aa6b?s=96&d=mm&r=g","caption":"Reda\u00e7\u00e3o"}}]}},"amp_enabled":true,"_links":{"self":[{"href":"https:\/\/www.notibras.com\/site\/wp-json\/wp\/v2\/posts\/325609","targetHints":{"allow":["GET"]}}],"collection":[{"href":"https:\/\/www.notibras.com\/site\/wp-json\/wp\/v2\/posts"}],"about":[{"href":"https:\/\/www.notibras.com\/site\/wp-json\/wp\/v2\/types\/post"}],"author":[{"embeddable":true,"href":"https:\/\/www.notibras.com\/site\/wp-json\/wp\/v2\/users\/2"}],"replies":[{"embeddable":true,"href":"https:\/\/www.notibras.com\/site\/wp-json\/wp\/v2\/comments?post=325609"}],"version-history":[{"count":1,"href":"https:\/\/www.notibras.com\/site\/wp-json\/wp\/v2\/posts\/325609\/revisions"}],"predecessor-version":[{"id":325611,"href":"https:\/\/www.notibras.com\/site\/wp-json\/wp\/v2\/posts\/325609\/revisions\/325611"}],"wp:featuredmedia":[{"embeddable":true,"href":"https:\/\/www.notibras.com\/site\/wp-json\/wp\/v2\/media\/325610"}],"wp:attachment":[{"href":"https:\/\/www.notibras.com\/site\/wp-json\/wp\/v2\/media?parent=325609"}],"wp:term":[{"taxonomy":"category","embeddable":true,"href":"https:\/\/www.notibras.com\/site\/wp-json\/wp\/v2\/categories?post=325609"},{"taxonomy":"post_tag","embeddable":true,"href":"https:\/\/www.notibras.com\/site\/wp-json\/wp\/v2\/tags?post=325609"}],"curies":[{"name":"wp","href":"https:\/\/api.w.org\/{rel}","templated":true}]}}