{"id":325616,"date":"2024-03-29T08:02:58","date_gmt":"2024-03-29T11:02:58","guid":{"rendered":"https:\/\/www.notibras.com\/site\/?p=325616"},"modified":"2024-03-29T09:10:30","modified_gmt":"2024-03-29T12:10:30","slug":"lembranca-de-amelinha-surge-ao-vivo-sem-voz-de-elba","status":"publish","type":"post","link":"https:\/\/www.notibras.com\/site\/lembranca-de-amelinha-surge-ao-vivo-sem-voz-de-elba\/","title":{"rendered":"Lembran\u00e7a de Amelinha surge ao vivo sem voz de Elba"},"content":{"rendered":"<p>Bras\u00edlia me consome! Toda vez que preciso vir para c\u00e1, j\u00e1 sei que vou sofrer com a secura, mesmo em tempos de chuva. O nariz sangra, os l\u00e1bios precisam de boa dose de manteiga de cacau, os olhos precisam de col\u00edrio e a pele fica seca que nem a de um calango. Mas os amigos valem tamanho sacrif\u00edcio e, por isso, procuro curtir cada instante como \u00fanico.<\/p>\n<p>Uma coisa famosa e complicada por aqui s\u00e3o as tais tesourinhas. Uma s\u00e9rie de pequenos viadutos espalhados ao longo dos Eixos Sul e Norte. At\u00e9 que n\u00e3o apanho muito, mas, quando chove, \u00e9 aquele transtorno, pois a \u00e1gua fica acumulada em determinados pontos e n\u00e3o h\u00e1 carro que consiga passar, a n\u00e3o ser se voc\u00ea for o Speed Race e estiver pilotando o Mach 5.<\/p>\n<p>Mas deixemos as \u00e1guas de mar\u00e7o pro Tom Jobim. Hoje quero falar de algo que me causou espanto logo ap\u00f3s me despedir do meu grande amigo Helder, la na na UnB. Peguei meu carro e fui em dire\u00e7\u00e3o \u00e0 SQN 309 e, quando estava pr\u00f3ximo \u00e0 tesourinha, avistei uma faixa que me chamou a aten\u00e7\u00e3o. Em letras garrafais, l\u00e1 estava escrito: BRAS\u00cdLIA GOZA EM SIL\u00caNCIO. Se fosse eu o autor, tacava tr\u00eas pontos de exclama\u00e7\u00e3o para causar mais impacto ainda.<\/p>\n<p>Em vez de me causar espanto, comecei a refletir sobre tal frase. Logo me atentei que o Plano Piloto, que \u00e9 a parte do Distrito Federal em formato de avi\u00e3o, possui algo em torno de 230 mil habitantes, ou seja, \u00e9 praticamente uma Copacabana, bairro at\u00e9 de dimens\u00f5es modestas do Rio de Janeiro.<\/p>\n<p>Al\u00e9m disso, as outras Regi\u00f5es Administrativas possuem popula\u00e7\u00f5es semelhantes, com algumas distor\u00e7\u00f5es para cima e outras para baixo, mas a maior parte \u00e9 separada por quil\u00f4metros de dist\u00e2ncia. Resumindo: o DF \u00e9 um conjunto de pequenas e m\u00e9dias cidades, t\u00e3o comuns pelo interior do Brasil. Seria o povo daqui reprimido sexualmente?<\/p>\n<p>Acabei parando em um restaurante. Nem senti direito o gosto da comida, que, certamente estava deliciosa. O problema \u00e9 que comecei a confabular teses sobre o que \u00e9 o candango, at\u00e9 que me deparei com uma discuss\u00e3o na mesa ao lado.<\/p>\n<p>\u2014 Ah, isso acontece l\u00e1 na sua terra. Aqui \u00e9 diferente.<\/p>\n<p>\u2014 Que mania goiano tem de se achar melhor que todo mundo.<\/p>\n<p>\u2014 Num sou goiano, n\u00e3o. Sou brasiliense!<\/p>\n<p>\u2014 O DF \u00e9 todo cercado de Goi\u00e1s. Tu \u00e9 goiano do DF.<\/p>\n<p>Enquanto os outros componentes gargalhavam, o rapaz de Bras\u00edlia fechou a cara. Nem sei como essa contenda terminou, pois a comida no meu prato havia acabado, e eu precisava ir embora. Paguei a conta e caminhei at\u00e9 meu carro.<\/p>\n<p>Minha mente, agora mais embaralhada com aquela hist\u00f3ria de goiano do DF, n\u00e3o parava de tentar entender as pessoas daqui. Ser\u00e1 que goiano goza em sil\u00eancio? Na certa, a tal frase sobre Bras\u00edlia deve ter sido apenas algo para chamar a aten\u00e7\u00e3o.<\/p>\n<p>Na d\u00favida, mandei a fotografia da faixa para Flavio Bonesso, amigo de um amigo comum, que \u00e9 brasiliense.<\/p>\n<p>N\u00e3o demorou, ele me respondeu com uma pergunta: &#8220;Mas n\u00e3o pode nem gemer?&#8221;<\/p>\n","protected":false},"excerpt":{"rendered":"<p>Bras\u00edlia me consome! Toda vez que preciso vir para c\u00e1, j\u00e1 sei que vou sofrer com a secura, mesmo em tempos de chuva. O nariz sangra, os l\u00e1bios precisam de boa dose de manteiga de cacau, os olhos precisam de col\u00edrio e a pele fica seca que nem a de um calango. Mas os amigos [&hellip;]<\/p>\n","protected":false},"author":2,"featured_media":325617,"comment_status":"closed","ping_status":"closed","sticky":false,"template":"","format":"standard","meta":{"_acf_changed":false,"footnotes":""},"categories":[161],"tags":[],"class_list":["post-325616","post","type-post","status-publish","format-standard","has-post-thumbnail","hentry","category-quadradinho-em-foco"],"acf":[],"yoast_head":"<!-- This site is optimized with the Yoast SEO plugin v27.5 - https:\/\/yoast.com\/product\/yoast-seo-wordpress\/ -->\n<title>Lembran\u00e7a de Amelinha surge ao vivo sem voz de Elba - Notibras<\/title>\n<meta name=\"robots\" content=\"index, follow, max-snippet:-1, max-image-preview:large, max-video-preview:-1\" \/>\n<link rel=\"canonical\" href=\"https:\/\/www.notibras.com\/site\/lembranca-de-amelinha-surge-ao-vivo-sem-voz-de-elba\/\" \/>\n<meta property=\"og:locale\" content=\"pt_BR\" \/>\n<meta property=\"og:type\" content=\"article\" \/>\n<meta property=\"og:title\" content=\"Lembran\u00e7a de Amelinha surge ao vivo sem voz de Elba - Notibras\" \/>\n<meta property=\"og:description\" content=\"Bras\u00edlia me consome! Toda vez que preciso vir para c\u00e1, j\u00e1 sei que vou sofrer com a secura, mesmo em tempos de chuva. O nariz sangra, os l\u00e1bios precisam de boa dose de manteiga de cacau, os olhos precisam de col\u00edrio e a pele fica seca que nem a de um calango. Mas os amigos [&hellip;]\" \/>\n<meta property=\"og:url\" content=\"https:\/\/www.notibras.com\/site\/lembranca-de-amelinha-surge-ao-vivo-sem-voz-de-elba\/\" \/>\n<meta property=\"og:site_name\" content=\"Notibras\" \/>\n<meta property=\"article:publisher\" content=\"https:\/\/www.facebook.com\/notibras\/\" \/>\n<meta property=\"article:published_time\" content=\"2024-03-29T11:02:58+00:00\" \/>\n<meta property=\"article:modified_time\" content=\"2024-03-29T12:10:30+00:00\" \/>\n<meta property=\"og:image\" content=\"https:\/\/www.notibras.com\/site\/wp-content\/uploads\/2024\/03\/brasilia.gozo_.jpg\" \/>\n\t<meta property=\"og:image:width\" content=\"1280\" \/>\n\t<meta property=\"og:image:height\" content=\"960\" \/>\n\t<meta property=\"og:image:type\" content=\"image\/jpeg\" \/>\n<meta name=\"author\" content=\"Reda\u00e7\u00e3o\" \/>\n<meta name=\"twitter:card\" content=\"summary_large_image\" \/>\n<meta name=\"twitter:creator\" content=\"@Notibras\" \/>\n<meta name=\"twitter:site\" content=\"@Notibras\" \/>\n<meta name=\"twitter:label1\" content=\"Escrito por\" \/>\n\t<meta name=\"twitter:data1\" content=\"Reda\u00e7\u00e3o\" \/>\n\t<meta name=\"twitter:label2\" content=\"Est. tempo de leitura\" \/>\n\t<meta name=\"twitter:data2\" content=\"4 minutos\" \/>\n<script type=\"application\/ld+json\" class=\"yoast-schema-graph\">{\"@context\":\"https:\\\/\\\/schema.org\",\"@graph\":[{\"@type\":\"Article\",\"@id\":\"https:\\\/\\\/www.notibras.com\\\/site\\\/lembranca-de-amelinha-surge-ao-vivo-sem-voz-de-elba\\\/#article\",\"isPartOf\":{\"@id\":\"https:\\\/\\\/www.notibras.com\\\/site\\\/lembranca-de-amelinha-surge-ao-vivo-sem-voz-de-elba\\\/\"},\"author\":{\"name\":\"Reda\u00e7\u00e3o\",\"@id\":\"https:\\\/\\\/www.notibras.com\\\/site\\\/#\\\/schema\\\/person\\\/36ab0979449956132d3e5b517ea76ac8\"},\"headline\":\"Lembran\u00e7a de Amelinha surge ao vivo sem voz de Elba\",\"datePublished\":\"2024-03-29T11:02:58+00:00\",\"dateModified\":\"2024-03-29T12:10:30+00:00\",\"mainEntityOfPage\":{\"@id\":\"https:\\\/\\\/www.notibras.com\\\/site\\\/lembranca-de-amelinha-surge-ao-vivo-sem-voz-de-elba\\\/\"},\"wordCount\":543,\"publisher\":{\"@id\":\"https:\\\/\\\/www.notibras.com\\\/site\\\/#organization\"},\"image\":{\"@id\":\"https:\\\/\\\/www.notibras.com\\\/site\\\/lembranca-de-amelinha-surge-ao-vivo-sem-voz-de-elba\\\/#primaryimage\"},\"thumbnailUrl\":\"https:\\\/\\\/www.notibras.com\\\/site\\\/wp-content\\\/uploads\\\/2024\\\/03\\\/brasilia.gozo_.jpg\",\"articleSection\":[\"Quadradinho em Foco\"],\"inLanguage\":\"pt-BR\"},{\"@type\":\"WebPage\",\"@id\":\"https:\\\/\\\/www.notibras.com\\\/site\\\/lembranca-de-amelinha-surge-ao-vivo-sem-voz-de-elba\\\/\",\"url\":\"https:\\\/\\\/www.notibras.com\\\/site\\\/lembranca-de-amelinha-surge-ao-vivo-sem-voz-de-elba\\\/\",\"name\":\"Lembran\u00e7a de Amelinha surge ao vivo sem voz de Elba - Notibras\",\"isPartOf\":{\"@id\":\"https:\\\/\\\/www.notibras.com\\\/site\\\/#website\"},\"primaryImageOfPage\":{\"@id\":\"https:\\\/\\\/www.notibras.com\\\/site\\\/lembranca-de-amelinha-surge-ao-vivo-sem-voz-de-elba\\\/#primaryimage\"},\"image\":{\"@id\":\"https:\\\/\\\/www.notibras.com\\\/site\\\/lembranca-de-amelinha-surge-ao-vivo-sem-voz-de-elba\\\/#primaryimage\"},\"thumbnailUrl\":\"https:\\\/\\\/www.notibras.com\\\/site\\\/wp-content\\\/uploads\\\/2024\\\/03\\\/brasilia.gozo_.jpg\",\"datePublished\":\"2024-03-29T11:02:58+00:00\",\"dateModified\":\"2024-03-29T12:10:30+00:00\",\"breadcrumb\":{\"@id\":\"https:\\\/\\\/www.notibras.com\\\/site\\\/lembranca-de-amelinha-surge-ao-vivo-sem-voz-de-elba\\\/#breadcrumb\"},\"inLanguage\":\"pt-BR\",\"potentialAction\":[{\"@type\":\"ReadAction\",\"target\":[\"https:\\\/\\\/www.notibras.com\\\/site\\\/lembranca-de-amelinha-surge-ao-vivo-sem-voz-de-elba\\\/\"]}]},{\"@type\":\"ImageObject\",\"inLanguage\":\"pt-BR\",\"@id\":\"https:\\\/\\\/www.notibras.com\\\/site\\\/lembranca-de-amelinha-surge-ao-vivo-sem-voz-de-elba\\\/#primaryimage\",\"url\":\"https:\\\/\\\/www.notibras.com\\\/site\\\/wp-content\\\/uploads\\\/2024\\\/03\\\/brasilia.gozo_.jpg\",\"contentUrl\":\"https:\\\/\\\/www.notibras.com\\\/site\\\/wp-content\\\/uploads\\\/2024\\\/03\\\/brasilia.gozo_.jpg\",\"width\":1280,\"height\":960},{\"@type\":\"BreadcrumbList\",\"@id\":\"https:\\\/\\\/www.notibras.com\\\/site\\\/lembranca-de-amelinha-surge-ao-vivo-sem-voz-de-elba\\\/#breadcrumb\",\"itemListElement\":[{\"@type\":\"ListItem\",\"position\":1,\"name\":\"In\u00edcio\",\"item\":\"https:\\\/\\\/www.notibras.com\\\/site\\\/\"},{\"@type\":\"ListItem\",\"position\":2,\"name\":\"Lembran\u00e7a de Amelinha surge ao vivo sem voz de Elba\"}]},{\"@type\":\"WebSite\",\"@id\":\"https:\\\/\\\/www.notibras.com\\\/site\\\/#website\",\"url\":\"https:\\\/\\\/www.notibras.com\\\/site\\\/\",\"name\":\"Notibras\",\"description\":\"Not\u00edcias de Bras\u00edlia, do Brasil e do Mundo\",\"publisher\":{\"@id\":\"https:\\\/\\\/www.notibras.com\\\/site\\\/#organization\"},\"potentialAction\":[{\"@type\":\"SearchAction\",\"target\":{\"@type\":\"EntryPoint\",\"urlTemplate\":\"https:\\\/\\\/www.notibras.com\\\/site\\\/?s={search_term_string}\"},\"query-input\":{\"@type\":\"PropertyValueSpecification\",\"valueRequired\":true,\"valueName\":\"search_term_string\"}}],\"inLanguage\":\"pt-BR\"},{\"@type\":\"Organization\",\"@id\":\"https:\\\/\\\/www.notibras.com\\\/site\\\/#organization\",\"name\":\"Grupo Notibras de Comunica\u00e7\u00e3o\",\"url\":\"https:\\\/\\\/www.notibras.com\\\/site\\\/\",\"logo\":{\"@type\":\"ImageObject\",\"inLanguage\":\"pt-BR\",\"@id\":\"https:\\\/\\\/www.notibras.com\\\/site\\\/#\\\/schema\\\/logo\\\/image\\\/\",\"url\":\"https:\\\/\\\/www.notibras.com\\\/site\\\/wp-content\\\/uploads\\\/2023\\\/01\\\/notibras23.png\",\"contentUrl\":\"https:\\\/\\\/www.notibras.com\\\/site\\\/wp-content\\\/uploads\\\/2023\\\/01\\\/notibras23.png\",\"width\":350,\"height\":87,\"caption\":\"Grupo Notibras de Comunica\u00e7\u00e3o\"},\"image\":{\"@id\":\"https:\\\/\\\/www.notibras.com\\\/site\\\/#\\\/schema\\\/logo\\\/image\\\/\"},\"sameAs\":[\"https:\\\/\\\/www.facebook.com\\\/notibras\\\/\",\"https:\\\/\\\/x.com\\\/Notibras\",\"https:\\\/\\\/www.instagram.com\\\/notibras\\\/\"]},{\"@type\":\"Person\",\"@id\":\"https:\\\/\\\/www.notibras.com\\\/site\\\/#\\\/schema\\\/person\\\/36ab0979449956132d3e5b517ea76ac8\",\"name\":\"Reda\u00e7\u00e3o\",\"image\":{\"@type\":\"ImageObject\",\"inLanguage\":\"pt-BR\",\"@id\":\"https:\\\/\\\/secure.gravatar.com\\\/avatar\\\/e0a867bdedb85fd243eadf09663511f96fc81e0720a4a42581f334ad4303aa6b?s=96&d=mm&r=g\",\"url\":\"https:\\\/\\\/secure.gravatar.com\\\/avatar\\\/e0a867bdedb85fd243eadf09663511f96fc81e0720a4a42581f334ad4303aa6b?s=96&d=mm&r=g\",\"contentUrl\":\"https:\\\/\\\/secure.gravatar.com\\\/avatar\\\/e0a867bdedb85fd243eadf09663511f96fc81e0720a4a42581f334ad4303aa6b?s=96&d=mm&r=g\",\"caption\":\"Reda\u00e7\u00e3o\"}}]}<\/script>\n<!-- \/ Yoast SEO plugin. -->","yoast_head_json":{"title":"Lembran\u00e7a de Amelinha surge ao vivo sem voz de Elba - Notibras","robots":{"index":"index","follow":"follow","max-snippet":"max-snippet:-1","max-image-preview":"max-image-preview:large","max-video-preview":"max-video-preview:-1"},"canonical":"https:\/\/www.notibras.com\/site\/lembranca-de-amelinha-surge-ao-vivo-sem-voz-de-elba\/","og_locale":"pt_BR","og_type":"article","og_title":"Lembran\u00e7a de Amelinha surge ao vivo sem voz de Elba - Notibras","og_description":"Bras\u00edlia me consome! Toda vez que preciso vir para c\u00e1, j\u00e1 sei que vou sofrer com a secura, mesmo em tempos de chuva. O nariz sangra, os l\u00e1bios precisam de boa dose de manteiga de cacau, os olhos precisam de col\u00edrio e a pele fica seca que nem a de um calango. Mas os amigos [&hellip;]","og_url":"https:\/\/www.notibras.com\/site\/lembranca-de-amelinha-surge-ao-vivo-sem-voz-de-elba\/","og_site_name":"Notibras","article_publisher":"https:\/\/www.facebook.com\/notibras\/","article_published_time":"2024-03-29T11:02:58+00:00","article_modified_time":"2024-03-29T12:10:30+00:00","og_image":[{"width":1280,"height":960,"url":"https:\/\/www.notibras.com\/site\/wp-content\/uploads\/2024\/03\/brasilia.gozo_.jpg","type":"image\/jpeg"}],"author":"Reda\u00e7\u00e3o","twitter_card":"summary_large_image","twitter_creator":"@Notibras","twitter_site":"@Notibras","twitter_misc":{"Escrito por":"Reda\u00e7\u00e3o","Est. tempo de leitura":"4 minutos"},"schema":{"@context":"https:\/\/schema.org","@graph":[{"@type":"Article","@id":"https:\/\/www.notibras.com\/site\/lembranca-de-amelinha-surge-ao-vivo-sem-voz-de-elba\/#article","isPartOf":{"@id":"https:\/\/www.notibras.com\/site\/lembranca-de-amelinha-surge-ao-vivo-sem-voz-de-elba\/"},"author":{"name":"Reda\u00e7\u00e3o","@id":"https:\/\/www.notibras.com\/site\/#\/schema\/person\/36ab0979449956132d3e5b517ea76ac8"},"headline":"Lembran\u00e7a de Amelinha surge ao vivo sem voz de Elba","datePublished":"2024-03-29T11:02:58+00:00","dateModified":"2024-03-29T12:10:30+00:00","mainEntityOfPage":{"@id":"https:\/\/www.notibras.com\/site\/lembranca-de-amelinha-surge-ao-vivo-sem-voz-de-elba\/"},"wordCount":543,"publisher":{"@id":"https:\/\/www.notibras.com\/site\/#organization"},"image":{"@id":"https:\/\/www.notibras.com\/site\/lembranca-de-amelinha-surge-ao-vivo-sem-voz-de-elba\/#primaryimage"},"thumbnailUrl":"https:\/\/www.notibras.com\/site\/wp-content\/uploads\/2024\/03\/brasilia.gozo_.jpg","articleSection":["Quadradinho em Foco"],"inLanguage":"pt-BR"},{"@type":"WebPage","@id":"https:\/\/www.notibras.com\/site\/lembranca-de-amelinha-surge-ao-vivo-sem-voz-de-elba\/","url":"https:\/\/www.notibras.com\/site\/lembranca-de-amelinha-surge-ao-vivo-sem-voz-de-elba\/","name":"Lembran\u00e7a de Amelinha surge ao vivo sem voz de Elba - Notibras","isPartOf":{"@id":"https:\/\/www.notibras.com\/site\/#website"},"primaryImageOfPage":{"@id":"https:\/\/www.notibras.com\/site\/lembranca-de-amelinha-surge-ao-vivo-sem-voz-de-elba\/#primaryimage"},"image":{"@id":"https:\/\/www.notibras.com\/site\/lembranca-de-amelinha-surge-ao-vivo-sem-voz-de-elba\/#primaryimage"},"thumbnailUrl":"https:\/\/www.notibras.com\/site\/wp-content\/uploads\/2024\/03\/brasilia.gozo_.jpg","datePublished":"2024-03-29T11:02:58+00:00","dateModified":"2024-03-29T12:10:30+00:00","breadcrumb":{"@id":"https:\/\/www.notibras.com\/site\/lembranca-de-amelinha-surge-ao-vivo-sem-voz-de-elba\/#breadcrumb"},"inLanguage":"pt-BR","potentialAction":[{"@type":"ReadAction","target":["https:\/\/www.notibras.com\/site\/lembranca-de-amelinha-surge-ao-vivo-sem-voz-de-elba\/"]}]},{"@type":"ImageObject","inLanguage":"pt-BR","@id":"https:\/\/www.notibras.com\/site\/lembranca-de-amelinha-surge-ao-vivo-sem-voz-de-elba\/#primaryimage","url":"https:\/\/www.notibras.com\/site\/wp-content\/uploads\/2024\/03\/brasilia.gozo_.jpg","contentUrl":"https:\/\/www.notibras.com\/site\/wp-content\/uploads\/2024\/03\/brasilia.gozo_.jpg","width":1280,"height":960},{"@type":"BreadcrumbList","@id":"https:\/\/www.notibras.com\/site\/lembranca-de-amelinha-surge-ao-vivo-sem-voz-de-elba\/#breadcrumb","itemListElement":[{"@type":"ListItem","position":1,"name":"In\u00edcio","item":"https:\/\/www.notibras.com\/site\/"},{"@type":"ListItem","position":2,"name":"Lembran\u00e7a de Amelinha surge ao vivo sem voz de Elba"}]},{"@type":"WebSite","@id":"https:\/\/www.notibras.com\/site\/#website","url":"https:\/\/www.notibras.com\/site\/","name":"Notibras","description":"Not\u00edcias de Bras\u00edlia, do Brasil e do Mundo","publisher":{"@id":"https:\/\/www.notibras.com\/site\/#organization"},"potentialAction":[{"@type":"SearchAction","target":{"@type":"EntryPoint","urlTemplate":"https:\/\/www.notibras.com\/site\/?s={search_term_string}"},"query-input":{"@type":"PropertyValueSpecification","valueRequired":true,"valueName":"search_term_string"}}],"inLanguage":"pt-BR"},{"@type":"Organization","@id":"https:\/\/www.notibras.com\/site\/#organization","name":"Grupo Notibras de Comunica\u00e7\u00e3o","url":"https:\/\/www.notibras.com\/site\/","logo":{"@type":"ImageObject","inLanguage":"pt-BR","@id":"https:\/\/www.notibras.com\/site\/#\/schema\/logo\/image\/","url":"https:\/\/www.notibras.com\/site\/wp-content\/uploads\/2023\/01\/notibras23.png","contentUrl":"https:\/\/www.notibras.com\/site\/wp-content\/uploads\/2023\/01\/notibras23.png","width":350,"height":87,"caption":"Grupo Notibras de Comunica\u00e7\u00e3o"},"image":{"@id":"https:\/\/www.notibras.com\/site\/#\/schema\/logo\/image\/"},"sameAs":["https:\/\/www.facebook.com\/notibras\/","https:\/\/x.com\/Notibras","https:\/\/www.instagram.com\/notibras\/"]},{"@type":"Person","@id":"https:\/\/www.notibras.com\/site\/#\/schema\/person\/36ab0979449956132d3e5b517ea76ac8","name":"Reda\u00e7\u00e3o","image":{"@type":"ImageObject","inLanguage":"pt-BR","@id":"https:\/\/secure.gravatar.com\/avatar\/e0a867bdedb85fd243eadf09663511f96fc81e0720a4a42581f334ad4303aa6b?s=96&d=mm&r=g","url":"https:\/\/secure.gravatar.com\/avatar\/e0a867bdedb85fd243eadf09663511f96fc81e0720a4a42581f334ad4303aa6b?s=96&d=mm&r=g","contentUrl":"https:\/\/secure.gravatar.com\/avatar\/e0a867bdedb85fd243eadf09663511f96fc81e0720a4a42581f334ad4303aa6b?s=96&d=mm&r=g","caption":"Reda\u00e7\u00e3o"}}]}},"amp_enabled":true,"_links":{"self":[{"href":"https:\/\/www.notibras.com\/site\/wp-json\/wp\/v2\/posts\/325616","targetHints":{"allow":["GET"]}}],"collection":[{"href":"https:\/\/www.notibras.com\/site\/wp-json\/wp\/v2\/posts"}],"about":[{"href":"https:\/\/www.notibras.com\/site\/wp-json\/wp\/v2\/types\/post"}],"author":[{"embeddable":true,"href":"https:\/\/www.notibras.com\/site\/wp-json\/wp\/v2\/users\/2"}],"replies":[{"embeddable":true,"href":"https:\/\/www.notibras.com\/site\/wp-json\/wp\/v2\/comments?post=325616"}],"version-history":[{"count":2,"href":"https:\/\/www.notibras.com\/site\/wp-json\/wp\/v2\/posts\/325616\/revisions"}],"predecessor-version":[{"id":325619,"href":"https:\/\/www.notibras.com\/site\/wp-json\/wp\/v2\/posts\/325616\/revisions\/325619"}],"wp:featuredmedia":[{"embeddable":true,"href":"https:\/\/www.notibras.com\/site\/wp-json\/wp\/v2\/media\/325617"}],"wp:attachment":[{"href":"https:\/\/www.notibras.com\/site\/wp-json\/wp\/v2\/media?parent=325616"}],"wp:term":[{"taxonomy":"category","embeddable":true,"href":"https:\/\/www.notibras.com\/site\/wp-json\/wp\/v2\/categories?post=325616"},{"taxonomy":"post_tag","embeddable":true,"href":"https:\/\/www.notibras.com\/site\/wp-json\/wp\/v2\/tags?post=325616"}],"curies":[{"name":"wp","href":"https:\/\/api.w.org\/{rel}","templated":true}]}}