{"id":325647,"date":"2024-03-30T08:31:50","date_gmt":"2024-03-30T11:31:50","guid":{"rendered":"https:\/\/www.notibras.com\/site\/?p=325647"},"modified":"2024-03-30T08:32:40","modified_gmt":"2024-03-30T11:32:40","slug":"policial-autista-vive-dia-de-cao-em-dia-de-plantao","status":"publish","type":"post","link":"https:\/\/www.notibras.com\/site\/policial-autista-vive-dia-de-cao-em-dia-de-plantao\/","title":{"rendered":"Policial autista vive dia de c\u00e3o em dia de plant\u00e3o"},"content":{"rendered":"<p>Mal cruzo o port\u00e3o do p\u00e1tio, percebo uma enorme aglomera\u00e7\u00e3o diante do antigo pr\u00e9dio da delegacia. Viaturas com aquelas luzes ligadas, num infinito giro. Estaciono na mesma vaga de sempre, debaixo de uma mangueira. Desligo o carro e espero alguns minutos. Preciso encarar aquele mart\u00edrio mais uma vez.<\/p>\n<p>Meu nome \u00e9 Roberto Matos, mas meus colegas me chamam simplesmente de Beto. N\u00e3o que sejamos \u00edntimos, mas, talvez, o longo conv\u00edvio os tenha enganado sobre isso. Na verdade, isso \u00e9 apenas um detalhe sem import\u00e2ncia, j\u00e1 que nem ligo se me chamam de Beto, Roberto, Matos ou qualquer outra alcunha.<\/p>\n<p>H\u00e1 quase 20 anos, certamente por um momento de insensatez, me tornei inspetor de pol\u00edcia. Deveria ter seguido meu caminho de t\u00e9cnico de inform\u00e1tica em outro \u00f3rg\u00e3o, onde meu dia a dia fosse apenas de computadores e a minha mente. \u00c9 verdade que teria que conviver com vozes de outros funcion\u00e1rios, mas nada que se compare ao rebu que sou exposto nesses infernais plant\u00f5es.<\/p>\n<p>Para voc\u00ea, que talvez desconhe\u00e7a como \u00e9 a minha rotina, vou fazer uma breve exposi\u00e7\u00e3o. Como mencionei, sou plantonista e, por isso, sujeito \u00e0 escala, que, no meu caso, se d\u00e1 da seguinte maneira: entro \u00e0s 8h e saio \u00e0s 20h desse mesmo dia. Volto para casa e, no dia seguinte, entro \u00e0s 20h e fico at\u00e9 as 8h do pr\u00f3ximo dia. Da\u00ed, volto para casa e descanso por 72h e assim sucessivamente at\u00e9 me aposentar ou, ent\u00e3o, que eu n\u00e3o consiga mais suportar tal situa\u00e7\u00e3o.<\/p>\n<p>Moro relativamente perto do trabalho, o que faz com que eu chegue em no m\u00e1ximo 30 minutos, dependendo do tr\u00e2nsito. Meus colegas me dizem que acordam por volta das 7h, tomam caf\u00e9 da manh\u00e3, entram debaixo do chuveiro e, sem se apressarem, chegam \u00e0 delegacia no hor\u00e1rio ou, no m\u00e1ximo, 15 ou 20 minutos ap\u00f3s. N\u00e3o consigo fazer o mesmo.<\/p>\n<p>Demoro a pregar os olhos j\u00e1 na noite anterior e coloco v\u00e1rios alarmes no meu celular, sendo o primeiro \u00e0s 2h e os subsequentes a cada 20 minutos. Ergo meu corpo e vou direto para a cozinha, onde espremo dois lim\u00f5es em um copo de vidro. Completo com \u00e1gua e bebo.<\/p>\n<p>Logo em seguida, come\u00e7o a erguer meu corpo na barra fixa \u00e0 porta que divide a cozinha e a sala. S\u00e3o in\u00fameras repeti\u00e7\u00f5es, que fazem com que minha mente comece a concatenar as ideias. E, entre uma sess\u00e3o e outra, assim que se passam 30 minutos, escovo os dentes.<\/p>\n<p>Retorno para a cozinha, onde coloco \u00e1gua na mesma panela e a deposito sobre a mesma boca do fog\u00e3o. Volto a erguer meu corpo na barra fixa e, antes que a \u00e1gua ferva, eis que coloco tr\u00eas colheres cheias de p\u00f3 de caf\u00e9 no coador de pano de sempre. N\u00e3o demora, o caf\u00e9 est\u00e1 pronto.<\/p>\n<p>Despejo um pouco na mesma x\u00edcara que conhece meus l\u00e1bios h\u00e1 anos. Meus pensamentos come\u00e7am a se organizar com mais desenvoltura. Mentalmente planejo as pr\u00f3ximas a\u00e7\u00f5es, enquanto a garrafa t\u00e9rmica cospe suas \u00faltimas gotas. Hora de tomar banho.<\/p>\n<p>Depois do banho, escovo os dentes novamente, enquanto observo meu rosto magro, olhos profundos, como se quisessem entender aquele homem que os encara. Nenhuma palavra, apesar da umidade que, n\u00e3o raro, escorre por sua face.<\/p>\n<p>Eis que, ainda dentro do autom\u00f3vel, tento postergar outro dia de sofrimento. Mais alguns minutos, preciso abrir a porta e encarar aquilo tudo. Passo por um colega, que est\u00e1 saindo do plant\u00e3o. Ele me cumprimenta e eu, sorridente, digo algo amig\u00e1vel. Prossigo no meu papel e finalmente coloco os p\u00e9s na delegacia. Vozes ensurdecedoras ao meu redor. Se elas soubessem o que se passa na minha mente, certamente se calariam.<\/p>\n<p>Sento na mesma cadeira de sempre, em frente ao primeiro computador da direita, ao lado da porta de grade. Antes que eu tenha chance de ligar o computador, algu\u00e9m se aproxima e me pergunta se estou livre. Esbo\u00e7o um sorriso, enquanto a mulher, praticamente da minha idade, se senta e come\u00e7a a tagarelar. Falo para ela aguardar um pouco at\u00e9 que eu ligue o computador.<\/p>\n<p>A mulher, impaciente, tenta puxar conversa, enquanto eu procuro me fixar na tela, que demora a dar sinais de vida. Finalmente, as primeiras luzes brilham e sou transportado para um dia de sol na praia do Per\u00f3, onde costumava passar os ver\u00f5es nos long\u00ednquos anos 1970. N\u00e3o sei quanto tempo fico nesse devaneio, at\u00e9 que algu\u00e9m me toca no ombro. \u00c9 o Sousa, policial da equipe que est\u00e1 saindo.<\/p>\n<p>\u2014 Beto, voc\u00ea pode trocar o plant\u00e3o noturno da sexta pelo noturno de domingo?<\/p>\n<p>\u2014 Preciso ver nas anota\u00e7\u00f5es que est\u00e3o no carro. Me mande uma mensagem, que te respondo mais tarde. Pode ser?<\/p>\n<p>Sousa \u00e9 um dos poucos que parou de me torrar a paci\u00eancia para arrumar uma agenda eletr\u00f4nica, que pode ser instalada no celular. Ele me d\u00e1 um leve toque no ombro e nos despedimos, cada um com um sorriso, sendo o dele muito mais franco do que o meu.<\/p>\n<p>Volto os olhos para a tela. O computador, ao contr\u00e1rio de mim, parece estar pronto para mais um dia de trabalho. Respiro fundo e come\u00e7o a atender a primeira cliente do dia, que promete ser ainda mais doloroso.<\/p>\n<p>Depois de ouvir todas as lam\u00farias da mulher \u00e0 minha frente, chegam dois homens se acusando mutualmente sobre um golpe de um site de vendas da internet. Enquanto tagarelam, procuro me concentrar em algo mais prazeroso, o horizonte. No entanto, um homem esqu\u00e1lido encosta na porta de grades e me pergunta se o inspetor Lima j\u00e1 havia chegado. Respondi que ele s\u00f3 viria \u00e0 tarde.<\/p>\n<p>Volto minha aten\u00e7\u00e3o aos dois homens, que n\u00e3o param de discutir, at\u00e9 que pe\u00e7o para que os dois se sentem. Explico que eles eram v\u00edtimas, e que o golpista era outro, que provavelmente estava em outro estado. Eles me olham com cara de incr\u00e9dulos, at\u00e9 que os dois se viram para mim e perguntam quase ao mesmo tempo: &#8220;O senhor tamb\u00e9m j\u00e1 caiu nesse golpe?&#8221;<\/p>\n<p>Olho para aqueles rostos col\u00e9ricos e respondo que n\u00e3o, mas conhecia como o golpe funcionava, tamanho o n\u00famero de vezes que havia registrado situa\u00e7\u00f5es semelhantes. Levo quase uma hora para terminar o boletim de ocorr\u00eancia. Os sujeitos, agora mais calmos, agradecem e saem conversando amigavelmente. N\u00e3o duvido que, dali, foram tomar uma cerveja.<\/p>\n<p>Meu dia ainda estava longe de terminar. O pr\u00f3ximo cliente \u00e9 um senhor de quase dois metros, uns cento e n\u00e3o sei quantos quilos. Ele se senta e minha mente n\u00e3o para de imaginar que, logo, a cadeira n\u00e3o aguentar\u00e1 tanto peso e o homenzarr\u00e3o desabar\u00e1 no ch\u00e3o frio da delegacia. Instintivamente, levo as m\u00e3os aos ouvidos, mas nada acontece. A cadeira tem l\u00e1 seu m\u00e9rito. Apesar de capenga, parece ser de bom material.<\/p>\n<p>Pergunto para o homem qual o motivo de sua ida \u00e0 delegacia. Antes n\u00e3o tivesse perguntado e, melhor ainda, antes tivesse mantido as m\u00e3os nos ouvidos. A sua voz me reporta a uma araponga. N\u00e3o consigo prestar aten\u00e7\u00e3o nas palavras, mas apenas no irritante som. Quero fugir dali e, ent\u00e3o, me levanto e digo que preciso ir ao banheiro.<\/p>\n<p>Levo n\u00e3o sei quanto tempo, at\u00e9 que, recomposto, retorno. Por sorte, o Geneci, colega de equipe, estava atendendo o senhor Araponga. Afinal, o sujeito queria apenas registrar o extravio da sua carteira de motorista. Mal me sento, o Geneci entrega o boletim de ocorr\u00eancia para o cliente, que agradece e, ainda bem, sai para bater asas em outras paisagens.<\/p>\n<p>Outras tantas situa\u00e7\u00f5es ca\u00f3ticas acontecem ao longo do expediente. Finalmente, \u00e9 hora de recolher os trapos e voltar para o meu ref\u00fagio. Entro em casa, minha mulher me pergunta como foi o plant\u00e3o. N\u00e3o tenho vontade de responder, mas me esfor\u00e7o para sorrir. Beijo-lhe a face e me sento no sof\u00e1 por quase meia hora.<\/p>\n<p>\u2014 Vai tomar banho agora, Beto?<\/p>\n<p>Levanto meu corpo carcomido e vou em dire\u00e7\u00e3o ao banheiro. Debaixo do chuveiro, volto meu rosto para a \u00e1gua que cai morna. As l\u00e1grimas s\u00e3o levadas, nem sei se foram notadas pela minha esposa, que est\u00e1 ali com a toalha na m\u00e3o. Saio do box e Laura me cobre como se eu fosse um beb\u00ea. Ela me beija os l\u00e1bios e me diz: &#8220;Vai ficar tudo bem. Eu te amo!&#8221;<\/p>\n","protected":false},"excerpt":{"rendered":"<p>Mal cruzo o port\u00e3o do p\u00e1tio, percebo uma enorme aglomera\u00e7\u00e3o diante do antigo pr\u00e9dio da delegacia. Viaturas com aquelas luzes ligadas, num infinito giro. Estaciono na mesma vaga de sempre, debaixo de uma mangueira. Desligo o carro e espero alguns minutos. Preciso encarar aquele mart\u00edrio mais uma vez. Meu nome \u00e9 Roberto Matos, mas meus [&hellip;]<\/p>\n","protected":false},"author":2,"featured_media":325649,"comment_status":"closed","ping_status":"closed","sticky":false,"template":"","format":"standard","meta":{"_acf_changed":false,"footnotes":""},"categories":[161],"tags":[],"class_list":["post-325647","post","type-post","status-publish","format-standard","has-post-thumbnail","hentry","category-quadradinho-em-foco"],"acf":[],"yoast_head":"<!-- This site is optimized with the Yoast SEO plugin v27.5 - https:\/\/yoast.com\/product\/yoast-seo-wordpress\/ -->\n<title>Policial autista vive dia de c\u00e3o em dia de plant\u00e3o - Notibras<\/title>\n<meta name=\"robots\" content=\"index, follow, max-snippet:-1, max-image-preview:large, max-video-preview:-1\" \/>\n<link rel=\"canonical\" href=\"https:\/\/www.notibras.com\/site\/policial-autista-vive-dia-de-cao-em-dia-de-plantao\/\" \/>\n<meta property=\"og:locale\" content=\"pt_BR\" \/>\n<meta property=\"og:type\" content=\"article\" \/>\n<meta property=\"og:title\" content=\"Policial autista vive dia de c\u00e3o em dia de plant\u00e3o - Notibras\" \/>\n<meta property=\"og:description\" content=\"Mal cruzo o port\u00e3o do p\u00e1tio, percebo uma enorme aglomera\u00e7\u00e3o diante do antigo pr\u00e9dio da delegacia. Viaturas com aquelas luzes ligadas, num infinito giro. Estaciono na mesma vaga de sempre, debaixo de uma mangueira. Desligo o carro e espero alguns minutos. Preciso encarar aquele mart\u00edrio mais uma vez. Meu nome \u00e9 Roberto Matos, mas meus [&hellip;]\" \/>\n<meta property=\"og:url\" content=\"https:\/\/www.notibras.com\/site\/policial-autista-vive-dia-de-cao-em-dia-de-plantao\/\" \/>\n<meta property=\"og:site_name\" content=\"Notibras\" \/>\n<meta property=\"article:publisher\" content=\"https:\/\/www.facebook.com\/notibras\/\" \/>\n<meta property=\"article:published_time\" content=\"2024-03-30T11:31:50+00:00\" \/>\n<meta property=\"article:modified_time\" content=\"2024-03-30T11:32:40+00:00\" \/>\n<meta property=\"og:image\" content=\"https:\/\/www.notibras.com\/site\/wp-content\/uploads\/2024\/03\/autismosimbolos-istock-2-somxkn6mk27n.webp\" \/>\n\t<meta property=\"og:image:width\" content=\"774\" \/>\n\t<meta property=\"og:image:height\" content=\"435\" \/>\n\t<meta property=\"og:image:type\" content=\"image\/webp\" \/>\n<meta name=\"author\" content=\"Reda\u00e7\u00e3o\" \/>\n<meta name=\"twitter:card\" content=\"summary_large_image\" \/>\n<meta name=\"twitter:creator\" content=\"@Notibras\" \/>\n<meta name=\"twitter:site\" content=\"@Notibras\" \/>\n<meta name=\"twitter:label1\" content=\"Escrito por\" \/>\n\t<meta name=\"twitter:data1\" content=\"Reda\u00e7\u00e3o\" \/>\n\t<meta name=\"twitter:label2\" content=\"Est. tempo de leitura\" \/>\n\t<meta name=\"twitter:data2\" content=\"8 minutos\" \/>\n<script type=\"application\/ld+json\" class=\"yoast-schema-graph\">{\"@context\":\"https:\\\/\\\/schema.org\",\"@graph\":[{\"@type\":\"Article\",\"@id\":\"https:\\\/\\\/www.notibras.com\\\/site\\\/policial-autista-vive-dia-de-cao-em-dia-de-plantao\\\/#article\",\"isPartOf\":{\"@id\":\"https:\\\/\\\/www.notibras.com\\\/site\\\/policial-autista-vive-dia-de-cao-em-dia-de-plantao\\\/\"},\"author\":{\"name\":\"Reda\u00e7\u00e3o\",\"@id\":\"https:\\\/\\\/www.notibras.com\\\/site\\\/#\\\/schema\\\/person\\\/36ab0979449956132d3e5b517ea76ac8\"},\"headline\":\"Policial autista vive dia de c\u00e3o em dia de plant\u00e3o\",\"datePublished\":\"2024-03-30T11:31:50+00:00\",\"dateModified\":\"2024-03-30T11:32:40+00:00\",\"mainEntityOfPage\":{\"@id\":\"https:\\\/\\\/www.notibras.com\\\/site\\\/policial-autista-vive-dia-de-cao-em-dia-de-plantao\\\/\"},\"wordCount\":1457,\"publisher\":{\"@id\":\"https:\\\/\\\/www.notibras.com\\\/site\\\/#organization\"},\"image\":{\"@id\":\"https:\\\/\\\/www.notibras.com\\\/site\\\/policial-autista-vive-dia-de-cao-em-dia-de-plantao\\\/#primaryimage\"},\"thumbnailUrl\":\"https:\\\/\\\/www.notibras.com\\\/site\\\/wp-content\\\/uploads\\\/2024\\\/03\\\/autismosimbolos-istock-2-somxkn6mk27n.webp\",\"articleSection\":[\"Quadradinho em Foco\"],\"inLanguage\":\"pt-BR\"},{\"@type\":\"WebPage\",\"@id\":\"https:\\\/\\\/www.notibras.com\\\/site\\\/policial-autista-vive-dia-de-cao-em-dia-de-plantao\\\/\",\"url\":\"https:\\\/\\\/www.notibras.com\\\/site\\\/policial-autista-vive-dia-de-cao-em-dia-de-plantao\\\/\",\"name\":\"Policial autista vive dia de c\u00e3o em dia de plant\u00e3o - Notibras\",\"isPartOf\":{\"@id\":\"https:\\\/\\\/www.notibras.com\\\/site\\\/#website\"},\"primaryImageOfPage\":{\"@id\":\"https:\\\/\\\/www.notibras.com\\\/site\\\/policial-autista-vive-dia-de-cao-em-dia-de-plantao\\\/#primaryimage\"},\"image\":{\"@id\":\"https:\\\/\\\/www.notibras.com\\\/site\\\/policial-autista-vive-dia-de-cao-em-dia-de-plantao\\\/#primaryimage\"},\"thumbnailUrl\":\"https:\\\/\\\/www.notibras.com\\\/site\\\/wp-content\\\/uploads\\\/2024\\\/03\\\/autismosimbolos-istock-2-somxkn6mk27n.webp\",\"datePublished\":\"2024-03-30T11:31:50+00:00\",\"dateModified\":\"2024-03-30T11:32:40+00:00\",\"breadcrumb\":{\"@id\":\"https:\\\/\\\/www.notibras.com\\\/site\\\/policial-autista-vive-dia-de-cao-em-dia-de-plantao\\\/#breadcrumb\"},\"inLanguage\":\"pt-BR\",\"potentialAction\":[{\"@type\":\"ReadAction\",\"target\":[\"https:\\\/\\\/www.notibras.com\\\/site\\\/policial-autista-vive-dia-de-cao-em-dia-de-plantao\\\/\"]}]},{\"@type\":\"ImageObject\",\"inLanguage\":\"pt-BR\",\"@id\":\"https:\\\/\\\/www.notibras.com\\\/site\\\/policial-autista-vive-dia-de-cao-em-dia-de-plantao\\\/#primaryimage\",\"url\":\"https:\\\/\\\/www.notibras.com\\\/site\\\/wp-content\\\/uploads\\\/2024\\\/03\\\/autismosimbolos-istock-2-somxkn6mk27n.webp\",\"contentUrl\":\"https:\\\/\\\/www.notibras.com\\\/site\\\/wp-content\\\/uploads\\\/2024\\\/03\\\/autismosimbolos-istock-2-somxkn6mk27n.webp\",\"width\":774,\"height\":435},{\"@type\":\"BreadcrumbList\",\"@id\":\"https:\\\/\\\/www.notibras.com\\\/site\\\/policial-autista-vive-dia-de-cao-em-dia-de-plantao\\\/#breadcrumb\",\"itemListElement\":[{\"@type\":\"ListItem\",\"position\":1,\"name\":\"In\u00edcio\",\"item\":\"https:\\\/\\\/www.notibras.com\\\/site\\\/\"},{\"@type\":\"ListItem\",\"position\":2,\"name\":\"Policial autista vive dia de c\u00e3o em dia de plant\u00e3o\"}]},{\"@type\":\"WebSite\",\"@id\":\"https:\\\/\\\/www.notibras.com\\\/site\\\/#website\",\"url\":\"https:\\\/\\\/www.notibras.com\\\/site\\\/\",\"name\":\"Notibras\",\"description\":\"Not\u00edcias de Bras\u00edlia, do Brasil e do Mundo\",\"publisher\":{\"@id\":\"https:\\\/\\\/www.notibras.com\\\/site\\\/#organization\"},\"potentialAction\":[{\"@type\":\"SearchAction\",\"target\":{\"@type\":\"EntryPoint\",\"urlTemplate\":\"https:\\\/\\\/www.notibras.com\\\/site\\\/?s={search_term_string}\"},\"query-input\":{\"@type\":\"PropertyValueSpecification\",\"valueRequired\":true,\"valueName\":\"search_term_string\"}}],\"inLanguage\":\"pt-BR\"},{\"@type\":\"Organization\",\"@id\":\"https:\\\/\\\/www.notibras.com\\\/site\\\/#organization\",\"name\":\"Grupo Notibras de Comunica\u00e7\u00e3o\",\"url\":\"https:\\\/\\\/www.notibras.com\\\/site\\\/\",\"logo\":{\"@type\":\"ImageObject\",\"inLanguage\":\"pt-BR\",\"@id\":\"https:\\\/\\\/www.notibras.com\\\/site\\\/#\\\/schema\\\/logo\\\/image\\\/\",\"url\":\"https:\\\/\\\/www.notibras.com\\\/site\\\/wp-content\\\/uploads\\\/2023\\\/01\\\/notibras23.png\",\"contentUrl\":\"https:\\\/\\\/www.notibras.com\\\/site\\\/wp-content\\\/uploads\\\/2023\\\/01\\\/notibras23.png\",\"width\":350,\"height\":87,\"caption\":\"Grupo Notibras de Comunica\u00e7\u00e3o\"},\"image\":{\"@id\":\"https:\\\/\\\/www.notibras.com\\\/site\\\/#\\\/schema\\\/logo\\\/image\\\/\"},\"sameAs\":[\"https:\\\/\\\/www.facebook.com\\\/notibras\\\/\",\"https:\\\/\\\/x.com\\\/Notibras\",\"https:\\\/\\\/www.instagram.com\\\/notibras\\\/\"]},{\"@type\":\"Person\",\"@id\":\"https:\\\/\\\/www.notibras.com\\\/site\\\/#\\\/schema\\\/person\\\/36ab0979449956132d3e5b517ea76ac8\",\"name\":\"Reda\u00e7\u00e3o\",\"image\":{\"@type\":\"ImageObject\",\"inLanguage\":\"pt-BR\",\"@id\":\"https:\\\/\\\/secure.gravatar.com\\\/avatar\\\/e0a867bdedb85fd243eadf09663511f96fc81e0720a4a42581f334ad4303aa6b?s=96&d=mm&r=g\",\"url\":\"https:\\\/\\\/secure.gravatar.com\\\/avatar\\\/e0a867bdedb85fd243eadf09663511f96fc81e0720a4a42581f334ad4303aa6b?s=96&d=mm&r=g\",\"contentUrl\":\"https:\\\/\\\/secure.gravatar.com\\\/avatar\\\/e0a867bdedb85fd243eadf09663511f96fc81e0720a4a42581f334ad4303aa6b?s=96&d=mm&r=g\",\"caption\":\"Reda\u00e7\u00e3o\"}}]}<\/script>\n<!-- \/ Yoast SEO plugin. -->","yoast_head_json":{"title":"Policial autista vive dia de c\u00e3o em dia de plant\u00e3o - Notibras","robots":{"index":"index","follow":"follow","max-snippet":"max-snippet:-1","max-image-preview":"max-image-preview:large","max-video-preview":"max-video-preview:-1"},"canonical":"https:\/\/www.notibras.com\/site\/policial-autista-vive-dia-de-cao-em-dia-de-plantao\/","og_locale":"pt_BR","og_type":"article","og_title":"Policial autista vive dia de c\u00e3o em dia de plant\u00e3o - Notibras","og_description":"Mal cruzo o port\u00e3o do p\u00e1tio, percebo uma enorme aglomera\u00e7\u00e3o diante do antigo pr\u00e9dio da delegacia. Viaturas com aquelas luzes ligadas, num infinito giro. Estaciono na mesma vaga de sempre, debaixo de uma mangueira. Desligo o carro e espero alguns minutos. Preciso encarar aquele mart\u00edrio mais uma vez. Meu nome \u00e9 Roberto Matos, mas meus [&hellip;]","og_url":"https:\/\/www.notibras.com\/site\/policial-autista-vive-dia-de-cao-em-dia-de-plantao\/","og_site_name":"Notibras","article_publisher":"https:\/\/www.facebook.com\/notibras\/","article_published_time":"2024-03-30T11:31:50+00:00","article_modified_time":"2024-03-30T11:32:40+00:00","og_image":[{"width":774,"height":435,"url":"https:\/\/www.notibras.com\/site\/wp-content\/uploads\/2024\/03\/autismosimbolos-istock-2-somxkn6mk27n.webp","type":"image\/webp"}],"author":"Reda\u00e7\u00e3o","twitter_card":"summary_large_image","twitter_creator":"@Notibras","twitter_site":"@Notibras","twitter_misc":{"Escrito por":"Reda\u00e7\u00e3o","Est. tempo de leitura":"8 minutos"},"schema":{"@context":"https:\/\/schema.org","@graph":[{"@type":"Article","@id":"https:\/\/www.notibras.com\/site\/policial-autista-vive-dia-de-cao-em-dia-de-plantao\/#article","isPartOf":{"@id":"https:\/\/www.notibras.com\/site\/policial-autista-vive-dia-de-cao-em-dia-de-plantao\/"},"author":{"name":"Reda\u00e7\u00e3o","@id":"https:\/\/www.notibras.com\/site\/#\/schema\/person\/36ab0979449956132d3e5b517ea76ac8"},"headline":"Policial autista vive dia de c\u00e3o em dia de plant\u00e3o","datePublished":"2024-03-30T11:31:50+00:00","dateModified":"2024-03-30T11:32:40+00:00","mainEntityOfPage":{"@id":"https:\/\/www.notibras.com\/site\/policial-autista-vive-dia-de-cao-em-dia-de-plantao\/"},"wordCount":1457,"publisher":{"@id":"https:\/\/www.notibras.com\/site\/#organization"},"image":{"@id":"https:\/\/www.notibras.com\/site\/policial-autista-vive-dia-de-cao-em-dia-de-plantao\/#primaryimage"},"thumbnailUrl":"https:\/\/www.notibras.com\/site\/wp-content\/uploads\/2024\/03\/autismosimbolos-istock-2-somxkn6mk27n.webp","articleSection":["Quadradinho em Foco"],"inLanguage":"pt-BR"},{"@type":"WebPage","@id":"https:\/\/www.notibras.com\/site\/policial-autista-vive-dia-de-cao-em-dia-de-plantao\/","url":"https:\/\/www.notibras.com\/site\/policial-autista-vive-dia-de-cao-em-dia-de-plantao\/","name":"Policial autista vive dia de c\u00e3o em dia de plant\u00e3o - Notibras","isPartOf":{"@id":"https:\/\/www.notibras.com\/site\/#website"},"primaryImageOfPage":{"@id":"https:\/\/www.notibras.com\/site\/policial-autista-vive-dia-de-cao-em-dia-de-plantao\/#primaryimage"},"image":{"@id":"https:\/\/www.notibras.com\/site\/policial-autista-vive-dia-de-cao-em-dia-de-plantao\/#primaryimage"},"thumbnailUrl":"https:\/\/www.notibras.com\/site\/wp-content\/uploads\/2024\/03\/autismosimbolos-istock-2-somxkn6mk27n.webp","datePublished":"2024-03-30T11:31:50+00:00","dateModified":"2024-03-30T11:32:40+00:00","breadcrumb":{"@id":"https:\/\/www.notibras.com\/site\/policial-autista-vive-dia-de-cao-em-dia-de-plantao\/#breadcrumb"},"inLanguage":"pt-BR","potentialAction":[{"@type":"ReadAction","target":["https:\/\/www.notibras.com\/site\/policial-autista-vive-dia-de-cao-em-dia-de-plantao\/"]}]},{"@type":"ImageObject","inLanguage":"pt-BR","@id":"https:\/\/www.notibras.com\/site\/policial-autista-vive-dia-de-cao-em-dia-de-plantao\/#primaryimage","url":"https:\/\/www.notibras.com\/site\/wp-content\/uploads\/2024\/03\/autismosimbolos-istock-2-somxkn6mk27n.webp","contentUrl":"https:\/\/www.notibras.com\/site\/wp-content\/uploads\/2024\/03\/autismosimbolos-istock-2-somxkn6mk27n.webp","width":774,"height":435},{"@type":"BreadcrumbList","@id":"https:\/\/www.notibras.com\/site\/policial-autista-vive-dia-de-cao-em-dia-de-plantao\/#breadcrumb","itemListElement":[{"@type":"ListItem","position":1,"name":"In\u00edcio","item":"https:\/\/www.notibras.com\/site\/"},{"@type":"ListItem","position":2,"name":"Policial autista vive dia de c\u00e3o em dia de plant\u00e3o"}]},{"@type":"WebSite","@id":"https:\/\/www.notibras.com\/site\/#website","url":"https:\/\/www.notibras.com\/site\/","name":"Notibras","description":"Not\u00edcias de Bras\u00edlia, do Brasil e do Mundo","publisher":{"@id":"https:\/\/www.notibras.com\/site\/#organization"},"potentialAction":[{"@type":"SearchAction","target":{"@type":"EntryPoint","urlTemplate":"https:\/\/www.notibras.com\/site\/?s={search_term_string}"},"query-input":{"@type":"PropertyValueSpecification","valueRequired":true,"valueName":"search_term_string"}}],"inLanguage":"pt-BR"},{"@type":"Organization","@id":"https:\/\/www.notibras.com\/site\/#organization","name":"Grupo Notibras de Comunica\u00e7\u00e3o","url":"https:\/\/www.notibras.com\/site\/","logo":{"@type":"ImageObject","inLanguage":"pt-BR","@id":"https:\/\/www.notibras.com\/site\/#\/schema\/logo\/image\/","url":"https:\/\/www.notibras.com\/site\/wp-content\/uploads\/2023\/01\/notibras23.png","contentUrl":"https:\/\/www.notibras.com\/site\/wp-content\/uploads\/2023\/01\/notibras23.png","width":350,"height":87,"caption":"Grupo Notibras de Comunica\u00e7\u00e3o"},"image":{"@id":"https:\/\/www.notibras.com\/site\/#\/schema\/logo\/image\/"},"sameAs":["https:\/\/www.facebook.com\/notibras\/","https:\/\/x.com\/Notibras","https:\/\/www.instagram.com\/notibras\/"]},{"@type":"Person","@id":"https:\/\/www.notibras.com\/site\/#\/schema\/person\/36ab0979449956132d3e5b517ea76ac8","name":"Reda\u00e7\u00e3o","image":{"@type":"ImageObject","inLanguage":"pt-BR","@id":"https:\/\/secure.gravatar.com\/avatar\/e0a867bdedb85fd243eadf09663511f96fc81e0720a4a42581f334ad4303aa6b?s=96&d=mm&r=g","url":"https:\/\/secure.gravatar.com\/avatar\/e0a867bdedb85fd243eadf09663511f96fc81e0720a4a42581f334ad4303aa6b?s=96&d=mm&r=g","contentUrl":"https:\/\/secure.gravatar.com\/avatar\/e0a867bdedb85fd243eadf09663511f96fc81e0720a4a42581f334ad4303aa6b?s=96&d=mm&r=g","caption":"Reda\u00e7\u00e3o"}}]}},"amp_enabled":true,"_links":{"self":[{"href":"https:\/\/www.notibras.com\/site\/wp-json\/wp\/v2\/posts\/325647","targetHints":{"allow":["GET"]}}],"collection":[{"href":"https:\/\/www.notibras.com\/site\/wp-json\/wp\/v2\/posts"}],"about":[{"href":"https:\/\/www.notibras.com\/site\/wp-json\/wp\/v2\/types\/post"}],"author":[{"embeddable":true,"href":"https:\/\/www.notibras.com\/site\/wp-json\/wp\/v2\/users\/2"}],"replies":[{"embeddable":true,"href":"https:\/\/www.notibras.com\/site\/wp-json\/wp\/v2\/comments?post=325647"}],"version-history":[{"count":1,"href":"https:\/\/www.notibras.com\/site\/wp-json\/wp\/v2\/posts\/325647\/revisions"}],"predecessor-version":[{"id":325650,"href":"https:\/\/www.notibras.com\/site\/wp-json\/wp\/v2\/posts\/325647\/revisions\/325650"}],"wp:featuredmedia":[{"embeddable":true,"href":"https:\/\/www.notibras.com\/site\/wp-json\/wp\/v2\/media\/325649"}],"wp:attachment":[{"href":"https:\/\/www.notibras.com\/site\/wp-json\/wp\/v2\/media?parent=325647"}],"wp:term":[{"taxonomy":"category","embeddable":true,"href":"https:\/\/www.notibras.com\/site\/wp-json\/wp\/v2\/categories?post=325647"},{"taxonomy":"post_tag","embeddable":true,"href":"https:\/\/www.notibras.com\/site\/wp-json\/wp\/v2\/tags?post=325647"}],"curies":[{"name":"wp","href":"https:\/\/api.w.org\/{rel}","templated":true}]}}