{"id":325713,"date":"2024-03-31T00:33:39","date_gmt":"2024-03-31T03:33:39","guid":{"rendered":"https:\/\/www.notibras.com\/site\/?p=325713"},"modified":"2024-03-31T05:01:20","modified_gmt":"2024-03-31T08:01:20","slug":"rogerio-carvalho-tambem-vai-pra-cima-de-jair-bolsonaro","status":"publish","type":"post","link":"https:\/\/www.notibras.com\/site\/rogerio-carvalho-tambem-vai-pra-cima-de-jair-bolsonaro\/","title":{"rendered":"Rog\u00e9rio Carvalho tamb\u00e9m vai pra cima de Jair Bolsonaro"},"content":{"rendered":"<p>Mais uma voz questiona, no Senado, a ida (com direito a passar duas noites) de Jair Bolsonaro \u00e1 Embaixada da Hungria, em Bras\u00edlia. Depois de Humberto Costa (PT-PE) foi a vez do primeiro-secret\u00e1rio da Casa legislativa, Rog\u00e9rio Carvalho (PT), cobrar do pr\u00f3prio Senado uma investiga\u00e7\u00e3o. Segundo ele, a estadia no local \u201clevanta muita suspei\u00e7\u00e3o\u201d e precisa ser apurada.<\/p>\n<p>A defesa de Bolsonaro confirmou que o ex-presidente ficou dois dias hospedado, \u201ca convite\u201d, na embaixada. Segundo advogados do ex-chefe do Executivo, a estadia foi para \u201cmanter contatos com autoridades do pa\u00eds amigo&#8221; e outras interpreta\u00e7\u00f5es da visita seriam uma \u201cevidente obra ficcional\u201d.<\/p>\n<p>Alvo de inqu\u00e9ritos da Pol\u00edcia Federal, Bolsonaro ficou hospedado temporariamente e, em uma embaixada \u2014 considerada territ\u00f3rio inviol\u00e1vel pela Conven\u00e7\u00e3o de Viena, de 1961 \u2014 n\u00e3o poderia ser preso por autoridades brasileiras sem o consentimento do outro pa\u00eds.<\/p>\n<p>\u2014 Isso levanta muita suspei\u00e7\u00e3o e essas suspei\u00e7\u00f5es precisam ser aprofundadas com quem deu abrigo, em tese um abrigo ou uma conversa no sentido de t\u00ea-lo como refugiado, ou receb\u00ea-lo no pa\u00eds como exilado ou coisa do tipo em fun\u00e7\u00e3o de um crime que ele cometeu aqui. \u00c9 preciso que o Senado investigue e apure essa quest\u00e3o \u2014 afirmou Rog\u00e9rio.<\/p>\n<p>Como parte das fun\u00e7\u00f5es de fiscaliza\u00e7\u00e3o do Senado, os senadores podem apresentar, por exemplo, requerimentos de convite ao embaixador h\u00fangaro, Mikl\u00f3s Halmai, para prestar esclarecimentos.<\/p>\n<p>A hospedagem de Bolsonaro na embaixada foi revelada pelo jornal norte-americano The New York Times, que teve acesso a imagens de c\u00e2meras de seguran\u00e7a. As grava\u00e7\u00f5es mostram o ex-presidente chegando ao local em 12 de fevereiro. Ele teria permanecido na embaixada at\u00e9 a tarde do dia 14, Quarta-Feira de Cinzas.<\/p>\n<p>Dias antes, em 8 de fevereiro, a Pol\u00edcia Federal havia realizado a opera\u00e7\u00e3o Tempus Veritatis para apurar suposta organiza\u00e7\u00e3o criminosa que atuou na tentativa de golpe de Estado e aboli\u00e7\u00e3o do Estado democr\u00e1tico de direito ap\u00f3s as elei\u00e7\u00f5es de 2022. A a\u00e7\u00e3o, autorizada pelo Supremo Tribunal Federal, mirou\u00a0aliados pr\u00f3ximos de Bolsonaro, como militares, ex-assessor e ex-ministros do seu governo. Na ocasi\u00e3o, o passaporte do ex-presidente foi confiscado.<\/p>\n<p>Para Rog\u00e9rio, as investiga\u00e7\u00f5es em andamento da Pol\u00edcia Federal e as realizadas pela Comiss\u00e3o Parlamentar de Inqu\u00e9rito (CPI) do 8 de Janeiro v\u00e3o na dire\u00e7\u00e3o de apontar Bolsonaro como o \u201cmentor de uma tentativa de golpe no Brasil\u201d ap\u00f3s a elei\u00e7\u00e3o do presidente Luiz In\u00e1cio Lula da Silva, em 2022.<\/p>\n<p>\u2014 \u00c9 preciso n\u00e3o deixar passar nada do que esteve por tr\u00e1s da tentativa de golpe em 2022 e em 8 de janeiro de 2023 porque enquanto o Brasil n\u00e3o levar a s\u00e9rio a democracia, enquanto o Brasil n\u00e3o punir aqueles que atentam contra a nossa democracia, contra o Estado democr\u00e1tico de direito, n\u00f3s n\u00e3o teremos uma democracia e institui\u00e7\u00f5es de fato fortes e vigorosas para resistir a outros atentados \u2014 disse o senador.<\/p>\n","protected":false},"excerpt":{"rendered":"<p>Mais uma voz questiona, no Senado, a ida (com direito a passar duas noites) de Jair Bolsonaro \u00e1 Embaixada da Hungria, em Bras\u00edlia. Depois de Humberto Costa (PT-PE) foi a vez do primeiro-secret\u00e1rio da Casa legislativa, Rog\u00e9rio Carvalho (PT), cobrar do pr\u00f3prio Senado uma investiga\u00e7\u00e3o. Segundo ele, a estadia no local \u201clevanta muita suspei\u00e7\u00e3o\u201d e [&hellip;]<\/p>\n","protected":false},"author":2,"featured_media":325714,"comment_status":"closed","ping_status":"closed","sticky":false,"template":"","format":"standard","meta":{"_acf_changed":false,"footnotes":""},"categories":[165,174],"tags":[],"class_list":["post-325713","post","type-post","status-publish","format-standard","has-post-thumbnail","hentry","category-nordeste","category-sergipe"],"acf":[],"yoast_head":"<!-- This site is optimized with the Yoast SEO plugin v27.2 - https:\/\/yoast.com\/product\/yoast-seo-wordpress\/ -->\n<title>Rog\u00e9rio Carvalho tamb\u00e9m vai pra cima de Jair Bolsonaro - Notibras<\/title>\n<meta name=\"robots\" content=\"index, follow, max-snippet:-1, max-image-preview:large, max-video-preview:-1\" \/>\n<link rel=\"canonical\" href=\"https:\/\/www.notibras.com\/site\/rogerio-carvalho-tambem-vai-pra-cima-de-jair-bolsonaro\/\" \/>\n<meta property=\"og:locale\" content=\"pt_BR\" \/>\n<meta property=\"og:type\" content=\"article\" \/>\n<meta property=\"og:title\" content=\"Rog\u00e9rio Carvalho tamb\u00e9m vai pra cima de Jair Bolsonaro - Notibras\" \/>\n<meta property=\"og:description\" content=\"Mais uma voz questiona, no Senado, a ida (com direito a passar duas noites) de Jair Bolsonaro \u00e1 Embaixada da Hungria, em Bras\u00edlia. Depois de Humberto Costa (PT-PE) foi a vez do primeiro-secret\u00e1rio da Casa legislativa, Rog\u00e9rio Carvalho (PT), cobrar do pr\u00f3prio Senado uma investiga\u00e7\u00e3o. Segundo ele, a estadia no local \u201clevanta muita suspei\u00e7\u00e3o\u201d e [&hellip;]\" \/>\n<meta property=\"og:url\" content=\"https:\/\/www.notibras.com\/site\/rogerio-carvalho-tambem-vai-pra-cima-de-jair-bolsonaro\/\" \/>\n<meta property=\"og:site_name\" content=\"Notibras\" \/>\n<meta property=\"article:publisher\" content=\"https:\/\/www.facebook.com\/notibras\/\" \/>\n<meta property=\"article:published_time\" content=\"2024-03-31T03:33:39+00:00\" \/>\n<meta property=\"article:modified_time\" content=\"2024-03-31T08:01:20+00:00\" \/>\n<meta property=\"og:image\" content=\"https:\/\/www.notibras.com\/site\/wp-content\/uploads\/2024\/03\/imagem_materia-25.jpeg\" \/>\n\t<meta property=\"og:image:width\" content=\"860\" \/>\n\t<meta property=\"og:image:height\" content=\"570\" \/>\n\t<meta property=\"og:image:type\" content=\"image\/jpeg\" \/>\n<meta name=\"author\" content=\"Reda\u00e7\u00e3o\" \/>\n<meta name=\"twitter:card\" content=\"summary_large_image\" \/>\n<meta name=\"twitter:creator\" content=\"@Notibras\" \/>\n<meta name=\"twitter:site\" content=\"@Notibras\" \/>\n<meta name=\"twitter:label1\" content=\"Escrito por\" \/>\n\t<meta name=\"twitter:data1\" content=\"Reda\u00e7\u00e3o\" \/>\n\t<meta name=\"twitter:label2\" content=\"Est. tempo de leitura\" \/>\n\t<meta name=\"twitter:data2\" content=\"3 minutos\" \/>\n<script type=\"application\/ld+json\" class=\"yoast-schema-graph\">{\"@context\":\"https:\/\/schema.org\",\"@graph\":[{\"@type\":\"Article\",\"@id\":\"https:\/\/www.notibras.com\/site\/rogerio-carvalho-tambem-vai-pra-cima-de-jair-bolsonaro\/#article\",\"isPartOf\":{\"@id\":\"https:\/\/www.notibras.com\/site\/rogerio-carvalho-tambem-vai-pra-cima-de-jair-bolsonaro\/\"},\"author\":{\"name\":\"Reda\u00e7\u00e3o\",\"@id\":\"https:\/\/www.notibras.com\/site\/#\/schema\/person\/36ab0979449956132d3e5b517ea76ac8\"},\"headline\":\"Rog\u00e9rio Carvalho tamb\u00e9m vai pra cima de Jair Bolsonaro\",\"datePublished\":\"2024-03-31T03:33:39+00:00\",\"dateModified\":\"2024-03-31T08:01:20+00:00\",\"mainEntityOfPage\":{\"@id\":\"https:\/\/www.notibras.com\/site\/rogerio-carvalho-tambem-vai-pra-cima-de-jair-bolsonaro\/\"},\"wordCount\":517,\"publisher\":{\"@id\":\"https:\/\/www.notibras.com\/site\/#organization\"},\"image\":{\"@id\":\"https:\/\/www.notibras.com\/site\/rogerio-carvalho-tambem-vai-pra-cima-de-jair-bolsonaro\/#primaryimage\"},\"thumbnailUrl\":\"https:\/\/www.notibras.com\/site\/wp-content\/uploads\/2024\/03\/imagem_materia-25.jpeg\",\"articleSection\":[\"Nordeste\",\"Sergipe\"],\"inLanguage\":\"pt-BR\"},{\"@type\":\"WebPage\",\"@id\":\"https:\/\/www.notibras.com\/site\/rogerio-carvalho-tambem-vai-pra-cima-de-jair-bolsonaro\/\",\"url\":\"https:\/\/www.notibras.com\/site\/rogerio-carvalho-tambem-vai-pra-cima-de-jair-bolsonaro\/\",\"name\":\"Rog\u00e9rio Carvalho tamb\u00e9m vai pra cima de Jair Bolsonaro - Notibras\",\"isPartOf\":{\"@id\":\"https:\/\/www.notibras.com\/site\/#website\"},\"primaryImageOfPage\":{\"@id\":\"https:\/\/www.notibras.com\/site\/rogerio-carvalho-tambem-vai-pra-cima-de-jair-bolsonaro\/#primaryimage\"},\"image\":{\"@id\":\"https:\/\/www.notibras.com\/site\/rogerio-carvalho-tambem-vai-pra-cima-de-jair-bolsonaro\/#primaryimage\"},\"thumbnailUrl\":\"https:\/\/www.notibras.com\/site\/wp-content\/uploads\/2024\/03\/imagem_materia-25.jpeg\",\"datePublished\":\"2024-03-31T03:33:39+00:00\",\"dateModified\":\"2024-03-31T08:01:20+00:00\",\"breadcrumb\":{\"@id\":\"https:\/\/www.notibras.com\/site\/rogerio-carvalho-tambem-vai-pra-cima-de-jair-bolsonaro\/#breadcrumb\"},\"inLanguage\":\"pt-BR\",\"potentialAction\":[{\"@type\":\"ReadAction\",\"target\":[\"https:\/\/www.notibras.com\/site\/rogerio-carvalho-tambem-vai-pra-cima-de-jair-bolsonaro\/\"]}]},{\"@type\":\"ImageObject\",\"inLanguage\":\"pt-BR\",\"@id\":\"https:\/\/www.notibras.com\/site\/rogerio-carvalho-tambem-vai-pra-cima-de-jair-bolsonaro\/#primaryimage\",\"url\":\"https:\/\/www.notibras.com\/site\/wp-content\/uploads\/2024\/03\/imagem_materia-25.jpeg\",\"contentUrl\":\"https:\/\/www.notibras.com\/site\/wp-content\/uploads\/2024\/03\/imagem_materia-25.jpeg\",\"width\":860,\"height\":570},{\"@type\":\"BreadcrumbList\",\"@id\":\"https:\/\/www.notibras.com\/site\/rogerio-carvalho-tambem-vai-pra-cima-de-jair-bolsonaro\/#breadcrumb\",\"itemListElement\":[{\"@type\":\"ListItem\",\"position\":1,\"name\":\"In\u00edcio\",\"item\":\"https:\/\/www.notibras.com\/site\/\"},{\"@type\":\"ListItem\",\"position\":2,\"name\":\"Rog\u00e9rio Carvalho tamb\u00e9m vai pra cima de Jair Bolsonaro\"}]},{\"@type\":\"WebSite\",\"@id\":\"https:\/\/www.notibras.com\/site\/#website\",\"url\":\"https:\/\/www.notibras.com\/site\/\",\"name\":\"Notibras\",\"description\":\"Not\u00edcias de Bras\u00edlia, do Brasil e do Mundo\",\"publisher\":{\"@id\":\"https:\/\/www.notibras.com\/site\/#organization\"},\"potentialAction\":[{\"@type\":\"SearchAction\",\"target\":{\"@type\":\"EntryPoint\",\"urlTemplate\":\"https:\/\/www.notibras.com\/site\/?s={search_term_string}\"},\"query-input\":{\"@type\":\"PropertyValueSpecification\",\"valueRequired\":true,\"valueName\":\"search_term_string\"}}],\"inLanguage\":\"pt-BR\"},{\"@type\":\"Organization\",\"@id\":\"https:\/\/www.notibras.com\/site\/#organization\",\"name\":\"Grupo Notibras de Comunica\u00e7\u00e3o\",\"url\":\"https:\/\/www.notibras.com\/site\/\",\"logo\":{\"@type\":\"ImageObject\",\"inLanguage\":\"pt-BR\",\"@id\":\"https:\/\/www.notibras.com\/site\/#\/schema\/logo\/image\/\",\"url\":\"https:\/\/www.notibras.com\/site\/wp-content\/uploads\/2023\/01\/notibras23.png\",\"contentUrl\":\"https:\/\/www.notibras.com\/site\/wp-content\/uploads\/2023\/01\/notibras23.png\",\"width\":350,\"height\":87,\"caption\":\"Grupo Notibras de Comunica\u00e7\u00e3o\"},\"image\":{\"@id\":\"https:\/\/www.notibras.com\/site\/#\/schema\/logo\/image\/\"},\"sameAs\":[\"https:\/\/www.facebook.com\/notibras\/\",\"https:\/\/x.com\/Notibras\",\"https:\/\/www.instagram.com\/notibras\/\"]},{\"@type\":\"Person\",\"@id\":\"https:\/\/www.notibras.com\/site\/#\/schema\/person\/36ab0979449956132d3e5b517ea76ac8\",\"name\":\"Reda\u00e7\u00e3o\",\"image\":{\"@type\":\"ImageObject\",\"inLanguage\":\"pt-BR\",\"@id\":\"https:\/\/secure.gravatar.com\/avatar\/e0a867bdedb85fd243eadf09663511f96fc81e0720a4a42581f334ad4303aa6b?s=96&d=mm&r=g\",\"url\":\"https:\/\/secure.gravatar.com\/avatar\/e0a867bdedb85fd243eadf09663511f96fc81e0720a4a42581f334ad4303aa6b?s=96&d=mm&r=g\",\"contentUrl\":\"https:\/\/secure.gravatar.com\/avatar\/e0a867bdedb85fd243eadf09663511f96fc81e0720a4a42581f334ad4303aa6b?s=96&d=mm&r=g\",\"caption\":\"Reda\u00e7\u00e3o\"}}]}<\/script>\n<!-- \/ Yoast SEO plugin. -->","yoast_head_json":{"title":"Rog\u00e9rio Carvalho tamb\u00e9m vai pra cima de Jair Bolsonaro - Notibras","robots":{"index":"index","follow":"follow","max-snippet":"max-snippet:-1","max-image-preview":"max-image-preview:large","max-video-preview":"max-video-preview:-1"},"canonical":"https:\/\/www.notibras.com\/site\/rogerio-carvalho-tambem-vai-pra-cima-de-jair-bolsonaro\/","og_locale":"pt_BR","og_type":"article","og_title":"Rog\u00e9rio Carvalho tamb\u00e9m vai pra cima de Jair Bolsonaro - Notibras","og_description":"Mais uma voz questiona, no Senado, a ida (com direito a passar duas noites) de Jair Bolsonaro \u00e1 Embaixada da Hungria, em Bras\u00edlia. Depois de Humberto Costa (PT-PE) foi a vez do primeiro-secret\u00e1rio da Casa legislativa, Rog\u00e9rio Carvalho (PT), cobrar do pr\u00f3prio Senado uma investiga\u00e7\u00e3o. Segundo ele, a estadia no local \u201clevanta muita suspei\u00e7\u00e3o\u201d e [&hellip;]","og_url":"https:\/\/www.notibras.com\/site\/rogerio-carvalho-tambem-vai-pra-cima-de-jair-bolsonaro\/","og_site_name":"Notibras","article_publisher":"https:\/\/www.facebook.com\/notibras\/","article_published_time":"2024-03-31T03:33:39+00:00","article_modified_time":"2024-03-31T08:01:20+00:00","og_image":[{"width":860,"height":570,"url":"https:\/\/www.notibras.com\/site\/wp-content\/uploads\/2024\/03\/imagem_materia-25.jpeg","type":"image\/jpeg"}],"author":"Reda\u00e7\u00e3o","twitter_card":"summary_large_image","twitter_creator":"@Notibras","twitter_site":"@Notibras","twitter_misc":{"Escrito por":"Reda\u00e7\u00e3o","Est. tempo de leitura":"3 minutos"},"schema":{"@context":"https:\/\/schema.org","@graph":[{"@type":"Article","@id":"https:\/\/www.notibras.com\/site\/rogerio-carvalho-tambem-vai-pra-cima-de-jair-bolsonaro\/#article","isPartOf":{"@id":"https:\/\/www.notibras.com\/site\/rogerio-carvalho-tambem-vai-pra-cima-de-jair-bolsonaro\/"},"author":{"name":"Reda\u00e7\u00e3o","@id":"https:\/\/www.notibras.com\/site\/#\/schema\/person\/36ab0979449956132d3e5b517ea76ac8"},"headline":"Rog\u00e9rio Carvalho tamb\u00e9m vai pra cima de Jair Bolsonaro","datePublished":"2024-03-31T03:33:39+00:00","dateModified":"2024-03-31T08:01:20+00:00","mainEntityOfPage":{"@id":"https:\/\/www.notibras.com\/site\/rogerio-carvalho-tambem-vai-pra-cima-de-jair-bolsonaro\/"},"wordCount":517,"publisher":{"@id":"https:\/\/www.notibras.com\/site\/#organization"},"image":{"@id":"https:\/\/www.notibras.com\/site\/rogerio-carvalho-tambem-vai-pra-cima-de-jair-bolsonaro\/#primaryimage"},"thumbnailUrl":"https:\/\/www.notibras.com\/site\/wp-content\/uploads\/2024\/03\/imagem_materia-25.jpeg","articleSection":["Nordeste","Sergipe"],"inLanguage":"pt-BR"},{"@type":"WebPage","@id":"https:\/\/www.notibras.com\/site\/rogerio-carvalho-tambem-vai-pra-cima-de-jair-bolsonaro\/","url":"https:\/\/www.notibras.com\/site\/rogerio-carvalho-tambem-vai-pra-cima-de-jair-bolsonaro\/","name":"Rog\u00e9rio Carvalho tamb\u00e9m vai pra cima de Jair Bolsonaro - Notibras","isPartOf":{"@id":"https:\/\/www.notibras.com\/site\/#website"},"primaryImageOfPage":{"@id":"https:\/\/www.notibras.com\/site\/rogerio-carvalho-tambem-vai-pra-cima-de-jair-bolsonaro\/#primaryimage"},"image":{"@id":"https:\/\/www.notibras.com\/site\/rogerio-carvalho-tambem-vai-pra-cima-de-jair-bolsonaro\/#primaryimage"},"thumbnailUrl":"https:\/\/www.notibras.com\/site\/wp-content\/uploads\/2024\/03\/imagem_materia-25.jpeg","datePublished":"2024-03-31T03:33:39+00:00","dateModified":"2024-03-31T08:01:20+00:00","breadcrumb":{"@id":"https:\/\/www.notibras.com\/site\/rogerio-carvalho-tambem-vai-pra-cima-de-jair-bolsonaro\/#breadcrumb"},"inLanguage":"pt-BR","potentialAction":[{"@type":"ReadAction","target":["https:\/\/www.notibras.com\/site\/rogerio-carvalho-tambem-vai-pra-cima-de-jair-bolsonaro\/"]}]},{"@type":"ImageObject","inLanguage":"pt-BR","@id":"https:\/\/www.notibras.com\/site\/rogerio-carvalho-tambem-vai-pra-cima-de-jair-bolsonaro\/#primaryimage","url":"https:\/\/www.notibras.com\/site\/wp-content\/uploads\/2024\/03\/imagem_materia-25.jpeg","contentUrl":"https:\/\/www.notibras.com\/site\/wp-content\/uploads\/2024\/03\/imagem_materia-25.jpeg","width":860,"height":570},{"@type":"BreadcrumbList","@id":"https:\/\/www.notibras.com\/site\/rogerio-carvalho-tambem-vai-pra-cima-de-jair-bolsonaro\/#breadcrumb","itemListElement":[{"@type":"ListItem","position":1,"name":"In\u00edcio","item":"https:\/\/www.notibras.com\/site\/"},{"@type":"ListItem","position":2,"name":"Rog\u00e9rio Carvalho tamb\u00e9m vai pra cima de Jair Bolsonaro"}]},{"@type":"WebSite","@id":"https:\/\/www.notibras.com\/site\/#website","url":"https:\/\/www.notibras.com\/site\/","name":"Notibras","description":"Not\u00edcias de Bras\u00edlia, do Brasil e do Mundo","publisher":{"@id":"https:\/\/www.notibras.com\/site\/#organization"},"potentialAction":[{"@type":"SearchAction","target":{"@type":"EntryPoint","urlTemplate":"https:\/\/www.notibras.com\/site\/?s={search_term_string}"},"query-input":{"@type":"PropertyValueSpecification","valueRequired":true,"valueName":"search_term_string"}}],"inLanguage":"pt-BR"},{"@type":"Organization","@id":"https:\/\/www.notibras.com\/site\/#organization","name":"Grupo Notibras de Comunica\u00e7\u00e3o","url":"https:\/\/www.notibras.com\/site\/","logo":{"@type":"ImageObject","inLanguage":"pt-BR","@id":"https:\/\/www.notibras.com\/site\/#\/schema\/logo\/image\/","url":"https:\/\/www.notibras.com\/site\/wp-content\/uploads\/2023\/01\/notibras23.png","contentUrl":"https:\/\/www.notibras.com\/site\/wp-content\/uploads\/2023\/01\/notibras23.png","width":350,"height":87,"caption":"Grupo Notibras de Comunica\u00e7\u00e3o"},"image":{"@id":"https:\/\/www.notibras.com\/site\/#\/schema\/logo\/image\/"},"sameAs":["https:\/\/www.facebook.com\/notibras\/","https:\/\/x.com\/Notibras","https:\/\/www.instagram.com\/notibras\/"]},{"@type":"Person","@id":"https:\/\/www.notibras.com\/site\/#\/schema\/person\/36ab0979449956132d3e5b517ea76ac8","name":"Reda\u00e7\u00e3o","image":{"@type":"ImageObject","inLanguage":"pt-BR","@id":"https:\/\/secure.gravatar.com\/avatar\/e0a867bdedb85fd243eadf09663511f96fc81e0720a4a42581f334ad4303aa6b?s=96&d=mm&r=g","url":"https:\/\/secure.gravatar.com\/avatar\/e0a867bdedb85fd243eadf09663511f96fc81e0720a4a42581f334ad4303aa6b?s=96&d=mm&r=g","contentUrl":"https:\/\/secure.gravatar.com\/avatar\/e0a867bdedb85fd243eadf09663511f96fc81e0720a4a42581f334ad4303aa6b?s=96&d=mm&r=g","caption":"Reda\u00e7\u00e3o"}}]}},"amp_enabled":true,"_links":{"self":[{"href":"https:\/\/www.notibras.com\/site\/wp-json\/wp\/v2\/posts\/325713","targetHints":{"allow":["GET"]}}],"collection":[{"href":"https:\/\/www.notibras.com\/site\/wp-json\/wp\/v2\/posts"}],"about":[{"href":"https:\/\/www.notibras.com\/site\/wp-json\/wp\/v2\/types\/post"}],"author":[{"embeddable":true,"href":"https:\/\/www.notibras.com\/site\/wp-json\/wp\/v2\/users\/2"}],"replies":[{"embeddable":true,"href":"https:\/\/www.notibras.com\/site\/wp-json\/wp\/v2\/comments?post=325713"}],"version-history":[{"count":1,"href":"https:\/\/www.notibras.com\/site\/wp-json\/wp\/v2\/posts\/325713\/revisions"}],"predecessor-version":[{"id":325715,"href":"https:\/\/www.notibras.com\/site\/wp-json\/wp\/v2\/posts\/325713\/revisions\/325715"}],"wp:featuredmedia":[{"embeddable":true,"href":"https:\/\/www.notibras.com\/site\/wp-json\/wp\/v2\/media\/325714"}],"wp:attachment":[{"href":"https:\/\/www.notibras.com\/site\/wp-json\/wp\/v2\/media?parent=325713"}],"wp:term":[{"taxonomy":"category","embeddable":true,"href":"https:\/\/www.notibras.com\/site\/wp-json\/wp\/v2\/categories?post=325713"},{"taxonomy":"post_tag","embeddable":true,"href":"https:\/\/www.notibras.com\/site\/wp-json\/wp\/v2\/tags?post=325713"}],"curies":[{"name":"wp","href":"https:\/\/api.w.org\/{rel}","templated":true}]}}