{"id":325722,"date":"2024-03-31T00:01:14","date_gmt":"2024-03-31T03:01:14","guid":{"rendered":"https:\/\/www.notibras.com\/site\/?p=325722"},"modified":"2024-03-31T05:53:24","modified_gmt":"2024-03-31T08:53:24","slug":"ultimo-dia-do-campus-party-e-de-levantar-barracas-e-dar-um-ate-logo","status":"publish","type":"post","link":"https:\/\/www.notibras.com\/site\/ultimo-dia-do-campus-party-e-de-levantar-barracas-e-dar-um-ate-logo\/","title":{"rendered":"\u00daltimo dia do Campus Party \u00e9 de levantar barracas e dar um at\u00e9 logo"},"content":{"rendered":"<p>Um dos espa\u00e7os mais frequentados das edi\u00e7\u00f5es do Campus Party Brasil \u00e9 o camping dos participantes do maior evento de tecnologia e cultura gamer do pa\u00eds. Na sexta edi\u00e7\u00e3o do evento em Bras\u00edlia, n\u00e3o \u00e9 diferente. Os dois andares da varanda coberta do Est\u00e1dio Man\u00e9 Garrincha s\u00e3o os queridinhos dos chamados campuseiros, porque est\u00e3o tomados por barracas de lona azul j\u00e1 montadas. Os participantes pagaram at\u00e9 R$ 469,15 para ocupar individualmente ou em dupla uma dessas barracas. J\u00e1 os volunt\u00e1rios cadastrados para trabalhar no evento t\u00eam o direito de ocupar individualmente uma delas sem desembolsar nada.<\/p>\n<p>Desde que a \u00e1rea de camping da Campus Party Bras\u00edlia 6 (CPBSB6) foi aberta na tarde de ter\u00e7a-feira (26) para o p\u00fablico, a cena mais comum por enquanto \u00e9 a de jovens rec\u00e9m-chegados carregando colch\u00f5es infl\u00e1veis ou colchonetes, al\u00e9m de travesseiros, len\u00e7\u00f3is, mochilas e apetrechos para se alojar com um pouco mais de conforto e seguran\u00e7a. Eles chegam sozinhos, em pequenos grupos e at\u00e9 caravanas de gente que compartilha os mesmos gostos. N\u00e3o s\u00e3o raros os que chegam com computadores encaixotados, conjunto de luzes de led para criar um clima de casa de jogos eletr\u00f4nicos e at\u00e9 as grandes cadeiras de gamers, mais ergon\u00f4micas do que as que est\u00e3o acostumados para passar horas em frente \u00e0s telas.<\/p>\n<p>Nailton Cerqueira, de 21 anos, tirou folga por uns dias da profiss\u00e3o de gar\u00e7om no Distrito Federal para se dedicar ao que mais gosta: acompanhar lutas de rob\u00f4s e conhecer gente. Esta \u00e9 a quarta participa\u00e7\u00e3o dele em edi\u00e7\u00f5es da Campus Party: duas em Bras\u00edlia, uma em Goi\u00e2nia (GO) e mais uma em S\u00e3o Paulo. \u201cVim curtir com o pessoal, fazer amizades, bastante network na \u00e1rea que mais me atrai que \u00e9 a de tecnologia\u201d. Nailton chegou acompanhado da amiga, a estudante J\u00falia Jesus, que tem outros interesses. \u201cComo fa\u00e7o faculdade tamb\u00e9m, interesso-me por divulga\u00e7\u00e3o acad\u00eamica de conhecimentos cient\u00edficos, principalmente para o p\u00fablico geral, para quem est\u00e1 fora da academia.\u201d<\/p>\n<p>A estimativa da organiza\u00e7\u00e3o do festival \u00e9 que 2,5 mil campuseiros ter\u00e3o adotado o camping como lar at\u00e9 este domingo de P\u00e1scoa (31). O festival cede as barracas e todo o resto \u00e9 com os participantes.<\/p>\n<p><strong>Dicas<\/strong><br \/>\nDiferentemente dos espa\u00e7os campestres dos escoteiros, ali, nada de fogareiro, trilhas, mata fechada e marshmallow na brasa; os campistas do camping da CPBB6 t\u00eam sobre as barracas n\u00e3o o c\u00e9u, mas o concreto do est\u00e1dio. E no lugar da grama, o piso duro da instala\u00e7\u00e3o.<\/p>\n<p>E para encontrar mais facilmente onde vai pernoitar, as informa\u00e7\u00f5es da fileira e o n\u00famero da barraca de cada um deles est\u00e3o registradas na credencial do evento e ajudam os ocupantes a se localizar em meio a tantas barracas grudadas umas nas outras.<\/p>\n<p>Como dica adicional dos veteranos de outras edi\u00e7\u00f5es de Campus Party aos calouros para n\u00e3o se perder em meio ao &#8216;mar\u2019 de tendas iguaizinhas, \u00e9 melhor colocar uma toalha chamativa ou canga de praia em cima da barraca. Tamb\u00e9m n\u00e3o podem faltar itens como um cadeado para fechar a barraca, para preservar os pertences do campuseiro que se diverte nas arenas; uma lumin\u00e1ria com conex\u00e3o USB ou lanterna para encontrar algo no escuro e isolante t\u00e9rmico para se proteger do frio que tem feito nas noites da capital federal nesta semana. Outra dica \u00e9 usar ganchos para pendurar objetos leves desde o teto para ganhar espa\u00e7o livre, onde cada cent\u00edmetro quadrado vale muito, principalmente se a barraca tiver dois ocupantes<\/p>\n<p>Quem afirma ter ignorado este detalhe do ambiente pequeno foi a professora de matem\u00e1tica da rede p\u00fablica de ensino do Distrito Federal, Cristiane Costa. Para passar cinco dias acampada, Cris levou tr\u00eas malas, um colch\u00e3o infl\u00e1vel, bomba de ar, outra mochila lotada de itens que ela considera essenciais. S\u00e3o acess\u00f3rios de dois figurinos de cosplay que representam personagens admirados por ela, mas, disputam espa\u00e7o palmo a palmo com itens de higiene e cuidados pessoais. Mas, na bagagem de volta, o que a professora quer levar mesmo \u00e9 aprendizado para repassar aos alunos dela. \u201cS\u00e3o coisas que posso levar para sala de aula, ainda mais sendo professora de escola p\u00fablica, onde muitos n\u00e3o t\u00eam tanto acesso. Por isso, \u00e9 legal trazer essas coisas que n\u00e3o precisam de objetos tecnol\u00f3gicos, mas usam tecnologias e levar para os alunos para eles aprenderem.\u201d<\/p>\n<p>A amiga Ana Lu\u00edsa Silva Barcelos, de 19 anos, foi quem cedeu espa\u00e7o na barraca para que a professora pudesse guardar a mochila extra que j\u00e1 n\u00e3o cabia mais no seu dom\u00ednio. Estudante do curso de An\u00e1lise e Desenvolvimento de Sistemas, Ana Lu\u00edsa contou \u00e0 reportagem da Ag\u00eancia Brasil que deixou o aconchego de casa, localizada a 30 km do Man\u00e9 Garrincha, para ser volunt\u00e1ria no evento de tecnologia. \u201cEscolhi ser volunt\u00e1ria pela primeira vez para aprender um pouco mais sobre tecnologia, porque estou entrando nessa \u00e1rea. Ainda sou leiga. Tamb\u00e9m, vim para socializar mais\u201d. Por fim, a universit\u00e1ria admite que o fato de os volunt\u00e1rios terem hospedagem e almo\u00e7os gratuitos pesaram na balan\u00e7a para aceitar a proposta de trabalhar de gra\u00e7a por seis horas por dia. \u201cEspero aprender, fazer amizades e comer\u201d, se diverte a jovem.<\/p>\n<p><strong>Vista Privilegiada<\/strong><br \/>\nO espa\u00e7o \u00e9 democr\u00e1tico, mas uns campuseiros se sentiram em clara vantagem ao terem a vista a partir do z\u00edper da barraca de nada mais, nada menos, que o gramado do Est\u00e1dio Man\u00e9 Garrincha e rodeado de arquibancadas vermelhas, de onde, em outras ocasi\u00f5es, o p\u00fablico foi espectador de jogos da Copa do Mundo de 2014, das Olimp\u00edadas de 2016 e de shows como do beatle Paul Mccartney.<\/p>\n<p>Este \u00e9 o caso dos universit\u00e1rios do ramo de tecnologia que viraram amigos devido ao futebol americano e que jogam em Bras\u00edlia, Isaque de Queiroz e Pedro Victor Torre\u00e3o. At\u00e9 domingo, os dois deixar\u00e3o de lado a bola ovalada e os termos do esporte estrangeiro, como touchdown, quarterback para apreciarem a vista. \u201c\u00c9 uma sensa\u00e7\u00e3o boa acordar assim, conseguir olhar para o est\u00e1dio \u00e9 uma coisa bem diferente do padr\u00e3o nosso. Ent\u00e3o, foi incr\u00edvel. \u00c9 uma coisa realmente \u00fanica\u201d, concorda Isaque de Queiroz, que tamb\u00e9m faz v\u00eddeos para internet, como aut\u00f4nomo.<\/p>\n<p>J\u00e1 Pedro Torre\u00e3o, que cursa engenharia de software, disse que alternar\u00e1 momentos de busca de est\u00e1gio em sua \u00e1rea, e ainda estabelecer conectividade com empresas e comunidades com gostos afins, com outros momentos de distra\u00e7\u00e3o, como quando usa m\u00faltiplos figurinos, como o do personagem fict\u00edcio preferido do anime One Piece, o pirata Luffy; e de outra anima\u00e7\u00e3o japonesa de tem\u00e1tica de basquete, Slam Dunk Miyagi.<\/p>\n<p>Cada um dos campuseiros planeja viver estes dias da melhor forma. H\u00e1 at\u00e9 os que juram que n\u00e3o dormir\u00e3o nenhuma noite para aproveitar todas as experi\u00eancias imersivas poss\u00edveis, oficinas pr\u00e1ticas, workshops, palestras, competi\u00e7\u00f5es, mentorias e compras de produtos do mundo geek e nerd. O estat\u00edstico Jos\u00e9 Valdir de Ara\u00fajo entra neste time dos insones. Com pouco dinheiro no bolso e comprometido com o trabalho volunt\u00e1rio por 6 horas por dia de Campus, Jos\u00e9 Valdir quer viver as horas restantes do dia com intensidade. E acredita que ir\u00e1 sobreviver bem \u00e0 base de bebidas energ\u00e9ticas, diversos saquinhos de snacks sabor queijo e potes e mais potes de macarr\u00e3o instant\u00e2neo aquecido nos aparelhos microondas disponibilizados pela organiza\u00e7\u00e3o do evento.<\/p>\n<p>\u201cA gente vai ficar muito mais como campuseiro do que como volunt\u00e1rio. Mas a gente est\u00e1 a\u00ed para ajudar todo mundo. E na verdade, eu n\u00e3o trouxe quase nada. Estou me bastando com salgadinhos desde ontem e s\u00f3 tenho roupas e utens\u00edlios de higiene\u201d, ironiza o matem\u00e1tico.<\/p>\n<p><strong>Guia<\/strong><br \/>\nOs campuseiros t\u00eam \u00e0 disposi\u00e7\u00e3o at\u00e9 um guia de sobreviv\u00eancia para embarcar no evento com seguran\u00e7a e manter o bem-estar, sem maiores inconvenientes, nestes dias de Campus. S\u00e3o dicas que v\u00e3o desde a localiza\u00e7\u00e3o de banheiros e pontos de hidrata\u00e7\u00e3o, at\u00e9 a programa\u00e7\u00e3o para n\u00e3o perder nenhuma atividade.<\/p>\n<p>Se at\u00e9 este domingo algu\u00e9m estiver interessado em ser um campuseiro da Sexta Campus Party Bras\u00edlia, a organiza\u00e7\u00e3o avisa que ainda tem ingressos dispon\u00edveis. Ao p\u00fablico em geral, a \u00c1rea Open estar\u00e1 liberada gratuitamente para livre circula\u00e7\u00e3o.<\/p>\n","protected":false},"excerpt":{"rendered":"<p>Um dos espa\u00e7os mais frequentados das edi\u00e7\u00f5es do Campus Party Brasil \u00e9 o camping dos participantes do maior evento de tecnologia e cultura gamer do pa\u00eds. Na sexta edi\u00e7\u00e3o do evento em Bras\u00edlia, n\u00e3o \u00e9 diferente. Os dois andares da varanda coberta do Est\u00e1dio Man\u00e9 Garrincha s\u00e3o os queridinhos dos chamados campuseiros, porque est\u00e3o tomados [&hellip;]<\/p>\n","protected":false},"author":2,"featured_media":325723,"comment_status":"closed","ping_status":"closed","sticky":false,"template":"","format":"standard","meta":{"_acf_changed":false,"footnotes":""},"categories":[161],"tags":[],"class_list":["post-325722","post","type-post","status-publish","format-standard","has-post-thumbnail","hentry","category-quadradinho-em-foco"],"acf":[],"yoast_head":"<!-- This site is optimized with the Yoast SEO plugin v27.5 - https:\/\/yoast.com\/product\/yoast-seo-wordpress\/ -->\n<title>\u00daltimo dia do Campus Party \u00e9 de levantar barracas e dar um at\u00e9 logo - Notibras<\/title>\n<meta name=\"robots\" content=\"index, follow, max-snippet:-1, max-image-preview:large, max-video-preview:-1\" \/>\n<link rel=\"canonical\" href=\"https:\/\/www.notibras.com\/site\/ultimo-dia-do-campus-party-e-de-levantar-barracas-e-dar-um-ate-logo\/\" \/>\n<meta property=\"og:locale\" content=\"pt_BR\" \/>\n<meta property=\"og:type\" content=\"article\" \/>\n<meta property=\"og:title\" content=\"\u00daltimo dia do Campus Party \u00e9 de levantar barracas e dar um at\u00e9 logo - Notibras\" \/>\n<meta property=\"og:description\" content=\"Um dos espa\u00e7os mais frequentados das edi\u00e7\u00f5es do Campus Party Brasil \u00e9 o camping dos participantes do maior evento de tecnologia e cultura gamer do pa\u00eds. Na sexta edi\u00e7\u00e3o do evento em Bras\u00edlia, n\u00e3o \u00e9 diferente. Os dois andares da varanda coberta do Est\u00e1dio Man\u00e9 Garrincha s\u00e3o os queridinhos dos chamados campuseiros, porque est\u00e3o tomados [&hellip;]\" \/>\n<meta property=\"og:url\" content=\"https:\/\/www.notibras.com\/site\/ultimo-dia-do-campus-party-e-de-levantar-barracas-e-dar-um-ate-logo\/\" \/>\n<meta property=\"og:site_name\" content=\"Notibras\" \/>\n<meta property=\"article:publisher\" content=\"https:\/\/www.facebook.com\/notibras\/\" \/>\n<meta property=\"article:published_time\" content=\"2024-03-31T03:01:14+00:00\" \/>\n<meta property=\"article:modified_time\" content=\"2024-03-31T08:53:24+00:00\" \/>\n<meta property=\"og:image\" content=\"https:\/\/www.notibras.com\/site\/wp-content\/uploads\/2024\/03\/img_7227.jpg\" \/>\n\t<meta property=\"og:image:width\" content=\"1170\" \/>\n\t<meta property=\"og:image:height\" content=\"700\" \/>\n\t<meta property=\"og:image:type\" content=\"image\/jpeg\" \/>\n<meta name=\"author\" content=\"Reda\u00e7\u00e3o\" \/>\n<meta name=\"twitter:card\" content=\"summary_large_image\" \/>\n<meta name=\"twitter:creator\" content=\"@Notibras\" \/>\n<meta name=\"twitter:site\" content=\"@Notibras\" \/>\n<meta name=\"twitter:label1\" content=\"Escrito por\" \/>\n\t<meta name=\"twitter:data1\" content=\"Reda\u00e7\u00e3o\" \/>\n\t<meta name=\"twitter:label2\" content=\"Est. tempo de leitura\" \/>\n\t<meta name=\"twitter:data2\" content=\"8 minutos\" \/>\n<script type=\"application\/ld+json\" class=\"yoast-schema-graph\">{\"@context\":\"https:\\\/\\\/schema.org\",\"@graph\":[{\"@type\":\"Article\",\"@id\":\"https:\\\/\\\/www.notibras.com\\\/site\\\/ultimo-dia-do-campus-party-e-de-levantar-barracas-e-dar-um-ate-logo\\\/#article\",\"isPartOf\":{\"@id\":\"https:\\\/\\\/www.notibras.com\\\/site\\\/ultimo-dia-do-campus-party-e-de-levantar-barracas-e-dar-um-ate-logo\\\/\"},\"author\":{\"name\":\"Reda\u00e7\u00e3o\",\"@id\":\"https:\\\/\\\/www.notibras.com\\\/site\\\/#\\\/schema\\\/person\\\/36ab0979449956132d3e5b517ea76ac8\"},\"headline\":\"\u00daltimo dia do Campus Party \u00e9 de levantar barracas e dar um at\u00e9 logo\",\"datePublished\":\"2024-03-31T03:01:14+00:00\",\"dateModified\":\"2024-03-31T08:53:24+00:00\",\"mainEntityOfPage\":{\"@id\":\"https:\\\/\\\/www.notibras.com\\\/site\\\/ultimo-dia-do-campus-party-e-de-levantar-barracas-e-dar-um-ate-logo\\\/\"},\"wordCount\":1452,\"publisher\":{\"@id\":\"https:\\\/\\\/www.notibras.com\\\/site\\\/#organization\"},\"image\":{\"@id\":\"https:\\\/\\\/www.notibras.com\\\/site\\\/ultimo-dia-do-campus-party-e-de-levantar-barracas-e-dar-um-ate-logo\\\/#primaryimage\"},\"thumbnailUrl\":\"https:\\\/\\\/www.notibras.com\\\/site\\\/wp-content\\\/uploads\\\/2024\\\/03\\\/img_7227.jpg\",\"articleSection\":[\"Quadradinho em Foco\"],\"inLanguage\":\"pt-BR\"},{\"@type\":\"WebPage\",\"@id\":\"https:\\\/\\\/www.notibras.com\\\/site\\\/ultimo-dia-do-campus-party-e-de-levantar-barracas-e-dar-um-ate-logo\\\/\",\"url\":\"https:\\\/\\\/www.notibras.com\\\/site\\\/ultimo-dia-do-campus-party-e-de-levantar-barracas-e-dar-um-ate-logo\\\/\",\"name\":\"\u00daltimo dia do Campus Party \u00e9 de levantar barracas e dar um at\u00e9 logo - Notibras\",\"isPartOf\":{\"@id\":\"https:\\\/\\\/www.notibras.com\\\/site\\\/#website\"},\"primaryImageOfPage\":{\"@id\":\"https:\\\/\\\/www.notibras.com\\\/site\\\/ultimo-dia-do-campus-party-e-de-levantar-barracas-e-dar-um-ate-logo\\\/#primaryimage\"},\"image\":{\"@id\":\"https:\\\/\\\/www.notibras.com\\\/site\\\/ultimo-dia-do-campus-party-e-de-levantar-barracas-e-dar-um-ate-logo\\\/#primaryimage\"},\"thumbnailUrl\":\"https:\\\/\\\/www.notibras.com\\\/site\\\/wp-content\\\/uploads\\\/2024\\\/03\\\/img_7227.jpg\",\"datePublished\":\"2024-03-31T03:01:14+00:00\",\"dateModified\":\"2024-03-31T08:53:24+00:00\",\"breadcrumb\":{\"@id\":\"https:\\\/\\\/www.notibras.com\\\/site\\\/ultimo-dia-do-campus-party-e-de-levantar-barracas-e-dar-um-ate-logo\\\/#breadcrumb\"},\"inLanguage\":\"pt-BR\",\"potentialAction\":[{\"@type\":\"ReadAction\",\"target\":[\"https:\\\/\\\/www.notibras.com\\\/site\\\/ultimo-dia-do-campus-party-e-de-levantar-barracas-e-dar-um-ate-logo\\\/\"]}]},{\"@type\":\"ImageObject\",\"inLanguage\":\"pt-BR\",\"@id\":\"https:\\\/\\\/www.notibras.com\\\/site\\\/ultimo-dia-do-campus-party-e-de-levantar-barracas-e-dar-um-ate-logo\\\/#primaryimage\",\"url\":\"https:\\\/\\\/www.notibras.com\\\/site\\\/wp-content\\\/uploads\\\/2024\\\/03\\\/img_7227.jpg\",\"contentUrl\":\"https:\\\/\\\/www.notibras.com\\\/site\\\/wp-content\\\/uploads\\\/2024\\\/03\\\/img_7227.jpg\",\"width\":1170,\"height\":700},{\"@type\":\"BreadcrumbList\",\"@id\":\"https:\\\/\\\/www.notibras.com\\\/site\\\/ultimo-dia-do-campus-party-e-de-levantar-barracas-e-dar-um-ate-logo\\\/#breadcrumb\",\"itemListElement\":[{\"@type\":\"ListItem\",\"position\":1,\"name\":\"In\u00edcio\",\"item\":\"https:\\\/\\\/www.notibras.com\\\/site\\\/\"},{\"@type\":\"ListItem\",\"position\":2,\"name\":\"\u00daltimo dia do Campus Party \u00e9 de levantar barracas e dar um at\u00e9 logo\"}]},{\"@type\":\"WebSite\",\"@id\":\"https:\\\/\\\/www.notibras.com\\\/site\\\/#website\",\"url\":\"https:\\\/\\\/www.notibras.com\\\/site\\\/\",\"name\":\"Notibras\",\"description\":\"Not\u00edcias de Bras\u00edlia, do Brasil e do Mundo\",\"publisher\":{\"@id\":\"https:\\\/\\\/www.notibras.com\\\/site\\\/#organization\"},\"potentialAction\":[{\"@type\":\"SearchAction\",\"target\":{\"@type\":\"EntryPoint\",\"urlTemplate\":\"https:\\\/\\\/www.notibras.com\\\/site\\\/?s={search_term_string}\"},\"query-input\":{\"@type\":\"PropertyValueSpecification\",\"valueRequired\":true,\"valueName\":\"search_term_string\"}}],\"inLanguage\":\"pt-BR\"},{\"@type\":\"Organization\",\"@id\":\"https:\\\/\\\/www.notibras.com\\\/site\\\/#organization\",\"name\":\"Grupo Notibras de Comunica\u00e7\u00e3o\",\"url\":\"https:\\\/\\\/www.notibras.com\\\/site\\\/\",\"logo\":{\"@type\":\"ImageObject\",\"inLanguage\":\"pt-BR\",\"@id\":\"https:\\\/\\\/www.notibras.com\\\/site\\\/#\\\/schema\\\/logo\\\/image\\\/\",\"url\":\"https:\\\/\\\/www.notibras.com\\\/site\\\/wp-content\\\/uploads\\\/2023\\\/01\\\/notibras23.png\",\"contentUrl\":\"https:\\\/\\\/www.notibras.com\\\/site\\\/wp-content\\\/uploads\\\/2023\\\/01\\\/notibras23.png\",\"width\":350,\"height\":87,\"caption\":\"Grupo Notibras de Comunica\u00e7\u00e3o\"},\"image\":{\"@id\":\"https:\\\/\\\/www.notibras.com\\\/site\\\/#\\\/schema\\\/logo\\\/image\\\/\"},\"sameAs\":[\"https:\\\/\\\/www.facebook.com\\\/notibras\\\/\",\"https:\\\/\\\/x.com\\\/Notibras\",\"https:\\\/\\\/www.instagram.com\\\/notibras\\\/\"]},{\"@type\":\"Person\",\"@id\":\"https:\\\/\\\/www.notibras.com\\\/site\\\/#\\\/schema\\\/person\\\/36ab0979449956132d3e5b517ea76ac8\",\"name\":\"Reda\u00e7\u00e3o\",\"image\":{\"@type\":\"ImageObject\",\"inLanguage\":\"pt-BR\",\"@id\":\"https:\\\/\\\/secure.gravatar.com\\\/avatar\\\/e0a867bdedb85fd243eadf09663511f96fc81e0720a4a42581f334ad4303aa6b?s=96&d=mm&r=g\",\"url\":\"https:\\\/\\\/secure.gravatar.com\\\/avatar\\\/e0a867bdedb85fd243eadf09663511f96fc81e0720a4a42581f334ad4303aa6b?s=96&d=mm&r=g\",\"contentUrl\":\"https:\\\/\\\/secure.gravatar.com\\\/avatar\\\/e0a867bdedb85fd243eadf09663511f96fc81e0720a4a42581f334ad4303aa6b?s=96&d=mm&r=g\",\"caption\":\"Reda\u00e7\u00e3o\"}}]}<\/script>\n<!-- \/ Yoast SEO plugin. -->","yoast_head_json":{"title":"\u00daltimo dia do Campus Party \u00e9 de levantar barracas e dar um at\u00e9 logo - Notibras","robots":{"index":"index","follow":"follow","max-snippet":"max-snippet:-1","max-image-preview":"max-image-preview:large","max-video-preview":"max-video-preview:-1"},"canonical":"https:\/\/www.notibras.com\/site\/ultimo-dia-do-campus-party-e-de-levantar-barracas-e-dar-um-ate-logo\/","og_locale":"pt_BR","og_type":"article","og_title":"\u00daltimo dia do Campus Party \u00e9 de levantar barracas e dar um at\u00e9 logo - Notibras","og_description":"Um dos espa\u00e7os mais frequentados das edi\u00e7\u00f5es do Campus Party Brasil \u00e9 o camping dos participantes do maior evento de tecnologia e cultura gamer do pa\u00eds. Na sexta edi\u00e7\u00e3o do evento em Bras\u00edlia, n\u00e3o \u00e9 diferente. Os dois andares da varanda coberta do Est\u00e1dio Man\u00e9 Garrincha s\u00e3o os queridinhos dos chamados campuseiros, porque est\u00e3o tomados [&hellip;]","og_url":"https:\/\/www.notibras.com\/site\/ultimo-dia-do-campus-party-e-de-levantar-barracas-e-dar-um-ate-logo\/","og_site_name":"Notibras","article_publisher":"https:\/\/www.facebook.com\/notibras\/","article_published_time":"2024-03-31T03:01:14+00:00","article_modified_time":"2024-03-31T08:53:24+00:00","og_image":[{"width":1170,"height":700,"url":"https:\/\/www.notibras.com\/site\/wp-content\/uploads\/2024\/03\/img_7227.jpg","type":"image\/jpeg"}],"author":"Reda\u00e7\u00e3o","twitter_card":"summary_large_image","twitter_creator":"@Notibras","twitter_site":"@Notibras","twitter_misc":{"Escrito por":"Reda\u00e7\u00e3o","Est. tempo de leitura":"8 minutos"},"schema":{"@context":"https:\/\/schema.org","@graph":[{"@type":"Article","@id":"https:\/\/www.notibras.com\/site\/ultimo-dia-do-campus-party-e-de-levantar-barracas-e-dar-um-ate-logo\/#article","isPartOf":{"@id":"https:\/\/www.notibras.com\/site\/ultimo-dia-do-campus-party-e-de-levantar-barracas-e-dar-um-ate-logo\/"},"author":{"name":"Reda\u00e7\u00e3o","@id":"https:\/\/www.notibras.com\/site\/#\/schema\/person\/36ab0979449956132d3e5b517ea76ac8"},"headline":"\u00daltimo dia do Campus Party \u00e9 de levantar barracas e dar um at\u00e9 logo","datePublished":"2024-03-31T03:01:14+00:00","dateModified":"2024-03-31T08:53:24+00:00","mainEntityOfPage":{"@id":"https:\/\/www.notibras.com\/site\/ultimo-dia-do-campus-party-e-de-levantar-barracas-e-dar-um-ate-logo\/"},"wordCount":1452,"publisher":{"@id":"https:\/\/www.notibras.com\/site\/#organization"},"image":{"@id":"https:\/\/www.notibras.com\/site\/ultimo-dia-do-campus-party-e-de-levantar-barracas-e-dar-um-ate-logo\/#primaryimage"},"thumbnailUrl":"https:\/\/www.notibras.com\/site\/wp-content\/uploads\/2024\/03\/img_7227.jpg","articleSection":["Quadradinho em Foco"],"inLanguage":"pt-BR"},{"@type":"WebPage","@id":"https:\/\/www.notibras.com\/site\/ultimo-dia-do-campus-party-e-de-levantar-barracas-e-dar-um-ate-logo\/","url":"https:\/\/www.notibras.com\/site\/ultimo-dia-do-campus-party-e-de-levantar-barracas-e-dar-um-ate-logo\/","name":"\u00daltimo dia do Campus Party \u00e9 de levantar barracas e dar um at\u00e9 logo - Notibras","isPartOf":{"@id":"https:\/\/www.notibras.com\/site\/#website"},"primaryImageOfPage":{"@id":"https:\/\/www.notibras.com\/site\/ultimo-dia-do-campus-party-e-de-levantar-barracas-e-dar-um-ate-logo\/#primaryimage"},"image":{"@id":"https:\/\/www.notibras.com\/site\/ultimo-dia-do-campus-party-e-de-levantar-barracas-e-dar-um-ate-logo\/#primaryimage"},"thumbnailUrl":"https:\/\/www.notibras.com\/site\/wp-content\/uploads\/2024\/03\/img_7227.jpg","datePublished":"2024-03-31T03:01:14+00:00","dateModified":"2024-03-31T08:53:24+00:00","breadcrumb":{"@id":"https:\/\/www.notibras.com\/site\/ultimo-dia-do-campus-party-e-de-levantar-barracas-e-dar-um-ate-logo\/#breadcrumb"},"inLanguage":"pt-BR","potentialAction":[{"@type":"ReadAction","target":["https:\/\/www.notibras.com\/site\/ultimo-dia-do-campus-party-e-de-levantar-barracas-e-dar-um-ate-logo\/"]}]},{"@type":"ImageObject","inLanguage":"pt-BR","@id":"https:\/\/www.notibras.com\/site\/ultimo-dia-do-campus-party-e-de-levantar-barracas-e-dar-um-ate-logo\/#primaryimage","url":"https:\/\/www.notibras.com\/site\/wp-content\/uploads\/2024\/03\/img_7227.jpg","contentUrl":"https:\/\/www.notibras.com\/site\/wp-content\/uploads\/2024\/03\/img_7227.jpg","width":1170,"height":700},{"@type":"BreadcrumbList","@id":"https:\/\/www.notibras.com\/site\/ultimo-dia-do-campus-party-e-de-levantar-barracas-e-dar-um-ate-logo\/#breadcrumb","itemListElement":[{"@type":"ListItem","position":1,"name":"In\u00edcio","item":"https:\/\/www.notibras.com\/site\/"},{"@type":"ListItem","position":2,"name":"\u00daltimo dia do Campus Party \u00e9 de levantar barracas e dar um at\u00e9 logo"}]},{"@type":"WebSite","@id":"https:\/\/www.notibras.com\/site\/#website","url":"https:\/\/www.notibras.com\/site\/","name":"Notibras","description":"Not\u00edcias de Bras\u00edlia, do Brasil e do Mundo","publisher":{"@id":"https:\/\/www.notibras.com\/site\/#organization"},"potentialAction":[{"@type":"SearchAction","target":{"@type":"EntryPoint","urlTemplate":"https:\/\/www.notibras.com\/site\/?s={search_term_string}"},"query-input":{"@type":"PropertyValueSpecification","valueRequired":true,"valueName":"search_term_string"}}],"inLanguage":"pt-BR"},{"@type":"Organization","@id":"https:\/\/www.notibras.com\/site\/#organization","name":"Grupo Notibras de Comunica\u00e7\u00e3o","url":"https:\/\/www.notibras.com\/site\/","logo":{"@type":"ImageObject","inLanguage":"pt-BR","@id":"https:\/\/www.notibras.com\/site\/#\/schema\/logo\/image\/","url":"https:\/\/www.notibras.com\/site\/wp-content\/uploads\/2023\/01\/notibras23.png","contentUrl":"https:\/\/www.notibras.com\/site\/wp-content\/uploads\/2023\/01\/notibras23.png","width":350,"height":87,"caption":"Grupo Notibras de Comunica\u00e7\u00e3o"},"image":{"@id":"https:\/\/www.notibras.com\/site\/#\/schema\/logo\/image\/"},"sameAs":["https:\/\/www.facebook.com\/notibras\/","https:\/\/x.com\/Notibras","https:\/\/www.instagram.com\/notibras\/"]},{"@type":"Person","@id":"https:\/\/www.notibras.com\/site\/#\/schema\/person\/36ab0979449956132d3e5b517ea76ac8","name":"Reda\u00e7\u00e3o","image":{"@type":"ImageObject","inLanguage":"pt-BR","@id":"https:\/\/secure.gravatar.com\/avatar\/e0a867bdedb85fd243eadf09663511f96fc81e0720a4a42581f334ad4303aa6b?s=96&d=mm&r=g","url":"https:\/\/secure.gravatar.com\/avatar\/e0a867bdedb85fd243eadf09663511f96fc81e0720a4a42581f334ad4303aa6b?s=96&d=mm&r=g","contentUrl":"https:\/\/secure.gravatar.com\/avatar\/e0a867bdedb85fd243eadf09663511f96fc81e0720a4a42581f334ad4303aa6b?s=96&d=mm&r=g","caption":"Reda\u00e7\u00e3o"}}]}},"amp_enabled":true,"_links":{"self":[{"href":"https:\/\/www.notibras.com\/site\/wp-json\/wp\/v2\/posts\/325722","targetHints":{"allow":["GET"]}}],"collection":[{"href":"https:\/\/www.notibras.com\/site\/wp-json\/wp\/v2\/posts"}],"about":[{"href":"https:\/\/www.notibras.com\/site\/wp-json\/wp\/v2\/types\/post"}],"author":[{"embeddable":true,"href":"https:\/\/www.notibras.com\/site\/wp-json\/wp\/v2\/users\/2"}],"replies":[{"embeddable":true,"href":"https:\/\/www.notibras.com\/site\/wp-json\/wp\/v2\/comments?post=325722"}],"version-history":[{"count":1,"href":"https:\/\/www.notibras.com\/site\/wp-json\/wp\/v2\/posts\/325722\/revisions"}],"predecessor-version":[{"id":325724,"href":"https:\/\/www.notibras.com\/site\/wp-json\/wp\/v2\/posts\/325722\/revisions\/325724"}],"wp:featuredmedia":[{"embeddable":true,"href":"https:\/\/www.notibras.com\/site\/wp-json\/wp\/v2\/media\/325723"}],"wp:attachment":[{"href":"https:\/\/www.notibras.com\/site\/wp-json\/wp\/v2\/media?parent=325722"}],"wp:term":[{"taxonomy":"category","embeddable":true,"href":"https:\/\/www.notibras.com\/site\/wp-json\/wp\/v2\/categories?post=325722"},{"taxonomy":"post_tag","embeddable":true,"href":"https:\/\/www.notibras.com\/site\/wp-json\/wp\/v2\/tags?post=325722"}],"curies":[{"name":"wp","href":"https:\/\/api.w.org\/{rel}","templated":true}]}}