{"id":325730,"date":"2024-03-31T00:00:29","date_gmt":"2024-03-31T03:00:29","guid":{"rendered":"https:\/\/www.notibras.com\/site\/?p=325730"},"modified":"2024-03-31T06:30:13","modified_gmt":"2024-03-31T09:30:13","slug":"forca-tarefa-vai-tentar-conter-desmatamento-no-cerrado","status":"publish","type":"post","link":"https:\/\/www.notibras.com\/site\/forca-tarefa-vai-tentar-conter-desmatamento-no-cerrado\/","title":{"rendered":"For\u00e7a-tarefa vai tentar conter desmatamento no Cerrado"},"content":{"rendered":"<p>A preocupa\u00e7\u00e3o com o avan\u00e7o do desmatamento no Cerrado, na contram\u00e3o do que acontece na Amaz\u00f4nia, mobilizou a cria\u00e7\u00e3o de uma for\u00e7a-tarefa do governo federal com sete estados, mais o Distrito Federal, que det\u00eam por\u00e7\u00f5es do segundo maior bioma brasileiro, que ocupa 25% do territ\u00f3rio nacional. A inciativa \u00e9 parte dos desdobramentos do Plano de A\u00e7\u00e3o Contra o Desmatamento do Cerrado (PPCerrado), que foi retomado no ano passado.<\/p>\n<p>Uma reuni\u00e3o no Pal\u00e1cio do Planalto, coordenada pelo ministro-chefe da Casa Civil, Rui Costa, contou com a participa\u00e7\u00e3o dos governadores Carlos Brand\u00e3o (Maranh\u00e3o), Romeu Zema (Minas Gerais), Ronaldo Caiado (Goi\u00e1s), Mauro Mendes (Mato Grosso), Eduardo Riedel (Mato Grosso do Sul), Wanderlei Barbosa (Tocantins), da vice-governadora do Distrito Federal, Celina Le\u00e3o; e do secret\u00e1rio de Meio Ambiente da Bahia, Eduardo Sodr\u00e9.<\/p>\n<p>Tamb\u00e9m participaram da agenda os ministros Agricultura e Pecu\u00e1ria, Carlos F\u00e1varo; a ministra do Meio Ambiente e Mudan\u00e7a do Clima, Marina Silva; a ministra do Planejamento e Or\u00e7amento, Simone Tebet; e a ministra da Ci\u00eancia, Tecnologia e Inova\u00e7\u00e3o, Luciana Santos.<\/p>\n<p>&#8220;Na Amaz\u00f4nia, o governo federal tem um poder de a\u00e7\u00e3o muito maior. No Cerrado, s\u00e3o os estados que t\u00eam um poder de a\u00e7\u00e3o maior&#8221;, afirmou a ministra Marina Silva a jornalistas, ap\u00f3s o encontro. &#8220;A grande participa\u00e7\u00e3o de governadores \u00e9 uma demonstra\u00e7\u00e3o de que o problema ser\u00e1 resolvido, em um pacto que envolve o governo federal, os governos estaduais, envolve o setor produtivo, a sociedade civil e a comunidade cient\u00edfica&#8221;, acrescentou.<\/p>\n<p>Al\u00e9m da cria\u00e7\u00e3o de uma for\u00e7a-tarefa com a participa\u00e7\u00e3o direta dos pr\u00f3prios governadores, as a\u00e7\u00f5es propostas incluem um trabalho de unifica\u00e7\u00e3o das bases de dados dos estados com o governo federal.<\/p>\n<p>A ideia \u00e9 retomar a alimenta\u00e7\u00e3o do Cadastro Ambiental Rural (CAR), que foi enfraquecido no governo anterior, levando os estados a desenvolverem suas pr\u00f3prias plataformas de acompanhamento da situa\u00e7\u00e3o dos im\u00f3veis rurais, segundo o governo federal. Al\u00e9m da unifica\u00e7\u00e3o e cruzamento de informa\u00e7\u00f5es, de acordo com a Casa Civil, um grupo de trabalho entre ministros e governadores se reunir\u00e1 periodicamente para acompanhar os dados e tomar decis\u00f5es.<\/p>\n<p>Fonte de 40% da \u00e1gua doce do pa\u00eds, o Cerrado teve um aumento de 19% nos alertas de desmatamento no m\u00eas passado, na compara\u00e7\u00e3o com fevereiro de 2023. O bioma perdeu 3.798 quil\u00f4metros quadrados (km\u00b2) de vegeta\u00e7\u00e3o nativa, no acumulado de agosto de 2023 a fevereiro deste ano, de acordo com o monitoramento feito pelo Instituto Nacional de Pesquisas Espaciais (Inpe). A situa\u00e7\u00e3o \u00e9 mais grave e preocupante na regi\u00e3o dos estados do Maranh\u00e3o, de Tocantins, do Piau\u00ed e da Bahia &#8211; \u00e1rea conhecida pela sigla Matopiba, apontada como a nova fronteira agr\u00edcola do pa\u00eds. Quase 75% do desmatamento no Cerrado ocorre nesses quatro estados. Dos 52 munic\u00edpios respons\u00e1veis por metade dos desmatamentos, 50 deles est\u00e3o no Matopiba.<\/p>\n<p>Durante a reuni\u00e3o, o Minist\u00e9rio do Meio Ambiente e Mudan\u00e7a do Clima fez um alerta sobre os impactos de d\u00e9cadas de degrada\u00e7\u00e3o do solo com desmatamento, al\u00e9m dos efeitos das mudan\u00e7as clim\u00e1ticas.<\/p>\n<p>&#8220;Estamos observando uma mudan\u00e7a no regime de chuvas, sobretudo naquela regi\u00e3o ali do Matopiba, uma diminui\u00e7\u00e3o no volume de \u00e1gua dos rios, na vaz\u00e3o dos rios, algo em torno de 19 mil metros c\u00fabicos por segundo (m\u00b3\/s) e outros problemas que podem criar graves situa\u00e7\u00f5es em rela\u00e7\u00e3o aos processos econ\u00f4micos para a agricultura familiar, para o agroneg\u00f3cio&#8221;, destacou Marina Silva. A ministra tamb\u00e9m falou sobre um processo sem precedentes de desertifica\u00e7\u00e3o de \u00e1reas pr\u00f3ximas ao Cerrado.<\/p>\n<p>A pasta do Meio Ambiente informou que o apoio dos estados na for\u00e7a-tarefa pode garantir a libera\u00e7\u00e3o de recursos do Fundo Amaz\u00f4nia para financiar a\u00e7\u00f5es, considerando que at\u00e9 20% dos recursos podem ser aplicados em medida de monitoramento e controle em outros biomas.<\/p>\n","protected":false},"excerpt":{"rendered":"<p>A preocupa\u00e7\u00e3o com o avan\u00e7o do desmatamento no Cerrado, na contram\u00e3o do que acontece na Amaz\u00f4nia, mobilizou a cria\u00e7\u00e3o de uma for\u00e7a-tarefa do governo federal com sete estados, mais o Distrito Federal, que det\u00eam por\u00e7\u00f5es do segundo maior bioma brasileiro, que ocupa 25% do territ\u00f3rio nacional. A inciativa \u00e9 parte dos desdobramentos do Plano de [&hellip;]<\/p>\n","protected":false},"author":2,"featured_media":325731,"comment_status":"closed","ping_status":"closed","sticky":false,"template":"","format":"standard","meta":{"_acf_changed":false,"footnotes":""},"categories":[161],"tags":[],"class_list":["post-325730","post","type-post","status-publish","format-standard","has-post-thumbnail","hentry","category-quadradinho-em-foco"],"acf":[],"yoast_head":"<!-- This site is optimized with the Yoast SEO plugin v27.5 - https:\/\/yoast.com\/product\/yoast-seo-wordpress\/ -->\n<title>For\u00e7a-tarefa vai tentar conter desmatamento no Cerrado - Notibras<\/title>\n<meta name=\"robots\" content=\"index, follow, max-snippet:-1, max-image-preview:large, max-video-preview:-1\" \/>\n<link rel=\"canonical\" href=\"https:\/\/www.notibras.com\/site\/forca-tarefa-vai-tentar-conter-desmatamento-no-cerrado\/\" \/>\n<meta property=\"og:locale\" content=\"pt_BR\" \/>\n<meta property=\"og:type\" content=\"article\" \/>\n<meta property=\"og:title\" content=\"For\u00e7a-tarefa vai tentar conter desmatamento no Cerrado - Notibras\" \/>\n<meta property=\"og:description\" content=\"A preocupa\u00e7\u00e3o com o avan\u00e7o do desmatamento no Cerrado, na contram\u00e3o do que acontece na Amaz\u00f4nia, mobilizou a cria\u00e7\u00e3o de uma for\u00e7a-tarefa do governo federal com sete estados, mais o Distrito Federal, que det\u00eam por\u00e7\u00f5es do segundo maior bioma brasileiro, que ocupa 25% do territ\u00f3rio nacional. A inciativa \u00e9 parte dos desdobramentos do Plano de [&hellip;]\" \/>\n<meta property=\"og:url\" content=\"https:\/\/www.notibras.com\/site\/forca-tarefa-vai-tentar-conter-desmatamento-no-cerrado\/\" \/>\n<meta property=\"og:site_name\" content=\"Notibras\" \/>\n<meta property=\"article:publisher\" content=\"https:\/\/www.facebook.com\/notibras\/\" \/>\n<meta property=\"article:published_time\" content=\"2024-03-31T03:00:29+00:00\" \/>\n<meta property=\"article:modified_time\" content=\"2024-03-31T09:30:13+00:00\" \/>\n<meta property=\"og:image\" content=\"https:\/\/www.notibras.com\/site\/wp-content\/uploads\/2024\/03\/cerrado.tarefa.webp\" \/>\n\t<meta property=\"og:image:width\" content=\"1170\" \/>\n\t<meta property=\"og:image:height\" content=\"700\" \/>\n\t<meta property=\"og:image:type\" content=\"image\/webp\" \/>\n<meta name=\"author\" content=\"Reda\u00e7\u00e3o\" \/>\n<meta name=\"twitter:card\" content=\"summary_large_image\" \/>\n<meta name=\"twitter:creator\" content=\"@Notibras\" \/>\n<meta name=\"twitter:site\" content=\"@Notibras\" \/>\n<meta name=\"twitter:label1\" content=\"Escrito por\" \/>\n\t<meta name=\"twitter:data1\" content=\"Reda\u00e7\u00e3o\" \/>\n\t<meta name=\"twitter:label2\" content=\"Est. tempo de leitura\" \/>\n\t<meta name=\"twitter:data2\" content=\"4 minutos\" \/>\n<script type=\"application\/ld+json\" class=\"yoast-schema-graph\">{\"@context\":\"https:\\\/\\\/schema.org\",\"@graph\":[{\"@type\":\"Article\",\"@id\":\"https:\\\/\\\/www.notibras.com\\\/site\\\/forca-tarefa-vai-tentar-conter-desmatamento-no-cerrado\\\/#article\",\"isPartOf\":{\"@id\":\"https:\\\/\\\/www.notibras.com\\\/site\\\/forca-tarefa-vai-tentar-conter-desmatamento-no-cerrado\\\/\"},\"author\":{\"name\":\"Reda\u00e7\u00e3o\",\"@id\":\"https:\\\/\\\/www.notibras.com\\\/site\\\/#\\\/schema\\\/person\\\/36ab0979449956132d3e5b517ea76ac8\"},\"headline\":\"For\u00e7a-tarefa vai tentar conter desmatamento no Cerrado\",\"datePublished\":\"2024-03-31T03:00:29+00:00\",\"dateModified\":\"2024-03-31T09:30:13+00:00\",\"mainEntityOfPage\":{\"@id\":\"https:\\\/\\\/www.notibras.com\\\/site\\\/forca-tarefa-vai-tentar-conter-desmatamento-no-cerrado\\\/\"},\"wordCount\":686,\"publisher\":{\"@id\":\"https:\\\/\\\/www.notibras.com\\\/site\\\/#organization\"},\"image\":{\"@id\":\"https:\\\/\\\/www.notibras.com\\\/site\\\/forca-tarefa-vai-tentar-conter-desmatamento-no-cerrado\\\/#primaryimage\"},\"thumbnailUrl\":\"https:\\\/\\\/www.notibras.com\\\/site\\\/wp-content\\\/uploads\\\/2024\\\/03\\\/cerrado.tarefa.webp\",\"articleSection\":[\"Quadradinho em Foco\"],\"inLanguage\":\"pt-BR\"},{\"@type\":\"WebPage\",\"@id\":\"https:\\\/\\\/www.notibras.com\\\/site\\\/forca-tarefa-vai-tentar-conter-desmatamento-no-cerrado\\\/\",\"url\":\"https:\\\/\\\/www.notibras.com\\\/site\\\/forca-tarefa-vai-tentar-conter-desmatamento-no-cerrado\\\/\",\"name\":\"For\u00e7a-tarefa vai tentar conter desmatamento no Cerrado - Notibras\",\"isPartOf\":{\"@id\":\"https:\\\/\\\/www.notibras.com\\\/site\\\/#website\"},\"primaryImageOfPage\":{\"@id\":\"https:\\\/\\\/www.notibras.com\\\/site\\\/forca-tarefa-vai-tentar-conter-desmatamento-no-cerrado\\\/#primaryimage\"},\"image\":{\"@id\":\"https:\\\/\\\/www.notibras.com\\\/site\\\/forca-tarefa-vai-tentar-conter-desmatamento-no-cerrado\\\/#primaryimage\"},\"thumbnailUrl\":\"https:\\\/\\\/www.notibras.com\\\/site\\\/wp-content\\\/uploads\\\/2024\\\/03\\\/cerrado.tarefa.webp\",\"datePublished\":\"2024-03-31T03:00:29+00:00\",\"dateModified\":\"2024-03-31T09:30:13+00:00\",\"breadcrumb\":{\"@id\":\"https:\\\/\\\/www.notibras.com\\\/site\\\/forca-tarefa-vai-tentar-conter-desmatamento-no-cerrado\\\/#breadcrumb\"},\"inLanguage\":\"pt-BR\",\"potentialAction\":[{\"@type\":\"ReadAction\",\"target\":[\"https:\\\/\\\/www.notibras.com\\\/site\\\/forca-tarefa-vai-tentar-conter-desmatamento-no-cerrado\\\/\"]}]},{\"@type\":\"ImageObject\",\"inLanguage\":\"pt-BR\",\"@id\":\"https:\\\/\\\/www.notibras.com\\\/site\\\/forca-tarefa-vai-tentar-conter-desmatamento-no-cerrado\\\/#primaryimage\",\"url\":\"https:\\\/\\\/www.notibras.com\\\/site\\\/wp-content\\\/uploads\\\/2024\\\/03\\\/cerrado.tarefa.webp\",\"contentUrl\":\"https:\\\/\\\/www.notibras.com\\\/site\\\/wp-content\\\/uploads\\\/2024\\\/03\\\/cerrado.tarefa.webp\",\"width\":1170,\"height\":700},{\"@type\":\"BreadcrumbList\",\"@id\":\"https:\\\/\\\/www.notibras.com\\\/site\\\/forca-tarefa-vai-tentar-conter-desmatamento-no-cerrado\\\/#breadcrumb\",\"itemListElement\":[{\"@type\":\"ListItem\",\"position\":1,\"name\":\"In\u00edcio\",\"item\":\"https:\\\/\\\/www.notibras.com\\\/site\\\/\"},{\"@type\":\"ListItem\",\"position\":2,\"name\":\"For\u00e7a-tarefa vai tentar conter desmatamento no Cerrado\"}]},{\"@type\":\"WebSite\",\"@id\":\"https:\\\/\\\/www.notibras.com\\\/site\\\/#website\",\"url\":\"https:\\\/\\\/www.notibras.com\\\/site\\\/\",\"name\":\"Notibras\",\"description\":\"Not\u00edcias de Bras\u00edlia, do Brasil e do Mundo\",\"publisher\":{\"@id\":\"https:\\\/\\\/www.notibras.com\\\/site\\\/#organization\"},\"potentialAction\":[{\"@type\":\"SearchAction\",\"target\":{\"@type\":\"EntryPoint\",\"urlTemplate\":\"https:\\\/\\\/www.notibras.com\\\/site\\\/?s={search_term_string}\"},\"query-input\":{\"@type\":\"PropertyValueSpecification\",\"valueRequired\":true,\"valueName\":\"search_term_string\"}}],\"inLanguage\":\"pt-BR\"},{\"@type\":\"Organization\",\"@id\":\"https:\\\/\\\/www.notibras.com\\\/site\\\/#organization\",\"name\":\"Grupo Notibras de Comunica\u00e7\u00e3o\",\"url\":\"https:\\\/\\\/www.notibras.com\\\/site\\\/\",\"logo\":{\"@type\":\"ImageObject\",\"inLanguage\":\"pt-BR\",\"@id\":\"https:\\\/\\\/www.notibras.com\\\/site\\\/#\\\/schema\\\/logo\\\/image\\\/\",\"url\":\"https:\\\/\\\/www.notibras.com\\\/site\\\/wp-content\\\/uploads\\\/2023\\\/01\\\/notibras23.png\",\"contentUrl\":\"https:\\\/\\\/www.notibras.com\\\/site\\\/wp-content\\\/uploads\\\/2023\\\/01\\\/notibras23.png\",\"width\":350,\"height\":87,\"caption\":\"Grupo Notibras de Comunica\u00e7\u00e3o\"},\"image\":{\"@id\":\"https:\\\/\\\/www.notibras.com\\\/site\\\/#\\\/schema\\\/logo\\\/image\\\/\"},\"sameAs\":[\"https:\\\/\\\/www.facebook.com\\\/notibras\\\/\",\"https:\\\/\\\/x.com\\\/Notibras\",\"https:\\\/\\\/www.instagram.com\\\/notibras\\\/\"]},{\"@type\":\"Person\",\"@id\":\"https:\\\/\\\/www.notibras.com\\\/site\\\/#\\\/schema\\\/person\\\/36ab0979449956132d3e5b517ea76ac8\",\"name\":\"Reda\u00e7\u00e3o\",\"image\":{\"@type\":\"ImageObject\",\"inLanguage\":\"pt-BR\",\"@id\":\"https:\\\/\\\/secure.gravatar.com\\\/avatar\\\/e0a867bdedb85fd243eadf09663511f96fc81e0720a4a42581f334ad4303aa6b?s=96&d=mm&r=g\",\"url\":\"https:\\\/\\\/secure.gravatar.com\\\/avatar\\\/e0a867bdedb85fd243eadf09663511f96fc81e0720a4a42581f334ad4303aa6b?s=96&d=mm&r=g\",\"contentUrl\":\"https:\\\/\\\/secure.gravatar.com\\\/avatar\\\/e0a867bdedb85fd243eadf09663511f96fc81e0720a4a42581f334ad4303aa6b?s=96&d=mm&r=g\",\"caption\":\"Reda\u00e7\u00e3o\"}}]}<\/script>\n<!-- \/ Yoast SEO plugin. -->","yoast_head_json":{"title":"For\u00e7a-tarefa vai tentar conter desmatamento no Cerrado - Notibras","robots":{"index":"index","follow":"follow","max-snippet":"max-snippet:-1","max-image-preview":"max-image-preview:large","max-video-preview":"max-video-preview:-1"},"canonical":"https:\/\/www.notibras.com\/site\/forca-tarefa-vai-tentar-conter-desmatamento-no-cerrado\/","og_locale":"pt_BR","og_type":"article","og_title":"For\u00e7a-tarefa vai tentar conter desmatamento no Cerrado - Notibras","og_description":"A preocupa\u00e7\u00e3o com o avan\u00e7o do desmatamento no Cerrado, na contram\u00e3o do que acontece na Amaz\u00f4nia, mobilizou a cria\u00e7\u00e3o de uma for\u00e7a-tarefa do governo federal com sete estados, mais o Distrito Federal, que det\u00eam por\u00e7\u00f5es do segundo maior bioma brasileiro, que ocupa 25% do territ\u00f3rio nacional. A inciativa \u00e9 parte dos desdobramentos do Plano de [&hellip;]","og_url":"https:\/\/www.notibras.com\/site\/forca-tarefa-vai-tentar-conter-desmatamento-no-cerrado\/","og_site_name":"Notibras","article_publisher":"https:\/\/www.facebook.com\/notibras\/","article_published_time":"2024-03-31T03:00:29+00:00","article_modified_time":"2024-03-31T09:30:13+00:00","og_image":[{"width":1170,"height":700,"url":"https:\/\/www.notibras.com\/site\/wp-content\/uploads\/2024\/03\/cerrado.tarefa.webp","type":"image\/webp"}],"author":"Reda\u00e7\u00e3o","twitter_card":"summary_large_image","twitter_creator":"@Notibras","twitter_site":"@Notibras","twitter_misc":{"Escrito por":"Reda\u00e7\u00e3o","Est. tempo de leitura":"4 minutos"},"schema":{"@context":"https:\/\/schema.org","@graph":[{"@type":"Article","@id":"https:\/\/www.notibras.com\/site\/forca-tarefa-vai-tentar-conter-desmatamento-no-cerrado\/#article","isPartOf":{"@id":"https:\/\/www.notibras.com\/site\/forca-tarefa-vai-tentar-conter-desmatamento-no-cerrado\/"},"author":{"name":"Reda\u00e7\u00e3o","@id":"https:\/\/www.notibras.com\/site\/#\/schema\/person\/36ab0979449956132d3e5b517ea76ac8"},"headline":"For\u00e7a-tarefa vai tentar conter desmatamento no Cerrado","datePublished":"2024-03-31T03:00:29+00:00","dateModified":"2024-03-31T09:30:13+00:00","mainEntityOfPage":{"@id":"https:\/\/www.notibras.com\/site\/forca-tarefa-vai-tentar-conter-desmatamento-no-cerrado\/"},"wordCount":686,"publisher":{"@id":"https:\/\/www.notibras.com\/site\/#organization"},"image":{"@id":"https:\/\/www.notibras.com\/site\/forca-tarefa-vai-tentar-conter-desmatamento-no-cerrado\/#primaryimage"},"thumbnailUrl":"https:\/\/www.notibras.com\/site\/wp-content\/uploads\/2024\/03\/cerrado.tarefa.webp","articleSection":["Quadradinho em Foco"],"inLanguage":"pt-BR"},{"@type":"WebPage","@id":"https:\/\/www.notibras.com\/site\/forca-tarefa-vai-tentar-conter-desmatamento-no-cerrado\/","url":"https:\/\/www.notibras.com\/site\/forca-tarefa-vai-tentar-conter-desmatamento-no-cerrado\/","name":"For\u00e7a-tarefa vai tentar conter desmatamento no Cerrado - Notibras","isPartOf":{"@id":"https:\/\/www.notibras.com\/site\/#website"},"primaryImageOfPage":{"@id":"https:\/\/www.notibras.com\/site\/forca-tarefa-vai-tentar-conter-desmatamento-no-cerrado\/#primaryimage"},"image":{"@id":"https:\/\/www.notibras.com\/site\/forca-tarefa-vai-tentar-conter-desmatamento-no-cerrado\/#primaryimage"},"thumbnailUrl":"https:\/\/www.notibras.com\/site\/wp-content\/uploads\/2024\/03\/cerrado.tarefa.webp","datePublished":"2024-03-31T03:00:29+00:00","dateModified":"2024-03-31T09:30:13+00:00","breadcrumb":{"@id":"https:\/\/www.notibras.com\/site\/forca-tarefa-vai-tentar-conter-desmatamento-no-cerrado\/#breadcrumb"},"inLanguage":"pt-BR","potentialAction":[{"@type":"ReadAction","target":["https:\/\/www.notibras.com\/site\/forca-tarefa-vai-tentar-conter-desmatamento-no-cerrado\/"]}]},{"@type":"ImageObject","inLanguage":"pt-BR","@id":"https:\/\/www.notibras.com\/site\/forca-tarefa-vai-tentar-conter-desmatamento-no-cerrado\/#primaryimage","url":"https:\/\/www.notibras.com\/site\/wp-content\/uploads\/2024\/03\/cerrado.tarefa.webp","contentUrl":"https:\/\/www.notibras.com\/site\/wp-content\/uploads\/2024\/03\/cerrado.tarefa.webp","width":1170,"height":700},{"@type":"BreadcrumbList","@id":"https:\/\/www.notibras.com\/site\/forca-tarefa-vai-tentar-conter-desmatamento-no-cerrado\/#breadcrumb","itemListElement":[{"@type":"ListItem","position":1,"name":"In\u00edcio","item":"https:\/\/www.notibras.com\/site\/"},{"@type":"ListItem","position":2,"name":"For\u00e7a-tarefa vai tentar conter desmatamento no Cerrado"}]},{"@type":"WebSite","@id":"https:\/\/www.notibras.com\/site\/#website","url":"https:\/\/www.notibras.com\/site\/","name":"Notibras","description":"Not\u00edcias de Bras\u00edlia, do Brasil e do Mundo","publisher":{"@id":"https:\/\/www.notibras.com\/site\/#organization"},"potentialAction":[{"@type":"SearchAction","target":{"@type":"EntryPoint","urlTemplate":"https:\/\/www.notibras.com\/site\/?s={search_term_string}"},"query-input":{"@type":"PropertyValueSpecification","valueRequired":true,"valueName":"search_term_string"}}],"inLanguage":"pt-BR"},{"@type":"Organization","@id":"https:\/\/www.notibras.com\/site\/#organization","name":"Grupo Notibras de Comunica\u00e7\u00e3o","url":"https:\/\/www.notibras.com\/site\/","logo":{"@type":"ImageObject","inLanguage":"pt-BR","@id":"https:\/\/www.notibras.com\/site\/#\/schema\/logo\/image\/","url":"https:\/\/www.notibras.com\/site\/wp-content\/uploads\/2023\/01\/notibras23.png","contentUrl":"https:\/\/www.notibras.com\/site\/wp-content\/uploads\/2023\/01\/notibras23.png","width":350,"height":87,"caption":"Grupo Notibras de Comunica\u00e7\u00e3o"},"image":{"@id":"https:\/\/www.notibras.com\/site\/#\/schema\/logo\/image\/"},"sameAs":["https:\/\/www.facebook.com\/notibras\/","https:\/\/x.com\/Notibras","https:\/\/www.instagram.com\/notibras\/"]},{"@type":"Person","@id":"https:\/\/www.notibras.com\/site\/#\/schema\/person\/36ab0979449956132d3e5b517ea76ac8","name":"Reda\u00e7\u00e3o","image":{"@type":"ImageObject","inLanguage":"pt-BR","@id":"https:\/\/secure.gravatar.com\/avatar\/e0a867bdedb85fd243eadf09663511f96fc81e0720a4a42581f334ad4303aa6b?s=96&d=mm&r=g","url":"https:\/\/secure.gravatar.com\/avatar\/e0a867bdedb85fd243eadf09663511f96fc81e0720a4a42581f334ad4303aa6b?s=96&d=mm&r=g","contentUrl":"https:\/\/secure.gravatar.com\/avatar\/e0a867bdedb85fd243eadf09663511f96fc81e0720a4a42581f334ad4303aa6b?s=96&d=mm&r=g","caption":"Reda\u00e7\u00e3o"}}]}},"amp_enabled":true,"_links":{"self":[{"href":"https:\/\/www.notibras.com\/site\/wp-json\/wp\/v2\/posts\/325730","targetHints":{"allow":["GET"]}}],"collection":[{"href":"https:\/\/www.notibras.com\/site\/wp-json\/wp\/v2\/posts"}],"about":[{"href":"https:\/\/www.notibras.com\/site\/wp-json\/wp\/v2\/types\/post"}],"author":[{"embeddable":true,"href":"https:\/\/www.notibras.com\/site\/wp-json\/wp\/v2\/users\/2"}],"replies":[{"embeddable":true,"href":"https:\/\/www.notibras.com\/site\/wp-json\/wp\/v2\/comments?post=325730"}],"version-history":[{"count":1,"href":"https:\/\/www.notibras.com\/site\/wp-json\/wp\/v2\/posts\/325730\/revisions"}],"predecessor-version":[{"id":325732,"href":"https:\/\/www.notibras.com\/site\/wp-json\/wp\/v2\/posts\/325730\/revisions\/325732"}],"wp:featuredmedia":[{"embeddable":true,"href":"https:\/\/www.notibras.com\/site\/wp-json\/wp\/v2\/media\/325731"}],"wp:attachment":[{"href":"https:\/\/www.notibras.com\/site\/wp-json\/wp\/v2\/media?parent=325730"}],"wp:term":[{"taxonomy":"category","embeddable":true,"href":"https:\/\/www.notibras.com\/site\/wp-json\/wp\/v2\/categories?post=325730"},{"taxonomy":"post_tag","embeddable":true,"href":"https:\/\/www.notibras.com\/site\/wp-json\/wp\/v2\/tags?post=325730"}],"curies":[{"name":"wp","href":"https:\/\/api.w.org\/{rel}","templated":true}]}}