{"id":325733,"date":"2024-03-31T00:00:45","date_gmt":"2024-03-31T03:00:45","guid":{"rendered":"https:\/\/www.notibras.com\/site\/?p=325733"},"modified":"2024-03-31T06:55:46","modified_gmt":"2024-03-31T09:55:46","slug":"comeca-corrida-para-vagas-em-extensao-sobre-teoria-musical","status":"publish","type":"post","link":"https:\/\/www.notibras.com\/site\/comeca-corrida-para-vagas-em-extensao-sobre-teoria-musical\/","title":{"rendered":"Come\u00e7a corrida para vagas em extens\u00e3o sobre teoria musical"},"content":{"rendered":"<p>Estudantes da Universidade do Distrito Federal Professor Jorge Amaury Maia Nunes (UnDF) e jovens acima de 15 anos com alguma viv\u00eancia musical \u2013 tocando ou cantando, mas que nunca estudaram formalmente m\u00fasica \u2013 podem participar do projeto de extens\u00e3o Introdu\u00e7\u00e3o \u00e0 Teoria Musical. A atividade, que tamb\u00e9m \u00e9 aberta \u00e0 comunidade local, ter\u00e1 tr\u00eas turmas e ser\u00e1 desenvolvida no Campus Norte da UnDF e no Centro de Ensino Especial 01 do Gama (CEE 01). As inscri\u00e7\u00f5es fcome\u00e7am nesta segunda (1 e ficar\u00e3o abertas at\u00e9 5 de abril.<\/p>\n<p>\u201cInicialmente pensado para atender m\u00fasicos j\u00e1 com alguma viv\u00eancia musical, muito por conta da estrutura da universidade, o curso oferecer\u00e1 uma introdu\u00e7\u00e3o abrangente \u00e0 teoria musical, mas partindo da pr\u00e1tica e do cotidiano do aluno, abordando conceitos como notas, escalas, acordes, caracter\u00edsticas do som, harmonia, melodia e ritmo, al\u00e9m de introduzir o aluno \u00e0 leitura e compreens\u00e3o de cifras e partitura musical\u201d, detalha o professor Welder Rodrigues, l\u00edder da equipe executora da iniciativa.<\/p>\n<p><strong>Cronograma<\/strong><br \/>\nAulas no Campus Norte da UnDF<br \/>\n\u2013 Segundas-feiras, \u00e0s 13h \u2013 Prof. Lurian Lima<br \/>\n\u2013 Ter\u00e7as-feiras, \u00e0s 19h \u2013 Prof. Welder Rodrigues<br \/>\n\u2013 Endere\u00e7o: Centro de Atividades 2 \u2013 Lago Norte<\/p>\n<p><strong>Aulas no CEE 01 Gama<\/strong><br \/>\n\u2013 Quintas-feiras, \u00e0s 19h \u2013 Prof. Welder Rodrigues<br \/>\n\u2013 Endere\u00e7o: Quadra EQ 55\/56, \u00c1rea Especial 2, Setor Central<\/p>\n<p><strong>Requisitos<\/strong><br \/>\n\u2013 Ser maior de 15 anos para as turmas do noturno<br \/>\n\u2013 Ter alguma viv\u00eancia musical, ou por canto ou instrumentos<br \/>\n\u2013 Turmas limitadas aos primeiros 15 inscritos<\/p>\n<p><strong>Servi\u00e7o<\/strong><br \/>\nProjeto de extens\u00e3o Introdu\u00e7\u00e3o \u00e0 Teoria Musical<br \/>\n\u2013 Aulas \u00e0s segundas, \u00e0s 13h, e ter\u00e7as, \u00e0s 19h, no Campus Norte<br \/>\n\u2013 Aulas \u00e0s quintas-feiras, \u00e0s 19h, no CEE 01 Gama<\/p>\n","protected":false},"excerpt":{"rendered":"<p>Estudantes da Universidade do Distrito Federal Professor Jorge Amaury Maia Nunes (UnDF) e jovens acima de 15 anos com alguma viv\u00eancia musical \u2013 tocando ou cantando, mas que nunca estudaram formalmente m\u00fasica \u2013 podem participar do projeto de extens\u00e3o Introdu\u00e7\u00e3o \u00e0 Teoria Musical. A atividade, que tamb\u00e9m \u00e9 aberta \u00e0 comunidade local, ter\u00e1 tr\u00eas turmas [&hellip;]<\/p>\n","protected":false},"author":2,"featured_media":325734,"comment_status":"closed","ping_status":"closed","sticky":false,"template":"","format":"standard","meta":{"_acf_changed":false,"footnotes":""},"categories":[161],"tags":[],"class_list":["post-325733","post","type-post","status-publish","format-standard","has-post-thumbnail","hentry","category-quadradinho-em-foco"],"acf":[],"yoast_head":"<!-- This site is optimized with the Yoast SEO plugin v27.5 - https:\/\/yoast.com\/product\/yoast-seo-wordpress\/ -->\n<title>Come\u00e7a corrida para vagas em extens\u00e3o sobre teoria musical - Notibras<\/title>\n<meta name=\"robots\" content=\"index, follow, max-snippet:-1, max-image-preview:large, max-video-preview:-1\" \/>\n<link rel=\"canonical\" href=\"https:\/\/www.notibras.com\/site\/comeca-corrida-para-vagas-em-extensao-sobre-teoria-musical\/\" \/>\n<meta property=\"og:locale\" content=\"pt_BR\" \/>\n<meta property=\"og:type\" content=\"article\" \/>\n<meta property=\"og:title\" content=\"Come\u00e7a corrida para vagas em extens\u00e3o sobre teoria musical - Notibras\" \/>\n<meta property=\"og:description\" content=\"Estudantes da Universidade do Distrito Federal Professor Jorge Amaury Maia Nunes (UnDF) e jovens acima de 15 anos com alguma viv\u00eancia musical \u2013 tocando ou cantando, mas que nunca estudaram formalmente m\u00fasica \u2013 podem participar do projeto de extens\u00e3o Introdu\u00e7\u00e3o \u00e0 Teoria Musical. A atividade, que tamb\u00e9m \u00e9 aberta \u00e0 comunidade local, ter\u00e1 tr\u00eas turmas [&hellip;]\" \/>\n<meta property=\"og:url\" content=\"https:\/\/www.notibras.com\/site\/comeca-corrida-para-vagas-em-extensao-sobre-teoria-musical\/\" \/>\n<meta property=\"og:site_name\" content=\"Notibras\" \/>\n<meta property=\"article:publisher\" content=\"https:\/\/www.facebook.com\/notibras\/\" \/>\n<meta property=\"article:published_time\" content=\"2024-03-31T03:00:45+00:00\" \/>\n<meta property=\"article:modified_time\" content=\"2024-03-31T09:55:46+00:00\" \/>\n<meta property=\"og:image\" content=\"https:\/\/www.notibras.com\/site\/wp-content\/uploads\/2024\/03\/partitura.webp\" \/>\n\t<meta property=\"og:image:width\" content=\"800\" \/>\n\t<meta property=\"og:image:height\" content=\"479\" \/>\n\t<meta property=\"og:image:type\" content=\"image\/webp\" \/>\n<meta name=\"author\" content=\"Reda\u00e7\u00e3o\" \/>\n<meta name=\"twitter:card\" content=\"summary_large_image\" \/>\n<meta name=\"twitter:creator\" content=\"@Notibras\" \/>\n<meta name=\"twitter:site\" content=\"@Notibras\" \/>\n<meta name=\"twitter:label1\" content=\"Escrito por\" \/>\n\t<meta name=\"twitter:data1\" content=\"Reda\u00e7\u00e3o\" \/>\n\t<meta name=\"twitter:label2\" content=\"Est. tempo de leitura\" \/>\n\t<meta name=\"twitter:data2\" content=\"2 minutos\" \/>\n<script type=\"application\/ld+json\" class=\"yoast-schema-graph\">{\"@context\":\"https:\\\/\\\/schema.org\",\"@graph\":[{\"@type\":\"Article\",\"@id\":\"https:\\\/\\\/www.notibras.com\\\/site\\\/comeca-corrida-para-vagas-em-extensao-sobre-teoria-musical\\\/#article\",\"isPartOf\":{\"@id\":\"https:\\\/\\\/www.notibras.com\\\/site\\\/comeca-corrida-para-vagas-em-extensao-sobre-teoria-musical\\\/\"},\"author\":{\"name\":\"Reda\u00e7\u00e3o\",\"@id\":\"https:\\\/\\\/www.notibras.com\\\/site\\\/#\\\/schema\\\/person\\\/36ab0979449956132d3e5b517ea76ac8\"},\"headline\":\"Come\u00e7a corrida para vagas em extens\u00e3o sobre teoria musical\",\"datePublished\":\"2024-03-31T03:00:45+00:00\",\"dateModified\":\"2024-03-31T09:55:46+00:00\",\"mainEntityOfPage\":{\"@id\":\"https:\\\/\\\/www.notibras.com\\\/site\\\/comeca-corrida-para-vagas-em-extensao-sobre-teoria-musical\\\/\"},\"wordCount\":277,\"publisher\":{\"@id\":\"https:\\\/\\\/www.notibras.com\\\/site\\\/#organization\"},\"image\":{\"@id\":\"https:\\\/\\\/www.notibras.com\\\/site\\\/comeca-corrida-para-vagas-em-extensao-sobre-teoria-musical\\\/#primaryimage\"},\"thumbnailUrl\":\"https:\\\/\\\/www.notibras.com\\\/site\\\/wp-content\\\/uploads\\\/2024\\\/03\\\/partitura.webp\",\"articleSection\":[\"Quadradinho em Foco\"],\"inLanguage\":\"pt-BR\"},{\"@type\":\"WebPage\",\"@id\":\"https:\\\/\\\/www.notibras.com\\\/site\\\/comeca-corrida-para-vagas-em-extensao-sobre-teoria-musical\\\/\",\"url\":\"https:\\\/\\\/www.notibras.com\\\/site\\\/comeca-corrida-para-vagas-em-extensao-sobre-teoria-musical\\\/\",\"name\":\"Come\u00e7a corrida para vagas em extens\u00e3o sobre teoria musical - Notibras\",\"isPartOf\":{\"@id\":\"https:\\\/\\\/www.notibras.com\\\/site\\\/#website\"},\"primaryImageOfPage\":{\"@id\":\"https:\\\/\\\/www.notibras.com\\\/site\\\/comeca-corrida-para-vagas-em-extensao-sobre-teoria-musical\\\/#primaryimage\"},\"image\":{\"@id\":\"https:\\\/\\\/www.notibras.com\\\/site\\\/comeca-corrida-para-vagas-em-extensao-sobre-teoria-musical\\\/#primaryimage\"},\"thumbnailUrl\":\"https:\\\/\\\/www.notibras.com\\\/site\\\/wp-content\\\/uploads\\\/2024\\\/03\\\/partitura.webp\",\"datePublished\":\"2024-03-31T03:00:45+00:00\",\"dateModified\":\"2024-03-31T09:55:46+00:00\",\"breadcrumb\":{\"@id\":\"https:\\\/\\\/www.notibras.com\\\/site\\\/comeca-corrida-para-vagas-em-extensao-sobre-teoria-musical\\\/#breadcrumb\"},\"inLanguage\":\"pt-BR\",\"potentialAction\":[{\"@type\":\"ReadAction\",\"target\":[\"https:\\\/\\\/www.notibras.com\\\/site\\\/comeca-corrida-para-vagas-em-extensao-sobre-teoria-musical\\\/\"]}]},{\"@type\":\"ImageObject\",\"inLanguage\":\"pt-BR\",\"@id\":\"https:\\\/\\\/www.notibras.com\\\/site\\\/comeca-corrida-para-vagas-em-extensao-sobre-teoria-musical\\\/#primaryimage\",\"url\":\"https:\\\/\\\/www.notibras.com\\\/site\\\/wp-content\\\/uploads\\\/2024\\\/03\\\/partitura.webp\",\"contentUrl\":\"https:\\\/\\\/www.notibras.com\\\/site\\\/wp-content\\\/uploads\\\/2024\\\/03\\\/partitura.webp\",\"width\":800,\"height\":479},{\"@type\":\"BreadcrumbList\",\"@id\":\"https:\\\/\\\/www.notibras.com\\\/site\\\/comeca-corrida-para-vagas-em-extensao-sobre-teoria-musical\\\/#breadcrumb\",\"itemListElement\":[{\"@type\":\"ListItem\",\"position\":1,\"name\":\"In\u00edcio\",\"item\":\"https:\\\/\\\/www.notibras.com\\\/site\\\/\"},{\"@type\":\"ListItem\",\"position\":2,\"name\":\"Come\u00e7a corrida para vagas em extens\u00e3o sobre teoria musical\"}]},{\"@type\":\"WebSite\",\"@id\":\"https:\\\/\\\/www.notibras.com\\\/site\\\/#website\",\"url\":\"https:\\\/\\\/www.notibras.com\\\/site\\\/\",\"name\":\"Notibras\",\"description\":\"Not\u00edcias de Bras\u00edlia, do Brasil e do Mundo\",\"publisher\":{\"@id\":\"https:\\\/\\\/www.notibras.com\\\/site\\\/#organization\"},\"potentialAction\":[{\"@type\":\"SearchAction\",\"target\":{\"@type\":\"EntryPoint\",\"urlTemplate\":\"https:\\\/\\\/www.notibras.com\\\/site\\\/?s={search_term_string}\"},\"query-input\":{\"@type\":\"PropertyValueSpecification\",\"valueRequired\":true,\"valueName\":\"search_term_string\"}}],\"inLanguage\":\"pt-BR\"},{\"@type\":\"Organization\",\"@id\":\"https:\\\/\\\/www.notibras.com\\\/site\\\/#organization\",\"name\":\"Grupo Notibras de Comunica\u00e7\u00e3o\",\"url\":\"https:\\\/\\\/www.notibras.com\\\/site\\\/\",\"logo\":{\"@type\":\"ImageObject\",\"inLanguage\":\"pt-BR\",\"@id\":\"https:\\\/\\\/www.notibras.com\\\/site\\\/#\\\/schema\\\/logo\\\/image\\\/\",\"url\":\"https:\\\/\\\/www.notibras.com\\\/site\\\/wp-content\\\/uploads\\\/2023\\\/01\\\/notibras23.png\",\"contentUrl\":\"https:\\\/\\\/www.notibras.com\\\/site\\\/wp-content\\\/uploads\\\/2023\\\/01\\\/notibras23.png\",\"width\":350,\"height\":87,\"caption\":\"Grupo Notibras de Comunica\u00e7\u00e3o\"},\"image\":{\"@id\":\"https:\\\/\\\/www.notibras.com\\\/site\\\/#\\\/schema\\\/logo\\\/image\\\/\"},\"sameAs\":[\"https:\\\/\\\/www.facebook.com\\\/notibras\\\/\",\"https:\\\/\\\/x.com\\\/Notibras\",\"https:\\\/\\\/www.instagram.com\\\/notibras\\\/\"]},{\"@type\":\"Person\",\"@id\":\"https:\\\/\\\/www.notibras.com\\\/site\\\/#\\\/schema\\\/person\\\/36ab0979449956132d3e5b517ea76ac8\",\"name\":\"Reda\u00e7\u00e3o\",\"image\":{\"@type\":\"ImageObject\",\"inLanguage\":\"pt-BR\",\"@id\":\"https:\\\/\\\/secure.gravatar.com\\\/avatar\\\/e0a867bdedb85fd243eadf09663511f96fc81e0720a4a42581f334ad4303aa6b?s=96&d=mm&r=g\",\"url\":\"https:\\\/\\\/secure.gravatar.com\\\/avatar\\\/e0a867bdedb85fd243eadf09663511f96fc81e0720a4a42581f334ad4303aa6b?s=96&d=mm&r=g\",\"contentUrl\":\"https:\\\/\\\/secure.gravatar.com\\\/avatar\\\/e0a867bdedb85fd243eadf09663511f96fc81e0720a4a42581f334ad4303aa6b?s=96&d=mm&r=g\",\"caption\":\"Reda\u00e7\u00e3o\"}}]}<\/script>\n<!-- \/ Yoast SEO plugin. -->","yoast_head_json":{"title":"Come\u00e7a corrida para vagas em extens\u00e3o sobre teoria musical - Notibras","robots":{"index":"index","follow":"follow","max-snippet":"max-snippet:-1","max-image-preview":"max-image-preview:large","max-video-preview":"max-video-preview:-1"},"canonical":"https:\/\/www.notibras.com\/site\/comeca-corrida-para-vagas-em-extensao-sobre-teoria-musical\/","og_locale":"pt_BR","og_type":"article","og_title":"Come\u00e7a corrida para vagas em extens\u00e3o sobre teoria musical - Notibras","og_description":"Estudantes da Universidade do Distrito Federal Professor Jorge Amaury Maia Nunes (UnDF) e jovens acima de 15 anos com alguma viv\u00eancia musical \u2013 tocando ou cantando, mas que nunca estudaram formalmente m\u00fasica \u2013 podem participar do projeto de extens\u00e3o Introdu\u00e7\u00e3o \u00e0 Teoria Musical. A atividade, que tamb\u00e9m \u00e9 aberta \u00e0 comunidade local, ter\u00e1 tr\u00eas turmas [&hellip;]","og_url":"https:\/\/www.notibras.com\/site\/comeca-corrida-para-vagas-em-extensao-sobre-teoria-musical\/","og_site_name":"Notibras","article_publisher":"https:\/\/www.facebook.com\/notibras\/","article_published_time":"2024-03-31T03:00:45+00:00","article_modified_time":"2024-03-31T09:55:46+00:00","og_image":[{"width":800,"height":479,"url":"https:\/\/www.notibras.com\/site\/wp-content\/uploads\/2024\/03\/partitura.webp","type":"image\/webp"}],"author":"Reda\u00e7\u00e3o","twitter_card":"summary_large_image","twitter_creator":"@Notibras","twitter_site":"@Notibras","twitter_misc":{"Escrito por":"Reda\u00e7\u00e3o","Est. tempo de leitura":"2 minutos"},"schema":{"@context":"https:\/\/schema.org","@graph":[{"@type":"Article","@id":"https:\/\/www.notibras.com\/site\/comeca-corrida-para-vagas-em-extensao-sobre-teoria-musical\/#article","isPartOf":{"@id":"https:\/\/www.notibras.com\/site\/comeca-corrida-para-vagas-em-extensao-sobre-teoria-musical\/"},"author":{"name":"Reda\u00e7\u00e3o","@id":"https:\/\/www.notibras.com\/site\/#\/schema\/person\/36ab0979449956132d3e5b517ea76ac8"},"headline":"Come\u00e7a corrida para vagas em extens\u00e3o sobre teoria musical","datePublished":"2024-03-31T03:00:45+00:00","dateModified":"2024-03-31T09:55:46+00:00","mainEntityOfPage":{"@id":"https:\/\/www.notibras.com\/site\/comeca-corrida-para-vagas-em-extensao-sobre-teoria-musical\/"},"wordCount":277,"publisher":{"@id":"https:\/\/www.notibras.com\/site\/#organization"},"image":{"@id":"https:\/\/www.notibras.com\/site\/comeca-corrida-para-vagas-em-extensao-sobre-teoria-musical\/#primaryimage"},"thumbnailUrl":"https:\/\/www.notibras.com\/site\/wp-content\/uploads\/2024\/03\/partitura.webp","articleSection":["Quadradinho em Foco"],"inLanguage":"pt-BR"},{"@type":"WebPage","@id":"https:\/\/www.notibras.com\/site\/comeca-corrida-para-vagas-em-extensao-sobre-teoria-musical\/","url":"https:\/\/www.notibras.com\/site\/comeca-corrida-para-vagas-em-extensao-sobre-teoria-musical\/","name":"Come\u00e7a corrida para vagas em extens\u00e3o sobre teoria musical - Notibras","isPartOf":{"@id":"https:\/\/www.notibras.com\/site\/#website"},"primaryImageOfPage":{"@id":"https:\/\/www.notibras.com\/site\/comeca-corrida-para-vagas-em-extensao-sobre-teoria-musical\/#primaryimage"},"image":{"@id":"https:\/\/www.notibras.com\/site\/comeca-corrida-para-vagas-em-extensao-sobre-teoria-musical\/#primaryimage"},"thumbnailUrl":"https:\/\/www.notibras.com\/site\/wp-content\/uploads\/2024\/03\/partitura.webp","datePublished":"2024-03-31T03:00:45+00:00","dateModified":"2024-03-31T09:55:46+00:00","breadcrumb":{"@id":"https:\/\/www.notibras.com\/site\/comeca-corrida-para-vagas-em-extensao-sobre-teoria-musical\/#breadcrumb"},"inLanguage":"pt-BR","potentialAction":[{"@type":"ReadAction","target":["https:\/\/www.notibras.com\/site\/comeca-corrida-para-vagas-em-extensao-sobre-teoria-musical\/"]}]},{"@type":"ImageObject","inLanguage":"pt-BR","@id":"https:\/\/www.notibras.com\/site\/comeca-corrida-para-vagas-em-extensao-sobre-teoria-musical\/#primaryimage","url":"https:\/\/www.notibras.com\/site\/wp-content\/uploads\/2024\/03\/partitura.webp","contentUrl":"https:\/\/www.notibras.com\/site\/wp-content\/uploads\/2024\/03\/partitura.webp","width":800,"height":479},{"@type":"BreadcrumbList","@id":"https:\/\/www.notibras.com\/site\/comeca-corrida-para-vagas-em-extensao-sobre-teoria-musical\/#breadcrumb","itemListElement":[{"@type":"ListItem","position":1,"name":"In\u00edcio","item":"https:\/\/www.notibras.com\/site\/"},{"@type":"ListItem","position":2,"name":"Come\u00e7a corrida para vagas em extens\u00e3o sobre teoria musical"}]},{"@type":"WebSite","@id":"https:\/\/www.notibras.com\/site\/#website","url":"https:\/\/www.notibras.com\/site\/","name":"Notibras","description":"Not\u00edcias de Bras\u00edlia, do Brasil e do Mundo","publisher":{"@id":"https:\/\/www.notibras.com\/site\/#organization"},"potentialAction":[{"@type":"SearchAction","target":{"@type":"EntryPoint","urlTemplate":"https:\/\/www.notibras.com\/site\/?s={search_term_string}"},"query-input":{"@type":"PropertyValueSpecification","valueRequired":true,"valueName":"search_term_string"}}],"inLanguage":"pt-BR"},{"@type":"Organization","@id":"https:\/\/www.notibras.com\/site\/#organization","name":"Grupo Notibras de Comunica\u00e7\u00e3o","url":"https:\/\/www.notibras.com\/site\/","logo":{"@type":"ImageObject","inLanguage":"pt-BR","@id":"https:\/\/www.notibras.com\/site\/#\/schema\/logo\/image\/","url":"https:\/\/www.notibras.com\/site\/wp-content\/uploads\/2023\/01\/notibras23.png","contentUrl":"https:\/\/www.notibras.com\/site\/wp-content\/uploads\/2023\/01\/notibras23.png","width":350,"height":87,"caption":"Grupo Notibras de Comunica\u00e7\u00e3o"},"image":{"@id":"https:\/\/www.notibras.com\/site\/#\/schema\/logo\/image\/"},"sameAs":["https:\/\/www.facebook.com\/notibras\/","https:\/\/x.com\/Notibras","https:\/\/www.instagram.com\/notibras\/"]},{"@type":"Person","@id":"https:\/\/www.notibras.com\/site\/#\/schema\/person\/36ab0979449956132d3e5b517ea76ac8","name":"Reda\u00e7\u00e3o","image":{"@type":"ImageObject","inLanguage":"pt-BR","@id":"https:\/\/secure.gravatar.com\/avatar\/e0a867bdedb85fd243eadf09663511f96fc81e0720a4a42581f334ad4303aa6b?s=96&d=mm&r=g","url":"https:\/\/secure.gravatar.com\/avatar\/e0a867bdedb85fd243eadf09663511f96fc81e0720a4a42581f334ad4303aa6b?s=96&d=mm&r=g","contentUrl":"https:\/\/secure.gravatar.com\/avatar\/e0a867bdedb85fd243eadf09663511f96fc81e0720a4a42581f334ad4303aa6b?s=96&d=mm&r=g","caption":"Reda\u00e7\u00e3o"}}]}},"amp_enabled":true,"_links":{"self":[{"href":"https:\/\/www.notibras.com\/site\/wp-json\/wp\/v2\/posts\/325733","targetHints":{"allow":["GET"]}}],"collection":[{"href":"https:\/\/www.notibras.com\/site\/wp-json\/wp\/v2\/posts"}],"about":[{"href":"https:\/\/www.notibras.com\/site\/wp-json\/wp\/v2\/types\/post"}],"author":[{"embeddable":true,"href":"https:\/\/www.notibras.com\/site\/wp-json\/wp\/v2\/users\/2"}],"replies":[{"embeddable":true,"href":"https:\/\/www.notibras.com\/site\/wp-json\/wp\/v2\/comments?post=325733"}],"version-history":[{"count":1,"href":"https:\/\/www.notibras.com\/site\/wp-json\/wp\/v2\/posts\/325733\/revisions"}],"predecessor-version":[{"id":325735,"href":"https:\/\/www.notibras.com\/site\/wp-json\/wp\/v2\/posts\/325733\/revisions\/325735"}],"wp:featuredmedia":[{"embeddable":true,"href":"https:\/\/www.notibras.com\/site\/wp-json\/wp\/v2\/media\/325734"}],"wp:attachment":[{"href":"https:\/\/www.notibras.com\/site\/wp-json\/wp\/v2\/media?parent=325733"}],"wp:term":[{"taxonomy":"category","embeddable":true,"href":"https:\/\/www.notibras.com\/site\/wp-json\/wp\/v2\/categories?post=325733"},{"taxonomy":"post_tag","embeddable":true,"href":"https:\/\/www.notibras.com\/site\/wp-json\/wp\/v2\/tags?post=325733"}],"curies":[{"name":"wp","href":"https:\/\/api.w.org\/{rel}","templated":true}]}}