{"id":325752,"date":"2024-03-31T12:12:53","date_gmt":"2024-03-31T15:12:53","guid":{"rendered":"https:\/\/www.notibras.com\/site\/?p=325752"},"modified":"2024-03-31T12:12:53","modified_gmt":"2024-03-31T15:12:53","slug":"chega-de-silencio-aqui-e-alhures-ditadura-nunca-mais","status":"publish","type":"post","link":"https:\/\/www.notibras.com\/site\/chega-de-silencio-aqui-e-alhures-ditadura-nunca-mais\/","title":{"rendered":"Chega de sil\u00eancio, aqui e alhures; ditadura nunca mais"},"content":{"rendered":"<p>H\u00e1 60 anos a democracia no Brasil foi interrompida por um golpe civil-militar. Muitos que apoiaram o movimento armado imaginaram que no ano seguinte, em 1965, haveria elei\u00e7\u00e3o novamente. A campanha de JK, por exemplo, j\u00e1 estava nas ruas. A ditadura durou 21 anos e a primeira elei\u00e7\u00e3o direta para presidente s\u00f3 aconteceu 25 anos depois, em 1989.<\/p>\n<p>Em 1973, nove ap\u00f3s o golpe, Bras\u00edlia viveria uma hist\u00f3ria que \u00e9 emblem\u00e1tica sobre o que uma ditadura militar \u00e9 capaz de fazer. Em 11 de setembro daquele ano uma crian\u00e7a de 7 anos \u00e9 encontrada morta em um terreno baldio na Asa Norte, com sinais de viol\u00eancia f\u00edsica e sexual. Filha de uma fam\u00edlia de classe m\u00e9dia e aluna de uma escola cat\u00f3lica, o assassinato de Ana L\u00eddia logo ganharia as manchetes dos jornais.<\/p>\n<p>Mas, quando as investiga\u00e7\u00f5es chegaram a um certo ponto, a pol\u00edcia civil foi proibida de continuar avan\u00e7ando e a imprensa foi impedida de noticiar o caso. Chegaram a prender dois suspeitos (o irm\u00e3o da v\u00edtima e um amigo da fam\u00edlia), mas a Justi\u00e7a mandou solt\u00e1-los por falta de provas.<\/p>\n<p>D\u00e9cadas depois, na \u00fanica entrevista que deu \u00e0 imprensa, \u00c1lvaro Braga, irm\u00e3o de Ana L\u00eddia, disse que ele e Duque, o amigo da fam\u00edlia, foram usados pelo regime militar como bodes expiat\u00f3rios. Isso porque as investiga\u00e7\u00f5es apontavam para a participa\u00e7\u00e3o no crime de filhos de pessoas influentes do governo militar: o filho do ministro da Justi\u00e7a e o filho do l\u00edder do governo no Senado.<\/p>\n<p>Eram da chamada \u201cpatota de filhinhos de poderosos\u201d que mandavam e desmandavam em Bras\u00edlia. Agiam sem limites, sabendo que seus erros seriam acobertados pelos pais. Em 1973 eu era muito novo, mas vi e ouvi sobre algumas arbitrariedades cometidas.<br \/>\nEm 2013, quando o crime contra Ana L\u00eddia completou 40 anos, decidi que escreveria sobre o caso.<\/p>\n<p>Inicialmente pensei em produzir um livro reportagem. Li e pesquisei muito sobre o assunto. Mas cheguei a um ponto onde as coisas n\u00e3o avan\u00e7avam. N\u00e3o havia documentos que comprovassem nada daquilo que eu pretendia escrever. O caso Ana L\u00eddia era uma grande lacuna na hist\u00f3ria da cidade. A fam\u00edlia da menina foi embora de Bras\u00edlia e o sil\u00eancio caiu sobre o caso e a cidade.<\/p>\n<p>Por sugest\u00e3o de um amigo, decidi escrever um livro de fic\u00e7\u00e3o sobre o crime. Troquei nomes, criei personagens novos e deixei a imagina\u00e7\u00e3o agir. Em 2017 lancei, em edi\u00e7\u00e3o do autor, o romance Sil\u00eancio na cidade. No ano passado, quando o crime completou 50 anos, a Sa\u00edra Editorial, de S\u00e3o Paulo, relan\u00e7ou a obra, em edi\u00e7\u00e3o especial voltada para adolescentes.<\/p>\n<p>A ideia da Sa\u00edra fez todo o sentido pra mim, pois escrevi o livro para que os jovens soubessem que durante a ditadura era poss\u00edvel matar e se safar da cadeia se voc\u00ea tivesse pais influentes. Hoje, isso \u00e9 bem mais dif\u00edcil, mas a Justi\u00e7a no Brasil ainda se guia muitas vezes pela cor e pela conta banc\u00e1ria das pessoas. Resqu\u00edcios do nosso passado escravocrata e dos anos de arb\u00edtrio, antes e ap\u00f3s 1964.<\/p>\n<p>Hoje temos uma Constitui\u00e7\u00e3o que \u00e9 anti-ditadura e que possui princ\u00edpios normativos que iguala a todos, em direitos e deveres. Se ainda n\u00e3o alcan\u00e7amos uma democracia plena n\u00e3o \u00e9 por falta de leis, mas por desinteresse das elites em ter um Estado igualit\u00e1rio no tratamento das pessoas, independente da cor, do sexo ou da origem social.<\/p>\n<p>Meu livro \u00e9 a minha contribui\u00e7\u00e3o para que n\u00e3o se esque\u00e7a do que uma ditadura pode fazer. \u00c9 capaz de acobertar a morte de uma crian\u00e7a para salvar os seus protegidos.<\/p>\n<p>Chega de sil\u00eancio. #DitaduraNuncaMais.<\/p>\n","protected":false},"excerpt":{"rendered":"<p>H\u00e1 60 anos a democracia no Brasil foi interrompida por um golpe civil-militar. Muitos que apoiaram o movimento armado imaginaram que no ano seguinte, em 1965, haveria elei\u00e7\u00e3o novamente. A campanha de JK, por exemplo, j\u00e1 estava nas ruas. A ditadura durou 21 anos e a primeira elei\u00e7\u00e3o direta para presidente s\u00f3 aconteceu 25 anos [&hellip;]<\/p>\n","protected":false},"author":2,"featured_media":325754,"comment_status":"closed","ping_status":"closed","sticky":false,"template":"","format":"standard","meta":{"_acf_changed":false,"footnotes":""},"categories":[161],"tags":[],"class_list":["post-325752","post","type-post","status-publish","format-standard","has-post-thumbnail","hentry","category-quadradinho-em-foco"],"acf":[],"yoast_head":"<!-- This site is optimized with the Yoast SEO plugin v27.5 - https:\/\/yoast.com\/product\/yoast-seo-wordpress\/ -->\n<title>Chega de sil\u00eancio, aqui e alhures; ditadura nunca mais - Notibras<\/title>\n<meta name=\"robots\" content=\"index, follow, max-snippet:-1, max-image-preview:large, max-video-preview:-1\" \/>\n<link rel=\"canonical\" href=\"https:\/\/www.notibras.com\/site\/chega-de-silencio-aqui-e-alhures-ditadura-nunca-mais\/\" \/>\n<meta property=\"og:locale\" content=\"pt_BR\" \/>\n<meta property=\"og:type\" content=\"article\" \/>\n<meta property=\"og:title\" content=\"Chega de sil\u00eancio, aqui e alhures; ditadura nunca mais - Notibras\" \/>\n<meta property=\"og:description\" content=\"H\u00e1 60 anos a democracia no Brasil foi interrompida por um golpe civil-militar. Muitos que apoiaram o movimento armado imaginaram que no ano seguinte, em 1965, haveria elei\u00e7\u00e3o novamente. A campanha de JK, por exemplo, j\u00e1 estava nas ruas. A ditadura durou 21 anos e a primeira elei\u00e7\u00e3o direta para presidente s\u00f3 aconteceu 25 anos [&hellip;]\" \/>\n<meta property=\"og:url\" content=\"https:\/\/www.notibras.com\/site\/chega-de-silencio-aqui-e-alhures-ditadura-nunca-mais\/\" \/>\n<meta property=\"og:site_name\" content=\"Notibras\" \/>\n<meta property=\"article:publisher\" content=\"https:\/\/www.facebook.com\/notibras\/\" \/>\n<meta property=\"article:published_time\" content=\"2024-03-31T15:12:53+00:00\" \/>\n<meta property=\"og:image\" content=\"https:\/\/www.notibras.com\/site\/wp-content\/uploads\/2024\/03\/beto.silencio.434925557_7565277900191477_3276219271422633442_n.jpg\" \/>\n\t<meta property=\"og:image:width\" content=\"600\" \/>\n\t<meta property=\"og:image:height\" content=\"525\" \/>\n\t<meta property=\"og:image:type\" content=\"image\/jpeg\" \/>\n<meta name=\"author\" content=\"Reda\u00e7\u00e3o\" \/>\n<meta name=\"twitter:card\" content=\"summary_large_image\" \/>\n<meta name=\"twitter:creator\" content=\"@Notibras\" \/>\n<meta name=\"twitter:site\" content=\"@Notibras\" \/>\n<meta name=\"twitter:label1\" content=\"Escrito por\" \/>\n\t<meta name=\"twitter:data1\" content=\"Reda\u00e7\u00e3o\" \/>\n\t<meta name=\"twitter:label2\" content=\"Est. tempo de leitura\" \/>\n\t<meta name=\"twitter:data2\" content=\"4 minutos\" \/>\n<script type=\"application\/ld+json\" class=\"yoast-schema-graph\">{\"@context\":\"https:\\\/\\\/schema.org\",\"@graph\":[{\"@type\":\"Article\",\"@id\":\"https:\\\/\\\/www.notibras.com\\\/site\\\/chega-de-silencio-aqui-e-alhures-ditadura-nunca-mais\\\/#article\",\"isPartOf\":{\"@id\":\"https:\\\/\\\/www.notibras.com\\\/site\\\/chega-de-silencio-aqui-e-alhures-ditadura-nunca-mais\\\/\"},\"author\":{\"name\":\"Reda\u00e7\u00e3o\",\"@id\":\"https:\\\/\\\/www.notibras.com\\\/site\\\/#\\\/schema\\\/person\\\/36ab0979449956132d3e5b517ea76ac8\"},\"headline\":\"Chega de sil\u00eancio, aqui e alhures; ditadura nunca mais\",\"datePublished\":\"2024-03-31T15:12:53+00:00\",\"mainEntityOfPage\":{\"@id\":\"https:\\\/\\\/www.notibras.com\\\/site\\\/chega-de-silencio-aqui-e-alhures-ditadura-nunca-mais\\\/\"},\"wordCount\":648,\"publisher\":{\"@id\":\"https:\\\/\\\/www.notibras.com\\\/site\\\/#organization\"},\"image\":{\"@id\":\"https:\\\/\\\/www.notibras.com\\\/site\\\/chega-de-silencio-aqui-e-alhures-ditadura-nunca-mais\\\/#primaryimage\"},\"thumbnailUrl\":\"https:\\\/\\\/www.notibras.com\\\/site\\\/wp-content\\\/uploads\\\/2024\\\/03\\\/beto.silencio.434925557_7565277900191477_3276219271422633442_n.jpg\",\"articleSection\":[\"Quadradinho em Foco\"],\"inLanguage\":\"pt-BR\"},{\"@type\":\"WebPage\",\"@id\":\"https:\\\/\\\/www.notibras.com\\\/site\\\/chega-de-silencio-aqui-e-alhures-ditadura-nunca-mais\\\/\",\"url\":\"https:\\\/\\\/www.notibras.com\\\/site\\\/chega-de-silencio-aqui-e-alhures-ditadura-nunca-mais\\\/\",\"name\":\"Chega de sil\u00eancio, aqui e alhures; ditadura nunca mais - Notibras\",\"isPartOf\":{\"@id\":\"https:\\\/\\\/www.notibras.com\\\/site\\\/#website\"},\"primaryImageOfPage\":{\"@id\":\"https:\\\/\\\/www.notibras.com\\\/site\\\/chega-de-silencio-aqui-e-alhures-ditadura-nunca-mais\\\/#primaryimage\"},\"image\":{\"@id\":\"https:\\\/\\\/www.notibras.com\\\/site\\\/chega-de-silencio-aqui-e-alhures-ditadura-nunca-mais\\\/#primaryimage\"},\"thumbnailUrl\":\"https:\\\/\\\/www.notibras.com\\\/site\\\/wp-content\\\/uploads\\\/2024\\\/03\\\/beto.silencio.434925557_7565277900191477_3276219271422633442_n.jpg\",\"datePublished\":\"2024-03-31T15:12:53+00:00\",\"breadcrumb\":{\"@id\":\"https:\\\/\\\/www.notibras.com\\\/site\\\/chega-de-silencio-aqui-e-alhures-ditadura-nunca-mais\\\/#breadcrumb\"},\"inLanguage\":\"pt-BR\",\"potentialAction\":[{\"@type\":\"ReadAction\",\"target\":[\"https:\\\/\\\/www.notibras.com\\\/site\\\/chega-de-silencio-aqui-e-alhures-ditadura-nunca-mais\\\/\"]}]},{\"@type\":\"ImageObject\",\"inLanguage\":\"pt-BR\",\"@id\":\"https:\\\/\\\/www.notibras.com\\\/site\\\/chega-de-silencio-aqui-e-alhures-ditadura-nunca-mais\\\/#primaryimage\",\"url\":\"https:\\\/\\\/www.notibras.com\\\/site\\\/wp-content\\\/uploads\\\/2024\\\/03\\\/beto.silencio.434925557_7565277900191477_3276219271422633442_n.jpg\",\"contentUrl\":\"https:\\\/\\\/www.notibras.com\\\/site\\\/wp-content\\\/uploads\\\/2024\\\/03\\\/beto.silencio.434925557_7565277900191477_3276219271422633442_n.jpg\",\"width\":600,\"height\":525},{\"@type\":\"BreadcrumbList\",\"@id\":\"https:\\\/\\\/www.notibras.com\\\/site\\\/chega-de-silencio-aqui-e-alhures-ditadura-nunca-mais\\\/#breadcrumb\",\"itemListElement\":[{\"@type\":\"ListItem\",\"position\":1,\"name\":\"In\u00edcio\",\"item\":\"https:\\\/\\\/www.notibras.com\\\/site\\\/\"},{\"@type\":\"ListItem\",\"position\":2,\"name\":\"Chega de sil\u00eancio, aqui e alhures; ditadura nunca mais\"}]},{\"@type\":\"WebSite\",\"@id\":\"https:\\\/\\\/www.notibras.com\\\/site\\\/#website\",\"url\":\"https:\\\/\\\/www.notibras.com\\\/site\\\/\",\"name\":\"Notibras\",\"description\":\"Not\u00edcias de Bras\u00edlia, do Brasil e do Mundo\",\"publisher\":{\"@id\":\"https:\\\/\\\/www.notibras.com\\\/site\\\/#organization\"},\"potentialAction\":[{\"@type\":\"SearchAction\",\"target\":{\"@type\":\"EntryPoint\",\"urlTemplate\":\"https:\\\/\\\/www.notibras.com\\\/site\\\/?s={search_term_string}\"},\"query-input\":{\"@type\":\"PropertyValueSpecification\",\"valueRequired\":true,\"valueName\":\"search_term_string\"}}],\"inLanguage\":\"pt-BR\"},{\"@type\":\"Organization\",\"@id\":\"https:\\\/\\\/www.notibras.com\\\/site\\\/#organization\",\"name\":\"Grupo Notibras de Comunica\u00e7\u00e3o\",\"url\":\"https:\\\/\\\/www.notibras.com\\\/site\\\/\",\"logo\":{\"@type\":\"ImageObject\",\"inLanguage\":\"pt-BR\",\"@id\":\"https:\\\/\\\/www.notibras.com\\\/site\\\/#\\\/schema\\\/logo\\\/image\\\/\",\"url\":\"https:\\\/\\\/www.notibras.com\\\/site\\\/wp-content\\\/uploads\\\/2023\\\/01\\\/notibras23.png\",\"contentUrl\":\"https:\\\/\\\/www.notibras.com\\\/site\\\/wp-content\\\/uploads\\\/2023\\\/01\\\/notibras23.png\",\"width\":350,\"height\":87,\"caption\":\"Grupo Notibras de Comunica\u00e7\u00e3o\"},\"image\":{\"@id\":\"https:\\\/\\\/www.notibras.com\\\/site\\\/#\\\/schema\\\/logo\\\/image\\\/\"},\"sameAs\":[\"https:\\\/\\\/www.facebook.com\\\/notibras\\\/\",\"https:\\\/\\\/x.com\\\/Notibras\",\"https:\\\/\\\/www.instagram.com\\\/notibras\\\/\"]},{\"@type\":\"Person\",\"@id\":\"https:\\\/\\\/www.notibras.com\\\/site\\\/#\\\/schema\\\/person\\\/36ab0979449956132d3e5b517ea76ac8\",\"name\":\"Reda\u00e7\u00e3o\",\"image\":{\"@type\":\"ImageObject\",\"inLanguage\":\"pt-BR\",\"@id\":\"https:\\\/\\\/secure.gravatar.com\\\/avatar\\\/e0a867bdedb85fd243eadf09663511f96fc81e0720a4a42581f334ad4303aa6b?s=96&d=mm&r=g\",\"url\":\"https:\\\/\\\/secure.gravatar.com\\\/avatar\\\/e0a867bdedb85fd243eadf09663511f96fc81e0720a4a42581f334ad4303aa6b?s=96&d=mm&r=g\",\"contentUrl\":\"https:\\\/\\\/secure.gravatar.com\\\/avatar\\\/e0a867bdedb85fd243eadf09663511f96fc81e0720a4a42581f334ad4303aa6b?s=96&d=mm&r=g\",\"caption\":\"Reda\u00e7\u00e3o\"}}]}<\/script>\n<!-- \/ Yoast SEO plugin. -->","yoast_head_json":{"title":"Chega de sil\u00eancio, aqui e alhures; ditadura nunca mais - Notibras","robots":{"index":"index","follow":"follow","max-snippet":"max-snippet:-1","max-image-preview":"max-image-preview:large","max-video-preview":"max-video-preview:-1"},"canonical":"https:\/\/www.notibras.com\/site\/chega-de-silencio-aqui-e-alhures-ditadura-nunca-mais\/","og_locale":"pt_BR","og_type":"article","og_title":"Chega de sil\u00eancio, aqui e alhures; ditadura nunca mais - Notibras","og_description":"H\u00e1 60 anos a democracia no Brasil foi interrompida por um golpe civil-militar. Muitos que apoiaram o movimento armado imaginaram que no ano seguinte, em 1965, haveria elei\u00e7\u00e3o novamente. A campanha de JK, por exemplo, j\u00e1 estava nas ruas. A ditadura durou 21 anos e a primeira elei\u00e7\u00e3o direta para presidente s\u00f3 aconteceu 25 anos [&hellip;]","og_url":"https:\/\/www.notibras.com\/site\/chega-de-silencio-aqui-e-alhures-ditadura-nunca-mais\/","og_site_name":"Notibras","article_publisher":"https:\/\/www.facebook.com\/notibras\/","article_published_time":"2024-03-31T15:12:53+00:00","og_image":[{"width":600,"height":525,"url":"https:\/\/www.notibras.com\/site\/wp-content\/uploads\/2024\/03\/beto.silencio.434925557_7565277900191477_3276219271422633442_n.jpg","type":"image\/jpeg"}],"author":"Reda\u00e7\u00e3o","twitter_card":"summary_large_image","twitter_creator":"@Notibras","twitter_site":"@Notibras","twitter_misc":{"Escrito por":"Reda\u00e7\u00e3o","Est. tempo de leitura":"4 minutos"},"schema":{"@context":"https:\/\/schema.org","@graph":[{"@type":"Article","@id":"https:\/\/www.notibras.com\/site\/chega-de-silencio-aqui-e-alhures-ditadura-nunca-mais\/#article","isPartOf":{"@id":"https:\/\/www.notibras.com\/site\/chega-de-silencio-aqui-e-alhures-ditadura-nunca-mais\/"},"author":{"name":"Reda\u00e7\u00e3o","@id":"https:\/\/www.notibras.com\/site\/#\/schema\/person\/36ab0979449956132d3e5b517ea76ac8"},"headline":"Chega de sil\u00eancio, aqui e alhures; ditadura nunca mais","datePublished":"2024-03-31T15:12:53+00:00","mainEntityOfPage":{"@id":"https:\/\/www.notibras.com\/site\/chega-de-silencio-aqui-e-alhures-ditadura-nunca-mais\/"},"wordCount":648,"publisher":{"@id":"https:\/\/www.notibras.com\/site\/#organization"},"image":{"@id":"https:\/\/www.notibras.com\/site\/chega-de-silencio-aqui-e-alhures-ditadura-nunca-mais\/#primaryimage"},"thumbnailUrl":"https:\/\/www.notibras.com\/site\/wp-content\/uploads\/2024\/03\/beto.silencio.434925557_7565277900191477_3276219271422633442_n.jpg","articleSection":["Quadradinho em Foco"],"inLanguage":"pt-BR"},{"@type":"WebPage","@id":"https:\/\/www.notibras.com\/site\/chega-de-silencio-aqui-e-alhures-ditadura-nunca-mais\/","url":"https:\/\/www.notibras.com\/site\/chega-de-silencio-aqui-e-alhures-ditadura-nunca-mais\/","name":"Chega de sil\u00eancio, aqui e alhures; ditadura nunca mais - Notibras","isPartOf":{"@id":"https:\/\/www.notibras.com\/site\/#website"},"primaryImageOfPage":{"@id":"https:\/\/www.notibras.com\/site\/chega-de-silencio-aqui-e-alhures-ditadura-nunca-mais\/#primaryimage"},"image":{"@id":"https:\/\/www.notibras.com\/site\/chega-de-silencio-aqui-e-alhures-ditadura-nunca-mais\/#primaryimage"},"thumbnailUrl":"https:\/\/www.notibras.com\/site\/wp-content\/uploads\/2024\/03\/beto.silencio.434925557_7565277900191477_3276219271422633442_n.jpg","datePublished":"2024-03-31T15:12:53+00:00","breadcrumb":{"@id":"https:\/\/www.notibras.com\/site\/chega-de-silencio-aqui-e-alhures-ditadura-nunca-mais\/#breadcrumb"},"inLanguage":"pt-BR","potentialAction":[{"@type":"ReadAction","target":["https:\/\/www.notibras.com\/site\/chega-de-silencio-aqui-e-alhures-ditadura-nunca-mais\/"]}]},{"@type":"ImageObject","inLanguage":"pt-BR","@id":"https:\/\/www.notibras.com\/site\/chega-de-silencio-aqui-e-alhures-ditadura-nunca-mais\/#primaryimage","url":"https:\/\/www.notibras.com\/site\/wp-content\/uploads\/2024\/03\/beto.silencio.434925557_7565277900191477_3276219271422633442_n.jpg","contentUrl":"https:\/\/www.notibras.com\/site\/wp-content\/uploads\/2024\/03\/beto.silencio.434925557_7565277900191477_3276219271422633442_n.jpg","width":600,"height":525},{"@type":"BreadcrumbList","@id":"https:\/\/www.notibras.com\/site\/chega-de-silencio-aqui-e-alhures-ditadura-nunca-mais\/#breadcrumb","itemListElement":[{"@type":"ListItem","position":1,"name":"In\u00edcio","item":"https:\/\/www.notibras.com\/site\/"},{"@type":"ListItem","position":2,"name":"Chega de sil\u00eancio, aqui e alhures; ditadura nunca mais"}]},{"@type":"WebSite","@id":"https:\/\/www.notibras.com\/site\/#website","url":"https:\/\/www.notibras.com\/site\/","name":"Notibras","description":"Not\u00edcias de Bras\u00edlia, do Brasil e do Mundo","publisher":{"@id":"https:\/\/www.notibras.com\/site\/#organization"},"potentialAction":[{"@type":"SearchAction","target":{"@type":"EntryPoint","urlTemplate":"https:\/\/www.notibras.com\/site\/?s={search_term_string}"},"query-input":{"@type":"PropertyValueSpecification","valueRequired":true,"valueName":"search_term_string"}}],"inLanguage":"pt-BR"},{"@type":"Organization","@id":"https:\/\/www.notibras.com\/site\/#organization","name":"Grupo Notibras de Comunica\u00e7\u00e3o","url":"https:\/\/www.notibras.com\/site\/","logo":{"@type":"ImageObject","inLanguage":"pt-BR","@id":"https:\/\/www.notibras.com\/site\/#\/schema\/logo\/image\/","url":"https:\/\/www.notibras.com\/site\/wp-content\/uploads\/2023\/01\/notibras23.png","contentUrl":"https:\/\/www.notibras.com\/site\/wp-content\/uploads\/2023\/01\/notibras23.png","width":350,"height":87,"caption":"Grupo Notibras de Comunica\u00e7\u00e3o"},"image":{"@id":"https:\/\/www.notibras.com\/site\/#\/schema\/logo\/image\/"},"sameAs":["https:\/\/www.facebook.com\/notibras\/","https:\/\/x.com\/Notibras","https:\/\/www.instagram.com\/notibras\/"]},{"@type":"Person","@id":"https:\/\/www.notibras.com\/site\/#\/schema\/person\/36ab0979449956132d3e5b517ea76ac8","name":"Reda\u00e7\u00e3o","image":{"@type":"ImageObject","inLanguage":"pt-BR","@id":"https:\/\/secure.gravatar.com\/avatar\/e0a867bdedb85fd243eadf09663511f96fc81e0720a4a42581f334ad4303aa6b?s=96&d=mm&r=g","url":"https:\/\/secure.gravatar.com\/avatar\/e0a867bdedb85fd243eadf09663511f96fc81e0720a4a42581f334ad4303aa6b?s=96&d=mm&r=g","contentUrl":"https:\/\/secure.gravatar.com\/avatar\/e0a867bdedb85fd243eadf09663511f96fc81e0720a4a42581f334ad4303aa6b?s=96&d=mm&r=g","caption":"Reda\u00e7\u00e3o"}}]}},"amp_enabled":true,"_links":{"self":[{"href":"https:\/\/www.notibras.com\/site\/wp-json\/wp\/v2\/posts\/325752","targetHints":{"allow":["GET"]}}],"collection":[{"href":"https:\/\/www.notibras.com\/site\/wp-json\/wp\/v2\/posts"}],"about":[{"href":"https:\/\/www.notibras.com\/site\/wp-json\/wp\/v2\/types\/post"}],"author":[{"embeddable":true,"href":"https:\/\/www.notibras.com\/site\/wp-json\/wp\/v2\/users\/2"}],"replies":[{"embeddable":true,"href":"https:\/\/www.notibras.com\/site\/wp-json\/wp\/v2\/comments?post=325752"}],"version-history":[{"count":1,"href":"https:\/\/www.notibras.com\/site\/wp-json\/wp\/v2\/posts\/325752\/revisions"}],"predecessor-version":[{"id":325755,"href":"https:\/\/www.notibras.com\/site\/wp-json\/wp\/v2\/posts\/325752\/revisions\/325755"}],"wp:featuredmedia":[{"embeddable":true,"href":"https:\/\/www.notibras.com\/site\/wp-json\/wp\/v2\/media\/325754"}],"wp:attachment":[{"href":"https:\/\/www.notibras.com\/site\/wp-json\/wp\/v2\/media?parent=325752"}],"wp:term":[{"taxonomy":"category","embeddable":true,"href":"https:\/\/www.notibras.com\/site\/wp-json\/wp\/v2\/categories?post=325752"},{"taxonomy":"post_tag","embeddable":true,"href":"https:\/\/www.notibras.com\/site\/wp-json\/wp\/v2\/tags?post=325752"}],"curies":[{"name":"wp","href":"https:\/\/api.w.org\/{rel}","templated":true}]}}