{"id":325773,"date":"2024-04-01T07:30:08","date_gmt":"2024-04-01T10:30:08","guid":{"rendered":"https:\/\/www.notibras.com\/site\/?p=325773"},"modified":"2024-04-01T14:02:15","modified_gmt":"2024-04-01T17:02:15","slug":"flavio-avisa-pelo-zap-que-pururuca-esta-esperando","status":"publish","type":"post","link":"https:\/\/www.notibras.com\/site\/flavio-avisa-pelo-zap-que-pururuca-esta-esperando\/","title":{"rendered":"Flavio avisa pelo Zap que pururuca est\u00e1 esperando"},"content":{"rendered":"<p>H\u00e1 amizades t\u00e3o duradouras, que se confundem com nossa pr\u00f3pria exist\u00eancia. Uma delas, que constru\u00ed com o Flavio Bonesso, j\u00e1 ultrapassou a barreira dos 40 anos. Tanto tempo, que a Ninica, minha primog\u00eanita, de 28 anos, arregala aqueles lindos olhos cor de mel e exclama: &#8220;Nossa, como voc\u00ea \u00e9 velho!&#8221;<\/p>\n<p>A minha filha provavelmente n\u00e3o est\u00e1 longe da verdade, mas isso n\u00e3o me impede de me sentir menino outra vez quando reencontro o Flavio, cuja gargalhada se faz ouvir at\u00e9 no v\u00e1cuo. Grand\u00e3o, bonach\u00e3o, o meu amigo \u00e9 cheio de \u00e3os e logo me d\u00e1 aquele abra\u00e7\u00e3o de tamandu\u00e1, que me espreme que nem lim\u00e3o junto ao seu peito: &#8220;Que saudade, v\u00e9io!&#8221;<\/p>\n<p>N\u00e3o que eu seja muito mais velho do que o Flavio, mas, como brasiliense que \u00e9, ele tem l\u00e1 esse costume de chamar as pessoas assim. Ali\u00e1s, nascido em Bras\u00edlia, mas com esp\u00edrito aventureiro, como ele gosta de dizer. J\u00e1 viajou muito desde rapazola, quando era comiss\u00e1rio de bordo de uma antiga empresa de avia\u00e7\u00e3o, que, falida, fechou as portas h\u00e1 tempos. Mas, at\u00e9 onde tenho not\u00edcias, o Flavio nada teve a ver com isso.<\/p>\n<p><img loading=\"lazy\" decoding=\"async\" class=\"wp-image-325774 aligncenter\" src=\"https:\/\/www.notibras.com\/site\/wp-content\/uploads\/2024\/04\/c3d7f290-fe05-4ca5-8708-08b3b000021b-169x300.jpeg\" alt=\"\" width=\"367\" height=\"651\" srcset=\"https:\/\/www.notibras.com\/site\/wp-content\/uploads\/2024\/04\/c3d7f290-fe05-4ca5-8708-08b3b000021b-169x300.jpeg 169w, https:\/\/www.notibras.com\/site\/wp-content\/uploads\/2024\/04\/c3d7f290-fe05-4ca5-8708-08b3b000021b-576x1024.jpeg 576w, https:\/\/www.notibras.com\/site\/wp-content\/uploads\/2024\/04\/c3d7f290-fe05-4ca5-8708-08b3b000021b-768x1365.jpeg 768w, https:\/\/www.notibras.com\/site\/wp-content\/uploads\/2024\/04\/c3d7f290-fe05-4ca5-8708-08b3b000021b-864x1536.jpeg 864w, https:\/\/www.notibras.com\/site\/wp-content\/uploads\/2024\/04\/c3d7f290-fe05-4ca5-8708-08b3b000021b.jpeg 900w\" sizes=\"auto, (max-width: 367px) 100vw, 367px\" \/><\/p>\n<p>Apaixonado por culin\u00e1ria, o meu companheiro de longa jornada ministra cursos na Emater-DF. \u00c9 engra\u00e7ado v\u00ea-lo rodeado daquele monte de alunos. N\u00e3o que duvide da sua capacidade, que \u00e9 enorme, mas \u00e9 que \u00e9 imposs\u00edvel n\u00e3o me lembrar de quando nos reun\u00edamos com a galera da rua e, invariavelmente, ele era o centro dos olhares, ainda mais quando contava uma piada, que, por pior que fosse, se tornava extremamente engra\u00e7ada.<\/p>\n<p>O humor, sempre presente nesse cara, talvez seja o ingrediente especial para ele preparar aqueles pratos deliciosos. N\u00e3o tem como deixar de notar que o Flavio \u00e9 um verdadeiro mestre-cuca. Ele, que \u00e9 casado com a maravilhosa Kak\u00e1, consegue at\u00e9 fazer um ovo frito de modo a voc\u00ea imaginar que est\u00e1 degustando uma iguaria.<\/p>\n<p>E, ao escrever essa cr\u00f4nica a respeito do meu amigo de tempos t\u00e3o long\u00ednquos, eis que, para minha surpresa, recebo uma mensagem dele pelo WhatsApp: &#8220;A Kak\u00e1 t\u00e1 perguntando quando \u00e9 que voc\u00ea e a Dona Irene v\u00e3o aparecer pra comer aquela costela su\u00edna pururuca.&#8221;<\/p>\n","protected":false},"excerpt":{"rendered":"<p>H\u00e1 amizades t\u00e3o duradouras, que se confundem com nossa pr\u00f3pria exist\u00eancia. Uma delas, que constru\u00ed com o Flavio Bonesso, j\u00e1 ultrapassou a barreira dos 40 anos. Tanto tempo, que a Ninica, minha primog\u00eanita, de 28 anos, arregala aqueles lindos olhos cor de mel e exclama: &#8220;Nossa, como voc\u00ea \u00e9 velho!&#8221; A minha filha provavelmente n\u00e3o [&hellip;]<\/p>\n","protected":false},"author":2,"featured_media":325775,"comment_status":"closed","ping_status":"closed","sticky":false,"template":"","format":"standard","meta":{"_acf_changed":false,"footnotes":""},"categories":[161],"tags":[],"class_list":["post-325773","post","type-post","status-publish","format-standard","has-post-thumbnail","hentry","category-quadradinho-em-foco"],"acf":[],"yoast_head":"<!-- This site is optimized with the Yoast SEO plugin v27.5 - https:\/\/yoast.com\/product\/yoast-seo-wordpress\/ -->\n<title>Flavio avisa pelo Zap que pururuca est\u00e1 esperando - Notibras<\/title>\n<meta name=\"robots\" content=\"index, follow, max-snippet:-1, max-image-preview:large, max-video-preview:-1\" \/>\n<link rel=\"canonical\" href=\"https:\/\/www.notibras.com\/site\/flavio-avisa-pelo-zap-que-pururuca-esta-esperando\/\" \/>\n<meta property=\"og:locale\" content=\"pt_BR\" \/>\n<meta property=\"og:type\" content=\"article\" \/>\n<meta property=\"og:title\" content=\"Flavio avisa pelo Zap que pururuca est\u00e1 esperando - Notibras\" \/>\n<meta property=\"og:description\" content=\"H\u00e1 amizades t\u00e3o duradouras, que se confundem com nossa pr\u00f3pria exist\u00eancia. Uma delas, que constru\u00ed com o Flavio Bonesso, j\u00e1 ultrapassou a barreira dos 40 anos. Tanto tempo, que a Ninica, minha primog\u00eanita, de 28 anos, arregala aqueles lindos olhos cor de mel e exclama: &#8220;Nossa, como voc\u00ea \u00e9 velho!&#8221; A minha filha provavelmente n\u00e3o [&hellip;]\" \/>\n<meta property=\"og:url\" content=\"https:\/\/www.notibras.com\/site\/flavio-avisa-pelo-zap-que-pururuca-esta-esperando\/\" \/>\n<meta property=\"og:site_name\" content=\"Notibras\" \/>\n<meta property=\"article:publisher\" content=\"https:\/\/www.facebook.com\/notibras\/\" \/>\n<meta property=\"article:published_time\" content=\"2024-04-01T10:30:08+00:00\" \/>\n<meta property=\"article:modified_time\" content=\"2024-04-01T17:02:15+00:00\" \/>\n<meta property=\"og:image\" content=\"https:\/\/www.notibras.com\/site\/wp-content\/uploads\/2024\/04\/e157c3cb-370c-4422-b78d-e00f741976f0.jpeg\" \/>\n\t<meta property=\"og:image:width\" content=\"1280\" \/>\n\t<meta property=\"og:image:height\" content=\"720\" \/>\n\t<meta property=\"og:image:type\" content=\"image\/jpeg\" \/>\n<meta name=\"author\" content=\"Reda\u00e7\u00e3o\" \/>\n<meta name=\"twitter:card\" content=\"summary_large_image\" \/>\n<meta name=\"twitter:creator\" content=\"@Notibras\" \/>\n<meta name=\"twitter:site\" content=\"@Notibras\" \/>\n<meta name=\"twitter:label1\" content=\"Escrito por\" \/>\n\t<meta name=\"twitter:data1\" content=\"Reda\u00e7\u00e3o\" \/>\n\t<meta name=\"twitter:label2\" content=\"Est. tempo de leitura\" \/>\n\t<meta name=\"twitter:data2\" content=\"3 minutos\" \/>\n<script type=\"application\/ld+json\" class=\"yoast-schema-graph\">{\"@context\":\"https:\\\/\\\/schema.org\",\"@graph\":[{\"@type\":\"Article\",\"@id\":\"https:\\\/\\\/www.notibras.com\\\/site\\\/flavio-avisa-pelo-zap-que-pururuca-esta-esperando\\\/#article\",\"isPartOf\":{\"@id\":\"https:\\\/\\\/www.notibras.com\\\/site\\\/flavio-avisa-pelo-zap-que-pururuca-esta-esperando\\\/\"},\"author\":{\"name\":\"Reda\u00e7\u00e3o\",\"@id\":\"https:\\\/\\\/www.notibras.com\\\/site\\\/#\\\/schema\\\/person\\\/36ab0979449956132d3e5b517ea76ac8\"},\"headline\":\"Flavio avisa pelo Zap que pururuca est\u00e1 esperando\",\"datePublished\":\"2024-04-01T10:30:08+00:00\",\"dateModified\":\"2024-04-01T17:02:15+00:00\",\"mainEntityOfPage\":{\"@id\":\"https:\\\/\\\/www.notibras.com\\\/site\\\/flavio-avisa-pelo-zap-que-pururuca-esta-esperando\\\/\"},\"wordCount\":385,\"publisher\":{\"@id\":\"https:\\\/\\\/www.notibras.com\\\/site\\\/#organization\"},\"image\":{\"@id\":\"https:\\\/\\\/www.notibras.com\\\/site\\\/flavio-avisa-pelo-zap-que-pururuca-esta-esperando\\\/#primaryimage\"},\"thumbnailUrl\":\"https:\\\/\\\/www.notibras.com\\\/site\\\/wp-content\\\/uploads\\\/2024\\\/04\\\/e157c3cb-370c-4422-b78d-e00f741976f0.jpeg\",\"articleSection\":[\"Quadradinho em Foco\"],\"inLanguage\":\"pt-BR\"},{\"@type\":\"WebPage\",\"@id\":\"https:\\\/\\\/www.notibras.com\\\/site\\\/flavio-avisa-pelo-zap-que-pururuca-esta-esperando\\\/\",\"url\":\"https:\\\/\\\/www.notibras.com\\\/site\\\/flavio-avisa-pelo-zap-que-pururuca-esta-esperando\\\/\",\"name\":\"Flavio avisa pelo Zap que pururuca est\u00e1 esperando - Notibras\",\"isPartOf\":{\"@id\":\"https:\\\/\\\/www.notibras.com\\\/site\\\/#website\"},\"primaryImageOfPage\":{\"@id\":\"https:\\\/\\\/www.notibras.com\\\/site\\\/flavio-avisa-pelo-zap-que-pururuca-esta-esperando\\\/#primaryimage\"},\"image\":{\"@id\":\"https:\\\/\\\/www.notibras.com\\\/site\\\/flavio-avisa-pelo-zap-que-pururuca-esta-esperando\\\/#primaryimage\"},\"thumbnailUrl\":\"https:\\\/\\\/www.notibras.com\\\/site\\\/wp-content\\\/uploads\\\/2024\\\/04\\\/e157c3cb-370c-4422-b78d-e00f741976f0.jpeg\",\"datePublished\":\"2024-04-01T10:30:08+00:00\",\"dateModified\":\"2024-04-01T17:02:15+00:00\",\"breadcrumb\":{\"@id\":\"https:\\\/\\\/www.notibras.com\\\/site\\\/flavio-avisa-pelo-zap-que-pururuca-esta-esperando\\\/#breadcrumb\"},\"inLanguage\":\"pt-BR\",\"potentialAction\":[{\"@type\":\"ReadAction\",\"target\":[\"https:\\\/\\\/www.notibras.com\\\/site\\\/flavio-avisa-pelo-zap-que-pururuca-esta-esperando\\\/\"]}]},{\"@type\":\"ImageObject\",\"inLanguage\":\"pt-BR\",\"@id\":\"https:\\\/\\\/www.notibras.com\\\/site\\\/flavio-avisa-pelo-zap-que-pururuca-esta-esperando\\\/#primaryimage\",\"url\":\"https:\\\/\\\/www.notibras.com\\\/site\\\/wp-content\\\/uploads\\\/2024\\\/04\\\/e157c3cb-370c-4422-b78d-e00f741976f0.jpeg\",\"contentUrl\":\"https:\\\/\\\/www.notibras.com\\\/site\\\/wp-content\\\/uploads\\\/2024\\\/04\\\/e157c3cb-370c-4422-b78d-e00f741976f0.jpeg\",\"width\":1280,\"height\":720},{\"@type\":\"BreadcrumbList\",\"@id\":\"https:\\\/\\\/www.notibras.com\\\/site\\\/flavio-avisa-pelo-zap-que-pururuca-esta-esperando\\\/#breadcrumb\",\"itemListElement\":[{\"@type\":\"ListItem\",\"position\":1,\"name\":\"In\u00edcio\",\"item\":\"https:\\\/\\\/www.notibras.com\\\/site\\\/\"},{\"@type\":\"ListItem\",\"position\":2,\"name\":\"Flavio avisa pelo Zap que pururuca est\u00e1 esperando\"}]},{\"@type\":\"WebSite\",\"@id\":\"https:\\\/\\\/www.notibras.com\\\/site\\\/#website\",\"url\":\"https:\\\/\\\/www.notibras.com\\\/site\\\/\",\"name\":\"Notibras\",\"description\":\"Not\u00edcias de Bras\u00edlia, do Brasil e do Mundo\",\"publisher\":{\"@id\":\"https:\\\/\\\/www.notibras.com\\\/site\\\/#organization\"},\"potentialAction\":[{\"@type\":\"SearchAction\",\"target\":{\"@type\":\"EntryPoint\",\"urlTemplate\":\"https:\\\/\\\/www.notibras.com\\\/site\\\/?s={search_term_string}\"},\"query-input\":{\"@type\":\"PropertyValueSpecification\",\"valueRequired\":true,\"valueName\":\"search_term_string\"}}],\"inLanguage\":\"pt-BR\"},{\"@type\":\"Organization\",\"@id\":\"https:\\\/\\\/www.notibras.com\\\/site\\\/#organization\",\"name\":\"Grupo Notibras de Comunica\u00e7\u00e3o\",\"url\":\"https:\\\/\\\/www.notibras.com\\\/site\\\/\",\"logo\":{\"@type\":\"ImageObject\",\"inLanguage\":\"pt-BR\",\"@id\":\"https:\\\/\\\/www.notibras.com\\\/site\\\/#\\\/schema\\\/logo\\\/image\\\/\",\"url\":\"https:\\\/\\\/www.notibras.com\\\/site\\\/wp-content\\\/uploads\\\/2023\\\/01\\\/notibras23.png\",\"contentUrl\":\"https:\\\/\\\/www.notibras.com\\\/site\\\/wp-content\\\/uploads\\\/2023\\\/01\\\/notibras23.png\",\"width\":350,\"height\":87,\"caption\":\"Grupo Notibras de Comunica\u00e7\u00e3o\"},\"image\":{\"@id\":\"https:\\\/\\\/www.notibras.com\\\/site\\\/#\\\/schema\\\/logo\\\/image\\\/\"},\"sameAs\":[\"https:\\\/\\\/www.facebook.com\\\/notibras\\\/\",\"https:\\\/\\\/x.com\\\/Notibras\",\"https:\\\/\\\/www.instagram.com\\\/notibras\\\/\"]},{\"@type\":\"Person\",\"@id\":\"https:\\\/\\\/www.notibras.com\\\/site\\\/#\\\/schema\\\/person\\\/36ab0979449956132d3e5b517ea76ac8\",\"name\":\"Reda\u00e7\u00e3o\",\"image\":{\"@type\":\"ImageObject\",\"inLanguage\":\"pt-BR\",\"@id\":\"https:\\\/\\\/secure.gravatar.com\\\/avatar\\\/e0a867bdedb85fd243eadf09663511f96fc81e0720a4a42581f334ad4303aa6b?s=96&d=mm&r=g\",\"url\":\"https:\\\/\\\/secure.gravatar.com\\\/avatar\\\/e0a867bdedb85fd243eadf09663511f96fc81e0720a4a42581f334ad4303aa6b?s=96&d=mm&r=g\",\"contentUrl\":\"https:\\\/\\\/secure.gravatar.com\\\/avatar\\\/e0a867bdedb85fd243eadf09663511f96fc81e0720a4a42581f334ad4303aa6b?s=96&d=mm&r=g\",\"caption\":\"Reda\u00e7\u00e3o\"}}]}<\/script>\n<!-- \/ Yoast SEO plugin. -->","yoast_head_json":{"title":"Flavio avisa pelo Zap que pururuca est\u00e1 esperando - Notibras","robots":{"index":"index","follow":"follow","max-snippet":"max-snippet:-1","max-image-preview":"max-image-preview:large","max-video-preview":"max-video-preview:-1"},"canonical":"https:\/\/www.notibras.com\/site\/flavio-avisa-pelo-zap-que-pururuca-esta-esperando\/","og_locale":"pt_BR","og_type":"article","og_title":"Flavio avisa pelo Zap que pururuca est\u00e1 esperando - Notibras","og_description":"H\u00e1 amizades t\u00e3o duradouras, que se confundem com nossa pr\u00f3pria exist\u00eancia. Uma delas, que constru\u00ed com o Flavio Bonesso, j\u00e1 ultrapassou a barreira dos 40 anos. Tanto tempo, que a Ninica, minha primog\u00eanita, de 28 anos, arregala aqueles lindos olhos cor de mel e exclama: &#8220;Nossa, como voc\u00ea \u00e9 velho!&#8221; A minha filha provavelmente n\u00e3o [&hellip;]","og_url":"https:\/\/www.notibras.com\/site\/flavio-avisa-pelo-zap-que-pururuca-esta-esperando\/","og_site_name":"Notibras","article_publisher":"https:\/\/www.facebook.com\/notibras\/","article_published_time":"2024-04-01T10:30:08+00:00","article_modified_time":"2024-04-01T17:02:15+00:00","og_image":[{"width":1280,"height":720,"url":"https:\/\/www.notibras.com\/site\/wp-content\/uploads\/2024\/04\/e157c3cb-370c-4422-b78d-e00f741976f0.jpeg","type":"image\/jpeg"}],"author":"Reda\u00e7\u00e3o","twitter_card":"summary_large_image","twitter_creator":"@Notibras","twitter_site":"@Notibras","twitter_misc":{"Escrito por":"Reda\u00e7\u00e3o","Est. tempo de leitura":"3 minutos"},"schema":{"@context":"https:\/\/schema.org","@graph":[{"@type":"Article","@id":"https:\/\/www.notibras.com\/site\/flavio-avisa-pelo-zap-que-pururuca-esta-esperando\/#article","isPartOf":{"@id":"https:\/\/www.notibras.com\/site\/flavio-avisa-pelo-zap-que-pururuca-esta-esperando\/"},"author":{"name":"Reda\u00e7\u00e3o","@id":"https:\/\/www.notibras.com\/site\/#\/schema\/person\/36ab0979449956132d3e5b517ea76ac8"},"headline":"Flavio avisa pelo Zap que pururuca est\u00e1 esperando","datePublished":"2024-04-01T10:30:08+00:00","dateModified":"2024-04-01T17:02:15+00:00","mainEntityOfPage":{"@id":"https:\/\/www.notibras.com\/site\/flavio-avisa-pelo-zap-que-pururuca-esta-esperando\/"},"wordCount":385,"publisher":{"@id":"https:\/\/www.notibras.com\/site\/#organization"},"image":{"@id":"https:\/\/www.notibras.com\/site\/flavio-avisa-pelo-zap-que-pururuca-esta-esperando\/#primaryimage"},"thumbnailUrl":"https:\/\/www.notibras.com\/site\/wp-content\/uploads\/2024\/04\/e157c3cb-370c-4422-b78d-e00f741976f0.jpeg","articleSection":["Quadradinho em Foco"],"inLanguage":"pt-BR"},{"@type":"WebPage","@id":"https:\/\/www.notibras.com\/site\/flavio-avisa-pelo-zap-que-pururuca-esta-esperando\/","url":"https:\/\/www.notibras.com\/site\/flavio-avisa-pelo-zap-que-pururuca-esta-esperando\/","name":"Flavio avisa pelo Zap que pururuca est\u00e1 esperando - Notibras","isPartOf":{"@id":"https:\/\/www.notibras.com\/site\/#website"},"primaryImageOfPage":{"@id":"https:\/\/www.notibras.com\/site\/flavio-avisa-pelo-zap-que-pururuca-esta-esperando\/#primaryimage"},"image":{"@id":"https:\/\/www.notibras.com\/site\/flavio-avisa-pelo-zap-que-pururuca-esta-esperando\/#primaryimage"},"thumbnailUrl":"https:\/\/www.notibras.com\/site\/wp-content\/uploads\/2024\/04\/e157c3cb-370c-4422-b78d-e00f741976f0.jpeg","datePublished":"2024-04-01T10:30:08+00:00","dateModified":"2024-04-01T17:02:15+00:00","breadcrumb":{"@id":"https:\/\/www.notibras.com\/site\/flavio-avisa-pelo-zap-que-pururuca-esta-esperando\/#breadcrumb"},"inLanguage":"pt-BR","potentialAction":[{"@type":"ReadAction","target":["https:\/\/www.notibras.com\/site\/flavio-avisa-pelo-zap-que-pururuca-esta-esperando\/"]}]},{"@type":"ImageObject","inLanguage":"pt-BR","@id":"https:\/\/www.notibras.com\/site\/flavio-avisa-pelo-zap-que-pururuca-esta-esperando\/#primaryimage","url":"https:\/\/www.notibras.com\/site\/wp-content\/uploads\/2024\/04\/e157c3cb-370c-4422-b78d-e00f741976f0.jpeg","contentUrl":"https:\/\/www.notibras.com\/site\/wp-content\/uploads\/2024\/04\/e157c3cb-370c-4422-b78d-e00f741976f0.jpeg","width":1280,"height":720},{"@type":"BreadcrumbList","@id":"https:\/\/www.notibras.com\/site\/flavio-avisa-pelo-zap-que-pururuca-esta-esperando\/#breadcrumb","itemListElement":[{"@type":"ListItem","position":1,"name":"In\u00edcio","item":"https:\/\/www.notibras.com\/site\/"},{"@type":"ListItem","position":2,"name":"Flavio avisa pelo Zap que pururuca est\u00e1 esperando"}]},{"@type":"WebSite","@id":"https:\/\/www.notibras.com\/site\/#website","url":"https:\/\/www.notibras.com\/site\/","name":"Notibras","description":"Not\u00edcias de Bras\u00edlia, do Brasil e do Mundo","publisher":{"@id":"https:\/\/www.notibras.com\/site\/#organization"},"potentialAction":[{"@type":"SearchAction","target":{"@type":"EntryPoint","urlTemplate":"https:\/\/www.notibras.com\/site\/?s={search_term_string}"},"query-input":{"@type":"PropertyValueSpecification","valueRequired":true,"valueName":"search_term_string"}}],"inLanguage":"pt-BR"},{"@type":"Organization","@id":"https:\/\/www.notibras.com\/site\/#organization","name":"Grupo Notibras de Comunica\u00e7\u00e3o","url":"https:\/\/www.notibras.com\/site\/","logo":{"@type":"ImageObject","inLanguage":"pt-BR","@id":"https:\/\/www.notibras.com\/site\/#\/schema\/logo\/image\/","url":"https:\/\/www.notibras.com\/site\/wp-content\/uploads\/2023\/01\/notibras23.png","contentUrl":"https:\/\/www.notibras.com\/site\/wp-content\/uploads\/2023\/01\/notibras23.png","width":350,"height":87,"caption":"Grupo Notibras de Comunica\u00e7\u00e3o"},"image":{"@id":"https:\/\/www.notibras.com\/site\/#\/schema\/logo\/image\/"},"sameAs":["https:\/\/www.facebook.com\/notibras\/","https:\/\/x.com\/Notibras","https:\/\/www.instagram.com\/notibras\/"]},{"@type":"Person","@id":"https:\/\/www.notibras.com\/site\/#\/schema\/person\/36ab0979449956132d3e5b517ea76ac8","name":"Reda\u00e7\u00e3o","image":{"@type":"ImageObject","inLanguage":"pt-BR","@id":"https:\/\/secure.gravatar.com\/avatar\/e0a867bdedb85fd243eadf09663511f96fc81e0720a4a42581f334ad4303aa6b?s=96&d=mm&r=g","url":"https:\/\/secure.gravatar.com\/avatar\/e0a867bdedb85fd243eadf09663511f96fc81e0720a4a42581f334ad4303aa6b?s=96&d=mm&r=g","contentUrl":"https:\/\/secure.gravatar.com\/avatar\/e0a867bdedb85fd243eadf09663511f96fc81e0720a4a42581f334ad4303aa6b?s=96&d=mm&r=g","caption":"Reda\u00e7\u00e3o"}}]}},"amp_enabled":true,"_links":{"self":[{"href":"https:\/\/www.notibras.com\/site\/wp-json\/wp\/v2\/posts\/325773","targetHints":{"allow":["GET"]}}],"collection":[{"href":"https:\/\/www.notibras.com\/site\/wp-json\/wp\/v2\/posts"}],"about":[{"href":"https:\/\/www.notibras.com\/site\/wp-json\/wp\/v2\/types\/post"}],"author":[{"embeddable":true,"href":"https:\/\/www.notibras.com\/site\/wp-json\/wp\/v2\/users\/2"}],"replies":[{"embeddable":true,"href":"https:\/\/www.notibras.com\/site\/wp-json\/wp\/v2\/comments?post=325773"}],"version-history":[{"count":5,"href":"https:\/\/www.notibras.com\/site\/wp-json\/wp\/v2\/posts\/325773\/revisions"}],"predecessor-version":[{"id":325813,"href":"https:\/\/www.notibras.com\/site\/wp-json\/wp\/v2\/posts\/325773\/revisions\/325813"}],"wp:featuredmedia":[{"embeddable":true,"href":"https:\/\/www.notibras.com\/site\/wp-json\/wp\/v2\/media\/325775"}],"wp:attachment":[{"href":"https:\/\/www.notibras.com\/site\/wp-json\/wp\/v2\/media?parent=325773"}],"wp:term":[{"taxonomy":"category","embeddable":true,"href":"https:\/\/www.notibras.com\/site\/wp-json\/wp\/v2\/categories?post=325773"},{"taxonomy":"post_tag","embeddable":true,"href":"https:\/\/www.notibras.com\/site\/wp-json\/wp\/v2\/tags?post=325773"}],"curies":[{"name":"wp","href":"https:\/\/api.w.org\/{rel}","templated":true}]}}