{"id":325780,"date":"2024-04-01T07:57:36","date_gmt":"2024-04-01T10:57:36","guid":{"rendered":"https:\/\/www.notibras.com\/site\/?p=325780"},"modified":"2024-04-01T07:57:36","modified_gmt":"2024-04-01T10:57:36","slug":"salva-vidas-alerta-mas-tem-quem-prefira-perder-braco","status":"publish","type":"post","link":"https:\/\/www.notibras.com\/site\/salva-vidas-alerta-mas-tem-quem-prefira-perder-braco\/","title":{"rendered":"Salva-vidas alerta, mas tem quem prefira perder bra\u00e7o"},"content":{"rendered":"<p>E l\u00e1 estavam aqueles dois querendo entrar nas mornas \u00e1guas da extremidade sul da praia de Boa Viagem, a despeito de tantas placas alertando sobre o enorme risco de ser atacado por tubar\u00f5es. Pior que eles, al\u00e9m de n\u00e3o estarem nem a\u00ed para os avisos, ainda resolveram tirar onda com o salva-vidas, que se encontrava bem ali sossegado.<\/p>\n<p>\u2014 Se a gente n\u00e3o entrar na \u00e1gua, periga de voc\u00ea perder seu emprego.<\/p>\n<p>\u2014 Por favor, senhores, n\u00e3o entrem no mar.<\/p>\n<p>\u2014 U\u00e9, quer mesmo perder o emprego, meu amigo?<\/p>\n<p>\u2014 O meu trabalho \u00e9 evitar que os usu\u00e1rios da praia n\u00e3o percam as pernas nem os bra\u00e7os.<\/p>\n<p>\u2014 Ah, ent\u00e3o t\u00e1! Quando avistarmos algum tubar\u00e3o se aproximando, vamos gritar socorro bem alto.<\/p>\n<p>O salva-vidas ainda tentou convencer aqueles dois, que estavam cada vez mais irredut\u00edveis. N\u00e3o pareciam embriagados, apesar do h\u00e1lito et\u00edlico, que, certamente, lhes proporcionava ainda mais coragem para enfrentar aquelas fileiras infinitas de dentes pontiagudos.<\/p>\n<p>Como em todos os lugares quando acontece uma contenda, juntou-se aquele mundar\u00e9u de curiosos. Alguns ficaram obviamente ao lado do salva-vidas, enquanto outros, talvez sanguin\u00e1rios, soltavam palavras de incentivo para que os dois incautos fossem se refrescar no lar, doce lar dos tubar\u00f5es.<\/p>\n<p>Enquanto aquela pendenga se prolongava, eis que passou uma idosa de l\u00e1 seus 90 anos. Ela, de m\u00e3os dadas com uma garotinha de n\u00e3o mais que 10, j\u00e1 estava acostumada com aquela cena, pois era moradora do bairro h\u00e1 tempos.<\/p>\n<p>\u2014 Vov\u00f3, por que aquele povo t\u00e1 brigando?<\/p>\n<p>\u2014 Na certa, tem algum maluco querendo mergulhar no mar.<\/p>\n<p>\u2014 U\u00e9, mas e os tubar\u00f5es?<\/p>\n<p>\u2014 Vamos, vamos! Discutir com gente assim n\u00e3o vale a saliva de um papagaio.<\/p>\n","protected":false},"excerpt":{"rendered":"<p>E l\u00e1 estavam aqueles dois querendo entrar nas mornas \u00e1guas da extremidade sul da praia de Boa Viagem, a despeito de tantas placas alertando sobre o enorme risco de ser atacado por tubar\u00f5es. Pior que eles, al\u00e9m de n\u00e3o estarem nem a\u00ed para os avisos, ainda resolveram tirar onda com o salva-vidas, que se encontrava [&hellip;]<\/p>\n","protected":false},"author":2,"featured_media":325781,"comment_status":"closed","ping_status":"closed","sticky":false,"template":"","format":"standard","meta":{"_acf_changed":false,"footnotes":""},"categories":[165,171],"tags":[],"class_list":["post-325780","post","type-post","status-publish","format-standard","has-post-thumbnail","hentry","category-nordeste","category-pernambuco-nordeste"],"acf":[],"_links":{"self":[{"href":"https:\/\/www.notibras.com\/site\/wp-json\/wp\/v2\/posts\/325780","targetHints":{"allow":["GET"]}}],"collection":[{"href":"https:\/\/www.notibras.com\/site\/wp-json\/wp\/v2\/posts"}],"about":[{"href":"https:\/\/www.notibras.com\/site\/wp-json\/wp\/v2\/types\/post"}],"author":[{"embeddable":true,"href":"https:\/\/www.notibras.com\/site\/wp-json\/wp\/v2\/users\/2"}],"replies":[{"embeddable":true,"href":"https:\/\/www.notibras.com\/site\/wp-json\/wp\/v2\/comments?post=325780"}],"version-history":[{"count":1,"href":"https:\/\/www.notibras.com\/site\/wp-json\/wp\/v2\/posts\/325780\/revisions"}],"predecessor-version":[{"id":325782,"href":"https:\/\/www.notibras.com\/site\/wp-json\/wp\/v2\/posts\/325780\/revisions\/325782"}],"wp:featuredmedia":[{"embeddable":true,"href":"https:\/\/www.notibras.com\/site\/wp-json\/wp\/v2\/media\/325781"}],"wp:attachment":[{"href":"https:\/\/www.notibras.com\/site\/wp-json\/wp\/v2\/media?parent=325780"}],"wp:term":[{"taxonomy":"category","embeddable":true,"href":"https:\/\/www.notibras.com\/site\/wp-json\/wp\/v2\/categories?post=325780"},{"taxonomy":"post_tag","embeddable":true,"href":"https:\/\/www.notibras.com\/site\/wp-json\/wp\/v2\/tags?post=325780"}],"curies":[{"name":"wp","href":"https:\/\/api.w.org\/{rel}","templated":true}]}}