{"id":325808,"date":"2024-04-01T10:35:28","date_gmt":"2024-04-01T13:35:28","guid":{"rendered":"https:\/\/www.notibras.com\/site\/?p=325808"},"modified":"2024-04-01T11:40:30","modified_gmt":"2024-04-01T14:40:30","slug":"sobe-para-7-numero-de-mortos-atropelados-em-procissao","status":"publish","type":"post","link":"https:\/\/www.notibras.com\/site\/sobe-para-7-numero-de-mortos-atropelados-em-procissao\/","title":{"rendered":"Sobe para sete mortos atropelados em prociss\u00e3o"},"content":{"rendered":"<p>J\u00e1 s\u00e3o 7 os mortos v\u00edtimas de um acidente no domingo, 31, quando um micro-\u00f4nibus perdeu o freio e atingiu fi\u00e9is que participavam de uma prociss\u00e3o em Jaboat\u00e3o dos Guararapes. Na hora do acidente, que deixou outras 26 pessoas feridas, morreram quatro pessoas. As outras v\u00edtimas perderam a vida em hospitais.<\/p>\n<p>O \u00fanico morto j\u00e1 identificado, segundo informa\u00e7\u00f5es do G1, \u00e9 Edson Maur\u00edcio Barbosa, de 52 anos, que faleceu na Unidade de Pronto-Atendimento do Ibura.<\/p>\n<p>Os outros s\u00e3o um idoso de 75 anos, que n\u00e3o resistiu aos ferimentos durante o atendimento; um idoso de 68 anos, que morreu na UPA da Imbiribeira; quatro mulheres de 21, 51, 53 e 66 anos: duas delas morreram antes de receber atendimento, uma no HR e outra na UPA da Lagoa Encantada, na Cohab.<\/p>\n<p>As outras 26 pessoas socorridas n\u00e3o tiveram os nomes divulgados. Segundo a Secretaria de Sa\u00fade, 11 tiveram alta e 15 continuam internadas em diferentes unidades de sa\u00fade.<\/p>\n","protected":false},"excerpt":{"rendered":"<p>J\u00e1 s\u00e3o 7 os mortos v\u00edtimas de um acidente no domingo, 31, quando um micro-\u00f4nibus perdeu o freio e atingiu fi\u00e9is que participavam de uma prociss\u00e3o em Jaboat\u00e3o dos Guararapes. Na hora do acidente, que deixou outras 26 pessoas feridas, morreram quatro pessoas. As outras v\u00edtimas perderam a vida em hospitais. O \u00fanico morto j\u00e1 [&hellip;]<\/p>\n","protected":false},"author":2,"featured_media":325809,"comment_status":"closed","ping_status":"closed","sticky":false,"template":"","format":"standard","meta":{"_acf_changed":false,"footnotes":""},"categories":[165,171],"tags":[],"class_list":["post-325808","post","type-post","status-publish","format-standard","has-post-thumbnail","hentry","category-nordeste","category-pernambuco-nordeste"],"acf":[],"_links":{"self":[{"href":"https:\/\/www.notibras.com\/site\/wp-json\/wp\/v2\/posts\/325808","targetHints":{"allow":["GET"]}}],"collection":[{"href":"https:\/\/www.notibras.com\/site\/wp-json\/wp\/v2\/posts"}],"about":[{"href":"https:\/\/www.notibras.com\/site\/wp-json\/wp\/v2\/types\/post"}],"author":[{"embeddable":true,"href":"https:\/\/www.notibras.com\/site\/wp-json\/wp\/v2\/users\/2"}],"replies":[{"embeddable":true,"href":"https:\/\/www.notibras.com\/site\/wp-json\/wp\/v2\/comments?post=325808"}],"version-history":[{"count":2,"href":"https:\/\/www.notibras.com\/site\/wp-json\/wp\/v2\/posts\/325808\/revisions"}],"predecessor-version":[{"id":325811,"href":"https:\/\/www.notibras.com\/site\/wp-json\/wp\/v2\/posts\/325808\/revisions\/325811"}],"wp:featuredmedia":[{"embeddable":true,"href":"https:\/\/www.notibras.com\/site\/wp-json\/wp\/v2\/media\/325809"}],"wp:attachment":[{"href":"https:\/\/www.notibras.com\/site\/wp-json\/wp\/v2\/media?parent=325808"}],"wp:term":[{"taxonomy":"category","embeddable":true,"href":"https:\/\/www.notibras.com\/site\/wp-json\/wp\/v2\/categories?post=325808"},{"taxonomy":"post_tag","embeddable":true,"href":"https:\/\/www.notibras.com\/site\/wp-json\/wp\/v2\/tags?post=325808"}],"curies":[{"name":"wp","href":"https:\/\/api.w.org\/{rel}","templated":true}]}}