{"id":325821,"date":"2024-04-01T17:04:56","date_gmt":"2024-04-01T20:04:56","guid":{"rendered":"https:\/\/www.notibras.com\/site\/?p=325821"},"modified":"2024-04-01T17:45:09","modified_gmt":"2024-04-01T20:45:09","slug":"teoria-da-terra-plana-faz-muita-gente-crer-em-holograma","status":"publish","type":"post","link":"https:\/\/www.notibras.com\/site\/teoria-da-terra-plana-faz-muita-gente-crer-em-holograma\/","title":{"rendered":"Teoria da Terra Plana faz muita gente crer em holograma"},"content":{"rendered":"<p>Eu estava na estrada, no trajeto entre as cidades de Juiz de Fora, onde morava, e o Rio de Janeiro, ao volante do meu Fusquinha 63 azul, que era um companheir\u00e3o. Acabara de passar da divisa entre Minas e o Estado do Rio, no Registro do Paraibuna, e ainda tinha um bocado de ch\u00e3o at\u00e9 a Guanabara onde, na manh\u00e3 seguinte, tinha um importante compromisso \u2013 assumir o cargo obtido num concurso p\u00fablico de professor universit\u00e1rio. Fazia muito frio naquela noite. Era domingo, 20 de julho de 1969. E, justamente ali, o cabo do acelerador do Fusca resolveu arrebentar.<\/p>\n<p>Se n\u00e3o fosse um dia t\u00e3o significativo para mim sob o ponto de vista profissional, eu tamb\u00e9m lembraria da data com a mesma precis\u00e3o. Porque, justamente naquela tarde, os astronautas americanos haviam pousado na Lua.<\/p>\n<p>Impedido de seguir viagem at\u00e9 consertar o Fusca, olhei em volta para escolher o melhor lugar de parar. Vi que um pequeno armaz\u00e9m, pr\u00f3ximo das antigas instala\u00e7\u00f5es de troca de animais para as dilig\u00eancias que, no s\u00e9culo anterior, singravam a Estrada Uni\u00e3o e Ind\u00fastria, estava visivelmente aberto, apesar das luzes apagadas. De l\u00e1 de dentro vinha uma luz t\u00eanue e azulada. Sa\u00ed do Fusquinha, abri o cap\u00f4, acelerei tudo que pude no parafuso do carburador com uma chave de fenda que guardava no porta-luvas e, controlando a velocidade do carro com o p\u00e9 na embreagem, manobrei at\u00e9 estacionar bem perto da porta do armaz\u00e9m.<\/p>\n<p>O pequeno motor 1200, gritando alto, rompeu o sil\u00eancio daquela noite fria, fazendo com que dois senhores sa\u00edssem \u00e0 porta para ver o que acontecia. Logo perceberam que eu passava por algum problema mec\u00e2nico e vieram perguntar se eu precisava de algo. Agradeci e disse que precisava apenas de um local um pouco mais iluminado para trocar o cabo do acelerador, que havia rompido.<\/p>\n<p>Um deles, ent\u00e3o, me disse: \u201centre aqui um pouco, estamos vendo o rep\u00f3rter contar sobre o pouso na Lua pela televis\u00e3o. Vou lhe emprestar uma lanterna\u201d.<\/p>\n<p>Ao entrar no humilde armaz\u00e9m, vi alguns cidad\u00e3os locais de olhos compenetrados na pequena TV sobre uma das prateleiras do estabelecimento. Eles viam e ouviam atentos, naquele escuro quebrado pela luz emanada do aparelho, Hilton Gomes descrevendo o \u201cgrande passo para a humanidade\u201d. O propriet\u00e1rio do local havia desligado as luzes para que a imagem vinda de longe fosse melhor visualizada. A transmiss\u00e3o era prec\u00e1ria naqueles tempos, a tela do aparelho era pequena, mas dava para ver muito bem.<\/p>\n<p>O rep\u00f3rter narrava enquanto uma sucess\u00e3o de imagens ia sendo exibida. Os astronautas haviam pousado no sat\u00e9lite natural fazia poucas horas.<\/p>\n<p>Estava no armaz\u00e9m aguardando o empr\u00e9stimo da providencial lanterna, tendo pegado no porta-malas a caixa de ferramentas e o cabo de acelerador sobressalente que sempre levava comigo, e estudava a melhor posi\u00e7\u00e3o para realizar o r\u00e1pido reparo quando resolvi dar tamb\u00e9m aten\u00e7\u00e3o ao que se passava na tela. O simp\u00e1tico dono do armaz\u00e9m viera trazer a lanterna, mas eu permaneci ali. Confesso que me interessei mais pelo sil\u00eancio e pelo fasc\u00ednio com que os circundantes viam, hipnotizados, o notici\u00e1rio, do que pelo evento hist\u00f3rico em si naquele momento. Havia algo de tenso e circunspecto no ar.<\/p>\n<p>Afinal, a reportagem se encerrou e a programa\u00e7\u00e3o do canal prosseguiu quando ouvi a seguinte conversa entre tr\u00eas homens de meia idade acercados do balc\u00e3o:<\/p>\n<p>\u2013 Isso certamente \u00e9 tudo mentira. Nosso Senhor n\u00e3o permitiria que o homem fosse \u00e0 Lua. Seria o fim do mundo!<\/p>\n<p>\u2013 Claro que \u00e9 mentira. Mas \u00e9 porque n\u00e3o tem recurso pra isso. Olhei no c\u00e9u ainda agorinha. \u00c9 lua nova, como \u00e9 que eles acertaram pousar t\u00e3o longe na lua nova? Isso \u00e9 filme de cinema.<\/p>\n<p>\u2013 Eu acredito. Fizeram o telefone, o avi\u00e3o, a bomba H&#8230; Foguete \u00e9 o neg\u00f3cio mais f\u00e1cil depois disso tudo. Em dez anos haver\u00e1 col\u00f4nias na Lua, com casas para a gente morar, criar animais&#8230; Os russos est\u00e3o plantando verdura na Lua! Voc\u00eas v\u00e3o ver.<\/p>\n<p>Jamais esqueci do di\u00e1logo entre esses homens. O interesse na cena me fez passar no lugar mais tempo do que o necess\u00e1rio. O armaz\u00e9m servindo como ponto de encontro, provavelmente o \u00fanico local das redondezas com uma televis\u00e3o, aquela gente humilde reunida, interessad\u00edssima em coisas que se passavam (ou n\u00e3o) num c\u00e9u distante e imagin\u00e1rio, ainda que fortemente ligadas ao real, \u00e0 terra, ao ch\u00e3o. E eu ali, absorvido por minha vidinha profissional e t\u00e3o burguesa rec\u00e9m come\u00e7ada, me sentindo o mais insignificante dos seres humanos no meu Fusca, cheio de planos para o futuro, enquanto os seres humanos venciam as dist\u00e2ncias entre as superf\u00edcies terrestre e lunar. Fitei o c\u00e9u, respirei num longo hausto o cheiro frio e suave da noite silenciosa. Ali perto estava o velho Paraibuna em seu leito. Suas \u00e1guas passavam mansas. Pensei se teria um lugar nesta vida. E quando.<\/p>\n<p>Terminada a observa\u00e7\u00e3o, usei da lanterna gentilmente emprestada e, em pouco mais de 25 minutos de trabalho, substitu\u00ed o cabo arrebentado do acelerador do carro pelo reserva. Fiz os ajustes necess\u00e1rios e, ap\u00f3s devolver a lanterna, j\u00e1 estava pronto para partir, n\u00e3o sem antes comprar cigarros e beber uma Coca-Cola. O resto da viagem foi absolutamente tranquilo, tendo chegado ao meu destino em perfeita seguran\u00e7a.<\/p>\n<p>Muitos anos se passaram e eu sempre lembro desse epis\u00f3dio remoto. Hoje em dia, a BR-040, via principal entre Juiz de Fora e o Rio, passa ao largo desse trecho, fazendo com que o local n\u00e3o esteja mais na rotina dos viajantes. Aposentado, continuo fazendo periodicamente a mesma viagem, pois constru\u00ed minha vida no Rio, mas nunca abandonei por completo a cidade natal. H\u00e1 muito tempo que o Fusquinha 63 n\u00e3o frequenta mais a paisagem, sequer tenho conhecimento se ele ainda existe, tantos anos faz que o vendi.<\/p>\n<p>Mas, estando h\u00e1 coisa de um m\u00eas em contato com alguns velhos amigos numa festa de anivers\u00e1rio, chegando por acaso ao assunto dessas reminisc\u00eancias, ouvi deles que os incr\u00e9dulos acerca das miss\u00f5es espaciais est\u00e3o cada dia em maior n\u00famero. H\u00e1 tamb\u00e9m os que juram de p\u00e9s juntos que nosso planeta \u00e9 plano, cercado por uma muralha de gelo e coberto por um intranspon\u00edvel domo. E est\u00e3o cheios de argumentos que, segundo suas cren\u00e7as, s\u00e3o irrefut\u00e1veis. Gravidade? Seria um conceito mentiroso porque, se existisse de fato, as aves sequer conseguiriam al\u00e7ar voo \u2013 afinal, estariam presas \u00e0 Terra da mesma forma que a massa de \u00e1gua dos oceanos. Mais ainda: se existisse gravidade, as nuvens n\u00e3o estariam na atmosfera, soltas, mas achatadas, pr\u00f3ximas \u00e0 superf\u00edcie do planeta.<\/p>\n<p>Dias depois, fui apresentado, noutro ambiente, a dois jovens aparentando a mesma idade que eu mesmo tinha naquela long\u00ednqua noite fria e lunar de julho, que me falavam das pretens\u00f5es de seguir carreira como professores universit\u00e1rios. Disse-lhes que era uma excelente escolha, e que o Brasil precisa de bons professores e bons cientistas, em v\u00e1rias \u00e1reas do conhecimento, para que n\u00e3o se fique por a\u00ed repetindo bobagens em geral, compartilhando-as no territ\u00f3rio livre da internet e espalhando imbecilidades. Comentei com eles sobre as teorias da Terra plana e dos que n\u00e3o d\u00e3o cr\u00e9dito \u00e0s miss\u00f5es do homem na Lua.<\/p>\n<p>Foi quando um deles, com um semblante visivelmente surpreso e s\u00e9rio, me chama no canto e me diz, \u00e0 meia voz, como a revelar um horr\u00edvel segredo:<\/p>\n<p>\u2013 Professor, nem me diga! Passei anos vendo que era in\u00fatil me manifestar contra a ida do homem \u00e0 Lua. Hoje prefiro abordar o tema de uma maneira diferente, mas lidando sempre com a verdade. O fato, professor, \u00e9 que sequer existe a lua. Aquilo que vemos no c\u00e9u nada mais \u00e9 que um holograma.<\/p>\n","protected":false},"excerpt":{"rendered":"<p>Eu estava na estrada, no trajeto entre as cidades de Juiz de Fora, onde morava, e o Rio de Janeiro, ao volante do meu Fusquinha 63 azul, que era um companheir\u00e3o. Acabara de passar da divisa entre Minas e o Estado do Rio, no Registro do Paraibuna, e ainda tinha um bocado de ch\u00e3o at\u00e9 [&hellip;]<\/p>\n","protected":false},"author":2,"featured_media":325822,"comment_status":"closed","ping_status":"closed","sticky":false,"template":"","format":"standard","meta":{"_acf_changed":false,"footnotes":""},"categories":[161],"tags":[],"class_list":["post-325821","post","type-post","status-publish","format-standard","has-post-thumbnail","hentry","category-quadradinho-em-foco"],"acf":[],"yoast_head":"<!-- This site is optimized with the Yoast SEO plugin v27.5 - https:\/\/yoast.com\/product\/yoast-seo-wordpress\/ -->\n<title>Teoria da Terra Plana faz muita gente crer em holograma - Notibras<\/title>\n<meta name=\"robots\" content=\"index, follow, max-snippet:-1, max-image-preview:large, max-video-preview:-1\" \/>\n<link rel=\"canonical\" href=\"https:\/\/www.notibras.com\/site\/teoria-da-terra-plana-faz-muita-gente-crer-em-holograma\/\" \/>\n<meta property=\"og:locale\" content=\"pt_BR\" \/>\n<meta property=\"og:type\" content=\"article\" \/>\n<meta property=\"og:title\" content=\"Teoria da Terra Plana faz muita gente crer em holograma - Notibras\" \/>\n<meta property=\"og:description\" content=\"Eu estava na estrada, no trajeto entre as cidades de Juiz de Fora, onde morava, e o Rio de Janeiro, ao volante do meu Fusquinha 63 azul, que era um companheir\u00e3o. Acabara de passar da divisa entre Minas e o Estado do Rio, no Registro do Paraibuna, e ainda tinha um bocado de ch\u00e3o at\u00e9 [&hellip;]\" \/>\n<meta property=\"og:url\" content=\"https:\/\/www.notibras.com\/site\/teoria-da-terra-plana-faz-muita-gente-crer-em-holograma\/\" \/>\n<meta property=\"og:site_name\" content=\"Notibras\" \/>\n<meta property=\"article:publisher\" content=\"https:\/\/www.facebook.com\/notibras\/\" \/>\n<meta property=\"article:published_time\" content=\"2024-04-01T20:04:56+00:00\" \/>\n<meta property=\"article:modified_time\" content=\"2024-04-01T20:45:09+00:00\" \/>\n<meta property=\"og:image\" content=\"https:\/\/www.notibras.com\/site\/wp-content\/uploads\/2024\/04\/e0d10e05-d8cd-4898-8076-2ba7df53e992.jpeg\" \/>\n\t<meta property=\"og:image:width\" content=\"1024\" \/>\n\t<meta property=\"og:image:height\" content=\"1024\" \/>\n\t<meta property=\"og:image:type\" content=\"image\/jpeg\" \/>\n<meta name=\"author\" content=\"Reda\u00e7\u00e3o\" \/>\n<meta name=\"twitter:card\" content=\"summary_large_image\" \/>\n<meta name=\"twitter:creator\" content=\"@Notibras\" \/>\n<meta name=\"twitter:site\" content=\"@Notibras\" \/>\n<meta name=\"twitter:label1\" content=\"Escrito por\" \/>\n\t<meta name=\"twitter:data1\" content=\"Reda\u00e7\u00e3o\" \/>\n\t<meta name=\"twitter:label2\" content=\"Est. tempo de leitura\" \/>\n\t<meta name=\"twitter:data2\" content=\"8 minutos\" \/>\n<script type=\"application\/ld+json\" class=\"yoast-schema-graph\">{\"@context\":\"https:\\\/\\\/schema.org\",\"@graph\":[{\"@type\":\"Article\",\"@id\":\"https:\\\/\\\/www.notibras.com\\\/site\\\/teoria-da-terra-plana-faz-muita-gente-crer-em-holograma\\\/#article\",\"isPartOf\":{\"@id\":\"https:\\\/\\\/www.notibras.com\\\/site\\\/teoria-da-terra-plana-faz-muita-gente-crer-em-holograma\\\/\"},\"author\":{\"name\":\"Reda\u00e7\u00e3o\",\"@id\":\"https:\\\/\\\/www.notibras.com\\\/site\\\/#\\\/schema\\\/person\\\/36ab0979449956132d3e5b517ea76ac8\"},\"headline\":\"Teoria da Terra Plana faz muita gente crer em holograma\",\"datePublished\":\"2024-04-01T20:04:56+00:00\",\"dateModified\":\"2024-04-01T20:45:09+00:00\",\"mainEntityOfPage\":{\"@id\":\"https:\\\/\\\/www.notibras.com\\\/site\\\/teoria-da-terra-plana-faz-muita-gente-crer-em-holograma\\\/\"},\"wordCount\":1350,\"publisher\":{\"@id\":\"https:\\\/\\\/www.notibras.com\\\/site\\\/#organization\"},\"image\":{\"@id\":\"https:\\\/\\\/www.notibras.com\\\/site\\\/teoria-da-terra-plana-faz-muita-gente-crer-em-holograma\\\/#primaryimage\"},\"thumbnailUrl\":\"https:\\\/\\\/www.notibras.com\\\/site\\\/wp-content\\\/uploads\\\/2024\\\/04\\\/e0d10e05-d8cd-4898-8076-2ba7df53e992.jpeg\",\"articleSection\":[\"Quadradinho em Foco\"],\"inLanguage\":\"pt-BR\"},{\"@type\":\"WebPage\",\"@id\":\"https:\\\/\\\/www.notibras.com\\\/site\\\/teoria-da-terra-plana-faz-muita-gente-crer-em-holograma\\\/\",\"url\":\"https:\\\/\\\/www.notibras.com\\\/site\\\/teoria-da-terra-plana-faz-muita-gente-crer-em-holograma\\\/\",\"name\":\"Teoria da Terra Plana faz muita gente crer em holograma - Notibras\",\"isPartOf\":{\"@id\":\"https:\\\/\\\/www.notibras.com\\\/site\\\/#website\"},\"primaryImageOfPage\":{\"@id\":\"https:\\\/\\\/www.notibras.com\\\/site\\\/teoria-da-terra-plana-faz-muita-gente-crer-em-holograma\\\/#primaryimage\"},\"image\":{\"@id\":\"https:\\\/\\\/www.notibras.com\\\/site\\\/teoria-da-terra-plana-faz-muita-gente-crer-em-holograma\\\/#primaryimage\"},\"thumbnailUrl\":\"https:\\\/\\\/www.notibras.com\\\/site\\\/wp-content\\\/uploads\\\/2024\\\/04\\\/e0d10e05-d8cd-4898-8076-2ba7df53e992.jpeg\",\"datePublished\":\"2024-04-01T20:04:56+00:00\",\"dateModified\":\"2024-04-01T20:45:09+00:00\",\"breadcrumb\":{\"@id\":\"https:\\\/\\\/www.notibras.com\\\/site\\\/teoria-da-terra-plana-faz-muita-gente-crer-em-holograma\\\/#breadcrumb\"},\"inLanguage\":\"pt-BR\",\"potentialAction\":[{\"@type\":\"ReadAction\",\"target\":[\"https:\\\/\\\/www.notibras.com\\\/site\\\/teoria-da-terra-plana-faz-muita-gente-crer-em-holograma\\\/\"]}]},{\"@type\":\"ImageObject\",\"inLanguage\":\"pt-BR\",\"@id\":\"https:\\\/\\\/www.notibras.com\\\/site\\\/teoria-da-terra-plana-faz-muita-gente-crer-em-holograma\\\/#primaryimage\",\"url\":\"https:\\\/\\\/www.notibras.com\\\/site\\\/wp-content\\\/uploads\\\/2024\\\/04\\\/e0d10e05-d8cd-4898-8076-2ba7df53e992.jpeg\",\"contentUrl\":\"https:\\\/\\\/www.notibras.com\\\/site\\\/wp-content\\\/uploads\\\/2024\\\/04\\\/e0d10e05-d8cd-4898-8076-2ba7df53e992.jpeg\",\"width\":1024,\"height\":1024},{\"@type\":\"BreadcrumbList\",\"@id\":\"https:\\\/\\\/www.notibras.com\\\/site\\\/teoria-da-terra-plana-faz-muita-gente-crer-em-holograma\\\/#breadcrumb\",\"itemListElement\":[{\"@type\":\"ListItem\",\"position\":1,\"name\":\"In\u00edcio\",\"item\":\"https:\\\/\\\/www.notibras.com\\\/site\\\/\"},{\"@type\":\"ListItem\",\"position\":2,\"name\":\"Teoria da Terra Plana faz muita gente crer em holograma\"}]},{\"@type\":\"WebSite\",\"@id\":\"https:\\\/\\\/www.notibras.com\\\/site\\\/#website\",\"url\":\"https:\\\/\\\/www.notibras.com\\\/site\\\/\",\"name\":\"Notibras\",\"description\":\"Not\u00edcias de Bras\u00edlia, do Brasil e do Mundo\",\"publisher\":{\"@id\":\"https:\\\/\\\/www.notibras.com\\\/site\\\/#organization\"},\"potentialAction\":[{\"@type\":\"SearchAction\",\"target\":{\"@type\":\"EntryPoint\",\"urlTemplate\":\"https:\\\/\\\/www.notibras.com\\\/site\\\/?s={search_term_string}\"},\"query-input\":{\"@type\":\"PropertyValueSpecification\",\"valueRequired\":true,\"valueName\":\"search_term_string\"}}],\"inLanguage\":\"pt-BR\"},{\"@type\":\"Organization\",\"@id\":\"https:\\\/\\\/www.notibras.com\\\/site\\\/#organization\",\"name\":\"Grupo Notibras de Comunica\u00e7\u00e3o\",\"url\":\"https:\\\/\\\/www.notibras.com\\\/site\\\/\",\"logo\":{\"@type\":\"ImageObject\",\"inLanguage\":\"pt-BR\",\"@id\":\"https:\\\/\\\/www.notibras.com\\\/site\\\/#\\\/schema\\\/logo\\\/image\\\/\",\"url\":\"https:\\\/\\\/www.notibras.com\\\/site\\\/wp-content\\\/uploads\\\/2023\\\/01\\\/notibras23.png\",\"contentUrl\":\"https:\\\/\\\/www.notibras.com\\\/site\\\/wp-content\\\/uploads\\\/2023\\\/01\\\/notibras23.png\",\"width\":350,\"height\":87,\"caption\":\"Grupo Notibras de Comunica\u00e7\u00e3o\"},\"image\":{\"@id\":\"https:\\\/\\\/www.notibras.com\\\/site\\\/#\\\/schema\\\/logo\\\/image\\\/\"},\"sameAs\":[\"https:\\\/\\\/www.facebook.com\\\/notibras\\\/\",\"https:\\\/\\\/x.com\\\/Notibras\",\"https:\\\/\\\/www.instagram.com\\\/notibras\\\/\"]},{\"@type\":\"Person\",\"@id\":\"https:\\\/\\\/www.notibras.com\\\/site\\\/#\\\/schema\\\/person\\\/36ab0979449956132d3e5b517ea76ac8\",\"name\":\"Reda\u00e7\u00e3o\",\"image\":{\"@type\":\"ImageObject\",\"inLanguage\":\"pt-BR\",\"@id\":\"https:\\\/\\\/secure.gravatar.com\\\/avatar\\\/e0a867bdedb85fd243eadf09663511f96fc81e0720a4a42581f334ad4303aa6b?s=96&d=mm&r=g\",\"url\":\"https:\\\/\\\/secure.gravatar.com\\\/avatar\\\/e0a867bdedb85fd243eadf09663511f96fc81e0720a4a42581f334ad4303aa6b?s=96&d=mm&r=g\",\"contentUrl\":\"https:\\\/\\\/secure.gravatar.com\\\/avatar\\\/e0a867bdedb85fd243eadf09663511f96fc81e0720a4a42581f334ad4303aa6b?s=96&d=mm&r=g\",\"caption\":\"Reda\u00e7\u00e3o\"}}]}<\/script>\n<!-- \/ Yoast SEO plugin. -->","yoast_head_json":{"title":"Teoria da Terra Plana faz muita gente crer em holograma - Notibras","robots":{"index":"index","follow":"follow","max-snippet":"max-snippet:-1","max-image-preview":"max-image-preview:large","max-video-preview":"max-video-preview:-1"},"canonical":"https:\/\/www.notibras.com\/site\/teoria-da-terra-plana-faz-muita-gente-crer-em-holograma\/","og_locale":"pt_BR","og_type":"article","og_title":"Teoria da Terra Plana faz muita gente crer em holograma - Notibras","og_description":"Eu estava na estrada, no trajeto entre as cidades de Juiz de Fora, onde morava, e o Rio de Janeiro, ao volante do meu Fusquinha 63 azul, que era um companheir\u00e3o. Acabara de passar da divisa entre Minas e o Estado do Rio, no Registro do Paraibuna, e ainda tinha um bocado de ch\u00e3o at\u00e9 [&hellip;]","og_url":"https:\/\/www.notibras.com\/site\/teoria-da-terra-plana-faz-muita-gente-crer-em-holograma\/","og_site_name":"Notibras","article_publisher":"https:\/\/www.facebook.com\/notibras\/","article_published_time":"2024-04-01T20:04:56+00:00","article_modified_time":"2024-04-01T20:45:09+00:00","og_image":[{"width":1024,"height":1024,"url":"https:\/\/www.notibras.com\/site\/wp-content\/uploads\/2024\/04\/e0d10e05-d8cd-4898-8076-2ba7df53e992.jpeg","type":"image\/jpeg"}],"author":"Reda\u00e7\u00e3o","twitter_card":"summary_large_image","twitter_creator":"@Notibras","twitter_site":"@Notibras","twitter_misc":{"Escrito por":"Reda\u00e7\u00e3o","Est. tempo de leitura":"8 minutos"},"schema":{"@context":"https:\/\/schema.org","@graph":[{"@type":"Article","@id":"https:\/\/www.notibras.com\/site\/teoria-da-terra-plana-faz-muita-gente-crer-em-holograma\/#article","isPartOf":{"@id":"https:\/\/www.notibras.com\/site\/teoria-da-terra-plana-faz-muita-gente-crer-em-holograma\/"},"author":{"name":"Reda\u00e7\u00e3o","@id":"https:\/\/www.notibras.com\/site\/#\/schema\/person\/36ab0979449956132d3e5b517ea76ac8"},"headline":"Teoria da Terra Plana faz muita gente crer em holograma","datePublished":"2024-04-01T20:04:56+00:00","dateModified":"2024-04-01T20:45:09+00:00","mainEntityOfPage":{"@id":"https:\/\/www.notibras.com\/site\/teoria-da-terra-plana-faz-muita-gente-crer-em-holograma\/"},"wordCount":1350,"publisher":{"@id":"https:\/\/www.notibras.com\/site\/#organization"},"image":{"@id":"https:\/\/www.notibras.com\/site\/teoria-da-terra-plana-faz-muita-gente-crer-em-holograma\/#primaryimage"},"thumbnailUrl":"https:\/\/www.notibras.com\/site\/wp-content\/uploads\/2024\/04\/e0d10e05-d8cd-4898-8076-2ba7df53e992.jpeg","articleSection":["Quadradinho em Foco"],"inLanguage":"pt-BR"},{"@type":"WebPage","@id":"https:\/\/www.notibras.com\/site\/teoria-da-terra-plana-faz-muita-gente-crer-em-holograma\/","url":"https:\/\/www.notibras.com\/site\/teoria-da-terra-plana-faz-muita-gente-crer-em-holograma\/","name":"Teoria da Terra Plana faz muita gente crer em holograma - Notibras","isPartOf":{"@id":"https:\/\/www.notibras.com\/site\/#website"},"primaryImageOfPage":{"@id":"https:\/\/www.notibras.com\/site\/teoria-da-terra-plana-faz-muita-gente-crer-em-holograma\/#primaryimage"},"image":{"@id":"https:\/\/www.notibras.com\/site\/teoria-da-terra-plana-faz-muita-gente-crer-em-holograma\/#primaryimage"},"thumbnailUrl":"https:\/\/www.notibras.com\/site\/wp-content\/uploads\/2024\/04\/e0d10e05-d8cd-4898-8076-2ba7df53e992.jpeg","datePublished":"2024-04-01T20:04:56+00:00","dateModified":"2024-04-01T20:45:09+00:00","breadcrumb":{"@id":"https:\/\/www.notibras.com\/site\/teoria-da-terra-plana-faz-muita-gente-crer-em-holograma\/#breadcrumb"},"inLanguage":"pt-BR","potentialAction":[{"@type":"ReadAction","target":["https:\/\/www.notibras.com\/site\/teoria-da-terra-plana-faz-muita-gente-crer-em-holograma\/"]}]},{"@type":"ImageObject","inLanguage":"pt-BR","@id":"https:\/\/www.notibras.com\/site\/teoria-da-terra-plana-faz-muita-gente-crer-em-holograma\/#primaryimage","url":"https:\/\/www.notibras.com\/site\/wp-content\/uploads\/2024\/04\/e0d10e05-d8cd-4898-8076-2ba7df53e992.jpeg","contentUrl":"https:\/\/www.notibras.com\/site\/wp-content\/uploads\/2024\/04\/e0d10e05-d8cd-4898-8076-2ba7df53e992.jpeg","width":1024,"height":1024},{"@type":"BreadcrumbList","@id":"https:\/\/www.notibras.com\/site\/teoria-da-terra-plana-faz-muita-gente-crer-em-holograma\/#breadcrumb","itemListElement":[{"@type":"ListItem","position":1,"name":"In\u00edcio","item":"https:\/\/www.notibras.com\/site\/"},{"@type":"ListItem","position":2,"name":"Teoria da Terra Plana faz muita gente crer em holograma"}]},{"@type":"WebSite","@id":"https:\/\/www.notibras.com\/site\/#website","url":"https:\/\/www.notibras.com\/site\/","name":"Notibras","description":"Not\u00edcias de Bras\u00edlia, do Brasil e do Mundo","publisher":{"@id":"https:\/\/www.notibras.com\/site\/#organization"},"potentialAction":[{"@type":"SearchAction","target":{"@type":"EntryPoint","urlTemplate":"https:\/\/www.notibras.com\/site\/?s={search_term_string}"},"query-input":{"@type":"PropertyValueSpecification","valueRequired":true,"valueName":"search_term_string"}}],"inLanguage":"pt-BR"},{"@type":"Organization","@id":"https:\/\/www.notibras.com\/site\/#organization","name":"Grupo Notibras de Comunica\u00e7\u00e3o","url":"https:\/\/www.notibras.com\/site\/","logo":{"@type":"ImageObject","inLanguage":"pt-BR","@id":"https:\/\/www.notibras.com\/site\/#\/schema\/logo\/image\/","url":"https:\/\/www.notibras.com\/site\/wp-content\/uploads\/2023\/01\/notibras23.png","contentUrl":"https:\/\/www.notibras.com\/site\/wp-content\/uploads\/2023\/01\/notibras23.png","width":350,"height":87,"caption":"Grupo Notibras de Comunica\u00e7\u00e3o"},"image":{"@id":"https:\/\/www.notibras.com\/site\/#\/schema\/logo\/image\/"},"sameAs":["https:\/\/www.facebook.com\/notibras\/","https:\/\/x.com\/Notibras","https:\/\/www.instagram.com\/notibras\/"]},{"@type":"Person","@id":"https:\/\/www.notibras.com\/site\/#\/schema\/person\/36ab0979449956132d3e5b517ea76ac8","name":"Reda\u00e7\u00e3o","image":{"@type":"ImageObject","inLanguage":"pt-BR","@id":"https:\/\/secure.gravatar.com\/avatar\/e0a867bdedb85fd243eadf09663511f96fc81e0720a4a42581f334ad4303aa6b?s=96&d=mm&r=g","url":"https:\/\/secure.gravatar.com\/avatar\/e0a867bdedb85fd243eadf09663511f96fc81e0720a4a42581f334ad4303aa6b?s=96&d=mm&r=g","contentUrl":"https:\/\/secure.gravatar.com\/avatar\/e0a867bdedb85fd243eadf09663511f96fc81e0720a4a42581f334ad4303aa6b?s=96&d=mm&r=g","caption":"Reda\u00e7\u00e3o"}}]}},"amp_enabled":true,"_links":{"self":[{"href":"https:\/\/www.notibras.com\/site\/wp-json\/wp\/v2\/posts\/325821","targetHints":{"allow":["GET"]}}],"collection":[{"href":"https:\/\/www.notibras.com\/site\/wp-json\/wp\/v2\/posts"}],"about":[{"href":"https:\/\/www.notibras.com\/site\/wp-json\/wp\/v2\/types\/post"}],"author":[{"embeddable":true,"href":"https:\/\/www.notibras.com\/site\/wp-json\/wp\/v2\/users\/2"}],"replies":[{"embeddable":true,"href":"https:\/\/www.notibras.com\/site\/wp-json\/wp\/v2\/comments?post=325821"}],"version-history":[{"count":1,"href":"https:\/\/www.notibras.com\/site\/wp-json\/wp\/v2\/posts\/325821\/revisions"}],"predecessor-version":[{"id":325823,"href":"https:\/\/www.notibras.com\/site\/wp-json\/wp\/v2\/posts\/325821\/revisions\/325823"}],"wp:featuredmedia":[{"embeddable":true,"href":"https:\/\/www.notibras.com\/site\/wp-json\/wp\/v2\/media\/325822"}],"wp:attachment":[{"href":"https:\/\/www.notibras.com\/site\/wp-json\/wp\/v2\/media?parent=325821"}],"wp:term":[{"taxonomy":"category","embeddable":true,"href":"https:\/\/www.notibras.com\/site\/wp-json\/wp\/v2\/categories?post=325821"},{"taxonomy":"post_tag","embeddable":true,"href":"https:\/\/www.notibras.com\/site\/wp-json\/wp\/v2\/tags?post=325821"}],"curies":[{"name":"wp","href":"https:\/\/api.w.org\/{rel}","templated":true}]}}