{"id":325885,"date":"2024-04-02T00:00:27","date_gmt":"2024-04-02T03:00:27","guid":{"rendered":"https:\/\/www.notibras.com\/site\/?p=325885"},"modified":"2024-04-02T05:34:40","modified_gmt":"2024-04-02T08:34:40","slug":"alimentacao-equilibrada-previne-muitas-doencas-cronicas","status":"publish","type":"post","link":"https:\/\/www.notibras.com\/site\/alimentacao-equilibrada-previne-muitas-doencas-cronicas\/","title":{"rendered":"Alimenta\u00e7\u00e3o equilibrada previne muitas doen\u00e7as cr\u00f4nicas"},"content":{"rendered":"<p>Celebrado no \u00faltimo domingo (31), o Dia Nacional da Sa\u00fade e Nutri\u00e7\u00e3o ressalta a import\u00e2ncia de uma alimenta\u00e7\u00e3o equilibrada para promover a sa\u00fade, contribuindo para a preven\u00e7\u00e3o de doen\u00e7as cr\u00f4nicas n\u00e3o transmiss\u00edveis, como diabetes, hipertens\u00e3o, doen\u00e7as cardiovasculares e c\u00e2ncer.<\/p>\n<p>Para desenvolver a\u00e7\u00f5es estrat\u00e9gicas de alimenta\u00e7\u00e3o e de nutri\u00e7\u00e3o no DF, a Secretaria de Sa\u00fade (SES-DF) planeja as a\u00e7\u00f5es por meio dos planos distritais de Promo\u00e7\u00e3o da Sa\u00fade, de Seguran\u00e7a Alimentar e Nutricional e de Enfrentamento das Doen\u00e7as Cr\u00f4nicas n\u00e3o Transmiss\u00edveis. Nas unidades b\u00e1sicas de sa\u00fade (UBSs), essas e outras a\u00e7\u00f5es s\u00e3o desenvolvidas por meio de grupos de h\u00e1bitos de vida saud\u00e1veis.<\/p>\n<p>\u201cNo contexto das UBSs, os nutricionistas ancoram suas atividades na educa\u00e7\u00e3o alimentar e nutricional, incluindo atendimentos coletivos e individuais\u201d, resume a gerente de Servi\u00e7os de Nutri\u00e7\u00e3o da secretaria, Carolina Gama. \u201cAl\u00e9m disso, h\u00e1 a\u00e7\u00f5es intersetoriais desenvolvidas em parceria com outras secretarias, a exemplo do F\u00f3rum Distrital de Promo\u00e7\u00e3o da Alimenta\u00e7\u00e3o Adequada e Saud\u00e1vel nas Escolas da rede de ensino do DF.\u201d<\/p>\n<p>Qualidade e quantidade s\u00e3o fatores que devem ser levados em considera\u00e7\u00e3o, atenta a nutricionista: \u201cA nutri\u00e7\u00e3o \u00e9 essencial para o funcionamento do corpo, e a seguran\u00e7a alimentar e nutricional, que envolve tanto o acesso a alimentos em quantidade suficiente quanto em qualidade adequada, \u00e9 fundamental para a promo\u00e7\u00e3o da sa\u00fade\u201d.<\/p>\n<p><strong>Cuidados com a alimenta\u00e7\u00e3o<\/strong><br \/>\n\u201cQue teu alimento seja teu rem\u00e9dio e que teu rem\u00e9dio seja teu alimento\u201d. Essa frase, proferida por Hip\u00f3crates, considerado o pai da medicina, reflete a import\u00e2ncia da nutri\u00e7\u00e3o como um dos principais pilares da sa\u00fade. Uma alimenta\u00e7\u00e3o equilibrada desempenha um papel fundamental na preven\u00e7\u00e3o e tratamento de doen\u00e7as, influenciando diretamente o bem-estar f\u00edsico e mental.<\/p>\n<p>Contudo, pesquisas t\u00eam demonstrado que a popula\u00e7\u00e3o brasileira continua a fazer escolhas alimentares inadequadas, com um aumento no consumo de alimentos ultraprocessados, especialmente entre os adolescentes, e uma diminui\u00e7\u00e3o no consumo de alimentos tradicionais da cultura alimentar do pa\u00eds, como arroz e feij\u00e3o.<\/p>\n<p>\u201cA nutri\u00e7\u00e3o \u00e9 essencial para o funcionamento do corpo, e a seguran\u00e7a alimentar e nutricional, que envolve tanto o acesso a alimentos em quantidade suficiente quanto em qualidade adequada, \u00e9 fundamental para a promo\u00e7\u00e3o da sa\u00fade\u201d, afirma a gerente de Servi\u00e7os de Nutri\u00e7\u00e3o da Secretaria de Sa\u00fade (SES-DF), Carolina Gama.<\/p>\n<p>Segundo o boletim informativo da SES-DF sobre o perfil nutricional e de consumo alimentar da popula\u00e7\u00e3o assistida pela Aten\u00e7\u00e3o Prim\u00e1ria \u00e0 Sa\u00fade (APS) do DF, em 2022, 83% dos adolescentes acompanhados consumiram alimentos ultraprocessados, enquanto 68% consumiram bebidas ado\u00e7adas.<\/p>\n<p>Al\u00e9m disso, 41% ingeriram macarr\u00e3o instant\u00e2neo, salgadinhos de pacote ou biscoitos salgados, e 55% consumiram biscoitos recheados, doces ou guloseimas. Outra observa\u00e7\u00e3o apurada \u00e9 o percentual crescente de crian\u00e7as que, a partir dos 2 anos at\u00e9 a adolesc\u00eancia, apresentaram excesso de peso.<\/p>\n<p>Com hist\u00f3rico familiar de obesidade, a estudante Maysa Vieira, 15, costumava se alimentar de frituras, doces e fast food, at\u00e9 que, h\u00e1 um ano, decidiu mudar seus h\u00e1bitos. A jovem recebe acompanhamento nutricional na UBS 4 da Estrutural e, desde ent\u00e3o, tem percebido benef\u00edcios.<\/p>\n<p>\u201c\u2060Comecei a comer mais salada, arroz, feij\u00e3o e legumes\u201d, conta. \u201cPerdi peso, me sinto mais disposta para fazer as coisas, durmo melhor e n\u00e3o sinto mais vontade de comer por impulso. Al\u00e9m disso, percebi muitas mudan\u00e7as positivas no meu corpo e minha autoestima est\u00e1 melhor.\u201d<\/p>\n<p>A nutricionista da SES-DF explica que uma alimenta\u00e7\u00e3o \u00e9 considerada saud\u00e1vel quando \u00e9 composta por alimentos naturais ou minimamente processados. \u201cA alimenta\u00e7\u00e3o saud\u00e1vel inclui frutas, legumes, verduras, carnes, ovos, gr\u00e3os e castanhas, livre de alimentos ultraprocessados e industrializados, que cont\u00eam corantes, conservantes e ado\u00e7antes, al\u00e9m de serem ricos em s\u00f3dio, gordura e a\u00e7\u00facar\u201d.<\/p>\n<p>Veja abaixo recomenda\u00e7\u00f5es para ter uma alimenta\u00e7\u00e3o equilibrada e h\u00e1bitos saud\u00e1veis:<\/p>\n<p>\u2022 \u00c9 essencial mudar o prato: menos alimentos industrializados e mais alimentos naturais;<\/p>\n<p>\u2022 Evitar o consumo de alimentos ricos em calorias, gordurosos e salgados;<\/p>\n<p>\u2022 Aumentar o consumo de frutas, verduras e legumes, cereais integrais e feij\u00f5es;<\/p>\n<p>\u2022 Beber bastante \u00e1gua;<\/p>\n<p>\u2022 Reduzir ou evitar o consumo de bebidas alco\u00f3licas e o uso do cigarro;<\/p>\n<p>\u2022 Fazer exames preventivos e consultar o m\u00e9dico periodicamente;<\/p>\n<p>\u2022 Praticar exerc\u00edcios f\u00edsicos regulares, diariamente ou pelo menos tr\u00eas vezes por semana ap\u00f3s avalia\u00e7\u00e3o m\u00e9dica;<\/p>\n<p>\u2022 Dormir pelo menos 8 horas num per\u00edodo de 24 horas.<\/p>\n","protected":false},"excerpt":{"rendered":"<p>Celebrado no \u00faltimo domingo (31), o Dia Nacional da Sa\u00fade e Nutri\u00e7\u00e3o ressalta a import\u00e2ncia de uma alimenta\u00e7\u00e3o equilibrada para promover a sa\u00fade, contribuindo para a preven\u00e7\u00e3o de doen\u00e7as cr\u00f4nicas n\u00e3o transmiss\u00edveis, como diabetes, hipertens\u00e3o, doen\u00e7as cardiovasculares e c\u00e2ncer. Para desenvolver a\u00e7\u00f5es estrat\u00e9gicas de alimenta\u00e7\u00e3o e de nutri\u00e7\u00e3o no DF, a Secretaria de Sa\u00fade (SES-DF) [&hellip;]<\/p>\n","protected":false},"author":2,"featured_media":325886,"comment_status":"closed","ping_status":"closed","sticky":false,"template":"","format":"standard","meta":{"_acf_changed":false,"footnotes":""},"categories":[161],"tags":[],"class_list":["post-325885","post","type-post","status-publish","format-standard","has-post-thumbnail","hentry","category-quadradinho-em-foco"],"acf":[],"yoast_head":"<!-- This site is optimized with the Yoast SEO plugin v27.5 - https:\/\/yoast.com\/product\/yoast-seo-wordpress\/ -->\n<title>Alimenta\u00e7\u00e3o equilibrada previne muitas doen\u00e7as cr\u00f4nicas - Notibras<\/title>\n<meta name=\"robots\" content=\"index, follow, max-snippet:-1, max-image-preview:large, max-video-preview:-1\" \/>\n<link rel=\"canonical\" href=\"https:\/\/www.notibras.com\/site\/alimentacao-equilibrada-previne-muitas-doencas-cronicas\/\" \/>\n<meta property=\"og:locale\" content=\"pt_BR\" \/>\n<meta property=\"og:type\" content=\"article\" \/>\n<meta property=\"og:title\" content=\"Alimenta\u00e7\u00e3o equilibrada previne muitas doen\u00e7as cr\u00f4nicas - Notibras\" \/>\n<meta property=\"og:description\" content=\"Celebrado no \u00faltimo domingo (31), o Dia Nacional da Sa\u00fade e Nutri\u00e7\u00e3o ressalta a import\u00e2ncia de uma alimenta\u00e7\u00e3o equilibrada para promover a sa\u00fade, contribuindo para a preven\u00e7\u00e3o de doen\u00e7as cr\u00f4nicas n\u00e3o transmiss\u00edveis, como diabetes, hipertens\u00e3o, doen\u00e7as cardiovasculares e c\u00e2ncer. Para desenvolver a\u00e7\u00f5es estrat\u00e9gicas de alimenta\u00e7\u00e3o e de nutri\u00e7\u00e3o no DF, a Secretaria de Sa\u00fade (SES-DF) [&hellip;]\" \/>\n<meta property=\"og:url\" content=\"https:\/\/www.notibras.com\/site\/alimentacao-equilibrada-previne-muitas-doencas-cronicas\/\" \/>\n<meta property=\"og:site_name\" content=\"Notibras\" \/>\n<meta property=\"article:publisher\" content=\"https:\/\/www.facebook.com\/notibras\/\" \/>\n<meta property=\"article:published_time\" content=\"2024-04-02T03:00:27+00:00\" \/>\n<meta property=\"article:modified_time\" content=\"2024-04-02T08:34:40+00:00\" \/>\n<meta property=\"og:image\" content=\"https:\/\/www.notibras.com\/site\/wp-content\/uploads\/2024\/04\/Foto_Karinne_Viana_Agencia_Saude-DF_1-1536x1152-1.jpg\" \/>\n\t<meta property=\"og:image:width\" content=\"1536\" \/>\n\t<meta property=\"og:image:height\" content=\"1152\" \/>\n\t<meta property=\"og:image:type\" content=\"image\/jpeg\" \/>\n<meta name=\"author\" content=\"Reda\u00e7\u00e3o\" \/>\n<meta name=\"twitter:card\" content=\"summary_large_image\" \/>\n<meta name=\"twitter:creator\" content=\"@Notibras\" \/>\n<meta name=\"twitter:site\" content=\"@Notibras\" \/>\n<meta name=\"twitter:label1\" content=\"Escrito por\" \/>\n\t<meta name=\"twitter:data1\" content=\"Reda\u00e7\u00e3o\" \/>\n\t<meta name=\"twitter:label2\" content=\"Est. tempo de leitura\" \/>\n\t<meta name=\"twitter:data2\" content=\"5 minutos\" \/>\n<script type=\"application\/ld+json\" class=\"yoast-schema-graph\">{\"@context\":\"https:\\\/\\\/schema.org\",\"@graph\":[{\"@type\":\"Article\",\"@id\":\"https:\\\/\\\/www.notibras.com\\\/site\\\/alimentacao-equilibrada-previne-muitas-doencas-cronicas\\\/#article\",\"isPartOf\":{\"@id\":\"https:\\\/\\\/www.notibras.com\\\/site\\\/alimentacao-equilibrada-previne-muitas-doencas-cronicas\\\/\"},\"author\":{\"name\":\"Reda\u00e7\u00e3o\",\"@id\":\"https:\\\/\\\/www.notibras.com\\\/site\\\/#\\\/schema\\\/person\\\/36ab0979449956132d3e5b517ea76ac8\"},\"headline\":\"Alimenta\u00e7\u00e3o equilibrada previne muitas doen\u00e7as cr\u00f4nicas\",\"datePublished\":\"2024-04-02T03:00:27+00:00\",\"dateModified\":\"2024-04-02T08:34:40+00:00\",\"mainEntityOfPage\":{\"@id\":\"https:\\\/\\\/www.notibras.com\\\/site\\\/alimentacao-equilibrada-previne-muitas-doencas-cronicas\\\/\"},\"wordCount\":784,\"publisher\":{\"@id\":\"https:\\\/\\\/www.notibras.com\\\/site\\\/#organization\"},\"image\":{\"@id\":\"https:\\\/\\\/www.notibras.com\\\/site\\\/alimentacao-equilibrada-previne-muitas-doencas-cronicas\\\/#primaryimage\"},\"thumbnailUrl\":\"https:\\\/\\\/www.notibras.com\\\/site\\\/wp-content\\\/uploads\\\/2024\\\/04\\\/Foto_Karinne_Viana_Agencia_Saude-DF_1-1536x1152-1.jpg\",\"articleSection\":[\"Quadradinho em Foco\"],\"inLanguage\":\"pt-BR\"},{\"@type\":\"WebPage\",\"@id\":\"https:\\\/\\\/www.notibras.com\\\/site\\\/alimentacao-equilibrada-previne-muitas-doencas-cronicas\\\/\",\"url\":\"https:\\\/\\\/www.notibras.com\\\/site\\\/alimentacao-equilibrada-previne-muitas-doencas-cronicas\\\/\",\"name\":\"Alimenta\u00e7\u00e3o equilibrada previne muitas doen\u00e7as cr\u00f4nicas - Notibras\",\"isPartOf\":{\"@id\":\"https:\\\/\\\/www.notibras.com\\\/site\\\/#website\"},\"primaryImageOfPage\":{\"@id\":\"https:\\\/\\\/www.notibras.com\\\/site\\\/alimentacao-equilibrada-previne-muitas-doencas-cronicas\\\/#primaryimage\"},\"image\":{\"@id\":\"https:\\\/\\\/www.notibras.com\\\/site\\\/alimentacao-equilibrada-previne-muitas-doencas-cronicas\\\/#primaryimage\"},\"thumbnailUrl\":\"https:\\\/\\\/www.notibras.com\\\/site\\\/wp-content\\\/uploads\\\/2024\\\/04\\\/Foto_Karinne_Viana_Agencia_Saude-DF_1-1536x1152-1.jpg\",\"datePublished\":\"2024-04-02T03:00:27+00:00\",\"dateModified\":\"2024-04-02T08:34:40+00:00\",\"breadcrumb\":{\"@id\":\"https:\\\/\\\/www.notibras.com\\\/site\\\/alimentacao-equilibrada-previne-muitas-doencas-cronicas\\\/#breadcrumb\"},\"inLanguage\":\"pt-BR\",\"potentialAction\":[{\"@type\":\"ReadAction\",\"target\":[\"https:\\\/\\\/www.notibras.com\\\/site\\\/alimentacao-equilibrada-previne-muitas-doencas-cronicas\\\/\"]}]},{\"@type\":\"ImageObject\",\"inLanguage\":\"pt-BR\",\"@id\":\"https:\\\/\\\/www.notibras.com\\\/site\\\/alimentacao-equilibrada-previne-muitas-doencas-cronicas\\\/#primaryimage\",\"url\":\"https:\\\/\\\/www.notibras.com\\\/site\\\/wp-content\\\/uploads\\\/2024\\\/04\\\/Foto_Karinne_Viana_Agencia_Saude-DF_1-1536x1152-1.jpg\",\"contentUrl\":\"https:\\\/\\\/www.notibras.com\\\/site\\\/wp-content\\\/uploads\\\/2024\\\/04\\\/Foto_Karinne_Viana_Agencia_Saude-DF_1-1536x1152-1.jpg\",\"width\":1536,\"height\":1152},{\"@type\":\"BreadcrumbList\",\"@id\":\"https:\\\/\\\/www.notibras.com\\\/site\\\/alimentacao-equilibrada-previne-muitas-doencas-cronicas\\\/#breadcrumb\",\"itemListElement\":[{\"@type\":\"ListItem\",\"position\":1,\"name\":\"In\u00edcio\",\"item\":\"https:\\\/\\\/www.notibras.com\\\/site\\\/\"},{\"@type\":\"ListItem\",\"position\":2,\"name\":\"Alimenta\u00e7\u00e3o equilibrada previne muitas doen\u00e7as cr\u00f4nicas\"}]},{\"@type\":\"WebSite\",\"@id\":\"https:\\\/\\\/www.notibras.com\\\/site\\\/#website\",\"url\":\"https:\\\/\\\/www.notibras.com\\\/site\\\/\",\"name\":\"Notibras\",\"description\":\"Not\u00edcias de Bras\u00edlia, do Brasil e do Mundo\",\"publisher\":{\"@id\":\"https:\\\/\\\/www.notibras.com\\\/site\\\/#organization\"},\"potentialAction\":[{\"@type\":\"SearchAction\",\"target\":{\"@type\":\"EntryPoint\",\"urlTemplate\":\"https:\\\/\\\/www.notibras.com\\\/site\\\/?s={search_term_string}\"},\"query-input\":{\"@type\":\"PropertyValueSpecification\",\"valueRequired\":true,\"valueName\":\"search_term_string\"}}],\"inLanguage\":\"pt-BR\"},{\"@type\":\"Organization\",\"@id\":\"https:\\\/\\\/www.notibras.com\\\/site\\\/#organization\",\"name\":\"Grupo Notibras de Comunica\u00e7\u00e3o\",\"url\":\"https:\\\/\\\/www.notibras.com\\\/site\\\/\",\"logo\":{\"@type\":\"ImageObject\",\"inLanguage\":\"pt-BR\",\"@id\":\"https:\\\/\\\/www.notibras.com\\\/site\\\/#\\\/schema\\\/logo\\\/image\\\/\",\"url\":\"https:\\\/\\\/www.notibras.com\\\/site\\\/wp-content\\\/uploads\\\/2023\\\/01\\\/notibras23.png\",\"contentUrl\":\"https:\\\/\\\/www.notibras.com\\\/site\\\/wp-content\\\/uploads\\\/2023\\\/01\\\/notibras23.png\",\"width\":350,\"height\":87,\"caption\":\"Grupo Notibras de Comunica\u00e7\u00e3o\"},\"image\":{\"@id\":\"https:\\\/\\\/www.notibras.com\\\/site\\\/#\\\/schema\\\/logo\\\/image\\\/\"},\"sameAs\":[\"https:\\\/\\\/www.facebook.com\\\/notibras\\\/\",\"https:\\\/\\\/x.com\\\/Notibras\",\"https:\\\/\\\/www.instagram.com\\\/notibras\\\/\"]},{\"@type\":\"Person\",\"@id\":\"https:\\\/\\\/www.notibras.com\\\/site\\\/#\\\/schema\\\/person\\\/36ab0979449956132d3e5b517ea76ac8\",\"name\":\"Reda\u00e7\u00e3o\",\"image\":{\"@type\":\"ImageObject\",\"inLanguage\":\"pt-BR\",\"@id\":\"https:\\\/\\\/secure.gravatar.com\\\/avatar\\\/e0a867bdedb85fd243eadf09663511f96fc81e0720a4a42581f334ad4303aa6b?s=96&d=mm&r=g\",\"url\":\"https:\\\/\\\/secure.gravatar.com\\\/avatar\\\/e0a867bdedb85fd243eadf09663511f96fc81e0720a4a42581f334ad4303aa6b?s=96&d=mm&r=g\",\"contentUrl\":\"https:\\\/\\\/secure.gravatar.com\\\/avatar\\\/e0a867bdedb85fd243eadf09663511f96fc81e0720a4a42581f334ad4303aa6b?s=96&d=mm&r=g\",\"caption\":\"Reda\u00e7\u00e3o\"}}]}<\/script>\n<!-- \/ Yoast SEO plugin. -->","yoast_head_json":{"title":"Alimenta\u00e7\u00e3o equilibrada previne muitas doen\u00e7as cr\u00f4nicas - Notibras","robots":{"index":"index","follow":"follow","max-snippet":"max-snippet:-1","max-image-preview":"max-image-preview:large","max-video-preview":"max-video-preview:-1"},"canonical":"https:\/\/www.notibras.com\/site\/alimentacao-equilibrada-previne-muitas-doencas-cronicas\/","og_locale":"pt_BR","og_type":"article","og_title":"Alimenta\u00e7\u00e3o equilibrada previne muitas doen\u00e7as cr\u00f4nicas - Notibras","og_description":"Celebrado no \u00faltimo domingo (31), o Dia Nacional da Sa\u00fade e Nutri\u00e7\u00e3o ressalta a import\u00e2ncia de uma alimenta\u00e7\u00e3o equilibrada para promover a sa\u00fade, contribuindo para a preven\u00e7\u00e3o de doen\u00e7as cr\u00f4nicas n\u00e3o transmiss\u00edveis, como diabetes, hipertens\u00e3o, doen\u00e7as cardiovasculares e c\u00e2ncer. Para desenvolver a\u00e7\u00f5es estrat\u00e9gicas de alimenta\u00e7\u00e3o e de nutri\u00e7\u00e3o no DF, a Secretaria de Sa\u00fade (SES-DF) [&hellip;]","og_url":"https:\/\/www.notibras.com\/site\/alimentacao-equilibrada-previne-muitas-doencas-cronicas\/","og_site_name":"Notibras","article_publisher":"https:\/\/www.facebook.com\/notibras\/","article_published_time":"2024-04-02T03:00:27+00:00","article_modified_time":"2024-04-02T08:34:40+00:00","og_image":[{"width":1536,"height":1152,"url":"https:\/\/www.notibras.com\/site\/wp-content\/uploads\/2024\/04\/Foto_Karinne_Viana_Agencia_Saude-DF_1-1536x1152-1.jpg","type":"image\/jpeg"}],"author":"Reda\u00e7\u00e3o","twitter_card":"summary_large_image","twitter_creator":"@Notibras","twitter_site":"@Notibras","twitter_misc":{"Escrito por":"Reda\u00e7\u00e3o","Est. tempo de leitura":"5 minutos"},"schema":{"@context":"https:\/\/schema.org","@graph":[{"@type":"Article","@id":"https:\/\/www.notibras.com\/site\/alimentacao-equilibrada-previne-muitas-doencas-cronicas\/#article","isPartOf":{"@id":"https:\/\/www.notibras.com\/site\/alimentacao-equilibrada-previne-muitas-doencas-cronicas\/"},"author":{"name":"Reda\u00e7\u00e3o","@id":"https:\/\/www.notibras.com\/site\/#\/schema\/person\/36ab0979449956132d3e5b517ea76ac8"},"headline":"Alimenta\u00e7\u00e3o equilibrada previne muitas doen\u00e7as cr\u00f4nicas","datePublished":"2024-04-02T03:00:27+00:00","dateModified":"2024-04-02T08:34:40+00:00","mainEntityOfPage":{"@id":"https:\/\/www.notibras.com\/site\/alimentacao-equilibrada-previne-muitas-doencas-cronicas\/"},"wordCount":784,"publisher":{"@id":"https:\/\/www.notibras.com\/site\/#organization"},"image":{"@id":"https:\/\/www.notibras.com\/site\/alimentacao-equilibrada-previne-muitas-doencas-cronicas\/#primaryimage"},"thumbnailUrl":"https:\/\/www.notibras.com\/site\/wp-content\/uploads\/2024\/04\/Foto_Karinne_Viana_Agencia_Saude-DF_1-1536x1152-1.jpg","articleSection":["Quadradinho em Foco"],"inLanguage":"pt-BR"},{"@type":"WebPage","@id":"https:\/\/www.notibras.com\/site\/alimentacao-equilibrada-previne-muitas-doencas-cronicas\/","url":"https:\/\/www.notibras.com\/site\/alimentacao-equilibrada-previne-muitas-doencas-cronicas\/","name":"Alimenta\u00e7\u00e3o equilibrada previne muitas doen\u00e7as cr\u00f4nicas - Notibras","isPartOf":{"@id":"https:\/\/www.notibras.com\/site\/#website"},"primaryImageOfPage":{"@id":"https:\/\/www.notibras.com\/site\/alimentacao-equilibrada-previne-muitas-doencas-cronicas\/#primaryimage"},"image":{"@id":"https:\/\/www.notibras.com\/site\/alimentacao-equilibrada-previne-muitas-doencas-cronicas\/#primaryimage"},"thumbnailUrl":"https:\/\/www.notibras.com\/site\/wp-content\/uploads\/2024\/04\/Foto_Karinne_Viana_Agencia_Saude-DF_1-1536x1152-1.jpg","datePublished":"2024-04-02T03:00:27+00:00","dateModified":"2024-04-02T08:34:40+00:00","breadcrumb":{"@id":"https:\/\/www.notibras.com\/site\/alimentacao-equilibrada-previne-muitas-doencas-cronicas\/#breadcrumb"},"inLanguage":"pt-BR","potentialAction":[{"@type":"ReadAction","target":["https:\/\/www.notibras.com\/site\/alimentacao-equilibrada-previne-muitas-doencas-cronicas\/"]}]},{"@type":"ImageObject","inLanguage":"pt-BR","@id":"https:\/\/www.notibras.com\/site\/alimentacao-equilibrada-previne-muitas-doencas-cronicas\/#primaryimage","url":"https:\/\/www.notibras.com\/site\/wp-content\/uploads\/2024\/04\/Foto_Karinne_Viana_Agencia_Saude-DF_1-1536x1152-1.jpg","contentUrl":"https:\/\/www.notibras.com\/site\/wp-content\/uploads\/2024\/04\/Foto_Karinne_Viana_Agencia_Saude-DF_1-1536x1152-1.jpg","width":1536,"height":1152},{"@type":"BreadcrumbList","@id":"https:\/\/www.notibras.com\/site\/alimentacao-equilibrada-previne-muitas-doencas-cronicas\/#breadcrumb","itemListElement":[{"@type":"ListItem","position":1,"name":"In\u00edcio","item":"https:\/\/www.notibras.com\/site\/"},{"@type":"ListItem","position":2,"name":"Alimenta\u00e7\u00e3o equilibrada previne muitas doen\u00e7as cr\u00f4nicas"}]},{"@type":"WebSite","@id":"https:\/\/www.notibras.com\/site\/#website","url":"https:\/\/www.notibras.com\/site\/","name":"Notibras","description":"Not\u00edcias de Bras\u00edlia, do Brasil e do Mundo","publisher":{"@id":"https:\/\/www.notibras.com\/site\/#organization"},"potentialAction":[{"@type":"SearchAction","target":{"@type":"EntryPoint","urlTemplate":"https:\/\/www.notibras.com\/site\/?s={search_term_string}"},"query-input":{"@type":"PropertyValueSpecification","valueRequired":true,"valueName":"search_term_string"}}],"inLanguage":"pt-BR"},{"@type":"Organization","@id":"https:\/\/www.notibras.com\/site\/#organization","name":"Grupo Notibras de Comunica\u00e7\u00e3o","url":"https:\/\/www.notibras.com\/site\/","logo":{"@type":"ImageObject","inLanguage":"pt-BR","@id":"https:\/\/www.notibras.com\/site\/#\/schema\/logo\/image\/","url":"https:\/\/www.notibras.com\/site\/wp-content\/uploads\/2023\/01\/notibras23.png","contentUrl":"https:\/\/www.notibras.com\/site\/wp-content\/uploads\/2023\/01\/notibras23.png","width":350,"height":87,"caption":"Grupo Notibras de Comunica\u00e7\u00e3o"},"image":{"@id":"https:\/\/www.notibras.com\/site\/#\/schema\/logo\/image\/"},"sameAs":["https:\/\/www.facebook.com\/notibras\/","https:\/\/x.com\/Notibras","https:\/\/www.instagram.com\/notibras\/"]},{"@type":"Person","@id":"https:\/\/www.notibras.com\/site\/#\/schema\/person\/36ab0979449956132d3e5b517ea76ac8","name":"Reda\u00e7\u00e3o","image":{"@type":"ImageObject","inLanguage":"pt-BR","@id":"https:\/\/secure.gravatar.com\/avatar\/e0a867bdedb85fd243eadf09663511f96fc81e0720a4a42581f334ad4303aa6b?s=96&d=mm&r=g","url":"https:\/\/secure.gravatar.com\/avatar\/e0a867bdedb85fd243eadf09663511f96fc81e0720a4a42581f334ad4303aa6b?s=96&d=mm&r=g","contentUrl":"https:\/\/secure.gravatar.com\/avatar\/e0a867bdedb85fd243eadf09663511f96fc81e0720a4a42581f334ad4303aa6b?s=96&d=mm&r=g","caption":"Reda\u00e7\u00e3o"}}]}},"amp_enabled":true,"_links":{"self":[{"href":"https:\/\/www.notibras.com\/site\/wp-json\/wp\/v2\/posts\/325885","targetHints":{"allow":["GET"]}}],"collection":[{"href":"https:\/\/www.notibras.com\/site\/wp-json\/wp\/v2\/posts"}],"about":[{"href":"https:\/\/www.notibras.com\/site\/wp-json\/wp\/v2\/types\/post"}],"author":[{"embeddable":true,"href":"https:\/\/www.notibras.com\/site\/wp-json\/wp\/v2\/users\/2"}],"replies":[{"embeddable":true,"href":"https:\/\/www.notibras.com\/site\/wp-json\/wp\/v2\/comments?post=325885"}],"version-history":[{"count":1,"href":"https:\/\/www.notibras.com\/site\/wp-json\/wp\/v2\/posts\/325885\/revisions"}],"predecessor-version":[{"id":325887,"href":"https:\/\/www.notibras.com\/site\/wp-json\/wp\/v2\/posts\/325885\/revisions\/325887"}],"wp:featuredmedia":[{"embeddable":true,"href":"https:\/\/www.notibras.com\/site\/wp-json\/wp\/v2\/media\/325886"}],"wp:attachment":[{"href":"https:\/\/www.notibras.com\/site\/wp-json\/wp\/v2\/media?parent=325885"}],"wp:term":[{"taxonomy":"category","embeddable":true,"href":"https:\/\/www.notibras.com\/site\/wp-json\/wp\/v2\/categories?post=325885"},{"taxonomy":"post_tag","embeddable":true,"href":"https:\/\/www.notibras.com\/site\/wp-json\/wp\/v2\/tags?post=325885"}],"curies":[{"name":"wp","href":"https:\/\/api.w.org\/{rel}","templated":true}]}}