{"id":325888,"date":"2024-04-02T00:43:37","date_gmt":"2024-04-02T03:43:37","guid":{"rendered":"https:\/\/www.notibras.com\/site\/?p=325888"},"modified":"2024-04-02T05:46:50","modified_gmt":"2024-04-02T08:46:50","slug":"equipes-trabalham-na-montagem-de-tendas-no-guara-planaltina-e-gama","status":"publish","type":"post","link":"https:\/\/www.notibras.com\/site\/equipes-trabalham-na-montagem-de-tendas-no-guara-planaltina-e-gama\/","title":{"rendered":"Equipes trabalham na montagem de tendas no Guar\u00e1, Planaltina e Gama"},"content":{"rendered":"<p>O governo iniciou nesta segunda-feira (1\u00ba), a instala\u00e7\u00e3o das novas tendas de acolhimento dos pacientes com dengue nas regi\u00f5es administrativas (RAs) do Guar\u00e1 e de Planaltina. As estruturas atuar\u00e3o como hospitais de campanha, pr\u00f3ximos a unidades de sa\u00fade, como hospitais, unidades de pronto-atendimento (UPAs) e UBSs. A estrutura localizada no Gama teve a montagem iniciada no \u00faltimo domingo (31).<\/p>\n<p>Gama, Guar\u00e1 e Planaltina est\u00e3o entre as cidades contempladas com a chegada das 11 novas instala\u00e7\u00f5es. Com a medida, em breve, a popula\u00e7\u00e3o da capital federal passar\u00e1 a contar com 20 tendas exclusivas para atendimento dos casos suspeitos da doen\u00e7a.<\/p>\n<p>A amplia\u00e7\u00e3o da oferta de atendimento especializado faz parte das medidas emergenciais adotadas pelo GDF no enfrentamento \u00e0 epidemia de dengue. O objetivo \u00e9 proporcionar consultas mais \u00e1geis aos pacientes, desafogando as UBSs que s\u00e3o as principais portas de entrada para os casos suspeitos da doen\u00e7a na rede p\u00fablica de sa\u00fade.<\/p>\n<p>De acordo com a coordenadora de Aten\u00e7\u00e3o Prim\u00e1ria \u00e0 Sa\u00fade da Secretaria de Sa\u00fade, Sandra Ara\u00fajo de Fran\u00e7a, as novas tendas ter\u00e3o a capacidade para atender at\u00e9 150 pacientes di\u00e1rios a depender da rotatividade de cada unidade.<\/p>\n<p>\u201cA iniciativa busca aliviar a sobrecarga enfrentada por hospitais e unidades de sa\u00fade, direcionando recursos de forma mais eficaz para o tratamento de casos mais graves\u201d, explica. \u201cAs tendas de hidrata\u00e7\u00e3o n\u00e3o apenas oferecem assist\u00eancia imediata aos pacientes afetados pela dengue, mas tamb\u00e9m desempenham um papel significativo no gerenciamento da crise de sa\u00fade p\u00fablica, garantindo uma resposta mais eficaz e completa \u00e0s necessidades da popula\u00e7\u00e3o\u201d, completa a gestora.<\/p>\n<p>O engenheiro Israel Ferreira, da SES-DF, explica que as tendas ter\u00e3o \u00e1rea equivalente a 350 m\u00b2. \u201cElas s\u00e3o completas, contemplando desde a triagem inicial, aos pontos de hidrata\u00e7\u00e3o, sala vermelha para emerg\u00eancias, laborat\u00f3rio para coletas e exames instant\u00e2neos\u201d, detalha. \u201cO objetivo \u00e9 viabilizar o atendimento de todas as fases dos quadros cl\u00ednicos dos pacientes\u201d, acrescenta o servidor.<\/p>\n<p><strong>Estrutura<\/strong><br \/>\nPela manh\u00e3, no estacionamento da UBS 1 do Guar\u00e1, a empresa contratada pelo GDF deu in\u00edcio \u00e0 montagem das estruturas met\u00e1licas que servir\u00e3o como base para as tendas. Os toldos de revestimento tamb\u00e9m foram instalados. Eles dar\u00e3o a prote\u00e7\u00e3o necess\u00e1ria aos pacientes e profissionais de sa\u00fade que utilizar\u00e3o esses espa\u00e7os.<\/p>\n<p>No per\u00edodo da tarde, as equipes ficaram por conta da regi\u00e3o de Planaltina, a estrutura foi montada no estacionamento do Hospital Regional da cidade, que tamb\u00e9m \u00e9 pr\u00f3ximo \u00e0 UBS. O subsecret\u00e1rio de infraestrutura em Sa\u00fade, Leon\u00eddio Neto, acompanhou o passo a passo das montagens dos postos de atendimento. \u201cEstamos monitorando essas instala\u00e7\u00f5es com a empresa contratada acompanhando todo o processo e esperamos que elas auxiliem no atendimento \u00e0 popula\u00e7\u00e3o\u201d, destaca o gestor.<\/p>\n<p>Nos pr\u00f3ximos dias, os locais receber\u00e3o uma s\u00e9rie de ajustes e instala\u00e7\u00f5es para garantir o pleno funcionamento das unidades de atendimento. Entre as etapas previstas est\u00e3o a implanta\u00e7\u00e3o do piso elevado, das divis\u00f3rias para os consult\u00f3rios, a coloca\u00e7\u00e3o de mobili\u00e1rio adequado e a incorpora\u00e7\u00e3o de equipamentos essenciais, incluindo os aparelhos de ar-condicionado para a climatiza\u00e7\u00e3o do ambiente.<\/p>\n<p>A gerente da UBS 1 do Guar\u00e1, Rosineide Antunes, afirma que a estrutura ir\u00e1 desafogar os atendimentos na unidade. \u201cEstamos sobrecarregados em raz\u00e3o do aumento dos casos de dengue. Trata-se de uma ajuda muito bem-vinda, em um momento em que os casos seguem em alta\u201d, afirma.<\/p>\n<p>O posto de sa\u00fade est\u00e1 entre os equipamentos p\u00fablicos que abrem tamb\u00e9m aos finais de semana. \u201cAtualmente, s\u00f3 no final de semana, a gente atende por volta de 150 a 200 pacientes por dia. Esses atendimentos ser\u00e3o absorvidos pela tenda\u201d, explica a gerente.<\/p>\n<p>Para a aposentada Maria Helena da Cruz Chagas, de 72 anos, as instala\u00e7\u00f5es chegam em boa hora. \u201cVai melhorar o atendimento, vai ficar mais r\u00e1pido\u201d, avalia. Moradora do Guar\u00e1, a idosa est\u00e1 entre os brasilienses que pegaram a doen\u00e7a este ano. \u201cA dengue assustou muita gente. Eu tive e foi muito cr\u00edtico\u201d.<\/p>\n<p>A tamb\u00e9m aposentada Maria das Neves, 71, endossa a fala. \u201cA gente estava precisando dessa estrutura. Essa iniciativa \u00e9 muito boa para ver se essa epidemia de dengue vai embora logo\u201d, diz.<\/p>\n<p><strong>Atendimento<\/strong><br \/>\nO atendimento dos pacientes ser\u00e1 feito por uma equipe selecionada pelo vencedor do edital de chamamento p\u00fablico para a forma\u00e7\u00e3o do conv\u00eanio. Al\u00e9m de uma equipe pr\u00f3pria, a institui\u00e7\u00e3o respons\u00e1vel fornece toda a parte estrutural, al\u00e9m de insumos e medicamentos.<\/p>\n<p>Cada tenda ter\u00e1 um coordenador, tr\u00eas m\u00e9dicos (entre esses, um pediatra), um enfermeiro, dois t\u00e9cnicos de enfermagem, dois t\u00e9cnicos de laborat\u00f3rio, um especialista em laborat\u00f3rio (biom\u00e9dico ou farmac\u00eautico bioqu\u00edmico), dois apoios administrativos, um farmac\u00eautico, pessoal de limpeza e pessoal de seguran\u00e7a.<\/p>\n<p>Ser\u00e3o oito tendas com atendimento di\u00e1rio das 7h \u00e0s 19h no Plano Piloto, Vicente Pires, Varj\u00e3o, Taguatinga, Planaltina, \u00c1guas Claras, Ceil\u00e2ndia e Samambaia. Outras tr\u00eas funcionar\u00e3o 24 horas no Gama, Guar\u00e1 e Parano\u00e1.<\/p>\n<p>Desde o in\u00edcio do ano, o DF j\u00e1 conta com nove tendas de hidrata\u00e7\u00e3o, espalhadas por v\u00e1rias regi\u00f5es do DF: Sol Nascente, Brazl\u00e2ndia, Ceil\u00e2ndia, Estrutural, Recanto das Emas, Samambaia, Santa Maria, S\u00e3o Sebasti\u00e3o e Sobradinho. Como suporte \u00e0 assist\u00eancia nas UBSs, entre 20 de janeiro e o dia 14 deste m\u00eas, os espa\u00e7os atenderam mais de 63 mil pacientes, uma m\u00e9dia de 1,2 mil por dia.<\/p>\n<p>Confira onde ser\u00e3o instaladas as novas tendas de acolhimento a pacientes com sintomas de dengue:<\/p>\n<p><strong>Com funcionamento 24h<\/strong><br \/>\n\u2192 Gama: estacionamento do Hospital Regional do Gama (HRG)<br \/>\n\u2192 Guar\u00e1: em frente \u00e0 UBS 1<br \/>\n\u2192 Parano\u00e1: estacionamento do Hospital da Regi\u00e3o Leste<\/p>\n<p><strong>Com funcionamento di\u00e1rio, das 7h \u00e0s 19h<\/strong><br \/>\n\u2192 Plano Piloto: estacionamento do Hospital Regional da Asa Norte (Hran)<br \/>\n\u2192 Vicente Pires: estacionamento da Unidade de Pronto Atendimento (UPA)<br \/>\n\u2192 Varj\u00e3o: atr\u00e1s da UBS 1<br \/>\n\u2192 Taguatinga: estacionamento do ambulat\u00f3rio do Hospital Regional de Taguatinga (HRT)<br \/>\n\u2192 Planaltina: estacionamento do Hospital Regional de Planaltina (HRP)<br \/>\n\u2192 \u00c1guas Claras: estacionamento da UBS 1 do Areal<br \/>\n\u2192 Ceil\u00e2ndia: estacionamento do Hospital Regional de Ceil\u00e2ndia (HRC)<br \/>\n\u2192 Samambaia: estacionamento da UBS 7<\/p>\n<p>*Ceil\u00e2ndia e Samambaia, que j\u00e1 contam com uma tenda de atendimento, tamb\u00e9m ser\u00e3o beneficiadas com mais um espa\u00e7o de acolhimento.<\/p>\n","protected":false},"excerpt":{"rendered":"<p>O governo iniciou nesta segunda-feira (1\u00ba), a instala\u00e7\u00e3o das novas tendas de acolhimento dos pacientes com dengue nas regi\u00f5es administrativas (RAs) do Guar\u00e1 e de Planaltina. As estruturas atuar\u00e3o como hospitais de campanha, pr\u00f3ximos a unidades de sa\u00fade, como hospitais, unidades de pronto-atendimento (UPAs) e UBSs. A estrutura localizada no Gama teve a montagem iniciada [&hellip;]<\/p>\n","protected":false},"author":2,"featured_media":325889,"comment_status":"closed","ping_status":"closed","sticky":false,"template":"","format":"standard","meta":{"_acf_changed":false,"footnotes":""},"categories":[161],"tags":[],"class_list":["post-325888","post","type-post","status-publish","format-standard","has-post-thumbnail","hentry","category-quadradinho-em-foco"],"acf":[],"yoast_head":"<!-- This site is optimized with the Yoast SEO plugin v27.5 - https:\/\/yoast.com\/product\/yoast-seo-wordpress\/ -->\n<title>Equipes trabalham na montagem de tendas no Guar\u00e1, Planaltina e Gama - Notibras<\/title>\n<meta name=\"robots\" content=\"index, follow, max-snippet:-1, max-image-preview:large, max-video-preview:-1\" \/>\n<link rel=\"canonical\" href=\"https:\/\/www.notibras.com\/site\/equipes-trabalham-na-montagem-de-tendas-no-guara-planaltina-e-gama\/\" \/>\n<meta property=\"og:locale\" content=\"pt_BR\" \/>\n<meta property=\"og:type\" content=\"article\" \/>\n<meta property=\"og:title\" content=\"Equipes trabalham na montagem de tendas no Guar\u00e1, Planaltina e Gama - Notibras\" \/>\n<meta property=\"og:description\" content=\"O governo iniciou nesta segunda-feira (1\u00ba), a instala\u00e7\u00e3o das novas tendas de acolhimento dos pacientes com dengue nas regi\u00f5es administrativas (RAs) do Guar\u00e1 e de Planaltina. As estruturas atuar\u00e3o como hospitais de campanha, pr\u00f3ximos a unidades de sa\u00fade, como hospitais, unidades de pronto-atendimento (UPAs) e UBSs. A estrutura localizada no Gama teve a montagem iniciada [&hellip;]\" \/>\n<meta property=\"og:url\" content=\"https:\/\/www.notibras.com\/site\/equipes-trabalham-na-montagem-de-tendas-no-guara-planaltina-e-gama\/\" \/>\n<meta property=\"og:site_name\" content=\"Notibras\" \/>\n<meta property=\"article:publisher\" content=\"https:\/\/www.facebook.com\/notibras\/\" \/>\n<meta property=\"article:published_time\" content=\"2024-04-02T03:43:37+00:00\" \/>\n<meta property=\"article:modified_time\" content=\"2024-04-02T08:46:50+00:00\" \/>\n<meta property=\"og:image\" content=\"https:\/\/www.notibras.com\/site\/wp-content\/uploads\/2024\/04\/capa-2.jpg\" \/>\n\t<meta property=\"og:image:width\" content=\"1181\" \/>\n\t<meta property=\"og:image:height\" content=\"787\" \/>\n\t<meta property=\"og:image:type\" content=\"image\/jpeg\" \/>\n<meta name=\"author\" content=\"Reda\u00e7\u00e3o\" \/>\n<meta name=\"twitter:card\" content=\"summary_large_image\" \/>\n<meta name=\"twitter:creator\" content=\"@Notibras\" \/>\n<meta name=\"twitter:site\" content=\"@Notibras\" \/>\n<meta name=\"twitter:label1\" content=\"Escrito por\" \/>\n\t<meta name=\"twitter:data1\" content=\"Reda\u00e7\u00e3o\" \/>\n\t<meta name=\"twitter:label2\" content=\"Est. tempo de leitura\" \/>\n\t<meta name=\"twitter:data2\" content=\"6 minutos\" \/>\n<script type=\"application\/ld+json\" class=\"yoast-schema-graph\">{\"@context\":\"https:\\\/\\\/schema.org\",\"@graph\":[{\"@type\":\"Article\",\"@id\":\"https:\\\/\\\/www.notibras.com\\\/site\\\/equipes-trabalham-na-montagem-de-tendas-no-guara-planaltina-e-gama\\\/#article\",\"isPartOf\":{\"@id\":\"https:\\\/\\\/www.notibras.com\\\/site\\\/equipes-trabalham-na-montagem-de-tendas-no-guara-planaltina-e-gama\\\/\"},\"author\":{\"name\":\"Reda\u00e7\u00e3o\",\"@id\":\"https:\\\/\\\/www.notibras.com\\\/site\\\/#\\\/schema\\\/person\\\/36ab0979449956132d3e5b517ea76ac8\"},\"headline\":\"Equipes trabalham na montagem de tendas no Guar\u00e1, Planaltina e Gama\",\"datePublished\":\"2024-04-02T03:43:37+00:00\",\"dateModified\":\"2024-04-02T08:46:50+00:00\",\"mainEntityOfPage\":{\"@id\":\"https:\\\/\\\/www.notibras.com\\\/site\\\/equipes-trabalham-na-montagem-de-tendas-no-guara-planaltina-e-gama\\\/\"},\"wordCount\":1082,\"publisher\":{\"@id\":\"https:\\\/\\\/www.notibras.com\\\/site\\\/#organization\"},\"image\":{\"@id\":\"https:\\\/\\\/www.notibras.com\\\/site\\\/equipes-trabalham-na-montagem-de-tendas-no-guara-planaltina-e-gama\\\/#primaryimage\"},\"thumbnailUrl\":\"https:\\\/\\\/www.notibras.com\\\/site\\\/wp-content\\\/uploads\\\/2024\\\/04\\\/capa-2.jpg\",\"articleSection\":[\"Quadradinho em Foco\"],\"inLanguage\":\"pt-BR\"},{\"@type\":\"WebPage\",\"@id\":\"https:\\\/\\\/www.notibras.com\\\/site\\\/equipes-trabalham-na-montagem-de-tendas-no-guara-planaltina-e-gama\\\/\",\"url\":\"https:\\\/\\\/www.notibras.com\\\/site\\\/equipes-trabalham-na-montagem-de-tendas-no-guara-planaltina-e-gama\\\/\",\"name\":\"Equipes trabalham na montagem de tendas no Guar\u00e1, Planaltina e Gama - Notibras\",\"isPartOf\":{\"@id\":\"https:\\\/\\\/www.notibras.com\\\/site\\\/#website\"},\"primaryImageOfPage\":{\"@id\":\"https:\\\/\\\/www.notibras.com\\\/site\\\/equipes-trabalham-na-montagem-de-tendas-no-guara-planaltina-e-gama\\\/#primaryimage\"},\"image\":{\"@id\":\"https:\\\/\\\/www.notibras.com\\\/site\\\/equipes-trabalham-na-montagem-de-tendas-no-guara-planaltina-e-gama\\\/#primaryimage\"},\"thumbnailUrl\":\"https:\\\/\\\/www.notibras.com\\\/site\\\/wp-content\\\/uploads\\\/2024\\\/04\\\/capa-2.jpg\",\"datePublished\":\"2024-04-02T03:43:37+00:00\",\"dateModified\":\"2024-04-02T08:46:50+00:00\",\"breadcrumb\":{\"@id\":\"https:\\\/\\\/www.notibras.com\\\/site\\\/equipes-trabalham-na-montagem-de-tendas-no-guara-planaltina-e-gama\\\/#breadcrumb\"},\"inLanguage\":\"pt-BR\",\"potentialAction\":[{\"@type\":\"ReadAction\",\"target\":[\"https:\\\/\\\/www.notibras.com\\\/site\\\/equipes-trabalham-na-montagem-de-tendas-no-guara-planaltina-e-gama\\\/\"]}]},{\"@type\":\"ImageObject\",\"inLanguage\":\"pt-BR\",\"@id\":\"https:\\\/\\\/www.notibras.com\\\/site\\\/equipes-trabalham-na-montagem-de-tendas-no-guara-planaltina-e-gama\\\/#primaryimage\",\"url\":\"https:\\\/\\\/www.notibras.com\\\/site\\\/wp-content\\\/uploads\\\/2024\\\/04\\\/capa-2.jpg\",\"contentUrl\":\"https:\\\/\\\/www.notibras.com\\\/site\\\/wp-content\\\/uploads\\\/2024\\\/04\\\/capa-2.jpg\",\"width\":1181,\"height\":787},{\"@type\":\"BreadcrumbList\",\"@id\":\"https:\\\/\\\/www.notibras.com\\\/site\\\/equipes-trabalham-na-montagem-de-tendas-no-guara-planaltina-e-gama\\\/#breadcrumb\",\"itemListElement\":[{\"@type\":\"ListItem\",\"position\":1,\"name\":\"In\u00edcio\",\"item\":\"https:\\\/\\\/www.notibras.com\\\/site\\\/\"},{\"@type\":\"ListItem\",\"position\":2,\"name\":\"Equipes trabalham na montagem de tendas no Guar\u00e1, Planaltina e Gama\"}]},{\"@type\":\"WebSite\",\"@id\":\"https:\\\/\\\/www.notibras.com\\\/site\\\/#website\",\"url\":\"https:\\\/\\\/www.notibras.com\\\/site\\\/\",\"name\":\"Notibras\",\"description\":\"Not\u00edcias de Bras\u00edlia, do Brasil e do Mundo\",\"publisher\":{\"@id\":\"https:\\\/\\\/www.notibras.com\\\/site\\\/#organization\"},\"potentialAction\":[{\"@type\":\"SearchAction\",\"target\":{\"@type\":\"EntryPoint\",\"urlTemplate\":\"https:\\\/\\\/www.notibras.com\\\/site\\\/?s={search_term_string}\"},\"query-input\":{\"@type\":\"PropertyValueSpecification\",\"valueRequired\":true,\"valueName\":\"search_term_string\"}}],\"inLanguage\":\"pt-BR\"},{\"@type\":\"Organization\",\"@id\":\"https:\\\/\\\/www.notibras.com\\\/site\\\/#organization\",\"name\":\"Grupo Notibras de Comunica\u00e7\u00e3o\",\"url\":\"https:\\\/\\\/www.notibras.com\\\/site\\\/\",\"logo\":{\"@type\":\"ImageObject\",\"inLanguage\":\"pt-BR\",\"@id\":\"https:\\\/\\\/www.notibras.com\\\/site\\\/#\\\/schema\\\/logo\\\/image\\\/\",\"url\":\"https:\\\/\\\/www.notibras.com\\\/site\\\/wp-content\\\/uploads\\\/2023\\\/01\\\/notibras23.png\",\"contentUrl\":\"https:\\\/\\\/www.notibras.com\\\/site\\\/wp-content\\\/uploads\\\/2023\\\/01\\\/notibras23.png\",\"width\":350,\"height\":87,\"caption\":\"Grupo Notibras de Comunica\u00e7\u00e3o\"},\"image\":{\"@id\":\"https:\\\/\\\/www.notibras.com\\\/site\\\/#\\\/schema\\\/logo\\\/image\\\/\"},\"sameAs\":[\"https:\\\/\\\/www.facebook.com\\\/notibras\\\/\",\"https:\\\/\\\/x.com\\\/Notibras\",\"https:\\\/\\\/www.instagram.com\\\/notibras\\\/\"]},{\"@type\":\"Person\",\"@id\":\"https:\\\/\\\/www.notibras.com\\\/site\\\/#\\\/schema\\\/person\\\/36ab0979449956132d3e5b517ea76ac8\",\"name\":\"Reda\u00e7\u00e3o\",\"image\":{\"@type\":\"ImageObject\",\"inLanguage\":\"pt-BR\",\"@id\":\"https:\\\/\\\/secure.gravatar.com\\\/avatar\\\/e0a867bdedb85fd243eadf09663511f96fc81e0720a4a42581f334ad4303aa6b?s=96&d=mm&r=g\",\"url\":\"https:\\\/\\\/secure.gravatar.com\\\/avatar\\\/e0a867bdedb85fd243eadf09663511f96fc81e0720a4a42581f334ad4303aa6b?s=96&d=mm&r=g\",\"contentUrl\":\"https:\\\/\\\/secure.gravatar.com\\\/avatar\\\/e0a867bdedb85fd243eadf09663511f96fc81e0720a4a42581f334ad4303aa6b?s=96&d=mm&r=g\",\"caption\":\"Reda\u00e7\u00e3o\"}}]}<\/script>\n<!-- \/ Yoast SEO plugin. -->","yoast_head_json":{"title":"Equipes trabalham na montagem de tendas no Guar\u00e1, Planaltina e Gama - Notibras","robots":{"index":"index","follow":"follow","max-snippet":"max-snippet:-1","max-image-preview":"max-image-preview:large","max-video-preview":"max-video-preview:-1"},"canonical":"https:\/\/www.notibras.com\/site\/equipes-trabalham-na-montagem-de-tendas-no-guara-planaltina-e-gama\/","og_locale":"pt_BR","og_type":"article","og_title":"Equipes trabalham na montagem de tendas no Guar\u00e1, Planaltina e Gama - Notibras","og_description":"O governo iniciou nesta segunda-feira (1\u00ba), a instala\u00e7\u00e3o das novas tendas de acolhimento dos pacientes com dengue nas regi\u00f5es administrativas (RAs) do Guar\u00e1 e de Planaltina. As estruturas atuar\u00e3o como hospitais de campanha, pr\u00f3ximos a unidades de sa\u00fade, como hospitais, unidades de pronto-atendimento (UPAs) e UBSs. A estrutura localizada no Gama teve a montagem iniciada [&hellip;]","og_url":"https:\/\/www.notibras.com\/site\/equipes-trabalham-na-montagem-de-tendas-no-guara-planaltina-e-gama\/","og_site_name":"Notibras","article_publisher":"https:\/\/www.facebook.com\/notibras\/","article_published_time":"2024-04-02T03:43:37+00:00","article_modified_time":"2024-04-02T08:46:50+00:00","og_image":[{"width":1181,"height":787,"url":"https:\/\/www.notibras.com\/site\/wp-content\/uploads\/2024\/04\/capa-2.jpg","type":"image\/jpeg"}],"author":"Reda\u00e7\u00e3o","twitter_card":"summary_large_image","twitter_creator":"@Notibras","twitter_site":"@Notibras","twitter_misc":{"Escrito por":"Reda\u00e7\u00e3o","Est. tempo de leitura":"6 minutos"},"schema":{"@context":"https:\/\/schema.org","@graph":[{"@type":"Article","@id":"https:\/\/www.notibras.com\/site\/equipes-trabalham-na-montagem-de-tendas-no-guara-planaltina-e-gama\/#article","isPartOf":{"@id":"https:\/\/www.notibras.com\/site\/equipes-trabalham-na-montagem-de-tendas-no-guara-planaltina-e-gama\/"},"author":{"name":"Reda\u00e7\u00e3o","@id":"https:\/\/www.notibras.com\/site\/#\/schema\/person\/36ab0979449956132d3e5b517ea76ac8"},"headline":"Equipes trabalham na montagem de tendas no Guar\u00e1, Planaltina e Gama","datePublished":"2024-04-02T03:43:37+00:00","dateModified":"2024-04-02T08:46:50+00:00","mainEntityOfPage":{"@id":"https:\/\/www.notibras.com\/site\/equipes-trabalham-na-montagem-de-tendas-no-guara-planaltina-e-gama\/"},"wordCount":1082,"publisher":{"@id":"https:\/\/www.notibras.com\/site\/#organization"},"image":{"@id":"https:\/\/www.notibras.com\/site\/equipes-trabalham-na-montagem-de-tendas-no-guara-planaltina-e-gama\/#primaryimage"},"thumbnailUrl":"https:\/\/www.notibras.com\/site\/wp-content\/uploads\/2024\/04\/capa-2.jpg","articleSection":["Quadradinho em Foco"],"inLanguage":"pt-BR"},{"@type":"WebPage","@id":"https:\/\/www.notibras.com\/site\/equipes-trabalham-na-montagem-de-tendas-no-guara-planaltina-e-gama\/","url":"https:\/\/www.notibras.com\/site\/equipes-trabalham-na-montagem-de-tendas-no-guara-planaltina-e-gama\/","name":"Equipes trabalham na montagem de tendas no Guar\u00e1, Planaltina e Gama - Notibras","isPartOf":{"@id":"https:\/\/www.notibras.com\/site\/#website"},"primaryImageOfPage":{"@id":"https:\/\/www.notibras.com\/site\/equipes-trabalham-na-montagem-de-tendas-no-guara-planaltina-e-gama\/#primaryimage"},"image":{"@id":"https:\/\/www.notibras.com\/site\/equipes-trabalham-na-montagem-de-tendas-no-guara-planaltina-e-gama\/#primaryimage"},"thumbnailUrl":"https:\/\/www.notibras.com\/site\/wp-content\/uploads\/2024\/04\/capa-2.jpg","datePublished":"2024-04-02T03:43:37+00:00","dateModified":"2024-04-02T08:46:50+00:00","breadcrumb":{"@id":"https:\/\/www.notibras.com\/site\/equipes-trabalham-na-montagem-de-tendas-no-guara-planaltina-e-gama\/#breadcrumb"},"inLanguage":"pt-BR","potentialAction":[{"@type":"ReadAction","target":["https:\/\/www.notibras.com\/site\/equipes-trabalham-na-montagem-de-tendas-no-guara-planaltina-e-gama\/"]}]},{"@type":"ImageObject","inLanguage":"pt-BR","@id":"https:\/\/www.notibras.com\/site\/equipes-trabalham-na-montagem-de-tendas-no-guara-planaltina-e-gama\/#primaryimage","url":"https:\/\/www.notibras.com\/site\/wp-content\/uploads\/2024\/04\/capa-2.jpg","contentUrl":"https:\/\/www.notibras.com\/site\/wp-content\/uploads\/2024\/04\/capa-2.jpg","width":1181,"height":787},{"@type":"BreadcrumbList","@id":"https:\/\/www.notibras.com\/site\/equipes-trabalham-na-montagem-de-tendas-no-guara-planaltina-e-gama\/#breadcrumb","itemListElement":[{"@type":"ListItem","position":1,"name":"In\u00edcio","item":"https:\/\/www.notibras.com\/site\/"},{"@type":"ListItem","position":2,"name":"Equipes trabalham na montagem de tendas no Guar\u00e1, Planaltina e Gama"}]},{"@type":"WebSite","@id":"https:\/\/www.notibras.com\/site\/#website","url":"https:\/\/www.notibras.com\/site\/","name":"Notibras","description":"Not\u00edcias de Bras\u00edlia, do Brasil e do Mundo","publisher":{"@id":"https:\/\/www.notibras.com\/site\/#organization"},"potentialAction":[{"@type":"SearchAction","target":{"@type":"EntryPoint","urlTemplate":"https:\/\/www.notibras.com\/site\/?s={search_term_string}"},"query-input":{"@type":"PropertyValueSpecification","valueRequired":true,"valueName":"search_term_string"}}],"inLanguage":"pt-BR"},{"@type":"Organization","@id":"https:\/\/www.notibras.com\/site\/#organization","name":"Grupo Notibras de Comunica\u00e7\u00e3o","url":"https:\/\/www.notibras.com\/site\/","logo":{"@type":"ImageObject","inLanguage":"pt-BR","@id":"https:\/\/www.notibras.com\/site\/#\/schema\/logo\/image\/","url":"https:\/\/www.notibras.com\/site\/wp-content\/uploads\/2023\/01\/notibras23.png","contentUrl":"https:\/\/www.notibras.com\/site\/wp-content\/uploads\/2023\/01\/notibras23.png","width":350,"height":87,"caption":"Grupo Notibras de Comunica\u00e7\u00e3o"},"image":{"@id":"https:\/\/www.notibras.com\/site\/#\/schema\/logo\/image\/"},"sameAs":["https:\/\/www.facebook.com\/notibras\/","https:\/\/x.com\/Notibras","https:\/\/www.instagram.com\/notibras\/"]},{"@type":"Person","@id":"https:\/\/www.notibras.com\/site\/#\/schema\/person\/36ab0979449956132d3e5b517ea76ac8","name":"Reda\u00e7\u00e3o","image":{"@type":"ImageObject","inLanguage":"pt-BR","@id":"https:\/\/secure.gravatar.com\/avatar\/e0a867bdedb85fd243eadf09663511f96fc81e0720a4a42581f334ad4303aa6b?s=96&d=mm&r=g","url":"https:\/\/secure.gravatar.com\/avatar\/e0a867bdedb85fd243eadf09663511f96fc81e0720a4a42581f334ad4303aa6b?s=96&d=mm&r=g","contentUrl":"https:\/\/secure.gravatar.com\/avatar\/e0a867bdedb85fd243eadf09663511f96fc81e0720a4a42581f334ad4303aa6b?s=96&d=mm&r=g","caption":"Reda\u00e7\u00e3o"}}]}},"amp_enabled":true,"_links":{"self":[{"href":"https:\/\/www.notibras.com\/site\/wp-json\/wp\/v2\/posts\/325888","targetHints":{"allow":["GET"]}}],"collection":[{"href":"https:\/\/www.notibras.com\/site\/wp-json\/wp\/v2\/posts"}],"about":[{"href":"https:\/\/www.notibras.com\/site\/wp-json\/wp\/v2\/types\/post"}],"author":[{"embeddable":true,"href":"https:\/\/www.notibras.com\/site\/wp-json\/wp\/v2\/users\/2"}],"replies":[{"embeddable":true,"href":"https:\/\/www.notibras.com\/site\/wp-json\/wp\/v2\/comments?post=325888"}],"version-history":[{"count":1,"href":"https:\/\/www.notibras.com\/site\/wp-json\/wp\/v2\/posts\/325888\/revisions"}],"predecessor-version":[{"id":325890,"href":"https:\/\/www.notibras.com\/site\/wp-json\/wp\/v2\/posts\/325888\/revisions\/325890"}],"wp:featuredmedia":[{"embeddable":true,"href":"https:\/\/www.notibras.com\/site\/wp-json\/wp\/v2\/media\/325889"}],"wp:attachment":[{"href":"https:\/\/www.notibras.com\/site\/wp-json\/wp\/v2\/media?parent=325888"}],"wp:term":[{"taxonomy":"category","embeddable":true,"href":"https:\/\/www.notibras.com\/site\/wp-json\/wp\/v2\/categories?post=325888"},{"taxonomy":"post_tag","embeddable":true,"href":"https:\/\/www.notibras.com\/site\/wp-json\/wp\/v2\/tags?post=325888"}],"curies":[{"name":"wp","href":"https:\/\/api.w.org\/{rel}","templated":true}]}}