{"id":325891,"date":"2024-04-02T06:04:40","date_gmt":"2024-04-02T09:04:40","guid":{"rendered":"https:\/\/www.notibras.com\/site\/?p=325891"},"modified":"2024-04-02T06:06:31","modified_gmt":"2024-04-02T09:06:31","slug":"anibal-surpreso-acha-pai-deitado-como-um-bebe","status":"publish","type":"post","link":"https:\/\/www.notibras.com\/site\/anibal-surpreso-acha-pai-deitado-como-um-bebe\/","title":{"rendered":"An\u00edbal, surpreso, acha pai deitado como um beb\u00ea"},"content":{"rendered":"<p>Quase 10 horas da manh\u00e3. Anibal, finalmente, resolveu expulsar o corpo da cama, pois as costas come\u00e7aram a doer depois de tanto tempo deitado. Ele se sentou na beira, passou as m\u00e3os nos cabelos brancos, no rosto, sentiu a aspereza da barba por fazer. Apoiou a m\u00e3o direita na cabeceira e, com um esfor\u00e7o, conseguiu se levantar.<\/p>\n<p>Notou o sil\u00eancio. Provavelmente, seu pai n\u00e3o havia voltada da caminhada matinal na orla da praia de Copacabana. Com certeza, o velho estaria acompanhado da namorada Elizabeth. Anibal gostava da madrasta, reconhecia nela um trampolim para a melhora da qualidade de vida do seu pai. Al\u00e9m do mais, Elizabeth sempre se mostrou uma companhia bastante agrad\u00e1vel.<\/p>\n<p>Foi at\u00e9 a cozinha, abriu a geladeira por impulso. Na verdade, n\u00e3o costumava comer pela manh\u00e3. Preferia apenas uma x\u00edcara de caf\u00e9 bem forte. Abriu o arm\u00e1rio e pegou o p\u00f3 preto e o a\u00e7\u00facar. Apanhou o coador de pano. N\u00e3o gostava daqueles filtros de papel, preferia a tradi\u00e7\u00e3o do velho e bom coador de pano. Gostava de dizer que caf\u00e9 tem de ser feito \u00e0 moda antiga. Coisa de velho. Talvez.<\/p>\n<p>Pegou uma pequena panela e despejou um pouco d\u2019\u00e1gua. Ligou o fog\u00e3o. Em pouco tempo, o l\u00edquido incolor come\u00e7ou a borbulhar. Ele derramou a \u00e1gua sobre o p\u00f3 de caf\u00e9 e apreciou o l\u00edquido escorrendo. Percebeu o aroma penetrando nas suas narinas e sentiu o primeiro prazer da manh\u00e3.<\/p>\n<p>Colocou uma pequena quantidade de a\u00e7\u00facar e mexeu o conte\u00fado da x\u00edcara com uma colher, que logo levou \u00e0 boca. Fez aquele barulho t\u00edpico da degusta\u00e7\u00e3o e, logo em seguida, soltou um \u201cah\u201d de satisfa\u00e7\u00e3o, o segundo prazer do dia, logo interrompido pelo chamado do telefone, que insistia em tocar.<\/p>\n<p>Ele deixou o aparelho barulhento teimar algumas vezes mais, at\u00e9 que, finalmente, atendeu, na certeza de que fosse seu pai avisando que iria almo\u00e7ar com Elizabeth, atitude bastante frequente em qualquer dia da semana. Afinal, eram todos aposentados, maiores, vacinados, livres de amarras pesadas, sem compromissos mais urgentes. Dois pombinhos apaixonados.<\/p>\n<p>\u2014 Al\u00f4?<\/p>\n<p>\u2014 Anibal, \u00e9 voc\u00ea?<\/p>\n<p>\u2014 Elizabeth?<\/p>\n<p>\u2014 Sim, sou eu. Anibal, voc\u00ea pode me chamar o seu pai?<\/p>\n<p>\u2014 Meu pai? U\u00e9, ele n\u00e3o est\u00e1 com voc\u00ea?<\/p>\n<p>\u2014 N\u00e3o! Hoje ele n\u00e3o apareceu pra caminharmos. Ele n\u00e3o est\u00e1 a\u00ed?<\/p>\n<p>\u2014 N\u00e3&#8230; Deixe-me ver se ele est\u00e1 no quarto. Na certa, ele ficou com pregui\u00e7a de se levantar hoje.<\/p>\n<p>Anibal se dirigiu \u00e0 porta do quarto do pai. Girou a ma\u00e7aneta, abriu a porta com certo cuidado e se deparou com o seu pai deitado como um beb\u00ea.<\/p>\n<p>\u2014 Pai. Pai!<\/p>\n<p>Nenhuma resposta. Por certo, Silva deve ter assistido a algum filme at\u00e9 tarde da noite. Anibal chegou mais perto do corpo em posi\u00e7\u00e3o fetal, tocou o bra\u00e7o do pai, que estava frio e sem vida. Ele levou um tempo at\u00e9 que a ficha caiu. Sem qualquer eufemismo, seu pai estava morto!<\/p>\n<p>O enterro aconteceu sem grandes formalidades, uma horda de parentes, poucos amigos, nenhum que regulasse com a idade do falecido, que, para muitos presentes, j\u00e1 estava at\u00e9 fazendo hora extra, ou seja, havia vivido bem mais do que qualquer um ali e, por isso mesmo, estava mais que no tempo de deixar um pouquinho de vida para eles, como se a quantidade de anos vividos fossem dependentes entre si.<\/p>\n<p>Anibal, Elizabeth, e Agenor, o irm\u00e3o de Anibal, talvez fossem os \u00fanicos que realmente sentiriam falta do velho. Anibal e Elizabeth, com certeza. Agenor, h\u00e1 quase seis meses, n\u00e3o via o pai, a \u00faltima fora numa festa de fam\u00edlia; falara com ele nesse tempo duas ou tr\u00eas vezes no m\u00e1ximo, sendo uma delas pelo menos para saber se o velho continuava com aquela sirigaita. Sirigaita!<\/p>\n<p>Era assim mesmo que Agenor sempre se referia \u00e0 Elizabeth, sem nem mesmo ter tido o cuidado de conhecer a namorada do pai. Os outros&#8230; Ah, os outros s\u00f3 compareceram por mera formalidade. Teve gente que foi ver o morto por pura curiosidade m\u00f3rbida. Afinal, nunca haviam visto um defunto de perto. Pelo menos n\u00e3o t\u00e3o de perto, onde pudessem at\u00e9 tocar para sentir toda a frieza e a dureza do destino que a todos acaba por nos atingir, seja pobre, seja rico; feio ou bonito; gordo ou magro; homem ou mulher; jovem ou velho; carrasco ou condenado; judeu ou palestino; preto ou branco: a Morte.<\/p>\n<p>\u2014 Engra\u00e7ado \u2013 disse uma vizinha do falecido.<\/p>\n<p>\u2014 O que \u00e9 engra\u00e7ado? \u2013 quis saber um outro presente.<\/p>\n<p>\u2014 Tinha me esquecido do cheiro de gente morta. Parece at\u00e9 cheiro de hospital.<\/p>\n<p>\u2014 \u00c9 por causa do algod\u00e3o com \u00e9ter que se p\u00f5e nos buracos \u2013 disse uma terceira pessoa, arrancando risinhos dos que estavam pr\u00f3ximos.<\/p>\n<p>\u2014 Buracos? Ser\u00e1 que eles n\u00e3o se esqueceram de algum buraco aberto? \u2013 um homem veio se juntar \u00e0 trupe, gerando mais uma ondinha de risadas, sen\u00e3o indiscretas, ao menos inconvenientes.<\/p>\n<p>Alheia a tudo e a todos estava Elizabeth, que chegou a passar mal. Ela foi amparada por Anibal, que tentou se mostrar forte, ali\u00e1s, mais forte do que realmente estava se sentindo. Nilson, que conhecia Anibal de longa data, sabia que o amigo estava passando pelo seu maior mart\u00edrio. Ele tamb\u00e9m sofria, j\u00e1 que sentiria falta daquele que, muitas vezes, agira como se fosse seu pr\u00f3prio pai.<\/p>\n<p>Um funcion\u00e1rio do S\u00e3o Jo\u00e3o Batista se aproximou da fam\u00edlia do defunto.<\/p>\n<p>\u2014 J\u00e1 est\u00e1 na hora.<\/p>\n<p>\u2014 &#8230; \u2013 Anibal apenas olhou o homem postado \u00e0 sua frente, n\u00e3o sabendo o que fazer, ou melhor, sabia, mas n\u00e3o conseguiu conceber a ideia de que a hora havia chegado, a despedida final do corpo do seu pai era aquela.<\/p>\n<p>\u2014 Anibal, \u00e9 melhor a gente ir \u2013 Agenor, que j\u00e1 n\u00e3o suportava continuar naquele lugar t\u00e3o sombrio, interveio.<\/p>\n<p>\u2014 &#8230; \u2013 Anibal segurou as m\u00e3os rijas e g\u00e9lidas do corpo deitado \u00e0 sua frente, o mesmo corpo que um dia havia sido do seu pai, e chorou pela \u00faltima vez. Nem mesmo quando fecharam o caix\u00e3o, nem mesmo quando empurraram o ba\u00fa funesto para a gaveta 52 do cemit\u00e9rio S\u00e3o Jo\u00e3o Batista, Anibal conseguiu derramar nem uma l\u00e1grima sequer. Estava seco, uma torrente \u00e1rida havia tomado conta de sua alma. E foi assim que se manteve, at\u00e9 que, quase duas d\u00e9cadas depois, finalmente, ele foi se deitar ao lado do seu velho.<\/p>\n","protected":false},"excerpt":{"rendered":"<p>Quase 10 horas da manh\u00e3. Anibal, finalmente, resolveu expulsar o corpo da cama, pois as costas come\u00e7aram a doer depois de tanto tempo deitado. Ele se sentou na beira, passou as m\u00e3os nos cabelos brancos, no rosto, sentiu a aspereza da barba por fazer. Apoiou a m\u00e3o direita na cabeceira e, com um esfor\u00e7o, conseguiu [&hellip;]<\/p>\n","protected":false},"author":2,"featured_media":325892,"comment_status":"closed","ping_status":"closed","sticky":false,"template":"","format":"standard","meta":{"_acf_changed":false,"footnotes":""},"categories":[161],"tags":[],"class_list":["post-325891","post","type-post","status-publish","format-standard","has-post-thumbnail","hentry","category-quadradinho-em-foco"],"acf":[],"yoast_head":"<!-- This site is optimized with the Yoast SEO plugin v27.5 - https:\/\/yoast.com\/product\/yoast-seo-wordpress\/ -->\n<title>An\u00edbal, surpreso, acha pai deitado como um beb\u00ea - Notibras<\/title>\n<meta name=\"robots\" content=\"index, follow, max-snippet:-1, max-image-preview:large, max-video-preview:-1\" \/>\n<link rel=\"canonical\" href=\"https:\/\/www.notibras.com\/site\/anibal-surpreso-acha-pai-deitado-como-um-bebe\/\" \/>\n<meta property=\"og:locale\" content=\"pt_BR\" \/>\n<meta property=\"og:type\" content=\"article\" \/>\n<meta property=\"og:title\" content=\"An\u00edbal, surpreso, acha pai deitado como um beb\u00ea - Notibras\" \/>\n<meta property=\"og:description\" content=\"Quase 10 horas da manh\u00e3. Anibal, finalmente, resolveu expulsar o corpo da cama, pois as costas come\u00e7aram a doer depois de tanto tempo deitado. Ele se sentou na beira, passou as m\u00e3os nos cabelos brancos, no rosto, sentiu a aspereza da barba por fazer. Apoiou a m\u00e3o direita na cabeceira e, com um esfor\u00e7o, conseguiu [&hellip;]\" \/>\n<meta property=\"og:url\" content=\"https:\/\/www.notibras.com\/site\/anibal-surpreso-acha-pai-deitado-como-um-bebe\/\" \/>\n<meta property=\"og:site_name\" content=\"Notibras\" \/>\n<meta property=\"article:publisher\" content=\"https:\/\/www.facebook.com\/notibras\/\" \/>\n<meta property=\"article:published_time\" content=\"2024-04-02T09:04:40+00:00\" \/>\n<meta property=\"article:modified_time\" content=\"2024-04-02T09:06:31+00:00\" \/>\n<meta property=\"og:image\" content=\"https:\/\/www.notibras.com\/site\/wp-content\/uploads\/2024\/04\/c038a516-85dd-4d9c-816c-1c8462c7b635.jpeg\" \/>\n\t<meta property=\"og:image:width\" content=\"1024\" \/>\n\t<meta property=\"og:image:height\" content=\"1024\" \/>\n\t<meta property=\"og:image:type\" content=\"image\/jpeg\" \/>\n<meta name=\"author\" content=\"Reda\u00e7\u00e3o\" \/>\n<meta name=\"twitter:card\" content=\"summary_large_image\" \/>\n<meta name=\"twitter:creator\" content=\"@Notibras\" \/>\n<meta name=\"twitter:site\" content=\"@Notibras\" \/>\n<meta name=\"twitter:label1\" content=\"Escrito por\" \/>\n\t<meta name=\"twitter:data1\" content=\"Reda\u00e7\u00e3o\" \/>\n\t<meta name=\"twitter:label2\" content=\"Est. tempo de leitura\" \/>\n\t<meta name=\"twitter:data2\" content=\"6 minutos\" \/>\n<script type=\"application\/ld+json\" class=\"yoast-schema-graph\">{\"@context\":\"https:\\\/\\\/schema.org\",\"@graph\":[{\"@type\":\"Article\",\"@id\":\"https:\\\/\\\/www.notibras.com\\\/site\\\/anibal-surpreso-acha-pai-deitado-como-um-bebe\\\/#article\",\"isPartOf\":{\"@id\":\"https:\\\/\\\/www.notibras.com\\\/site\\\/anibal-surpreso-acha-pai-deitado-como-um-bebe\\\/\"},\"author\":{\"name\":\"Reda\u00e7\u00e3o\",\"@id\":\"https:\\\/\\\/www.notibras.com\\\/site\\\/#\\\/schema\\\/person\\\/36ab0979449956132d3e5b517ea76ac8\"},\"headline\":\"An\u00edbal, surpreso, acha pai deitado como um beb\u00ea\",\"datePublished\":\"2024-04-02T09:04:40+00:00\",\"dateModified\":\"2024-04-02T09:06:31+00:00\",\"mainEntityOfPage\":{\"@id\":\"https:\\\/\\\/www.notibras.com\\\/site\\\/anibal-surpreso-acha-pai-deitado-como-um-bebe\\\/\"},\"wordCount\":1084,\"publisher\":{\"@id\":\"https:\\\/\\\/www.notibras.com\\\/site\\\/#organization\"},\"image\":{\"@id\":\"https:\\\/\\\/www.notibras.com\\\/site\\\/anibal-surpreso-acha-pai-deitado-como-um-bebe\\\/#primaryimage\"},\"thumbnailUrl\":\"https:\\\/\\\/www.notibras.com\\\/site\\\/wp-content\\\/uploads\\\/2024\\\/04\\\/c038a516-85dd-4d9c-816c-1c8462c7b635.jpeg\",\"articleSection\":[\"Quadradinho em Foco\"],\"inLanguage\":\"pt-BR\"},{\"@type\":\"WebPage\",\"@id\":\"https:\\\/\\\/www.notibras.com\\\/site\\\/anibal-surpreso-acha-pai-deitado-como-um-bebe\\\/\",\"url\":\"https:\\\/\\\/www.notibras.com\\\/site\\\/anibal-surpreso-acha-pai-deitado-como-um-bebe\\\/\",\"name\":\"An\u00edbal, surpreso, acha pai deitado como um beb\u00ea - Notibras\",\"isPartOf\":{\"@id\":\"https:\\\/\\\/www.notibras.com\\\/site\\\/#website\"},\"primaryImageOfPage\":{\"@id\":\"https:\\\/\\\/www.notibras.com\\\/site\\\/anibal-surpreso-acha-pai-deitado-como-um-bebe\\\/#primaryimage\"},\"image\":{\"@id\":\"https:\\\/\\\/www.notibras.com\\\/site\\\/anibal-surpreso-acha-pai-deitado-como-um-bebe\\\/#primaryimage\"},\"thumbnailUrl\":\"https:\\\/\\\/www.notibras.com\\\/site\\\/wp-content\\\/uploads\\\/2024\\\/04\\\/c038a516-85dd-4d9c-816c-1c8462c7b635.jpeg\",\"datePublished\":\"2024-04-02T09:04:40+00:00\",\"dateModified\":\"2024-04-02T09:06:31+00:00\",\"breadcrumb\":{\"@id\":\"https:\\\/\\\/www.notibras.com\\\/site\\\/anibal-surpreso-acha-pai-deitado-como-um-bebe\\\/#breadcrumb\"},\"inLanguage\":\"pt-BR\",\"potentialAction\":[{\"@type\":\"ReadAction\",\"target\":[\"https:\\\/\\\/www.notibras.com\\\/site\\\/anibal-surpreso-acha-pai-deitado-como-um-bebe\\\/\"]}]},{\"@type\":\"ImageObject\",\"inLanguage\":\"pt-BR\",\"@id\":\"https:\\\/\\\/www.notibras.com\\\/site\\\/anibal-surpreso-acha-pai-deitado-como-um-bebe\\\/#primaryimage\",\"url\":\"https:\\\/\\\/www.notibras.com\\\/site\\\/wp-content\\\/uploads\\\/2024\\\/04\\\/c038a516-85dd-4d9c-816c-1c8462c7b635.jpeg\",\"contentUrl\":\"https:\\\/\\\/www.notibras.com\\\/site\\\/wp-content\\\/uploads\\\/2024\\\/04\\\/c038a516-85dd-4d9c-816c-1c8462c7b635.jpeg\",\"width\":1024,\"height\":1024},{\"@type\":\"BreadcrumbList\",\"@id\":\"https:\\\/\\\/www.notibras.com\\\/site\\\/anibal-surpreso-acha-pai-deitado-como-um-bebe\\\/#breadcrumb\",\"itemListElement\":[{\"@type\":\"ListItem\",\"position\":1,\"name\":\"In\u00edcio\",\"item\":\"https:\\\/\\\/www.notibras.com\\\/site\\\/\"},{\"@type\":\"ListItem\",\"position\":2,\"name\":\"An\u00edbal, surpreso, acha pai deitado como um beb\u00ea\"}]},{\"@type\":\"WebSite\",\"@id\":\"https:\\\/\\\/www.notibras.com\\\/site\\\/#website\",\"url\":\"https:\\\/\\\/www.notibras.com\\\/site\\\/\",\"name\":\"Notibras\",\"description\":\"Not\u00edcias de Bras\u00edlia, do Brasil e do Mundo\",\"publisher\":{\"@id\":\"https:\\\/\\\/www.notibras.com\\\/site\\\/#organization\"},\"potentialAction\":[{\"@type\":\"SearchAction\",\"target\":{\"@type\":\"EntryPoint\",\"urlTemplate\":\"https:\\\/\\\/www.notibras.com\\\/site\\\/?s={search_term_string}\"},\"query-input\":{\"@type\":\"PropertyValueSpecification\",\"valueRequired\":true,\"valueName\":\"search_term_string\"}}],\"inLanguage\":\"pt-BR\"},{\"@type\":\"Organization\",\"@id\":\"https:\\\/\\\/www.notibras.com\\\/site\\\/#organization\",\"name\":\"Grupo Notibras de Comunica\u00e7\u00e3o\",\"url\":\"https:\\\/\\\/www.notibras.com\\\/site\\\/\",\"logo\":{\"@type\":\"ImageObject\",\"inLanguage\":\"pt-BR\",\"@id\":\"https:\\\/\\\/www.notibras.com\\\/site\\\/#\\\/schema\\\/logo\\\/image\\\/\",\"url\":\"https:\\\/\\\/www.notibras.com\\\/site\\\/wp-content\\\/uploads\\\/2023\\\/01\\\/notibras23.png\",\"contentUrl\":\"https:\\\/\\\/www.notibras.com\\\/site\\\/wp-content\\\/uploads\\\/2023\\\/01\\\/notibras23.png\",\"width\":350,\"height\":87,\"caption\":\"Grupo Notibras de Comunica\u00e7\u00e3o\"},\"image\":{\"@id\":\"https:\\\/\\\/www.notibras.com\\\/site\\\/#\\\/schema\\\/logo\\\/image\\\/\"},\"sameAs\":[\"https:\\\/\\\/www.facebook.com\\\/notibras\\\/\",\"https:\\\/\\\/x.com\\\/Notibras\",\"https:\\\/\\\/www.instagram.com\\\/notibras\\\/\"]},{\"@type\":\"Person\",\"@id\":\"https:\\\/\\\/www.notibras.com\\\/site\\\/#\\\/schema\\\/person\\\/36ab0979449956132d3e5b517ea76ac8\",\"name\":\"Reda\u00e7\u00e3o\",\"image\":{\"@type\":\"ImageObject\",\"inLanguage\":\"pt-BR\",\"@id\":\"https:\\\/\\\/secure.gravatar.com\\\/avatar\\\/e0a867bdedb85fd243eadf09663511f96fc81e0720a4a42581f334ad4303aa6b?s=96&d=mm&r=g\",\"url\":\"https:\\\/\\\/secure.gravatar.com\\\/avatar\\\/e0a867bdedb85fd243eadf09663511f96fc81e0720a4a42581f334ad4303aa6b?s=96&d=mm&r=g\",\"contentUrl\":\"https:\\\/\\\/secure.gravatar.com\\\/avatar\\\/e0a867bdedb85fd243eadf09663511f96fc81e0720a4a42581f334ad4303aa6b?s=96&d=mm&r=g\",\"caption\":\"Reda\u00e7\u00e3o\"}}]}<\/script>\n<!-- \/ Yoast SEO plugin. -->","yoast_head_json":{"title":"An\u00edbal, surpreso, acha pai deitado como um beb\u00ea - Notibras","robots":{"index":"index","follow":"follow","max-snippet":"max-snippet:-1","max-image-preview":"max-image-preview:large","max-video-preview":"max-video-preview:-1"},"canonical":"https:\/\/www.notibras.com\/site\/anibal-surpreso-acha-pai-deitado-como-um-bebe\/","og_locale":"pt_BR","og_type":"article","og_title":"An\u00edbal, surpreso, acha pai deitado como um beb\u00ea - Notibras","og_description":"Quase 10 horas da manh\u00e3. Anibal, finalmente, resolveu expulsar o corpo da cama, pois as costas come\u00e7aram a doer depois de tanto tempo deitado. Ele se sentou na beira, passou as m\u00e3os nos cabelos brancos, no rosto, sentiu a aspereza da barba por fazer. Apoiou a m\u00e3o direita na cabeceira e, com um esfor\u00e7o, conseguiu [&hellip;]","og_url":"https:\/\/www.notibras.com\/site\/anibal-surpreso-acha-pai-deitado-como-um-bebe\/","og_site_name":"Notibras","article_publisher":"https:\/\/www.facebook.com\/notibras\/","article_published_time":"2024-04-02T09:04:40+00:00","article_modified_time":"2024-04-02T09:06:31+00:00","og_image":[{"width":1024,"height":1024,"url":"https:\/\/www.notibras.com\/site\/wp-content\/uploads\/2024\/04\/c038a516-85dd-4d9c-816c-1c8462c7b635.jpeg","type":"image\/jpeg"}],"author":"Reda\u00e7\u00e3o","twitter_card":"summary_large_image","twitter_creator":"@Notibras","twitter_site":"@Notibras","twitter_misc":{"Escrito por":"Reda\u00e7\u00e3o","Est. tempo de leitura":"6 minutos"},"schema":{"@context":"https:\/\/schema.org","@graph":[{"@type":"Article","@id":"https:\/\/www.notibras.com\/site\/anibal-surpreso-acha-pai-deitado-como-um-bebe\/#article","isPartOf":{"@id":"https:\/\/www.notibras.com\/site\/anibal-surpreso-acha-pai-deitado-como-um-bebe\/"},"author":{"name":"Reda\u00e7\u00e3o","@id":"https:\/\/www.notibras.com\/site\/#\/schema\/person\/36ab0979449956132d3e5b517ea76ac8"},"headline":"An\u00edbal, surpreso, acha pai deitado como um beb\u00ea","datePublished":"2024-04-02T09:04:40+00:00","dateModified":"2024-04-02T09:06:31+00:00","mainEntityOfPage":{"@id":"https:\/\/www.notibras.com\/site\/anibal-surpreso-acha-pai-deitado-como-um-bebe\/"},"wordCount":1084,"publisher":{"@id":"https:\/\/www.notibras.com\/site\/#organization"},"image":{"@id":"https:\/\/www.notibras.com\/site\/anibal-surpreso-acha-pai-deitado-como-um-bebe\/#primaryimage"},"thumbnailUrl":"https:\/\/www.notibras.com\/site\/wp-content\/uploads\/2024\/04\/c038a516-85dd-4d9c-816c-1c8462c7b635.jpeg","articleSection":["Quadradinho em Foco"],"inLanguage":"pt-BR"},{"@type":"WebPage","@id":"https:\/\/www.notibras.com\/site\/anibal-surpreso-acha-pai-deitado-como-um-bebe\/","url":"https:\/\/www.notibras.com\/site\/anibal-surpreso-acha-pai-deitado-como-um-bebe\/","name":"An\u00edbal, surpreso, acha pai deitado como um beb\u00ea - Notibras","isPartOf":{"@id":"https:\/\/www.notibras.com\/site\/#website"},"primaryImageOfPage":{"@id":"https:\/\/www.notibras.com\/site\/anibal-surpreso-acha-pai-deitado-como-um-bebe\/#primaryimage"},"image":{"@id":"https:\/\/www.notibras.com\/site\/anibal-surpreso-acha-pai-deitado-como-um-bebe\/#primaryimage"},"thumbnailUrl":"https:\/\/www.notibras.com\/site\/wp-content\/uploads\/2024\/04\/c038a516-85dd-4d9c-816c-1c8462c7b635.jpeg","datePublished":"2024-04-02T09:04:40+00:00","dateModified":"2024-04-02T09:06:31+00:00","breadcrumb":{"@id":"https:\/\/www.notibras.com\/site\/anibal-surpreso-acha-pai-deitado-como-um-bebe\/#breadcrumb"},"inLanguage":"pt-BR","potentialAction":[{"@type":"ReadAction","target":["https:\/\/www.notibras.com\/site\/anibal-surpreso-acha-pai-deitado-como-um-bebe\/"]}]},{"@type":"ImageObject","inLanguage":"pt-BR","@id":"https:\/\/www.notibras.com\/site\/anibal-surpreso-acha-pai-deitado-como-um-bebe\/#primaryimage","url":"https:\/\/www.notibras.com\/site\/wp-content\/uploads\/2024\/04\/c038a516-85dd-4d9c-816c-1c8462c7b635.jpeg","contentUrl":"https:\/\/www.notibras.com\/site\/wp-content\/uploads\/2024\/04\/c038a516-85dd-4d9c-816c-1c8462c7b635.jpeg","width":1024,"height":1024},{"@type":"BreadcrumbList","@id":"https:\/\/www.notibras.com\/site\/anibal-surpreso-acha-pai-deitado-como-um-bebe\/#breadcrumb","itemListElement":[{"@type":"ListItem","position":1,"name":"In\u00edcio","item":"https:\/\/www.notibras.com\/site\/"},{"@type":"ListItem","position":2,"name":"An\u00edbal, surpreso, acha pai deitado como um beb\u00ea"}]},{"@type":"WebSite","@id":"https:\/\/www.notibras.com\/site\/#website","url":"https:\/\/www.notibras.com\/site\/","name":"Notibras","description":"Not\u00edcias de Bras\u00edlia, do Brasil e do Mundo","publisher":{"@id":"https:\/\/www.notibras.com\/site\/#organization"},"potentialAction":[{"@type":"SearchAction","target":{"@type":"EntryPoint","urlTemplate":"https:\/\/www.notibras.com\/site\/?s={search_term_string}"},"query-input":{"@type":"PropertyValueSpecification","valueRequired":true,"valueName":"search_term_string"}}],"inLanguage":"pt-BR"},{"@type":"Organization","@id":"https:\/\/www.notibras.com\/site\/#organization","name":"Grupo Notibras de Comunica\u00e7\u00e3o","url":"https:\/\/www.notibras.com\/site\/","logo":{"@type":"ImageObject","inLanguage":"pt-BR","@id":"https:\/\/www.notibras.com\/site\/#\/schema\/logo\/image\/","url":"https:\/\/www.notibras.com\/site\/wp-content\/uploads\/2023\/01\/notibras23.png","contentUrl":"https:\/\/www.notibras.com\/site\/wp-content\/uploads\/2023\/01\/notibras23.png","width":350,"height":87,"caption":"Grupo Notibras de Comunica\u00e7\u00e3o"},"image":{"@id":"https:\/\/www.notibras.com\/site\/#\/schema\/logo\/image\/"},"sameAs":["https:\/\/www.facebook.com\/notibras\/","https:\/\/x.com\/Notibras","https:\/\/www.instagram.com\/notibras\/"]},{"@type":"Person","@id":"https:\/\/www.notibras.com\/site\/#\/schema\/person\/36ab0979449956132d3e5b517ea76ac8","name":"Reda\u00e7\u00e3o","image":{"@type":"ImageObject","inLanguage":"pt-BR","@id":"https:\/\/secure.gravatar.com\/avatar\/e0a867bdedb85fd243eadf09663511f96fc81e0720a4a42581f334ad4303aa6b?s=96&d=mm&r=g","url":"https:\/\/secure.gravatar.com\/avatar\/e0a867bdedb85fd243eadf09663511f96fc81e0720a4a42581f334ad4303aa6b?s=96&d=mm&r=g","contentUrl":"https:\/\/secure.gravatar.com\/avatar\/e0a867bdedb85fd243eadf09663511f96fc81e0720a4a42581f334ad4303aa6b?s=96&d=mm&r=g","caption":"Reda\u00e7\u00e3o"}}]}},"amp_enabled":true,"_links":{"self":[{"href":"https:\/\/www.notibras.com\/site\/wp-json\/wp\/v2\/posts\/325891","targetHints":{"allow":["GET"]}}],"collection":[{"href":"https:\/\/www.notibras.com\/site\/wp-json\/wp\/v2\/posts"}],"about":[{"href":"https:\/\/www.notibras.com\/site\/wp-json\/wp\/v2\/types\/post"}],"author":[{"embeddable":true,"href":"https:\/\/www.notibras.com\/site\/wp-json\/wp\/v2\/users\/2"}],"replies":[{"embeddable":true,"href":"https:\/\/www.notibras.com\/site\/wp-json\/wp\/v2\/comments?post=325891"}],"version-history":[{"count":2,"href":"https:\/\/www.notibras.com\/site\/wp-json\/wp\/v2\/posts\/325891\/revisions"}],"predecessor-version":[{"id":325894,"href":"https:\/\/www.notibras.com\/site\/wp-json\/wp\/v2\/posts\/325891\/revisions\/325894"}],"wp:featuredmedia":[{"embeddable":true,"href":"https:\/\/www.notibras.com\/site\/wp-json\/wp\/v2\/media\/325892"}],"wp:attachment":[{"href":"https:\/\/www.notibras.com\/site\/wp-json\/wp\/v2\/media?parent=325891"}],"wp:term":[{"taxonomy":"category","embeddable":true,"href":"https:\/\/www.notibras.com\/site\/wp-json\/wp\/v2\/categories?post=325891"},{"taxonomy":"post_tag","embeddable":true,"href":"https:\/\/www.notibras.com\/site\/wp-json\/wp\/v2\/tags?post=325891"}],"curies":[{"name":"wp","href":"https:\/\/api.w.org\/{rel}","templated":true}]}}