{"id":32590,"date":"2015-01-01T00:00:43","date_gmt":"2015-01-01T03:00:43","guid":{"rendered":"http:\/\/www.notibras.com\/site\/?p=32590"},"modified":"2015-01-01T14:22:36","modified_gmt":"2015-01-01T17:22:36","slug":"novo-ano-comeca-ruim-para-dilma-quem-entrou-com-forca-pode-sair-logo-e-desgastado","status":"publish","type":"post","link":"https:\/\/www.notibras.com\/site\/novo-ano-comeca-ruim-para-dilma-quem-entrou-com-forca-pode-sair-logo-e-desgastado\/","title":{"rendered":"Novo ano come\u00e7a ruim para Dilma. Quem entrou com for\u00e7a sair\u00e1 logo e desgastado"},"content":{"rendered":"<p>O ano que se inicia ser\u00e1 de turbul\u00eancias para a presidente Dilma Rousseff, segundo previs\u00e3o da numer\u00f3loga Aparecida Liberato. Somente a partir de Abril, diz a esot\u00e9rica, \u00e9 que o Brasil ter\u00e1 energia favor\u00e1vel para come\u00e7ar a seguir um novo rumo na economia.<\/p>\n<p>Por\u00e9m, adverte Aparecida, pelos primeiros quatro ou cinco meses, tudo girar\u00e1 com muita lentid\u00e3o, &#8220;porque a energia 33=6 que afeta o Brasil em Janeiro e exerce influ\u00eancia nos outros meses traz um sentimento de car\u00eancia e injusti\u00e7a ao povo.&#8221;<\/p>\n<p>No entendimento da numer\u00f3loga, essa car\u00eancia pode se transformar facilmente em apelos e reivindica\u00e7\u00f5es, gerando manifesta\u00e7\u00f5es e tumultos e dificultando, consequentemente, a tomada de decis\u00f5es.<\/p>\n<p>Diferentemente do ano 2014 em que as manifesta\u00e7\u00f5es do povo mais pareciam atos desesperados contra tudo, em 2015 os grupos estar\u00e3o estruturados e organizados e com reivindica\u00e7\u00f5es focadas, afirma Liberato.<\/p>\n<blockquote><p>&#8211; A presidente Dilma viver\u00e1 sob as energias 6 e 7 em 2015 tamb\u00e9m n\u00e3o ter\u00e1 um ano f\u00e1cil. Ela come\u00e7a o ano com a energia 7 que n\u00e3o contribui para que tenha boas rela\u00e7\u00f5es, nem com o povo, com membros do partido ou com a equipe econ\u00f4mica, diz.<\/p><\/blockquote>\n<p>Esse n\u00famero, acrescenta a esot\u00e9rica, ir\u00e1 tornar mais forte ainda certas caracter\u00edsticas de personalidade da presidente. Isso porque ela tem um n\u00famero 7 em sua vida, exatamente na soma das consoantes do seu nome. &#8220;E entre as caracter\u00edsticas 7 de personalidade est\u00e3o a exig\u00eancia demasiada e a dificuldade em receber cr\u00edticas e aceitar ideias dos outros.&#8221;<\/p>\n<p>At\u00e9 a metade do ano Dilma ter\u00e1 s\u00e9rias restri\u00e7\u00f5es vindas de todos os lados e pouco apoio. Tudo ficar\u00e1 travado e nenhuma reforma e nenhum desenvolvimento ter\u00e1 lugar em nosso pa\u00eds. Somente no segundo semestre, quando Dilma entra em seus meses iniciados pela energia 5 \u00e9 que ela conseguir\u00e1, ainda que com muitas dificuldades, promover alguma mudan\u00e7a.<\/p>\n<p>Liberato garante que Dilma ser\u00e1 muito pressionada por v\u00e1rias frentes e v\u00e1rios motivos, &#8220;inclusive os que envolvem os assuntos da Petrobras, \u00a0e ela n\u00e3o suporta receber press\u00f5es de ningu\u00e9m.&#8221;.<\/p>\n<p>A postura da presidente e a insatisfa\u00e7\u00e3o popular poder\u00e1 acarretar uma diminui\u00e7\u00e3o da vitalidade f\u00edsica da presidente em Setembro e sua sa\u00fade sofrer\u00e1 com isso, sublinha Liberato.<\/p>\n<p>&#8211; Ela (a presidente) ir\u00e1 precisar descansar, porque 2015 ser\u00e1 um per\u00edodo pessoalmente cheio de d\u00favidas e insatisfa\u00e7\u00f5es o que poder\u00e1 gerar conflitos no relacionamento com Joaquim Levy (ministro da Fazenda) e Nelson Barbosa (ministro do Planejamento. Esse desgaste nas rela\u00e7\u00f5es com os dois ministros poder\u00e1 acarretar mudan\u00e7as na equipe de governo&#8221;, conclui.<\/p>\n","protected":false},"excerpt":{"rendered":"<p>O ano que se inicia ser\u00e1 de turbul\u00eancias para a presidente Dilma Rousseff, segundo previs\u00e3o da numer\u00f3loga Aparecida Liberato. Somente a partir de Abril, diz a esot\u00e9rica, \u00e9 que o Brasil ter\u00e1 energia favor\u00e1vel para come\u00e7ar a seguir um novo rumo na economia. Por\u00e9m, adverte Aparecida, pelos primeiros quatro ou cinco meses, tudo girar\u00e1 com [&hellip;]<\/p>\n","protected":false},"author":2,"featured_media":32591,"comment_status":"open","ping_status":"closed","sticky":false,"template":"","format":"standard","meta":{"_acf_changed":false,"footnotes":""},"categories":[16],"tags":[],"class_list":["post-32590","post","type-post","status-publish","format-standard","has-post-thumbnail","hentry","category-brasil"],"acf":[],"yoast_head":"<!-- This site is optimized with the Yoast SEO plugin v27.2 - https:\/\/yoast.com\/product\/yoast-seo-wordpress\/ -->\n<title>Novo ano come\u00e7a ruim para Dilma. Quem entrou com for\u00e7a sair\u00e1 logo e desgastado - Notibras<\/title>\n<meta name=\"robots\" content=\"index, follow, max-snippet:-1, max-image-preview:large, max-video-preview:-1\" \/>\n<link rel=\"canonical\" href=\"https:\/\/www.notibras.com\/site\/novo-ano-comeca-ruim-para-dilma-quem-entrou-com-forca-pode-sair-logo-e-desgastado\/\" \/>\n<meta property=\"og:locale\" content=\"pt_BR\" \/>\n<meta property=\"og:type\" content=\"article\" \/>\n<meta property=\"og:title\" content=\"Novo ano come\u00e7a ruim para Dilma. Quem entrou com for\u00e7a sair\u00e1 logo e desgastado - Notibras\" \/>\n<meta property=\"og:description\" content=\"O ano que se inicia ser\u00e1 de turbul\u00eancias para a presidente Dilma Rousseff, segundo previs\u00e3o da numer\u00f3loga Aparecida Liberato. Somente a partir de Abril, diz a esot\u00e9rica, \u00e9 que o Brasil ter\u00e1 energia favor\u00e1vel para come\u00e7ar a seguir um novo rumo na economia. Por\u00e9m, adverte Aparecida, pelos primeiros quatro ou cinco meses, tudo girar\u00e1 com [&hellip;]\" \/>\n<meta property=\"og:url\" content=\"https:\/\/www.notibras.com\/site\/novo-ano-comeca-ruim-para-dilma-quem-entrou-com-forca-pode-sair-logo-e-desgastado\/\" \/>\n<meta property=\"og:site_name\" content=\"Notibras\" \/>\n<meta property=\"article:publisher\" content=\"https:\/\/www.facebook.com\/notibras\/\" \/>\n<meta property=\"article:published_time\" content=\"2015-01-01T03:00:43+00:00\" \/>\n<meta property=\"article:modified_time\" content=\"2015-01-01T17:22:36+00:00\" \/>\n<meta property=\"og:image\" content=\"https:\/\/www.notibras.com\/site\/wp-content\/uploads\/2015\/01\/dcf.jpg\" \/>\n\t<meta property=\"og:image:width\" content=\"620\" \/>\n\t<meta property=\"og:image:height\" content=\"349\" \/>\n\t<meta property=\"og:image:type\" content=\"image\/jpeg\" \/>\n<meta name=\"author\" content=\"Reda\u00e7\u00e3o\" \/>\n<meta name=\"twitter:card\" content=\"summary_large_image\" \/>\n<meta name=\"twitter:creator\" content=\"@Notibras\" \/>\n<meta name=\"twitter:site\" content=\"@Notibras\" \/>\n<meta name=\"twitter:label1\" content=\"Escrito por\" \/>\n\t<meta name=\"twitter:data1\" content=\"Reda\u00e7\u00e3o\" \/>\n\t<meta name=\"twitter:label2\" content=\"Est. tempo de leitura\" \/>\n\t<meta name=\"twitter:data2\" content=\"2 minutos\" \/>\n<script type=\"application\/ld+json\" class=\"yoast-schema-graph\">{\"@context\":\"https:\/\/schema.org\",\"@graph\":[{\"@type\":\"Article\",\"@id\":\"https:\/\/www.notibras.com\/site\/novo-ano-comeca-ruim-para-dilma-quem-entrou-com-forca-pode-sair-logo-e-desgastado\/#article\",\"isPartOf\":{\"@id\":\"https:\/\/www.notibras.com\/site\/novo-ano-comeca-ruim-para-dilma-quem-entrou-com-forca-pode-sair-logo-e-desgastado\/\"},\"author\":{\"name\":\"Reda\u00e7\u00e3o\",\"@id\":\"https:\/\/www.notibras.com\/site\/#\/schema\/person\/36ab0979449956132d3e5b517ea76ac8\"},\"headline\":\"Novo ano come\u00e7a ruim para Dilma. Quem entrou com for\u00e7a sair\u00e1 logo e desgastado\",\"datePublished\":\"2015-01-01T03:00:43+00:00\",\"dateModified\":\"2015-01-01T17:22:36+00:00\",\"mainEntityOfPage\":{\"@id\":\"https:\/\/www.notibras.com\/site\/novo-ano-comeca-ruim-para-dilma-quem-entrou-com-forca-pode-sair-logo-e-desgastado\/\"},\"wordCount\":463,\"commentCount\":0,\"publisher\":{\"@id\":\"https:\/\/www.notibras.com\/site\/#organization\"},\"image\":{\"@id\":\"https:\/\/www.notibras.com\/site\/novo-ano-comeca-ruim-para-dilma-quem-entrou-com-forca-pode-sair-logo-e-desgastado\/#primaryimage\"},\"thumbnailUrl\":\"https:\/\/www.notibras.com\/site\/wp-content\/uploads\/2015\/01\/dcf.jpg\",\"articleSection\":[\"Brasil\"],\"inLanguage\":\"pt-BR\",\"potentialAction\":[{\"@type\":\"CommentAction\",\"name\":\"Comment\",\"target\":[\"https:\/\/www.notibras.com\/site\/novo-ano-comeca-ruim-para-dilma-quem-entrou-com-forca-pode-sair-logo-e-desgastado\/#respond\"]}]},{\"@type\":\"WebPage\",\"@id\":\"https:\/\/www.notibras.com\/site\/novo-ano-comeca-ruim-para-dilma-quem-entrou-com-forca-pode-sair-logo-e-desgastado\/\",\"url\":\"https:\/\/www.notibras.com\/site\/novo-ano-comeca-ruim-para-dilma-quem-entrou-com-forca-pode-sair-logo-e-desgastado\/\",\"name\":\"Novo ano come\u00e7a ruim para Dilma. Quem entrou com for\u00e7a sair\u00e1 logo e desgastado - Notibras\",\"isPartOf\":{\"@id\":\"https:\/\/www.notibras.com\/site\/#website\"},\"primaryImageOfPage\":{\"@id\":\"https:\/\/www.notibras.com\/site\/novo-ano-comeca-ruim-para-dilma-quem-entrou-com-forca-pode-sair-logo-e-desgastado\/#primaryimage\"},\"image\":{\"@id\":\"https:\/\/www.notibras.com\/site\/novo-ano-comeca-ruim-para-dilma-quem-entrou-com-forca-pode-sair-logo-e-desgastado\/#primaryimage\"},\"thumbnailUrl\":\"https:\/\/www.notibras.com\/site\/wp-content\/uploads\/2015\/01\/dcf.jpg\",\"datePublished\":\"2015-01-01T03:00:43+00:00\",\"dateModified\":\"2015-01-01T17:22:36+00:00\",\"breadcrumb\":{\"@id\":\"https:\/\/www.notibras.com\/site\/novo-ano-comeca-ruim-para-dilma-quem-entrou-com-forca-pode-sair-logo-e-desgastado\/#breadcrumb\"},\"inLanguage\":\"pt-BR\",\"potentialAction\":[{\"@type\":\"ReadAction\",\"target\":[\"https:\/\/www.notibras.com\/site\/novo-ano-comeca-ruim-para-dilma-quem-entrou-com-forca-pode-sair-logo-e-desgastado\/\"]}]},{\"@type\":\"ImageObject\",\"inLanguage\":\"pt-BR\",\"@id\":\"https:\/\/www.notibras.com\/site\/novo-ano-comeca-ruim-para-dilma-quem-entrou-com-forca-pode-sair-logo-e-desgastado\/#primaryimage\",\"url\":\"https:\/\/www.notibras.com\/site\/wp-content\/uploads\/2015\/01\/dcf.jpg\",\"contentUrl\":\"https:\/\/www.notibras.com\/site\/wp-content\/uploads\/2015\/01\/dcf.jpg\",\"width\":620,\"height\":349},{\"@type\":\"BreadcrumbList\",\"@id\":\"https:\/\/www.notibras.com\/site\/novo-ano-comeca-ruim-para-dilma-quem-entrou-com-forca-pode-sair-logo-e-desgastado\/#breadcrumb\",\"itemListElement\":[{\"@type\":\"ListItem\",\"position\":1,\"name\":\"In\u00edcio\",\"item\":\"https:\/\/www.notibras.com\/site\/\"},{\"@type\":\"ListItem\",\"position\":2,\"name\":\"Novo ano come\u00e7a ruim para Dilma. Quem entrou com for\u00e7a sair\u00e1 logo e desgastado\"}]},{\"@type\":\"WebSite\",\"@id\":\"https:\/\/www.notibras.com\/site\/#website\",\"url\":\"https:\/\/www.notibras.com\/site\/\",\"name\":\"Notibras\",\"description\":\"Not\u00edcias de Bras\u00edlia, do Brasil e do Mundo\",\"publisher\":{\"@id\":\"https:\/\/www.notibras.com\/site\/#organization\"},\"potentialAction\":[{\"@type\":\"SearchAction\",\"target\":{\"@type\":\"EntryPoint\",\"urlTemplate\":\"https:\/\/www.notibras.com\/site\/?s={search_term_string}\"},\"query-input\":{\"@type\":\"PropertyValueSpecification\",\"valueRequired\":true,\"valueName\":\"search_term_string\"}}],\"inLanguage\":\"pt-BR\"},{\"@type\":\"Organization\",\"@id\":\"https:\/\/www.notibras.com\/site\/#organization\",\"name\":\"Grupo Notibras de Comunica\u00e7\u00e3o\",\"url\":\"https:\/\/www.notibras.com\/site\/\",\"logo\":{\"@type\":\"ImageObject\",\"inLanguage\":\"pt-BR\",\"@id\":\"https:\/\/www.notibras.com\/site\/#\/schema\/logo\/image\/\",\"url\":\"https:\/\/www.notibras.com\/site\/wp-content\/uploads\/2023\/01\/notibras23.png\",\"contentUrl\":\"https:\/\/www.notibras.com\/site\/wp-content\/uploads\/2023\/01\/notibras23.png\",\"width\":350,\"height\":87,\"caption\":\"Grupo Notibras de Comunica\u00e7\u00e3o\"},\"image\":{\"@id\":\"https:\/\/www.notibras.com\/site\/#\/schema\/logo\/image\/\"},\"sameAs\":[\"https:\/\/www.facebook.com\/notibras\/\",\"https:\/\/x.com\/Notibras\",\"https:\/\/www.instagram.com\/notibras\/\"]},{\"@type\":\"Person\",\"@id\":\"https:\/\/www.notibras.com\/site\/#\/schema\/person\/36ab0979449956132d3e5b517ea76ac8\",\"name\":\"Reda\u00e7\u00e3o\",\"image\":{\"@type\":\"ImageObject\",\"inLanguage\":\"pt-BR\",\"@id\":\"https:\/\/secure.gravatar.com\/avatar\/e0a867bdedb85fd243eadf09663511f96fc81e0720a4a42581f334ad4303aa6b?s=96&d=mm&r=g\",\"url\":\"https:\/\/secure.gravatar.com\/avatar\/e0a867bdedb85fd243eadf09663511f96fc81e0720a4a42581f334ad4303aa6b?s=96&d=mm&r=g\",\"contentUrl\":\"https:\/\/secure.gravatar.com\/avatar\/e0a867bdedb85fd243eadf09663511f96fc81e0720a4a42581f334ad4303aa6b?s=96&d=mm&r=g\",\"caption\":\"Reda\u00e7\u00e3o\"}}]}<\/script>\n<!-- \/ Yoast SEO plugin. -->","yoast_head_json":{"title":"Novo ano come\u00e7a ruim para Dilma. Quem entrou com for\u00e7a sair\u00e1 logo e desgastado - Notibras","robots":{"index":"index","follow":"follow","max-snippet":"max-snippet:-1","max-image-preview":"max-image-preview:large","max-video-preview":"max-video-preview:-1"},"canonical":"https:\/\/www.notibras.com\/site\/novo-ano-comeca-ruim-para-dilma-quem-entrou-com-forca-pode-sair-logo-e-desgastado\/","og_locale":"pt_BR","og_type":"article","og_title":"Novo ano come\u00e7a ruim para Dilma. Quem entrou com for\u00e7a sair\u00e1 logo e desgastado - Notibras","og_description":"O ano que se inicia ser\u00e1 de turbul\u00eancias para a presidente Dilma Rousseff, segundo previs\u00e3o da numer\u00f3loga Aparecida Liberato. Somente a partir de Abril, diz a esot\u00e9rica, \u00e9 que o Brasil ter\u00e1 energia favor\u00e1vel para come\u00e7ar a seguir um novo rumo na economia. Por\u00e9m, adverte Aparecida, pelos primeiros quatro ou cinco meses, tudo girar\u00e1 com [&hellip;]","og_url":"https:\/\/www.notibras.com\/site\/novo-ano-comeca-ruim-para-dilma-quem-entrou-com-forca-pode-sair-logo-e-desgastado\/","og_site_name":"Notibras","article_publisher":"https:\/\/www.facebook.com\/notibras\/","article_published_time":"2015-01-01T03:00:43+00:00","article_modified_time":"2015-01-01T17:22:36+00:00","og_image":[{"width":620,"height":349,"url":"https:\/\/www.notibras.com\/site\/wp-content\/uploads\/2015\/01\/dcf.jpg","type":"image\/jpeg"}],"author":"Reda\u00e7\u00e3o","twitter_card":"summary_large_image","twitter_creator":"@Notibras","twitter_site":"@Notibras","twitter_misc":{"Escrito por":"Reda\u00e7\u00e3o","Est. tempo de leitura":"2 minutos"},"schema":{"@context":"https:\/\/schema.org","@graph":[{"@type":"Article","@id":"https:\/\/www.notibras.com\/site\/novo-ano-comeca-ruim-para-dilma-quem-entrou-com-forca-pode-sair-logo-e-desgastado\/#article","isPartOf":{"@id":"https:\/\/www.notibras.com\/site\/novo-ano-comeca-ruim-para-dilma-quem-entrou-com-forca-pode-sair-logo-e-desgastado\/"},"author":{"name":"Reda\u00e7\u00e3o","@id":"https:\/\/www.notibras.com\/site\/#\/schema\/person\/36ab0979449956132d3e5b517ea76ac8"},"headline":"Novo ano come\u00e7a ruim para Dilma. Quem entrou com for\u00e7a sair\u00e1 logo e desgastado","datePublished":"2015-01-01T03:00:43+00:00","dateModified":"2015-01-01T17:22:36+00:00","mainEntityOfPage":{"@id":"https:\/\/www.notibras.com\/site\/novo-ano-comeca-ruim-para-dilma-quem-entrou-com-forca-pode-sair-logo-e-desgastado\/"},"wordCount":463,"commentCount":0,"publisher":{"@id":"https:\/\/www.notibras.com\/site\/#organization"},"image":{"@id":"https:\/\/www.notibras.com\/site\/novo-ano-comeca-ruim-para-dilma-quem-entrou-com-forca-pode-sair-logo-e-desgastado\/#primaryimage"},"thumbnailUrl":"https:\/\/www.notibras.com\/site\/wp-content\/uploads\/2015\/01\/dcf.jpg","articleSection":["Brasil"],"inLanguage":"pt-BR","potentialAction":[{"@type":"CommentAction","name":"Comment","target":["https:\/\/www.notibras.com\/site\/novo-ano-comeca-ruim-para-dilma-quem-entrou-com-forca-pode-sair-logo-e-desgastado\/#respond"]}]},{"@type":"WebPage","@id":"https:\/\/www.notibras.com\/site\/novo-ano-comeca-ruim-para-dilma-quem-entrou-com-forca-pode-sair-logo-e-desgastado\/","url":"https:\/\/www.notibras.com\/site\/novo-ano-comeca-ruim-para-dilma-quem-entrou-com-forca-pode-sair-logo-e-desgastado\/","name":"Novo ano come\u00e7a ruim para Dilma. Quem entrou com for\u00e7a sair\u00e1 logo e desgastado - Notibras","isPartOf":{"@id":"https:\/\/www.notibras.com\/site\/#website"},"primaryImageOfPage":{"@id":"https:\/\/www.notibras.com\/site\/novo-ano-comeca-ruim-para-dilma-quem-entrou-com-forca-pode-sair-logo-e-desgastado\/#primaryimage"},"image":{"@id":"https:\/\/www.notibras.com\/site\/novo-ano-comeca-ruim-para-dilma-quem-entrou-com-forca-pode-sair-logo-e-desgastado\/#primaryimage"},"thumbnailUrl":"https:\/\/www.notibras.com\/site\/wp-content\/uploads\/2015\/01\/dcf.jpg","datePublished":"2015-01-01T03:00:43+00:00","dateModified":"2015-01-01T17:22:36+00:00","breadcrumb":{"@id":"https:\/\/www.notibras.com\/site\/novo-ano-comeca-ruim-para-dilma-quem-entrou-com-forca-pode-sair-logo-e-desgastado\/#breadcrumb"},"inLanguage":"pt-BR","potentialAction":[{"@type":"ReadAction","target":["https:\/\/www.notibras.com\/site\/novo-ano-comeca-ruim-para-dilma-quem-entrou-com-forca-pode-sair-logo-e-desgastado\/"]}]},{"@type":"ImageObject","inLanguage":"pt-BR","@id":"https:\/\/www.notibras.com\/site\/novo-ano-comeca-ruim-para-dilma-quem-entrou-com-forca-pode-sair-logo-e-desgastado\/#primaryimage","url":"https:\/\/www.notibras.com\/site\/wp-content\/uploads\/2015\/01\/dcf.jpg","contentUrl":"https:\/\/www.notibras.com\/site\/wp-content\/uploads\/2015\/01\/dcf.jpg","width":620,"height":349},{"@type":"BreadcrumbList","@id":"https:\/\/www.notibras.com\/site\/novo-ano-comeca-ruim-para-dilma-quem-entrou-com-forca-pode-sair-logo-e-desgastado\/#breadcrumb","itemListElement":[{"@type":"ListItem","position":1,"name":"In\u00edcio","item":"https:\/\/www.notibras.com\/site\/"},{"@type":"ListItem","position":2,"name":"Novo ano come\u00e7a ruim para Dilma. Quem entrou com for\u00e7a sair\u00e1 logo e desgastado"}]},{"@type":"WebSite","@id":"https:\/\/www.notibras.com\/site\/#website","url":"https:\/\/www.notibras.com\/site\/","name":"Notibras","description":"Not\u00edcias de Bras\u00edlia, do Brasil e do Mundo","publisher":{"@id":"https:\/\/www.notibras.com\/site\/#organization"},"potentialAction":[{"@type":"SearchAction","target":{"@type":"EntryPoint","urlTemplate":"https:\/\/www.notibras.com\/site\/?s={search_term_string}"},"query-input":{"@type":"PropertyValueSpecification","valueRequired":true,"valueName":"search_term_string"}}],"inLanguage":"pt-BR"},{"@type":"Organization","@id":"https:\/\/www.notibras.com\/site\/#organization","name":"Grupo Notibras de Comunica\u00e7\u00e3o","url":"https:\/\/www.notibras.com\/site\/","logo":{"@type":"ImageObject","inLanguage":"pt-BR","@id":"https:\/\/www.notibras.com\/site\/#\/schema\/logo\/image\/","url":"https:\/\/www.notibras.com\/site\/wp-content\/uploads\/2023\/01\/notibras23.png","contentUrl":"https:\/\/www.notibras.com\/site\/wp-content\/uploads\/2023\/01\/notibras23.png","width":350,"height":87,"caption":"Grupo Notibras de Comunica\u00e7\u00e3o"},"image":{"@id":"https:\/\/www.notibras.com\/site\/#\/schema\/logo\/image\/"},"sameAs":["https:\/\/www.facebook.com\/notibras\/","https:\/\/x.com\/Notibras","https:\/\/www.instagram.com\/notibras\/"]},{"@type":"Person","@id":"https:\/\/www.notibras.com\/site\/#\/schema\/person\/36ab0979449956132d3e5b517ea76ac8","name":"Reda\u00e7\u00e3o","image":{"@type":"ImageObject","inLanguage":"pt-BR","@id":"https:\/\/secure.gravatar.com\/avatar\/e0a867bdedb85fd243eadf09663511f96fc81e0720a4a42581f334ad4303aa6b?s=96&d=mm&r=g","url":"https:\/\/secure.gravatar.com\/avatar\/e0a867bdedb85fd243eadf09663511f96fc81e0720a4a42581f334ad4303aa6b?s=96&d=mm&r=g","contentUrl":"https:\/\/secure.gravatar.com\/avatar\/e0a867bdedb85fd243eadf09663511f96fc81e0720a4a42581f334ad4303aa6b?s=96&d=mm&r=g","caption":"Reda\u00e7\u00e3o"}}]}},"amp_enabled":true,"_links":{"self":[{"href":"https:\/\/www.notibras.com\/site\/wp-json\/wp\/v2\/posts\/32590","targetHints":{"allow":["GET"]}}],"collection":[{"href":"https:\/\/www.notibras.com\/site\/wp-json\/wp\/v2\/posts"}],"about":[{"href":"https:\/\/www.notibras.com\/site\/wp-json\/wp\/v2\/types\/post"}],"author":[{"embeddable":true,"href":"https:\/\/www.notibras.com\/site\/wp-json\/wp\/v2\/users\/2"}],"replies":[{"embeddable":true,"href":"https:\/\/www.notibras.com\/site\/wp-json\/wp\/v2\/comments?post=32590"}],"version-history":[{"count":0,"href":"https:\/\/www.notibras.com\/site\/wp-json\/wp\/v2\/posts\/32590\/revisions"}],"wp:featuredmedia":[{"embeddable":true,"href":"https:\/\/www.notibras.com\/site\/wp-json\/wp\/v2\/media\/32591"}],"wp:attachment":[{"href":"https:\/\/www.notibras.com\/site\/wp-json\/wp\/v2\/media?parent=32590"}],"wp:term":[{"taxonomy":"category","embeddable":true,"href":"https:\/\/www.notibras.com\/site\/wp-json\/wp\/v2\/categories?post=32590"},{"taxonomy":"post_tag","embeddable":true,"href":"https:\/\/www.notibras.com\/site\/wp-json\/wp\/v2\/tags?post=32590"}],"curies":[{"name":"wp","href":"https:\/\/api.w.org\/{rel}","templated":true}]}}