{"id":325928,"date":"2024-04-03T07:39:18","date_gmt":"2024-04-03T10:39:18","guid":{"rendered":"https:\/\/www.notibras.com\/site\/?p=325928"},"modified":"2024-04-03T07:39:18","modified_gmt":"2024-04-03T10:39:18","slug":"novo-partido-chega-com-trejeitos-da-velha-politica","status":"publish","type":"post","link":"https:\/\/www.notibras.com\/site\/novo-partido-chega-com-trejeitos-da-velha-politica\/","title":{"rendered":"Novo partido chega com trejeitos da velha pol\u00edtica"},"content":{"rendered":"<p>Com um olho no peixe e outro no gato, o PRD-DF quer \u2013 al\u00e9m de ser conhecido como Partido da Renova\u00e7\u00e3o Democr\u00e1tica -, encontrar um bom termo para propor uma alternativa pol\u00edtica para a capital da Rep\u00fablica sem precisar pedir ben\u00e7\u00e3o ao governador Ibaneis Rocha.<\/p>\n<p>A proposta \u00e9 desafiadora diante do fato de que sua origem se confunde com o objetivo de sua pr\u00f3pria exist\u00eancia \u2013 que \u00e9 a mesma de todas as outras agremia\u00e7\u00f5es partid\u00e1rias existentes no pa\u00eds: recursos do Fundo Partid\u00e1rio e tempo de r\u00e1dio e televis\u00e3o para garantir musculatura pol\u00edtica local e nacional.<\/p>\n<p>Na \u00faltima semana, pol\u00edticos sem mandato, deputados distritais eleitos (mas sem partido), ex &#8211; parlamentares e at\u00e9 a vice-governadora Celina Le\u00e3o uniram for\u00e7as para assumir o comando da legenda. A disputa foi intensa, a movimenta\u00e7\u00e3o come\u00e7ou desde a \u00faltima elei\u00e7\u00e3o e culminou, em novembro de 2023, com a fus\u00e3o do PTB com o Patriota. Surgiu da\u00ed o PRD, antes pensado, de acordo com seu estatuto, como partido &#8216;Mais Brasil&#8217;. O n\u00famero \u00e9 o 25, herdado do falecido DEM, integrando mais uma salada partid\u00e1ria.<\/p>\n<p>Para dar a musculatura pol\u00edtica, o PRD tem o deputado distrital Rog\u00e9rio Morro da Cruz, atualmente sem partido, mas que foi eleito pelo falecido PMN. Ele \u00e9 a principal estrela da legenda. Entre suas bandeiras destacam-se prioridades para o seu mandato na C\u00e2mara Legislativa, como a regulariza\u00e7\u00e3o fundi\u00e1ria. Rog\u00e9rio quer fazer um mandato que n\u00e3o fique s\u00f3 no discurso, mas na pr\u00e1tica. Para isso, ele criou na C\u00e2mara Legislativa a Frente Parlamentar da Regulariza\u00e7\u00e3o Fundi\u00e1ria Urbana e Rural. O presidente, claro, \u00e9 o pr\u00f3prio Morro da Cruz. Seu tipo \u00e9 meio camale\u00e3o. Da base governista de Ibaneis, nem por isso deixa de ser pupilo futurista de candidatos a substituir o atual ocupante da cadeira do Pal\u00e1cio do Buriti.<\/p>\n<p>Um fato, antes dos novos tempos, \u00e9 que nas elei\u00e7\u00f5es gerais de 2022, 16 partidos n\u00e3o alcan\u00e7aram a meta da barreira fixada pela legisla\u00e7\u00e3o eleitoral \u2013 7 partidos at\u00e9 conseguiram eleger deputados federais. Mas o n\u00famero n\u00e3o foi suficiente para alcan\u00e7ar o crit\u00e9rio de desempenho fixado pela legisla\u00e7\u00e3o.<\/p>\n<p>Os partidos pol\u00edticos que n\u00e3o conseguiram ultrapassar a cl\u00e1usula de barreira em 2022 s\u00e3o Avante, PSC, Solidariedade, Patriota, PTB, Novo e Pros. Outras legendas partid\u00e1rias como Agir, DC, PCB, PCO, PMB, PMN, PRTB, PSTU e UP sequer tiveram parlamentares eleitos.<\/p>\n<p>O PRD, j\u00e1 foi dito, \u00e9 fruto da fus\u00e3o do PTB e Patriotas. Os dois partidos n\u00e3o atingiram a cl\u00e1usula de desempenho nas elei\u00e7\u00f5es de 2022, mas boa parte de sua executiva provis\u00f3ria, na capital, \u00e9 oriunda do PMN, que no pleito passado garantiu a vaga de Rog\u00e9rio Morro da Cruz.<\/p>\n<p>Dos 28 partidos e federa\u00e7\u00f5es que disputaram o \u00faltimo pleito, apenas 12 conseguiram alcan\u00e7ar a cl\u00e1usula de desempenho fixada pela Emenda Constitucional 97, de 2017. Nos pr\u00f3ximos quatro anos, somente essas 12 legendas \u2013 o grande objetivo dos caciques das legendas \u00e9 esse, e n\u00e3o mais nenhum outro &#8211; v\u00e3o poder receber dinheiro do Fundo Partid\u00e1rio e usar o tempo de propaganda gratuita de r\u00e1dio e televis\u00e3o.<\/p>\n<p>De acordo com a Emenda Constitucional 97, s\u00f3 podem ter acesso aos recursos do Fundo Partid\u00e1rio e \u00e0 propaganda gratuita no r\u00e1dio e na televis\u00e3o os partidos pol\u00edticos que alcan\u00e7arem um dos seguintes crit\u00e9rios de desempenho:<\/p>\n<p>&#8211; Elei\u00e7\u00e3o de pelo menos 11 deputados federais, distribu\u00eddos em pelo menos 9 unidades da Federa\u00e7\u00e3o; ou<\/p>\n<p>&#8211; Obten\u00e7\u00e3o de, no m\u00ednimo, 2% dos votos v\u00e1lidos nas elei\u00e7\u00f5es para a C\u00e2mara dos Deputados, distribu\u00eddos em pelo menos 9 unidades da Federa\u00e7\u00e3o, com um m\u00ednimo de 1% dos votos v\u00e1lidos em cada um deles.<\/p>\n<p>A cl\u00e1usula de desempenho passou a ser aplicada a partir das elei\u00e7\u00f5es gerais de 2018 e ser\u00e1 reajustada de forma escalonada em todos os pleitos federais at\u00e9 atingir o \u00e1pice nas elei\u00e7\u00f5es gerais de 2030. Na ocasi\u00e3o, s\u00f3 ter\u00e3o direito a recursos do Fundo Partid\u00e1rio e ao tempo de r\u00e1dio e televis\u00e3o os partidos pol\u00edticos que:<\/p>\n<p>&#8211; Elejam pelo menos 15 deputados federais, distribu\u00eddos em pelo menos um ter\u00e7o das unidades da Federa\u00e7\u00e3o; ou<\/p>\n<p>&#8211; Obtenham, nas elei\u00e7\u00f5es para a C\u00e2mara dos Deputados, no m\u00ednimo 3% dos votos v\u00e1lidos, distribu\u00eddos em pelo menos um ter\u00e7o das unidades da Federa\u00e7\u00e3o, com um m\u00ednimo de 2% dos votos v\u00e1lidos em cada uma delas.<\/p>\n<p>Os 16 partidos que n\u00e3o atingiram a cl\u00e1usula de barreira continuam a existir, embora n\u00e3o recebam mais suporte financeiro de origem p\u00fablica desde fevereiro de 2023. Para evitar essa restri\u00e7\u00e3o, esses partidos usufruem de algumas alternativas, como recorrer a fus\u00e3o, incorpora\u00e7\u00e3o ou federa\u00e7\u00e3o com legendas que obtiveram melhor desempenho nas urnas &#8211; e foi isso que o PTB e o Patriota fizeram para criar o PRD.<\/p>\n<p>No Distrito Federal, o deputado distrital Morro da Cruz, eleito pelo PMN, conseguiu o direito de desfilia\u00e7\u00e3o pelo fato desse partido n\u00e3o ter atingido a cl\u00e1usula de barreira. Agora, em festa na capital, Rog\u00e9rio \u00e9 a nova estrela pol\u00edtica do PRD e j\u00e1 tem uma barreira a vencer, que \u00e9 a meta da executiva da legenda, ou seja, a de propor uma alternativa pol\u00edtica para o Distrito Federal sem precisar pedir ben\u00e7\u00e3o a Ibaneis Rocha ou quem vier a suced\u00ea-lo.<\/p>\n<p>O fato \u00e9 que, sem dinheiro, sem recursos do Fundo Partid\u00e1rio, sem tempo de r\u00e1dio e televis\u00e3o; dificilmente se ganha uma elei\u00e7\u00e3o. Seja ela para que cargo for. E como pol\u00edtica \u00e9 como nuvem, que muda a cada instante, quem viver, ver\u00e1.<\/p>\n<p><strong>*Jo\u00e3o Moura \u00e9 observador da anatomia de governos e sociedade.<\/strong><\/p>\n","protected":false},"excerpt":{"rendered":"<p>Com um olho no peixe e outro no gato, o PRD-DF quer \u2013 al\u00e9m de ser conhecido como Partido da Renova\u00e7\u00e3o Democr\u00e1tica -, encontrar um bom termo para propor uma alternativa pol\u00edtica para a capital da Rep\u00fablica sem precisar pedir ben\u00e7\u00e3o ao governador Ibaneis Rocha. A proposta \u00e9 desafiadora diante do fato de que sua [&hellip;]<\/p>\n","protected":false},"author":2,"featured_media":290087,"comment_status":"closed","ping_status":"closed","sticky":false,"template":"","format":"standard","meta":{"_acf_changed":false,"footnotes":""},"categories":[161],"tags":[],"class_list":["post-325928","post","type-post","status-publish","format-standard","has-post-thumbnail","hentry","category-quadradinho-em-foco"],"acf":[],"yoast_head":"<!-- This site is optimized with the Yoast SEO plugin v27.5 - https:\/\/yoast.com\/product\/yoast-seo-wordpress\/ -->\n<title>Novo partido chega com trejeitos da velha pol\u00edtica - Notibras<\/title>\n<meta name=\"robots\" content=\"index, follow, max-snippet:-1, max-image-preview:large, max-video-preview:-1\" \/>\n<link rel=\"canonical\" href=\"https:\/\/www.notibras.com\/site\/novo-partido-chega-com-trejeitos-da-velha-politica\/\" \/>\n<meta property=\"og:locale\" content=\"pt_BR\" \/>\n<meta property=\"og:type\" content=\"article\" \/>\n<meta property=\"og:title\" content=\"Novo partido chega com trejeitos da velha pol\u00edtica - Notibras\" \/>\n<meta property=\"og:description\" content=\"Com um olho no peixe e outro no gato, o PRD-DF quer \u2013 al\u00e9m de ser conhecido como Partido da Renova\u00e7\u00e3o Democr\u00e1tica -, encontrar um bom termo para propor uma alternativa pol\u00edtica para a capital da Rep\u00fablica sem precisar pedir ben\u00e7\u00e3o ao governador Ibaneis Rocha. A proposta \u00e9 desafiadora diante do fato de que sua [&hellip;]\" \/>\n<meta property=\"og:url\" content=\"https:\/\/www.notibras.com\/site\/novo-partido-chega-com-trejeitos-da-velha-politica\/\" \/>\n<meta property=\"og:site_name\" content=\"Notibras\" \/>\n<meta property=\"article:publisher\" content=\"https:\/\/www.facebook.com\/notibras\/\" \/>\n<meta property=\"article:published_time\" content=\"2024-04-03T10:39:18+00:00\" \/>\n<meta property=\"og:image\" content=\"https:\/\/www.notibras.com\/site\/wp-content\/uploads\/2022\/08\/Palacio-do-Buriti.jpg\" \/>\n\t<meta property=\"og:image:width\" content=\"2048\" \/>\n\t<meta property=\"og:image:height\" content=\"1365\" \/>\n\t<meta property=\"og:image:type\" content=\"image\/jpeg\" \/>\n<meta name=\"author\" content=\"Reda\u00e7\u00e3o\" \/>\n<meta name=\"twitter:card\" content=\"summary_large_image\" \/>\n<meta name=\"twitter:creator\" content=\"@Notibras\" \/>\n<meta name=\"twitter:site\" content=\"@Notibras\" \/>\n<meta name=\"twitter:label1\" content=\"Escrito por\" \/>\n\t<meta name=\"twitter:data1\" content=\"Reda\u00e7\u00e3o\" \/>\n\t<meta name=\"twitter:label2\" content=\"Est. tempo de leitura\" \/>\n\t<meta name=\"twitter:data2\" content=\"6 minutos\" \/>\n<script type=\"application\/ld+json\" class=\"yoast-schema-graph\">{\"@context\":\"https:\\\/\\\/schema.org\",\"@graph\":[{\"@type\":\"Article\",\"@id\":\"https:\\\/\\\/www.notibras.com\\\/site\\\/novo-partido-chega-com-trejeitos-da-velha-politica\\\/#article\",\"isPartOf\":{\"@id\":\"https:\\\/\\\/www.notibras.com\\\/site\\\/novo-partido-chega-com-trejeitos-da-velha-politica\\\/\"},\"author\":{\"name\":\"Reda\u00e7\u00e3o\",\"@id\":\"https:\\\/\\\/www.notibras.com\\\/site\\\/#\\\/schema\\\/person\\\/36ab0979449956132d3e5b517ea76ac8\"},\"headline\":\"Novo partido chega com trejeitos da velha pol\u00edtica\",\"datePublished\":\"2024-04-03T10:39:18+00:00\",\"mainEntityOfPage\":{\"@id\":\"https:\\\/\\\/www.notibras.com\\\/site\\\/novo-partido-chega-com-trejeitos-da-velha-politica\\\/\"},\"wordCount\":993,\"publisher\":{\"@id\":\"https:\\\/\\\/www.notibras.com\\\/site\\\/#organization\"},\"image\":{\"@id\":\"https:\\\/\\\/www.notibras.com\\\/site\\\/novo-partido-chega-com-trejeitos-da-velha-politica\\\/#primaryimage\"},\"thumbnailUrl\":\"https:\\\/\\\/www.notibras.com\\\/site\\\/wp-content\\\/uploads\\\/2022\\\/08\\\/Palacio-do-Buriti.jpg\",\"articleSection\":[\"Quadradinho em Foco\"],\"inLanguage\":\"pt-BR\"},{\"@type\":\"WebPage\",\"@id\":\"https:\\\/\\\/www.notibras.com\\\/site\\\/novo-partido-chega-com-trejeitos-da-velha-politica\\\/\",\"url\":\"https:\\\/\\\/www.notibras.com\\\/site\\\/novo-partido-chega-com-trejeitos-da-velha-politica\\\/\",\"name\":\"Novo partido chega com trejeitos da velha pol\u00edtica - Notibras\",\"isPartOf\":{\"@id\":\"https:\\\/\\\/www.notibras.com\\\/site\\\/#website\"},\"primaryImageOfPage\":{\"@id\":\"https:\\\/\\\/www.notibras.com\\\/site\\\/novo-partido-chega-com-trejeitos-da-velha-politica\\\/#primaryimage\"},\"image\":{\"@id\":\"https:\\\/\\\/www.notibras.com\\\/site\\\/novo-partido-chega-com-trejeitos-da-velha-politica\\\/#primaryimage\"},\"thumbnailUrl\":\"https:\\\/\\\/www.notibras.com\\\/site\\\/wp-content\\\/uploads\\\/2022\\\/08\\\/Palacio-do-Buriti.jpg\",\"datePublished\":\"2024-04-03T10:39:18+00:00\",\"breadcrumb\":{\"@id\":\"https:\\\/\\\/www.notibras.com\\\/site\\\/novo-partido-chega-com-trejeitos-da-velha-politica\\\/#breadcrumb\"},\"inLanguage\":\"pt-BR\",\"potentialAction\":[{\"@type\":\"ReadAction\",\"target\":[\"https:\\\/\\\/www.notibras.com\\\/site\\\/novo-partido-chega-com-trejeitos-da-velha-politica\\\/\"]}]},{\"@type\":\"ImageObject\",\"inLanguage\":\"pt-BR\",\"@id\":\"https:\\\/\\\/www.notibras.com\\\/site\\\/novo-partido-chega-com-trejeitos-da-velha-politica\\\/#primaryimage\",\"url\":\"https:\\\/\\\/www.notibras.com\\\/site\\\/wp-content\\\/uploads\\\/2022\\\/08\\\/Palacio-do-Buriti.jpg\",\"contentUrl\":\"https:\\\/\\\/www.notibras.com\\\/site\\\/wp-content\\\/uploads\\\/2022\\\/08\\\/Palacio-do-Buriti.jpg\",\"width\":2048,\"height\":1365},{\"@type\":\"BreadcrumbList\",\"@id\":\"https:\\\/\\\/www.notibras.com\\\/site\\\/novo-partido-chega-com-trejeitos-da-velha-politica\\\/#breadcrumb\",\"itemListElement\":[{\"@type\":\"ListItem\",\"position\":1,\"name\":\"In\u00edcio\",\"item\":\"https:\\\/\\\/www.notibras.com\\\/site\\\/\"},{\"@type\":\"ListItem\",\"position\":2,\"name\":\"Novo partido chega com trejeitos da velha pol\u00edtica\"}]},{\"@type\":\"WebSite\",\"@id\":\"https:\\\/\\\/www.notibras.com\\\/site\\\/#website\",\"url\":\"https:\\\/\\\/www.notibras.com\\\/site\\\/\",\"name\":\"Notibras\",\"description\":\"Not\u00edcias de Bras\u00edlia, do Brasil e do Mundo\",\"publisher\":{\"@id\":\"https:\\\/\\\/www.notibras.com\\\/site\\\/#organization\"},\"potentialAction\":[{\"@type\":\"SearchAction\",\"target\":{\"@type\":\"EntryPoint\",\"urlTemplate\":\"https:\\\/\\\/www.notibras.com\\\/site\\\/?s={search_term_string}\"},\"query-input\":{\"@type\":\"PropertyValueSpecification\",\"valueRequired\":true,\"valueName\":\"search_term_string\"}}],\"inLanguage\":\"pt-BR\"},{\"@type\":\"Organization\",\"@id\":\"https:\\\/\\\/www.notibras.com\\\/site\\\/#organization\",\"name\":\"Grupo Notibras de Comunica\u00e7\u00e3o\",\"url\":\"https:\\\/\\\/www.notibras.com\\\/site\\\/\",\"logo\":{\"@type\":\"ImageObject\",\"inLanguage\":\"pt-BR\",\"@id\":\"https:\\\/\\\/www.notibras.com\\\/site\\\/#\\\/schema\\\/logo\\\/image\\\/\",\"url\":\"https:\\\/\\\/www.notibras.com\\\/site\\\/wp-content\\\/uploads\\\/2023\\\/01\\\/notibras23.png\",\"contentUrl\":\"https:\\\/\\\/www.notibras.com\\\/site\\\/wp-content\\\/uploads\\\/2023\\\/01\\\/notibras23.png\",\"width\":350,\"height\":87,\"caption\":\"Grupo Notibras de Comunica\u00e7\u00e3o\"},\"image\":{\"@id\":\"https:\\\/\\\/www.notibras.com\\\/site\\\/#\\\/schema\\\/logo\\\/image\\\/\"},\"sameAs\":[\"https:\\\/\\\/www.facebook.com\\\/notibras\\\/\",\"https:\\\/\\\/x.com\\\/Notibras\",\"https:\\\/\\\/www.instagram.com\\\/notibras\\\/\"]},{\"@type\":\"Person\",\"@id\":\"https:\\\/\\\/www.notibras.com\\\/site\\\/#\\\/schema\\\/person\\\/36ab0979449956132d3e5b517ea76ac8\",\"name\":\"Reda\u00e7\u00e3o\",\"image\":{\"@type\":\"ImageObject\",\"inLanguage\":\"pt-BR\",\"@id\":\"https:\\\/\\\/secure.gravatar.com\\\/avatar\\\/e0a867bdedb85fd243eadf09663511f96fc81e0720a4a42581f334ad4303aa6b?s=96&d=mm&r=g\",\"url\":\"https:\\\/\\\/secure.gravatar.com\\\/avatar\\\/e0a867bdedb85fd243eadf09663511f96fc81e0720a4a42581f334ad4303aa6b?s=96&d=mm&r=g\",\"contentUrl\":\"https:\\\/\\\/secure.gravatar.com\\\/avatar\\\/e0a867bdedb85fd243eadf09663511f96fc81e0720a4a42581f334ad4303aa6b?s=96&d=mm&r=g\",\"caption\":\"Reda\u00e7\u00e3o\"}}]}<\/script>\n<!-- \/ Yoast SEO plugin. -->","yoast_head_json":{"title":"Novo partido chega com trejeitos da velha pol\u00edtica - Notibras","robots":{"index":"index","follow":"follow","max-snippet":"max-snippet:-1","max-image-preview":"max-image-preview:large","max-video-preview":"max-video-preview:-1"},"canonical":"https:\/\/www.notibras.com\/site\/novo-partido-chega-com-trejeitos-da-velha-politica\/","og_locale":"pt_BR","og_type":"article","og_title":"Novo partido chega com trejeitos da velha pol\u00edtica - Notibras","og_description":"Com um olho no peixe e outro no gato, o PRD-DF quer \u2013 al\u00e9m de ser conhecido como Partido da Renova\u00e7\u00e3o Democr\u00e1tica -, encontrar um bom termo para propor uma alternativa pol\u00edtica para a capital da Rep\u00fablica sem precisar pedir ben\u00e7\u00e3o ao governador Ibaneis Rocha. A proposta \u00e9 desafiadora diante do fato de que sua [&hellip;]","og_url":"https:\/\/www.notibras.com\/site\/novo-partido-chega-com-trejeitos-da-velha-politica\/","og_site_name":"Notibras","article_publisher":"https:\/\/www.facebook.com\/notibras\/","article_published_time":"2024-04-03T10:39:18+00:00","og_image":[{"width":2048,"height":1365,"url":"https:\/\/www.notibras.com\/site\/wp-content\/uploads\/2022\/08\/Palacio-do-Buriti.jpg","type":"image\/jpeg"}],"author":"Reda\u00e7\u00e3o","twitter_card":"summary_large_image","twitter_creator":"@Notibras","twitter_site":"@Notibras","twitter_misc":{"Escrito por":"Reda\u00e7\u00e3o","Est. tempo de leitura":"6 minutos"},"schema":{"@context":"https:\/\/schema.org","@graph":[{"@type":"Article","@id":"https:\/\/www.notibras.com\/site\/novo-partido-chega-com-trejeitos-da-velha-politica\/#article","isPartOf":{"@id":"https:\/\/www.notibras.com\/site\/novo-partido-chega-com-trejeitos-da-velha-politica\/"},"author":{"name":"Reda\u00e7\u00e3o","@id":"https:\/\/www.notibras.com\/site\/#\/schema\/person\/36ab0979449956132d3e5b517ea76ac8"},"headline":"Novo partido chega com trejeitos da velha pol\u00edtica","datePublished":"2024-04-03T10:39:18+00:00","mainEntityOfPage":{"@id":"https:\/\/www.notibras.com\/site\/novo-partido-chega-com-trejeitos-da-velha-politica\/"},"wordCount":993,"publisher":{"@id":"https:\/\/www.notibras.com\/site\/#organization"},"image":{"@id":"https:\/\/www.notibras.com\/site\/novo-partido-chega-com-trejeitos-da-velha-politica\/#primaryimage"},"thumbnailUrl":"https:\/\/www.notibras.com\/site\/wp-content\/uploads\/2022\/08\/Palacio-do-Buriti.jpg","articleSection":["Quadradinho em Foco"],"inLanguage":"pt-BR"},{"@type":"WebPage","@id":"https:\/\/www.notibras.com\/site\/novo-partido-chega-com-trejeitos-da-velha-politica\/","url":"https:\/\/www.notibras.com\/site\/novo-partido-chega-com-trejeitos-da-velha-politica\/","name":"Novo partido chega com trejeitos da velha pol\u00edtica - Notibras","isPartOf":{"@id":"https:\/\/www.notibras.com\/site\/#website"},"primaryImageOfPage":{"@id":"https:\/\/www.notibras.com\/site\/novo-partido-chega-com-trejeitos-da-velha-politica\/#primaryimage"},"image":{"@id":"https:\/\/www.notibras.com\/site\/novo-partido-chega-com-trejeitos-da-velha-politica\/#primaryimage"},"thumbnailUrl":"https:\/\/www.notibras.com\/site\/wp-content\/uploads\/2022\/08\/Palacio-do-Buriti.jpg","datePublished":"2024-04-03T10:39:18+00:00","breadcrumb":{"@id":"https:\/\/www.notibras.com\/site\/novo-partido-chega-com-trejeitos-da-velha-politica\/#breadcrumb"},"inLanguage":"pt-BR","potentialAction":[{"@type":"ReadAction","target":["https:\/\/www.notibras.com\/site\/novo-partido-chega-com-trejeitos-da-velha-politica\/"]}]},{"@type":"ImageObject","inLanguage":"pt-BR","@id":"https:\/\/www.notibras.com\/site\/novo-partido-chega-com-trejeitos-da-velha-politica\/#primaryimage","url":"https:\/\/www.notibras.com\/site\/wp-content\/uploads\/2022\/08\/Palacio-do-Buriti.jpg","contentUrl":"https:\/\/www.notibras.com\/site\/wp-content\/uploads\/2022\/08\/Palacio-do-Buriti.jpg","width":2048,"height":1365},{"@type":"BreadcrumbList","@id":"https:\/\/www.notibras.com\/site\/novo-partido-chega-com-trejeitos-da-velha-politica\/#breadcrumb","itemListElement":[{"@type":"ListItem","position":1,"name":"In\u00edcio","item":"https:\/\/www.notibras.com\/site\/"},{"@type":"ListItem","position":2,"name":"Novo partido chega com trejeitos da velha pol\u00edtica"}]},{"@type":"WebSite","@id":"https:\/\/www.notibras.com\/site\/#website","url":"https:\/\/www.notibras.com\/site\/","name":"Notibras","description":"Not\u00edcias de Bras\u00edlia, do Brasil e do Mundo","publisher":{"@id":"https:\/\/www.notibras.com\/site\/#organization"},"potentialAction":[{"@type":"SearchAction","target":{"@type":"EntryPoint","urlTemplate":"https:\/\/www.notibras.com\/site\/?s={search_term_string}"},"query-input":{"@type":"PropertyValueSpecification","valueRequired":true,"valueName":"search_term_string"}}],"inLanguage":"pt-BR"},{"@type":"Organization","@id":"https:\/\/www.notibras.com\/site\/#organization","name":"Grupo Notibras de Comunica\u00e7\u00e3o","url":"https:\/\/www.notibras.com\/site\/","logo":{"@type":"ImageObject","inLanguage":"pt-BR","@id":"https:\/\/www.notibras.com\/site\/#\/schema\/logo\/image\/","url":"https:\/\/www.notibras.com\/site\/wp-content\/uploads\/2023\/01\/notibras23.png","contentUrl":"https:\/\/www.notibras.com\/site\/wp-content\/uploads\/2023\/01\/notibras23.png","width":350,"height":87,"caption":"Grupo Notibras de Comunica\u00e7\u00e3o"},"image":{"@id":"https:\/\/www.notibras.com\/site\/#\/schema\/logo\/image\/"},"sameAs":["https:\/\/www.facebook.com\/notibras\/","https:\/\/x.com\/Notibras","https:\/\/www.instagram.com\/notibras\/"]},{"@type":"Person","@id":"https:\/\/www.notibras.com\/site\/#\/schema\/person\/36ab0979449956132d3e5b517ea76ac8","name":"Reda\u00e7\u00e3o","image":{"@type":"ImageObject","inLanguage":"pt-BR","@id":"https:\/\/secure.gravatar.com\/avatar\/e0a867bdedb85fd243eadf09663511f96fc81e0720a4a42581f334ad4303aa6b?s=96&d=mm&r=g","url":"https:\/\/secure.gravatar.com\/avatar\/e0a867bdedb85fd243eadf09663511f96fc81e0720a4a42581f334ad4303aa6b?s=96&d=mm&r=g","contentUrl":"https:\/\/secure.gravatar.com\/avatar\/e0a867bdedb85fd243eadf09663511f96fc81e0720a4a42581f334ad4303aa6b?s=96&d=mm&r=g","caption":"Reda\u00e7\u00e3o"}}]}},"amp_enabled":true,"_links":{"self":[{"href":"https:\/\/www.notibras.com\/site\/wp-json\/wp\/v2\/posts\/325928","targetHints":{"allow":["GET"]}}],"collection":[{"href":"https:\/\/www.notibras.com\/site\/wp-json\/wp\/v2\/posts"}],"about":[{"href":"https:\/\/www.notibras.com\/site\/wp-json\/wp\/v2\/types\/post"}],"author":[{"embeddable":true,"href":"https:\/\/www.notibras.com\/site\/wp-json\/wp\/v2\/users\/2"}],"replies":[{"embeddable":true,"href":"https:\/\/www.notibras.com\/site\/wp-json\/wp\/v2\/comments?post=325928"}],"version-history":[{"count":1,"href":"https:\/\/www.notibras.com\/site\/wp-json\/wp\/v2\/posts\/325928\/revisions"}],"predecessor-version":[{"id":325929,"href":"https:\/\/www.notibras.com\/site\/wp-json\/wp\/v2\/posts\/325928\/revisions\/325929"}],"wp:featuredmedia":[{"embeddable":true,"href":"https:\/\/www.notibras.com\/site\/wp-json\/wp\/v2\/media\/290087"}],"wp:attachment":[{"href":"https:\/\/www.notibras.com\/site\/wp-json\/wp\/v2\/media?parent=325928"}],"wp:term":[{"taxonomy":"category","embeddable":true,"href":"https:\/\/www.notibras.com\/site\/wp-json\/wp\/v2\/categories?post=325928"},{"taxonomy":"post_tag","embeddable":true,"href":"https:\/\/www.notibras.com\/site\/wp-json\/wp\/v2\/tags?post=325928"}],"curies":[{"name":"wp","href":"https:\/\/api.w.org\/{rel}","templated":true}]}}