{"id":325930,"date":"2024-04-03T00:01:21","date_gmt":"2024-04-03T03:01:21","guid":{"rendered":"https:\/\/www.notibras.com\/site\/?p=325930"},"modified":"2024-04-03T07:44:58","modified_gmt":"2024-04-03T10:44:58","slug":"mega-sena-acumula-e-premio-principal-vai-a-13-milhoes","status":"publish","type":"post","link":"https:\/\/www.notibras.com\/site\/mega-sena-acumula-e-premio-principal-vai-a-13-milhoes\/","title":{"rendered":"Mega-Sena acumula e pr\u00eamio principal vai a 13 milh\u00f5es"},"content":{"rendered":"<p>As seis dezenas do concurso 2.707 da Mega-Sena foram sorteadas na noite dessa ter\u00e7a-feira (2), no Espa\u00e7o da Sorte, em S\u00e3o Paulo. Veja as dezenas sorteadas: <strong>07 \u2013 09 \u2013 11 \u2013 39 \u2013 54 \u2013 57.<\/strong><\/p>\n<p>O pr\u00eamio principal acumulou e vai a R$ 13 milh\u00f5es. O sorteio do concurso 2.708 ser\u00e1 realizado nesta quinta-feira (4).<\/p>\n<p>A quina teve 43 apostas ganhadoras, cada uma vai pagar R$ 47.089,69. J\u00e1 a quadra registrou 3.349 apostas vencedoras; os acertadores v\u00e3o receber individualmente o pr\u00eamio de R$ 863,73.<\/p>\n<p>As apostas para o pr\u00f3ximo sorteio podem ser feitas at\u00e9 as 19h (hor\u00e1rio de Bras\u00edlia) de amanh\u00e3, nas casas lot\u00e9ricas credenciadas pela Caixa, em todo o pa\u00eds ou pela internet. O jogo simples, com seis n\u00fameros marcados, custa R$ 5.<\/p>\n","protected":false},"excerpt":{"rendered":"<p>As seis dezenas do concurso 2.707 da Mega-Sena foram sorteadas na noite dessa ter\u00e7a-feira (2), no Espa\u00e7o da Sorte, em S\u00e3o Paulo. Veja as dezenas sorteadas: 07 \u2013 09 \u2013 11 \u2013 39 \u2013 54 \u2013 57. O pr\u00eamio principal acumulou e vai a R$ 13 milh\u00f5es. O sorteio do concurso 2.708 ser\u00e1 realizado nesta [&hellip;]<\/p>\n","protected":false},"author":2,"featured_media":316785,"comment_status":"closed","ping_status":"closed","sticky":false,"template":"","format":"standard","meta":{"_acf_changed":false,"footnotes":""},"categories":[161],"tags":[],"class_list":["post-325930","post","type-post","status-publish","format-standard","has-post-thumbnail","hentry","category-quadradinho-em-foco"],"acf":[],"yoast_head":"<!-- This site is optimized with the Yoast SEO plugin v27.5 - https:\/\/yoast.com\/product\/yoast-seo-wordpress\/ -->\n<title>Mega-Sena acumula e pr\u00eamio principal vai a 13 milh\u00f5es - Notibras<\/title>\n<meta name=\"robots\" content=\"index, follow, max-snippet:-1, max-image-preview:large, max-video-preview:-1\" \/>\n<link rel=\"canonical\" href=\"https:\/\/www.notibras.com\/site\/mega-sena-acumula-e-premio-principal-vai-a-13-milhoes\/\" \/>\n<meta property=\"og:locale\" content=\"pt_BR\" \/>\n<meta property=\"og:type\" content=\"article\" \/>\n<meta property=\"og:title\" content=\"Mega-Sena acumula e pr\u00eamio principal vai a 13 milh\u00f5es - Notibras\" \/>\n<meta property=\"og:description\" content=\"As seis dezenas do concurso 2.707 da Mega-Sena foram sorteadas na noite dessa ter\u00e7a-feira (2), no Espa\u00e7o da Sorte, em S\u00e3o Paulo. Veja as dezenas sorteadas: 07 \u2013 09 \u2013 11 \u2013 39 \u2013 54 \u2013 57. O pr\u00eamio principal acumulou e vai a R$ 13 milh\u00f5es. O sorteio do concurso 2.708 ser\u00e1 realizado nesta [&hellip;]\" \/>\n<meta property=\"og:url\" content=\"https:\/\/www.notibras.com\/site\/mega-sena-acumula-e-premio-principal-vai-a-13-milhoes\/\" \/>\n<meta property=\"og:site_name\" content=\"Notibras\" \/>\n<meta property=\"article:publisher\" content=\"https:\/\/www.facebook.com\/notibras\/\" \/>\n<meta property=\"article:published_time\" content=\"2024-04-03T03:01:21+00:00\" \/>\n<meta property=\"article:modified_time\" content=\"2024-04-03T10:44:58+00:00\" \/>\n<meta property=\"og:image\" content=\"https:\/\/www.notibras.com\/site\/wp-content\/uploads\/2023\/11\/mega.mc_.webp\" \/>\n\t<meta property=\"og:image:width\" content=\"1170\" \/>\n\t<meta property=\"og:image:height\" content=\"700\" \/>\n\t<meta property=\"og:image:type\" content=\"image\/webp\" \/>\n<meta name=\"author\" content=\"Reda\u00e7\u00e3o\" \/>\n<meta name=\"twitter:card\" content=\"summary_large_image\" \/>\n<meta name=\"twitter:creator\" content=\"@Notibras\" \/>\n<meta name=\"twitter:site\" content=\"@Notibras\" \/>\n<meta name=\"twitter:label1\" content=\"Escrito por\" \/>\n\t<meta name=\"twitter:data1\" content=\"Reda\u00e7\u00e3o\" \/>\n\t<meta name=\"twitter:label2\" content=\"Est. tempo de leitura\" \/>\n\t<meta name=\"twitter:data2\" content=\"1 minuto\" \/>\n<script type=\"application\/ld+json\" class=\"yoast-schema-graph\">{\"@context\":\"https:\\\/\\\/schema.org\",\"@graph\":[{\"@type\":\"Article\",\"@id\":\"https:\\\/\\\/www.notibras.com\\\/site\\\/mega-sena-acumula-e-premio-principal-vai-a-13-milhoes\\\/#article\",\"isPartOf\":{\"@id\":\"https:\\\/\\\/www.notibras.com\\\/site\\\/mega-sena-acumula-e-premio-principal-vai-a-13-milhoes\\\/\"},\"author\":{\"name\":\"Reda\u00e7\u00e3o\",\"@id\":\"https:\\\/\\\/www.notibras.com\\\/site\\\/#\\\/schema\\\/person\\\/36ab0979449956132d3e5b517ea76ac8\"},\"headline\":\"Mega-Sena acumula e pr\u00eamio principal vai a 13 milh\u00f5es\",\"datePublished\":\"2024-04-03T03:01:21+00:00\",\"dateModified\":\"2024-04-03T10:44:58+00:00\",\"mainEntityOfPage\":{\"@id\":\"https:\\\/\\\/www.notibras.com\\\/site\\\/mega-sena-acumula-e-premio-principal-vai-a-13-milhoes\\\/\"},\"wordCount\":128,\"publisher\":{\"@id\":\"https:\\\/\\\/www.notibras.com\\\/site\\\/#organization\"},\"image\":{\"@id\":\"https:\\\/\\\/www.notibras.com\\\/site\\\/mega-sena-acumula-e-premio-principal-vai-a-13-milhoes\\\/#primaryimage\"},\"thumbnailUrl\":\"https:\\\/\\\/www.notibras.com\\\/site\\\/wp-content\\\/uploads\\\/2023\\\/11\\\/mega.mc_.webp\",\"articleSection\":[\"Quadradinho em Foco\"],\"inLanguage\":\"pt-BR\"},{\"@type\":\"WebPage\",\"@id\":\"https:\\\/\\\/www.notibras.com\\\/site\\\/mega-sena-acumula-e-premio-principal-vai-a-13-milhoes\\\/\",\"url\":\"https:\\\/\\\/www.notibras.com\\\/site\\\/mega-sena-acumula-e-premio-principal-vai-a-13-milhoes\\\/\",\"name\":\"Mega-Sena acumula e pr\u00eamio principal vai a 13 milh\u00f5es - Notibras\",\"isPartOf\":{\"@id\":\"https:\\\/\\\/www.notibras.com\\\/site\\\/#website\"},\"primaryImageOfPage\":{\"@id\":\"https:\\\/\\\/www.notibras.com\\\/site\\\/mega-sena-acumula-e-premio-principal-vai-a-13-milhoes\\\/#primaryimage\"},\"image\":{\"@id\":\"https:\\\/\\\/www.notibras.com\\\/site\\\/mega-sena-acumula-e-premio-principal-vai-a-13-milhoes\\\/#primaryimage\"},\"thumbnailUrl\":\"https:\\\/\\\/www.notibras.com\\\/site\\\/wp-content\\\/uploads\\\/2023\\\/11\\\/mega.mc_.webp\",\"datePublished\":\"2024-04-03T03:01:21+00:00\",\"dateModified\":\"2024-04-03T10:44:58+00:00\",\"breadcrumb\":{\"@id\":\"https:\\\/\\\/www.notibras.com\\\/site\\\/mega-sena-acumula-e-premio-principal-vai-a-13-milhoes\\\/#breadcrumb\"},\"inLanguage\":\"pt-BR\",\"potentialAction\":[{\"@type\":\"ReadAction\",\"target\":[\"https:\\\/\\\/www.notibras.com\\\/site\\\/mega-sena-acumula-e-premio-principal-vai-a-13-milhoes\\\/\"]}]},{\"@type\":\"ImageObject\",\"inLanguage\":\"pt-BR\",\"@id\":\"https:\\\/\\\/www.notibras.com\\\/site\\\/mega-sena-acumula-e-premio-principal-vai-a-13-milhoes\\\/#primaryimage\",\"url\":\"https:\\\/\\\/www.notibras.com\\\/site\\\/wp-content\\\/uploads\\\/2023\\\/11\\\/mega.mc_.webp\",\"contentUrl\":\"https:\\\/\\\/www.notibras.com\\\/site\\\/wp-content\\\/uploads\\\/2023\\\/11\\\/mega.mc_.webp\",\"width\":1170,\"height\":700},{\"@type\":\"BreadcrumbList\",\"@id\":\"https:\\\/\\\/www.notibras.com\\\/site\\\/mega-sena-acumula-e-premio-principal-vai-a-13-milhoes\\\/#breadcrumb\",\"itemListElement\":[{\"@type\":\"ListItem\",\"position\":1,\"name\":\"In\u00edcio\",\"item\":\"https:\\\/\\\/www.notibras.com\\\/site\\\/\"},{\"@type\":\"ListItem\",\"position\":2,\"name\":\"Mega-Sena acumula e pr\u00eamio principal vai a 13 milh\u00f5es\"}]},{\"@type\":\"WebSite\",\"@id\":\"https:\\\/\\\/www.notibras.com\\\/site\\\/#website\",\"url\":\"https:\\\/\\\/www.notibras.com\\\/site\\\/\",\"name\":\"Notibras\",\"description\":\"Not\u00edcias de Bras\u00edlia, do Brasil e do Mundo\",\"publisher\":{\"@id\":\"https:\\\/\\\/www.notibras.com\\\/site\\\/#organization\"},\"potentialAction\":[{\"@type\":\"SearchAction\",\"target\":{\"@type\":\"EntryPoint\",\"urlTemplate\":\"https:\\\/\\\/www.notibras.com\\\/site\\\/?s={search_term_string}\"},\"query-input\":{\"@type\":\"PropertyValueSpecification\",\"valueRequired\":true,\"valueName\":\"search_term_string\"}}],\"inLanguage\":\"pt-BR\"},{\"@type\":\"Organization\",\"@id\":\"https:\\\/\\\/www.notibras.com\\\/site\\\/#organization\",\"name\":\"Grupo Notibras de Comunica\u00e7\u00e3o\",\"url\":\"https:\\\/\\\/www.notibras.com\\\/site\\\/\",\"logo\":{\"@type\":\"ImageObject\",\"inLanguage\":\"pt-BR\",\"@id\":\"https:\\\/\\\/www.notibras.com\\\/site\\\/#\\\/schema\\\/logo\\\/image\\\/\",\"url\":\"https:\\\/\\\/www.notibras.com\\\/site\\\/wp-content\\\/uploads\\\/2023\\\/01\\\/notibras23.png\",\"contentUrl\":\"https:\\\/\\\/www.notibras.com\\\/site\\\/wp-content\\\/uploads\\\/2023\\\/01\\\/notibras23.png\",\"width\":350,\"height\":87,\"caption\":\"Grupo Notibras de Comunica\u00e7\u00e3o\"},\"image\":{\"@id\":\"https:\\\/\\\/www.notibras.com\\\/site\\\/#\\\/schema\\\/logo\\\/image\\\/\"},\"sameAs\":[\"https:\\\/\\\/www.facebook.com\\\/notibras\\\/\",\"https:\\\/\\\/x.com\\\/Notibras\",\"https:\\\/\\\/www.instagram.com\\\/notibras\\\/\"]},{\"@type\":\"Person\",\"@id\":\"https:\\\/\\\/www.notibras.com\\\/site\\\/#\\\/schema\\\/person\\\/36ab0979449956132d3e5b517ea76ac8\",\"name\":\"Reda\u00e7\u00e3o\",\"image\":{\"@type\":\"ImageObject\",\"inLanguage\":\"pt-BR\",\"@id\":\"https:\\\/\\\/secure.gravatar.com\\\/avatar\\\/e0a867bdedb85fd243eadf09663511f96fc81e0720a4a42581f334ad4303aa6b?s=96&d=mm&r=g\",\"url\":\"https:\\\/\\\/secure.gravatar.com\\\/avatar\\\/e0a867bdedb85fd243eadf09663511f96fc81e0720a4a42581f334ad4303aa6b?s=96&d=mm&r=g\",\"contentUrl\":\"https:\\\/\\\/secure.gravatar.com\\\/avatar\\\/e0a867bdedb85fd243eadf09663511f96fc81e0720a4a42581f334ad4303aa6b?s=96&d=mm&r=g\",\"caption\":\"Reda\u00e7\u00e3o\"}}]}<\/script>\n<!-- \/ Yoast SEO plugin. -->","yoast_head_json":{"title":"Mega-Sena acumula e pr\u00eamio principal vai a 13 milh\u00f5es - Notibras","robots":{"index":"index","follow":"follow","max-snippet":"max-snippet:-1","max-image-preview":"max-image-preview:large","max-video-preview":"max-video-preview:-1"},"canonical":"https:\/\/www.notibras.com\/site\/mega-sena-acumula-e-premio-principal-vai-a-13-milhoes\/","og_locale":"pt_BR","og_type":"article","og_title":"Mega-Sena acumula e pr\u00eamio principal vai a 13 milh\u00f5es - Notibras","og_description":"As seis dezenas do concurso 2.707 da Mega-Sena foram sorteadas na noite dessa ter\u00e7a-feira (2), no Espa\u00e7o da Sorte, em S\u00e3o Paulo. Veja as dezenas sorteadas: 07 \u2013 09 \u2013 11 \u2013 39 \u2013 54 \u2013 57. O pr\u00eamio principal acumulou e vai a R$ 13 milh\u00f5es. O sorteio do concurso 2.708 ser\u00e1 realizado nesta [&hellip;]","og_url":"https:\/\/www.notibras.com\/site\/mega-sena-acumula-e-premio-principal-vai-a-13-milhoes\/","og_site_name":"Notibras","article_publisher":"https:\/\/www.facebook.com\/notibras\/","article_published_time":"2024-04-03T03:01:21+00:00","article_modified_time":"2024-04-03T10:44:58+00:00","og_image":[{"width":1170,"height":700,"url":"https:\/\/www.notibras.com\/site\/wp-content\/uploads\/2023\/11\/mega.mc_.webp","type":"image\/webp"}],"author":"Reda\u00e7\u00e3o","twitter_card":"summary_large_image","twitter_creator":"@Notibras","twitter_site":"@Notibras","twitter_misc":{"Escrito por":"Reda\u00e7\u00e3o","Est. tempo de leitura":"1 minuto"},"schema":{"@context":"https:\/\/schema.org","@graph":[{"@type":"Article","@id":"https:\/\/www.notibras.com\/site\/mega-sena-acumula-e-premio-principal-vai-a-13-milhoes\/#article","isPartOf":{"@id":"https:\/\/www.notibras.com\/site\/mega-sena-acumula-e-premio-principal-vai-a-13-milhoes\/"},"author":{"name":"Reda\u00e7\u00e3o","@id":"https:\/\/www.notibras.com\/site\/#\/schema\/person\/36ab0979449956132d3e5b517ea76ac8"},"headline":"Mega-Sena acumula e pr\u00eamio principal vai a 13 milh\u00f5es","datePublished":"2024-04-03T03:01:21+00:00","dateModified":"2024-04-03T10:44:58+00:00","mainEntityOfPage":{"@id":"https:\/\/www.notibras.com\/site\/mega-sena-acumula-e-premio-principal-vai-a-13-milhoes\/"},"wordCount":128,"publisher":{"@id":"https:\/\/www.notibras.com\/site\/#organization"},"image":{"@id":"https:\/\/www.notibras.com\/site\/mega-sena-acumula-e-premio-principal-vai-a-13-milhoes\/#primaryimage"},"thumbnailUrl":"https:\/\/www.notibras.com\/site\/wp-content\/uploads\/2023\/11\/mega.mc_.webp","articleSection":["Quadradinho em Foco"],"inLanguage":"pt-BR"},{"@type":"WebPage","@id":"https:\/\/www.notibras.com\/site\/mega-sena-acumula-e-premio-principal-vai-a-13-milhoes\/","url":"https:\/\/www.notibras.com\/site\/mega-sena-acumula-e-premio-principal-vai-a-13-milhoes\/","name":"Mega-Sena acumula e pr\u00eamio principal vai a 13 milh\u00f5es - Notibras","isPartOf":{"@id":"https:\/\/www.notibras.com\/site\/#website"},"primaryImageOfPage":{"@id":"https:\/\/www.notibras.com\/site\/mega-sena-acumula-e-premio-principal-vai-a-13-milhoes\/#primaryimage"},"image":{"@id":"https:\/\/www.notibras.com\/site\/mega-sena-acumula-e-premio-principal-vai-a-13-milhoes\/#primaryimage"},"thumbnailUrl":"https:\/\/www.notibras.com\/site\/wp-content\/uploads\/2023\/11\/mega.mc_.webp","datePublished":"2024-04-03T03:01:21+00:00","dateModified":"2024-04-03T10:44:58+00:00","breadcrumb":{"@id":"https:\/\/www.notibras.com\/site\/mega-sena-acumula-e-premio-principal-vai-a-13-milhoes\/#breadcrumb"},"inLanguage":"pt-BR","potentialAction":[{"@type":"ReadAction","target":["https:\/\/www.notibras.com\/site\/mega-sena-acumula-e-premio-principal-vai-a-13-milhoes\/"]}]},{"@type":"ImageObject","inLanguage":"pt-BR","@id":"https:\/\/www.notibras.com\/site\/mega-sena-acumula-e-premio-principal-vai-a-13-milhoes\/#primaryimage","url":"https:\/\/www.notibras.com\/site\/wp-content\/uploads\/2023\/11\/mega.mc_.webp","contentUrl":"https:\/\/www.notibras.com\/site\/wp-content\/uploads\/2023\/11\/mega.mc_.webp","width":1170,"height":700},{"@type":"BreadcrumbList","@id":"https:\/\/www.notibras.com\/site\/mega-sena-acumula-e-premio-principal-vai-a-13-milhoes\/#breadcrumb","itemListElement":[{"@type":"ListItem","position":1,"name":"In\u00edcio","item":"https:\/\/www.notibras.com\/site\/"},{"@type":"ListItem","position":2,"name":"Mega-Sena acumula e pr\u00eamio principal vai a 13 milh\u00f5es"}]},{"@type":"WebSite","@id":"https:\/\/www.notibras.com\/site\/#website","url":"https:\/\/www.notibras.com\/site\/","name":"Notibras","description":"Not\u00edcias de Bras\u00edlia, do Brasil e do Mundo","publisher":{"@id":"https:\/\/www.notibras.com\/site\/#organization"},"potentialAction":[{"@type":"SearchAction","target":{"@type":"EntryPoint","urlTemplate":"https:\/\/www.notibras.com\/site\/?s={search_term_string}"},"query-input":{"@type":"PropertyValueSpecification","valueRequired":true,"valueName":"search_term_string"}}],"inLanguage":"pt-BR"},{"@type":"Organization","@id":"https:\/\/www.notibras.com\/site\/#organization","name":"Grupo Notibras de Comunica\u00e7\u00e3o","url":"https:\/\/www.notibras.com\/site\/","logo":{"@type":"ImageObject","inLanguage":"pt-BR","@id":"https:\/\/www.notibras.com\/site\/#\/schema\/logo\/image\/","url":"https:\/\/www.notibras.com\/site\/wp-content\/uploads\/2023\/01\/notibras23.png","contentUrl":"https:\/\/www.notibras.com\/site\/wp-content\/uploads\/2023\/01\/notibras23.png","width":350,"height":87,"caption":"Grupo Notibras de Comunica\u00e7\u00e3o"},"image":{"@id":"https:\/\/www.notibras.com\/site\/#\/schema\/logo\/image\/"},"sameAs":["https:\/\/www.facebook.com\/notibras\/","https:\/\/x.com\/Notibras","https:\/\/www.instagram.com\/notibras\/"]},{"@type":"Person","@id":"https:\/\/www.notibras.com\/site\/#\/schema\/person\/36ab0979449956132d3e5b517ea76ac8","name":"Reda\u00e7\u00e3o","image":{"@type":"ImageObject","inLanguage":"pt-BR","@id":"https:\/\/secure.gravatar.com\/avatar\/e0a867bdedb85fd243eadf09663511f96fc81e0720a4a42581f334ad4303aa6b?s=96&d=mm&r=g","url":"https:\/\/secure.gravatar.com\/avatar\/e0a867bdedb85fd243eadf09663511f96fc81e0720a4a42581f334ad4303aa6b?s=96&d=mm&r=g","contentUrl":"https:\/\/secure.gravatar.com\/avatar\/e0a867bdedb85fd243eadf09663511f96fc81e0720a4a42581f334ad4303aa6b?s=96&d=mm&r=g","caption":"Reda\u00e7\u00e3o"}}]}},"amp_enabled":true,"_links":{"self":[{"href":"https:\/\/www.notibras.com\/site\/wp-json\/wp\/v2\/posts\/325930","targetHints":{"allow":["GET"]}}],"collection":[{"href":"https:\/\/www.notibras.com\/site\/wp-json\/wp\/v2\/posts"}],"about":[{"href":"https:\/\/www.notibras.com\/site\/wp-json\/wp\/v2\/types\/post"}],"author":[{"embeddable":true,"href":"https:\/\/www.notibras.com\/site\/wp-json\/wp\/v2\/users\/2"}],"replies":[{"embeddable":true,"href":"https:\/\/www.notibras.com\/site\/wp-json\/wp\/v2\/comments?post=325930"}],"version-history":[{"count":1,"href":"https:\/\/www.notibras.com\/site\/wp-json\/wp\/v2\/posts\/325930\/revisions"}],"predecessor-version":[{"id":325931,"href":"https:\/\/www.notibras.com\/site\/wp-json\/wp\/v2\/posts\/325930\/revisions\/325931"}],"wp:featuredmedia":[{"embeddable":true,"href":"https:\/\/www.notibras.com\/site\/wp-json\/wp\/v2\/media\/316785"}],"wp:attachment":[{"href":"https:\/\/www.notibras.com\/site\/wp-json\/wp\/v2\/media?parent=325930"}],"wp:term":[{"taxonomy":"category","embeddable":true,"href":"https:\/\/www.notibras.com\/site\/wp-json\/wp\/v2\/categories?post=325930"},{"taxonomy":"post_tag","embeddable":true,"href":"https:\/\/www.notibras.com\/site\/wp-json\/wp\/v2\/tags?post=325930"}],"curies":[{"name":"wp","href":"https:\/\/api.w.org\/{rel}","templated":true}]}}