{"id":325967,"date":"2024-04-03T16:55:12","date_gmt":"2024-04-03T19:55:12","guid":{"rendered":"https:\/\/www.notibras.com\/site\/?p=325967"},"modified":"2024-04-03T16:55:12","modified_gmt":"2024-04-03T19:55:12","slug":"dia-mundial-da-conscientizacao-do-autismo-invade-o-terraco","status":"publish","type":"post","link":"https:\/\/www.notibras.com\/site\/dia-mundial-da-conscientizacao-do-autismo-invade-o-terraco\/","title":{"rendered":"Dia Mundial da Conscientiza\u00e7\u00e3o do Autismo invade o Terra\u00e7o"},"content":{"rendered":"<p>O Terra\u00e7o Shopping traz uma programa\u00e7\u00e3o especial para celebrar o Dia Mundial da Conscientiza\u00e7\u00e3o do Autismo, no s\u00e1bado, dia 6 de abril. O evento faz parte do projeto &#8220;Viv\u00eancia Inclusiva&#8221; do shopping, que tem por objetivo desenvolver a\u00e7\u00f5es voltadas a pessoas com Transtorno do Espectro Autista (TEA). As atividades come\u00e7ar\u00e3o \u00e0s 14h, com a apresenta\u00e7\u00e3o da Roda da Sinfonia, o primeiro musical brasileiro protagonizado por autistas, que atualmente conta com 60 participantes. O instituto Steinkopf, liderado pela musicoterapeuta Ana Carolina Steinkopf, \u00e9 idealizador do musical e utiliza os sons como forma de potencializar o desenvolvimento das intera\u00e7\u00f5es sociais e comunica\u00e7\u00e3o e linguagem da pessoa com autismo, dentre outros pontos.<\/p>\n<p>Logo em seguida, \u00e0s 15h, se iniciar\u00e1 uma Roda de Conversa com especialistas. Ser\u00e1 um momento em que as pessoas poder\u00e3o tirar as suas d\u00favidas com os profissionais, ouvir relatos de outras fam\u00edlias e realizar uma troca de experi\u00eancias. Os profissionais participantes ser\u00e3o Yvanna Aires Gadelha, psic\u00f3loga cl\u00ednica da Universidade de Bras\u00edlia e coordenadora do N\u00facleo de Autismo e Neurodiversidade, Suyenne Figueiredo, fisioterapeuta, Alc\u00edone Lucena, pedagoga especializada em educa\u00e7\u00e3o inclusiva, Ana Luisa Mac\u00eado, musicoterapeuta infantil e educadora musical, e Jessika Balduino, terapeuta ocupacional. Participar\u00e3o tamb\u00e9m a musicoterapeuta comportamental Ana Carolina Steinkopf, idealizadora do Mapa Autismo Brasil (MAB), a idealizadora e diretora do projeto Uma Sinfonia Diferente, Isabela Dantas Nunes e a psic\u00f3loga Aline Grippi Lira, que tamb\u00e9m \u00e9 pedagoga, mestre em educa\u00e7\u00e3o e especialista em educa\u00e7\u00e3o infantil e educa\u00e7\u00e3o inclusiva.<\/p>\n<p>Durante a roda de conversa ser\u00e3o realizadas atividades infantis com equipe de monitores treinados, para que os pais possam participar da Roda enquanto supervisionam os pequenos. Ser\u00e3o ofertadas atividades sensoriais, blocos para montar e jogos de tabuleiro.<\/p>\n<p>Encerrando esse evento especial, a contadora de hist\u00f3rias Nyedja Gennari falar\u00e1 sobre do livro O Mundo Azul de Samuel, no Tardes no Terra\u00e7o, \u00e0s 16h. A hist\u00f3ria busca abrir o cora\u00e7\u00e3o de adultos e crian\u00e7as para particularidades e delicadezas dos mundos individuais de pessoas com TEA, revelando que no \u201cPlaneta da Empatia\u201d pode estar a chave para o respeito e a supera\u00e7\u00e3o de preconceitos.<\/p>\n<p>O Terra\u00e7o \u00e9 protagonista na luta por uma sociedade mais unida, educada e longe do capacitismo. Pensando nisso, o Shopping possui o movimento Viv\u00eancia Inclusiva que compreende o conjunto de a\u00e7\u00f5es que visam a inclus\u00e3o de pessoas TEA e neurodivergentes. Entre estas a\u00e7\u00f5es est\u00e3o a oferta de vagas de garagem exclusivas para o p\u00fablico autista, assim como abafadores de ru\u00eddos \u2013 que podem ser retirados no frald\u00e1rio, gratuitamente \u2013, a fim de proporcionar um ambiente mais acolhedor e agrad\u00e1vel durante o passeio em fam\u00edlia. O Terra\u00e7o Shopping tamb\u00e9m investe na capacita\u00e7\u00e3o dos funcion\u00e1rios para um atendimento cada vez mais inclusivo, visando a melhoria da experi\u00eancia do cliente na sua visita ao centro de compras.<\/p>\n<p><strong>Servi\u00e7o:<\/strong><br \/>\nVIV\u00caNCIA INCLUSIVA<br \/>\nDia Mundial da Conscientiza\u00e7\u00e3o do Autismo<br \/>\nS\u00e1bado, 6 de abril<br \/>\nPrograma\u00e7\u00e3o:<br \/>\n14h \u2013 Roda da Sinfonia<br \/>\n15h \u2013 Roda de Conversa com especialistas<br \/>\n16h \u2013 Conta\u00e7\u00e3o de hist\u00f3rias com Nyedja Gennari<\/p>\n","protected":false},"excerpt":{"rendered":"<p>O Terra\u00e7o Shopping traz uma programa\u00e7\u00e3o especial para celebrar o Dia Mundial da Conscientiza\u00e7\u00e3o do Autismo, no s\u00e1bado, dia 6 de abril. O evento faz parte do projeto &#8220;Viv\u00eancia Inclusiva&#8221; do shopping, que tem por objetivo desenvolver a\u00e7\u00f5es voltadas a pessoas com Transtorno do Espectro Autista (TEA). As atividades come\u00e7ar\u00e3o \u00e0s 14h, com a apresenta\u00e7\u00e3o [&hellip;]<\/p>\n","protected":false},"author":2,"featured_media":325968,"comment_status":"closed","ping_status":"closed","sticky":false,"template":"","format":"standard","meta":{"_acf_changed":false,"footnotes":""},"categories":[161],"tags":[],"class_list":["post-325967","post","type-post","status-publish","format-standard","has-post-thumbnail","hentry","category-quadradinho-em-foco"],"acf":[],"yoast_head":"<!-- This site is optimized with the Yoast SEO plugin v27.5 - https:\/\/yoast.com\/product\/yoast-seo-wordpress\/ -->\n<title>Dia Mundial da Conscientiza\u00e7\u00e3o do Autismo invade o Terra\u00e7o - Notibras<\/title>\n<meta name=\"robots\" content=\"index, follow, max-snippet:-1, max-image-preview:large, max-video-preview:-1\" \/>\n<link rel=\"canonical\" href=\"https:\/\/www.notibras.com\/site\/dia-mundial-da-conscientizacao-do-autismo-invade-o-terraco\/\" \/>\n<meta property=\"og:locale\" content=\"pt_BR\" \/>\n<meta property=\"og:type\" content=\"article\" \/>\n<meta property=\"og:title\" content=\"Dia Mundial da Conscientiza\u00e7\u00e3o do Autismo invade o Terra\u00e7o - Notibras\" \/>\n<meta property=\"og:description\" content=\"O Terra\u00e7o Shopping traz uma programa\u00e7\u00e3o especial para celebrar o Dia Mundial da Conscientiza\u00e7\u00e3o do Autismo, no s\u00e1bado, dia 6 de abril. O evento faz parte do projeto &#8220;Viv\u00eancia Inclusiva&#8221; do shopping, que tem por objetivo desenvolver a\u00e7\u00f5es voltadas a pessoas com Transtorno do Espectro Autista (TEA). As atividades come\u00e7ar\u00e3o \u00e0s 14h, com a apresenta\u00e7\u00e3o [&hellip;]\" \/>\n<meta property=\"og:url\" content=\"https:\/\/www.notibras.com\/site\/dia-mundial-da-conscientizacao-do-autismo-invade-o-terraco\/\" \/>\n<meta property=\"og:site_name\" content=\"Notibras\" \/>\n<meta property=\"article:publisher\" content=\"https:\/\/www.facebook.com\/notibras\/\" \/>\n<meta property=\"article:published_time\" content=\"2024-04-03T19:55:12+00:00\" \/>\n<meta property=\"og:image\" content=\"https:\/\/www.notibras.com\/site\/wp-content\/uploads\/2024\/04\/unnamed-2024-04-03T165202.330.jpg\" \/>\n\t<meta property=\"og:image:width\" content=\"1600\" \/>\n\t<meta property=\"og:image:height\" content=\"1200\" \/>\n\t<meta property=\"og:image:type\" content=\"image\/jpeg\" \/>\n<meta name=\"author\" content=\"Reda\u00e7\u00e3o\" \/>\n<meta name=\"twitter:card\" content=\"summary_large_image\" \/>\n<meta name=\"twitter:creator\" content=\"@Notibras\" \/>\n<meta name=\"twitter:site\" content=\"@Notibras\" \/>\n<meta name=\"twitter:label1\" content=\"Escrito por\" \/>\n\t<meta name=\"twitter:data1\" content=\"Reda\u00e7\u00e3o\" \/>\n\t<meta name=\"twitter:label2\" content=\"Est. tempo de leitura\" \/>\n\t<meta name=\"twitter:data2\" content=\"3 minutos\" \/>\n<script type=\"application\/ld+json\" class=\"yoast-schema-graph\">{\"@context\":\"https:\\\/\\\/schema.org\",\"@graph\":[{\"@type\":\"Article\",\"@id\":\"https:\\\/\\\/www.notibras.com\\\/site\\\/dia-mundial-da-conscientizacao-do-autismo-invade-o-terraco\\\/#article\",\"isPartOf\":{\"@id\":\"https:\\\/\\\/www.notibras.com\\\/site\\\/dia-mundial-da-conscientizacao-do-autismo-invade-o-terraco\\\/\"},\"author\":{\"name\":\"Reda\u00e7\u00e3o\",\"@id\":\"https:\\\/\\\/www.notibras.com\\\/site\\\/#\\\/schema\\\/person\\\/36ab0979449956132d3e5b517ea76ac8\"},\"headline\":\"Dia Mundial da Conscientiza\u00e7\u00e3o do Autismo invade o Terra\u00e7o\",\"datePublished\":\"2024-04-03T19:55:12+00:00\",\"mainEntityOfPage\":{\"@id\":\"https:\\\/\\\/www.notibras.com\\\/site\\\/dia-mundial-da-conscientizacao-do-autismo-invade-o-terraco\\\/\"},\"wordCount\":549,\"publisher\":{\"@id\":\"https:\\\/\\\/www.notibras.com\\\/site\\\/#organization\"},\"image\":{\"@id\":\"https:\\\/\\\/www.notibras.com\\\/site\\\/dia-mundial-da-conscientizacao-do-autismo-invade-o-terraco\\\/#primaryimage\"},\"thumbnailUrl\":\"https:\\\/\\\/www.notibras.com\\\/site\\\/wp-content\\\/uploads\\\/2024\\\/04\\\/unnamed-2024-04-03T165202.330.jpg\",\"articleSection\":[\"Quadradinho em Foco\"],\"inLanguage\":\"pt-BR\"},{\"@type\":\"WebPage\",\"@id\":\"https:\\\/\\\/www.notibras.com\\\/site\\\/dia-mundial-da-conscientizacao-do-autismo-invade-o-terraco\\\/\",\"url\":\"https:\\\/\\\/www.notibras.com\\\/site\\\/dia-mundial-da-conscientizacao-do-autismo-invade-o-terraco\\\/\",\"name\":\"Dia Mundial da Conscientiza\u00e7\u00e3o do Autismo invade o Terra\u00e7o - Notibras\",\"isPartOf\":{\"@id\":\"https:\\\/\\\/www.notibras.com\\\/site\\\/#website\"},\"primaryImageOfPage\":{\"@id\":\"https:\\\/\\\/www.notibras.com\\\/site\\\/dia-mundial-da-conscientizacao-do-autismo-invade-o-terraco\\\/#primaryimage\"},\"image\":{\"@id\":\"https:\\\/\\\/www.notibras.com\\\/site\\\/dia-mundial-da-conscientizacao-do-autismo-invade-o-terraco\\\/#primaryimage\"},\"thumbnailUrl\":\"https:\\\/\\\/www.notibras.com\\\/site\\\/wp-content\\\/uploads\\\/2024\\\/04\\\/unnamed-2024-04-03T165202.330.jpg\",\"datePublished\":\"2024-04-03T19:55:12+00:00\",\"breadcrumb\":{\"@id\":\"https:\\\/\\\/www.notibras.com\\\/site\\\/dia-mundial-da-conscientizacao-do-autismo-invade-o-terraco\\\/#breadcrumb\"},\"inLanguage\":\"pt-BR\",\"potentialAction\":[{\"@type\":\"ReadAction\",\"target\":[\"https:\\\/\\\/www.notibras.com\\\/site\\\/dia-mundial-da-conscientizacao-do-autismo-invade-o-terraco\\\/\"]}]},{\"@type\":\"ImageObject\",\"inLanguage\":\"pt-BR\",\"@id\":\"https:\\\/\\\/www.notibras.com\\\/site\\\/dia-mundial-da-conscientizacao-do-autismo-invade-o-terraco\\\/#primaryimage\",\"url\":\"https:\\\/\\\/www.notibras.com\\\/site\\\/wp-content\\\/uploads\\\/2024\\\/04\\\/unnamed-2024-04-03T165202.330.jpg\",\"contentUrl\":\"https:\\\/\\\/www.notibras.com\\\/site\\\/wp-content\\\/uploads\\\/2024\\\/04\\\/unnamed-2024-04-03T165202.330.jpg\",\"width\":1600,\"height\":1200},{\"@type\":\"BreadcrumbList\",\"@id\":\"https:\\\/\\\/www.notibras.com\\\/site\\\/dia-mundial-da-conscientizacao-do-autismo-invade-o-terraco\\\/#breadcrumb\",\"itemListElement\":[{\"@type\":\"ListItem\",\"position\":1,\"name\":\"In\u00edcio\",\"item\":\"https:\\\/\\\/www.notibras.com\\\/site\\\/\"},{\"@type\":\"ListItem\",\"position\":2,\"name\":\"Dia Mundial da Conscientiza\u00e7\u00e3o do Autismo invade o Terra\u00e7o\"}]},{\"@type\":\"WebSite\",\"@id\":\"https:\\\/\\\/www.notibras.com\\\/site\\\/#website\",\"url\":\"https:\\\/\\\/www.notibras.com\\\/site\\\/\",\"name\":\"Notibras\",\"description\":\"Not\u00edcias de Bras\u00edlia, do Brasil e do Mundo\",\"publisher\":{\"@id\":\"https:\\\/\\\/www.notibras.com\\\/site\\\/#organization\"},\"potentialAction\":[{\"@type\":\"SearchAction\",\"target\":{\"@type\":\"EntryPoint\",\"urlTemplate\":\"https:\\\/\\\/www.notibras.com\\\/site\\\/?s={search_term_string}\"},\"query-input\":{\"@type\":\"PropertyValueSpecification\",\"valueRequired\":true,\"valueName\":\"search_term_string\"}}],\"inLanguage\":\"pt-BR\"},{\"@type\":\"Organization\",\"@id\":\"https:\\\/\\\/www.notibras.com\\\/site\\\/#organization\",\"name\":\"Grupo Notibras de Comunica\u00e7\u00e3o\",\"url\":\"https:\\\/\\\/www.notibras.com\\\/site\\\/\",\"logo\":{\"@type\":\"ImageObject\",\"inLanguage\":\"pt-BR\",\"@id\":\"https:\\\/\\\/www.notibras.com\\\/site\\\/#\\\/schema\\\/logo\\\/image\\\/\",\"url\":\"https:\\\/\\\/www.notibras.com\\\/site\\\/wp-content\\\/uploads\\\/2023\\\/01\\\/notibras23.png\",\"contentUrl\":\"https:\\\/\\\/www.notibras.com\\\/site\\\/wp-content\\\/uploads\\\/2023\\\/01\\\/notibras23.png\",\"width\":350,\"height\":87,\"caption\":\"Grupo Notibras de Comunica\u00e7\u00e3o\"},\"image\":{\"@id\":\"https:\\\/\\\/www.notibras.com\\\/site\\\/#\\\/schema\\\/logo\\\/image\\\/\"},\"sameAs\":[\"https:\\\/\\\/www.facebook.com\\\/notibras\\\/\",\"https:\\\/\\\/x.com\\\/Notibras\",\"https:\\\/\\\/www.instagram.com\\\/notibras\\\/\"]},{\"@type\":\"Person\",\"@id\":\"https:\\\/\\\/www.notibras.com\\\/site\\\/#\\\/schema\\\/person\\\/36ab0979449956132d3e5b517ea76ac8\",\"name\":\"Reda\u00e7\u00e3o\",\"image\":{\"@type\":\"ImageObject\",\"inLanguage\":\"pt-BR\",\"@id\":\"https:\\\/\\\/secure.gravatar.com\\\/avatar\\\/e0a867bdedb85fd243eadf09663511f96fc81e0720a4a42581f334ad4303aa6b?s=96&d=mm&r=g\",\"url\":\"https:\\\/\\\/secure.gravatar.com\\\/avatar\\\/e0a867bdedb85fd243eadf09663511f96fc81e0720a4a42581f334ad4303aa6b?s=96&d=mm&r=g\",\"contentUrl\":\"https:\\\/\\\/secure.gravatar.com\\\/avatar\\\/e0a867bdedb85fd243eadf09663511f96fc81e0720a4a42581f334ad4303aa6b?s=96&d=mm&r=g\",\"caption\":\"Reda\u00e7\u00e3o\"}}]}<\/script>\n<!-- \/ Yoast SEO plugin. -->","yoast_head_json":{"title":"Dia Mundial da Conscientiza\u00e7\u00e3o do Autismo invade o Terra\u00e7o - Notibras","robots":{"index":"index","follow":"follow","max-snippet":"max-snippet:-1","max-image-preview":"max-image-preview:large","max-video-preview":"max-video-preview:-1"},"canonical":"https:\/\/www.notibras.com\/site\/dia-mundial-da-conscientizacao-do-autismo-invade-o-terraco\/","og_locale":"pt_BR","og_type":"article","og_title":"Dia Mundial da Conscientiza\u00e7\u00e3o do Autismo invade o Terra\u00e7o - Notibras","og_description":"O Terra\u00e7o Shopping traz uma programa\u00e7\u00e3o especial para celebrar o Dia Mundial da Conscientiza\u00e7\u00e3o do Autismo, no s\u00e1bado, dia 6 de abril. O evento faz parte do projeto &#8220;Viv\u00eancia Inclusiva&#8221; do shopping, que tem por objetivo desenvolver a\u00e7\u00f5es voltadas a pessoas com Transtorno do Espectro Autista (TEA). As atividades come\u00e7ar\u00e3o \u00e0s 14h, com a apresenta\u00e7\u00e3o [&hellip;]","og_url":"https:\/\/www.notibras.com\/site\/dia-mundial-da-conscientizacao-do-autismo-invade-o-terraco\/","og_site_name":"Notibras","article_publisher":"https:\/\/www.facebook.com\/notibras\/","article_published_time":"2024-04-03T19:55:12+00:00","og_image":[{"width":1600,"height":1200,"url":"https:\/\/www.notibras.com\/site\/wp-content\/uploads\/2024\/04\/unnamed-2024-04-03T165202.330.jpg","type":"image\/jpeg"}],"author":"Reda\u00e7\u00e3o","twitter_card":"summary_large_image","twitter_creator":"@Notibras","twitter_site":"@Notibras","twitter_misc":{"Escrito por":"Reda\u00e7\u00e3o","Est. tempo de leitura":"3 minutos"},"schema":{"@context":"https:\/\/schema.org","@graph":[{"@type":"Article","@id":"https:\/\/www.notibras.com\/site\/dia-mundial-da-conscientizacao-do-autismo-invade-o-terraco\/#article","isPartOf":{"@id":"https:\/\/www.notibras.com\/site\/dia-mundial-da-conscientizacao-do-autismo-invade-o-terraco\/"},"author":{"name":"Reda\u00e7\u00e3o","@id":"https:\/\/www.notibras.com\/site\/#\/schema\/person\/36ab0979449956132d3e5b517ea76ac8"},"headline":"Dia Mundial da Conscientiza\u00e7\u00e3o do Autismo invade o Terra\u00e7o","datePublished":"2024-04-03T19:55:12+00:00","mainEntityOfPage":{"@id":"https:\/\/www.notibras.com\/site\/dia-mundial-da-conscientizacao-do-autismo-invade-o-terraco\/"},"wordCount":549,"publisher":{"@id":"https:\/\/www.notibras.com\/site\/#organization"},"image":{"@id":"https:\/\/www.notibras.com\/site\/dia-mundial-da-conscientizacao-do-autismo-invade-o-terraco\/#primaryimage"},"thumbnailUrl":"https:\/\/www.notibras.com\/site\/wp-content\/uploads\/2024\/04\/unnamed-2024-04-03T165202.330.jpg","articleSection":["Quadradinho em Foco"],"inLanguage":"pt-BR"},{"@type":"WebPage","@id":"https:\/\/www.notibras.com\/site\/dia-mundial-da-conscientizacao-do-autismo-invade-o-terraco\/","url":"https:\/\/www.notibras.com\/site\/dia-mundial-da-conscientizacao-do-autismo-invade-o-terraco\/","name":"Dia Mundial da Conscientiza\u00e7\u00e3o do Autismo invade o Terra\u00e7o - Notibras","isPartOf":{"@id":"https:\/\/www.notibras.com\/site\/#website"},"primaryImageOfPage":{"@id":"https:\/\/www.notibras.com\/site\/dia-mundial-da-conscientizacao-do-autismo-invade-o-terraco\/#primaryimage"},"image":{"@id":"https:\/\/www.notibras.com\/site\/dia-mundial-da-conscientizacao-do-autismo-invade-o-terraco\/#primaryimage"},"thumbnailUrl":"https:\/\/www.notibras.com\/site\/wp-content\/uploads\/2024\/04\/unnamed-2024-04-03T165202.330.jpg","datePublished":"2024-04-03T19:55:12+00:00","breadcrumb":{"@id":"https:\/\/www.notibras.com\/site\/dia-mundial-da-conscientizacao-do-autismo-invade-o-terraco\/#breadcrumb"},"inLanguage":"pt-BR","potentialAction":[{"@type":"ReadAction","target":["https:\/\/www.notibras.com\/site\/dia-mundial-da-conscientizacao-do-autismo-invade-o-terraco\/"]}]},{"@type":"ImageObject","inLanguage":"pt-BR","@id":"https:\/\/www.notibras.com\/site\/dia-mundial-da-conscientizacao-do-autismo-invade-o-terraco\/#primaryimage","url":"https:\/\/www.notibras.com\/site\/wp-content\/uploads\/2024\/04\/unnamed-2024-04-03T165202.330.jpg","contentUrl":"https:\/\/www.notibras.com\/site\/wp-content\/uploads\/2024\/04\/unnamed-2024-04-03T165202.330.jpg","width":1600,"height":1200},{"@type":"BreadcrumbList","@id":"https:\/\/www.notibras.com\/site\/dia-mundial-da-conscientizacao-do-autismo-invade-o-terraco\/#breadcrumb","itemListElement":[{"@type":"ListItem","position":1,"name":"In\u00edcio","item":"https:\/\/www.notibras.com\/site\/"},{"@type":"ListItem","position":2,"name":"Dia Mundial da Conscientiza\u00e7\u00e3o do Autismo invade o Terra\u00e7o"}]},{"@type":"WebSite","@id":"https:\/\/www.notibras.com\/site\/#website","url":"https:\/\/www.notibras.com\/site\/","name":"Notibras","description":"Not\u00edcias de Bras\u00edlia, do Brasil e do Mundo","publisher":{"@id":"https:\/\/www.notibras.com\/site\/#organization"},"potentialAction":[{"@type":"SearchAction","target":{"@type":"EntryPoint","urlTemplate":"https:\/\/www.notibras.com\/site\/?s={search_term_string}"},"query-input":{"@type":"PropertyValueSpecification","valueRequired":true,"valueName":"search_term_string"}}],"inLanguage":"pt-BR"},{"@type":"Organization","@id":"https:\/\/www.notibras.com\/site\/#organization","name":"Grupo Notibras de Comunica\u00e7\u00e3o","url":"https:\/\/www.notibras.com\/site\/","logo":{"@type":"ImageObject","inLanguage":"pt-BR","@id":"https:\/\/www.notibras.com\/site\/#\/schema\/logo\/image\/","url":"https:\/\/www.notibras.com\/site\/wp-content\/uploads\/2023\/01\/notibras23.png","contentUrl":"https:\/\/www.notibras.com\/site\/wp-content\/uploads\/2023\/01\/notibras23.png","width":350,"height":87,"caption":"Grupo Notibras de Comunica\u00e7\u00e3o"},"image":{"@id":"https:\/\/www.notibras.com\/site\/#\/schema\/logo\/image\/"},"sameAs":["https:\/\/www.facebook.com\/notibras\/","https:\/\/x.com\/Notibras","https:\/\/www.instagram.com\/notibras\/"]},{"@type":"Person","@id":"https:\/\/www.notibras.com\/site\/#\/schema\/person\/36ab0979449956132d3e5b517ea76ac8","name":"Reda\u00e7\u00e3o","image":{"@type":"ImageObject","inLanguage":"pt-BR","@id":"https:\/\/secure.gravatar.com\/avatar\/e0a867bdedb85fd243eadf09663511f96fc81e0720a4a42581f334ad4303aa6b?s=96&d=mm&r=g","url":"https:\/\/secure.gravatar.com\/avatar\/e0a867bdedb85fd243eadf09663511f96fc81e0720a4a42581f334ad4303aa6b?s=96&d=mm&r=g","contentUrl":"https:\/\/secure.gravatar.com\/avatar\/e0a867bdedb85fd243eadf09663511f96fc81e0720a4a42581f334ad4303aa6b?s=96&d=mm&r=g","caption":"Reda\u00e7\u00e3o"}}]}},"amp_enabled":true,"_links":{"self":[{"href":"https:\/\/www.notibras.com\/site\/wp-json\/wp\/v2\/posts\/325967","targetHints":{"allow":["GET"]}}],"collection":[{"href":"https:\/\/www.notibras.com\/site\/wp-json\/wp\/v2\/posts"}],"about":[{"href":"https:\/\/www.notibras.com\/site\/wp-json\/wp\/v2\/types\/post"}],"author":[{"embeddable":true,"href":"https:\/\/www.notibras.com\/site\/wp-json\/wp\/v2\/users\/2"}],"replies":[{"embeddable":true,"href":"https:\/\/www.notibras.com\/site\/wp-json\/wp\/v2\/comments?post=325967"}],"version-history":[{"count":1,"href":"https:\/\/www.notibras.com\/site\/wp-json\/wp\/v2\/posts\/325967\/revisions"}],"predecessor-version":[{"id":325969,"href":"https:\/\/www.notibras.com\/site\/wp-json\/wp\/v2\/posts\/325967\/revisions\/325969"}],"wp:featuredmedia":[{"embeddable":true,"href":"https:\/\/www.notibras.com\/site\/wp-json\/wp\/v2\/media\/325968"}],"wp:attachment":[{"href":"https:\/\/www.notibras.com\/site\/wp-json\/wp\/v2\/media?parent=325967"}],"wp:term":[{"taxonomy":"category","embeddable":true,"href":"https:\/\/www.notibras.com\/site\/wp-json\/wp\/v2\/categories?post=325967"},{"taxonomy":"post_tag","embeddable":true,"href":"https:\/\/www.notibras.com\/site\/wp-json\/wp\/v2\/tags?post=325967"}],"curies":[{"name":"wp","href":"https:\/\/api.w.org\/{rel}","templated":true}]}}