{"id":325978,"date":"2024-04-04T01:51:38","date_gmt":"2024-04-04T04:51:38","guid":{"rendered":"https:\/\/www.notibras.com\/site\/?p=325978"},"modified":"2024-04-04T01:58:12","modified_gmt":"2024-04-04T04:58:12","slug":"velha-roupa-colorida-provoca-alucinacao-em-ana","status":"publish","type":"post","link":"https:\/\/www.notibras.com\/site\/velha-roupa-colorida-provoca-alucinacao-em-ana\/","title":{"rendered":"&#8216;Velha roupa colorida&#8217; provoca alucina\u00e7\u00e3o em Ana"},"content":{"rendered":"<p>Ronaldo era muito mais magro do que os demais garotos da rua. No entanto, o que lhe faltava nas carnes, sobrava-lhe nos cabelos, longos, ondulados e oxigenados, o que provocava um contraste com a pele bronzeada, que, naqueles tempos, me atraiu. Bonito? Talvez um pouco, mas nada de exageros. Destacava-se dos demais pela altivez, apesar dos ombros ca\u00eddos.<\/p>\n<p>O jovem, como soube alguns dias ap\u00f3s, acabara de completar 20 anos e estava prestes a entrar na universidade. Engenharia civil, sonho muito mais do pai do que dele, que era afeito a passar o dia na praia e, assim que a noite se fazia presente, sentava-se na cal\u00e7ada em frente \u00e0 sua casa para tocar viol\u00e3o. N\u00e3o tardava, mo\u00e7as e rapazes se sentavam ao redor at\u00e9 que, um a um, retornavam para as resid\u00eancias, e a rua voltava a ficar silenciosa.<\/p>\n<p>Foi numa quarta-feira, princ\u00edpio de fevereiro, que tivemos a nossa primeira conversa. Nada al\u00e9m de cumprimentos de pessoas que se conhecem apenas de vista. Todavia, exatamente uma semana ap\u00f3s, reencontrei Ronaldo, agora na vendinha do bairro. Ele carregava uma garrafa de refrigerante; eu, duas sacolas repletas de frutas, verduras e um pacote de caf\u00e9.<\/p>\n<p>\u2014 Quer que eu ajude a senhora?<\/p>\n<p>N\u00e3o era muito mais velha que Ronaldo, apesar de n\u00e3o ficar surpresa com a forma que ele se referiu a mim. Estava com 26, mas era casada e, talvez, a ocasi\u00e3o merecesse tal dist\u00e2ncia. Sorri, mas respondi que n\u00e3o precisava. Virei-me e caminhei cinco ou dez metros, at\u00e9 que coloquei as sacolas no ch\u00e3o e me virei.<\/p>\n<p>\u2014 Vou aceitar, sim!<\/p>\n<p>Ele colocou o refrigerante dentro de uma das sacolas e, cada uma em uma das m\u00e3os, as carregou at\u00e9 o meu apartamento, quase no final da rua. Subimos pelo elevador e, assim que abri a porta, ele me perguntou onde poderia deixar as sacolas. Respondi que na cozinha, caso n\u00e3o se importasse.<\/p>\n<p>Ronaldo colocou as sacolas sobre a mesa, retirou o refrigerante e se virou para ir embora. Criei coragem e lhe ofereci um suco de uva. Ele se voltou para mim, encarou-me pela primeira vez, quando percebi que seus olhos eram de um castanho quase mel. N\u00e3o sei se ouvi sua resposta, mas logo est\u00e1vamos sentados \u00e0 mesa.<\/p>\n<p>O rapaz me contou sobre sua paix\u00e3o pela m\u00fasica. Disse que adorava Belchior. Falei que tamb\u00e9m gostava dele, bem como havia comprado seu \u00faltimo disco, &#8220;Alucina\u00e7\u00e3o&#8221;. Ronaldo me encarou com aqueles olhos t\u00e3o doces e me falou que estava aprendendo a tocar &#8220;Como nossos pais&#8221;.<\/p>\n<p>\u2014 Vou colocar o disco. Quer?<\/p>\n<p>\u2014 Quero muito, Ana L\u00facia!<\/p>\n<p>Adorei ouvi-lo me chamar pelo nome inv\u00e9s de senhora. Sentamos no sof\u00e1 da sala, enquanto a voz do Belchior ecoava pelo ambiente. Ficamos ali por quase duas horas, at\u00e9 que ele disse que precisava ir, pois iria fazer a matr\u00edcula na faculdade. A despedida foi com os tradicionais dois beijinhos no rosto, coisa de gente amiga ou que est\u00e1 se conhecendo.<\/p>\n<p>Meu marido chegou \u00e0 noite. Servi-lhe o jantar e uma ta\u00e7a de vinho tinto. Eu, que desde essa \u00e9poca nunca fui muito afeita a bebidas, tamb\u00e9m tomei um pouco. Terminamos sob os len\u00e7\u00f3is e revivemos os dois primeiros anos de casados.<\/p>\n<p>Acordei com enxaqueca, enquanto meu esposo parecia n\u00e3o ter sentido qualquer efeito do \u00e1lcool. De t\u00e3o mal fiquei, fechei a porta do quarto para n\u00e3o sentir o cheiro de ovo frito, que ele comia com sofreguid\u00e3o. Meu marido, n\u00e3o tardou, se despediu com um beijo em meus l\u00e1bios. Quando retornou naquela noite, me encontrou prostrada sobre a cama. Prometi a mim mesma que nunca mais colocaria nenhuma gota sequer de \u00e1lcool na boca. Obviamente que, em certas ocasi\u00f5es, tal promessa foi esquecida.<\/p>\n<p>Levou alguns dias at\u00e9 que esbarrei com Ronaldo na mesma vendinha. Ele estava com uma garrafa do mesmo refrigerante e, assim que me viu, me lan\u00e7ou um sorriso amig\u00e1vel. Perguntou-me se iria precisar de ajuda para levar as compras. Nem titubeei.<\/p>\n<p>Ronaldo e eu, sentados no sof\u00e1 da sala, enquanto l\u00e1 estava o Belchior preenchendo os vazios do ambiente com aquela voz anasalada. Ronaldo, de t\u00e3o descontra\u00eddo, foi se sentar no tapete. Os cabelos balan\u00e7ando no ritmo da m\u00fasica. Tomei coragem e fui at\u00e9 ele, passei a m\u00e3o direita naqueles cachos. O rapaz me olhou de uma maneira ainda mais doce, quase ao mesmo tempo que abra\u00e7ou minhas coxas. Abaixei meu rosto e o beijei.<\/p>\n<p>Nossos encontros se prolongaram por semanas, at\u00e9 que meu esposo recebeu uma proposta irrecus\u00e1vel de emprego. Mudamos para uma cidade na fronteira com o Uruguai, onde ainda residimos. J\u00e1 se v\u00e3o mais de 40 anos. Meu marido, que se aposentou h\u00e1 alguns meses, gosta da casa cheia. Nossos filhos, noras, genros e netos sempre nos visitam.<\/p>\n<p>Quanto ao Ronaldo, o nosso \u00faltimo encontro foi justamente num sonho. Ele estava sentado no tapete da sala, os longos cabelos no ritmo da m\u00fasica do Belchior, &#8220;Velha roupa colorida&#8221;.<\/p>\n","protected":false},"excerpt":{"rendered":"<p>Ronaldo era muito mais magro do que os demais garotos da rua. No entanto, o que lhe faltava nas carnes, sobrava-lhe nos cabelos, longos, ondulados e oxigenados, o que provocava um contraste com a pele bronzeada, que, naqueles tempos, me atraiu. Bonito? Talvez um pouco, mas nada de exageros. Destacava-se dos demais pela altivez, apesar [&hellip;]<\/p>\n","protected":false},"author":2,"featured_media":325979,"comment_status":"closed","ping_status":"closed","sticky":false,"template":"","format":"standard","meta":{"_acf_changed":false,"footnotes":""},"categories":[161],"tags":[],"class_list":["post-325978","post","type-post","status-publish","format-standard","has-post-thumbnail","hentry","category-quadradinho-em-foco"],"acf":[],"yoast_head":"<!-- This site is optimized with the Yoast SEO plugin v27.5 - https:\/\/yoast.com\/product\/yoast-seo-wordpress\/ -->\n<title>&#039;Velha roupa colorida&#039; provoca alucina\u00e7\u00e3o em Ana - Notibras<\/title>\n<meta name=\"robots\" content=\"index, follow, max-snippet:-1, max-image-preview:large, max-video-preview:-1\" \/>\n<link rel=\"canonical\" href=\"https:\/\/www.notibras.com\/site\/velha-roupa-colorida-provoca-alucinacao-em-ana\/\" \/>\n<meta property=\"og:locale\" content=\"pt_BR\" \/>\n<meta property=\"og:type\" content=\"article\" \/>\n<meta property=\"og:title\" content=\"&#039;Velha roupa colorida&#039; provoca alucina\u00e7\u00e3o em Ana - Notibras\" \/>\n<meta property=\"og:description\" content=\"Ronaldo era muito mais magro do que os demais garotos da rua. No entanto, o que lhe faltava nas carnes, sobrava-lhe nos cabelos, longos, ondulados e oxigenados, o que provocava um contraste com a pele bronzeada, que, naqueles tempos, me atraiu. Bonito? Talvez um pouco, mas nada de exageros. Destacava-se dos demais pela altivez, apesar [&hellip;]\" \/>\n<meta property=\"og:url\" content=\"https:\/\/www.notibras.com\/site\/velha-roupa-colorida-provoca-alucinacao-em-ana\/\" \/>\n<meta property=\"og:site_name\" content=\"Notibras\" \/>\n<meta property=\"article:publisher\" content=\"https:\/\/www.facebook.com\/notibras\/\" \/>\n<meta property=\"article:published_time\" content=\"2024-04-04T04:51:38+00:00\" \/>\n<meta property=\"article:modified_time\" content=\"2024-04-04T04:58:12+00:00\" \/>\n<meta property=\"og:image\" content=\"https:\/\/www.notibras.com\/site\/wp-content\/uploads\/2024\/04\/9fadb282-c11b-42c9-a505-3d5508a27855.jpeg\" \/>\n\t<meta property=\"og:image:width\" content=\"1024\" \/>\n\t<meta property=\"og:image:height\" content=\"1024\" \/>\n\t<meta property=\"og:image:type\" content=\"image\/jpeg\" \/>\n<meta name=\"author\" content=\"Reda\u00e7\u00e3o\" \/>\n<meta name=\"twitter:card\" content=\"summary_large_image\" \/>\n<meta name=\"twitter:creator\" content=\"@Notibras\" \/>\n<meta name=\"twitter:site\" content=\"@Notibras\" \/>\n<meta name=\"twitter:label1\" content=\"Escrito por\" \/>\n\t<meta name=\"twitter:data1\" content=\"Reda\u00e7\u00e3o\" \/>\n\t<meta name=\"twitter:label2\" content=\"Est. tempo de leitura\" \/>\n\t<meta name=\"twitter:data2\" content=\"5 minutos\" \/>\n<script type=\"application\/ld+json\" class=\"yoast-schema-graph\">{\"@context\":\"https:\\\/\\\/schema.org\",\"@graph\":[{\"@type\":\"Article\",\"@id\":\"https:\\\/\\\/www.notibras.com\\\/site\\\/velha-roupa-colorida-provoca-alucinacao-em-ana\\\/#article\",\"isPartOf\":{\"@id\":\"https:\\\/\\\/www.notibras.com\\\/site\\\/velha-roupa-colorida-provoca-alucinacao-em-ana\\\/\"},\"author\":{\"name\":\"Reda\u00e7\u00e3o\",\"@id\":\"https:\\\/\\\/www.notibras.com\\\/site\\\/#\\\/schema\\\/person\\\/36ab0979449956132d3e5b517ea76ac8\"},\"headline\":\"&#8216;Velha roupa colorida&#8217; provoca alucina\u00e7\u00e3o em Ana\",\"datePublished\":\"2024-04-04T04:51:38+00:00\",\"dateModified\":\"2024-04-04T04:58:12+00:00\",\"mainEntityOfPage\":{\"@id\":\"https:\\\/\\\/www.notibras.com\\\/site\\\/velha-roupa-colorida-provoca-alucinacao-em-ana\\\/\"},\"wordCount\":859,\"publisher\":{\"@id\":\"https:\\\/\\\/www.notibras.com\\\/site\\\/#organization\"},\"image\":{\"@id\":\"https:\\\/\\\/www.notibras.com\\\/site\\\/velha-roupa-colorida-provoca-alucinacao-em-ana\\\/#primaryimage\"},\"thumbnailUrl\":\"https:\\\/\\\/www.notibras.com\\\/site\\\/wp-content\\\/uploads\\\/2024\\\/04\\\/9fadb282-c11b-42c9-a505-3d5508a27855.jpeg\",\"articleSection\":[\"Quadradinho em Foco\"],\"inLanguage\":\"pt-BR\"},{\"@type\":\"WebPage\",\"@id\":\"https:\\\/\\\/www.notibras.com\\\/site\\\/velha-roupa-colorida-provoca-alucinacao-em-ana\\\/\",\"url\":\"https:\\\/\\\/www.notibras.com\\\/site\\\/velha-roupa-colorida-provoca-alucinacao-em-ana\\\/\",\"name\":\"'Velha roupa colorida' provoca alucina\u00e7\u00e3o em Ana - Notibras\",\"isPartOf\":{\"@id\":\"https:\\\/\\\/www.notibras.com\\\/site\\\/#website\"},\"primaryImageOfPage\":{\"@id\":\"https:\\\/\\\/www.notibras.com\\\/site\\\/velha-roupa-colorida-provoca-alucinacao-em-ana\\\/#primaryimage\"},\"image\":{\"@id\":\"https:\\\/\\\/www.notibras.com\\\/site\\\/velha-roupa-colorida-provoca-alucinacao-em-ana\\\/#primaryimage\"},\"thumbnailUrl\":\"https:\\\/\\\/www.notibras.com\\\/site\\\/wp-content\\\/uploads\\\/2024\\\/04\\\/9fadb282-c11b-42c9-a505-3d5508a27855.jpeg\",\"datePublished\":\"2024-04-04T04:51:38+00:00\",\"dateModified\":\"2024-04-04T04:58:12+00:00\",\"breadcrumb\":{\"@id\":\"https:\\\/\\\/www.notibras.com\\\/site\\\/velha-roupa-colorida-provoca-alucinacao-em-ana\\\/#breadcrumb\"},\"inLanguage\":\"pt-BR\",\"potentialAction\":[{\"@type\":\"ReadAction\",\"target\":[\"https:\\\/\\\/www.notibras.com\\\/site\\\/velha-roupa-colorida-provoca-alucinacao-em-ana\\\/\"]}]},{\"@type\":\"ImageObject\",\"inLanguage\":\"pt-BR\",\"@id\":\"https:\\\/\\\/www.notibras.com\\\/site\\\/velha-roupa-colorida-provoca-alucinacao-em-ana\\\/#primaryimage\",\"url\":\"https:\\\/\\\/www.notibras.com\\\/site\\\/wp-content\\\/uploads\\\/2024\\\/04\\\/9fadb282-c11b-42c9-a505-3d5508a27855.jpeg\",\"contentUrl\":\"https:\\\/\\\/www.notibras.com\\\/site\\\/wp-content\\\/uploads\\\/2024\\\/04\\\/9fadb282-c11b-42c9-a505-3d5508a27855.jpeg\",\"width\":1024,\"height\":1024},{\"@type\":\"BreadcrumbList\",\"@id\":\"https:\\\/\\\/www.notibras.com\\\/site\\\/velha-roupa-colorida-provoca-alucinacao-em-ana\\\/#breadcrumb\",\"itemListElement\":[{\"@type\":\"ListItem\",\"position\":1,\"name\":\"In\u00edcio\",\"item\":\"https:\\\/\\\/www.notibras.com\\\/site\\\/\"},{\"@type\":\"ListItem\",\"position\":2,\"name\":\"&#8216;Velha roupa colorida&#8217; provoca alucina\u00e7\u00e3o em Ana\"}]},{\"@type\":\"WebSite\",\"@id\":\"https:\\\/\\\/www.notibras.com\\\/site\\\/#website\",\"url\":\"https:\\\/\\\/www.notibras.com\\\/site\\\/\",\"name\":\"Notibras\",\"description\":\"Not\u00edcias de Bras\u00edlia, do Brasil e do Mundo\",\"publisher\":{\"@id\":\"https:\\\/\\\/www.notibras.com\\\/site\\\/#organization\"},\"potentialAction\":[{\"@type\":\"SearchAction\",\"target\":{\"@type\":\"EntryPoint\",\"urlTemplate\":\"https:\\\/\\\/www.notibras.com\\\/site\\\/?s={search_term_string}\"},\"query-input\":{\"@type\":\"PropertyValueSpecification\",\"valueRequired\":true,\"valueName\":\"search_term_string\"}}],\"inLanguage\":\"pt-BR\"},{\"@type\":\"Organization\",\"@id\":\"https:\\\/\\\/www.notibras.com\\\/site\\\/#organization\",\"name\":\"Grupo Notibras de Comunica\u00e7\u00e3o\",\"url\":\"https:\\\/\\\/www.notibras.com\\\/site\\\/\",\"logo\":{\"@type\":\"ImageObject\",\"inLanguage\":\"pt-BR\",\"@id\":\"https:\\\/\\\/www.notibras.com\\\/site\\\/#\\\/schema\\\/logo\\\/image\\\/\",\"url\":\"https:\\\/\\\/www.notibras.com\\\/site\\\/wp-content\\\/uploads\\\/2023\\\/01\\\/notibras23.png\",\"contentUrl\":\"https:\\\/\\\/www.notibras.com\\\/site\\\/wp-content\\\/uploads\\\/2023\\\/01\\\/notibras23.png\",\"width\":350,\"height\":87,\"caption\":\"Grupo Notibras de Comunica\u00e7\u00e3o\"},\"image\":{\"@id\":\"https:\\\/\\\/www.notibras.com\\\/site\\\/#\\\/schema\\\/logo\\\/image\\\/\"},\"sameAs\":[\"https:\\\/\\\/www.facebook.com\\\/notibras\\\/\",\"https:\\\/\\\/x.com\\\/Notibras\",\"https:\\\/\\\/www.instagram.com\\\/notibras\\\/\"]},{\"@type\":\"Person\",\"@id\":\"https:\\\/\\\/www.notibras.com\\\/site\\\/#\\\/schema\\\/person\\\/36ab0979449956132d3e5b517ea76ac8\",\"name\":\"Reda\u00e7\u00e3o\",\"image\":{\"@type\":\"ImageObject\",\"inLanguage\":\"pt-BR\",\"@id\":\"https:\\\/\\\/secure.gravatar.com\\\/avatar\\\/e0a867bdedb85fd243eadf09663511f96fc81e0720a4a42581f334ad4303aa6b?s=96&d=mm&r=g\",\"url\":\"https:\\\/\\\/secure.gravatar.com\\\/avatar\\\/e0a867bdedb85fd243eadf09663511f96fc81e0720a4a42581f334ad4303aa6b?s=96&d=mm&r=g\",\"contentUrl\":\"https:\\\/\\\/secure.gravatar.com\\\/avatar\\\/e0a867bdedb85fd243eadf09663511f96fc81e0720a4a42581f334ad4303aa6b?s=96&d=mm&r=g\",\"caption\":\"Reda\u00e7\u00e3o\"}}]}<\/script>\n<!-- \/ Yoast SEO plugin. -->","yoast_head_json":{"title":"'Velha roupa colorida' provoca alucina\u00e7\u00e3o em Ana - Notibras","robots":{"index":"index","follow":"follow","max-snippet":"max-snippet:-1","max-image-preview":"max-image-preview:large","max-video-preview":"max-video-preview:-1"},"canonical":"https:\/\/www.notibras.com\/site\/velha-roupa-colorida-provoca-alucinacao-em-ana\/","og_locale":"pt_BR","og_type":"article","og_title":"'Velha roupa colorida' provoca alucina\u00e7\u00e3o em Ana - Notibras","og_description":"Ronaldo era muito mais magro do que os demais garotos da rua. No entanto, o que lhe faltava nas carnes, sobrava-lhe nos cabelos, longos, ondulados e oxigenados, o que provocava um contraste com a pele bronzeada, que, naqueles tempos, me atraiu. Bonito? Talvez um pouco, mas nada de exageros. Destacava-se dos demais pela altivez, apesar [&hellip;]","og_url":"https:\/\/www.notibras.com\/site\/velha-roupa-colorida-provoca-alucinacao-em-ana\/","og_site_name":"Notibras","article_publisher":"https:\/\/www.facebook.com\/notibras\/","article_published_time":"2024-04-04T04:51:38+00:00","article_modified_time":"2024-04-04T04:58:12+00:00","og_image":[{"width":1024,"height":1024,"url":"https:\/\/www.notibras.com\/site\/wp-content\/uploads\/2024\/04\/9fadb282-c11b-42c9-a505-3d5508a27855.jpeg","type":"image\/jpeg"}],"author":"Reda\u00e7\u00e3o","twitter_card":"summary_large_image","twitter_creator":"@Notibras","twitter_site":"@Notibras","twitter_misc":{"Escrito por":"Reda\u00e7\u00e3o","Est. tempo de leitura":"5 minutos"},"schema":{"@context":"https:\/\/schema.org","@graph":[{"@type":"Article","@id":"https:\/\/www.notibras.com\/site\/velha-roupa-colorida-provoca-alucinacao-em-ana\/#article","isPartOf":{"@id":"https:\/\/www.notibras.com\/site\/velha-roupa-colorida-provoca-alucinacao-em-ana\/"},"author":{"name":"Reda\u00e7\u00e3o","@id":"https:\/\/www.notibras.com\/site\/#\/schema\/person\/36ab0979449956132d3e5b517ea76ac8"},"headline":"&#8216;Velha roupa colorida&#8217; provoca alucina\u00e7\u00e3o em Ana","datePublished":"2024-04-04T04:51:38+00:00","dateModified":"2024-04-04T04:58:12+00:00","mainEntityOfPage":{"@id":"https:\/\/www.notibras.com\/site\/velha-roupa-colorida-provoca-alucinacao-em-ana\/"},"wordCount":859,"publisher":{"@id":"https:\/\/www.notibras.com\/site\/#organization"},"image":{"@id":"https:\/\/www.notibras.com\/site\/velha-roupa-colorida-provoca-alucinacao-em-ana\/#primaryimage"},"thumbnailUrl":"https:\/\/www.notibras.com\/site\/wp-content\/uploads\/2024\/04\/9fadb282-c11b-42c9-a505-3d5508a27855.jpeg","articleSection":["Quadradinho em Foco"],"inLanguage":"pt-BR"},{"@type":"WebPage","@id":"https:\/\/www.notibras.com\/site\/velha-roupa-colorida-provoca-alucinacao-em-ana\/","url":"https:\/\/www.notibras.com\/site\/velha-roupa-colorida-provoca-alucinacao-em-ana\/","name":"'Velha roupa colorida' provoca alucina\u00e7\u00e3o em Ana - Notibras","isPartOf":{"@id":"https:\/\/www.notibras.com\/site\/#website"},"primaryImageOfPage":{"@id":"https:\/\/www.notibras.com\/site\/velha-roupa-colorida-provoca-alucinacao-em-ana\/#primaryimage"},"image":{"@id":"https:\/\/www.notibras.com\/site\/velha-roupa-colorida-provoca-alucinacao-em-ana\/#primaryimage"},"thumbnailUrl":"https:\/\/www.notibras.com\/site\/wp-content\/uploads\/2024\/04\/9fadb282-c11b-42c9-a505-3d5508a27855.jpeg","datePublished":"2024-04-04T04:51:38+00:00","dateModified":"2024-04-04T04:58:12+00:00","breadcrumb":{"@id":"https:\/\/www.notibras.com\/site\/velha-roupa-colorida-provoca-alucinacao-em-ana\/#breadcrumb"},"inLanguage":"pt-BR","potentialAction":[{"@type":"ReadAction","target":["https:\/\/www.notibras.com\/site\/velha-roupa-colorida-provoca-alucinacao-em-ana\/"]}]},{"@type":"ImageObject","inLanguage":"pt-BR","@id":"https:\/\/www.notibras.com\/site\/velha-roupa-colorida-provoca-alucinacao-em-ana\/#primaryimage","url":"https:\/\/www.notibras.com\/site\/wp-content\/uploads\/2024\/04\/9fadb282-c11b-42c9-a505-3d5508a27855.jpeg","contentUrl":"https:\/\/www.notibras.com\/site\/wp-content\/uploads\/2024\/04\/9fadb282-c11b-42c9-a505-3d5508a27855.jpeg","width":1024,"height":1024},{"@type":"BreadcrumbList","@id":"https:\/\/www.notibras.com\/site\/velha-roupa-colorida-provoca-alucinacao-em-ana\/#breadcrumb","itemListElement":[{"@type":"ListItem","position":1,"name":"In\u00edcio","item":"https:\/\/www.notibras.com\/site\/"},{"@type":"ListItem","position":2,"name":"&#8216;Velha roupa colorida&#8217; provoca alucina\u00e7\u00e3o em Ana"}]},{"@type":"WebSite","@id":"https:\/\/www.notibras.com\/site\/#website","url":"https:\/\/www.notibras.com\/site\/","name":"Notibras","description":"Not\u00edcias de Bras\u00edlia, do Brasil e do Mundo","publisher":{"@id":"https:\/\/www.notibras.com\/site\/#organization"},"potentialAction":[{"@type":"SearchAction","target":{"@type":"EntryPoint","urlTemplate":"https:\/\/www.notibras.com\/site\/?s={search_term_string}"},"query-input":{"@type":"PropertyValueSpecification","valueRequired":true,"valueName":"search_term_string"}}],"inLanguage":"pt-BR"},{"@type":"Organization","@id":"https:\/\/www.notibras.com\/site\/#organization","name":"Grupo Notibras de Comunica\u00e7\u00e3o","url":"https:\/\/www.notibras.com\/site\/","logo":{"@type":"ImageObject","inLanguage":"pt-BR","@id":"https:\/\/www.notibras.com\/site\/#\/schema\/logo\/image\/","url":"https:\/\/www.notibras.com\/site\/wp-content\/uploads\/2023\/01\/notibras23.png","contentUrl":"https:\/\/www.notibras.com\/site\/wp-content\/uploads\/2023\/01\/notibras23.png","width":350,"height":87,"caption":"Grupo Notibras de Comunica\u00e7\u00e3o"},"image":{"@id":"https:\/\/www.notibras.com\/site\/#\/schema\/logo\/image\/"},"sameAs":["https:\/\/www.facebook.com\/notibras\/","https:\/\/x.com\/Notibras","https:\/\/www.instagram.com\/notibras\/"]},{"@type":"Person","@id":"https:\/\/www.notibras.com\/site\/#\/schema\/person\/36ab0979449956132d3e5b517ea76ac8","name":"Reda\u00e7\u00e3o","image":{"@type":"ImageObject","inLanguage":"pt-BR","@id":"https:\/\/secure.gravatar.com\/avatar\/e0a867bdedb85fd243eadf09663511f96fc81e0720a4a42581f334ad4303aa6b?s=96&d=mm&r=g","url":"https:\/\/secure.gravatar.com\/avatar\/e0a867bdedb85fd243eadf09663511f96fc81e0720a4a42581f334ad4303aa6b?s=96&d=mm&r=g","contentUrl":"https:\/\/secure.gravatar.com\/avatar\/e0a867bdedb85fd243eadf09663511f96fc81e0720a4a42581f334ad4303aa6b?s=96&d=mm&r=g","caption":"Reda\u00e7\u00e3o"}}]}},"amp_enabled":true,"_links":{"self":[{"href":"https:\/\/www.notibras.com\/site\/wp-json\/wp\/v2\/posts\/325978","targetHints":{"allow":["GET"]}}],"collection":[{"href":"https:\/\/www.notibras.com\/site\/wp-json\/wp\/v2\/posts"}],"about":[{"href":"https:\/\/www.notibras.com\/site\/wp-json\/wp\/v2\/types\/post"}],"author":[{"embeddable":true,"href":"https:\/\/www.notibras.com\/site\/wp-json\/wp\/v2\/users\/2"}],"replies":[{"embeddable":true,"href":"https:\/\/www.notibras.com\/site\/wp-json\/wp\/v2\/comments?post=325978"}],"version-history":[{"count":6,"href":"https:\/\/www.notibras.com\/site\/wp-json\/wp\/v2\/posts\/325978\/revisions"}],"predecessor-version":[{"id":325985,"href":"https:\/\/www.notibras.com\/site\/wp-json\/wp\/v2\/posts\/325978\/revisions\/325985"}],"wp:featuredmedia":[{"embeddable":true,"href":"https:\/\/www.notibras.com\/site\/wp-json\/wp\/v2\/media\/325979"}],"wp:attachment":[{"href":"https:\/\/www.notibras.com\/site\/wp-json\/wp\/v2\/media?parent=325978"}],"wp:term":[{"taxonomy":"category","embeddable":true,"href":"https:\/\/www.notibras.com\/site\/wp-json\/wp\/v2\/categories?post=325978"},{"taxonomy":"post_tag","embeddable":true,"href":"https:\/\/www.notibras.com\/site\/wp-json\/wp\/v2\/tags?post=325978"}],"curies":[{"name":"wp","href":"https:\/\/api.w.org\/{rel}","templated":true}]}}