{"id":326030,"date":"2024-04-04T00:24:28","date_gmt":"2024-04-04T03:24:28","guid":{"rendered":"https:\/\/www.notibras.com\/site\/?p=326030"},"modified":"2024-04-04T13:26:38","modified_gmt":"2024-04-04T16:26:38","slug":"governo-corre-para-tapar-buraco-que-ameaca-engolir-o-que-tem-pela-frente","status":"publish","type":"post","link":"https:\/\/www.notibras.com\/site\/governo-corre-para-tapar-buraco-que-ameaca-engolir-o-que-tem-pela-frente\/","title":{"rendered":"Governo corre para tapar buraco que amea\u00e7a engolir o que tem pela frente"},"content":{"rendered":"<p>Na noite desta quarta-feira (3), equipes do Governo do Distrito Federal iniciaram os trabalhos para reparar o asfalto e uma corros\u00e3o na rede de esgoto em um trecho da via no Setor Policial Sul. Os trabalhos ser\u00e3o feitos de forma ininterrupta pelos t\u00e9cnicos da Companhia de Saneamento Ambiental do Distrito Federal (Caesb) at\u00e9 a completa finaliza\u00e7\u00e3o.<\/p>\n<p>Assim que o asfalto cedeu, diversos \u00f3rg\u00e3os do GDF foram acionados e compareceram ao local para tomar todas as medidas necess\u00e1rias para garantir a seguran\u00e7a dos motoristas e pedestres. A \u00e1rea foi rapidamente isolada com uma boa margem de seguran\u00e7a para executar os devidos reparos | Fotos: Tony Oliveira\/Ag\u00eancia Bras\u00edlia<\/p>\n<p>J\u00e1 no in\u00edcio da noite, os maquin\u00e1rios e t\u00e9cnicos da companhia iniciaram a escava\u00e7\u00e3o do trecho para o trabalho de recupera\u00e7\u00e3o. \u201cAp\u00f3s a escava\u00e7\u00e3o, iremos avaliar a extens\u00e3o at\u00e9 onde a rede est\u00e1 comprometida. A pr\u00f3xima etapa ser\u00e1 a substitui\u00e7\u00e3o do material corro\u00eddo e, em seguida, a recupera\u00e7\u00e3o do asfaltamento. Trabalharemos durante toda a noite para solucionar o problema o mais r\u00e1pido poss\u00edvel\u201d, detalha o diretor de Produ\u00e7\u00e3o e Manuten\u00e7\u00e3o da Caesb, Carlos Eduardo Pereira.<\/p>\n<p>\u201cEstamos avaliando, mas percebemos que foi um desgaste natural da tubula\u00e7\u00e3o da rede de esgoto. Os gases corrosivos, ao entrar em contato com a parte superior da rede, provocaram um rompimento, resultando no cedimento do solo e do asfalto\u201d, explica o diretor de Produ\u00e7\u00e3o e Manuten\u00e7\u00e3o da Caesb, Carlos Eduardo Pereira<\/p>\n<p>De acordo com a Caesb, o afundamento do asfalto na via foi decorrente de uma corros\u00e3o na rede. \u201cEstamos avaliando, mas percebemos que foi um desgaste natural da tubula\u00e7\u00e3o da rede de esgoto. Os gases corrosivos, ao entrar em contato com a parte superior da rede, provocaram um rompimento, resultando no cedimento do solo e do asfalto\u201d, explica o gestor da Caesb.<\/p>\n<p><strong>A\u00e7\u00e3o r\u00e1pida<\/strong><br \/>\nAssim que o asfalto cedeu, diversos \u00f3rg\u00e3os do GDF foram acionados e compareceram ao local para tomar todas as medidas necess\u00e1rias para garantir a seguran\u00e7a dos motoristas e pedestres. A \u00e1rea foi rapidamente isolada com uma boa margem de seguran\u00e7a e os \u00f3rg\u00e3os foram mobilizados para executar os devidos reparos.<\/p>\n<p>\u201cAl\u00e9m da al\u00e7a de acesso onde os trabalhos est\u00e3o sendo executados, mais um trecho da pista do Setor Policial no sentido Sudoeste ficar\u00e1 fechado para a execu\u00e7\u00e3o dos trabalhos\u201d, diz o assessor t\u00e9cnico da Defesa Civil, capit\u00e3o Renato Augusto Silva<\/p>\n<p>De imediato, o tr\u00e2nsito foi interditado pelo Corpo de Bombeiros Militar e pelo Departamento de Tr\u00e2nsito. Mais de 12 viaturas e 30 agentes trabalharam para garantir a seguran\u00e7a vi\u00e1ria do local. T\u00e9cnicos e engenheiros da Subsecretaria de Prote\u00e7\u00e3o e Defesa Civil tamb\u00e9m estiveram presentes e fizeram uma vistoria no trecho da via.<\/p>\n<p>\u201cFomos acionados e rapidamente viemos vistoriar o local, assim como outros \u00f3rg\u00e3os, como Secretaria de Obras, Novacap, Detran, DER, tudo para garantir a seguran\u00e7a das pessoas. Al\u00e9m da al\u00e7a de acesso onde os trabalhos est\u00e3o sendo executados, mais um trecho da pista do Setor Policial no sentido Sudoeste ficar\u00e1 fechado para a execu\u00e7\u00e3o dos trabalhos\u201d, diz o assessor t\u00e9cnico da Defesa Civil, capit\u00e3o Renato Augusto Silva.<\/p>\n<p><strong>Mudan\u00e7as no tr\u00e2nsito<\/strong><br \/>\nPara a execu\u00e7\u00e3o da obra, o Detran interditou um trecho de cerca de 500 metros da faixa da esquerda na altura do viaduto da EPIG, do Setor Policial Sul, sentido Octogonal. Com isso, os motoristas que seguem em dire\u00e7\u00e3o ao Sudoeste utilizam apenas a faixa da direita nesse per\u00edmetro.<\/p>\n<p>A al\u00e7a de acesso \u00e0 EPIG, por\u00e9m, seguir\u00e1 interditada, em raz\u00e3o das obras. O Detran orienta os motoristas a utilizarem rotas alternativas, como a EPGU, EPIA, EPNB, EPIG, Eixo Rodovi\u00e1rio Sul e Parque da Cidade.<\/p>\n","protected":false},"excerpt":{"rendered":"<p>Na noite desta quarta-feira (3), equipes do Governo do Distrito Federal iniciaram os trabalhos para reparar o asfalto e uma corros\u00e3o na rede de esgoto em um trecho da via no Setor Policial Sul. Os trabalhos ser\u00e3o feitos de forma ininterrupta pelos t\u00e9cnicos da Companhia de Saneamento Ambiental do Distrito Federal (Caesb) at\u00e9 a completa [&hellip;]<\/p>\n","protected":false},"author":2,"featured_media":326031,"comment_status":"closed","ping_status":"closed","sticky":false,"template":"","format":"standard","meta":{"_acf_changed":false,"footnotes":""},"categories":[161],"tags":[],"class_list":["post-326030","post","type-post","status-publish","format-standard","has-post-thumbnail","hentry","category-quadradinho-em-foco"],"acf":[],"yoast_head":"<!-- This site is optimized with the Yoast SEO plugin v27.5 - https:\/\/yoast.com\/product\/yoast-seo-wordpress\/ -->\n<title>Governo corre para tapar buraco que amea\u00e7a engolir o que tem pela frente - Notibras<\/title>\n<meta name=\"robots\" content=\"index, follow, max-snippet:-1, max-image-preview:large, max-video-preview:-1\" \/>\n<link rel=\"canonical\" href=\"https:\/\/www.notibras.com\/site\/governo-corre-para-tapar-buraco-que-ameaca-engolir-o-que-tem-pela-frente\/\" \/>\n<meta property=\"og:locale\" content=\"pt_BR\" \/>\n<meta property=\"og:type\" content=\"article\" \/>\n<meta property=\"og:title\" content=\"Governo corre para tapar buraco que amea\u00e7a engolir o que tem pela frente - Notibras\" \/>\n<meta property=\"og:description\" content=\"Na noite desta quarta-feira (3), equipes do Governo do Distrito Federal iniciaram os trabalhos para reparar o asfalto e uma corros\u00e3o na rede de esgoto em um trecho da via no Setor Policial Sul. Os trabalhos ser\u00e3o feitos de forma ininterrupta pelos t\u00e9cnicos da Companhia de Saneamento Ambiental do Distrito Federal (Caesb) at\u00e9 a completa [&hellip;]\" \/>\n<meta property=\"og:url\" content=\"https:\/\/www.notibras.com\/site\/governo-corre-para-tapar-buraco-que-ameaca-engolir-o-que-tem-pela-frente\/\" \/>\n<meta property=\"og:site_name\" content=\"Notibras\" \/>\n<meta property=\"article:publisher\" content=\"https:\/\/www.facebook.com\/notibras\/\" \/>\n<meta property=\"article:published_time\" content=\"2024-04-04T03:24:28+00:00\" \/>\n<meta property=\"article:modified_time\" content=\"2024-04-04T16:26:38+00:00\" \/>\n<meta property=\"og:image\" content=\"https:\/\/www.notibras.com\/site\/wp-content\/uploads\/2024\/04\/Dentro-1-1-1536x1024-1.jpg\" \/>\n\t<meta property=\"og:image:width\" content=\"1536\" \/>\n\t<meta property=\"og:image:height\" content=\"1024\" \/>\n\t<meta property=\"og:image:type\" content=\"image\/jpeg\" \/>\n<meta name=\"author\" content=\"Reda\u00e7\u00e3o\" \/>\n<meta name=\"twitter:card\" content=\"summary_large_image\" \/>\n<meta name=\"twitter:creator\" content=\"@Notibras\" \/>\n<meta name=\"twitter:site\" content=\"@Notibras\" \/>\n<meta name=\"twitter:label1\" content=\"Escrito por\" \/>\n\t<meta name=\"twitter:data1\" content=\"Reda\u00e7\u00e3o\" \/>\n\t<meta name=\"twitter:label2\" content=\"Est. tempo de leitura\" \/>\n\t<meta name=\"twitter:data2\" content=\"4 minutos\" \/>\n<script type=\"application\/ld+json\" class=\"yoast-schema-graph\">{\"@context\":\"https:\\\/\\\/schema.org\",\"@graph\":[{\"@type\":\"Article\",\"@id\":\"https:\\\/\\\/www.notibras.com\\\/site\\\/governo-corre-para-tapar-buraco-que-ameaca-engolir-o-que-tem-pela-frente\\\/#article\",\"isPartOf\":{\"@id\":\"https:\\\/\\\/www.notibras.com\\\/site\\\/governo-corre-para-tapar-buraco-que-ameaca-engolir-o-que-tem-pela-frente\\\/\"},\"author\":{\"name\":\"Reda\u00e7\u00e3o\",\"@id\":\"https:\\\/\\\/www.notibras.com\\\/site\\\/#\\\/schema\\\/person\\\/36ab0979449956132d3e5b517ea76ac8\"},\"headline\":\"Governo corre para tapar buraco que amea\u00e7a engolir o que tem pela frente\",\"datePublished\":\"2024-04-04T03:24:28+00:00\",\"dateModified\":\"2024-04-04T16:26:38+00:00\",\"mainEntityOfPage\":{\"@id\":\"https:\\\/\\\/www.notibras.com\\\/site\\\/governo-corre-para-tapar-buraco-que-ameaca-engolir-o-que-tem-pela-frente\\\/\"},\"wordCount\":668,\"publisher\":{\"@id\":\"https:\\\/\\\/www.notibras.com\\\/site\\\/#organization\"},\"image\":{\"@id\":\"https:\\\/\\\/www.notibras.com\\\/site\\\/governo-corre-para-tapar-buraco-que-ameaca-engolir-o-que-tem-pela-frente\\\/#primaryimage\"},\"thumbnailUrl\":\"https:\\\/\\\/www.notibras.com\\\/site\\\/wp-content\\\/uploads\\\/2024\\\/04\\\/Dentro-1-1-1536x1024-1.jpg\",\"articleSection\":[\"Quadradinho em Foco\"],\"inLanguage\":\"pt-BR\"},{\"@type\":\"WebPage\",\"@id\":\"https:\\\/\\\/www.notibras.com\\\/site\\\/governo-corre-para-tapar-buraco-que-ameaca-engolir-o-que-tem-pela-frente\\\/\",\"url\":\"https:\\\/\\\/www.notibras.com\\\/site\\\/governo-corre-para-tapar-buraco-que-ameaca-engolir-o-que-tem-pela-frente\\\/\",\"name\":\"Governo corre para tapar buraco que amea\u00e7a engolir o que tem pela frente - Notibras\",\"isPartOf\":{\"@id\":\"https:\\\/\\\/www.notibras.com\\\/site\\\/#website\"},\"primaryImageOfPage\":{\"@id\":\"https:\\\/\\\/www.notibras.com\\\/site\\\/governo-corre-para-tapar-buraco-que-ameaca-engolir-o-que-tem-pela-frente\\\/#primaryimage\"},\"image\":{\"@id\":\"https:\\\/\\\/www.notibras.com\\\/site\\\/governo-corre-para-tapar-buraco-que-ameaca-engolir-o-que-tem-pela-frente\\\/#primaryimage\"},\"thumbnailUrl\":\"https:\\\/\\\/www.notibras.com\\\/site\\\/wp-content\\\/uploads\\\/2024\\\/04\\\/Dentro-1-1-1536x1024-1.jpg\",\"datePublished\":\"2024-04-04T03:24:28+00:00\",\"dateModified\":\"2024-04-04T16:26:38+00:00\",\"breadcrumb\":{\"@id\":\"https:\\\/\\\/www.notibras.com\\\/site\\\/governo-corre-para-tapar-buraco-que-ameaca-engolir-o-que-tem-pela-frente\\\/#breadcrumb\"},\"inLanguage\":\"pt-BR\",\"potentialAction\":[{\"@type\":\"ReadAction\",\"target\":[\"https:\\\/\\\/www.notibras.com\\\/site\\\/governo-corre-para-tapar-buraco-que-ameaca-engolir-o-que-tem-pela-frente\\\/\"]}]},{\"@type\":\"ImageObject\",\"inLanguage\":\"pt-BR\",\"@id\":\"https:\\\/\\\/www.notibras.com\\\/site\\\/governo-corre-para-tapar-buraco-que-ameaca-engolir-o-que-tem-pela-frente\\\/#primaryimage\",\"url\":\"https:\\\/\\\/www.notibras.com\\\/site\\\/wp-content\\\/uploads\\\/2024\\\/04\\\/Dentro-1-1-1536x1024-1.jpg\",\"contentUrl\":\"https:\\\/\\\/www.notibras.com\\\/site\\\/wp-content\\\/uploads\\\/2024\\\/04\\\/Dentro-1-1-1536x1024-1.jpg\",\"width\":1536,\"height\":1024},{\"@type\":\"BreadcrumbList\",\"@id\":\"https:\\\/\\\/www.notibras.com\\\/site\\\/governo-corre-para-tapar-buraco-que-ameaca-engolir-o-que-tem-pela-frente\\\/#breadcrumb\",\"itemListElement\":[{\"@type\":\"ListItem\",\"position\":1,\"name\":\"In\u00edcio\",\"item\":\"https:\\\/\\\/www.notibras.com\\\/site\\\/\"},{\"@type\":\"ListItem\",\"position\":2,\"name\":\"Governo corre para tapar buraco que amea\u00e7a engolir o que tem pela frente\"}]},{\"@type\":\"WebSite\",\"@id\":\"https:\\\/\\\/www.notibras.com\\\/site\\\/#website\",\"url\":\"https:\\\/\\\/www.notibras.com\\\/site\\\/\",\"name\":\"Notibras\",\"description\":\"Not\u00edcias de Bras\u00edlia, do Brasil e do Mundo\",\"publisher\":{\"@id\":\"https:\\\/\\\/www.notibras.com\\\/site\\\/#organization\"},\"potentialAction\":[{\"@type\":\"SearchAction\",\"target\":{\"@type\":\"EntryPoint\",\"urlTemplate\":\"https:\\\/\\\/www.notibras.com\\\/site\\\/?s={search_term_string}\"},\"query-input\":{\"@type\":\"PropertyValueSpecification\",\"valueRequired\":true,\"valueName\":\"search_term_string\"}}],\"inLanguage\":\"pt-BR\"},{\"@type\":\"Organization\",\"@id\":\"https:\\\/\\\/www.notibras.com\\\/site\\\/#organization\",\"name\":\"Grupo Notibras de Comunica\u00e7\u00e3o\",\"url\":\"https:\\\/\\\/www.notibras.com\\\/site\\\/\",\"logo\":{\"@type\":\"ImageObject\",\"inLanguage\":\"pt-BR\",\"@id\":\"https:\\\/\\\/www.notibras.com\\\/site\\\/#\\\/schema\\\/logo\\\/image\\\/\",\"url\":\"https:\\\/\\\/www.notibras.com\\\/site\\\/wp-content\\\/uploads\\\/2023\\\/01\\\/notibras23.png\",\"contentUrl\":\"https:\\\/\\\/www.notibras.com\\\/site\\\/wp-content\\\/uploads\\\/2023\\\/01\\\/notibras23.png\",\"width\":350,\"height\":87,\"caption\":\"Grupo Notibras de Comunica\u00e7\u00e3o\"},\"image\":{\"@id\":\"https:\\\/\\\/www.notibras.com\\\/site\\\/#\\\/schema\\\/logo\\\/image\\\/\"},\"sameAs\":[\"https:\\\/\\\/www.facebook.com\\\/notibras\\\/\",\"https:\\\/\\\/x.com\\\/Notibras\",\"https:\\\/\\\/www.instagram.com\\\/notibras\\\/\"]},{\"@type\":\"Person\",\"@id\":\"https:\\\/\\\/www.notibras.com\\\/site\\\/#\\\/schema\\\/person\\\/36ab0979449956132d3e5b517ea76ac8\",\"name\":\"Reda\u00e7\u00e3o\",\"image\":{\"@type\":\"ImageObject\",\"inLanguage\":\"pt-BR\",\"@id\":\"https:\\\/\\\/secure.gravatar.com\\\/avatar\\\/e0a867bdedb85fd243eadf09663511f96fc81e0720a4a42581f334ad4303aa6b?s=96&d=mm&r=g\",\"url\":\"https:\\\/\\\/secure.gravatar.com\\\/avatar\\\/e0a867bdedb85fd243eadf09663511f96fc81e0720a4a42581f334ad4303aa6b?s=96&d=mm&r=g\",\"contentUrl\":\"https:\\\/\\\/secure.gravatar.com\\\/avatar\\\/e0a867bdedb85fd243eadf09663511f96fc81e0720a4a42581f334ad4303aa6b?s=96&d=mm&r=g\",\"caption\":\"Reda\u00e7\u00e3o\"}}]}<\/script>\n<!-- \/ Yoast SEO plugin. -->","yoast_head_json":{"title":"Governo corre para tapar buraco que amea\u00e7a engolir o que tem pela frente - Notibras","robots":{"index":"index","follow":"follow","max-snippet":"max-snippet:-1","max-image-preview":"max-image-preview:large","max-video-preview":"max-video-preview:-1"},"canonical":"https:\/\/www.notibras.com\/site\/governo-corre-para-tapar-buraco-que-ameaca-engolir-o-que-tem-pela-frente\/","og_locale":"pt_BR","og_type":"article","og_title":"Governo corre para tapar buraco que amea\u00e7a engolir o que tem pela frente - Notibras","og_description":"Na noite desta quarta-feira (3), equipes do Governo do Distrito Federal iniciaram os trabalhos para reparar o asfalto e uma corros\u00e3o na rede de esgoto em um trecho da via no Setor Policial Sul. Os trabalhos ser\u00e3o feitos de forma ininterrupta pelos t\u00e9cnicos da Companhia de Saneamento Ambiental do Distrito Federal (Caesb) at\u00e9 a completa [&hellip;]","og_url":"https:\/\/www.notibras.com\/site\/governo-corre-para-tapar-buraco-que-ameaca-engolir-o-que-tem-pela-frente\/","og_site_name":"Notibras","article_publisher":"https:\/\/www.facebook.com\/notibras\/","article_published_time":"2024-04-04T03:24:28+00:00","article_modified_time":"2024-04-04T16:26:38+00:00","og_image":[{"width":1536,"height":1024,"url":"https:\/\/www.notibras.com\/site\/wp-content\/uploads\/2024\/04\/Dentro-1-1-1536x1024-1.jpg","type":"image\/jpeg"}],"author":"Reda\u00e7\u00e3o","twitter_card":"summary_large_image","twitter_creator":"@Notibras","twitter_site":"@Notibras","twitter_misc":{"Escrito por":"Reda\u00e7\u00e3o","Est. tempo de leitura":"4 minutos"},"schema":{"@context":"https:\/\/schema.org","@graph":[{"@type":"Article","@id":"https:\/\/www.notibras.com\/site\/governo-corre-para-tapar-buraco-que-ameaca-engolir-o-que-tem-pela-frente\/#article","isPartOf":{"@id":"https:\/\/www.notibras.com\/site\/governo-corre-para-tapar-buraco-que-ameaca-engolir-o-que-tem-pela-frente\/"},"author":{"name":"Reda\u00e7\u00e3o","@id":"https:\/\/www.notibras.com\/site\/#\/schema\/person\/36ab0979449956132d3e5b517ea76ac8"},"headline":"Governo corre para tapar buraco que amea\u00e7a engolir o que tem pela frente","datePublished":"2024-04-04T03:24:28+00:00","dateModified":"2024-04-04T16:26:38+00:00","mainEntityOfPage":{"@id":"https:\/\/www.notibras.com\/site\/governo-corre-para-tapar-buraco-que-ameaca-engolir-o-que-tem-pela-frente\/"},"wordCount":668,"publisher":{"@id":"https:\/\/www.notibras.com\/site\/#organization"},"image":{"@id":"https:\/\/www.notibras.com\/site\/governo-corre-para-tapar-buraco-que-ameaca-engolir-o-que-tem-pela-frente\/#primaryimage"},"thumbnailUrl":"https:\/\/www.notibras.com\/site\/wp-content\/uploads\/2024\/04\/Dentro-1-1-1536x1024-1.jpg","articleSection":["Quadradinho em Foco"],"inLanguage":"pt-BR"},{"@type":"WebPage","@id":"https:\/\/www.notibras.com\/site\/governo-corre-para-tapar-buraco-que-ameaca-engolir-o-que-tem-pela-frente\/","url":"https:\/\/www.notibras.com\/site\/governo-corre-para-tapar-buraco-que-ameaca-engolir-o-que-tem-pela-frente\/","name":"Governo corre para tapar buraco que amea\u00e7a engolir o que tem pela frente - Notibras","isPartOf":{"@id":"https:\/\/www.notibras.com\/site\/#website"},"primaryImageOfPage":{"@id":"https:\/\/www.notibras.com\/site\/governo-corre-para-tapar-buraco-que-ameaca-engolir-o-que-tem-pela-frente\/#primaryimage"},"image":{"@id":"https:\/\/www.notibras.com\/site\/governo-corre-para-tapar-buraco-que-ameaca-engolir-o-que-tem-pela-frente\/#primaryimage"},"thumbnailUrl":"https:\/\/www.notibras.com\/site\/wp-content\/uploads\/2024\/04\/Dentro-1-1-1536x1024-1.jpg","datePublished":"2024-04-04T03:24:28+00:00","dateModified":"2024-04-04T16:26:38+00:00","breadcrumb":{"@id":"https:\/\/www.notibras.com\/site\/governo-corre-para-tapar-buraco-que-ameaca-engolir-o-que-tem-pela-frente\/#breadcrumb"},"inLanguage":"pt-BR","potentialAction":[{"@type":"ReadAction","target":["https:\/\/www.notibras.com\/site\/governo-corre-para-tapar-buraco-que-ameaca-engolir-o-que-tem-pela-frente\/"]}]},{"@type":"ImageObject","inLanguage":"pt-BR","@id":"https:\/\/www.notibras.com\/site\/governo-corre-para-tapar-buraco-que-ameaca-engolir-o-que-tem-pela-frente\/#primaryimage","url":"https:\/\/www.notibras.com\/site\/wp-content\/uploads\/2024\/04\/Dentro-1-1-1536x1024-1.jpg","contentUrl":"https:\/\/www.notibras.com\/site\/wp-content\/uploads\/2024\/04\/Dentro-1-1-1536x1024-1.jpg","width":1536,"height":1024},{"@type":"BreadcrumbList","@id":"https:\/\/www.notibras.com\/site\/governo-corre-para-tapar-buraco-que-ameaca-engolir-o-que-tem-pela-frente\/#breadcrumb","itemListElement":[{"@type":"ListItem","position":1,"name":"In\u00edcio","item":"https:\/\/www.notibras.com\/site\/"},{"@type":"ListItem","position":2,"name":"Governo corre para tapar buraco que amea\u00e7a engolir o que tem pela frente"}]},{"@type":"WebSite","@id":"https:\/\/www.notibras.com\/site\/#website","url":"https:\/\/www.notibras.com\/site\/","name":"Notibras","description":"Not\u00edcias de Bras\u00edlia, do Brasil e do Mundo","publisher":{"@id":"https:\/\/www.notibras.com\/site\/#organization"},"potentialAction":[{"@type":"SearchAction","target":{"@type":"EntryPoint","urlTemplate":"https:\/\/www.notibras.com\/site\/?s={search_term_string}"},"query-input":{"@type":"PropertyValueSpecification","valueRequired":true,"valueName":"search_term_string"}}],"inLanguage":"pt-BR"},{"@type":"Organization","@id":"https:\/\/www.notibras.com\/site\/#organization","name":"Grupo Notibras de Comunica\u00e7\u00e3o","url":"https:\/\/www.notibras.com\/site\/","logo":{"@type":"ImageObject","inLanguage":"pt-BR","@id":"https:\/\/www.notibras.com\/site\/#\/schema\/logo\/image\/","url":"https:\/\/www.notibras.com\/site\/wp-content\/uploads\/2023\/01\/notibras23.png","contentUrl":"https:\/\/www.notibras.com\/site\/wp-content\/uploads\/2023\/01\/notibras23.png","width":350,"height":87,"caption":"Grupo Notibras de Comunica\u00e7\u00e3o"},"image":{"@id":"https:\/\/www.notibras.com\/site\/#\/schema\/logo\/image\/"},"sameAs":["https:\/\/www.facebook.com\/notibras\/","https:\/\/x.com\/Notibras","https:\/\/www.instagram.com\/notibras\/"]},{"@type":"Person","@id":"https:\/\/www.notibras.com\/site\/#\/schema\/person\/36ab0979449956132d3e5b517ea76ac8","name":"Reda\u00e7\u00e3o","image":{"@type":"ImageObject","inLanguage":"pt-BR","@id":"https:\/\/secure.gravatar.com\/avatar\/e0a867bdedb85fd243eadf09663511f96fc81e0720a4a42581f334ad4303aa6b?s=96&d=mm&r=g","url":"https:\/\/secure.gravatar.com\/avatar\/e0a867bdedb85fd243eadf09663511f96fc81e0720a4a42581f334ad4303aa6b?s=96&d=mm&r=g","contentUrl":"https:\/\/secure.gravatar.com\/avatar\/e0a867bdedb85fd243eadf09663511f96fc81e0720a4a42581f334ad4303aa6b?s=96&d=mm&r=g","caption":"Reda\u00e7\u00e3o"}}]}},"amp_enabled":true,"_links":{"self":[{"href":"https:\/\/www.notibras.com\/site\/wp-json\/wp\/v2\/posts\/326030","targetHints":{"allow":["GET"]}}],"collection":[{"href":"https:\/\/www.notibras.com\/site\/wp-json\/wp\/v2\/posts"}],"about":[{"href":"https:\/\/www.notibras.com\/site\/wp-json\/wp\/v2\/types\/post"}],"author":[{"embeddable":true,"href":"https:\/\/www.notibras.com\/site\/wp-json\/wp\/v2\/users\/2"}],"replies":[{"embeddable":true,"href":"https:\/\/www.notibras.com\/site\/wp-json\/wp\/v2\/comments?post=326030"}],"version-history":[{"count":1,"href":"https:\/\/www.notibras.com\/site\/wp-json\/wp\/v2\/posts\/326030\/revisions"}],"predecessor-version":[{"id":326032,"href":"https:\/\/www.notibras.com\/site\/wp-json\/wp\/v2\/posts\/326030\/revisions\/326032"}],"wp:featuredmedia":[{"embeddable":true,"href":"https:\/\/www.notibras.com\/site\/wp-json\/wp\/v2\/media\/326031"}],"wp:attachment":[{"href":"https:\/\/www.notibras.com\/site\/wp-json\/wp\/v2\/media?parent=326030"}],"wp:term":[{"taxonomy":"category","embeddable":true,"href":"https:\/\/www.notibras.com\/site\/wp-json\/wp\/v2\/categories?post=326030"},{"taxonomy":"post_tag","embeddable":true,"href":"https:\/\/www.notibras.com\/site\/wp-json\/wp\/v2\/tags?post=326030"}],"curies":[{"name":"wp","href":"https:\/\/api.w.org\/{rel}","templated":true}]}}