{"id":326086,"date":"2024-04-06T07:54:58","date_gmt":"2024-04-06T10:54:58","guid":{"rendered":"https:\/\/www.notibras.com\/site\/?p=326086"},"modified":"2024-04-06T07:54:58","modified_gmt":"2024-04-06T10:54:58","slug":"ola-como-vai-eu-vou-indo-e-voce-tudo-bem","status":"publish","type":"post","link":"https:\/\/www.notibras.com\/site\/ola-como-vai-eu-vou-indo-e-voce-tudo-bem\/","title":{"rendered":"&#8216;Ol\u00e1, como vai? Eu vou indo, e voc\u00ea?! Tudo bem&#8230;&#8217;"},"content":{"rendered":"<p>N\u00e3o raro, algu\u00e9m me pergunta h\u00e1 quanto tempo sou escritor. E, nesses momentos, gosto de contar uma passagem que tive nos meus long\u00ednquos tempos como estudante de jornalismo, quando uma professora pediu para que todos os alunos escrevessem um texto. Fui o primeiro a entregar e, quando j\u00e1 havia retornado \u00e0 minha carteira, eis que a professora me chamou.<\/p>\n<p>\u2014 Voc\u00ea \u00e9 escritor, n\u00e9?<\/p>\n<p>\u2014 Sempre gostei de escrever.<\/p>\n<p>\u2014 Percebi. Mas o que voc\u00ea escreve? Livros, mat\u00e9rias para jornal e revistas?<\/p>\n<p>\u2014 Cartas. Desde menino adoro escrever cartas.<\/p>\n<p>A mulher me encarou e torceu os l\u00e1bios. Em seguida, me mandou retornar ao meu lugar. Voltei com a sensa\u00e7\u00e3o de que a havia decepcionado. Como assim? Cartas? Grande coisa! Que porcaria! Obviamente que ela n\u00e3o me disse tais palavras, mas senti que era justamente isso que aquele olhar deu a entender.<\/p>\n<p>Levei anos para constatar que n\u00e3o passo de um escritor de cartas. Todavia, n\u00e3o vejo isso com desprezo, mesmo porque, hoje estou certo disso, o grande Machado de Assis jamais desejou escrever para milh\u00f5es de leitores. Ele dirigia sua pena a uma \u00fanica pessoa, seja um amigo, um conhecido ou mesmo aquele amor escondido. N\u00e3o importa, pois o mais imortal dos imortais precisava cativar o destinat\u00e1rio.<\/p>\n<p>Estou louco? Talvez, mas repare que, quando est\u00e1 lendo algo, parece que aquilo foi escrito justamente para voc\u00ea. Essa \u00e9 a capacidade que n\u00f3s, meros escritores de cartas, temos de entreter o leitor. Por isso, meu amigo que gosta de escrever, deixe de lado qualquer hesita\u00e7\u00e3o e trate de retirar aquela carta do fundo da gaveta e a envie logo. Um texto engavetado \u00e9 apenas um monte de palavras num peda\u00e7o de papel. Quando lido, ele ganha o mundo.<\/p>\n","protected":false},"excerpt":{"rendered":"<p>N\u00e3o raro, algu\u00e9m me pergunta h\u00e1 quanto tempo sou escritor. E, nesses momentos, gosto de contar uma passagem que tive nos meus long\u00ednquos tempos como estudante de jornalismo, quando uma professora pediu para que todos os alunos escrevessem um texto. Fui o primeiro a entregar e, quando j\u00e1 havia retornado \u00e0 minha carteira, eis que [&hellip;]<\/p>\n","protected":false},"author":2,"featured_media":326087,"comment_status":"closed","ping_status":"closed","sticky":false,"template":"","format":"standard","meta":{"_acf_changed":false,"footnotes":""},"categories":[161],"tags":[],"class_list":["post-326086","post","type-post","status-publish","format-standard","has-post-thumbnail","hentry","category-quadradinho-em-foco"],"acf":[],"yoast_head":"<!-- This site is optimized with the Yoast SEO plugin v27.5 - https:\/\/yoast.com\/product\/yoast-seo-wordpress\/ -->\n<title>&#039;Ol\u00e1, como vai? Eu vou indo, e voc\u00ea?! Tudo bem...&#039; - Notibras<\/title>\n<meta name=\"robots\" content=\"index, follow, max-snippet:-1, max-image-preview:large, max-video-preview:-1\" \/>\n<link rel=\"canonical\" href=\"https:\/\/www.notibras.com\/site\/ola-como-vai-eu-vou-indo-e-voce-tudo-bem\/\" \/>\n<meta property=\"og:locale\" content=\"pt_BR\" \/>\n<meta property=\"og:type\" content=\"article\" \/>\n<meta property=\"og:title\" content=\"&#039;Ol\u00e1, como vai? Eu vou indo, e voc\u00ea?! Tudo bem...&#039; - Notibras\" \/>\n<meta property=\"og:description\" content=\"N\u00e3o raro, algu\u00e9m me pergunta h\u00e1 quanto tempo sou escritor. E, nesses momentos, gosto de contar uma passagem que tive nos meus long\u00ednquos tempos como estudante de jornalismo, quando uma professora pediu para que todos os alunos escrevessem um texto. Fui o primeiro a entregar e, quando j\u00e1 havia retornado \u00e0 minha carteira, eis que [&hellip;]\" \/>\n<meta property=\"og:url\" content=\"https:\/\/www.notibras.com\/site\/ola-como-vai-eu-vou-indo-e-voce-tudo-bem\/\" \/>\n<meta property=\"og:site_name\" content=\"Notibras\" \/>\n<meta property=\"article:publisher\" content=\"https:\/\/www.facebook.com\/notibras\/\" \/>\n<meta property=\"article:published_time\" content=\"2024-04-06T10:54:58+00:00\" \/>\n<meta property=\"og:image\" content=\"https:\/\/www.notibras.com\/site\/wp-content\/uploads\/2024\/04\/ducartas.dois_.jpg\" \/>\n\t<meta property=\"og:image:width\" content=\"320\" \/>\n\t<meta property=\"og:image:height\" content=\"240\" \/>\n\t<meta property=\"og:image:type\" content=\"image\/jpeg\" \/>\n<meta name=\"author\" content=\"Reda\u00e7\u00e3o\" \/>\n<meta name=\"twitter:card\" content=\"summary_large_image\" \/>\n<meta name=\"twitter:creator\" content=\"@Notibras\" \/>\n<meta name=\"twitter:site\" content=\"@Notibras\" \/>\n<meta name=\"twitter:label1\" content=\"Escrito por\" \/>\n\t<meta name=\"twitter:data1\" content=\"Reda\u00e7\u00e3o\" \/>\n\t<meta name=\"twitter:label2\" content=\"Est. tempo de leitura\" \/>\n\t<meta name=\"twitter:data2\" content=\"2 minutos\" \/>\n<script type=\"application\/ld+json\" class=\"yoast-schema-graph\">{\"@context\":\"https:\\\/\\\/schema.org\",\"@graph\":[{\"@type\":\"Article\",\"@id\":\"https:\\\/\\\/www.notibras.com\\\/site\\\/ola-como-vai-eu-vou-indo-e-voce-tudo-bem\\\/#article\",\"isPartOf\":{\"@id\":\"https:\\\/\\\/www.notibras.com\\\/site\\\/ola-como-vai-eu-vou-indo-e-voce-tudo-bem\\\/\"},\"author\":{\"name\":\"Reda\u00e7\u00e3o\",\"@id\":\"https:\\\/\\\/www.notibras.com\\\/site\\\/#\\\/schema\\\/person\\\/36ab0979449956132d3e5b517ea76ac8\"},\"headline\":\"&#8216;Ol\u00e1, como vai? Eu vou indo, e voc\u00ea?! Tudo bem&#8230;&#8217;\",\"datePublished\":\"2024-04-06T10:54:58+00:00\",\"mainEntityOfPage\":{\"@id\":\"https:\\\/\\\/www.notibras.com\\\/site\\\/ola-como-vai-eu-vou-indo-e-voce-tudo-bem\\\/\"},\"wordCount\":304,\"publisher\":{\"@id\":\"https:\\\/\\\/www.notibras.com\\\/site\\\/#organization\"},\"image\":{\"@id\":\"https:\\\/\\\/www.notibras.com\\\/site\\\/ola-como-vai-eu-vou-indo-e-voce-tudo-bem\\\/#primaryimage\"},\"thumbnailUrl\":\"https:\\\/\\\/www.notibras.com\\\/site\\\/wp-content\\\/uploads\\\/2024\\\/04\\\/ducartas.dois_.jpg\",\"articleSection\":[\"Quadradinho em Foco\"],\"inLanguage\":\"pt-BR\"},{\"@type\":\"WebPage\",\"@id\":\"https:\\\/\\\/www.notibras.com\\\/site\\\/ola-como-vai-eu-vou-indo-e-voce-tudo-bem\\\/\",\"url\":\"https:\\\/\\\/www.notibras.com\\\/site\\\/ola-como-vai-eu-vou-indo-e-voce-tudo-bem\\\/\",\"name\":\"'Ol\u00e1, como vai? Eu vou indo, e voc\u00ea?! Tudo bem...' - Notibras\",\"isPartOf\":{\"@id\":\"https:\\\/\\\/www.notibras.com\\\/site\\\/#website\"},\"primaryImageOfPage\":{\"@id\":\"https:\\\/\\\/www.notibras.com\\\/site\\\/ola-como-vai-eu-vou-indo-e-voce-tudo-bem\\\/#primaryimage\"},\"image\":{\"@id\":\"https:\\\/\\\/www.notibras.com\\\/site\\\/ola-como-vai-eu-vou-indo-e-voce-tudo-bem\\\/#primaryimage\"},\"thumbnailUrl\":\"https:\\\/\\\/www.notibras.com\\\/site\\\/wp-content\\\/uploads\\\/2024\\\/04\\\/ducartas.dois_.jpg\",\"datePublished\":\"2024-04-06T10:54:58+00:00\",\"breadcrumb\":{\"@id\":\"https:\\\/\\\/www.notibras.com\\\/site\\\/ola-como-vai-eu-vou-indo-e-voce-tudo-bem\\\/#breadcrumb\"},\"inLanguage\":\"pt-BR\",\"potentialAction\":[{\"@type\":\"ReadAction\",\"target\":[\"https:\\\/\\\/www.notibras.com\\\/site\\\/ola-como-vai-eu-vou-indo-e-voce-tudo-bem\\\/\"]}]},{\"@type\":\"ImageObject\",\"inLanguage\":\"pt-BR\",\"@id\":\"https:\\\/\\\/www.notibras.com\\\/site\\\/ola-como-vai-eu-vou-indo-e-voce-tudo-bem\\\/#primaryimage\",\"url\":\"https:\\\/\\\/www.notibras.com\\\/site\\\/wp-content\\\/uploads\\\/2024\\\/04\\\/ducartas.dois_.jpg\",\"contentUrl\":\"https:\\\/\\\/www.notibras.com\\\/site\\\/wp-content\\\/uploads\\\/2024\\\/04\\\/ducartas.dois_.jpg\",\"width\":320,\"height\":240},{\"@type\":\"BreadcrumbList\",\"@id\":\"https:\\\/\\\/www.notibras.com\\\/site\\\/ola-como-vai-eu-vou-indo-e-voce-tudo-bem\\\/#breadcrumb\",\"itemListElement\":[{\"@type\":\"ListItem\",\"position\":1,\"name\":\"In\u00edcio\",\"item\":\"https:\\\/\\\/www.notibras.com\\\/site\\\/\"},{\"@type\":\"ListItem\",\"position\":2,\"name\":\"&#8216;Ol\u00e1, como vai? Eu vou indo, e voc\u00ea?! Tudo bem&#8230;&#8217;\"}]},{\"@type\":\"WebSite\",\"@id\":\"https:\\\/\\\/www.notibras.com\\\/site\\\/#website\",\"url\":\"https:\\\/\\\/www.notibras.com\\\/site\\\/\",\"name\":\"Notibras\",\"description\":\"Not\u00edcias de Bras\u00edlia, do Brasil e do Mundo\",\"publisher\":{\"@id\":\"https:\\\/\\\/www.notibras.com\\\/site\\\/#organization\"},\"potentialAction\":[{\"@type\":\"SearchAction\",\"target\":{\"@type\":\"EntryPoint\",\"urlTemplate\":\"https:\\\/\\\/www.notibras.com\\\/site\\\/?s={search_term_string}\"},\"query-input\":{\"@type\":\"PropertyValueSpecification\",\"valueRequired\":true,\"valueName\":\"search_term_string\"}}],\"inLanguage\":\"pt-BR\"},{\"@type\":\"Organization\",\"@id\":\"https:\\\/\\\/www.notibras.com\\\/site\\\/#organization\",\"name\":\"Grupo Notibras de Comunica\u00e7\u00e3o\",\"url\":\"https:\\\/\\\/www.notibras.com\\\/site\\\/\",\"logo\":{\"@type\":\"ImageObject\",\"inLanguage\":\"pt-BR\",\"@id\":\"https:\\\/\\\/www.notibras.com\\\/site\\\/#\\\/schema\\\/logo\\\/image\\\/\",\"url\":\"https:\\\/\\\/www.notibras.com\\\/site\\\/wp-content\\\/uploads\\\/2023\\\/01\\\/notibras23.png\",\"contentUrl\":\"https:\\\/\\\/www.notibras.com\\\/site\\\/wp-content\\\/uploads\\\/2023\\\/01\\\/notibras23.png\",\"width\":350,\"height\":87,\"caption\":\"Grupo Notibras de Comunica\u00e7\u00e3o\"},\"image\":{\"@id\":\"https:\\\/\\\/www.notibras.com\\\/site\\\/#\\\/schema\\\/logo\\\/image\\\/\"},\"sameAs\":[\"https:\\\/\\\/www.facebook.com\\\/notibras\\\/\",\"https:\\\/\\\/x.com\\\/Notibras\",\"https:\\\/\\\/www.instagram.com\\\/notibras\\\/\"]},{\"@type\":\"Person\",\"@id\":\"https:\\\/\\\/www.notibras.com\\\/site\\\/#\\\/schema\\\/person\\\/36ab0979449956132d3e5b517ea76ac8\",\"name\":\"Reda\u00e7\u00e3o\",\"image\":{\"@type\":\"ImageObject\",\"inLanguage\":\"pt-BR\",\"@id\":\"https:\\\/\\\/secure.gravatar.com\\\/avatar\\\/e0a867bdedb85fd243eadf09663511f96fc81e0720a4a42581f334ad4303aa6b?s=96&d=mm&r=g\",\"url\":\"https:\\\/\\\/secure.gravatar.com\\\/avatar\\\/e0a867bdedb85fd243eadf09663511f96fc81e0720a4a42581f334ad4303aa6b?s=96&d=mm&r=g\",\"contentUrl\":\"https:\\\/\\\/secure.gravatar.com\\\/avatar\\\/e0a867bdedb85fd243eadf09663511f96fc81e0720a4a42581f334ad4303aa6b?s=96&d=mm&r=g\",\"caption\":\"Reda\u00e7\u00e3o\"}}]}<\/script>\n<!-- \/ Yoast SEO plugin. -->","yoast_head_json":{"title":"'Ol\u00e1, como vai? Eu vou indo, e voc\u00ea?! Tudo bem...' - Notibras","robots":{"index":"index","follow":"follow","max-snippet":"max-snippet:-1","max-image-preview":"max-image-preview:large","max-video-preview":"max-video-preview:-1"},"canonical":"https:\/\/www.notibras.com\/site\/ola-como-vai-eu-vou-indo-e-voce-tudo-bem\/","og_locale":"pt_BR","og_type":"article","og_title":"'Ol\u00e1, como vai? Eu vou indo, e voc\u00ea?! Tudo bem...' - Notibras","og_description":"N\u00e3o raro, algu\u00e9m me pergunta h\u00e1 quanto tempo sou escritor. E, nesses momentos, gosto de contar uma passagem que tive nos meus long\u00ednquos tempos como estudante de jornalismo, quando uma professora pediu para que todos os alunos escrevessem um texto. Fui o primeiro a entregar e, quando j\u00e1 havia retornado \u00e0 minha carteira, eis que [&hellip;]","og_url":"https:\/\/www.notibras.com\/site\/ola-como-vai-eu-vou-indo-e-voce-tudo-bem\/","og_site_name":"Notibras","article_publisher":"https:\/\/www.facebook.com\/notibras\/","article_published_time":"2024-04-06T10:54:58+00:00","og_image":[{"width":320,"height":240,"url":"https:\/\/www.notibras.com\/site\/wp-content\/uploads\/2024\/04\/ducartas.dois_.jpg","type":"image\/jpeg"}],"author":"Reda\u00e7\u00e3o","twitter_card":"summary_large_image","twitter_creator":"@Notibras","twitter_site":"@Notibras","twitter_misc":{"Escrito por":"Reda\u00e7\u00e3o","Est. tempo de leitura":"2 minutos"},"schema":{"@context":"https:\/\/schema.org","@graph":[{"@type":"Article","@id":"https:\/\/www.notibras.com\/site\/ola-como-vai-eu-vou-indo-e-voce-tudo-bem\/#article","isPartOf":{"@id":"https:\/\/www.notibras.com\/site\/ola-como-vai-eu-vou-indo-e-voce-tudo-bem\/"},"author":{"name":"Reda\u00e7\u00e3o","@id":"https:\/\/www.notibras.com\/site\/#\/schema\/person\/36ab0979449956132d3e5b517ea76ac8"},"headline":"&#8216;Ol\u00e1, como vai? Eu vou indo, e voc\u00ea?! Tudo bem&#8230;&#8217;","datePublished":"2024-04-06T10:54:58+00:00","mainEntityOfPage":{"@id":"https:\/\/www.notibras.com\/site\/ola-como-vai-eu-vou-indo-e-voce-tudo-bem\/"},"wordCount":304,"publisher":{"@id":"https:\/\/www.notibras.com\/site\/#organization"},"image":{"@id":"https:\/\/www.notibras.com\/site\/ola-como-vai-eu-vou-indo-e-voce-tudo-bem\/#primaryimage"},"thumbnailUrl":"https:\/\/www.notibras.com\/site\/wp-content\/uploads\/2024\/04\/ducartas.dois_.jpg","articleSection":["Quadradinho em Foco"],"inLanguage":"pt-BR"},{"@type":"WebPage","@id":"https:\/\/www.notibras.com\/site\/ola-como-vai-eu-vou-indo-e-voce-tudo-bem\/","url":"https:\/\/www.notibras.com\/site\/ola-como-vai-eu-vou-indo-e-voce-tudo-bem\/","name":"'Ol\u00e1, como vai? Eu vou indo, e voc\u00ea?! Tudo bem...' - Notibras","isPartOf":{"@id":"https:\/\/www.notibras.com\/site\/#website"},"primaryImageOfPage":{"@id":"https:\/\/www.notibras.com\/site\/ola-como-vai-eu-vou-indo-e-voce-tudo-bem\/#primaryimage"},"image":{"@id":"https:\/\/www.notibras.com\/site\/ola-como-vai-eu-vou-indo-e-voce-tudo-bem\/#primaryimage"},"thumbnailUrl":"https:\/\/www.notibras.com\/site\/wp-content\/uploads\/2024\/04\/ducartas.dois_.jpg","datePublished":"2024-04-06T10:54:58+00:00","breadcrumb":{"@id":"https:\/\/www.notibras.com\/site\/ola-como-vai-eu-vou-indo-e-voce-tudo-bem\/#breadcrumb"},"inLanguage":"pt-BR","potentialAction":[{"@type":"ReadAction","target":["https:\/\/www.notibras.com\/site\/ola-como-vai-eu-vou-indo-e-voce-tudo-bem\/"]}]},{"@type":"ImageObject","inLanguage":"pt-BR","@id":"https:\/\/www.notibras.com\/site\/ola-como-vai-eu-vou-indo-e-voce-tudo-bem\/#primaryimage","url":"https:\/\/www.notibras.com\/site\/wp-content\/uploads\/2024\/04\/ducartas.dois_.jpg","contentUrl":"https:\/\/www.notibras.com\/site\/wp-content\/uploads\/2024\/04\/ducartas.dois_.jpg","width":320,"height":240},{"@type":"BreadcrumbList","@id":"https:\/\/www.notibras.com\/site\/ola-como-vai-eu-vou-indo-e-voce-tudo-bem\/#breadcrumb","itemListElement":[{"@type":"ListItem","position":1,"name":"In\u00edcio","item":"https:\/\/www.notibras.com\/site\/"},{"@type":"ListItem","position":2,"name":"&#8216;Ol\u00e1, como vai? Eu vou indo, e voc\u00ea?! Tudo bem&#8230;&#8217;"}]},{"@type":"WebSite","@id":"https:\/\/www.notibras.com\/site\/#website","url":"https:\/\/www.notibras.com\/site\/","name":"Notibras","description":"Not\u00edcias de Bras\u00edlia, do Brasil e do Mundo","publisher":{"@id":"https:\/\/www.notibras.com\/site\/#organization"},"potentialAction":[{"@type":"SearchAction","target":{"@type":"EntryPoint","urlTemplate":"https:\/\/www.notibras.com\/site\/?s={search_term_string}"},"query-input":{"@type":"PropertyValueSpecification","valueRequired":true,"valueName":"search_term_string"}}],"inLanguage":"pt-BR"},{"@type":"Organization","@id":"https:\/\/www.notibras.com\/site\/#organization","name":"Grupo Notibras de Comunica\u00e7\u00e3o","url":"https:\/\/www.notibras.com\/site\/","logo":{"@type":"ImageObject","inLanguage":"pt-BR","@id":"https:\/\/www.notibras.com\/site\/#\/schema\/logo\/image\/","url":"https:\/\/www.notibras.com\/site\/wp-content\/uploads\/2023\/01\/notibras23.png","contentUrl":"https:\/\/www.notibras.com\/site\/wp-content\/uploads\/2023\/01\/notibras23.png","width":350,"height":87,"caption":"Grupo Notibras de Comunica\u00e7\u00e3o"},"image":{"@id":"https:\/\/www.notibras.com\/site\/#\/schema\/logo\/image\/"},"sameAs":["https:\/\/www.facebook.com\/notibras\/","https:\/\/x.com\/Notibras","https:\/\/www.instagram.com\/notibras\/"]},{"@type":"Person","@id":"https:\/\/www.notibras.com\/site\/#\/schema\/person\/36ab0979449956132d3e5b517ea76ac8","name":"Reda\u00e7\u00e3o","image":{"@type":"ImageObject","inLanguage":"pt-BR","@id":"https:\/\/secure.gravatar.com\/avatar\/e0a867bdedb85fd243eadf09663511f96fc81e0720a4a42581f334ad4303aa6b?s=96&d=mm&r=g","url":"https:\/\/secure.gravatar.com\/avatar\/e0a867bdedb85fd243eadf09663511f96fc81e0720a4a42581f334ad4303aa6b?s=96&d=mm&r=g","contentUrl":"https:\/\/secure.gravatar.com\/avatar\/e0a867bdedb85fd243eadf09663511f96fc81e0720a4a42581f334ad4303aa6b?s=96&d=mm&r=g","caption":"Reda\u00e7\u00e3o"}}]}},"amp_enabled":true,"_links":{"self":[{"href":"https:\/\/www.notibras.com\/site\/wp-json\/wp\/v2\/posts\/326086","targetHints":{"allow":["GET"]}}],"collection":[{"href":"https:\/\/www.notibras.com\/site\/wp-json\/wp\/v2\/posts"}],"about":[{"href":"https:\/\/www.notibras.com\/site\/wp-json\/wp\/v2\/types\/post"}],"author":[{"embeddable":true,"href":"https:\/\/www.notibras.com\/site\/wp-json\/wp\/v2\/users\/2"}],"replies":[{"embeddable":true,"href":"https:\/\/www.notibras.com\/site\/wp-json\/wp\/v2\/comments?post=326086"}],"version-history":[{"count":1,"href":"https:\/\/www.notibras.com\/site\/wp-json\/wp\/v2\/posts\/326086\/revisions"}],"predecessor-version":[{"id":326088,"href":"https:\/\/www.notibras.com\/site\/wp-json\/wp\/v2\/posts\/326086\/revisions\/326088"}],"wp:featuredmedia":[{"embeddable":true,"href":"https:\/\/www.notibras.com\/site\/wp-json\/wp\/v2\/media\/326087"}],"wp:attachment":[{"href":"https:\/\/www.notibras.com\/site\/wp-json\/wp\/v2\/media?parent=326086"}],"wp:term":[{"taxonomy":"category","embeddable":true,"href":"https:\/\/www.notibras.com\/site\/wp-json\/wp\/v2\/categories?post=326086"},{"taxonomy":"post_tag","embeddable":true,"href":"https:\/\/www.notibras.com\/site\/wp-json\/wp\/v2\/tags?post=326086"}],"curies":[{"name":"wp","href":"https:\/\/api.w.org\/{rel}","templated":true}]}}