{"id":326158,"date":"2024-04-08T08:12:02","date_gmt":"2024-04-08T11:12:02","guid":{"rendered":"https:\/\/www.notibras.com\/site\/?p=326158"},"modified":"2024-04-08T08:12:02","modified_gmt":"2024-04-08T11:12:02","slug":"pegadas-do-homem-sao-passos-de-tempos-passados","status":"publish","type":"post","link":"https:\/\/www.notibras.com\/site\/pegadas-do-homem-sao-passos-de-tempos-passados\/","title":{"rendered":"Pegadas do homem s\u00e3o passos de tempos passados"},"content":{"rendered":"<p>Jamais imaginei que a vida iria me premiar com um filho mineiro. Eu, carioca e suburbano, n\u00e3o andava por Minas Gerais em busca de nada, mas o simp\u00e1tico estado dos inconfidentes acabou me presenteando com a melhor esposa que poderia ter \u2013 que era inteligente, bela, alegre, professora e dirigia um Fusca \u2013 e, mais tarde, um filho que vai seguindo o mesmo caminho da m\u00e3e em gra\u00e7a e sabedoria, com a mesma habilidade para esportes, ci\u00eancias exatas e no esp\u00edrito aventureiro.<\/p>\n<p>O gosto por Fuscas, imagino que ele tenha herdado metade da m\u00e3e e metade de mim. Afinal, alguma contribui\u00e7\u00e3o eu haveria de dar.<\/p>\n<p>No fim de uma tarde, h\u00e1 alguns anos, a indesejada das gentes me visitou de repente e deixei, muito a contragosto, a esposa descansando num cemit\u00e9rio mineiro e, de alguma forma que ainda estou procurando entender, me desincompatibilizei com Minas Gerais, onde nunca mais me senti muito \u00e0 vontade. Acredito que ainda esteja num processo de cura a este respeito e, apesar de ter por l\u00e1 uma casa boa, parentes e amigos, a ideia de me espalhar pelas Minas ainda \u00e9 um tanto penosa e pouco frequente, estando hoje muito mais integrado aos meus sub\u00farbios do Rio do que \u00e0 terra do velho Tiradentes.<\/p>\n<p>Mas a companhia do meu filho, seja aqui no barulho do Rio, seja apreciando a silenciosa paisagem da sacada de nosso apartamento nas alterosas, \u00e9 uma liga\u00e7\u00e3o perene e inquebrant\u00e1vel com aquela terra e nossa hist\u00f3ria. Ele vai crescendo e, na gl\u00f3ria de seus nove anos, \u00e9 um contador de causos como todo bom mineiro.<\/p>\n<p>E, agora, tem se revelado fil\u00f3sofo, cheio de reflex\u00f5es sobre a vida e suas m\u00faltiplas facetas, mostrando racioc\u00ednios que, honestamente, me surpreendem. E longe de mim ter as veleidades de um pai vaidoso de sua prole, mas o guri \u00e9 mesmo bom com os pensamentos.<\/p>\n<p>Dia desses, ajudava-o a fazer um dever de casa de portugu\u00eas, onde ele preenchia v\u00e1rias lacunas de um texto com as diversas formas de porqu\u00eas que os gram\u00e1ticos de nosso idioma criaram para abrilhantar a forma escrita e atordoar os meninos do quarto ano, quando ele se saiu com esta m\u00e1xima:<\/p>\n<p>\u2013 Os sinais s\u00e3o o sentimento das palavras.<\/p>\n<p>Quando, em condi\u00e7\u00f5es normais, eu teria dito coisa t\u00e3o brilhante? Como n\u00e3o imaginara antes que a palavra solta a esmo numa folha de papel pudesse ter mais sentimentos do que sua forma gr\u00e1fica j\u00e1 trouxera quando guarnecida de uma pontua\u00e7\u00e3o? \u00c9 como se um acento agudo ou circunflexo fosse a premia\u00e7\u00e3o de uma express\u00e3o, e qualquer verbete de um dicion\u00e1rio aspirasse a l\u00e1urea de uma cedilha ou a ondula\u00e7\u00e3o dolente e macia de um til para se fazer mais importante que suas cong\u00eaneres n\u00e3o pontuadas.<\/p>\n<p>Desde esse dia, venho prometendo a meu filho usar sua m\u00e1xima como mote para um poema que ainda n\u00e3o veio \u2013 tamb\u00e9m devo a ele, a pedido, um poema sobre ang\u00fastia e piquenique \u2013 tampouco tenho olhado com indiferen\u00e7a para uma v\u00edrgula, um ponto de exclama\u00e7\u00e3o ou retic\u00eancias. Tudo \u00e9 sentimento.<\/p>\n<p>A mais recente do garoto: passe\u00e1vamos a bordo de nosso Fusquinha 1970 fantasiado de Herbie (aquele do filme \u201cSe Meu Fusca Falasse\u201d) pelas estradinhas da Floresta da Tijuca, teto solar aberto, e ele ia aproveitando o fresquinho do clima e a beleza das paisagens, quando lan\u00e7ou a reflex\u00e3o:<\/p>\n<p>\u2013 J\u00e1 parou para pensar que nossa vida pode ser a repeti\u00e7\u00e3o exata do que pessoas fizeram cinquenta, cem, duzentos anos antes de n\u00f3s?<\/p>\n<p>Pedi que ele me explicasse melhor e ele seguiu o racioc\u00ednio:<\/p>\n<p>\u2013 Em outra \u00e9poca, pai e filho podem ter aproveitado um s\u00e1bado nesta mesma floresta, inclusive passando aqui de Fusca. Naquela hora em que eu tampei a sa\u00edda de \u00e1gua na fonte em formato de cabe\u00e7a, a gente podia estar imitando algo feito muitos anos atr\u00e1s. E n\u00f3s s\u00f3 estamos repetindo a cena.<\/p>\n<p>Fiquei pensando sobre isso pelo resto do passeio. Talvez nada tenhamos de in\u00e9dito e, cada detalhe de nossa vida, pode n\u00e3o passar de repeti\u00e7\u00e3o do que j\u00e1 foi experimentado por algu\u00e9m que sequer conhecemos, cabendo-nos, hoje em dia, cobrir as mesmas pegadas no ch\u00e3o deixadas outrora.<\/p>\n","protected":false},"excerpt":{"rendered":"<p>Jamais imaginei que a vida iria me premiar com um filho mineiro. Eu, carioca e suburbano, n\u00e3o andava por Minas Gerais em busca de nada, mas o simp\u00e1tico estado dos inconfidentes acabou me presenteando com a melhor esposa que poderia ter \u2013 que era inteligente, bela, alegre, professora e dirigia um Fusca \u2013 e, mais [&hellip;]<\/p>\n","protected":false},"author":2,"featured_media":326159,"comment_status":"closed","ping_status":"closed","sticky":false,"template":"","format":"standard","meta":{"_acf_changed":false,"footnotes":""},"categories":[161],"tags":[],"class_list":["post-326158","post","type-post","status-publish","format-standard","has-post-thumbnail","hentry","category-quadradinho-em-foco"],"acf":[],"yoast_head":"<!-- This site is optimized with the Yoast SEO plugin v27.5 - https:\/\/yoast.com\/product\/yoast-seo-wordpress\/ -->\n<title>Pegadas do homem s\u00e3o passos de tempos passados - Notibras<\/title>\n<meta name=\"robots\" content=\"index, follow, max-snippet:-1, max-image-preview:large, max-video-preview:-1\" \/>\n<link rel=\"canonical\" href=\"https:\/\/www.notibras.com\/site\/pegadas-do-homem-sao-passos-de-tempos-passados\/\" \/>\n<meta property=\"og:locale\" content=\"pt_BR\" \/>\n<meta property=\"og:type\" content=\"article\" \/>\n<meta property=\"og:title\" content=\"Pegadas do homem s\u00e3o passos de tempos passados - Notibras\" \/>\n<meta property=\"og:description\" content=\"Jamais imaginei que a vida iria me premiar com um filho mineiro. Eu, carioca e suburbano, n\u00e3o andava por Minas Gerais em busca de nada, mas o simp\u00e1tico estado dos inconfidentes acabou me presenteando com a melhor esposa que poderia ter \u2013 que era inteligente, bela, alegre, professora e dirigia um Fusca \u2013 e, mais [&hellip;]\" \/>\n<meta property=\"og:url\" content=\"https:\/\/www.notibras.com\/site\/pegadas-do-homem-sao-passos-de-tempos-passados\/\" \/>\n<meta property=\"og:site_name\" content=\"Notibras\" \/>\n<meta property=\"article:publisher\" content=\"https:\/\/www.facebook.com\/notibras\/\" \/>\n<meta property=\"article:published_time\" content=\"2024-04-08T11:12:02+00:00\" \/>\n<meta property=\"og:image\" content=\"https:\/\/www.notibras.com\/site\/wp-content\/uploads\/2024\/04\/085cb729-d1b1-458d-a4f2-e4cf3f4d7505.jpeg\" \/>\n\t<meta property=\"og:image:width\" content=\"720\" \/>\n\t<meta property=\"og:image:height\" content=\"621\" \/>\n\t<meta property=\"og:image:type\" content=\"image\/jpeg\" \/>\n<meta name=\"author\" content=\"Reda\u00e7\u00e3o\" \/>\n<meta name=\"twitter:card\" content=\"summary_large_image\" \/>\n<meta name=\"twitter:creator\" content=\"@Notibras\" \/>\n<meta name=\"twitter:site\" content=\"@Notibras\" \/>\n<meta name=\"twitter:label1\" content=\"Escrito por\" \/>\n\t<meta name=\"twitter:data1\" content=\"Reda\u00e7\u00e3o\" \/>\n\t<meta name=\"twitter:label2\" content=\"Est. tempo de leitura\" \/>\n\t<meta name=\"twitter:data2\" content=\"4 minutos\" \/>\n<script type=\"application\/ld+json\" class=\"yoast-schema-graph\">{\"@context\":\"https:\\\/\\\/schema.org\",\"@graph\":[{\"@type\":\"Article\",\"@id\":\"https:\\\/\\\/www.notibras.com\\\/site\\\/pegadas-do-homem-sao-passos-de-tempos-passados\\\/#article\",\"isPartOf\":{\"@id\":\"https:\\\/\\\/www.notibras.com\\\/site\\\/pegadas-do-homem-sao-passos-de-tempos-passados\\\/\"},\"author\":{\"name\":\"Reda\u00e7\u00e3o\",\"@id\":\"https:\\\/\\\/www.notibras.com\\\/site\\\/#\\\/schema\\\/person\\\/36ab0979449956132d3e5b517ea76ac8\"},\"headline\":\"Pegadas do homem s\u00e3o passos de tempos passados\",\"datePublished\":\"2024-04-08T11:12:02+00:00\",\"mainEntityOfPage\":{\"@id\":\"https:\\\/\\\/www.notibras.com\\\/site\\\/pegadas-do-homem-sao-passos-de-tempos-passados\\\/\"},\"wordCount\":739,\"publisher\":{\"@id\":\"https:\\\/\\\/www.notibras.com\\\/site\\\/#organization\"},\"image\":{\"@id\":\"https:\\\/\\\/www.notibras.com\\\/site\\\/pegadas-do-homem-sao-passos-de-tempos-passados\\\/#primaryimage\"},\"thumbnailUrl\":\"https:\\\/\\\/www.notibras.com\\\/site\\\/wp-content\\\/uploads\\\/2024\\\/04\\\/085cb729-d1b1-458d-a4f2-e4cf3f4d7505.jpeg\",\"articleSection\":[\"Quadradinho em Foco\"],\"inLanguage\":\"pt-BR\"},{\"@type\":\"WebPage\",\"@id\":\"https:\\\/\\\/www.notibras.com\\\/site\\\/pegadas-do-homem-sao-passos-de-tempos-passados\\\/\",\"url\":\"https:\\\/\\\/www.notibras.com\\\/site\\\/pegadas-do-homem-sao-passos-de-tempos-passados\\\/\",\"name\":\"Pegadas do homem s\u00e3o passos de tempos passados - Notibras\",\"isPartOf\":{\"@id\":\"https:\\\/\\\/www.notibras.com\\\/site\\\/#website\"},\"primaryImageOfPage\":{\"@id\":\"https:\\\/\\\/www.notibras.com\\\/site\\\/pegadas-do-homem-sao-passos-de-tempos-passados\\\/#primaryimage\"},\"image\":{\"@id\":\"https:\\\/\\\/www.notibras.com\\\/site\\\/pegadas-do-homem-sao-passos-de-tempos-passados\\\/#primaryimage\"},\"thumbnailUrl\":\"https:\\\/\\\/www.notibras.com\\\/site\\\/wp-content\\\/uploads\\\/2024\\\/04\\\/085cb729-d1b1-458d-a4f2-e4cf3f4d7505.jpeg\",\"datePublished\":\"2024-04-08T11:12:02+00:00\",\"breadcrumb\":{\"@id\":\"https:\\\/\\\/www.notibras.com\\\/site\\\/pegadas-do-homem-sao-passos-de-tempos-passados\\\/#breadcrumb\"},\"inLanguage\":\"pt-BR\",\"potentialAction\":[{\"@type\":\"ReadAction\",\"target\":[\"https:\\\/\\\/www.notibras.com\\\/site\\\/pegadas-do-homem-sao-passos-de-tempos-passados\\\/\"]}]},{\"@type\":\"ImageObject\",\"inLanguage\":\"pt-BR\",\"@id\":\"https:\\\/\\\/www.notibras.com\\\/site\\\/pegadas-do-homem-sao-passos-de-tempos-passados\\\/#primaryimage\",\"url\":\"https:\\\/\\\/www.notibras.com\\\/site\\\/wp-content\\\/uploads\\\/2024\\\/04\\\/085cb729-d1b1-458d-a4f2-e4cf3f4d7505.jpeg\",\"contentUrl\":\"https:\\\/\\\/www.notibras.com\\\/site\\\/wp-content\\\/uploads\\\/2024\\\/04\\\/085cb729-d1b1-458d-a4f2-e4cf3f4d7505.jpeg\",\"width\":720,\"height\":621},{\"@type\":\"BreadcrumbList\",\"@id\":\"https:\\\/\\\/www.notibras.com\\\/site\\\/pegadas-do-homem-sao-passos-de-tempos-passados\\\/#breadcrumb\",\"itemListElement\":[{\"@type\":\"ListItem\",\"position\":1,\"name\":\"In\u00edcio\",\"item\":\"https:\\\/\\\/www.notibras.com\\\/site\\\/\"},{\"@type\":\"ListItem\",\"position\":2,\"name\":\"Pegadas do homem s\u00e3o passos de tempos passados\"}]},{\"@type\":\"WebSite\",\"@id\":\"https:\\\/\\\/www.notibras.com\\\/site\\\/#website\",\"url\":\"https:\\\/\\\/www.notibras.com\\\/site\\\/\",\"name\":\"Notibras\",\"description\":\"Not\u00edcias de Bras\u00edlia, do Brasil e do Mundo\",\"publisher\":{\"@id\":\"https:\\\/\\\/www.notibras.com\\\/site\\\/#organization\"},\"potentialAction\":[{\"@type\":\"SearchAction\",\"target\":{\"@type\":\"EntryPoint\",\"urlTemplate\":\"https:\\\/\\\/www.notibras.com\\\/site\\\/?s={search_term_string}\"},\"query-input\":{\"@type\":\"PropertyValueSpecification\",\"valueRequired\":true,\"valueName\":\"search_term_string\"}}],\"inLanguage\":\"pt-BR\"},{\"@type\":\"Organization\",\"@id\":\"https:\\\/\\\/www.notibras.com\\\/site\\\/#organization\",\"name\":\"Grupo Notibras de Comunica\u00e7\u00e3o\",\"url\":\"https:\\\/\\\/www.notibras.com\\\/site\\\/\",\"logo\":{\"@type\":\"ImageObject\",\"inLanguage\":\"pt-BR\",\"@id\":\"https:\\\/\\\/www.notibras.com\\\/site\\\/#\\\/schema\\\/logo\\\/image\\\/\",\"url\":\"https:\\\/\\\/www.notibras.com\\\/site\\\/wp-content\\\/uploads\\\/2023\\\/01\\\/notibras23.png\",\"contentUrl\":\"https:\\\/\\\/www.notibras.com\\\/site\\\/wp-content\\\/uploads\\\/2023\\\/01\\\/notibras23.png\",\"width\":350,\"height\":87,\"caption\":\"Grupo Notibras de Comunica\u00e7\u00e3o\"},\"image\":{\"@id\":\"https:\\\/\\\/www.notibras.com\\\/site\\\/#\\\/schema\\\/logo\\\/image\\\/\"},\"sameAs\":[\"https:\\\/\\\/www.facebook.com\\\/notibras\\\/\",\"https:\\\/\\\/x.com\\\/Notibras\",\"https:\\\/\\\/www.instagram.com\\\/notibras\\\/\"]},{\"@type\":\"Person\",\"@id\":\"https:\\\/\\\/www.notibras.com\\\/site\\\/#\\\/schema\\\/person\\\/36ab0979449956132d3e5b517ea76ac8\",\"name\":\"Reda\u00e7\u00e3o\",\"image\":{\"@type\":\"ImageObject\",\"inLanguage\":\"pt-BR\",\"@id\":\"https:\\\/\\\/secure.gravatar.com\\\/avatar\\\/e0a867bdedb85fd243eadf09663511f96fc81e0720a4a42581f334ad4303aa6b?s=96&d=mm&r=g\",\"url\":\"https:\\\/\\\/secure.gravatar.com\\\/avatar\\\/e0a867bdedb85fd243eadf09663511f96fc81e0720a4a42581f334ad4303aa6b?s=96&d=mm&r=g\",\"contentUrl\":\"https:\\\/\\\/secure.gravatar.com\\\/avatar\\\/e0a867bdedb85fd243eadf09663511f96fc81e0720a4a42581f334ad4303aa6b?s=96&d=mm&r=g\",\"caption\":\"Reda\u00e7\u00e3o\"}}]}<\/script>\n<!-- \/ Yoast SEO plugin. -->","yoast_head_json":{"title":"Pegadas do homem s\u00e3o passos de tempos passados - Notibras","robots":{"index":"index","follow":"follow","max-snippet":"max-snippet:-1","max-image-preview":"max-image-preview:large","max-video-preview":"max-video-preview:-1"},"canonical":"https:\/\/www.notibras.com\/site\/pegadas-do-homem-sao-passos-de-tempos-passados\/","og_locale":"pt_BR","og_type":"article","og_title":"Pegadas do homem s\u00e3o passos de tempos passados - Notibras","og_description":"Jamais imaginei que a vida iria me premiar com um filho mineiro. Eu, carioca e suburbano, n\u00e3o andava por Minas Gerais em busca de nada, mas o simp\u00e1tico estado dos inconfidentes acabou me presenteando com a melhor esposa que poderia ter \u2013 que era inteligente, bela, alegre, professora e dirigia um Fusca \u2013 e, mais [&hellip;]","og_url":"https:\/\/www.notibras.com\/site\/pegadas-do-homem-sao-passos-de-tempos-passados\/","og_site_name":"Notibras","article_publisher":"https:\/\/www.facebook.com\/notibras\/","article_published_time":"2024-04-08T11:12:02+00:00","og_image":[{"width":720,"height":621,"url":"https:\/\/www.notibras.com\/site\/wp-content\/uploads\/2024\/04\/085cb729-d1b1-458d-a4f2-e4cf3f4d7505.jpeg","type":"image\/jpeg"}],"author":"Reda\u00e7\u00e3o","twitter_card":"summary_large_image","twitter_creator":"@Notibras","twitter_site":"@Notibras","twitter_misc":{"Escrito por":"Reda\u00e7\u00e3o","Est. tempo de leitura":"4 minutos"},"schema":{"@context":"https:\/\/schema.org","@graph":[{"@type":"Article","@id":"https:\/\/www.notibras.com\/site\/pegadas-do-homem-sao-passos-de-tempos-passados\/#article","isPartOf":{"@id":"https:\/\/www.notibras.com\/site\/pegadas-do-homem-sao-passos-de-tempos-passados\/"},"author":{"name":"Reda\u00e7\u00e3o","@id":"https:\/\/www.notibras.com\/site\/#\/schema\/person\/36ab0979449956132d3e5b517ea76ac8"},"headline":"Pegadas do homem s\u00e3o passos de tempos passados","datePublished":"2024-04-08T11:12:02+00:00","mainEntityOfPage":{"@id":"https:\/\/www.notibras.com\/site\/pegadas-do-homem-sao-passos-de-tempos-passados\/"},"wordCount":739,"publisher":{"@id":"https:\/\/www.notibras.com\/site\/#organization"},"image":{"@id":"https:\/\/www.notibras.com\/site\/pegadas-do-homem-sao-passos-de-tempos-passados\/#primaryimage"},"thumbnailUrl":"https:\/\/www.notibras.com\/site\/wp-content\/uploads\/2024\/04\/085cb729-d1b1-458d-a4f2-e4cf3f4d7505.jpeg","articleSection":["Quadradinho em Foco"],"inLanguage":"pt-BR"},{"@type":"WebPage","@id":"https:\/\/www.notibras.com\/site\/pegadas-do-homem-sao-passos-de-tempos-passados\/","url":"https:\/\/www.notibras.com\/site\/pegadas-do-homem-sao-passos-de-tempos-passados\/","name":"Pegadas do homem s\u00e3o passos de tempos passados - Notibras","isPartOf":{"@id":"https:\/\/www.notibras.com\/site\/#website"},"primaryImageOfPage":{"@id":"https:\/\/www.notibras.com\/site\/pegadas-do-homem-sao-passos-de-tempos-passados\/#primaryimage"},"image":{"@id":"https:\/\/www.notibras.com\/site\/pegadas-do-homem-sao-passos-de-tempos-passados\/#primaryimage"},"thumbnailUrl":"https:\/\/www.notibras.com\/site\/wp-content\/uploads\/2024\/04\/085cb729-d1b1-458d-a4f2-e4cf3f4d7505.jpeg","datePublished":"2024-04-08T11:12:02+00:00","breadcrumb":{"@id":"https:\/\/www.notibras.com\/site\/pegadas-do-homem-sao-passos-de-tempos-passados\/#breadcrumb"},"inLanguage":"pt-BR","potentialAction":[{"@type":"ReadAction","target":["https:\/\/www.notibras.com\/site\/pegadas-do-homem-sao-passos-de-tempos-passados\/"]}]},{"@type":"ImageObject","inLanguage":"pt-BR","@id":"https:\/\/www.notibras.com\/site\/pegadas-do-homem-sao-passos-de-tempos-passados\/#primaryimage","url":"https:\/\/www.notibras.com\/site\/wp-content\/uploads\/2024\/04\/085cb729-d1b1-458d-a4f2-e4cf3f4d7505.jpeg","contentUrl":"https:\/\/www.notibras.com\/site\/wp-content\/uploads\/2024\/04\/085cb729-d1b1-458d-a4f2-e4cf3f4d7505.jpeg","width":720,"height":621},{"@type":"BreadcrumbList","@id":"https:\/\/www.notibras.com\/site\/pegadas-do-homem-sao-passos-de-tempos-passados\/#breadcrumb","itemListElement":[{"@type":"ListItem","position":1,"name":"In\u00edcio","item":"https:\/\/www.notibras.com\/site\/"},{"@type":"ListItem","position":2,"name":"Pegadas do homem s\u00e3o passos de tempos passados"}]},{"@type":"WebSite","@id":"https:\/\/www.notibras.com\/site\/#website","url":"https:\/\/www.notibras.com\/site\/","name":"Notibras","description":"Not\u00edcias de Bras\u00edlia, do Brasil e do Mundo","publisher":{"@id":"https:\/\/www.notibras.com\/site\/#organization"},"potentialAction":[{"@type":"SearchAction","target":{"@type":"EntryPoint","urlTemplate":"https:\/\/www.notibras.com\/site\/?s={search_term_string}"},"query-input":{"@type":"PropertyValueSpecification","valueRequired":true,"valueName":"search_term_string"}}],"inLanguage":"pt-BR"},{"@type":"Organization","@id":"https:\/\/www.notibras.com\/site\/#organization","name":"Grupo Notibras de Comunica\u00e7\u00e3o","url":"https:\/\/www.notibras.com\/site\/","logo":{"@type":"ImageObject","inLanguage":"pt-BR","@id":"https:\/\/www.notibras.com\/site\/#\/schema\/logo\/image\/","url":"https:\/\/www.notibras.com\/site\/wp-content\/uploads\/2023\/01\/notibras23.png","contentUrl":"https:\/\/www.notibras.com\/site\/wp-content\/uploads\/2023\/01\/notibras23.png","width":350,"height":87,"caption":"Grupo Notibras de Comunica\u00e7\u00e3o"},"image":{"@id":"https:\/\/www.notibras.com\/site\/#\/schema\/logo\/image\/"},"sameAs":["https:\/\/www.facebook.com\/notibras\/","https:\/\/x.com\/Notibras","https:\/\/www.instagram.com\/notibras\/"]},{"@type":"Person","@id":"https:\/\/www.notibras.com\/site\/#\/schema\/person\/36ab0979449956132d3e5b517ea76ac8","name":"Reda\u00e7\u00e3o","image":{"@type":"ImageObject","inLanguage":"pt-BR","@id":"https:\/\/secure.gravatar.com\/avatar\/e0a867bdedb85fd243eadf09663511f96fc81e0720a4a42581f334ad4303aa6b?s=96&d=mm&r=g","url":"https:\/\/secure.gravatar.com\/avatar\/e0a867bdedb85fd243eadf09663511f96fc81e0720a4a42581f334ad4303aa6b?s=96&d=mm&r=g","contentUrl":"https:\/\/secure.gravatar.com\/avatar\/e0a867bdedb85fd243eadf09663511f96fc81e0720a4a42581f334ad4303aa6b?s=96&d=mm&r=g","caption":"Reda\u00e7\u00e3o"}}]}},"amp_enabled":true,"_links":{"self":[{"href":"https:\/\/www.notibras.com\/site\/wp-json\/wp\/v2\/posts\/326158","targetHints":{"allow":["GET"]}}],"collection":[{"href":"https:\/\/www.notibras.com\/site\/wp-json\/wp\/v2\/posts"}],"about":[{"href":"https:\/\/www.notibras.com\/site\/wp-json\/wp\/v2\/types\/post"}],"author":[{"embeddable":true,"href":"https:\/\/www.notibras.com\/site\/wp-json\/wp\/v2\/users\/2"}],"replies":[{"embeddable":true,"href":"https:\/\/www.notibras.com\/site\/wp-json\/wp\/v2\/comments?post=326158"}],"version-history":[{"count":1,"href":"https:\/\/www.notibras.com\/site\/wp-json\/wp\/v2\/posts\/326158\/revisions"}],"predecessor-version":[{"id":326160,"href":"https:\/\/www.notibras.com\/site\/wp-json\/wp\/v2\/posts\/326158\/revisions\/326160"}],"wp:featuredmedia":[{"embeddable":true,"href":"https:\/\/www.notibras.com\/site\/wp-json\/wp\/v2\/media\/326159"}],"wp:attachment":[{"href":"https:\/\/www.notibras.com\/site\/wp-json\/wp\/v2\/media?parent=326158"}],"wp:term":[{"taxonomy":"category","embeddable":true,"href":"https:\/\/www.notibras.com\/site\/wp-json\/wp\/v2\/categories?post=326158"},{"taxonomy":"post_tag","embeddable":true,"href":"https:\/\/www.notibras.com\/site\/wp-json\/wp\/v2\/tags?post=326158"}],"curies":[{"name":"wp","href":"https:\/\/api.w.org\/{rel}","templated":true}]}}