{"id":326170,"date":"2024-04-08T00:55:45","date_gmt":"2024-04-08T03:55:45","guid":{"rendered":"https:\/\/www.notibras.com\/site\/?p=326170"},"modified":"2024-04-08T08:58:02","modified_gmt":"2024-04-08T11:58:02","slug":"ultimo-dia-para-regularizar-titulo-pela-internet","status":"publish","type":"post","link":"https:\/\/www.notibras.com\/site\/ultimo-dia-para-regularizar-titulo-pela-internet\/","title":{"rendered":"\u00daltimo dia para regularizar t\u00edtulo pela internet"},"content":{"rendered":"<p>Eleitores sem biometria cadastrada podem acessar os servi\u00e7os eleitorais pela internet, chamados T\u00edtulo Net, somente at\u00e9 esta segunda-feira (8). Depois desse prazo, o eleitor sem as digitais cadastradas precisar\u00e1 ir a um cart\u00f3rio eleitoral at\u00e9 o dia 8 de maio para ser atendido e poder votar nas elei\u00e7\u00f5es municipais, marcadas para outubro.<\/p>\n<p>Segundo a Justi\u00e7a Eleitoral, os eleitores com a biometria em dia podem continuar utilizando os servi\u00e7os pela internet. \u00c9 poss\u00edvel ver qual \u00e9 a situa\u00e7\u00e3o cadastral no site do TSE.<\/p>\n<p>O dia 8 de maio \u00e9 o prazo final para regularizar a situa\u00e7\u00e3o eleitoral, solicitar transfer\u00eancia de domic\u00edlio e atualizar dados cadastrais. Ap\u00f3s essa data, esses servi\u00e7os ficar\u00e3o indispon\u00edveis, pois a Justi\u00e7a Eleitoral passar\u00e1 a se dedicar a organiza\u00e7\u00e3o das elei\u00e7\u00f5es municipais.<\/p>\n<p><strong>Primeiro t\u00edtulo<\/strong><br \/>\nQuem for tirar o t\u00edtulo pela primeira vez precisa ir a um cart\u00f3rio eleitoral para coletar a biometria, que \u00e9 gratuita. Esse cadastro evita que uma pessoa vote no lugar de outra e permite identificar se um eleitor tem mais de um registro eleitoral.<\/p>\n<p>A Justi\u00e7a Eleitoral alerta que apenas fazer o pedido pela internet n\u00e3o \u00e9 garantia da emiss\u00e3o do t\u00edtulo ou a regulariza\u00e7\u00e3o eleitoral. \u00c9 necess\u00e1rio anexar os documentos exigidos.<\/p>\n","protected":false},"excerpt":{"rendered":"<p>Eleitores sem biometria cadastrada podem acessar os servi\u00e7os eleitorais pela internet, chamados T\u00edtulo Net, somente at\u00e9 esta segunda-feira (8). Depois desse prazo, o eleitor sem as digitais cadastradas precisar\u00e1 ir a um cart\u00f3rio eleitoral at\u00e9 o dia 8 de maio para ser atendido e poder votar nas elei\u00e7\u00f5es municipais, marcadas para outubro. Segundo a Justi\u00e7a [&hellip;]<\/p>\n","protected":false},"author":2,"featured_media":326171,"comment_status":"closed","ping_status":"closed","sticky":false,"template":"","format":"standard","meta":{"_acf_changed":false,"footnotes":""},"categories":[166,167,168,169,165,170,171,172,173,174],"tags":[],"class_list":["post-326170","post","type-post","status-publish","format-standard","has-post-thumbnail","hentry","category-alagoas","category-bahia","category-ceara","category-maranhao","category-nordeste","category-paraiba-nordeste","category-pernambuco-nordeste","category-piaui","category-rio-grande-do-norte","category-sergipe"],"acf":[],"yoast_head":"<!-- This site is optimized with the Yoast SEO plugin v27.5 - https:\/\/yoast.com\/product\/yoast-seo-wordpress\/ -->\n<title>\u00daltimo dia para regularizar t\u00edtulo pela internet - Notibras<\/title>\n<meta name=\"robots\" content=\"index, follow, max-snippet:-1, max-image-preview:large, max-video-preview:-1\" \/>\n<link rel=\"canonical\" href=\"https:\/\/www.notibras.com\/site\/ultimo-dia-para-regularizar-titulo-pela-internet\/\" \/>\n<meta property=\"og:locale\" content=\"pt_BR\" \/>\n<meta property=\"og:type\" content=\"article\" \/>\n<meta property=\"og:title\" content=\"\u00daltimo dia para regularizar t\u00edtulo pela internet - Notibras\" \/>\n<meta property=\"og:description\" content=\"Eleitores sem biometria cadastrada podem acessar os servi\u00e7os eleitorais pela internet, chamados T\u00edtulo Net, somente at\u00e9 esta segunda-feira (8). Depois desse prazo, o eleitor sem as digitais cadastradas precisar\u00e1 ir a um cart\u00f3rio eleitoral at\u00e9 o dia 8 de maio para ser atendido e poder votar nas elei\u00e7\u00f5es municipais, marcadas para outubro. Segundo a Justi\u00e7a [&hellip;]\" \/>\n<meta property=\"og:url\" content=\"https:\/\/www.notibras.com\/site\/ultimo-dia-para-regularizar-titulo-pela-internet\/\" \/>\n<meta property=\"og:site_name\" content=\"Notibras\" \/>\n<meta property=\"article:publisher\" content=\"https:\/\/www.facebook.com\/notibras\/\" \/>\n<meta property=\"article:published_time\" content=\"2024-04-08T03:55:45+00:00\" \/>\n<meta property=\"article:modified_time\" content=\"2024-04-08T11:58:02+00:00\" \/>\n<meta property=\"og:image\" content=\"https:\/\/www.notibras.com\/site\/wp-content\/uploads\/2024\/04\/titulovirtual.webp\" \/>\n\t<meta property=\"og:image:width\" content=\"1170\" \/>\n\t<meta property=\"og:image:height\" content=\"700\" \/>\n\t<meta property=\"og:image:type\" content=\"image\/webp\" \/>\n<meta name=\"author\" content=\"Reda\u00e7\u00e3o\" \/>\n<meta name=\"twitter:card\" content=\"summary_large_image\" \/>\n<meta name=\"twitter:creator\" content=\"@Notibras\" \/>\n<meta name=\"twitter:site\" content=\"@Notibras\" \/>\n<meta name=\"twitter:label1\" content=\"Escrito por\" \/>\n\t<meta name=\"twitter:data1\" content=\"Reda\u00e7\u00e3o\" \/>\n\t<meta name=\"twitter:label2\" content=\"Est. tempo de leitura\" \/>\n\t<meta name=\"twitter:data2\" content=\"2 minutos\" \/>\n<script type=\"application\/ld+json\" class=\"yoast-schema-graph\">{\"@context\":\"https:\\\/\\\/schema.org\",\"@graph\":[{\"@type\":\"Article\",\"@id\":\"https:\\\/\\\/www.notibras.com\\\/site\\\/ultimo-dia-para-regularizar-titulo-pela-internet\\\/#article\",\"isPartOf\":{\"@id\":\"https:\\\/\\\/www.notibras.com\\\/site\\\/ultimo-dia-para-regularizar-titulo-pela-internet\\\/\"},\"author\":{\"name\":\"Reda\u00e7\u00e3o\",\"@id\":\"https:\\\/\\\/www.notibras.com\\\/site\\\/#\\\/schema\\\/person\\\/36ab0979449956132d3e5b517ea76ac8\"},\"headline\":\"\u00daltimo dia para regularizar t\u00edtulo pela internet\",\"datePublished\":\"2024-04-08T03:55:45+00:00\",\"dateModified\":\"2024-04-08T11:58:02+00:00\",\"mainEntityOfPage\":{\"@id\":\"https:\\\/\\\/www.notibras.com\\\/site\\\/ultimo-dia-para-regularizar-titulo-pela-internet\\\/\"},\"wordCount\":224,\"publisher\":{\"@id\":\"https:\\\/\\\/www.notibras.com\\\/site\\\/#organization\"},\"image\":{\"@id\":\"https:\\\/\\\/www.notibras.com\\\/site\\\/ultimo-dia-para-regularizar-titulo-pela-internet\\\/#primaryimage\"},\"thumbnailUrl\":\"https:\\\/\\\/www.notibras.com\\\/site\\\/wp-content\\\/uploads\\\/2024\\\/04\\\/titulovirtual.webp\",\"articleSection\":[\"Alagoas\",\"Bahia\",\"Cear\u00e1\",\"Maranh\u00e3o\",\"Nordeste\",\"Para\u00edba\",\"Pernambuco\",\"Piau\u00ed\",\"Rio Grande do Norte\",\"Sergipe\"],\"inLanguage\":\"pt-BR\"},{\"@type\":\"WebPage\",\"@id\":\"https:\\\/\\\/www.notibras.com\\\/site\\\/ultimo-dia-para-regularizar-titulo-pela-internet\\\/\",\"url\":\"https:\\\/\\\/www.notibras.com\\\/site\\\/ultimo-dia-para-regularizar-titulo-pela-internet\\\/\",\"name\":\"\u00daltimo dia para regularizar t\u00edtulo pela internet - Notibras\",\"isPartOf\":{\"@id\":\"https:\\\/\\\/www.notibras.com\\\/site\\\/#website\"},\"primaryImageOfPage\":{\"@id\":\"https:\\\/\\\/www.notibras.com\\\/site\\\/ultimo-dia-para-regularizar-titulo-pela-internet\\\/#primaryimage\"},\"image\":{\"@id\":\"https:\\\/\\\/www.notibras.com\\\/site\\\/ultimo-dia-para-regularizar-titulo-pela-internet\\\/#primaryimage\"},\"thumbnailUrl\":\"https:\\\/\\\/www.notibras.com\\\/site\\\/wp-content\\\/uploads\\\/2024\\\/04\\\/titulovirtual.webp\",\"datePublished\":\"2024-04-08T03:55:45+00:00\",\"dateModified\":\"2024-04-08T11:58:02+00:00\",\"breadcrumb\":{\"@id\":\"https:\\\/\\\/www.notibras.com\\\/site\\\/ultimo-dia-para-regularizar-titulo-pela-internet\\\/#breadcrumb\"},\"inLanguage\":\"pt-BR\",\"potentialAction\":[{\"@type\":\"ReadAction\",\"target\":[\"https:\\\/\\\/www.notibras.com\\\/site\\\/ultimo-dia-para-regularizar-titulo-pela-internet\\\/\"]}]},{\"@type\":\"ImageObject\",\"inLanguage\":\"pt-BR\",\"@id\":\"https:\\\/\\\/www.notibras.com\\\/site\\\/ultimo-dia-para-regularizar-titulo-pela-internet\\\/#primaryimage\",\"url\":\"https:\\\/\\\/www.notibras.com\\\/site\\\/wp-content\\\/uploads\\\/2024\\\/04\\\/titulovirtual.webp\",\"contentUrl\":\"https:\\\/\\\/www.notibras.com\\\/site\\\/wp-content\\\/uploads\\\/2024\\\/04\\\/titulovirtual.webp\",\"width\":1170,\"height\":700},{\"@type\":\"BreadcrumbList\",\"@id\":\"https:\\\/\\\/www.notibras.com\\\/site\\\/ultimo-dia-para-regularizar-titulo-pela-internet\\\/#breadcrumb\",\"itemListElement\":[{\"@type\":\"ListItem\",\"position\":1,\"name\":\"In\u00edcio\",\"item\":\"https:\\\/\\\/www.notibras.com\\\/site\\\/\"},{\"@type\":\"ListItem\",\"position\":2,\"name\":\"\u00daltimo dia para regularizar t\u00edtulo pela internet\"}]},{\"@type\":\"WebSite\",\"@id\":\"https:\\\/\\\/www.notibras.com\\\/site\\\/#website\",\"url\":\"https:\\\/\\\/www.notibras.com\\\/site\\\/\",\"name\":\"Notibras\",\"description\":\"Not\u00edcias de Bras\u00edlia, do Brasil e do Mundo\",\"publisher\":{\"@id\":\"https:\\\/\\\/www.notibras.com\\\/site\\\/#organization\"},\"potentialAction\":[{\"@type\":\"SearchAction\",\"target\":{\"@type\":\"EntryPoint\",\"urlTemplate\":\"https:\\\/\\\/www.notibras.com\\\/site\\\/?s={search_term_string}\"},\"query-input\":{\"@type\":\"PropertyValueSpecification\",\"valueRequired\":true,\"valueName\":\"search_term_string\"}}],\"inLanguage\":\"pt-BR\"},{\"@type\":\"Organization\",\"@id\":\"https:\\\/\\\/www.notibras.com\\\/site\\\/#organization\",\"name\":\"Grupo Notibras de Comunica\u00e7\u00e3o\",\"url\":\"https:\\\/\\\/www.notibras.com\\\/site\\\/\",\"logo\":{\"@type\":\"ImageObject\",\"inLanguage\":\"pt-BR\",\"@id\":\"https:\\\/\\\/www.notibras.com\\\/site\\\/#\\\/schema\\\/logo\\\/image\\\/\",\"url\":\"https:\\\/\\\/www.notibras.com\\\/site\\\/wp-content\\\/uploads\\\/2023\\\/01\\\/notibras23.png\",\"contentUrl\":\"https:\\\/\\\/www.notibras.com\\\/site\\\/wp-content\\\/uploads\\\/2023\\\/01\\\/notibras23.png\",\"width\":350,\"height\":87,\"caption\":\"Grupo Notibras de Comunica\u00e7\u00e3o\"},\"image\":{\"@id\":\"https:\\\/\\\/www.notibras.com\\\/site\\\/#\\\/schema\\\/logo\\\/image\\\/\"},\"sameAs\":[\"https:\\\/\\\/www.facebook.com\\\/notibras\\\/\",\"https:\\\/\\\/x.com\\\/Notibras\",\"https:\\\/\\\/www.instagram.com\\\/notibras\\\/\"]},{\"@type\":\"Person\",\"@id\":\"https:\\\/\\\/www.notibras.com\\\/site\\\/#\\\/schema\\\/person\\\/36ab0979449956132d3e5b517ea76ac8\",\"name\":\"Reda\u00e7\u00e3o\",\"image\":{\"@type\":\"ImageObject\",\"inLanguage\":\"pt-BR\",\"@id\":\"https:\\\/\\\/secure.gravatar.com\\\/avatar\\\/e0a867bdedb85fd243eadf09663511f96fc81e0720a4a42581f334ad4303aa6b?s=96&d=mm&r=g\",\"url\":\"https:\\\/\\\/secure.gravatar.com\\\/avatar\\\/e0a867bdedb85fd243eadf09663511f96fc81e0720a4a42581f334ad4303aa6b?s=96&d=mm&r=g\",\"contentUrl\":\"https:\\\/\\\/secure.gravatar.com\\\/avatar\\\/e0a867bdedb85fd243eadf09663511f96fc81e0720a4a42581f334ad4303aa6b?s=96&d=mm&r=g\",\"caption\":\"Reda\u00e7\u00e3o\"}}]}<\/script>\n<!-- \/ Yoast SEO plugin. -->","yoast_head_json":{"title":"\u00daltimo dia para regularizar t\u00edtulo pela internet - Notibras","robots":{"index":"index","follow":"follow","max-snippet":"max-snippet:-1","max-image-preview":"max-image-preview:large","max-video-preview":"max-video-preview:-1"},"canonical":"https:\/\/www.notibras.com\/site\/ultimo-dia-para-regularizar-titulo-pela-internet\/","og_locale":"pt_BR","og_type":"article","og_title":"\u00daltimo dia para regularizar t\u00edtulo pela internet - Notibras","og_description":"Eleitores sem biometria cadastrada podem acessar os servi\u00e7os eleitorais pela internet, chamados T\u00edtulo Net, somente at\u00e9 esta segunda-feira (8). Depois desse prazo, o eleitor sem as digitais cadastradas precisar\u00e1 ir a um cart\u00f3rio eleitoral at\u00e9 o dia 8 de maio para ser atendido e poder votar nas elei\u00e7\u00f5es municipais, marcadas para outubro. Segundo a Justi\u00e7a [&hellip;]","og_url":"https:\/\/www.notibras.com\/site\/ultimo-dia-para-regularizar-titulo-pela-internet\/","og_site_name":"Notibras","article_publisher":"https:\/\/www.facebook.com\/notibras\/","article_published_time":"2024-04-08T03:55:45+00:00","article_modified_time":"2024-04-08T11:58:02+00:00","og_image":[{"width":1170,"height":700,"url":"https:\/\/www.notibras.com\/site\/wp-content\/uploads\/2024\/04\/titulovirtual.webp","type":"image\/webp"}],"author":"Reda\u00e7\u00e3o","twitter_card":"summary_large_image","twitter_creator":"@Notibras","twitter_site":"@Notibras","twitter_misc":{"Escrito por":"Reda\u00e7\u00e3o","Est. tempo de leitura":"2 minutos"},"schema":{"@context":"https:\/\/schema.org","@graph":[{"@type":"Article","@id":"https:\/\/www.notibras.com\/site\/ultimo-dia-para-regularizar-titulo-pela-internet\/#article","isPartOf":{"@id":"https:\/\/www.notibras.com\/site\/ultimo-dia-para-regularizar-titulo-pela-internet\/"},"author":{"name":"Reda\u00e7\u00e3o","@id":"https:\/\/www.notibras.com\/site\/#\/schema\/person\/36ab0979449956132d3e5b517ea76ac8"},"headline":"\u00daltimo dia para regularizar t\u00edtulo pela internet","datePublished":"2024-04-08T03:55:45+00:00","dateModified":"2024-04-08T11:58:02+00:00","mainEntityOfPage":{"@id":"https:\/\/www.notibras.com\/site\/ultimo-dia-para-regularizar-titulo-pela-internet\/"},"wordCount":224,"publisher":{"@id":"https:\/\/www.notibras.com\/site\/#organization"},"image":{"@id":"https:\/\/www.notibras.com\/site\/ultimo-dia-para-regularizar-titulo-pela-internet\/#primaryimage"},"thumbnailUrl":"https:\/\/www.notibras.com\/site\/wp-content\/uploads\/2024\/04\/titulovirtual.webp","articleSection":["Alagoas","Bahia","Cear\u00e1","Maranh\u00e3o","Nordeste","Para\u00edba","Pernambuco","Piau\u00ed","Rio Grande do Norte","Sergipe"],"inLanguage":"pt-BR"},{"@type":"WebPage","@id":"https:\/\/www.notibras.com\/site\/ultimo-dia-para-regularizar-titulo-pela-internet\/","url":"https:\/\/www.notibras.com\/site\/ultimo-dia-para-regularizar-titulo-pela-internet\/","name":"\u00daltimo dia para regularizar t\u00edtulo pela internet - Notibras","isPartOf":{"@id":"https:\/\/www.notibras.com\/site\/#website"},"primaryImageOfPage":{"@id":"https:\/\/www.notibras.com\/site\/ultimo-dia-para-regularizar-titulo-pela-internet\/#primaryimage"},"image":{"@id":"https:\/\/www.notibras.com\/site\/ultimo-dia-para-regularizar-titulo-pela-internet\/#primaryimage"},"thumbnailUrl":"https:\/\/www.notibras.com\/site\/wp-content\/uploads\/2024\/04\/titulovirtual.webp","datePublished":"2024-04-08T03:55:45+00:00","dateModified":"2024-04-08T11:58:02+00:00","breadcrumb":{"@id":"https:\/\/www.notibras.com\/site\/ultimo-dia-para-regularizar-titulo-pela-internet\/#breadcrumb"},"inLanguage":"pt-BR","potentialAction":[{"@type":"ReadAction","target":["https:\/\/www.notibras.com\/site\/ultimo-dia-para-regularizar-titulo-pela-internet\/"]}]},{"@type":"ImageObject","inLanguage":"pt-BR","@id":"https:\/\/www.notibras.com\/site\/ultimo-dia-para-regularizar-titulo-pela-internet\/#primaryimage","url":"https:\/\/www.notibras.com\/site\/wp-content\/uploads\/2024\/04\/titulovirtual.webp","contentUrl":"https:\/\/www.notibras.com\/site\/wp-content\/uploads\/2024\/04\/titulovirtual.webp","width":1170,"height":700},{"@type":"BreadcrumbList","@id":"https:\/\/www.notibras.com\/site\/ultimo-dia-para-regularizar-titulo-pela-internet\/#breadcrumb","itemListElement":[{"@type":"ListItem","position":1,"name":"In\u00edcio","item":"https:\/\/www.notibras.com\/site\/"},{"@type":"ListItem","position":2,"name":"\u00daltimo dia para regularizar t\u00edtulo pela internet"}]},{"@type":"WebSite","@id":"https:\/\/www.notibras.com\/site\/#website","url":"https:\/\/www.notibras.com\/site\/","name":"Notibras","description":"Not\u00edcias de Bras\u00edlia, do Brasil e do Mundo","publisher":{"@id":"https:\/\/www.notibras.com\/site\/#organization"},"potentialAction":[{"@type":"SearchAction","target":{"@type":"EntryPoint","urlTemplate":"https:\/\/www.notibras.com\/site\/?s={search_term_string}"},"query-input":{"@type":"PropertyValueSpecification","valueRequired":true,"valueName":"search_term_string"}}],"inLanguage":"pt-BR"},{"@type":"Organization","@id":"https:\/\/www.notibras.com\/site\/#organization","name":"Grupo Notibras de Comunica\u00e7\u00e3o","url":"https:\/\/www.notibras.com\/site\/","logo":{"@type":"ImageObject","inLanguage":"pt-BR","@id":"https:\/\/www.notibras.com\/site\/#\/schema\/logo\/image\/","url":"https:\/\/www.notibras.com\/site\/wp-content\/uploads\/2023\/01\/notibras23.png","contentUrl":"https:\/\/www.notibras.com\/site\/wp-content\/uploads\/2023\/01\/notibras23.png","width":350,"height":87,"caption":"Grupo Notibras de Comunica\u00e7\u00e3o"},"image":{"@id":"https:\/\/www.notibras.com\/site\/#\/schema\/logo\/image\/"},"sameAs":["https:\/\/www.facebook.com\/notibras\/","https:\/\/x.com\/Notibras","https:\/\/www.instagram.com\/notibras\/"]},{"@type":"Person","@id":"https:\/\/www.notibras.com\/site\/#\/schema\/person\/36ab0979449956132d3e5b517ea76ac8","name":"Reda\u00e7\u00e3o","image":{"@type":"ImageObject","inLanguage":"pt-BR","@id":"https:\/\/secure.gravatar.com\/avatar\/e0a867bdedb85fd243eadf09663511f96fc81e0720a4a42581f334ad4303aa6b?s=96&d=mm&r=g","url":"https:\/\/secure.gravatar.com\/avatar\/e0a867bdedb85fd243eadf09663511f96fc81e0720a4a42581f334ad4303aa6b?s=96&d=mm&r=g","contentUrl":"https:\/\/secure.gravatar.com\/avatar\/e0a867bdedb85fd243eadf09663511f96fc81e0720a4a42581f334ad4303aa6b?s=96&d=mm&r=g","caption":"Reda\u00e7\u00e3o"}}]}},"amp_enabled":true,"_links":{"self":[{"href":"https:\/\/www.notibras.com\/site\/wp-json\/wp\/v2\/posts\/326170","targetHints":{"allow":["GET"]}}],"collection":[{"href":"https:\/\/www.notibras.com\/site\/wp-json\/wp\/v2\/posts"}],"about":[{"href":"https:\/\/www.notibras.com\/site\/wp-json\/wp\/v2\/types\/post"}],"author":[{"embeddable":true,"href":"https:\/\/www.notibras.com\/site\/wp-json\/wp\/v2\/users\/2"}],"replies":[{"embeddable":true,"href":"https:\/\/www.notibras.com\/site\/wp-json\/wp\/v2\/comments?post=326170"}],"version-history":[{"count":1,"href":"https:\/\/www.notibras.com\/site\/wp-json\/wp\/v2\/posts\/326170\/revisions"}],"predecessor-version":[{"id":326172,"href":"https:\/\/www.notibras.com\/site\/wp-json\/wp\/v2\/posts\/326170\/revisions\/326172"}],"wp:featuredmedia":[{"embeddable":true,"href":"https:\/\/www.notibras.com\/site\/wp-json\/wp\/v2\/media\/326171"}],"wp:attachment":[{"href":"https:\/\/www.notibras.com\/site\/wp-json\/wp\/v2\/media?parent=326170"}],"wp:term":[{"taxonomy":"category","embeddable":true,"href":"https:\/\/www.notibras.com\/site\/wp-json\/wp\/v2\/categories?post=326170"},{"taxonomy":"post_tag","embeddable":true,"href":"https:\/\/www.notibras.com\/site\/wp-json\/wp\/v2\/tags?post=326170"}],"curies":[{"name":"wp","href":"https:\/\/api.w.org\/{rel}","templated":true}]}}