{"id":326204,"date":"2024-04-08T00:00:22","date_gmt":"2024-04-08T03:00:22","guid":{"rendered":"https:\/\/www.notibras.com\/site\/?p=326204"},"modified":"2024-04-08T10:58:13","modified_gmt":"2024-04-08T13:58:13","slug":"eclipse-total-do-sol-chega-por-aqui-mas-so-via-internet","status":"publish","type":"post","link":"https:\/\/www.notibras.com\/site\/eclipse-total-do-sol-chega-por-aqui-mas-so-via-internet\/","title":{"rendered":"Eclipse total do Sol chega por aqui, mas s\u00f3 via Internet"},"content":{"rendered":"<p>O eclipse total do Sol em 2024, que acontece nesta segunda-feira (8), ser\u00e1 vis\u00edvel nos tr\u00eas pa\u00edses da Am\u00e9rica do Norte (Canad\u00e1, Estados Unidos e M\u00e9xico) e tamb\u00e9m poder\u00e1 ser observado de forma parcial em quase toda a Am\u00e9rica Central e em uma faixa da Europa Ocidental. No Brasil, por\u00e9m, o fen\u00f4meno astron\u00f4mico n\u00e3o poder\u00e1 ser visto nem parcialmente, porque a Am\u00e9rica do Sul n\u00e3o est\u00e1 na trajet\u00f3ria do eclipse.<\/p>\n<p>Um eclipse total ocorre quando a Lua passa entre a Terra e o Sol, bloqueando completamente a luz solar e projetando uma sombra sobre o planeta. De acordo com o site especializado em hor\u00e1rios, fusos hor\u00e1rios e astronomia Time and Date, o eclipse solar total deste ano come\u00e7ar\u00e1 \u00e0s 12h42, atingir\u00e1 o m\u00e1ximo \u00e0s 15h17 e terminar\u00e1 \u00e0s 17h52, no hor\u00e1rio do Brasil. os melhores lugares do mundo para v\u00ea-lo ser\u00e3o no norte do M\u00e9xico; no Texas, no sul dos EUA; e o leste do Canad\u00e1.<\/p>\n<p><strong>Transmiss\u00e3o ao vivo<\/strong><br \/>\nA pr\u00f3xima vez que o Brasil perceber\u00e1 o dia virar noite completa ser\u00e1 somente em 12 de agosto de 2045. Para que os brasileiros possam acompanhar as fases do fen\u00f4meno desta segunda-feira, o Observat\u00f3rio Nacional (ON), vinculado ao Minist\u00e9rio da Ci\u00eancia, Tecnologia e Inova\u00e7\u00e3o, far\u00e1 uma transmiss\u00e3o ao vivo a partir de 12h30, pelo seu canal no YouTube.<\/p>\n<p>A previs\u00e3o \u00e9 que a transmiss\u00e3o em tempo real mostre todas as fases parciais do espet\u00e1culo da natureza at\u00e9 o alinhamento total da Lua, da Terra e do Sol, mas depender\u00e1 apenas das condi\u00e7\u00f5es clim\u00e1ticas, em cada localidade.<\/p>\n<p>Al\u00e9m de exibir o fen\u00f4meno, os astr\u00f4nomos amadores e profissionais que fazem parte do projeto conversar\u00e3o com o p\u00fablico sobre astronomia, astrof\u00edsica, telesc\u00f3pios e captura de imagens astron\u00f4micas, como habitualmente \u00e9 feito durante observa\u00e7\u00f5es p\u00fablicas presenciais promovidas.<\/p>\n<p><strong>Seguran\u00e7a<\/strong><br \/>\nO Observat\u00f3rio Nacional alerta que os eclipses nunca devem ser encarados diretamente sem a prote\u00e7\u00e3o adequada, pois podem causar danos permanentes \u00e0 vis\u00e3o, como a queima da retina. E, ao contr\u00e1rio do que muitos pensam, \u00f3culos de sol comuns, mesmo os muito escuros, chapas de raio-X n\u00e3o s\u00e3o apropriados para esse fim, muito menos lentes, bin\u00f3culos, telesc\u00f3pios ou qualquer instrumento \u00f3ptico sem os filtros corretos, pois n\u00e3o s\u00e3o seguros. O uso de acess\u00f3rios inadequados para observa\u00e7\u00e3o de eclipses pode causar perda da vis\u00e3o tempor\u00e1ria ou em definitivo.<\/p>\n<p>A orienta\u00e7\u00e3o do Observat\u00f3rio Nacional \u00e9 que sejam usados filtros apropriados e mesmo assim n\u00e3o se pode olhar por muito tempo seguidos. Somente por cerca de 20 segundos para garantir a seguran\u00e7a.<\/p>\n<p>Portanto, n\u00e3o h\u00e1 momento em que seja seguro olhar diretamente para o Sol durante um eclipse sem usar um filtro solar especial, por exemplo, em \u00f3culos de eclipse.<\/p>\n<p><strong>Pr\u00f3ximos eventos<\/strong><br \/>\nOs pr\u00f3ximos eclipses solares parciais vis\u00edveis no Brasil acontecer\u00e3o em 6 de fevereiro de 2027, 26 de janeiro de 2028 e 20 de mar\u00e7o de 2034. Por\u00e9m, o eclipse solar total ser\u00e1 visto pelos brasileiros em 12 de agosto de 2045, com \u00e1pice previsto para ocorrer \u00e0s 16h19, com o disco solar coberto em sua totalidade por 2 minutos e 44 segundos. Depois desse, o pr\u00f3ximo eclipse total vis\u00edvel no Brasil ocorrer\u00e1 em 2125.<\/p>\n<p>Em abril deste ano, o planeta ainda testemunhar\u00e1 no dia 8 a Super Lua Nova; e uma chuva de meteoros que deve atingir o pico entre 21 e 22 de abril, dependendo da localiza\u00e7\u00e3o do observador.<\/p>\n","protected":false},"excerpt":{"rendered":"<p>O eclipse total do Sol em 2024, que acontece nesta segunda-feira (8), ser\u00e1 vis\u00edvel nos tr\u00eas pa\u00edses da Am\u00e9rica do Norte (Canad\u00e1, Estados Unidos e M\u00e9xico) e tamb\u00e9m poder\u00e1 ser observado de forma parcial em quase toda a Am\u00e9rica Central e em uma faixa da Europa Ocidental. No Brasil, por\u00e9m, o fen\u00f4meno astron\u00f4mico n\u00e3o poder\u00e1 [&hellip;]<\/p>\n","protected":false},"author":2,"featured_media":326205,"comment_status":"closed","ping_status":"closed","sticky":false,"template":"","format":"standard","meta":{"_acf_changed":false,"footnotes":""},"categories":[161],"tags":[],"class_list":["post-326204","post","type-post","status-publish","format-standard","has-post-thumbnail","hentry","category-quadradinho-em-foco"],"acf":[],"yoast_head":"<!-- This site is optimized with the Yoast SEO plugin v27.5 - https:\/\/yoast.com\/product\/yoast-seo-wordpress\/ -->\n<title>Eclipse total do Sol chega por aqui, mas s\u00f3 via Internet - Notibras<\/title>\n<meta name=\"robots\" content=\"index, follow, max-snippet:-1, max-image-preview:large, max-video-preview:-1\" \/>\n<link rel=\"canonical\" href=\"https:\/\/www.notibras.com\/site\/eclipse-total-do-sol-chega-por-aqui-mas-so-via-internet\/\" \/>\n<meta property=\"og:locale\" content=\"pt_BR\" \/>\n<meta property=\"og:type\" content=\"article\" \/>\n<meta property=\"og:title\" content=\"Eclipse total do Sol chega por aqui, mas s\u00f3 via Internet - Notibras\" \/>\n<meta property=\"og:description\" content=\"O eclipse total do Sol em 2024, que acontece nesta segunda-feira (8), ser\u00e1 vis\u00edvel nos tr\u00eas pa\u00edses da Am\u00e9rica do Norte (Canad\u00e1, Estados Unidos e M\u00e9xico) e tamb\u00e9m poder\u00e1 ser observado de forma parcial em quase toda a Am\u00e9rica Central e em uma faixa da Europa Ocidental. No Brasil, por\u00e9m, o fen\u00f4meno astron\u00f4mico n\u00e3o poder\u00e1 [&hellip;]\" \/>\n<meta property=\"og:url\" content=\"https:\/\/www.notibras.com\/site\/eclipse-total-do-sol-chega-por-aqui-mas-so-via-internet\/\" \/>\n<meta property=\"og:site_name\" content=\"Notibras\" \/>\n<meta property=\"article:publisher\" content=\"https:\/\/www.facebook.com\/notibras\/\" \/>\n<meta property=\"article:published_time\" content=\"2024-04-08T03:00:22+00:00\" \/>\n<meta property=\"article:modified_time\" content=\"2024-04-08T13:58:13+00:00\" \/>\n<meta property=\"og:image\" content=\"https:\/\/www.notibras.com\/site\/wp-content\/uploads\/2024\/04\/dia.viranoite.webp\" \/>\n\t<meta property=\"og:image:width\" content=\"1170\" \/>\n\t<meta property=\"og:image:height\" content=\"700\" \/>\n\t<meta property=\"og:image:type\" content=\"image\/webp\" \/>\n<meta name=\"author\" content=\"Reda\u00e7\u00e3o\" \/>\n<meta name=\"twitter:card\" content=\"summary_large_image\" \/>\n<meta name=\"twitter:creator\" content=\"@Notibras\" \/>\n<meta name=\"twitter:site\" content=\"@Notibras\" \/>\n<meta name=\"twitter:label1\" content=\"Escrito por\" \/>\n\t<meta name=\"twitter:data1\" content=\"Reda\u00e7\u00e3o\" \/>\n\t<meta name=\"twitter:label2\" content=\"Est. tempo de leitura\" \/>\n\t<meta name=\"twitter:data2\" content=\"4 minutos\" \/>\n<script type=\"application\/ld+json\" class=\"yoast-schema-graph\">{\"@context\":\"https:\\\/\\\/schema.org\",\"@graph\":[{\"@type\":\"Article\",\"@id\":\"https:\\\/\\\/www.notibras.com\\\/site\\\/eclipse-total-do-sol-chega-por-aqui-mas-so-via-internet\\\/#article\",\"isPartOf\":{\"@id\":\"https:\\\/\\\/www.notibras.com\\\/site\\\/eclipse-total-do-sol-chega-por-aqui-mas-so-via-internet\\\/\"},\"author\":{\"name\":\"Reda\u00e7\u00e3o\",\"@id\":\"https:\\\/\\\/www.notibras.com\\\/site\\\/#\\\/schema\\\/person\\\/36ab0979449956132d3e5b517ea76ac8\"},\"headline\":\"Eclipse total do Sol chega por aqui, mas s\u00f3 via Internet\",\"datePublished\":\"2024-04-08T03:00:22+00:00\",\"dateModified\":\"2024-04-08T13:58:13+00:00\",\"mainEntityOfPage\":{\"@id\":\"https:\\\/\\\/www.notibras.com\\\/site\\\/eclipse-total-do-sol-chega-por-aqui-mas-so-via-internet\\\/\"},\"wordCount\":614,\"publisher\":{\"@id\":\"https:\\\/\\\/www.notibras.com\\\/site\\\/#organization\"},\"image\":{\"@id\":\"https:\\\/\\\/www.notibras.com\\\/site\\\/eclipse-total-do-sol-chega-por-aqui-mas-so-via-internet\\\/#primaryimage\"},\"thumbnailUrl\":\"https:\\\/\\\/www.notibras.com\\\/site\\\/wp-content\\\/uploads\\\/2024\\\/04\\\/dia.viranoite.webp\",\"articleSection\":[\"Quadradinho em Foco\"],\"inLanguage\":\"pt-BR\"},{\"@type\":\"WebPage\",\"@id\":\"https:\\\/\\\/www.notibras.com\\\/site\\\/eclipse-total-do-sol-chega-por-aqui-mas-so-via-internet\\\/\",\"url\":\"https:\\\/\\\/www.notibras.com\\\/site\\\/eclipse-total-do-sol-chega-por-aqui-mas-so-via-internet\\\/\",\"name\":\"Eclipse total do Sol chega por aqui, mas s\u00f3 via Internet - Notibras\",\"isPartOf\":{\"@id\":\"https:\\\/\\\/www.notibras.com\\\/site\\\/#website\"},\"primaryImageOfPage\":{\"@id\":\"https:\\\/\\\/www.notibras.com\\\/site\\\/eclipse-total-do-sol-chega-por-aqui-mas-so-via-internet\\\/#primaryimage\"},\"image\":{\"@id\":\"https:\\\/\\\/www.notibras.com\\\/site\\\/eclipse-total-do-sol-chega-por-aqui-mas-so-via-internet\\\/#primaryimage\"},\"thumbnailUrl\":\"https:\\\/\\\/www.notibras.com\\\/site\\\/wp-content\\\/uploads\\\/2024\\\/04\\\/dia.viranoite.webp\",\"datePublished\":\"2024-04-08T03:00:22+00:00\",\"dateModified\":\"2024-04-08T13:58:13+00:00\",\"breadcrumb\":{\"@id\":\"https:\\\/\\\/www.notibras.com\\\/site\\\/eclipse-total-do-sol-chega-por-aqui-mas-so-via-internet\\\/#breadcrumb\"},\"inLanguage\":\"pt-BR\",\"potentialAction\":[{\"@type\":\"ReadAction\",\"target\":[\"https:\\\/\\\/www.notibras.com\\\/site\\\/eclipse-total-do-sol-chega-por-aqui-mas-so-via-internet\\\/\"]}]},{\"@type\":\"ImageObject\",\"inLanguage\":\"pt-BR\",\"@id\":\"https:\\\/\\\/www.notibras.com\\\/site\\\/eclipse-total-do-sol-chega-por-aqui-mas-so-via-internet\\\/#primaryimage\",\"url\":\"https:\\\/\\\/www.notibras.com\\\/site\\\/wp-content\\\/uploads\\\/2024\\\/04\\\/dia.viranoite.webp\",\"contentUrl\":\"https:\\\/\\\/www.notibras.com\\\/site\\\/wp-content\\\/uploads\\\/2024\\\/04\\\/dia.viranoite.webp\",\"width\":1170,\"height\":700},{\"@type\":\"BreadcrumbList\",\"@id\":\"https:\\\/\\\/www.notibras.com\\\/site\\\/eclipse-total-do-sol-chega-por-aqui-mas-so-via-internet\\\/#breadcrumb\",\"itemListElement\":[{\"@type\":\"ListItem\",\"position\":1,\"name\":\"In\u00edcio\",\"item\":\"https:\\\/\\\/www.notibras.com\\\/site\\\/\"},{\"@type\":\"ListItem\",\"position\":2,\"name\":\"Eclipse total do Sol chega por aqui, mas s\u00f3 via Internet\"}]},{\"@type\":\"WebSite\",\"@id\":\"https:\\\/\\\/www.notibras.com\\\/site\\\/#website\",\"url\":\"https:\\\/\\\/www.notibras.com\\\/site\\\/\",\"name\":\"Notibras\",\"description\":\"Not\u00edcias de Bras\u00edlia, do Brasil e do Mundo\",\"publisher\":{\"@id\":\"https:\\\/\\\/www.notibras.com\\\/site\\\/#organization\"},\"potentialAction\":[{\"@type\":\"SearchAction\",\"target\":{\"@type\":\"EntryPoint\",\"urlTemplate\":\"https:\\\/\\\/www.notibras.com\\\/site\\\/?s={search_term_string}\"},\"query-input\":{\"@type\":\"PropertyValueSpecification\",\"valueRequired\":true,\"valueName\":\"search_term_string\"}}],\"inLanguage\":\"pt-BR\"},{\"@type\":\"Organization\",\"@id\":\"https:\\\/\\\/www.notibras.com\\\/site\\\/#organization\",\"name\":\"Grupo Notibras de Comunica\u00e7\u00e3o\",\"url\":\"https:\\\/\\\/www.notibras.com\\\/site\\\/\",\"logo\":{\"@type\":\"ImageObject\",\"inLanguage\":\"pt-BR\",\"@id\":\"https:\\\/\\\/www.notibras.com\\\/site\\\/#\\\/schema\\\/logo\\\/image\\\/\",\"url\":\"https:\\\/\\\/www.notibras.com\\\/site\\\/wp-content\\\/uploads\\\/2023\\\/01\\\/notibras23.png\",\"contentUrl\":\"https:\\\/\\\/www.notibras.com\\\/site\\\/wp-content\\\/uploads\\\/2023\\\/01\\\/notibras23.png\",\"width\":350,\"height\":87,\"caption\":\"Grupo Notibras de Comunica\u00e7\u00e3o\"},\"image\":{\"@id\":\"https:\\\/\\\/www.notibras.com\\\/site\\\/#\\\/schema\\\/logo\\\/image\\\/\"},\"sameAs\":[\"https:\\\/\\\/www.facebook.com\\\/notibras\\\/\",\"https:\\\/\\\/x.com\\\/Notibras\",\"https:\\\/\\\/www.instagram.com\\\/notibras\\\/\"]},{\"@type\":\"Person\",\"@id\":\"https:\\\/\\\/www.notibras.com\\\/site\\\/#\\\/schema\\\/person\\\/36ab0979449956132d3e5b517ea76ac8\",\"name\":\"Reda\u00e7\u00e3o\",\"image\":{\"@type\":\"ImageObject\",\"inLanguage\":\"pt-BR\",\"@id\":\"https:\\\/\\\/secure.gravatar.com\\\/avatar\\\/e0a867bdedb85fd243eadf09663511f96fc81e0720a4a42581f334ad4303aa6b?s=96&d=mm&r=g\",\"url\":\"https:\\\/\\\/secure.gravatar.com\\\/avatar\\\/e0a867bdedb85fd243eadf09663511f96fc81e0720a4a42581f334ad4303aa6b?s=96&d=mm&r=g\",\"contentUrl\":\"https:\\\/\\\/secure.gravatar.com\\\/avatar\\\/e0a867bdedb85fd243eadf09663511f96fc81e0720a4a42581f334ad4303aa6b?s=96&d=mm&r=g\",\"caption\":\"Reda\u00e7\u00e3o\"}}]}<\/script>\n<!-- \/ Yoast SEO plugin. -->","yoast_head_json":{"title":"Eclipse total do Sol chega por aqui, mas s\u00f3 via Internet - Notibras","robots":{"index":"index","follow":"follow","max-snippet":"max-snippet:-1","max-image-preview":"max-image-preview:large","max-video-preview":"max-video-preview:-1"},"canonical":"https:\/\/www.notibras.com\/site\/eclipse-total-do-sol-chega-por-aqui-mas-so-via-internet\/","og_locale":"pt_BR","og_type":"article","og_title":"Eclipse total do Sol chega por aqui, mas s\u00f3 via Internet - Notibras","og_description":"O eclipse total do Sol em 2024, que acontece nesta segunda-feira (8), ser\u00e1 vis\u00edvel nos tr\u00eas pa\u00edses da Am\u00e9rica do Norte (Canad\u00e1, Estados Unidos e M\u00e9xico) e tamb\u00e9m poder\u00e1 ser observado de forma parcial em quase toda a Am\u00e9rica Central e em uma faixa da Europa Ocidental. No Brasil, por\u00e9m, o fen\u00f4meno astron\u00f4mico n\u00e3o poder\u00e1 [&hellip;]","og_url":"https:\/\/www.notibras.com\/site\/eclipse-total-do-sol-chega-por-aqui-mas-so-via-internet\/","og_site_name":"Notibras","article_publisher":"https:\/\/www.facebook.com\/notibras\/","article_published_time":"2024-04-08T03:00:22+00:00","article_modified_time":"2024-04-08T13:58:13+00:00","og_image":[{"width":1170,"height":700,"url":"https:\/\/www.notibras.com\/site\/wp-content\/uploads\/2024\/04\/dia.viranoite.webp","type":"image\/webp"}],"author":"Reda\u00e7\u00e3o","twitter_card":"summary_large_image","twitter_creator":"@Notibras","twitter_site":"@Notibras","twitter_misc":{"Escrito por":"Reda\u00e7\u00e3o","Est. tempo de leitura":"4 minutos"},"schema":{"@context":"https:\/\/schema.org","@graph":[{"@type":"Article","@id":"https:\/\/www.notibras.com\/site\/eclipse-total-do-sol-chega-por-aqui-mas-so-via-internet\/#article","isPartOf":{"@id":"https:\/\/www.notibras.com\/site\/eclipse-total-do-sol-chega-por-aqui-mas-so-via-internet\/"},"author":{"name":"Reda\u00e7\u00e3o","@id":"https:\/\/www.notibras.com\/site\/#\/schema\/person\/36ab0979449956132d3e5b517ea76ac8"},"headline":"Eclipse total do Sol chega por aqui, mas s\u00f3 via Internet","datePublished":"2024-04-08T03:00:22+00:00","dateModified":"2024-04-08T13:58:13+00:00","mainEntityOfPage":{"@id":"https:\/\/www.notibras.com\/site\/eclipse-total-do-sol-chega-por-aqui-mas-so-via-internet\/"},"wordCount":614,"publisher":{"@id":"https:\/\/www.notibras.com\/site\/#organization"},"image":{"@id":"https:\/\/www.notibras.com\/site\/eclipse-total-do-sol-chega-por-aqui-mas-so-via-internet\/#primaryimage"},"thumbnailUrl":"https:\/\/www.notibras.com\/site\/wp-content\/uploads\/2024\/04\/dia.viranoite.webp","articleSection":["Quadradinho em Foco"],"inLanguage":"pt-BR"},{"@type":"WebPage","@id":"https:\/\/www.notibras.com\/site\/eclipse-total-do-sol-chega-por-aqui-mas-so-via-internet\/","url":"https:\/\/www.notibras.com\/site\/eclipse-total-do-sol-chega-por-aqui-mas-so-via-internet\/","name":"Eclipse total do Sol chega por aqui, mas s\u00f3 via Internet - Notibras","isPartOf":{"@id":"https:\/\/www.notibras.com\/site\/#website"},"primaryImageOfPage":{"@id":"https:\/\/www.notibras.com\/site\/eclipse-total-do-sol-chega-por-aqui-mas-so-via-internet\/#primaryimage"},"image":{"@id":"https:\/\/www.notibras.com\/site\/eclipse-total-do-sol-chega-por-aqui-mas-so-via-internet\/#primaryimage"},"thumbnailUrl":"https:\/\/www.notibras.com\/site\/wp-content\/uploads\/2024\/04\/dia.viranoite.webp","datePublished":"2024-04-08T03:00:22+00:00","dateModified":"2024-04-08T13:58:13+00:00","breadcrumb":{"@id":"https:\/\/www.notibras.com\/site\/eclipse-total-do-sol-chega-por-aqui-mas-so-via-internet\/#breadcrumb"},"inLanguage":"pt-BR","potentialAction":[{"@type":"ReadAction","target":["https:\/\/www.notibras.com\/site\/eclipse-total-do-sol-chega-por-aqui-mas-so-via-internet\/"]}]},{"@type":"ImageObject","inLanguage":"pt-BR","@id":"https:\/\/www.notibras.com\/site\/eclipse-total-do-sol-chega-por-aqui-mas-so-via-internet\/#primaryimage","url":"https:\/\/www.notibras.com\/site\/wp-content\/uploads\/2024\/04\/dia.viranoite.webp","contentUrl":"https:\/\/www.notibras.com\/site\/wp-content\/uploads\/2024\/04\/dia.viranoite.webp","width":1170,"height":700},{"@type":"BreadcrumbList","@id":"https:\/\/www.notibras.com\/site\/eclipse-total-do-sol-chega-por-aqui-mas-so-via-internet\/#breadcrumb","itemListElement":[{"@type":"ListItem","position":1,"name":"In\u00edcio","item":"https:\/\/www.notibras.com\/site\/"},{"@type":"ListItem","position":2,"name":"Eclipse total do Sol chega por aqui, mas s\u00f3 via Internet"}]},{"@type":"WebSite","@id":"https:\/\/www.notibras.com\/site\/#website","url":"https:\/\/www.notibras.com\/site\/","name":"Notibras","description":"Not\u00edcias de Bras\u00edlia, do Brasil e do Mundo","publisher":{"@id":"https:\/\/www.notibras.com\/site\/#organization"},"potentialAction":[{"@type":"SearchAction","target":{"@type":"EntryPoint","urlTemplate":"https:\/\/www.notibras.com\/site\/?s={search_term_string}"},"query-input":{"@type":"PropertyValueSpecification","valueRequired":true,"valueName":"search_term_string"}}],"inLanguage":"pt-BR"},{"@type":"Organization","@id":"https:\/\/www.notibras.com\/site\/#organization","name":"Grupo Notibras de Comunica\u00e7\u00e3o","url":"https:\/\/www.notibras.com\/site\/","logo":{"@type":"ImageObject","inLanguage":"pt-BR","@id":"https:\/\/www.notibras.com\/site\/#\/schema\/logo\/image\/","url":"https:\/\/www.notibras.com\/site\/wp-content\/uploads\/2023\/01\/notibras23.png","contentUrl":"https:\/\/www.notibras.com\/site\/wp-content\/uploads\/2023\/01\/notibras23.png","width":350,"height":87,"caption":"Grupo Notibras de Comunica\u00e7\u00e3o"},"image":{"@id":"https:\/\/www.notibras.com\/site\/#\/schema\/logo\/image\/"},"sameAs":["https:\/\/www.facebook.com\/notibras\/","https:\/\/x.com\/Notibras","https:\/\/www.instagram.com\/notibras\/"]},{"@type":"Person","@id":"https:\/\/www.notibras.com\/site\/#\/schema\/person\/36ab0979449956132d3e5b517ea76ac8","name":"Reda\u00e7\u00e3o","image":{"@type":"ImageObject","inLanguage":"pt-BR","@id":"https:\/\/secure.gravatar.com\/avatar\/e0a867bdedb85fd243eadf09663511f96fc81e0720a4a42581f334ad4303aa6b?s=96&d=mm&r=g","url":"https:\/\/secure.gravatar.com\/avatar\/e0a867bdedb85fd243eadf09663511f96fc81e0720a4a42581f334ad4303aa6b?s=96&d=mm&r=g","contentUrl":"https:\/\/secure.gravatar.com\/avatar\/e0a867bdedb85fd243eadf09663511f96fc81e0720a4a42581f334ad4303aa6b?s=96&d=mm&r=g","caption":"Reda\u00e7\u00e3o"}}]}},"amp_enabled":true,"_links":{"self":[{"href":"https:\/\/www.notibras.com\/site\/wp-json\/wp\/v2\/posts\/326204","targetHints":{"allow":["GET"]}}],"collection":[{"href":"https:\/\/www.notibras.com\/site\/wp-json\/wp\/v2\/posts"}],"about":[{"href":"https:\/\/www.notibras.com\/site\/wp-json\/wp\/v2\/types\/post"}],"author":[{"embeddable":true,"href":"https:\/\/www.notibras.com\/site\/wp-json\/wp\/v2\/users\/2"}],"replies":[{"embeddable":true,"href":"https:\/\/www.notibras.com\/site\/wp-json\/wp\/v2\/comments?post=326204"}],"version-history":[{"count":1,"href":"https:\/\/www.notibras.com\/site\/wp-json\/wp\/v2\/posts\/326204\/revisions"}],"predecessor-version":[{"id":326206,"href":"https:\/\/www.notibras.com\/site\/wp-json\/wp\/v2\/posts\/326204\/revisions\/326206"}],"wp:featuredmedia":[{"embeddable":true,"href":"https:\/\/www.notibras.com\/site\/wp-json\/wp\/v2\/media\/326205"}],"wp:attachment":[{"href":"https:\/\/www.notibras.com\/site\/wp-json\/wp\/v2\/media?parent=326204"}],"wp:term":[{"taxonomy":"category","embeddable":true,"href":"https:\/\/www.notibras.com\/site\/wp-json\/wp\/v2\/categories?post=326204"},{"taxonomy":"post_tag","embeddable":true,"href":"https:\/\/www.notibras.com\/site\/wp-json\/wp\/v2\/tags?post=326204"}],"curies":[{"name":"wp","href":"https:\/\/api.w.org\/{rel}","templated":true}]}}