{"id":326213,"date":"2024-04-08T00:00:36","date_gmt":"2024-04-08T03:00:36","guid":{"rendered":"https:\/\/www.notibras.com\/site\/?p=326213"},"modified":"2024-04-08T11:29:31","modified_gmt":"2024-04-08T14:29:31","slug":"grupo-prioritario-deve-se-vacinar-contra-covid-19-e-influenza","status":"publish","type":"post","link":"https:\/\/www.notibras.com\/site\/grupo-prioritario-deve-se-vacinar-contra-covid-19-e-influenza\/","title":{"rendered":"Grupo priorit\u00e1rio deve se vacinar contra covid-19 e influenza"},"content":{"rendered":"<p>Gesto individual com repercuss\u00e3o coletiva, a vacina\u00e7\u00e3o \u00e9 uma das ferramentas sanit\u00e1rias mais eficazes para conter a propaga\u00e7\u00e3o da covid-19 e da influenza, protegendo n\u00e3o apenas o indiv\u00edduo vacinado, mas tamb\u00e9m toda a comunidade ao redor, mitigando os riscos de que as pessoas imunizadas desenvolvam quadros graves das doen\u00e7as.<\/p>\n<p>No Distrito Federal e em todo pa\u00eds, os imunizantes contra a influenza e covid-19, al\u00e9m de uma s\u00e9rie de outras vacinas de rotina, podem ser encontrados gratuitamente na rede p\u00fablica de sa\u00fade e s\u00e3o aplicadas em dose \u00fanica. No caso da gripe, a vacina adotada pelo Sistema \u00danico de Sa\u00fade (SUS) \u00e9 trivalente, ou seja, protege contra tr\u00eas cepas do v\u00edrus da influenza. Para o novo coronav\u00edrus, \u00e9 ofertada um imunizante bivalente que atua tanto para as novas variantes quanto para a cepa original.<\/p>\n<p>De 2021 para c\u00e1, j\u00e1 foram aplicadas mais de 7,3 milh\u00f5es de doses da vacina contra a covid-19, sendo 687.469 doses bivalentes. J\u00e1 no que diz respeito \u00e0 imuniza\u00e7\u00e3o contra a influenza, o DF aplicou, desde 19 de mar\u00e7o, 89.976 doses (27% das doses dispon\u00edveis em estoque) \u2013 uma m\u00e9dia de 5.623 aplica\u00e7\u00f5es por dia<\/p>\n<p>O governador Ibaneis Rocha destaca que, mesmo com os n\u00fameros expressivos, a cobertura vacinal do DF ainda est\u00e1 abaixo do ideal. \u201cN\u00f3s temos que lembrar que estamos em um momento de crise por conta do aumento dos casos de dengue e da covid tamb\u00e9m, que est\u00e1 voltando\u201d, diz. \u201cMuita gente est\u00e1 deixando de se vacinar dentro dos prazos estabelecidos pelas normas do Minist\u00e9rio da Sa\u00fade\u201d, prossegue o chefe do Executivo.<\/p>\n<p><strong>Quem pode se vacinar<\/strong><br \/>\nOs prazos citados pelo governador dizem respeito ao calend\u00e1rio vacinal estabelecido pelo Minist\u00e9rio da Sa\u00fade por meio do Programa Nacional de Imuniza\u00e7\u00e3o (PNI), que, para este ano, restringiu a aplica\u00e7\u00e3o das doses bivalentes de refor\u00e7o contra o novo coronav\u00edrus aos integrantes do chamado grupo de risco da doen\u00e7a. Isto \u00e9, pessoas com maior probabilidade de sofrer complica\u00e7\u00f5es graves e at\u00e9 mesmo irem a \u00f3bito, uma vez infectadas.<\/p>\n<p>De acordo com especialistas, a prioriza\u00e7\u00e3o deste p\u00fablico-alvo \u00e9 uma a\u00e7\u00e3o estrat\u00e9gica para proteger aqueles com maior vulnerabilidade e, consequentemente, reduzir a carga sobre o sistema de sa\u00fade. A escolha tamb\u00e9m contempla a sazonalidade dos v\u00edrus respirat\u00f3rios. \u201cNessa \u00e9poca do ano, em que entramos no outono, esses v\u00edrus come\u00e7am a circular com maior intensidade\u201d, explica Tereza Pereira, gerente da Rede de Frio da Secretaria de Sa\u00fade.<\/p>\n<p>\u201cSendo assim, a vacina\u00e7\u00e3o \u00e9 ofertada exatamente para os grupos priorit\u00e1rios. E esse grupo \u00e9 escolhido exatamente por ser composto por aquelas pessoas que mais adoecem, mais se hospitalizam e, infelizmente, mais v\u00e3o a \u00f3bito. Ent\u00e3o \u00e9 muito importante estar com a vacina\u00e7\u00e3o em dia e protegido para que essas situa\u00e7\u00f5es n\u00e3o aconte\u00e7am\u201d, detalha a servidora da pasta.<\/p>\n<p>Fazem parte do grupo priorit\u00e1rio: idosos com idade superior a 60 anos; trabalhadores da sa\u00fade; gestantes; pu\u00e9rperas; ind\u00edgenas; pessoas em situa\u00e7\u00e3o de rua; professores do ensino b\u00e1sico e superior; pacientes de doen\u00e7as cr\u00f4nicas n\u00e3o transmiss\u00edveis e outras condi\u00e7\u00f5es cl\u00ednicas especiais; pessoas com defici\u00eancia permanente; caminhoneiros; trabalhadores do sistema portu\u00e1rio e rodovi\u00e1rio urbano; integrantes das For\u00e7as Armadas; e popula\u00e7\u00e3o privada de liberdade, incluindo adolescentes e jovens de 12 a 21 anos de idade sob medidas socioeducativas.<\/p>\n<p>Especificamente no caso da covid-19, tamb\u00e9m \u00e9 urgente a imuniza\u00e7\u00e3o de quem nunca se vacinou contra a doen\u00e7a ou que est\u00e1 com alguma das doses atrasadas. O mesmo vale para crian\u00e7as com idades entre seis meses e seis anos, cuja infec\u00e7\u00e3o pelo novo coronav\u00edrus pode trazer riscos s\u00e9rios e sequelas graves.<\/p>\n<p>Foi a fim de evitar quadros graves da influenza que Giovanni Rocha, 26 anos, recorreu \u00e0 Unidade B\u00e1sica de Sa\u00fade (UBS) 2 da Asa Norte, nesta quinta-feira (4), para se imunizar contra a enfermidade. \u201cTomei a vacina da gripe e, como a gente sabe, h\u00e1 um aumento de casos da doen\u00e7a nesse per\u00edodo agora. Tamb\u00e9m sabemos que a influenza pode ser muito pior que um resfriado comum, podendo levar a casos graves de interna\u00e7\u00e3o ou at\u00e9 mesmo morte entre pacientes com comorbidades e de grupos de risco\u201d, avalia o nutricionista.<\/p>\n<p>Outra brasiliense que tamb\u00e9m aproveitou a oferta de vacinas na rede p\u00fablica para colocar a caderneta em dia foi a professora Juliana Ara\u00fajo de Paula, 36. Por estar gestante, a servidora da Secretaria de Educa\u00e7\u00e3o tamb\u00e9m est\u00e1 no grupo priorit\u00e1rio. \u201cVim tomar a vacina da influenza e aproveitei para tomar a dTpa, que tamb\u00e9m \u00e9 do esquema vacinal de gestantes\u201d, narra.<\/p>\n<p>A professora Juliana Ara\u00fajo est\u00e1 gr\u00e1vida e, al\u00e9m do imunizante contra a influenza, tomou a dTpa, vacina que faz parte do esquema vacinal de gestantes<\/p>\n<p>Para ela, vacinar-se \u00e9 um ato de cidadania. \u201c\u00c9 fundamental que as pessoas se cuidem e usufruam dessa pol\u00edtica p\u00fablica t\u00e3o importante. E o mesmo vale para o refor\u00e7o, que tamb\u00e9m faz parte do esquema vacinal previsto; assim o corpo fica devidamente protegido das doen\u00e7as\u201d, completa.<\/p>\n<p>O brasiliense que estiver atrasado em rela\u00e7\u00e3o \u00e0s doses da covid-19 e que deseja, assim como Giovanni e Juliana, se imunizar contra o v\u00edrus da gripe deve procurar a UBS mais pr\u00f3xima de sua resid\u00eancia (confira aqui os endere\u00e7os) com a caderneta de vacina\u00e7\u00e3o e um documento de identifica\u00e7\u00e3o em m\u00e3os.<\/p>\n<p>Pessoas portadoras de doen\u00e7as cr\u00f4nicas devem apresentar atestados comprovando a condi\u00e7\u00e3o cl\u00ednica. Caso fa\u00e7a parte do grupo de profiss\u00f5es previsto, \u00e9 preciso comprovar a ocupa\u00e7\u00e3o profissional com crach\u00e1 ou contracheque, entre outros documentos que possam identificar o trabalhador.<\/p>\n<p><strong>Vacinas seguras<\/strong><br \/>\nTodas as vacinas ofertadas pelo PNI s\u00e3o eficazes e seguras. Cada dose \u00e9 resultado de um rigoroso processo de desenvolvimento e aprova\u00e7\u00e3o, conduzidos por \u00f3rg\u00e3os regulat\u00f3rios como a Ag\u00eancia de Vigil\u00e2ncia Sanit\u00e1ria (Anvisa) e pelo Instituto Nacional de Controle de Qualidade em Sa\u00fade (INCQS), da Funda\u00e7\u00e3o Oswaldo Cruz (Fiocruz), a quem compete a an\u00e1lise de qualidade dos imunobiol\u00f3gicos adquiridos e distribu\u00eddos pelo SUS.<\/p>\n<p>Al\u00e9m disso, at\u00e9 chegar ao bra\u00e7o dos brasilienses, todo imunizante passa por um complexo processo de distribui\u00e7\u00e3o, coordenado pelo Minist\u00e9rio da Sa\u00fade.<\/p>\n<p>Uma prova da efic\u00e1cia das vacinas est\u00e1 justamente no controle da pandemia da covid-19, que s\u00f3 foi poss\u00edvel gra\u00e7as \u00e0 administra\u00e7\u00e3o das doses. Iniciada em 2021, a Campanha Nacional de Imuniza\u00e7\u00e3o viabilizou o controle dos \u00edndices de transmissibilidade, a queda de interna\u00e7\u00f5es e de \u00f3bitos decorrentes de complica\u00e7\u00f5es causadas pela doen\u00e7a.<\/p>\n","protected":false},"excerpt":{"rendered":"<p>Gesto individual com repercuss\u00e3o coletiva, a vacina\u00e7\u00e3o \u00e9 uma das ferramentas sanit\u00e1rias mais eficazes para conter a propaga\u00e7\u00e3o da covid-19 e da influenza, protegendo n\u00e3o apenas o indiv\u00edduo vacinado, mas tamb\u00e9m toda a comunidade ao redor, mitigando os riscos de que as pessoas imunizadas desenvolvam quadros graves das doen\u00e7as. No Distrito Federal e em todo [&hellip;]<\/p>\n","protected":false},"author":2,"featured_media":326214,"comment_status":"closed","ping_status":"closed","sticky":false,"template":"","format":"standard","meta":{"_acf_changed":false,"footnotes":""},"categories":[161],"tags":[],"class_list":["post-326213","post","type-post","status-publish","format-standard","has-post-thumbnail","hentry","category-quadradinho-em-foco"],"acf":[],"yoast_head":"<!-- This site is optimized with the Yoast SEO plugin v27.5 - https:\/\/yoast.com\/product\/yoast-seo-wordpress\/ -->\n<title>Grupo priorit\u00e1rio deve se vacinar contra covid-19 e influenza - Notibras<\/title>\n<meta name=\"robots\" content=\"index, follow, max-snippet:-1, max-image-preview:large, max-video-preview:-1\" \/>\n<link rel=\"canonical\" href=\"https:\/\/www.notibras.com\/site\/grupo-prioritario-deve-se-vacinar-contra-covid-19-e-influenza\/\" \/>\n<meta property=\"og:locale\" content=\"pt_BR\" \/>\n<meta property=\"og:type\" content=\"article\" \/>\n<meta property=\"og:title\" content=\"Grupo priorit\u00e1rio deve se vacinar contra covid-19 e influenza - Notibras\" \/>\n<meta property=\"og:description\" content=\"Gesto individual com repercuss\u00e3o coletiva, a vacina\u00e7\u00e3o \u00e9 uma das ferramentas sanit\u00e1rias mais eficazes para conter a propaga\u00e7\u00e3o da covid-19 e da influenza, protegendo n\u00e3o apenas o indiv\u00edduo vacinado, mas tamb\u00e9m toda a comunidade ao redor, mitigando os riscos de que as pessoas imunizadas desenvolvam quadros graves das doen\u00e7as. No Distrito Federal e em todo [&hellip;]\" \/>\n<meta property=\"og:url\" content=\"https:\/\/www.notibras.com\/site\/grupo-prioritario-deve-se-vacinar-contra-covid-19-e-influenza\/\" \/>\n<meta property=\"og:site_name\" content=\"Notibras\" \/>\n<meta property=\"article:publisher\" content=\"https:\/\/www.facebook.com\/notibras\/\" \/>\n<meta property=\"article:published_time\" content=\"2024-04-08T03:00:36+00:00\" \/>\n<meta property=\"article:modified_time\" content=\"2024-04-08T14:29:31+00:00\" \/>\n<meta property=\"og:image\" content=\"https:\/\/www.notibras.com\/site\/wp-content\/uploads\/2024\/04\/Dentro-1_1-2-1536x1041-1.jpg\" \/>\n\t<meta property=\"og:image:width\" content=\"1536\" \/>\n\t<meta property=\"og:image:height\" content=\"1041\" \/>\n\t<meta property=\"og:image:type\" content=\"image\/jpeg\" \/>\n<meta name=\"author\" content=\"Reda\u00e7\u00e3o\" \/>\n<meta name=\"twitter:card\" content=\"summary_large_image\" \/>\n<meta name=\"twitter:creator\" content=\"@Notibras\" \/>\n<meta name=\"twitter:site\" content=\"@Notibras\" \/>\n<meta name=\"twitter:label1\" content=\"Escrito por\" \/>\n\t<meta name=\"twitter:data1\" content=\"Reda\u00e7\u00e3o\" \/>\n\t<meta name=\"twitter:label2\" content=\"Est. tempo de leitura\" \/>\n\t<meta name=\"twitter:data2\" content=\"6 minutos\" \/>\n<script type=\"application\/ld+json\" class=\"yoast-schema-graph\">{\"@context\":\"https:\\\/\\\/schema.org\",\"@graph\":[{\"@type\":\"Article\",\"@id\":\"https:\\\/\\\/www.notibras.com\\\/site\\\/grupo-prioritario-deve-se-vacinar-contra-covid-19-e-influenza\\\/#article\",\"isPartOf\":{\"@id\":\"https:\\\/\\\/www.notibras.com\\\/site\\\/grupo-prioritario-deve-se-vacinar-contra-covid-19-e-influenza\\\/\"},\"author\":{\"name\":\"Reda\u00e7\u00e3o\",\"@id\":\"https:\\\/\\\/www.notibras.com\\\/site\\\/#\\\/schema\\\/person\\\/36ab0979449956132d3e5b517ea76ac8\"},\"headline\":\"Grupo priorit\u00e1rio deve se vacinar contra covid-19 e influenza\",\"datePublished\":\"2024-04-08T03:00:36+00:00\",\"dateModified\":\"2024-04-08T14:29:31+00:00\",\"mainEntityOfPage\":{\"@id\":\"https:\\\/\\\/www.notibras.com\\\/site\\\/grupo-prioritario-deve-se-vacinar-contra-covid-19-e-influenza\\\/\"},\"wordCount\":1148,\"publisher\":{\"@id\":\"https:\\\/\\\/www.notibras.com\\\/site\\\/#organization\"},\"image\":{\"@id\":\"https:\\\/\\\/www.notibras.com\\\/site\\\/grupo-prioritario-deve-se-vacinar-contra-covid-19-e-influenza\\\/#primaryimage\"},\"thumbnailUrl\":\"https:\\\/\\\/www.notibras.com\\\/site\\\/wp-content\\\/uploads\\\/2024\\\/04\\\/Dentro-1_1-2-1536x1041-1.jpg\",\"articleSection\":[\"Quadradinho em Foco\"],\"inLanguage\":\"pt-BR\"},{\"@type\":\"WebPage\",\"@id\":\"https:\\\/\\\/www.notibras.com\\\/site\\\/grupo-prioritario-deve-se-vacinar-contra-covid-19-e-influenza\\\/\",\"url\":\"https:\\\/\\\/www.notibras.com\\\/site\\\/grupo-prioritario-deve-se-vacinar-contra-covid-19-e-influenza\\\/\",\"name\":\"Grupo priorit\u00e1rio deve se vacinar contra covid-19 e influenza - Notibras\",\"isPartOf\":{\"@id\":\"https:\\\/\\\/www.notibras.com\\\/site\\\/#website\"},\"primaryImageOfPage\":{\"@id\":\"https:\\\/\\\/www.notibras.com\\\/site\\\/grupo-prioritario-deve-se-vacinar-contra-covid-19-e-influenza\\\/#primaryimage\"},\"image\":{\"@id\":\"https:\\\/\\\/www.notibras.com\\\/site\\\/grupo-prioritario-deve-se-vacinar-contra-covid-19-e-influenza\\\/#primaryimage\"},\"thumbnailUrl\":\"https:\\\/\\\/www.notibras.com\\\/site\\\/wp-content\\\/uploads\\\/2024\\\/04\\\/Dentro-1_1-2-1536x1041-1.jpg\",\"datePublished\":\"2024-04-08T03:00:36+00:00\",\"dateModified\":\"2024-04-08T14:29:31+00:00\",\"breadcrumb\":{\"@id\":\"https:\\\/\\\/www.notibras.com\\\/site\\\/grupo-prioritario-deve-se-vacinar-contra-covid-19-e-influenza\\\/#breadcrumb\"},\"inLanguage\":\"pt-BR\",\"potentialAction\":[{\"@type\":\"ReadAction\",\"target\":[\"https:\\\/\\\/www.notibras.com\\\/site\\\/grupo-prioritario-deve-se-vacinar-contra-covid-19-e-influenza\\\/\"]}]},{\"@type\":\"ImageObject\",\"inLanguage\":\"pt-BR\",\"@id\":\"https:\\\/\\\/www.notibras.com\\\/site\\\/grupo-prioritario-deve-se-vacinar-contra-covid-19-e-influenza\\\/#primaryimage\",\"url\":\"https:\\\/\\\/www.notibras.com\\\/site\\\/wp-content\\\/uploads\\\/2024\\\/04\\\/Dentro-1_1-2-1536x1041-1.jpg\",\"contentUrl\":\"https:\\\/\\\/www.notibras.com\\\/site\\\/wp-content\\\/uploads\\\/2024\\\/04\\\/Dentro-1_1-2-1536x1041-1.jpg\",\"width\":1536,\"height\":1041},{\"@type\":\"BreadcrumbList\",\"@id\":\"https:\\\/\\\/www.notibras.com\\\/site\\\/grupo-prioritario-deve-se-vacinar-contra-covid-19-e-influenza\\\/#breadcrumb\",\"itemListElement\":[{\"@type\":\"ListItem\",\"position\":1,\"name\":\"In\u00edcio\",\"item\":\"https:\\\/\\\/www.notibras.com\\\/site\\\/\"},{\"@type\":\"ListItem\",\"position\":2,\"name\":\"Grupo priorit\u00e1rio deve se vacinar contra covid-19 e influenza\"}]},{\"@type\":\"WebSite\",\"@id\":\"https:\\\/\\\/www.notibras.com\\\/site\\\/#website\",\"url\":\"https:\\\/\\\/www.notibras.com\\\/site\\\/\",\"name\":\"Notibras\",\"description\":\"Not\u00edcias de Bras\u00edlia, do Brasil e do Mundo\",\"publisher\":{\"@id\":\"https:\\\/\\\/www.notibras.com\\\/site\\\/#organization\"},\"potentialAction\":[{\"@type\":\"SearchAction\",\"target\":{\"@type\":\"EntryPoint\",\"urlTemplate\":\"https:\\\/\\\/www.notibras.com\\\/site\\\/?s={search_term_string}\"},\"query-input\":{\"@type\":\"PropertyValueSpecification\",\"valueRequired\":true,\"valueName\":\"search_term_string\"}}],\"inLanguage\":\"pt-BR\"},{\"@type\":\"Organization\",\"@id\":\"https:\\\/\\\/www.notibras.com\\\/site\\\/#organization\",\"name\":\"Grupo Notibras de Comunica\u00e7\u00e3o\",\"url\":\"https:\\\/\\\/www.notibras.com\\\/site\\\/\",\"logo\":{\"@type\":\"ImageObject\",\"inLanguage\":\"pt-BR\",\"@id\":\"https:\\\/\\\/www.notibras.com\\\/site\\\/#\\\/schema\\\/logo\\\/image\\\/\",\"url\":\"https:\\\/\\\/www.notibras.com\\\/site\\\/wp-content\\\/uploads\\\/2023\\\/01\\\/notibras23.png\",\"contentUrl\":\"https:\\\/\\\/www.notibras.com\\\/site\\\/wp-content\\\/uploads\\\/2023\\\/01\\\/notibras23.png\",\"width\":350,\"height\":87,\"caption\":\"Grupo Notibras de Comunica\u00e7\u00e3o\"},\"image\":{\"@id\":\"https:\\\/\\\/www.notibras.com\\\/site\\\/#\\\/schema\\\/logo\\\/image\\\/\"},\"sameAs\":[\"https:\\\/\\\/www.facebook.com\\\/notibras\\\/\",\"https:\\\/\\\/x.com\\\/Notibras\",\"https:\\\/\\\/www.instagram.com\\\/notibras\\\/\"]},{\"@type\":\"Person\",\"@id\":\"https:\\\/\\\/www.notibras.com\\\/site\\\/#\\\/schema\\\/person\\\/36ab0979449956132d3e5b517ea76ac8\",\"name\":\"Reda\u00e7\u00e3o\",\"image\":{\"@type\":\"ImageObject\",\"inLanguage\":\"pt-BR\",\"@id\":\"https:\\\/\\\/secure.gravatar.com\\\/avatar\\\/e0a867bdedb85fd243eadf09663511f96fc81e0720a4a42581f334ad4303aa6b?s=96&d=mm&r=g\",\"url\":\"https:\\\/\\\/secure.gravatar.com\\\/avatar\\\/e0a867bdedb85fd243eadf09663511f96fc81e0720a4a42581f334ad4303aa6b?s=96&d=mm&r=g\",\"contentUrl\":\"https:\\\/\\\/secure.gravatar.com\\\/avatar\\\/e0a867bdedb85fd243eadf09663511f96fc81e0720a4a42581f334ad4303aa6b?s=96&d=mm&r=g\",\"caption\":\"Reda\u00e7\u00e3o\"}}]}<\/script>\n<!-- \/ Yoast SEO plugin. -->","yoast_head_json":{"title":"Grupo priorit\u00e1rio deve se vacinar contra covid-19 e influenza - Notibras","robots":{"index":"index","follow":"follow","max-snippet":"max-snippet:-1","max-image-preview":"max-image-preview:large","max-video-preview":"max-video-preview:-1"},"canonical":"https:\/\/www.notibras.com\/site\/grupo-prioritario-deve-se-vacinar-contra-covid-19-e-influenza\/","og_locale":"pt_BR","og_type":"article","og_title":"Grupo priorit\u00e1rio deve se vacinar contra covid-19 e influenza - Notibras","og_description":"Gesto individual com repercuss\u00e3o coletiva, a vacina\u00e7\u00e3o \u00e9 uma das ferramentas sanit\u00e1rias mais eficazes para conter a propaga\u00e7\u00e3o da covid-19 e da influenza, protegendo n\u00e3o apenas o indiv\u00edduo vacinado, mas tamb\u00e9m toda a comunidade ao redor, mitigando os riscos de que as pessoas imunizadas desenvolvam quadros graves das doen\u00e7as. No Distrito Federal e em todo [&hellip;]","og_url":"https:\/\/www.notibras.com\/site\/grupo-prioritario-deve-se-vacinar-contra-covid-19-e-influenza\/","og_site_name":"Notibras","article_publisher":"https:\/\/www.facebook.com\/notibras\/","article_published_time":"2024-04-08T03:00:36+00:00","article_modified_time":"2024-04-08T14:29:31+00:00","og_image":[{"width":1536,"height":1041,"url":"https:\/\/www.notibras.com\/site\/wp-content\/uploads\/2024\/04\/Dentro-1_1-2-1536x1041-1.jpg","type":"image\/jpeg"}],"author":"Reda\u00e7\u00e3o","twitter_card":"summary_large_image","twitter_creator":"@Notibras","twitter_site":"@Notibras","twitter_misc":{"Escrito por":"Reda\u00e7\u00e3o","Est. tempo de leitura":"6 minutos"},"schema":{"@context":"https:\/\/schema.org","@graph":[{"@type":"Article","@id":"https:\/\/www.notibras.com\/site\/grupo-prioritario-deve-se-vacinar-contra-covid-19-e-influenza\/#article","isPartOf":{"@id":"https:\/\/www.notibras.com\/site\/grupo-prioritario-deve-se-vacinar-contra-covid-19-e-influenza\/"},"author":{"name":"Reda\u00e7\u00e3o","@id":"https:\/\/www.notibras.com\/site\/#\/schema\/person\/36ab0979449956132d3e5b517ea76ac8"},"headline":"Grupo priorit\u00e1rio deve se vacinar contra covid-19 e influenza","datePublished":"2024-04-08T03:00:36+00:00","dateModified":"2024-04-08T14:29:31+00:00","mainEntityOfPage":{"@id":"https:\/\/www.notibras.com\/site\/grupo-prioritario-deve-se-vacinar-contra-covid-19-e-influenza\/"},"wordCount":1148,"publisher":{"@id":"https:\/\/www.notibras.com\/site\/#organization"},"image":{"@id":"https:\/\/www.notibras.com\/site\/grupo-prioritario-deve-se-vacinar-contra-covid-19-e-influenza\/#primaryimage"},"thumbnailUrl":"https:\/\/www.notibras.com\/site\/wp-content\/uploads\/2024\/04\/Dentro-1_1-2-1536x1041-1.jpg","articleSection":["Quadradinho em Foco"],"inLanguage":"pt-BR"},{"@type":"WebPage","@id":"https:\/\/www.notibras.com\/site\/grupo-prioritario-deve-se-vacinar-contra-covid-19-e-influenza\/","url":"https:\/\/www.notibras.com\/site\/grupo-prioritario-deve-se-vacinar-contra-covid-19-e-influenza\/","name":"Grupo priorit\u00e1rio deve se vacinar contra covid-19 e influenza - Notibras","isPartOf":{"@id":"https:\/\/www.notibras.com\/site\/#website"},"primaryImageOfPage":{"@id":"https:\/\/www.notibras.com\/site\/grupo-prioritario-deve-se-vacinar-contra-covid-19-e-influenza\/#primaryimage"},"image":{"@id":"https:\/\/www.notibras.com\/site\/grupo-prioritario-deve-se-vacinar-contra-covid-19-e-influenza\/#primaryimage"},"thumbnailUrl":"https:\/\/www.notibras.com\/site\/wp-content\/uploads\/2024\/04\/Dentro-1_1-2-1536x1041-1.jpg","datePublished":"2024-04-08T03:00:36+00:00","dateModified":"2024-04-08T14:29:31+00:00","breadcrumb":{"@id":"https:\/\/www.notibras.com\/site\/grupo-prioritario-deve-se-vacinar-contra-covid-19-e-influenza\/#breadcrumb"},"inLanguage":"pt-BR","potentialAction":[{"@type":"ReadAction","target":["https:\/\/www.notibras.com\/site\/grupo-prioritario-deve-se-vacinar-contra-covid-19-e-influenza\/"]}]},{"@type":"ImageObject","inLanguage":"pt-BR","@id":"https:\/\/www.notibras.com\/site\/grupo-prioritario-deve-se-vacinar-contra-covid-19-e-influenza\/#primaryimage","url":"https:\/\/www.notibras.com\/site\/wp-content\/uploads\/2024\/04\/Dentro-1_1-2-1536x1041-1.jpg","contentUrl":"https:\/\/www.notibras.com\/site\/wp-content\/uploads\/2024\/04\/Dentro-1_1-2-1536x1041-1.jpg","width":1536,"height":1041},{"@type":"BreadcrumbList","@id":"https:\/\/www.notibras.com\/site\/grupo-prioritario-deve-se-vacinar-contra-covid-19-e-influenza\/#breadcrumb","itemListElement":[{"@type":"ListItem","position":1,"name":"In\u00edcio","item":"https:\/\/www.notibras.com\/site\/"},{"@type":"ListItem","position":2,"name":"Grupo priorit\u00e1rio deve se vacinar contra covid-19 e influenza"}]},{"@type":"WebSite","@id":"https:\/\/www.notibras.com\/site\/#website","url":"https:\/\/www.notibras.com\/site\/","name":"Notibras","description":"Not\u00edcias de Bras\u00edlia, do Brasil e do Mundo","publisher":{"@id":"https:\/\/www.notibras.com\/site\/#organization"},"potentialAction":[{"@type":"SearchAction","target":{"@type":"EntryPoint","urlTemplate":"https:\/\/www.notibras.com\/site\/?s={search_term_string}"},"query-input":{"@type":"PropertyValueSpecification","valueRequired":true,"valueName":"search_term_string"}}],"inLanguage":"pt-BR"},{"@type":"Organization","@id":"https:\/\/www.notibras.com\/site\/#organization","name":"Grupo Notibras de Comunica\u00e7\u00e3o","url":"https:\/\/www.notibras.com\/site\/","logo":{"@type":"ImageObject","inLanguage":"pt-BR","@id":"https:\/\/www.notibras.com\/site\/#\/schema\/logo\/image\/","url":"https:\/\/www.notibras.com\/site\/wp-content\/uploads\/2023\/01\/notibras23.png","contentUrl":"https:\/\/www.notibras.com\/site\/wp-content\/uploads\/2023\/01\/notibras23.png","width":350,"height":87,"caption":"Grupo Notibras de Comunica\u00e7\u00e3o"},"image":{"@id":"https:\/\/www.notibras.com\/site\/#\/schema\/logo\/image\/"},"sameAs":["https:\/\/www.facebook.com\/notibras\/","https:\/\/x.com\/Notibras","https:\/\/www.instagram.com\/notibras\/"]},{"@type":"Person","@id":"https:\/\/www.notibras.com\/site\/#\/schema\/person\/36ab0979449956132d3e5b517ea76ac8","name":"Reda\u00e7\u00e3o","image":{"@type":"ImageObject","inLanguage":"pt-BR","@id":"https:\/\/secure.gravatar.com\/avatar\/e0a867bdedb85fd243eadf09663511f96fc81e0720a4a42581f334ad4303aa6b?s=96&d=mm&r=g","url":"https:\/\/secure.gravatar.com\/avatar\/e0a867bdedb85fd243eadf09663511f96fc81e0720a4a42581f334ad4303aa6b?s=96&d=mm&r=g","contentUrl":"https:\/\/secure.gravatar.com\/avatar\/e0a867bdedb85fd243eadf09663511f96fc81e0720a4a42581f334ad4303aa6b?s=96&d=mm&r=g","caption":"Reda\u00e7\u00e3o"}}]}},"amp_enabled":true,"_links":{"self":[{"href":"https:\/\/www.notibras.com\/site\/wp-json\/wp\/v2\/posts\/326213","targetHints":{"allow":["GET"]}}],"collection":[{"href":"https:\/\/www.notibras.com\/site\/wp-json\/wp\/v2\/posts"}],"about":[{"href":"https:\/\/www.notibras.com\/site\/wp-json\/wp\/v2\/types\/post"}],"author":[{"embeddable":true,"href":"https:\/\/www.notibras.com\/site\/wp-json\/wp\/v2\/users\/2"}],"replies":[{"embeddable":true,"href":"https:\/\/www.notibras.com\/site\/wp-json\/wp\/v2\/comments?post=326213"}],"version-history":[{"count":1,"href":"https:\/\/www.notibras.com\/site\/wp-json\/wp\/v2\/posts\/326213\/revisions"}],"predecessor-version":[{"id":326215,"href":"https:\/\/www.notibras.com\/site\/wp-json\/wp\/v2\/posts\/326213\/revisions\/326215"}],"wp:featuredmedia":[{"embeddable":true,"href":"https:\/\/www.notibras.com\/site\/wp-json\/wp\/v2\/media\/326214"}],"wp:attachment":[{"href":"https:\/\/www.notibras.com\/site\/wp-json\/wp\/v2\/media?parent=326213"}],"wp:term":[{"taxonomy":"category","embeddable":true,"href":"https:\/\/www.notibras.com\/site\/wp-json\/wp\/v2\/categories?post=326213"},{"taxonomy":"post_tag","embeddable":true,"href":"https:\/\/www.notibras.com\/site\/wp-json\/wp\/v2\/tags?post=326213"}],"curies":[{"name":"wp","href":"https:\/\/api.w.org\/{rel}","templated":true}]}}