{"id":326216,"date":"2024-04-08T00:00:37","date_gmt":"2024-04-08T03:00:37","guid":{"rendered":"https:\/\/www.notibras.com\/site\/?p=326216"},"modified":"2024-04-08T11:38:06","modified_gmt":"2024-04-08T14:38:06","slug":"brasilia-tem-menor-indice-de-homicidios-em-25-anos","status":"publish","type":"post","link":"https:\/\/www.notibras.com\/site\/brasilia-tem-menor-indice-de-homicidios-em-25-anos\/","title":{"rendered":"Bras\u00edlia tem menor \u00edndice de homic\u00eddios em 25 anos"},"content":{"rendered":"<p>A consolida\u00e7\u00e3o das pol\u00edticas adotadas pela Secretaria de Seguran\u00e7a P\u00fablica (SSP-DF), por meio do Programa DF Mais Seguro \u2013 Seguran\u00e7a Integral, tem resultado na redu\u00e7\u00e3o da criminalidade em todo o Distrito Federal, em especial dos crimes contra a vida. O primeiro trimestre deste ano, comparado com o mesmo per\u00edodo do ano passado, registrou redu\u00e7\u00e3o de 21,1% dos homic\u00eddios consumados \u2013 o menor dos \u00faltimos 25 anos. Al\u00e9m disso, n\u00e3o houve registro de feminic\u00eddios em mar\u00e7o. Os crimes contra o patrim\u00f4nio tamb\u00e9m apresentaram queda no per\u00edodo (-21%), com destaque para os roubos a pedestres (- 36,4%) e a com\u00e9rcio (-34,5%).<\/p>\n<p>O DF Mais Seguro engloba a\u00e7\u00f5es coordenadas com diferentes setores do governo e da sociedade, al\u00e9m do investimento em intelig\u00eancia e capacita\u00e7\u00e3o e uso de tecnologia.<\/p>\n<p>\u201cEsses s\u00e3o pilares essenciais para redu\u00e7\u00e3o da criminalidade no Distrito Federal. Acompanhamos constantemente as ocorr\u00eancias para fazer a readequa\u00e7\u00e3o de nossas a\u00e7\u00f5es, sempre que necess\u00e1rio. Al\u00e9m da microrregionaliza\u00e7\u00e3o das a\u00e7\u00f5es, com base em manchas criminais e estudos de intelig\u00eancia, levamos em conta as demandas e sugest\u00f5es da popula\u00e7\u00e3o. O objetivo \u00e9 aprimorar a seguran\u00e7a e a qualidade de vida de todos\u201d, destaca o secret\u00e1rio de Seguran\u00e7a P\u00fablica, Sandro Avelar.<\/p>\n<p>\u201cO apoio do governador Ibaneis Rocha tem sido crucial. Ele acredita na seguran\u00e7a p\u00fablica do DF e tem investido cada vez mais e em diferentes frentes. Seja por meio da valoriza\u00e7\u00e3o dos servidores, seja pelo investimento em equipamentos e novas instala\u00e7\u00f5es\u201d, completa Avelar.<\/p>\n<p>Os crimes violentos letais intencionais (CVLIs) \u2013 que englobam homic\u00eddios, feminic\u00eddios, les\u00f5es corporais seguidas de mortes e latroc\u00ednios \u2013 tamb\u00e9m apresentaram o menor registro no acumulado dos tr\u00eas meses de 2024. Foram 60 casos registrados, o que corresponde \u00e0 redu\u00e7\u00e3o de 23,11%.<\/p>\n<p><strong>Feminic\u00eddios<\/strong><br \/>\nEm mar\u00e7o n\u00e3o houve registro de nenhum feminic\u00eddio no Distrito Federal. Uma s\u00e9rie de campanhas e a\u00e7\u00f5es voltadas para o combate \u00e0 viol\u00eancia dom\u00e9stica vem sendo desenvolvida pela Seguran\u00e7a P\u00fablica e \u00f3rg\u00e3os do Governo do Distrito Federal (GDF), em especial a Secretaria da Mulher. No trimestre, os n\u00fameros deste crime ca\u00edram pela metade, de dez para cinco casos este ano.<\/p>\n<p>O enfrentamento desse crime \u00e9 tratado de forma priorit\u00e1ria pela seguran\u00e7a e \u00f3rg\u00e3os do GDF. Para tratar de forma mais espec\u00edfica do tema, a SSP-DF criou um eixo exclusivo para a tem\u00e1tica no Programa DF Mais Seguro \u2013 Seguran\u00e7a Integral: o Mulher Mais Segura. O eixo re\u00fane medidas preventivas e tecnol\u00f3gicas voltadas \u00e0 prote\u00e7\u00e3o da mulher e ao combate \u00e0 viol\u00eancia dom\u00e9stica e familiar.<\/p>\n<p>Atualmente, 682 pessoas, entre v\u00edtimas e agressores, foram monitoradas pelas tecnologias da SSP-DF \u2013 o Dispositivo de Prote\u00e7\u00e3o \u00e0 Pessoa (DPP) e Viva Flor. Nos primeiros tr\u00eas meses deste ano, dez homens foram presos por terem violado as medidas estabelecidas pelo Judici\u00e1rio. Ano passado, 43 agressores foram presos.<\/p>\n<p>\u201cOs dispositivos de monitoramento ampliam a prote\u00e7\u00e3o das mulheres com Medida Protetiva de Urg\u00eancia expedida pelo Judici\u00e1rio. Nosso trabalho ser\u00e1 constante. Seguiremos firmes, junto aos demais \u00f3rg\u00e3os de governo e sociedade civil, no enfrentamento \u00e0 viol\u00eancia de g\u00eanero. Nosso objetivo \u00e9 feminic\u00eddio zero no DF\u201d, refor\u00e7a o secret\u00e1rio de Seguran\u00e7a P\u00fablica.<\/p>\n<p>A secret\u00e1ria da Mulher, Giselle Ferreira, ressaltou a programa\u00e7\u00e3o realizada no m\u00eas de mar\u00e7o. \u201cO \u00faltimo m\u00eas foi marcado por uma extensa programa\u00e7\u00e3o voltada para o p\u00fablico feminino no DF. A Secretaria da Mulher, em parceria com as demais secretarias do GDF, administra\u00e7\u00f5es regionais e terceiro setor, promoveu mais de 270 eventos e a\u00e7\u00f5es gratuitas de capacita\u00e7\u00e3o profissional, cultura, sa\u00fade, educa\u00e7\u00e3o e lazer. E finalizamos o m\u00eas com a maior conquista de todas, no m\u00eas da mulher n\u00e3o houve nenhum caso de feminic\u00eddio no DF.\u201d<\/p>\n<p>A Pol\u00edcia Militar oferece um policiamento especializado para atendimento \u00e0s mulheres, por meio do Programa de Preven\u00e7\u00e3o Orientada \u00e0 Viol\u00eancia Dom\u00e9stica (Provid). O trabalho ajuda a prevenir, inibir e interromper o ciclo da viol\u00eancia dom\u00e9stica. Nos primeiros dois meses deste ano, os policiais realizaram 4,4 mil visitas e atenderam mais de mil pessoas, entre v\u00edtimas, agressores e testemunhas. Os dados de mar\u00e7o est\u00e3o sendo compilados.\u201d<\/p>\n<p>Al\u00e9m das delegacias especiais de Atendimento \u00e0 Mulher (Deams I e II), Delegacia Eletr\u00f4nica e, ainda, as Se\u00e7\u00f5es de Atendimento \u00e0 Mulher em todas as delegacias circunscricionais, a Pol\u00edcia Civil conta com o importante apoio dos N\u00facleos Integrados de Atendimento \u00e0 Mulher \u2013 Nuiam. Os N\u00facleos funcionam por meio de parceria com outras institui\u00e7\u00f5es governamentais, iniciativa privada e sociedade organizada. No acumulado dos tr\u00eas meses deste ano foram realizados 173 atendimentos.<\/p>\n<p>\u201cA aten\u00e7\u00e3o multiprofissional promovida pelos Nuiams \u00e0s v\u00edtimas de viol\u00eancia dom\u00e9stica e sexual, oferecendo apoio psicossocial e jur\u00eddico, desempenha um papel fundamental no acolhimento dessas mulheres. Essa abordagem proporciona esclarecimento, apoio e fortalecimento, para que o ciclo de viol\u00eancia seja interrompido\u201d, ressalta a coordenadora dos Nuiams, delegada Karen Langkammer.<\/p>\n<p><strong>Roubos e furtos<\/strong><br \/>\nA redu\u00e7\u00e3o sistem\u00e1tica dos seis crimes contra o patrim\u00f4nio (CCPs), monitorados de forma priorit\u00e1ria pela SSP-DF, tem sido garantida pelo constante aperfei\u00e7oamento dos processos de gest\u00e3o, com mapeamento microrregionalizado dos dias, horas e locais em que cada crime mais acontece e, ainda, com informa\u00e7\u00f5es e sugest\u00f5es da sociedade via Conselhos Comunit\u00e1rios de Seguran\u00e7a (Consegs).<\/p>\n<p>Atualmente, quase todas as regi\u00f5es administrativas contam com c\u00e2meras de videomonitoramento. Os CCPs \u2013 que compreendem os roubos a transeunte, de ve\u00edculo, em transporte coletivo, em com\u00e9rcio, em resid\u00eancia e os furtos em ve\u00edculo \u2013 fecharam o trimestre com redu\u00e7\u00e3o de 21%. No per\u00edodo, os roubos em transporte coletivo tiveram redu\u00e7\u00e3o de -64%. O roubo a com\u00e9rcio apresentou redu\u00e7\u00e3o de -41,9%.<\/p>\n<p>Houve, ainda, redu\u00e7\u00e3o dos roubos em resid\u00eancia (-35,4%), de ve\u00edculo (-31%) e a pedestres (-29,4%). O furto em ve\u00edculo, por sua vez, apresentou aumento de 6,8% no acumulado dos tr\u00eas meses deste ano, mas teve redu\u00e7\u00e3o no m\u00eas de mar\u00e7o, chegando a -14,5%.<\/p>\n","protected":false},"excerpt":{"rendered":"<p>A consolida\u00e7\u00e3o das pol\u00edticas adotadas pela Secretaria de Seguran\u00e7a P\u00fablica (SSP-DF), por meio do Programa DF Mais Seguro \u2013 Seguran\u00e7a Integral, tem resultado na redu\u00e7\u00e3o da criminalidade em todo o Distrito Federal, em especial dos crimes contra a vida. O primeiro trimestre deste ano, comparado com o mesmo per\u00edodo do ano passado, registrou redu\u00e7\u00e3o de [&hellip;]<\/p>\n","protected":false},"author":2,"featured_media":326217,"comment_status":"closed","ping_status":"closed","sticky":false,"template":"","format":"standard","meta":{"_acf_changed":false,"footnotes":""},"categories":[161],"tags":[],"class_list":["post-326216","post","type-post","status-publish","format-standard","has-post-thumbnail","hentry","category-quadradinho-em-foco"],"acf":[],"yoast_head":"<!-- This site is optimized with the Yoast SEO plugin v27.5 - https:\/\/yoast.com\/product\/yoast-seo-wordpress\/ -->\n<title>Bras\u00edlia tem menor \u00edndice de homic\u00eddios em 25 anos - Notibras<\/title>\n<meta name=\"robots\" content=\"index, follow, max-snippet:-1, max-image-preview:large, max-video-preview:-1\" \/>\n<link rel=\"canonical\" href=\"https:\/\/www.notibras.com\/site\/brasilia-tem-menor-indice-de-homicidios-em-25-anos\/\" \/>\n<meta property=\"og:locale\" content=\"pt_BR\" \/>\n<meta property=\"og:type\" content=\"article\" \/>\n<meta property=\"og:title\" content=\"Bras\u00edlia tem menor \u00edndice de homic\u00eddios em 25 anos - Notibras\" \/>\n<meta property=\"og:description\" content=\"A consolida\u00e7\u00e3o das pol\u00edticas adotadas pela Secretaria de Seguran\u00e7a P\u00fablica (SSP-DF), por meio do Programa DF Mais Seguro \u2013 Seguran\u00e7a Integral, tem resultado na redu\u00e7\u00e3o da criminalidade em todo o Distrito Federal, em especial dos crimes contra a vida. O primeiro trimestre deste ano, comparado com o mesmo per\u00edodo do ano passado, registrou redu\u00e7\u00e3o de [&hellip;]\" \/>\n<meta property=\"og:url\" content=\"https:\/\/www.notibras.com\/site\/brasilia-tem-menor-indice-de-homicidios-em-25-anos\/\" \/>\n<meta property=\"og:site_name\" content=\"Notibras\" \/>\n<meta property=\"article:publisher\" content=\"https:\/\/www.facebook.com\/notibras\/\" \/>\n<meta property=\"article:published_time\" content=\"2024-04-08T03:00:37+00:00\" \/>\n<meta property=\"article:modified_time\" content=\"2024-04-08T14:38:06+00:00\" \/>\n<meta property=\"og:image\" content=\"https:\/\/www.notibras.com\/site\/wp-content\/uploads\/2024\/04\/WhatsApp-Image-2024-04-07-at-6.40.10-PM-3-768x512-1.jpeg\" \/>\n\t<meta property=\"og:image:width\" content=\"768\" \/>\n\t<meta property=\"og:image:height\" content=\"512\" \/>\n\t<meta property=\"og:image:type\" content=\"image\/jpeg\" \/>\n<meta name=\"author\" content=\"Reda\u00e7\u00e3o\" \/>\n<meta name=\"twitter:card\" content=\"summary_large_image\" \/>\n<meta name=\"twitter:creator\" content=\"@Notibras\" \/>\n<meta name=\"twitter:site\" content=\"@Notibras\" \/>\n<meta name=\"twitter:label1\" content=\"Escrito por\" \/>\n\t<meta name=\"twitter:data1\" content=\"Reda\u00e7\u00e3o\" \/>\n\t<meta name=\"twitter:label2\" content=\"Est. tempo de leitura\" \/>\n\t<meta name=\"twitter:data2\" content=\"6 minutos\" \/>\n<script type=\"application\/ld+json\" class=\"yoast-schema-graph\">{\"@context\":\"https:\\\/\\\/schema.org\",\"@graph\":[{\"@type\":\"Article\",\"@id\":\"https:\\\/\\\/www.notibras.com\\\/site\\\/brasilia-tem-menor-indice-de-homicidios-em-25-anos\\\/#article\",\"isPartOf\":{\"@id\":\"https:\\\/\\\/www.notibras.com\\\/site\\\/brasilia-tem-menor-indice-de-homicidios-em-25-anos\\\/\"},\"author\":{\"name\":\"Reda\u00e7\u00e3o\",\"@id\":\"https:\\\/\\\/www.notibras.com\\\/site\\\/#\\\/schema\\\/person\\\/36ab0979449956132d3e5b517ea76ac8\"},\"headline\":\"Bras\u00edlia tem menor \u00edndice de homic\u00eddios em 25 anos\",\"datePublished\":\"2024-04-08T03:00:37+00:00\",\"dateModified\":\"2024-04-08T14:38:06+00:00\",\"mainEntityOfPage\":{\"@id\":\"https:\\\/\\\/www.notibras.com\\\/site\\\/brasilia-tem-menor-indice-de-homicidios-em-25-anos\\\/\"},\"wordCount\":1064,\"publisher\":{\"@id\":\"https:\\\/\\\/www.notibras.com\\\/site\\\/#organization\"},\"image\":{\"@id\":\"https:\\\/\\\/www.notibras.com\\\/site\\\/brasilia-tem-menor-indice-de-homicidios-em-25-anos\\\/#primaryimage\"},\"thumbnailUrl\":\"https:\\\/\\\/www.notibras.com\\\/site\\\/wp-content\\\/uploads\\\/2024\\\/04\\\/WhatsApp-Image-2024-04-07-at-6.40.10-PM-3-768x512-1.jpeg\",\"articleSection\":[\"Quadradinho em Foco\"],\"inLanguage\":\"pt-BR\"},{\"@type\":\"WebPage\",\"@id\":\"https:\\\/\\\/www.notibras.com\\\/site\\\/brasilia-tem-menor-indice-de-homicidios-em-25-anos\\\/\",\"url\":\"https:\\\/\\\/www.notibras.com\\\/site\\\/brasilia-tem-menor-indice-de-homicidios-em-25-anos\\\/\",\"name\":\"Bras\u00edlia tem menor \u00edndice de homic\u00eddios em 25 anos - Notibras\",\"isPartOf\":{\"@id\":\"https:\\\/\\\/www.notibras.com\\\/site\\\/#website\"},\"primaryImageOfPage\":{\"@id\":\"https:\\\/\\\/www.notibras.com\\\/site\\\/brasilia-tem-menor-indice-de-homicidios-em-25-anos\\\/#primaryimage\"},\"image\":{\"@id\":\"https:\\\/\\\/www.notibras.com\\\/site\\\/brasilia-tem-menor-indice-de-homicidios-em-25-anos\\\/#primaryimage\"},\"thumbnailUrl\":\"https:\\\/\\\/www.notibras.com\\\/site\\\/wp-content\\\/uploads\\\/2024\\\/04\\\/WhatsApp-Image-2024-04-07-at-6.40.10-PM-3-768x512-1.jpeg\",\"datePublished\":\"2024-04-08T03:00:37+00:00\",\"dateModified\":\"2024-04-08T14:38:06+00:00\",\"breadcrumb\":{\"@id\":\"https:\\\/\\\/www.notibras.com\\\/site\\\/brasilia-tem-menor-indice-de-homicidios-em-25-anos\\\/#breadcrumb\"},\"inLanguage\":\"pt-BR\",\"potentialAction\":[{\"@type\":\"ReadAction\",\"target\":[\"https:\\\/\\\/www.notibras.com\\\/site\\\/brasilia-tem-menor-indice-de-homicidios-em-25-anos\\\/\"]}]},{\"@type\":\"ImageObject\",\"inLanguage\":\"pt-BR\",\"@id\":\"https:\\\/\\\/www.notibras.com\\\/site\\\/brasilia-tem-menor-indice-de-homicidios-em-25-anos\\\/#primaryimage\",\"url\":\"https:\\\/\\\/www.notibras.com\\\/site\\\/wp-content\\\/uploads\\\/2024\\\/04\\\/WhatsApp-Image-2024-04-07-at-6.40.10-PM-3-768x512-1.jpeg\",\"contentUrl\":\"https:\\\/\\\/www.notibras.com\\\/site\\\/wp-content\\\/uploads\\\/2024\\\/04\\\/WhatsApp-Image-2024-04-07-at-6.40.10-PM-3-768x512-1.jpeg\",\"width\":768,\"height\":512},{\"@type\":\"BreadcrumbList\",\"@id\":\"https:\\\/\\\/www.notibras.com\\\/site\\\/brasilia-tem-menor-indice-de-homicidios-em-25-anos\\\/#breadcrumb\",\"itemListElement\":[{\"@type\":\"ListItem\",\"position\":1,\"name\":\"In\u00edcio\",\"item\":\"https:\\\/\\\/www.notibras.com\\\/site\\\/\"},{\"@type\":\"ListItem\",\"position\":2,\"name\":\"Bras\u00edlia tem menor \u00edndice de homic\u00eddios em 25 anos\"}]},{\"@type\":\"WebSite\",\"@id\":\"https:\\\/\\\/www.notibras.com\\\/site\\\/#website\",\"url\":\"https:\\\/\\\/www.notibras.com\\\/site\\\/\",\"name\":\"Notibras\",\"description\":\"Not\u00edcias de Bras\u00edlia, do Brasil e do Mundo\",\"publisher\":{\"@id\":\"https:\\\/\\\/www.notibras.com\\\/site\\\/#organization\"},\"potentialAction\":[{\"@type\":\"SearchAction\",\"target\":{\"@type\":\"EntryPoint\",\"urlTemplate\":\"https:\\\/\\\/www.notibras.com\\\/site\\\/?s={search_term_string}\"},\"query-input\":{\"@type\":\"PropertyValueSpecification\",\"valueRequired\":true,\"valueName\":\"search_term_string\"}}],\"inLanguage\":\"pt-BR\"},{\"@type\":\"Organization\",\"@id\":\"https:\\\/\\\/www.notibras.com\\\/site\\\/#organization\",\"name\":\"Grupo Notibras de Comunica\u00e7\u00e3o\",\"url\":\"https:\\\/\\\/www.notibras.com\\\/site\\\/\",\"logo\":{\"@type\":\"ImageObject\",\"inLanguage\":\"pt-BR\",\"@id\":\"https:\\\/\\\/www.notibras.com\\\/site\\\/#\\\/schema\\\/logo\\\/image\\\/\",\"url\":\"https:\\\/\\\/www.notibras.com\\\/site\\\/wp-content\\\/uploads\\\/2023\\\/01\\\/notibras23.png\",\"contentUrl\":\"https:\\\/\\\/www.notibras.com\\\/site\\\/wp-content\\\/uploads\\\/2023\\\/01\\\/notibras23.png\",\"width\":350,\"height\":87,\"caption\":\"Grupo Notibras de Comunica\u00e7\u00e3o\"},\"image\":{\"@id\":\"https:\\\/\\\/www.notibras.com\\\/site\\\/#\\\/schema\\\/logo\\\/image\\\/\"},\"sameAs\":[\"https:\\\/\\\/www.facebook.com\\\/notibras\\\/\",\"https:\\\/\\\/x.com\\\/Notibras\",\"https:\\\/\\\/www.instagram.com\\\/notibras\\\/\"]},{\"@type\":\"Person\",\"@id\":\"https:\\\/\\\/www.notibras.com\\\/site\\\/#\\\/schema\\\/person\\\/36ab0979449956132d3e5b517ea76ac8\",\"name\":\"Reda\u00e7\u00e3o\",\"image\":{\"@type\":\"ImageObject\",\"inLanguage\":\"pt-BR\",\"@id\":\"https:\\\/\\\/secure.gravatar.com\\\/avatar\\\/e0a867bdedb85fd243eadf09663511f96fc81e0720a4a42581f334ad4303aa6b?s=96&d=mm&r=g\",\"url\":\"https:\\\/\\\/secure.gravatar.com\\\/avatar\\\/e0a867bdedb85fd243eadf09663511f96fc81e0720a4a42581f334ad4303aa6b?s=96&d=mm&r=g\",\"contentUrl\":\"https:\\\/\\\/secure.gravatar.com\\\/avatar\\\/e0a867bdedb85fd243eadf09663511f96fc81e0720a4a42581f334ad4303aa6b?s=96&d=mm&r=g\",\"caption\":\"Reda\u00e7\u00e3o\"}}]}<\/script>\n<!-- \/ Yoast SEO plugin. -->","yoast_head_json":{"title":"Bras\u00edlia tem menor \u00edndice de homic\u00eddios em 25 anos - Notibras","robots":{"index":"index","follow":"follow","max-snippet":"max-snippet:-1","max-image-preview":"max-image-preview:large","max-video-preview":"max-video-preview:-1"},"canonical":"https:\/\/www.notibras.com\/site\/brasilia-tem-menor-indice-de-homicidios-em-25-anos\/","og_locale":"pt_BR","og_type":"article","og_title":"Bras\u00edlia tem menor \u00edndice de homic\u00eddios em 25 anos - Notibras","og_description":"A consolida\u00e7\u00e3o das pol\u00edticas adotadas pela Secretaria de Seguran\u00e7a P\u00fablica (SSP-DF), por meio do Programa DF Mais Seguro \u2013 Seguran\u00e7a Integral, tem resultado na redu\u00e7\u00e3o da criminalidade em todo o Distrito Federal, em especial dos crimes contra a vida. O primeiro trimestre deste ano, comparado com o mesmo per\u00edodo do ano passado, registrou redu\u00e7\u00e3o de [&hellip;]","og_url":"https:\/\/www.notibras.com\/site\/brasilia-tem-menor-indice-de-homicidios-em-25-anos\/","og_site_name":"Notibras","article_publisher":"https:\/\/www.facebook.com\/notibras\/","article_published_time":"2024-04-08T03:00:37+00:00","article_modified_time":"2024-04-08T14:38:06+00:00","og_image":[{"width":768,"height":512,"url":"https:\/\/www.notibras.com\/site\/wp-content\/uploads\/2024\/04\/WhatsApp-Image-2024-04-07-at-6.40.10-PM-3-768x512-1.jpeg","type":"image\/jpeg"}],"author":"Reda\u00e7\u00e3o","twitter_card":"summary_large_image","twitter_creator":"@Notibras","twitter_site":"@Notibras","twitter_misc":{"Escrito por":"Reda\u00e7\u00e3o","Est. tempo de leitura":"6 minutos"},"schema":{"@context":"https:\/\/schema.org","@graph":[{"@type":"Article","@id":"https:\/\/www.notibras.com\/site\/brasilia-tem-menor-indice-de-homicidios-em-25-anos\/#article","isPartOf":{"@id":"https:\/\/www.notibras.com\/site\/brasilia-tem-menor-indice-de-homicidios-em-25-anos\/"},"author":{"name":"Reda\u00e7\u00e3o","@id":"https:\/\/www.notibras.com\/site\/#\/schema\/person\/36ab0979449956132d3e5b517ea76ac8"},"headline":"Bras\u00edlia tem menor \u00edndice de homic\u00eddios em 25 anos","datePublished":"2024-04-08T03:00:37+00:00","dateModified":"2024-04-08T14:38:06+00:00","mainEntityOfPage":{"@id":"https:\/\/www.notibras.com\/site\/brasilia-tem-menor-indice-de-homicidios-em-25-anos\/"},"wordCount":1064,"publisher":{"@id":"https:\/\/www.notibras.com\/site\/#organization"},"image":{"@id":"https:\/\/www.notibras.com\/site\/brasilia-tem-menor-indice-de-homicidios-em-25-anos\/#primaryimage"},"thumbnailUrl":"https:\/\/www.notibras.com\/site\/wp-content\/uploads\/2024\/04\/WhatsApp-Image-2024-04-07-at-6.40.10-PM-3-768x512-1.jpeg","articleSection":["Quadradinho em Foco"],"inLanguage":"pt-BR"},{"@type":"WebPage","@id":"https:\/\/www.notibras.com\/site\/brasilia-tem-menor-indice-de-homicidios-em-25-anos\/","url":"https:\/\/www.notibras.com\/site\/brasilia-tem-menor-indice-de-homicidios-em-25-anos\/","name":"Bras\u00edlia tem menor \u00edndice de homic\u00eddios em 25 anos - Notibras","isPartOf":{"@id":"https:\/\/www.notibras.com\/site\/#website"},"primaryImageOfPage":{"@id":"https:\/\/www.notibras.com\/site\/brasilia-tem-menor-indice-de-homicidios-em-25-anos\/#primaryimage"},"image":{"@id":"https:\/\/www.notibras.com\/site\/brasilia-tem-menor-indice-de-homicidios-em-25-anos\/#primaryimage"},"thumbnailUrl":"https:\/\/www.notibras.com\/site\/wp-content\/uploads\/2024\/04\/WhatsApp-Image-2024-04-07-at-6.40.10-PM-3-768x512-1.jpeg","datePublished":"2024-04-08T03:00:37+00:00","dateModified":"2024-04-08T14:38:06+00:00","breadcrumb":{"@id":"https:\/\/www.notibras.com\/site\/brasilia-tem-menor-indice-de-homicidios-em-25-anos\/#breadcrumb"},"inLanguage":"pt-BR","potentialAction":[{"@type":"ReadAction","target":["https:\/\/www.notibras.com\/site\/brasilia-tem-menor-indice-de-homicidios-em-25-anos\/"]}]},{"@type":"ImageObject","inLanguage":"pt-BR","@id":"https:\/\/www.notibras.com\/site\/brasilia-tem-menor-indice-de-homicidios-em-25-anos\/#primaryimage","url":"https:\/\/www.notibras.com\/site\/wp-content\/uploads\/2024\/04\/WhatsApp-Image-2024-04-07-at-6.40.10-PM-3-768x512-1.jpeg","contentUrl":"https:\/\/www.notibras.com\/site\/wp-content\/uploads\/2024\/04\/WhatsApp-Image-2024-04-07-at-6.40.10-PM-3-768x512-1.jpeg","width":768,"height":512},{"@type":"BreadcrumbList","@id":"https:\/\/www.notibras.com\/site\/brasilia-tem-menor-indice-de-homicidios-em-25-anos\/#breadcrumb","itemListElement":[{"@type":"ListItem","position":1,"name":"In\u00edcio","item":"https:\/\/www.notibras.com\/site\/"},{"@type":"ListItem","position":2,"name":"Bras\u00edlia tem menor \u00edndice de homic\u00eddios em 25 anos"}]},{"@type":"WebSite","@id":"https:\/\/www.notibras.com\/site\/#website","url":"https:\/\/www.notibras.com\/site\/","name":"Notibras","description":"Not\u00edcias de Bras\u00edlia, do Brasil e do Mundo","publisher":{"@id":"https:\/\/www.notibras.com\/site\/#organization"},"potentialAction":[{"@type":"SearchAction","target":{"@type":"EntryPoint","urlTemplate":"https:\/\/www.notibras.com\/site\/?s={search_term_string}"},"query-input":{"@type":"PropertyValueSpecification","valueRequired":true,"valueName":"search_term_string"}}],"inLanguage":"pt-BR"},{"@type":"Organization","@id":"https:\/\/www.notibras.com\/site\/#organization","name":"Grupo Notibras de Comunica\u00e7\u00e3o","url":"https:\/\/www.notibras.com\/site\/","logo":{"@type":"ImageObject","inLanguage":"pt-BR","@id":"https:\/\/www.notibras.com\/site\/#\/schema\/logo\/image\/","url":"https:\/\/www.notibras.com\/site\/wp-content\/uploads\/2023\/01\/notibras23.png","contentUrl":"https:\/\/www.notibras.com\/site\/wp-content\/uploads\/2023\/01\/notibras23.png","width":350,"height":87,"caption":"Grupo Notibras de Comunica\u00e7\u00e3o"},"image":{"@id":"https:\/\/www.notibras.com\/site\/#\/schema\/logo\/image\/"},"sameAs":["https:\/\/www.facebook.com\/notibras\/","https:\/\/x.com\/Notibras","https:\/\/www.instagram.com\/notibras\/"]},{"@type":"Person","@id":"https:\/\/www.notibras.com\/site\/#\/schema\/person\/36ab0979449956132d3e5b517ea76ac8","name":"Reda\u00e7\u00e3o","image":{"@type":"ImageObject","inLanguage":"pt-BR","@id":"https:\/\/secure.gravatar.com\/avatar\/e0a867bdedb85fd243eadf09663511f96fc81e0720a4a42581f334ad4303aa6b?s=96&d=mm&r=g","url":"https:\/\/secure.gravatar.com\/avatar\/e0a867bdedb85fd243eadf09663511f96fc81e0720a4a42581f334ad4303aa6b?s=96&d=mm&r=g","contentUrl":"https:\/\/secure.gravatar.com\/avatar\/e0a867bdedb85fd243eadf09663511f96fc81e0720a4a42581f334ad4303aa6b?s=96&d=mm&r=g","caption":"Reda\u00e7\u00e3o"}}]}},"amp_enabled":true,"_links":{"self":[{"href":"https:\/\/www.notibras.com\/site\/wp-json\/wp\/v2\/posts\/326216","targetHints":{"allow":["GET"]}}],"collection":[{"href":"https:\/\/www.notibras.com\/site\/wp-json\/wp\/v2\/posts"}],"about":[{"href":"https:\/\/www.notibras.com\/site\/wp-json\/wp\/v2\/types\/post"}],"author":[{"embeddable":true,"href":"https:\/\/www.notibras.com\/site\/wp-json\/wp\/v2\/users\/2"}],"replies":[{"embeddable":true,"href":"https:\/\/www.notibras.com\/site\/wp-json\/wp\/v2\/comments?post=326216"}],"version-history":[{"count":1,"href":"https:\/\/www.notibras.com\/site\/wp-json\/wp\/v2\/posts\/326216\/revisions"}],"predecessor-version":[{"id":326218,"href":"https:\/\/www.notibras.com\/site\/wp-json\/wp\/v2\/posts\/326216\/revisions\/326218"}],"wp:featuredmedia":[{"embeddable":true,"href":"https:\/\/www.notibras.com\/site\/wp-json\/wp\/v2\/media\/326217"}],"wp:attachment":[{"href":"https:\/\/www.notibras.com\/site\/wp-json\/wp\/v2\/media?parent=326216"}],"wp:term":[{"taxonomy":"category","embeddable":true,"href":"https:\/\/www.notibras.com\/site\/wp-json\/wp\/v2\/categories?post=326216"},{"taxonomy":"post_tag","embeddable":true,"href":"https:\/\/www.notibras.com\/site\/wp-json\/wp\/v2\/tags?post=326216"}],"curies":[{"name":"wp","href":"https:\/\/api.w.org\/{rel}","templated":true}]}}