{"id":326226,"date":"2024-04-08T14:01:44","date_gmt":"2024-04-08T17:01:44","guid":{"rendered":"https:\/\/www.notibras.com\/site\/?p=326226"},"modified":"2024-04-08T14:04:26","modified_gmt":"2024-04-08T17:04:26","slug":"lula-precisa-devolver-o-pao-tirado-da-boca-de-tio-zeca","status":"publish","type":"post","link":"https:\/\/www.notibras.com\/site\/lula-precisa-devolver-o-pao-tirado-da-boca-de-tio-zeca\/","title":{"rendered":"Lula precisa devolver o p\u00e3o tirado da boca de Tio Zeca"},"content":{"rendered":"<p>Ao fundo, na foto, a Praia do Gunga. Para alguns &#8216;bairristas&#8217; de Barra de S\u00e3o Miguel, vem a ser uma extens\u00e3o da paradis\u00edaca Praia das Conchas. Que seja. Quem sou eu, rec\u00e9m chegado \u00e0 cidade, para contrariar os nativos. Em primeiro plano, na mesa do Barra Beach, Tio Zeca, um velho pescador que conheci no domingo, 7. A principal caracter\u00edstica dele \u00e9 a humildade. Passou caminhando com a \u00e1gua pelas canelas enquanto a mar\u00e9 j\u00e1 quase invadia a praia.<\/p>\n<p>Convidei-o para subir. A ideia era conversar e compartilhar com ele um caldo de camar\u00e3o, uma cerveja e uma dose de uma salinas. Tio Zeca, t\u00edmido, fez um movimento com a cabe\u00e7a, como quem diz n\u00e3o d\u00e1, isso n\u00e3o \u00e9 lugar para gente como ele. Insisti. Ele olhou ao redor, e Jeferson, o gar\u00e7om que me atendia, n\u00e3o deixou por menos: &#8220;Suba, <em>homi<\/em>. O doutor chamou, ele manda. Cliente bom \u00e9 assim. A companhia ele escolhe&#8221;.<\/p>\n<p>Tio Zeca pediu tr\u00eas minutos. Antes jogaria a tarrafa para ver se j\u00e1 havia algum cardume por perto. Uma lan\u00e7ada s\u00f3 e ele se aproxima com algumas suculentas tainhas tentando escapar do emaranhado de linhas do equipamento do velho pescador.<\/p>\n<p>Seu primeiro gesto, j\u00e1 pr\u00f3ximo \u00e0 mesa, foi passar as m\u00e3os na desgastada cal\u00e7a descolorida. J\u00e1 sem areia na roupa, pediu licen\u00e7a e sentou-se em uma cadeira ao meu lado. Apresentou-se. Simplesmente Tio Zeca, sem sobrenome. Poderia ser Santos, Silva, Souza. Com certeza, imaginei, jamais um Calheiros ou Lyra, muito menos um Lira com i.<\/p>\n<p>Chamado por mim, a pedido do meu convidado, Jeferson trouxe-nos uma sacola de pl\u00e1stico, onde Tio Zeca depositou uma por\u00e7\u00e3o de 15 tainhas. Outras tr\u00eas, ainda filhotes, ele devolveu ao mar. Depois, j\u00e1 com a tarrafa sobre o ombro esquerdo, recusou a dose de cacha\u00e7a e um copo de Original (embora vestida com a roupa da Brahma). &#8220;Sou crente, doutor! N\u00e3o bebo&#8221;. Mas aceitou uma Coca-cola.<\/p>\n<p>Pai de tr\u00eas herdeiros de nada, salvo o car\u00e1ter que se lhe estampa na face, Tio Zeca, av\u00f4 de um menino presenteado pela filha, vive na praia e dela sobrevive. Usa sua tarrafa para garantir o almo\u00e7o, o jantar e o caf\u00e9 da manh\u00e3, \u00e0 base de cuscuz ou macaxeira. Com tainhas, claro.<\/p>\n<p>Nesse pedacinho de para\u00edso incrustado na praia esquecida pelo tempo, onde o Sol nasce como um suspiro dourado sobre as \u00e1guas transparentes, ergue-se a figura enrugada de Tio Zeca. Seu nome, sussurrado pelo vento, \u00e9 quase ignorado, mas sua presen\u00e7a \u00e9 t\u00e3o marcante quanto as ondas que dan\u00e7am ao seu redor.<\/p>\n<p>\u00c9 na mar\u00e9 alta que ele se faz presente, carregando a tarrafa com costuras pontuais, necess\u00e1rias pelo longo uso e pelas hist\u00f3rias do mar. Seus passos s\u00e3o lentos, mas determinados, como se a pr\u00f3pria ess\u00eancia da pesca estivesse enraizada em sua alma. Tio Zeca \u00e9 conhecido como o guardi\u00e3o das tainhas e outros pequenos peixes, embora se veja, at\u00e9 para evitar morrer de inani\u00e7\u00e3o, na condi\u00e7\u00e3o do lobo que guarda o galinheiro. No esp\u00edrito, por\u00e9m, \u00e9 um mestre na arte de pescar com sabedoria e paci\u00eancia.<\/p>\n<p>Ao lan\u00e7ar sua tarrafa no turbilh\u00e3o das \u00e1guas, o velho parece fundir-se com o oceano, tornando-se um ap\u00eandice da pr\u00f3pria natureza. Seus olhos, profundos como abismos marinhos, acompanham o bal\u00e9 das mar\u00e9s, buscando os sinais sutis que revelam a presen\u00e7a das pr\u00f3ximas refei\u00e7\u00f5es.<\/p>\n<p>Enquanto espero, noto, a curta dist\u00e2ncia, que sua mente vagueia por lembran\u00e7as antigas, navegando por mares de mem\u00f3rias h\u00e1 muito tempo adormecidas. Sentado ao meu lado, meu novo conhecido recorda os dias de gl\u00f3ria, quando as \u00e1guas transbordavam de peixes e o Sol parecia sorrir para ele em cada amanhecer.<\/p>\n<p>Agora, em meio \u00e0 solid\u00e3o das ondas que carregam o peso da polui\u00e7\u00e3o, ele encontra conforto na simplicidade da vida. Cada peixe capturado \u00e9 uma vit\u00f3ria, uma pequena conquista que celebra sua conex\u00e3o eterna com o mar.<\/p>\n<p>\u00c9 assim, revela-me, levando a latinha de refrigerante \u00e0 boca, que dia ap\u00f3s dia, ele retorna \u00e0 praia, com sua tarrafa e sua sabedoria ancestral. Tio Zeca parece ser uma figura \u00fanica, capaz de ouvir o silencioso segredo do oceano, um eco distante de tempos passados que se recusam a desaparecer completamente.<\/p>\n<p>Com a latinha de Coca-cola vazia, enquanto o Sol indica que vai se esconder no horizonte distante, ele ajeita a tarrafa. D\u00e1 sinais de que est\u00e1 se despedindo. &#8220;A sacola (com as tainhas) \u00e9 para o senhor, doutor. Agora preciso encher a tarrafa e recolher-me para casa, pois logo \u00e9 hora da janta&#8221;. Trocamos presentes. Ele deixou-me os pequenos peixes, ent\u00e3o j\u00e1 quase inertes, e depositei no bolso da camisa dele um mico-le\u00e3o dourado.<\/p>\n<p>Logo depois, quando Jeferson j\u00e1 me apresentava a conta do que consumimos, Tio Zeca passou ao largo, a tarrafa nas costas, a \u00e1gua pela cintura. Pareceu-me que ele carregava n\u00e3o apenas peixes, mas tamb\u00e9m as hist\u00f3rias de uma vida vivida em harmonia com as mar\u00e9s. O velho pescador pode ser esquecido pelo tempo, mas sua ess\u00eancia perdura, imortalizada nas \u00e1guas que ele demonstra tanto amar.<\/p>\n<p>Particularmente, eu gostaria que essa cr\u00f4nica chegasse ao conhecimento do Wellington Dias. \u00c9 que Tio Zeca, sabe-se l\u00e1 por que motivos, perdeu, nos \u00faltimos ajustes determinados por Lula, seu benef\u00edcio do Bolsa Fam\u00edlia. Era o dinheiro que ele usava para comprar p\u00e3o, farinha, feij\u00e3o e ovo. At\u00e9 que essa injusti\u00e7a seja corrida pelo presidente, o velho pescador vai vivendo do que retira do mar.<\/p>\n","protected":false},"excerpt":{"rendered":"<p>Ao fundo, na foto, a Praia do Gunga. Para alguns &#8216;bairristas&#8217; de Barra de S\u00e3o Miguel, vem a ser uma extens\u00e3o da paradis\u00edaca Praia das Conchas. Que seja. Quem sou eu, rec\u00e9m chegado \u00e0 cidade, para contrariar os nativos. Em primeiro plano, na mesa do Barra Beach, Tio Zeca, um velho pescador que conheci no [&hellip;]<\/p>\n","protected":false},"author":2,"featured_media":326227,"comment_status":"closed","ping_status":"closed","sticky":false,"template":"","format":"standard","meta":{"_acf_changed":false,"footnotes":""},"categories":[166,167,168,169,165,170,171,172,173,174],"tags":[],"class_list":["post-326226","post","type-post","status-publish","format-standard","has-post-thumbnail","hentry","category-alagoas","category-bahia","category-ceara","category-maranhao","category-nordeste","category-paraiba-nordeste","category-pernambuco-nordeste","category-piaui","category-rio-grande-do-norte","category-sergipe"],"acf":[],"yoast_head":"<!-- This site is optimized with the Yoast SEO plugin v27.5 - https:\/\/yoast.com\/product\/yoast-seo-wordpress\/ -->\n<title>Lula precisa devolver o p\u00e3o tirado da boca de Tio Zeca - Notibras<\/title>\n<meta name=\"robots\" content=\"index, follow, max-snippet:-1, max-image-preview:large, max-video-preview:-1\" \/>\n<link rel=\"canonical\" href=\"https:\/\/www.notibras.com\/site\/lula-precisa-devolver-o-pao-tirado-da-boca-de-tio-zeca\/\" \/>\n<meta property=\"og:locale\" content=\"pt_BR\" \/>\n<meta property=\"og:type\" content=\"article\" \/>\n<meta property=\"og:title\" content=\"Lula precisa devolver o p\u00e3o tirado da boca de Tio Zeca - Notibras\" \/>\n<meta property=\"og:description\" content=\"Ao fundo, na foto, a Praia do Gunga. Para alguns &#8216;bairristas&#8217; de Barra de S\u00e3o Miguel, vem a ser uma extens\u00e3o da paradis\u00edaca Praia das Conchas. Que seja. Quem sou eu, rec\u00e9m chegado \u00e0 cidade, para contrariar os nativos. Em primeiro plano, na mesa do Barra Beach, Tio Zeca, um velho pescador que conheci no [&hellip;]\" \/>\n<meta property=\"og:url\" content=\"https:\/\/www.notibras.com\/site\/lula-precisa-devolver-o-pao-tirado-da-boca-de-tio-zeca\/\" \/>\n<meta property=\"og:site_name\" content=\"Notibras\" \/>\n<meta property=\"article:publisher\" content=\"https:\/\/www.facebook.com\/notibras\/\" \/>\n<meta property=\"article:published_time\" content=\"2024-04-08T17:01:44+00:00\" \/>\n<meta property=\"article:modified_time\" content=\"2024-04-08T17:04:26+00:00\" \/>\n<meta property=\"og:image\" content=\"https:\/\/www.notibras.com\/site\/wp-content\/uploads\/2024\/04\/b78387b5-00c5-445b-b4fd-c1bd89161019.jpeg\" \/>\n\t<meta property=\"og:image:width\" content=\"1600\" \/>\n\t<meta property=\"og:image:height\" content=\"1036\" \/>\n\t<meta property=\"og:image:type\" content=\"image\/jpeg\" \/>\n<meta name=\"author\" content=\"Reda\u00e7\u00e3o\" \/>\n<meta name=\"twitter:card\" content=\"summary_large_image\" \/>\n<meta name=\"twitter:creator\" content=\"@Notibras\" \/>\n<meta name=\"twitter:site\" content=\"@Notibras\" \/>\n<meta name=\"twitter:label1\" content=\"Escrito por\" \/>\n\t<meta name=\"twitter:data1\" content=\"Reda\u00e7\u00e3o\" \/>\n\t<meta name=\"twitter:label2\" content=\"Est. tempo de leitura\" \/>\n\t<meta name=\"twitter:data2\" content=\"6 minutos\" \/>\n<script type=\"application\/ld+json\" class=\"yoast-schema-graph\">{\"@context\":\"https:\\\/\\\/schema.org\",\"@graph\":[{\"@type\":\"Article\",\"@id\":\"https:\\\/\\\/www.notibras.com\\\/site\\\/lula-precisa-devolver-o-pao-tirado-da-boca-de-tio-zeca\\\/#article\",\"isPartOf\":{\"@id\":\"https:\\\/\\\/www.notibras.com\\\/site\\\/lula-precisa-devolver-o-pao-tirado-da-boca-de-tio-zeca\\\/\"},\"author\":{\"name\":\"Reda\u00e7\u00e3o\",\"@id\":\"https:\\\/\\\/www.notibras.com\\\/site\\\/#\\\/schema\\\/person\\\/36ab0979449956132d3e5b517ea76ac8\"},\"headline\":\"Lula precisa devolver o p\u00e3o tirado da boca de Tio Zeca\",\"datePublished\":\"2024-04-08T17:01:44+00:00\",\"dateModified\":\"2024-04-08T17:04:26+00:00\",\"mainEntityOfPage\":{\"@id\":\"https:\\\/\\\/www.notibras.com\\\/site\\\/lula-precisa-devolver-o-pao-tirado-da-boca-de-tio-zeca\\\/\"},\"wordCount\":953,\"publisher\":{\"@id\":\"https:\\\/\\\/www.notibras.com\\\/site\\\/#organization\"},\"image\":{\"@id\":\"https:\\\/\\\/www.notibras.com\\\/site\\\/lula-precisa-devolver-o-pao-tirado-da-boca-de-tio-zeca\\\/#primaryimage\"},\"thumbnailUrl\":\"https:\\\/\\\/www.notibras.com\\\/site\\\/wp-content\\\/uploads\\\/2024\\\/04\\\/b78387b5-00c5-445b-b4fd-c1bd89161019.jpeg\",\"articleSection\":[\"Alagoas\",\"Bahia\",\"Cear\u00e1\",\"Maranh\u00e3o\",\"Nordeste\",\"Para\u00edba\",\"Pernambuco\",\"Piau\u00ed\",\"Rio Grande do Norte\",\"Sergipe\"],\"inLanguage\":\"pt-BR\"},{\"@type\":\"WebPage\",\"@id\":\"https:\\\/\\\/www.notibras.com\\\/site\\\/lula-precisa-devolver-o-pao-tirado-da-boca-de-tio-zeca\\\/\",\"url\":\"https:\\\/\\\/www.notibras.com\\\/site\\\/lula-precisa-devolver-o-pao-tirado-da-boca-de-tio-zeca\\\/\",\"name\":\"Lula precisa devolver o p\u00e3o tirado da boca de Tio Zeca - Notibras\",\"isPartOf\":{\"@id\":\"https:\\\/\\\/www.notibras.com\\\/site\\\/#website\"},\"primaryImageOfPage\":{\"@id\":\"https:\\\/\\\/www.notibras.com\\\/site\\\/lula-precisa-devolver-o-pao-tirado-da-boca-de-tio-zeca\\\/#primaryimage\"},\"image\":{\"@id\":\"https:\\\/\\\/www.notibras.com\\\/site\\\/lula-precisa-devolver-o-pao-tirado-da-boca-de-tio-zeca\\\/#primaryimage\"},\"thumbnailUrl\":\"https:\\\/\\\/www.notibras.com\\\/site\\\/wp-content\\\/uploads\\\/2024\\\/04\\\/b78387b5-00c5-445b-b4fd-c1bd89161019.jpeg\",\"datePublished\":\"2024-04-08T17:01:44+00:00\",\"dateModified\":\"2024-04-08T17:04:26+00:00\",\"breadcrumb\":{\"@id\":\"https:\\\/\\\/www.notibras.com\\\/site\\\/lula-precisa-devolver-o-pao-tirado-da-boca-de-tio-zeca\\\/#breadcrumb\"},\"inLanguage\":\"pt-BR\",\"potentialAction\":[{\"@type\":\"ReadAction\",\"target\":[\"https:\\\/\\\/www.notibras.com\\\/site\\\/lula-precisa-devolver-o-pao-tirado-da-boca-de-tio-zeca\\\/\"]}]},{\"@type\":\"ImageObject\",\"inLanguage\":\"pt-BR\",\"@id\":\"https:\\\/\\\/www.notibras.com\\\/site\\\/lula-precisa-devolver-o-pao-tirado-da-boca-de-tio-zeca\\\/#primaryimage\",\"url\":\"https:\\\/\\\/www.notibras.com\\\/site\\\/wp-content\\\/uploads\\\/2024\\\/04\\\/b78387b5-00c5-445b-b4fd-c1bd89161019.jpeg\",\"contentUrl\":\"https:\\\/\\\/www.notibras.com\\\/site\\\/wp-content\\\/uploads\\\/2024\\\/04\\\/b78387b5-00c5-445b-b4fd-c1bd89161019.jpeg\",\"width\":1600,\"height\":1036},{\"@type\":\"BreadcrumbList\",\"@id\":\"https:\\\/\\\/www.notibras.com\\\/site\\\/lula-precisa-devolver-o-pao-tirado-da-boca-de-tio-zeca\\\/#breadcrumb\",\"itemListElement\":[{\"@type\":\"ListItem\",\"position\":1,\"name\":\"In\u00edcio\",\"item\":\"https:\\\/\\\/www.notibras.com\\\/site\\\/\"},{\"@type\":\"ListItem\",\"position\":2,\"name\":\"Lula precisa devolver o p\u00e3o tirado da boca de Tio Zeca\"}]},{\"@type\":\"WebSite\",\"@id\":\"https:\\\/\\\/www.notibras.com\\\/site\\\/#website\",\"url\":\"https:\\\/\\\/www.notibras.com\\\/site\\\/\",\"name\":\"Notibras\",\"description\":\"Not\u00edcias de Bras\u00edlia, do Brasil e do Mundo\",\"publisher\":{\"@id\":\"https:\\\/\\\/www.notibras.com\\\/site\\\/#organization\"},\"potentialAction\":[{\"@type\":\"SearchAction\",\"target\":{\"@type\":\"EntryPoint\",\"urlTemplate\":\"https:\\\/\\\/www.notibras.com\\\/site\\\/?s={search_term_string}\"},\"query-input\":{\"@type\":\"PropertyValueSpecification\",\"valueRequired\":true,\"valueName\":\"search_term_string\"}}],\"inLanguage\":\"pt-BR\"},{\"@type\":\"Organization\",\"@id\":\"https:\\\/\\\/www.notibras.com\\\/site\\\/#organization\",\"name\":\"Grupo Notibras de Comunica\u00e7\u00e3o\",\"url\":\"https:\\\/\\\/www.notibras.com\\\/site\\\/\",\"logo\":{\"@type\":\"ImageObject\",\"inLanguage\":\"pt-BR\",\"@id\":\"https:\\\/\\\/www.notibras.com\\\/site\\\/#\\\/schema\\\/logo\\\/image\\\/\",\"url\":\"https:\\\/\\\/www.notibras.com\\\/site\\\/wp-content\\\/uploads\\\/2023\\\/01\\\/notibras23.png\",\"contentUrl\":\"https:\\\/\\\/www.notibras.com\\\/site\\\/wp-content\\\/uploads\\\/2023\\\/01\\\/notibras23.png\",\"width\":350,\"height\":87,\"caption\":\"Grupo Notibras de Comunica\u00e7\u00e3o\"},\"image\":{\"@id\":\"https:\\\/\\\/www.notibras.com\\\/site\\\/#\\\/schema\\\/logo\\\/image\\\/\"},\"sameAs\":[\"https:\\\/\\\/www.facebook.com\\\/notibras\\\/\",\"https:\\\/\\\/x.com\\\/Notibras\",\"https:\\\/\\\/www.instagram.com\\\/notibras\\\/\"]},{\"@type\":\"Person\",\"@id\":\"https:\\\/\\\/www.notibras.com\\\/site\\\/#\\\/schema\\\/person\\\/36ab0979449956132d3e5b517ea76ac8\",\"name\":\"Reda\u00e7\u00e3o\",\"image\":{\"@type\":\"ImageObject\",\"inLanguage\":\"pt-BR\",\"@id\":\"https:\\\/\\\/secure.gravatar.com\\\/avatar\\\/e0a867bdedb85fd243eadf09663511f96fc81e0720a4a42581f334ad4303aa6b?s=96&d=mm&r=g\",\"url\":\"https:\\\/\\\/secure.gravatar.com\\\/avatar\\\/e0a867bdedb85fd243eadf09663511f96fc81e0720a4a42581f334ad4303aa6b?s=96&d=mm&r=g\",\"contentUrl\":\"https:\\\/\\\/secure.gravatar.com\\\/avatar\\\/e0a867bdedb85fd243eadf09663511f96fc81e0720a4a42581f334ad4303aa6b?s=96&d=mm&r=g\",\"caption\":\"Reda\u00e7\u00e3o\"}}]}<\/script>\n<!-- \/ Yoast SEO plugin. -->","yoast_head_json":{"title":"Lula precisa devolver o p\u00e3o tirado da boca de Tio Zeca - Notibras","robots":{"index":"index","follow":"follow","max-snippet":"max-snippet:-1","max-image-preview":"max-image-preview:large","max-video-preview":"max-video-preview:-1"},"canonical":"https:\/\/www.notibras.com\/site\/lula-precisa-devolver-o-pao-tirado-da-boca-de-tio-zeca\/","og_locale":"pt_BR","og_type":"article","og_title":"Lula precisa devolver o p\u00e3o tirado da boca de Tio Zeca - Notibras","og_description":"Ao fundo, na foto, a Praia do Gunga. Para alguns &#8216;bairristas&#8217; de Barra de S\u00e3o Miguel, vem a ser uma extens\u00e3o da paradis\u00edaca Praia das Conchas. Que seja. Quem sou eu, rec\u00e9m chegado \u00e0 cidade, para contrariar os nativos. Em primeiro plano, na mesa do Barra Beach, Tio Zeca, um velho pescador que conheci no [&hellip;]","og_url":"https:\/\/www.notibras.com\/site\/lula-precisa-devolver-o-pao-tirado-da-boca-de-tio-zeca\/","og_site_name":"Notibras","article_publisher":"https:\/\/www.facebook.com\/notibras\/","article_published_time":"2024-04-08T17:01:44+00:00","article_modified_time":"2024-04-08T17:04:26+00:00","og_image":[{"width":1600,"height":1036,"url":"https:\/\/www.notibras.com\/site\/wp-content\/uploads\/2024\/04\/b78387b5-00c5-445b-b4fd-c1bd89161019.jpeg","type":"image\/jpeg"}],"author":"Reda\u00e7\u00e3o","twitter_card":"summary_large_image","twitter_creator":"@Notibras","twitter_site":"@Notibras","twitter_misc":{"Escrito por":"Reda\u00e7\u00e3o","Est. tempo de leitura":"6 minutos"},"schema":{"@context":"https:\/\/schema.org","@graph":[{"@type":"Article","@id":"https:\/\/www.notibras.com\/site\/lula-precisa-devolver-o-pao-tirado-da-boca-de-tio-zeca\/#article","isPartOf":{"@id":"https:\/\/www.notibras.com\/site\/lula-precisa-devolver-o-pao-tirado-da-boca-de-tio-zeca\/"},"author":{"name":"Reda\u00e7\u00e3o","@id":"https:\/\/www.notibras.com\/site\/#\/schema\/person\/36ab0979449956132d3e5b517ea76ac8"},"headline":"Lula precisa devolver o p\u00e3o tirado da boca de Tio Zeca","datePublished":"2024-04-08T17:01:44+00:00","dateModified":"2024-04-08T17:04:26+00:00","mainEntityOfPage":{"@id":"https:\/\/www.notibras.com\/site\/lula-precisa-devolver-o-pao-tirado-da-boca-de-tio-zeca\/"},"wordCount":953,"publisher":{"@id":"https:\/\/www.notibras.com\/site\/#organization"},"image":{"@id":"https:\/\/www.notibras.com\/site\/lula-precisa-devolver-o-pao-tirado-da-boca-de-tio-zeca\/#primaryimage"},"thumbnailUrl":"https:\/\/www.notibras.com\/site\/wp-content\/uploads\/2024\/04\/b78387b5-00c5-445b-b4fd-c1bd89161019.jpeg","articleSection":["Alagoas","Bahia","Cear\u00e1","Maranh\u00e3o","Nordeste","Para\u00edba","Pernambuco","Piau\u00ed","Rio Grande do Norte","Sergipe"],"inLanguage":"pt-BR"},{"@type":"WebPage","@id":"https:\/\/www.notibras.com\/site\/lula-precisa-devolver-o-pao-tirado-da-boca-de-tio-zeca\/","url":"https:\/\/www.notibras.com\/site\/lula-precisa-devolver-o-pao-tirado-da-boca-de-tio-zeca\/","name":"Lula precisa devolver o p\u00e3o tirado da boca de Tio Zeca - Notibras","isPartOf":{"@id":"https:\/\/www.notibras.com\/site\/#website"},"primaryImageOfPage":{"@id":"https:\/\/www.notibras.com\/site\/lula-precisa-devolver-o-pao-tirado-da-boca-de-tio-zeca\/#primaryimage"},"image":{"@id":"https:\/\/www.notibras.com\/site\/lula-precisa-devolver-o-pao-tirado-da-boca-de-tio-zeca\/#primaryimage"},"thumbnailUrl":"https:\/\/www.notibras.com\/site\/wp-content\/uploads\/2024\/04\/b78387b5-00c5-445b-b4fd-c1bd89161019.jpeg","datePublished":"2024-04-08T17:01:44+00:00","dateModified":"2024-04-08T17:04:26+00:00","breadcrumb":{"@id":"https:\/\/www.notibras.com\/site\/lula-precisa-devolver-o-pao-tirado-da-boca-de-tio-zeca\/#breadcrumb"},"inLanguage":"pt-BR","potentialAction":[{"@type":"ReadAction","target":["https:\/\/www.notibras.com\/site\/lula-precisa-devolver-o-pao-tirado-da-boca-de-tio-zeca\/"]}]},{"@type":"ImageObject","inLanguage":"pt-BR","@id":"https:\/\/www.notibras.com\/site\/lula-precisa-devolver-o-pao-tirado-da-boca-de-tio-zeca\/#primaryimage","url":"https:\/\/www.notibras.com\/site\/wp-content\/uploads\/2024\/04\/b78387b5-00c5-445b-b4fd-c1bd89161019.jpeg","contentUrl":"https:\/\/www.notibras.com\/site\/wp-content\/uploads\/2024\/04\/b78387b5-00c5-445b-b4fd-c1bd89161019.jpeg","width":1600,"height":1036},{"@type":"BreadcrumbList","@id":"https:\/\/www.notibras.com\/site\/lula-precisa-devolver-o-pao-tirado-da-boca-de-tio-zeca\/#breadcrumb","itemListElement":[{"@type":"ListItem","position":1,"name":"In\u00edcio","item":"https:\/\/www.notibras.com\/site\/"},{"@type":"ListItem","position":2,"name":"Lula precisa devolver o p\u00e3o tirado da boca de Tio Zeca"}]},{"@type":"WebSite","@id":"https:\/\/www.notibras.com\/site\/#website","url":"https:\/\/www.notibras.com\/site\/","name":"Notibras","description":"Not\u00edcias de Bras\u00edlia, do Brasil e do Mundo","publisher":{"@id":"https:\/\/www.notibras.com\/site\/#organization"},"potentialAction":[{"@type":"SearchAction","target":{"@type":"EntryPoint","urlTemplate":"https:\/\/www.notibras.com\/site\/?s={search_term_string}"},"query-input":{"@type":"PropertyValueSpecification","valueRequired":true,"valueName":"search_term_string"}}],"inLanguage":"pt-BR"},{"@type":"Organization","@id":"https:\/\/www.notibras.com\/site\/#organization","name":"Grupo Notibras de Comunica\u00e7\u00e3o","url":"https:\/\/www.notibras.com\/site\/","logo":{"@type":"ImageObject","inLanguage":"pt-BR","@id":"https:\/\/www.notibras.com\/site\/#\/schema\/logo\/image\/","url":"https:\/\/www.notibras.com\/site\/wp-content\/uploads\/2023\/01\/notibras23.png","contentUrl":"https:\/\/www.notibras.com\/site\/wp-content\/uploads\/2023\/01\/notibras23.png","width":350,"height":87,"caption":"Grupo Notibras de Comunica\u00e7\u00e3o"},"image":{"@id":"https:\/\/www.notibras.com\/site\/#\/schema\/logo\/image\/"},"sameAs":["https:\/\/www.facebook.com\/notibras\/","https:\/\/x.com\/Notibras","https:\/\/www.instagram.com\/notibras\/"]},{"@type":"Person","@id":"https:\/\/www.notibras.com\/site\/#\/schema\/person\/36ab0979449956132d3e5b517ea76ac8","name":"Reda\u00e7\u00e3o","image":{"@type":"ImageObject","inLanguage":"pt-BR","@id":"https:\/\/secure.gravatar.com\/avatar\/e0a867bdedb85fd243eadf09663511f96fc81e0720a4a42581f334ad4303aa6b?s=96&d=mm&r=g","url":"https:\/\/secure.gravatar.com\/avatar\/e0a867bdedb85fd243eadf09663511f96fc81e0720a4a42581f334ad4303aa6b?s=96&d=mm&r=g","contentUrl":"https:\/\/secure.gravatar.com\/avatar\/e0a867bdedb85fd243eadf09663511f96fc81e0720a4a42581f334ad4303aa6b?s=96&d=mm&r=g","caption":"Reda\u00e7\u00e3o"}}]}},"amp_enabled":true,"_links":{"self":[{"href":"https:\/\/www.notibras.com\/site\/wp-json\/wp\/v2\/posts\/326226","targetHints":{"allow":["GET"]}}],"collection":[{"href":"https:\/\/www.notibras.com\/site\/wp-json\/wp\/v2\/posts"}],"about":[{"href":"https:\/\/www.notibras.com\/site\/wp-json\/wp\/v2\/types\/post"}],"author":[{"embeddable":true,"href":"https:\/\/www.notibras.com\/site\/wp-json\/wp\/v2\/users\/2"}],"replies":[{"embeddable":true,"href":"https:\/\/www.notibras.com\/site\/wp-json\/wp\/v2\/comments?post=326226"}],"version-history":[{"count":2,"href":"https:\/\/www.notibras.com\/site\/wp-json\/wp\/v2\/posts\/326226\/revisions"}],"predecessor-version":[{"id":326229,"href":"https:\/\/www.notibras.com\/site\/wp-json\/wp\/v2\/posts\/326226\/revisions\/326229"}],"wp:featuredmedia":[{"embeddable":true,"href":"https:\/\/www.notibras.com\/site\/wp-json\/wp\/v2\/media\/326227"}],"wp:attachment":[{"href":"https:\/\/www.notibras.com\/site\/wp-json\/wp\/v2\/media?parent=326226"}],"wp:term":[{"taxonomy":"category","embeddable":true,"href":"https:\/\/www.notibras.com\/site\/wp-json\/wp\/v2\/categories?post=326226"},{"taxonomy":"post_tag","embeddable":true,"href":"https:\/\/www.notibras.com\/site\/wp-json\/wp\/v2\/tags?post=326226"}],"curies":[{"name":"wp","href":"https:\/\/api.w.org\/{rel}","templated":true}]}}