{"id":326234,"date":"2024-04-08T16:33:21","date_gmt":"2024-04-08T19:33:21","guid":{"rendered":"https:\/\/www.notibras.com\/site\/?p=326234"},"modified":"2024-04-08T16:33:21","modified_gmt":"2024-04-08T19:33:21","slug":"samambaia-em-festa-com-chegada-do-mcdonalds","status":"publish","type":"post","link":"https:\/\/www.notibras.com\/site\/samambaia-em-festa-com-chegada-do-mcdonalds\/","title":{"rendered":"Samambaia em festa com chegada do McDonald&#8217;s"},"content":{"rendered":"<p>O McDonald&#8217;s chegou a mais uma regi\u00e3o administrativa do Distrito Federal inaugurando um restaurante para os f\u00e3s da marca que moram em Samambaia. A inaugura\u00e7\u00e3o, integra o plano de expans\u00e3o da Arcos Dorados, franquia que opera a rede McDonald&#8217;s na Am\u00e9rica Latina e Caribe, e gerou 60 novas vagas de trabalho para a regi\u00e3o. Das vagas dispon\u00edveis, grande parte do quadro de funcion\u00e1rios tem entre 18 e 24 anos, e est\u00e1 come\u00e7ando seu primeiro emprego.<\/p>\n<p>A nova unidade, localizada em uma das principais avenidas da cidade, \u00e9 a primeira que est\u00e1 trazendo novidades na sua estrutura. Como o menu digital, tanto no balc\u00e3o quanto no Drive-Thru, e os totens de autoatendimento ou no balc\u00e3o. As outras op\u00e7\u00f5es de compra est\u00e3o dispon\u00edveis, como Pe\u00e7a e Retire, fun\u00e7\u00e3o que permite ao cliente fazer sua compra no caminho para o restaurante, Delivery e o M\u00e9qui Zap.<\/p>\n<p>O restaurante conta com uma \u00e1rea de 855 m\u00b2, dois andares e design inovador, com capacidade para receber at\u00e9 112 pessoas sentadas. Possui elevador de acessibilidade e um hor\u00e1rio de funcionamento diferenciado, com o balc\u00e3o funcionando de segunda a s\u00e1bado, das 7h \u00e0s 23h, e no domingo, das 9h \u00e0s 23h. J\u00e1 o Drive funcionar\u00e1 \u00e0s segundas e ter\u00e7as das 7h \u00e0s 23h, de quarta-feira a s\u00e1bado, das 7h \u00e0s 4h da manh\u00e3 do dia seguinte e, no domingo, de 9h \u00e0 meia noite.<\/p>\n<p><strong>Servi\u00e7o<\/strong><br \/>\nMcDonald&#8217;s Samambaia<br \/>\nQuadra 302 conjunto 7 n\u00ba 0, Lote 01<br \/>\nHor\u00e1rio de Funcionamento:<br \/>\nLOJA: Segunda a s\u00e1bado &#8211; das 7h \u00e0s 23h<br \/>\nDomingo &#8211; das 9h h \u00e0s 23h<br \/>\nDRIVE: Segunda e ter\u00e7a &#8211; das 7h \u00e0s 23h<br \/>\nQuarta a s\u00e1bado \u2013 das 7h \u00e0s 4h (dia seguinte)<br \/>\nDomingo &#8211; das 9h h \u00e0s 00h<\/p>\n","protected":false},"excerpt":{"rendered":"<p>O McDonald&#8217;s chegou a mais uma regi\u00e3o administrativa do Distrito Federal inaugurando um restaurante para os f\u00e3s da marca que moram em Samambaia. A inaugura\u00e7\u00e3o, integra o plano de expans\u00e3o da Arcos Dorados, franquia que opera a rede McDonald&#8217;s na Am\u00e9rica Latina e Caribe, e gerou 60 novas vagas de trabalho para a regi\u00e3o. Das [&hellip;]<\/p>\n","protected":false},"author":2,"featured_media":326235,"comment_status":"closed","ping_status":"closed","sticky":false,"template":"","format":"standard","meta":{"_acf_changed":false,"footnotes":""},"categories":[161],"tags":[],"class_list":["post-326234","post","type-post","status-publish","format-standard","has-post-thumbnail","hentry","category-quadradinho-em-foco"],"acf":[],"yoast_head":"<!-- This site is optimized with the Yoast SEO plugin v27.5 - https:\/\/yoast.com\/product\/yoast-seo-wordpress\/ -->\n<title>Samambaia em festa com chegada do McDonald&#039;s - Notibras<\/title>\n<meta name=\"robots\" content=\"index, follow, max-snippet:-1, max-image-preview:large, max-video-preview:-1\" \/>\n<link rel=\"canonical\" href=\"https:\/\/www.notibras.com\/site\/samambaia-em-festa-com-chegada-do-mcdonalds\/\" \/>\n<meta property=\"og:locale\" content=\"pt_BR\" \/>\n<meta property=\"og:type\" content=\"article\" \/>\n<meta property=\"og:title\" content=\"Samambaia em festa com chegada do McDonald&#039;s - Notibras\" \/>\n<meta property=\"og:description\" content=\"O McDonald&#8217;s chegou a mais uma regi\u00e3o administrativa do Distrito Federal inaugurando um restaurante para os f\u00e3s da marca que moram em Samambaia. A inaugura\u00e7\u00e3o, integra o plano de expans\u00e3o da Arcos Dorados, franquia que opera a rede McDonald&#8217;s na Am\u00e9rica Latina e Caribe, e gerou 60 novas vagas de trabalho para a regi\u00e3o. Das [&hellip;]\" \/>\n<meta property=\"og:url\" content=\"https:\/\/www.notibras.com\/site\/samambaia-em-festa-com-chegada-do-mcdonalds\/\" \/>\n<meta property=\"og:site_name\" content=\"Notibras\" \/>\n<meta property=\"article:publisher\" content=\"https:\/\/www.facebook.com\/notibras\/\" \/>\n<meta property=\"article:published_time\" content=\"2024-04-08T19:33:21+00:00\" \/>\n<meta property=\"og:image\" content=\"https:\/\/www.notibras.com\/site\/wp-content\/uploads\/2024\/04\/McDonalds-Samambaia.jpeg\" \/>\n\t<meta property=\"og:image:width\" content=\"1029\" \/>\n\t<meta property=\"og:image:height\" content=\"918\" \/>\n\t<meta property=\"og:image:type\" content=\"image\/jpeg\" \/>\n<meta name=\"author\" content=\"Reda\u00e7\u00e3o\" \/>\n<meta name=\"twitter:card\" content=\"summary_large_image\" \/>\n<meta name=\"twitter:creator\" content=\"@Notibras\" \/>\n<meta name=\"twitter:site\" content=\"@Notibras\" \/>\n<meta name=\"twitter:label1\" content=\"Escrito por\" \/>\n\t<meta name=\"twitter:data1\" content=\"Reda\u00e7\u00e3o\" \/>\n\t<meta name=\"twitter:label2\" content=\"Est. tempo de leitura\" \/>\n\t<meta name=\"twitter:data2\" content=\"2 minutos\" \/>\n<script type=\"application\/ld+json\" class=\"yoast-schema-graph\">{\"@context\":\"https:\\\/\\\/schema.org\",\"@graph\":[{\"@type\":\"Article\",\"@id\":\"https:\\\/\\\/www.notibras.com\\\/site\\\/samambaia-em-festa-com-chegada-do-mcdonalds\\\/#article\",\"isPartOf\":{\"@id\":\"https:\\\/\\\/www.notibras.com\\\/site\\\/samambaia-em-festa-com-chegada-do-mcdonalds\\\/\"},\"author\":{\"name\":\"Reda\u00e7\u00e3o\",\"@id\":\"https:\\\/\\\/www.notibras.com\\\/site\\\/#\\\/schema\\\/person\\\/36ab0979449956132d3e5b517ea76ac8\"},\"headline\":\"Samambaia em festa com chegada do McDonald&#8217;s\",\"datePublished\":\"2024-04-08T19:33:21+00:00\",\"mainEntityOfPage\":{\"@id\":\"https:\\\/\\\/www.notibras.com\\\/site\\\/samambaia-em-festa-com-chegada-do-mcdonalds\\\/\"},\"wordCount\":305,\"publisher\":{\"@id\":\"https:\\\/\\\/www.notibras.com\\\/site\\\/#organization\"},\"image\":{\"@id\":\"https:\\\/\\\/www.notibras.com\\\/site\\\/samambaia-em-festa-com-chegada-do-mcdonalds\\\/#primaryimage\"},\"thumbnailUrl\":\"https:\\\/\\\/www.notibras.com\\\/site\\\/wp-content\\\/uploads\\\/2024\\\/04\\\/McDonalds-Samambaia.jpeg\",\"articleSection\":[\"Quadradinho em Foco\"],\"inLanguage\":\"pt-BR\"},{\"@type\":\"WebPage\",\"@id\":\"https:\\\/\\\/www.notibras.com\\\/site\\\/samambaia-em-festa-com-chegada-do-mcdonalds\\\/\",\"url\":\"https:\\\/\\\/www.notibras.com\\\/site\\\/samambaia-em-festa-com-chegada-do-mcdonalds\\\/\",\"name\":\"Samambaia em festa com chegada do McDonald's - Notibras\",\"isPartOf\":{\"@id\":\"https:\\\/\\\/www.notibras.com\\\/site\\\/#website\"},\"primaryImageOfPage\":{\"@id\":\"https:\\\/\\\/www.notibras.com\\\/site\\\/samambaia-em-festa-com-chegada-do-mcdonalds\\\/#primaryimage\"},\"image\":{\"@id\":\"https:\\\/\\\/www.notibras.com\\\/site\\\/samambaia-em-festa-com-chegada-do-mcdonalds\\\/#primaryimage\"},\"thumbnailUrl\":\"https:\\\/\\\/www.notibras.com\\\/site\\\/wp-content\\\/uploads\\\/2024\\\/04\\\/McDonalds-Samambaia.jpeg\",\"datePublished\":\"2024-04-08T19:33:21+00:00\",\"breadcrumb\":{\"@id\":\"https:\\\/\\\/www.notibras.com\\\/site\\\/samambaia-em-festa-com-chegada-do-mcdonalds\\\/#breadcrumb\"},\"inLanguage\":\"pt-BR\",\"potentialAction\":[{\"@type\":\"ReadAction\",\"target\":[\"https:\\\/\\\/www.notibras.com\\\/site\\\/samambaia-em-festa-com-chegada-do-mcdonalds\\\/\"]}]},{\"@type\":\"ImageObject\",\"inLanguage\":\"pt-BR\",\"@id\":\"https:\\\/\\\/www.notibras.com\\\/site\\\/samambaia-em-festa-com-chegada-do-mcdonalds\\\/#primaryimage\",\"url\":\"https:\\\/\\\/www.notibras.com\\\/site\\\/wp-content\\\/uploads\\\/2024\\\/04\\\/McDonalds-Samambaia.jpeg\",\"contentUrl\":\"https:\\\/\\\/www.notibras.com\\\/site\\\/wp-content\\\/uploads\\\/2024\\\/04\\\/McDonalds-Samambaia.jpeg\",\"width\":1029,\"height\":918},{\"@type\":\"BreadcrumbList\",\"@id\":\"https:\\\/\\\/www.notibras.com\\\/site\\\/samambaia-em-festa-com-chegada-do-mcdonalds\\\/#breadcrumb\",\"itemListElement\":[{\"@type\":\"ListItem\",\"position\":1,\"name\":\"In\u00edcio\",\"item\":\"https:\\\/\\\/www.notibras.com\\\/site\\\/\"},{\"@type\":\"ListItem\",\"position\":2,\"name\":\"Samambaia em festa com chegada do McDonald&#8217;s\"}]},{\"@type\":\"WebSite\",\"@id\":\"https:\\\/\\\/www.notibras.com\\\/site\\\/#website\",\"url\":\"https:\\\/\\\/www.notibras.com\\\/site\\\/\",\"name\":\"Notibras\",\"description\":\"Not\u00edcias de Bras\u00edlia, do Brasil e do Mundo\",\"publisher\":{\"@id\":\"https:\\\/\\\/www.notibras.com\\\/site\\\/#organization\"},\"potentialAction\":[{\"@type\":\"SearchAction\",\"target\":{\"@type\":\"EntryPoint\",\"urlTemplate\":\"https:\\\/\\\/www.notibras.com\\\/site\\\/?s={search_term_string}\"},\"query-input\":{\"@type\":\"PropertyValueSpecification\",\"valueRequired\":true,\"valueName\":\"search_term_string\"}}],\"inLanguage\":\"pt-BR\"},{\"@type\":\"Organization\",\"@id\":\"https:\\\/\\\/www.notibras.com\\\/site\\\/#organization\",\"name\":\"Grupo Notibras de Comunica\u00e7\u00e3o\",\"url\":\"https:\\\/\\\/www.notibras.com\\\/site\\\/\",\"logo\":{\"@type\":\"ImageObject\",\"inLanguage\":\"pt-BR\",\"@id\":\"https:\\\/\\\/www.notibras.com\\\/site\\\/#\\\/schema\\\/logo\\\/image\\\/\",\"url\":\"https:\\\/\\\/www.notibras.com\\\/site\\\/wp-content\\\/uploads\\\/2023\\\/01\\\/notibras23.png\",\"contentUrl\":\"https:\\\/\\\/www.notibras.com\\\/site\\\/wp-content\\\/uploads\\\/2023\\\/01\\\/notibras23.png\",\"width\":350,\"height\":87,\"caption\":\"Grupo Notibras de Comunica\u00e7\u00e3o\"},\"image\":{\"@id\":\"https:\\\/\\\/www.notibras.com\\\/site\\\/#\\\/schema\\\/logo\\\/image\\\/\"},\"sameAs\":[\"https:\\\/\\\/www.facebook.com\\\/notibras\\\/\",\"https:\\\/\\\/x.com\\\/Notibras\",\"https:\\\/\\\/www.instagram.com\\\/notibras\\\/\"]},{\"@type\":\"Person\",\"@id\":\"https:\\\/\\\/www.notibras.com\\\/site\\\/#\\\/schema\\\/person\\\/36ab0979449956132d3e5b517ea76ac8\",\"name\":\"Reda\u00e7\u00e3o\",\"image\":{\"@type\":\"ImageObject\",\"inLanguage\":\"pt-BR\",\"@id\":\"https:\\\/\\\/secure.gravatar.com\\\/avatar\\\/e0a867bdedb85fd243eadf09663511f96fc81e0720a4a42581f334ad4303aa6b?s=96&d=mm&r=g\",\"url\":\"https:\\\/\\\/secure.gravatar.com\\\/avatar\\\/e0a867bdedb85fd243eadf09663511f96fc81e0720a4a42581f334ad4303aa6b?s=96&d=mm&r=g\",\"contentUrl\":\"https:\\\/\\\/secure.gravatar.com\\\/avatar\\\/e0a867bdedb85fd243eadf09663511f96fc81e0720a4a42581f334ad4303aa6b?s=96&d=mm&r=g\",\"caption\":\"Reda\u00e7\u00e3o\"}}]}<\/script>\n<!-- \/ Yoast SEO plugin. -->","yoast_head_json":{"title":"Samambaia em festa com chegada do McDonald's - Notibras","robots":{"index":"index","follow":"follow","max-snippet":"max-snippet:-1","max-image-preview":"max-image-preview:large","max-video-preview":"max-video-preview:-1"},"canonical":"https:\/\/www.notibras.com\/site\/samambaia-em-festa-com-chegada-do-mcdonalds\/","og_locale":"pt_BR","og_type":"article","og_title":"Samambaia em festa com chegada do McDonald's - Notibras","og_description":"O McDonald&#8217;s chegou a mais uma regi\u00e3o administrativa do Distrito Federal inaugurando um restaurante para os f\u00e3s da marca que moram em Samambaia. A inaugura\u00e7\u00e3o, integra o plano de expans\u00e3o da Arcos Dorados, franquia que opera a rede McDonald&#8217;s na Am\u00e9rica Latina e Caribe, e gerou 60 novas vagas de trabalho para a regi\u00e3o. Das [&hellip;]","og_url":"https:\/\/www.notibras.com\/site\/samambaia-em-festa-com-chegada-do-mcdonalds\/","og_site_name":"Notibras","article_publisher":"https:\/\/www.facebook.com\/notibras\/","article_published_time":"2024-04-08T19:33:21+00:00","og_image":[{"width":1029,"height":918,"url":"https:\/\/www.notibras.com\/site\/wp-content\/uploads\/2024\/04\/McDonalds-Samambaia.jpeg","type":"image\/jpeg"}],"author":"Reda\u00e7\u00e3o","twitter_card":"summary_large_image","twitter_creator":"@Notibras","twitter_site":"@Notibras","twitter_misc":{"Escrito por":"Reda\u00e7\u00e3o","Est. tempo de leitura":"2 minutos"},"schema":{"@context":"https:\/\/schema.org","@graph":[{"@type":"Article","@id":"https:\/\/www.notibras.com\/site\/samambaia-em-festa-com-chegada-do-mcdonalds\/#article","isPartOf":{"@id":"https:\/\/www.notibras.com\/site\/samambaia-em-festa-com-chegada-do-mcdonalds\/"},"author":{"name":"Reda\u00e7\u00e3o","@id":"https:\/\/www.notibras.com\/site\/#\/schema\/person\/36ab0979449956132d3e5b517ea76ac8"},"headline":"Samambaia em festa com chegada do McDonald&#8217;s","datePublished":"2024-04-08T19:33:21+00:00","mainEntityOfPage":{"@id":"https:\/\/www.notibras.com\/site\/samambaia-em-festa-com-chegada-do-mcdonalds\/"},"wordCount":305,"publisher":{"@id":"https:\/\/www.notibras.com\/site\/#organization"},"image":{"@id":"https:\/\/www.notibras.com\/site\/samambaia-em-festa-com-chegada-do-mcdonalds\/#primaryimage"},"thumbnailUrl":"https:\/\/www.notibras.com\/site\/wp-content\/uploads\/2024\/04\/McDonalds-Samambaia.jpeg","articleSection":["Quadradinho em Foco"],"inLanguage":"pt-BR"},{"@type":"WebPage","@id":"https:\/\/www.notibras.com\/site\/samambaia-em-festa-com-chegada-do-mcdonalds\/","url":"https:\/\/www.notibras.com\/site\/samambaia-em-festa-com-chegada-do-mcdonalds\/","name":"Samambaia em festa com chegada do McDonald's - Notibras","isPartOf":{"@id":"https:\/\/www.notibras.com\/site\/#website"},"primaryImageOfPage":{"@id":"https:\/\/www.notibras.com\/site\/samambaia-em-festa-com-chegada-do-mcdonalds\/#primaryimage"},"image":{"@id":"https:\/\/www.notibras.com\/site\/samambaia-em-festa-com-chegada-do-mcdonalds\/#primaryimage"},"thumbnailUrl":"https:\/\/www.notibras.com\/site\/wp-content\/uploads\/2024\/04\/McDonalds-Samambaia.jpeg","datePublished":"2024-04-08T19:33:21+00:00","breadcrumb":{"@id":"https:\/\/www.notibras.com\/site\/samambaia-em-festa-com-chegada-do-mcdonalds\/#breadcrumb"},"inLanguage":"pt-BR","potentialAction":[{"@type":"ReadAction","target":["https:\/\/www.notibras.com\/site\/samambaia-em-festa-com-chegada-do-mcdonalds\/"]}]},{"@type":"ImageObject","inLanguage":"pt-BR","@id":"https:\/\/www.notibras.com\/site\/samambaia-em-festa-com-chegada-do-mcdonalds\/#primaryimage","url":"https:\/\/www.notibras.com\/site\/wp-content\/uploads\/2024\/04\/McDonalds-Samambaia.jpeg","contentUrl":"https:\/\/www.notibras.com\/site\/wp-content\/uploads\/2024\/04\/McDonalds-Samambaia.jpeg","width":1029,"height":918},{"@type":"BreadcrumbList","@id":"https:\/\/www.notibras.com\/site\/samambaia-em-festa-com-chegada-do-mcdonalds\/#breadcrumb","itemListElement":[{"@type":"ListItem","position":1,"name":"In\u00edcio","item":"https:\/\/www.notibras.com\/site\/"},{"@type":"ListItem","position":2,"name":"Samambaia em festa com chegada do McDonald&#8217;s"}]},{"@type":"WebSite","@id":"https:\/\/www.notibras.com\/site\/#website","url":"https:\/\/www.notibras.com\/site\/","name":"Notibras","description":"Not\u00edcias de Bras\u00edlia, do Brasil e do Mundo","publisher":{"@id":"https:\/\/www.notibras.com\/site\/#organization"},"potentialAction":[{"@type":"SearchAction","target":{"@type":"EntryPoint","urlTemplate":"https:\/\/www.notibras.com\/site\/?s={search_term_string}"},"query-input":{"@type":"PropertyValueSpecification","valueRequired":true,"valueName":"search_term_string"}}],"inLanguage":"pt-BR"},{"@type":"Organization","@id":"https:\/\/www.notibras.com\/site\/#organization","name":"Grupo Notibras de Comunica\u00e7\u00e3o","url":"https:\/\/www.notibras.com\/site\/","logo":{"@type":"ImageObject","inLanguage":"pt-BR","@id":"https:\/\/www.notibras.com\/site\/#\/schema\/logo\/image\/","url":"https:\/\/www.notibras.com\/site\/wp-content\/uploads\/2023\/01\/notibras23.png","contentUrl":"https:\/\/www.notibras.com\/site\/wp-content\/uploads\/2023\/01\/notibras23.png","width":350,"height":87,"caption":"Grupo Notibras de Comunica\u00e7\u00e3o"},"image":{"@id":"https:\/\/www.notibras.com\/site\/#\/schema\/logo\/image\/"},"sameAs":["https:\/\/www.facebook.com\/notibras\/","https:\/\/x.com\/Notibras","https:\/\/www.instagram.com\/notibras\/"]},{"@type":"Person","@id":"https:\/\/www.notibras.com\/site\/#\/schema\/person\/36ab0979449956132d3e5b517ea76ac8","name":"Reda\u00e7\u00e3o","image":{"@type":"ImageObject","inLanguage":"pt-BR","@id":"https:\/\/secure.gravatar.com\/avatar\/e0a867bdedb85fd243eadf09663511f96fc81e0720a4a42581f334ad4303aa6b?s=96&d=mm&r=g","url":"https:\/\/secure.gravatar.com\/avatar\/e0a867bdedb85fd243eadf09663511f96fc81e0720a4a42581f334ad4303aa6b?s=96&d=mm&r=g","contentUrl":"https:\/\/secure.gravatar.com\/avatar\/e0a867bdedb85fd243eadf09663511f96fc81e0720a4a42581f334ad4303aa6b?s=96&d=mm&r=g","caption":"Reda\u00e7\u00e3o"}}]}},"amp_enabled":true,"_links":{"self":[{"href":"https:\/\/www.notibras.com\/site\/wp-json\/wp\/v2\/posts\/326234","targetHints":{"allow":["GET"]}}],"collection":[{"href":"https:\/\/www.notibras.com\/site\/wp-json\/wp\/v2\/posts"}],"about":[{"href":"https:\/\/www.notibras.com\/site\/wp-json\/wp\/v2\/types\/post"}],"author":[{"embeddable":true,"href":"https:\/\/www.notibras.com\/site\/wp-json\/wp\/v2\/users\/2"}],"replies":[{"embeddable":true,"href":"https:\/\/www.notibras.com\/site\/wp-json\/wp\/v2\/comments?post=326234"}],"version-history":[{"count":1,"href":"https:\/\/www.notibras.com\/site\/wp-json\/wp\/v2\/posts\/326234\/revisions"}],"predecessor-version":[{"id":326236,"href":"https:\/\/www.notibras.com\/site\/wp-json\/wp\/v2\/posts\/326234\/revisions\/326236"}],"wp:featuredmedia":[{"embeddable":true,"href":"https:\/\/www.notibras.com\/site\/wp-json\/wp\/v2\/media\/326235"}],"wp:attachment":[{"href":"https:\/\/www.notibras.com\/site\/wp-json\/wp\/v2\/media?parent=326234"}],"wp:term":[{"taxonomy":"category","embeddable":true,"href":"https:\/\/www.notibras.com\/site\/wp-json\/wp\/v2\/categories?post=326234"},{"taxonomy":"post_tag","embeddable":true,"href":"https:\/\/www.notibras.com\/site\/wp-json\/wp\/v2\/tags?post=326234"}],"curies":[{"name":"wp","href":"https:\/\/api.w.org\/{rel}","templated":true}]}}