{"id":326289,"date":"2024-04-09T00:00:36","date_gmt":"2024-04-09T03:00:36","guid":{"rendered":"https:\/\/www.notibras.com\/site\/?p=326289"},"modified":"2024-04-09T08:29:43","modified_gmt":"2024-04-09T11:29:43","slug":"ultima-chance-para-quem-quiser-entrar-no-projeto-maos-na-roda","status":"publish","type":"post","link":"https:\/\/www.notibras.com\/site\/ultima-chance-para-quem-quiser-entrar-no-projeto-maos-na-roda\/","title":{"rendered":"\u00daltima chance para quem quiser entrar no projeto M\u00e3os na Roda"},"content":{"rendered":"<p>Quem deseja se inscrever no projeto M\u00e3os na Roda tem at\u00e9 esta ter\u00e7a-feira (9) para preencher o formul\u00e1rio no site da Secretaria Desenvolvimento Econ\u00f4mico, Trabalho e Renda (Sedet). Ao todo, s\u00e3o 20 vagas reabertas para quem deseja se qualificar como profissional de manuten\u00e7\u00e3o de cadeiras de rodas. Os inscritos tamb\u00e9m v\u00e3o ganhar uma mentoria de carreira durante as 88 horas\/aula do curso gratuito ofertado pelo Governo do Distrito Federal (GDF).<\/p>\n<p>O projeto \u00e9 desenvolvido por meio de uma parceria entre a Sedet e o Instituto AV3. Para participar, \u00e9 necess\u00e1rio ter mais de 18 anos ou acima de 14 anos com autoriza\u00e7\u00e3o dos pais ou respons\u00e1veis, ser benefici\u00e1rio do seguro-desemprego, estar desempregado, ser estagi\u00e1rio ou menor aprendiz e residir no Sol Nascente\/P\u00f4r do Sol.<\/p>\n<p>No momento da inscri\u00e7\u00e3o, os candidatos devem preencher as informa\u00e7\u00f5es de toda a documenta\u00e7\u00e3o exigida, como a Carteira de Identidade (RG), o Cadastro Geral de Pessoas F\u00edsicas (CPF) e o comprovante de resid\u00eancia no DF ou declara\u00e7\u00e3o de pr\u00f3prio punho.<\/p>\n<p>A oficina de manuten\u00e7\u00e3o de cadeira de rodas ser\u00e1 ministrada no turno matutino, das 8h \u00e0s 12h, enquanto a mentoria de carreira ser\u00e1 feita no turno vespertino, das 14h \u00e0s 18h<\/p>\n<p>Al\u00e9m do site da Sedet, a inscri\u00e7\u00e3o pode ser feita de forma presencial nas ag\u00eancias do trabalhador de Ceil\u00e2ndia (EQNM 18\/20) ou do Plano Piloto (SEPN 511, Bloco A, T\u00e9rreo), das 8h \u00e0s 17h.<\/p>\n<p>\u201cEsse \u00e9 um programa voltado \u00e0 inclus\u00e3o, qualificando pessoas de menor poder aquisitivo para o mercado de trabalho, dando acessibilidade \u00e0s pessoas com defici\u00eancia e atendendo a uma demanda de mercado que possui pouca m\u00e3o de obra qualificada\u201d, observa o secret\u00e1rio de Desenvolvimento Econ\u00f4mico, Trabalho e Renda, Thales Mendes.<\/p>\n<p>A oficina de manuten\u00e7\u00e3o de cadeira de rodas ser\u00e1 ministrada no turno matutino, das 8h \u00e0s 12h, enquanto a mentoria de carreira ser\u00e1 feita no turno vespertino, das 14h \u00e0s 18h.<\/p>\n<p>O curso tem dura\u00e7\u00e3o de 88 horas\/aula e ser\u00e1 ministrado na Quadra 206, Conjunto A, Lote 4. Neste mesmo endere\u00e7o devem ser confirmadas as matr\u00edculas nos dias 12 e 13 deste m\u00eas.<\/p>\n<p>Para mais informa\u00e7\u00f5es, basta contatar a Subsecretaria de Qualifica\u00e7\u00e3o Profissional (SQP) da Sedet pelo telefone ou <strong>WhatsApp (61) 98279-0085.<\/strong><\/p>\n","protected":false},"excerpt":{"rendered":"<p>Quem deseja se inscrever no projeto M\u00e3os na Roda tem at\u00e9 esta ter\u00e7a-feira (9) para preencher o formul\u00e1rio no site da Secretaria Desenvolvimento Econ\u00f4mico, Trabalho e Renda (Sedet). Ao todo, s\u00e3o 20 vagas reabertas para quem deseja se qualificar como profissional de manuten\u00e7\u00e3o de cadeiras de rodas. Os inscritos tamb\u00e9m v\u00e3o ganhar uma mentoria de [&hellip;]<\/p>\n","protected":false},"author":2,"featured_media":326290,"comment_status":"closed","ping_status":"closed","sticky":false,"template":"","format":"standard","meta":{"_acf_changed":false,"footnotes":""},"categories":[161],"tags":[],"class_list":["post-326289","post","type-post","status-publish","format-standard","has-post-thumbnail","hentry","category-quadradinho-em-foco"],"acf":[],"yoast_head":"<!-- This site is optimized with the Yoast SEO plugin v27.5 - https:\/\/yoast.com\/product\/yoast-seo-wordpress\/ -->\n<title>\u00daltima chance para quem quiser entrar no projeto M\u00e3os na Roda - Notibras<\/title>\n<meta name=\"robots\" content=\"index, follow, max-snippet:-1, max-image-preview:large, max-video-preview:-1\" \/>\n<link rel=\"canonical\" href=\"https:\/\/www.notibras.com\/site\/ultima-chance-para-quem-quiser-entrar-no-projeto-maos-na-roda\/\" \/>\n<meta property=\"og:locale\" content=\"pt_BR\" \/>\n<meta property=\"og:type\" content=\"article\" \/>\n<meta property=\"og:title\" content=\"\u00daltima chance para quem quiser entrar no projeto M\u00e3os na Roda - Notibras\" \/>\n<meta property=\"og:description\" content=\"Quem deseja se inscrever no projeto M\u00e3os na Roda tem at\u00e9 esta ter\u00e7a-feira (9) para preencher o formul\u00e1rio no site da Secretaria Desenvolvimento Econ\u00f4mico, Trabalho e Renda (Sedet). Ao todo, s\u00e3o 20 vagas reabertas para quem deseja se qualificar como profissional de manuten\u00e7\u00e3o de cadeiras de rodas. Os inscritos tamb\u00e9m v\u00e3o ganhar uma mentoria de [&hellip;]\" \/>\n<meta property=\"og:url\" content=\"https:\/\/www.notibras.com\/site\/ultima-chance-para-quem-quiser-entrar-no-projeto-maos-na-roda\/\" \/>\n<meta property=\"og:site_name\" content=\"Notibras\" \/>\n<meta property=\"article:publisher\" content=\"https:\/\/www.facebook.com\/notibras\/\" \/>\n<meta property=\"article:published_time\" content=\"2024-04-09T03:00:36+00:00\" \/>\n<meta property=\"article:modified_time\" content=\"2024-04-09T11:29:43+00:00\" \/>\n<meta property=\"og:image\" content=\"https:\/\/www.notibras.com\/site\/wp-content\/uploads\/2024\/04\/Paulo-H.-CarvalhoAgencia-Brasilia2-1536x1020-1.jpg\" \/>\n\t<meta property=\"og:image:width\" content=\"1536\" \/>\n\t<meta property=\"og:image:height\" content=\"1020\" \/>\n\t<meta property=\"og:image:type\" content=\"image\/jpeg\" \/>\n<meta name=\"author\" content=\"Reda\u00e7\u00e3o\" \/>\n<meta name=\"twitter:card\" content=\"summary_large_image\" \/>\n<meta name=\"twitter:creator\" content=\"@Notibras\" \/>\n<meta name=\"twitter:site\" content=\"@Notibras\" \/>\n<meta name=\"twitter:label1\" content=\"Escrito por\" \/>\n\t<meta name=\"twitter:data1\" content=\"Reda\u00e7\u00e3o\" \/>\n\t<meta name=\"twitter:label2\" content=\"Est. tempo de leitura\" \/>\n\t<meta name=\"twitter:data2\" content=\"3 minutos\" \/>\n<script type=\"application\/ld+json\" class=\"yoast-schema-graph\">{\"@context\":\"https:\\\/\\\/schema.org\",\"@graph\":[{\"@type\":\"Article\",\"@id\":\"https:\\\/\\\/www.notibras.com\\\/site\\\/ultima-chance-para-quem-quiser-entrar-no-projeto-maos-na-roda\\\/#article\",\"isPartOf\":{\"@id\":\"https:\\\/\\\/www.notibras.com\\\/site\\\/ultima-chance-para-quem-quiser-entrar-no-projeto-maos-na-roda\\\/\"},\"author\":{\"name\":\"Reda\u00e7\u00e3o\",\"@id\":\"https:\\\/\\\/www.notibras.com\\\/site\\\/#\\\/schema\\\/person\\\/36ab0979449956132d3e5b517ea76ac8\"},\"headline\":\"\u00daltima chance para quem quiser entrar no projeto M\u00e3os na Roda\",\"datePublished\":\"2024-04-09T03:00:36+00:00\",\"dateModified\":\"2024-04-09T11:29:43+00:00\",\"mainEntityOfPage\":{\"@id\":\"https:\\\/\\\/www.notibras.com\\\/site\\\/ultima-chance-para-quem-quiser-entrar-no-projeto-maos-na-roda\\\/\"},\"wordCount\":397,\"publisher\":{\"@id\":\"https:\\\/\\\/www.notibras.com\\\/site\\\/#organization\"},\"image\":{\"@id\":\"https:\\\/\\\/www.notibras.com\\\/site\\\/ultima-chance-para-quem-quiser-entrar-no-projeto-maos-na-roda\\\/#primaryimage\"},\"thumbnailUrl\":\"https:\\\/\\\/www.notibras.com\\\/site\\\/wp-content\\\/uploads\\\/2024\\\/04\\\/Paulo-H.-CarvalhoAgencia-Brasilia2-1536x1020-1.jpg\",\"articleSection\":[\"Quadradinho em Foco\"],\"inLanguage\":\"pt-BR\"},{\"@type\":\"WebPage\",\"@id\":\"https:\\\/\\\/www.notibras.com\\\/site\\\/ultima-chance-para-quem-quiser-entrar-no-projeto-maos-na-roda\\\/\",\"url\":\"https:\\\/\\\/www.notibras.com\\\/site\\\/ultima-chance-para-quem-quiser-entrar-no-projeto-maos-na-roda\\\/\",\"name\":\"\u00daltima chance para quem quiser entrar no projeto M\u00e3os na Roda - Notibras\",\"isPartOf\":{\"@id\":\"https:\\\/\\\/www.notibras.com\\\/site\\\/#website\"},\"primaryImageOfPage\":{\"@id\":\"https:\\\/\\\/www.notibras.com\\\/site\\\/ultima-chance-para-quem-quiser-entrar-no-projeto-maos-na-roda\\\/#primaryimage\"},\"image\":{\"@id\":\"https:\\\/\\\/www.notibras.com\\\/site\\\/ultima-chance-para-quem-quiser-entrar-no-projeto-maos-na-roda\\\/#primaryimage\"},\"thumbnailUrl\":\"https:\\\/\\\/www.notibras.com\\\/site\\\/wp-content\\\/uploads\\\/2024\\\/04\\\/Paulo-H.-CarvalhoAgencia-Brasilia2-1536x1020-1.jpg\",\"datePublished\":\"2024-04-09T03:00:36+00:00\",\"dateModified\":\"2024-04-09T11:29:43+00:00\",\"breadcrumb\":{\"@id\":\"https:\\\/\\\/www.notibras.com\\\/site\\\/ultima-chance-para-quem-quiser-entrar-no-projeto-maos-na-roda\\\/#breadcrumb\"},\"inLanguage\":\"pt-BR\",\"potentialAction\":[{\"@type\":\"ReadAction\",\"target\":[\"https:\\\/\\\/www.notibras.com\\\/site\\\/ultima-chance-para-quem-quiser-entrar-no-projeto-maos-na-roda\\\/\"]}]},{\"@type\":\"ImageObject\",\"inLanguage\":\"pt-BR\",\"@id\":\"https:\\\/\\\/www.notibras.com\\\/site\\\/ultima-chance-para-quem-quiser-entrar-no-projeto-maos-na-roda\\\/#primaryimage\",\"url\":\"https:\\\/\\\/www.notibras.com\\\/site\\\/wp-content\\\/uploads\\\/2024\\\/04\\\/Paulo-H.-CarvalhoAgencia-Brasilia2-1536x1020-1.jpg\",\"contentUrl\":\"https:\\\/\\\/www.notibras.com\\\/site\\\/wp-content\\\/uploads\\\/2024\\\/04\\\/Paulo-H.-CarvalhoAgencia-Brasilia2-1536x1020-1.jpg\",\"width\":1536,\"height\":1020},{\"@type\":\"BreadcrumbList\",\"@id\":\"https:\\\/\\\/www.notibras.com\\\/site\\\/ultima-chance-para-quem-quiser-entrar-no-projeto-maos-na-roda\\\/#breadcrumb\",\"itemListElement\":[{\"@type\":\"ListItem\",\"position\":1,\"name\":\"In\u00edcio\",\"item\":\"https:\\\/\\\/www.notibras.com\\\/site\\\/\"},{\"@type\":\"ListItem\",\"position\":2,\"name\":\"\u00daltima chance para quem quiser entrar no projeto M\u00e3os na Roda\"}]},{\"@type\":\"WebSite\",\"@id\":\"https:\\\/\\\/www.notibras.com\\\/site\\\/#website\",\"url\":\"https:\\\/\\\/www.notibras.com\\\/site\\\/\",\"name\":\"Notibras\",\"description\":\"Not\u00edcias de Bras\u00edlia, do Brasil e do Mundo\",\"publisher\":{\"@id\":\"https:\\\/\\\/www.notibras.com\\\/site\\\/#organization\"},\"potentialAction\":[{\"@type\":\"SearchAction\",\"target\":{\"@type\":\"EntryPoint\",\"urlTemplate\":\"https:\\\/\\\/www.notibras.com\\\/site\\\/?s={search_term_string}\"},\"query-input\":{\"@type\":\"PropertyValueSpecification\",\"valueRequired\":true,\"valueName\":\"search_term_string\"}}],\"inLanguage\":\"pt-BR\"},{\"@type\":\"Organization\",\"@id\":\"https:\\\/\\\/www.notibras.com\\\/site\\\/#organization\",\"name\":\"Grupo Notibras de Comunica\u00e7\u00e3o\",\"url\":\"https:\\\/\\\/www.notibras.com\\\/site\\\/\",\"logo\":{\"@type\":\"ImageObject\",\"inLanguage\":\"pt-BR\",\"@id\":\"https:\\\/\\\/www.notibras.com\\\/site\\\/#\\\/schema\\\/logo\\\/image\\\/\",\"url\":\"https:\\\/\\\/www.notibras.com\\\/site\\\/wp-content\\\/uploads\\\/2023\\\/01\\\/notibras23.png\",\"contentUrl\":\"https:\\\/\\\/www.notibras.com\\\/site\\\/wp-content\\\/uploads\\\/2023\\\/01\\\/notibras23.png\",\"width\":350,\"height\":87,\"caption\":\"Grupo Notibras de Comunica\u00e7\u00e3o\"},\"image\":{\"@id\":\"https:\\\/\\\/www.notibras.com\\\/site\\\/#\\\/schema\\\/logo\\\/image\\\/\"},\"sameAs\":[\"https:\\\/\\\/www.facebook.com\\\/notibras\\\/\",\"https:\\\/\\\/x.com\\\/Notibras\",\"https:\\\/\\\/www.instagram.com\\\/notibras\\\/\"]},{\"@type\":\"Person\",\"@id\":\"https:\\\/\\\/www.notibras.com\\\/site\\\/#\\\/schema\\\/person\\\/36ab0979449956132d3e5b517ea76ac8\",\"name\":\"Reda\u00e7\u00e3o\",\"image\":{\"@type\":\"ImageObject\",\"inLanguage\":\"pt-BR\",\"@id\":\"https:\\\/\\\/secure.gravatar.com\\\/avatar\\\/e0a867bdedb85fd243eadf09663511f96fc81e0720a4a42581f334ad4303aa6b?s=96&d=mm&r=g\",\"url\":\"https:\\\/\\\/secure.gravatar.com\\\/avatar\\\/e0a867bdedb85fd243eadf09663511f96fc81e0720a4a42581f334ad4303aa6b?s=96&d=mm&r=g\",\"contentUrl\":\"https:\\\/\\\/secure.gravatar.com\\\/avatar\\\/e0a867bdedb85fd243eadf09663511f96fc81e0720a4a42581f334ad4303aa6b?s=96&d=mm&r=g\",\"caption\":\"Reda\u00e7\u00e3o\"}}]}<\/script>\n<!-- \/ Yoast SEO plugin. -->","yoast_head_json":{"title":"\u00daltima chance para quem quiser entrar no projeto M\u00e3os na Roda - Notibras","robots":{"index":"index","follow":"follow","max-snippet":"max-snippet:-1","max-image-preview":"max-image-preview:large","max-video-preview":"max-video-preview:-1"},"canonical":"https:\/\/www.notibras.com\/site\/ultima-chance-para-quem-quiser-entrar-no-projeto-maos-na-roda\/","og_locale":"pt_BR","og_type":"article","og_title":"\u00daltima chance para quem quiser entrar no projeto M\u00e3os na Roda - Notibras","og_description":"Quem deseja se inscrever no projeto M\u00e3os na Roda tem at\u00e9 esta ter\u00e7a-feira (9) para preencher o formul\u00e1rio no site da Secretaria Desenvolvimento Econ\u00f4mico, Trabalho e Renda (Sedet). Ao todo, s\u00e3o 20 vagas reabertas para quem deseja se qualificar como profissional de manuten\u00e7\u00e3o de cadeiras de rodas. Os inscritos tamb\u00e9m v\u00e3o ganhar uma mentoria de [&hellip;]","og_url":"https:\/\/www.notibras.com\/site\/ultima-chance-para-quem-quiser-entrar-no-projeto-maos-na-roda\/","og_site_name":"Notibras","article_publisher":"https:\/\/www.facebook.com\/notibras\/","article_published_time":"2024-04-09T03:00:36+00:00","article_modified_time":"2024-04-09T11:29:43+00:00","og_image":[{"width":1536,"height":1020,"url":"https:\/\/www.notibras.com\/site\/wp-content\/uploads\/2024\/04\/Paulo-H.-CarvalhoAgencia-Brasilia2-1536x1020-1.jpg","type":"image\/jpeg"}],"author":"Reda\u00e7\u00e3o","twitter_card":"summary_large_image","twitter_creator":"@Notibras","twitter_site":"@Notibras","twitter_misc":{"Escrito por":"Reda\u00e7\u00e3o","Est. tempo de leitura":"3 minutos"},"schema":{"@context":"https:\/\/schema.org","@graph":[{"@type":"Article","@id":"https:\/\/www.notibras.com\/site\/ultima-chance-para-quem-quiser-entrar-no-projeto-maos-na-roda\/#article","isPartOf":{"@id":"https:\/\/www.notibras.com\/site\/ultima-chance-para-quem-quiser-entrar-no-projeto-maos-na-roda\/"},"author":{"name":"Reda\u00e7\u00e3o","@id":"https:\/\/www.notibras.com\/site\/#\/schema\/person\/36ab0979449956132d3e5b517ea76ac8"},"headline":"\u00daltima chance para quem quiser entrar no projeto M\u00e3os na Roda","datePublished":"2024-04-09T03:00:36+00:00","dateModified":"2024-04-09T11:29:43+00:00","mainEntityOfPage":{"@id":"https:\/\/www.notibras.com\/site\/ultima-chance-para-quem-quiser-entrar-no-projeto-maos-na-roda\/"},"wordCount":397,"publisher":{"@id":"https:\/\/www.notibras.com\/site\/#organization"},"image":{"@id":"https:\/\/www.notibras.com\/site\/ultima-chance-para-quem-quiser-entrar-no-projeto-maos-na-roda\/#primaryimage"},"thumbnailUrl":"https:\/\/www.notibras.com\/site\/wp-content\/uploads\/2024\/04\/Paulo-H.-CarvalhoAgencia-Brasilia2-1536x1020-1.jpg","articleSection":["Quadradinho em Foco"],"inLanguage":"pt-BR"},{"@type":"WebPage","@id":"https:\/\/www.notibras.com\/site\/ultima-chance-para-quem-quiser-entrar-no-projeto-maos-na-roda\/","url":"https:\/\/www.notibras.com\/site\/ultima-chance-para-quem-quiser-entrar-no-projeto-maos-na-roda\/","name":"\u00daltima chance para quem quiser entrar no projeto M\u00e3os na Roda - Notibras","isPartOf":{"@id":"https:\/\/www.notibras.com\/site\/#website"},"primaryImageOfPage":{"@id":"https:\/\/www.notibras.com\/site\/ultima-chance-para-quem-quiser-entrar-no-projeto-maos-na-roda\/#primaryimage"},"image":{"@id":"https:\/\/www.notibras.com\/site\/ultima-chance-para-quem-quiser-entrar-no-projeto-maos-na-roda\/#primaryimage"},"thumbnailUrl":"https:\/\/www.notibras.com\/site\/wp-content\/uploads\/2024\/04\/Paulo-H.-CarvalhoAgencia-Brasilia2-1536x1020-1.jpg","datePublished":"2024-04-09T03:00:36+00:00","dateModified":"2024-04-09T11:29:43+00:00","breadcrumb":{"@id":"https:\/\/www.notibras.com\/site\/ultima-chance-para-quem-quiser-entrar-no-projeto-maos-na-roda\/#breadcrumb"},"inLanguage":"pt-BR","potentialAction":[{"@type":"ReadAction","target":["https:\/\/www.notibras.com\/site\/ultima-chance-para-quem-quiser-entrar-no-projeto-maos-na-roda\/"]}]},{"@type":"ImageObject","inLanguage":"pt-BR","@id":"https:\/\/www.notibras.com\/site\/ultima-chance-para-quem-quiser-entrar-no-projeto-maos-na-roda\/#primaryimage","url":"https:\/\/www.notibras.com\/site\/wp-content\/uploads\/2024\/04\/Paulo-H.-CarvalhoAgencia-Brasilia2-1536x1020-1.jpg","contentUrl":"https:\/\/www.notibras.com\/site\/wp-content\/uploads\/2024\/04\/Paulo-H.-CarvalhoAgencia-Brasilia2-1536x1020-1.jpg","width":1536,"height":1020},{"@type":"BreadcrumbList","@id":"https:\/\/www.notibras.com\/site\/ultima-chance-para-quem-quiser-entrar-no-projeto-maos-na-roda\/#breadcrumb","itemListElement":[{"@type":"ListItem","position":1,"name":"In\u00edcio","item":"https:\/\/www.notibras.com\/site\/"},{"@type":"ListItem","position":2,"name":"\u00daltima chance para quem quiser entrar no projeto M\u00e3os na Roda"}]},{"@type":"WebSite","@id":"https:\/\/www.notibras.com\/site\/#website","url":"https:\/\/www.notibras.com\/site\/","name":"Notibras","description":"Not\u00edcias de Bras\u00edlia, do Brasil e do Mundo","publisher":{"@id":"https:\/\/www.notibras.com\/site\/#organization"},"potentialAction":[{"@type":"SearchAction","target":{"@type":"EntryPoint","urlTemplate":"https:\/\/www.notibras.com\/site\/?s={search_term_string}"},"query-input":{"@type":"PropertyValueSpecification","valueRequired":true,"valueName":"search_term_string"}}],"inLanguage":"pt-BR"},{"@type":"Organization","@id":"https:\/\/www.notibras.com\/site\/#organization","name":"Grupo Notibras de Comunica\u00e7\u00e3o","url":"https:\/\/www.notibras.com\/site\/","logo":{"@type":"ImageObject","inLanguage":"pt-BR","@id":"https:\/\/www.notibras.com\/site\/#\/schema\/logo\/image\/","url":"https:\/\/www.notibras.com\/site\/wp-content\/uploads\/2023\/01\/notibras23.png","contentUrl":"https:\/\/www.notibras.com\/site\/wp-content\/uploads\/2023\/01\/notibras23.png","width":350,"height":87,"caption":"Grupo Notibras de Comunica\u00e7\u00e3o"},"image":{"@id":"https:\/\/www.notibras.com\/site\/#\/schema\/logo\/image\/"},"sameAs":["https:\/\/www.facebook.com\/notibras\/","https:\/\/x.com\/Notibras","https:\/\/www.instagram.com\/notibras\/"]},{"@type":"Person","@id":"https:\/\/www.notibras.com\/site\/#\/schema\/person\/36ab0979449956132d3e5b517ea76ac8","name":"Reda\u00e7\u00e3o","image":{"@type":"ImageObject","inLanguage":"pt-BR","@id":"https:\/\/secure.gravatar.com\/avatar\/e0a867bdedb85fd243eadf09663511f96fc81e0720a4a42581f334ad4303aa6b?s=96&d=mm&r=g","url":"https:\/\/secure.gravatar.com\/avatar\/e0a867bdedb85fd243eadf09663511f96fc81e0720a4a42581f334ad4303aa6b?s=96&d=mm&r=g","contentUrl":"https:\/\/secure.gravatar.com\/avatar\/e0a867bdedb85fd243eadf09663511f96fc81e0720a4a42581f334ad4303aa6b?s=96&d=mm&r=g","caption":"Reda\u00e7\u00e3o"}}]}},"amp_enabled":true,"_links":{"self":[{"href":"https:\/\/www.notibras.com\/site\/wp-json\/wp\/v2\/posts\/326289","targetHints":{"allow":["GET"]}}],"collection":[{"href":"https:\/\/www.notibras.com\/site\/wp-json\/wp\/v2\/posts"}],"about":[{"href":"https:\/\/www.notibras.com\/site\/wp-json\/wp\/v2\/types\/post"}],"author":[{"embeddable":true,"href":"https:\/\/www.notibras.com\/site\/wp-json\/wp\/v2\/users\/2"}],"replies":[{"embeddable":true,"href":"https:\/\/www.notibras.com\/site\/wp-json\/wp\/v2\/comments?post=326289"}],"version-history":[{"count":1,"href":"https:\/\/www.notibras.com\/site\/wp-json\/wp\/v2\/posts\/326289\/revisions"}],"predecessor-version":[{"id":326291,"href":"https:\/\/www.notibras.com\/site\/wp-json\/wp\/v2\/posts\/326289\/revisions\/326291"}],"wp:featuredmedia":[{"embeddable":true,"href":"https:\/\/www.notibras.com\/site\/wp-json\/wp\/v2\/media\/326290"}],"wp:attachment":[{"href":"https:\/\/www.notibras.com\/site\/wp-json\/wp\/v2\/media?parent=326289"}],"wp:term":[{"taxonomy":"category","embeddable":true,"href":"https:\/\/www.notibras.com\/site\/wp-json\/wp\/v2\/categories?post=326289"},{"taxonomy":"post_tag","embeddable":true,"href":"https:\/\/www.notibras.com\/site\/wp-json\/wp\/v2\/tags?post=326289"}],"curies":[{"name":"wp","href":"https:\/\/api.w.org\/{rel}","templated":true}]}}