{"id":326333,"date":"2024-04-09T19:06:45","date_gmt":"2024-04-09T22:06:45","guid":{"rendered":"https:\/\/www.notibras.com\/site\/?p=326333"},"modified":"2024-04-09T19:06:45","modified_gmt":"2024-04-09T22:06:45","slug":"memorial-jk-recebe-a-visita-do-chanceler-tcheco","status":"publish","type":"post","link":"https:\/\/www.notibras.com\/site\/memorial-jk-recebe-a-visita-do-chanceler-tcheco\/","title":{"rendered":"Memorial JK recebe a visita do chanceler tcheco"},"content":{"rendered":"<p>O ministro das Rela\u00e7\u00f5es Exteriores da Rep\u00fablica Tcheca, Jan Lipavsk\u00fd, visitou o Memorial JK nesta ter\u00e7a-feira (9). Ele foi recebido pelo bisneto do fundador de Bras\u00edlia, Andr\u00e9 Oct\u00e1vio Kubitschek, e pelo empres\u00e1rio Paulo Oct\u00e1vio, ambos vice-presidentes do museu que reverencia a hist\u00f3ria da cria\u00e7\u00e3o de Bras\u00edlia e de seu fundador. Juscelino Kubitschek tinha ascend\u00eancia tcheca \u2013 seu bisav\u00f4 materno Jan Nepomuk Kub\u00ed\u010dek chegou ao Brasil na primeira metade do S\u00e9culo XIX.<\/p>\n<p>Acompanhado da embaixadora Pavla Havrl\u00edkov\u00e1, o ministro conheceu detalhes da vida e da obra de JK, visitando os dois andares do museu. Tamb\u00e9m colocou flores no t\u00famulo do fundador de Bras\u00edlia. A Andr\u00e9 Oct\u00e1vio Kubitschek, Jan Lipavsk\u00fd revelou que a constru\u00e7\u00e3o da capital impressiona e sensibiliza o povo tcheco, pelos la\u00e7os que unem os dois pa\u00edses. O chefe da diplomacia tcheca assinou o livro de ouro do Memorial JK e trocou presentes com o bisneto de JK.<\/p>\n<p>Ex-deputado em seu pa\u00eds, Lipavsk\u00fd chegou ao Brasil na segunda-feira (8), com o objetivo de fortalecer investimentos m\u00fatuos e ampliar a coopera\u00e7\u00e3o empresarial entre os dois pa\u00edses. Atualmente, o Brasil \u00e9 o maior parceiro comercial da Rep\u00fablica Tcheca na Am\u00e9rica do Sul. O ministro das Rela\u00e7\u00f5es Exteriores do pa\u00eds europeu tamb\u00e9m visitar\u00e1 a Argentina, pa\u00eds que tem a maior comunidade de tcheca na Am\u00e9rica Latina.<\/p>\n<p>Em sua estada no Brasil, que termina nesta quarta-feira (10), Lipavsk\u00fd teve um almo\u00e7o de neg\u00f3cios com a secret\u00e1ria-geral do Itamaraty, Maria Laura da Rocha, e reuniu-se com o ministro de Minas e Energia, Alexandre Silveira, e com o ministro de Desenvolvimento, Ind\u00fastria, Com\u00e9rcio e Servi\u00e7os, vice-presidente Geraldo Alckmin. Em S\u00e3o Paulo, ele ter\u00e1 encontros com representantes do Governo do Estado e da Federa\u00e7\u00e3o das Ind\u00fastrias de S\u00e3o Paulo (Fiesp).<\/p>\n","protected":false},"excerpt":{"rendered":"<p>O ministro das Rela\u00e7\u00f5es Exteriores da Rep\u00fablica Tcheca, Jan Lipavsk\u00fd, visitou o Memorial JK nesta ter\u00e7a-feira (9). Ele foi recebido pelo bisneto do fundador de Bras\u00edlia, Andr\u00e9 Oct\u00e1vio Kubitschek, e pelo empres\u00e1rio Paulo Oct\u00e1vio, ambos vice-presidentes do museu que reverencia a hist\u00f3ria da cria\u00e7\u00e3o de Bras\u00edlia e de seu fundador. Juscelino Kubitschek tinha ascend\u00eancia tcheca [&hellip;]<\/p>\n","protected":false},"author":2,"featured_media":326334,"comment_status":"closed","ping_status":"closed","sticky":false,"template":"","format":"standard","meta":{"_acf_changed":false,"footnotes":""},"categories":[161],"tags":[],"class_list":["post-326333","post","type-post","status-publish","format-standard","has-post-thumbnail","hentry","category-quadradinho-em-foco"],"acf":[],"yoast_head":"<!-- This site is optimized with the Yoast SEO plugin v27.5 - https:\/\/yoast.com\/product\/yoast-seo-wordpress\/ -->\n<title>Memorial JK recebe a visita do chanceler tcheco - Notibras<\/title>\n<meta name=\"robots\" content=\"index, follow, max-snippet:-1, max-image-preview:large, max-video-preview:-1\" \/>\n<link rel=\"canonical\" href=\"https:\/\/www.notibras.com\/site\/memorial-jk-recebe-a-visita-do-chanceler-tcheco\/\" \/>\n<meta property=\"og:locale\" content=\"pt_BR\" \/>\n<meta property=\"og:type\" content=\"article\" \/>\n<meta property=\"og:title\" content=\"Memorial JK recebe a visita do chanceler tcheco - Notibras\" \/>\n<meta property=\"og:description\" content=\"O ministro das Rela\u00e7\u00f5es Exteriores da Rep\u00fablica Tcheca, Jan Lipavsk\u00fd, visitou o Memorial JK nesta ter\u00e7a-feira (9). Ele foi recebido pelo bisneto do fundador de Bras\u00edlia, Andr\u00e9 Oct\u00e1vio Kubitschek, e pelo empres\u00e1rio Paulo Oct\u00e1vio, ambos vice-presidentes do museu que reverencia a hist\u00f3ria da cria\u00e7\u00e3o de Bras\u00edlia e de seu fundador. Juscelino Kubitschek tinha ascend\u00eancia tcheca [&hellip;]\" \/>\n<meta property=\"og:url\" content=\"https:\/\/www.notibras.com\/site\/memorial-jk-recebe-a-visita-do-chanceler-tcheco\/\" \/>\n<meta property=\"og:site_name\" content=\"Notibras\" \/>\n<meta property=\"article:publisher\" content=\"https:\/\/www.facebook.com\/notibras\/\" \/>\n<meta property=\"article:published_time\" content=\"2024-04-09T22:06:45+00:00\" \/>\n<meta property=\"og:image\" content=\"https:\/\/www.notibras.com\/site\/wp-content\/uploads\/2024\/04\/dc8dc74d-fb6e-435e-a974-da268888eaf2.jpeg\" \/>\n\t<meta property=\"og:image:width\" content=\"960\" \/>\n\t<meta property=\"og:image:height\" content=\"640\" \/>\n\t<meta property=\"og:image:type\" content=\"image\/jpeg\" \/>\n<meta name=\"author\" content=\"Reda\u00e7\u00e3o\" \/>\n<meta name=\"twitter:card\" content=\"summary_large_image\" \/>\n<meta name=\"twitter:creator\" content=\"@Notibras\" \/>\n<meta name=\"twitter:site\" content=\"@Notibras\" \/>\n<meta name=\"twitter:label1\" content=\"Escrito por\" \/>\n\t<meta name=\"twitter:data1\" content=\"Reda\u00e7\u00e3o\" \/>\n\t<meta name=\"twitter:label2\" content=\"Est. tempo de leitura\" \/>\n\t<meta name=\"twitter:data2\" content=\"2 minutos\" \/>\n<script type=\"application\/ld+json\" class=\"yoast-schema-graph\">{\"@context\":\"https:\\\/\\\/schema.org\",\"@graph\":[{\"@type\":\"Article\",\"@id\":\"https:\\\/\\\/www.notibras.com\\\/site\\\/memorial-jk-recebe-a-visita-do-chanceler-tcheco\\\/#article\",\"isPartOf\":{\"@id\":\"https:\\\/\\\/www.notibras.com\\\/site\\\/memorial-jk-recebe-a-visita-do-chanceler-tcheco\\\/\"},\"author\":{\"name\":\"Reda\u00e7\u00e3o\",\"@id\":\"https:\\\/\\\/www.notibras.com\\\/site\\\/#\\\/schema\\\/person\\\/36ab0979449956132d3e5b517ea76ac8\"},\"headline\":\"Memorial JK recebe a visita do chanceler tcheco\",\"datePublished\":\"2024-04-09T22:06:45+00:00\",\"mainEntityOfPage\":{\"@id\":\"https:\\\/\\\/www.notibras.com\\\/site\\\/memorial-jk-recebe-a-visita-do-chanceler-tcheco\\\/\"},\"wordCount\":328,\"publisher\":{\"@id\":\"https:\\\/\\\/www.notibras.com\\\/site\\\/#organization\"},\"image\":{\"@id\":\"https:\\\/\\\/www.notibras.com\\\/site\\\/memorial-jk-recebe-a-visita-do-chanceler-tcheco\\\/#primaryimage\"},\"thumbnailUrl\":\"https:\\\/\\\/www.notibras.com\\\/site\\\/wp-content\\\/uploads\\\/2024\\\/04\\\/dc8dc74d-fb6e-435e-a974-da268888eaf2.jpeg\",\"articleSection\":[\"Quadradinho em Foco\"],\"inLanguage\":\"pt-BR\"},{\"@type\":\"WebPage\",\"@id\":\"https:\\\/\\\/www.notibras.com\\\/site\\\/memorial-jk-recebe-a-visita-do-chanceler-tcheco\\\/\",\"url\":\"https:\\\/\\\/www.notibras.com\\\/site\\\/memorial-jk-recebe-a-visita-do-chanceler-tcheco\\\/\",\"name\":\"Memorial JK recebe a visita do chanceler tcheco - Notibras\",\"isPartOf\":{\"@id\":\"https:\\\/\\\/www.notibras.com\\\/site\\\/#website\"},\"primaryImageOfPage\":{\"@id\":\"https:\\\/\\\/www.notibras.com\\\/site\\\/memorial-jk-recebe-a-visita-do-chanceler-tcheco\\\/#primaryimage\"},\"image\":{\"@id\":\"https:\\\/\\\/www.notibras.com\\\/site\\\/memorial-jk-recebe-a-visita-do-chanceler-tcheco\\\/#primaryimage\"},\"thumbnailUrl\":\"https:\\\/\\\/www.notibras.com\\\/site\\\/wp-content\\\/uploads\\\/2024\\\/04\\\/dc8dc74d-fb6e-435e-a974-da268888eaf2.jpeg\",\"datePublished\":\"2024-04-09T22:06:45+00:00\",\"breadcrumb\":{\"@id\":\"https:\\\/\\\/www.notibras.com\\\/site\\\/memorial-jk-recebe-a-visita-do-chanceler-tcheco\\\/#breadcrumb\"},\"inLanguage\":\"pt-BR\",\"potentialAction\":[{\"@type\":\"ReadAction\",\"target\":[\"https:\\\/\\\/www.notibras.com\\\/site\\\/memorial-jk-recebe-a-visita-do-chanceler-tcheco\\\/\"]}]},{\"@type\":\"ImageObject\",\"inLanguage\":\"pt-BR\",\"@id\":\"https:\\\/\\\/www.notibras.com\\\/site\\\/memorial-jk-recebe-a-visita-do-chanceler-tcheco\\\/#primaryimage\",\"url\":\"https:\\\/\\\/www.notibras.com\\\/site\\\/wp-content\\\/uploads\\\/2024\\\/04\\\/dc8dc74d-fb6e-435e-a974-da268888eaf2.jpeg\",\"contentUrl\":\"https:\\\/\\\/www.notibras.com\\\/site\\\/wp-content\\\/uploads\\\/2024\\\/04\\\/dc8dc74d-fb6e-435e-a974-da268888eaf2.jpeg\",\"width\":960,\"height\":640},{\"@type\":\"BreadcrumbList\",\"@id\":\"https:\\\/\\\/www.notibras.com\\\/site\\\/memorial-jk-recebe-a-visita-do-chanceler-tcheco\\\/#breadcrumb\",\"itemListElement\":[{\"@type\":\"ListItem\",\"position\":1,\"name\":\"In\u00edcio\",\"item\":\"https:\\\/\\\/www.notibras.com\\\/site\\\/\"},{\"@type\":\"ListItem\",\"position\":2,\"name\":\"Memorial JK recebe a visita do chanceler tcheco\"}]},{\"@type\":\"WebSite\",\"@id\":\"https:\\\/\\\/www.notibras.com\\\/site\\\/#website\",\"url\":\"https:\\\/\\\/www.notibras.com\\\/site\\\/\",\"name\":\"Notibras\",\"description\":\"Not\u00edcias de Bras\u00edlia, do Brasil e do Mundo\",\"publisher\":{\"@id\":\"https:\\\/\\\/www.notibras.com\\\/site\\\/#organization\"},\"potentialAction\":[{\"@type\":\"SearchAction\",\"target\":{\"@type\":\"EntryPoint\",\"urlTemplate\":\"https:\\\/\\\/www.notibras.com\\\/site\\\/?s={search_term_string}\"},\"query-input\":{\"@type\":\"PropertyValueSpecification\",\"valueRequired\":true,\"valueName\":\"search_term_string\"}}],\"inLanguage\":\"pt-BR\"},{\"@type\":\"Organization\",\"@id\":\"https:\\\/\\\/www.notibras.com\\\/site\\\/#organization\",\"name\":\"Grupo Notibras de Comunica\u00e7\u00e3o\",\"url\":\"https:\\\/\\\/www.notibras.com\\\/site\\\/\",\"logo\":{\"@type\":\"ImageObject\",\"inLanguage\":\"pt-BR\",\"@id\":\"https:\\\/\\\/www.notibras.com\\\/site\\\/#\\\/schema\\\/logo\\\/image\\\/\",\"url\":\"https:\\\/\\\/www.notibras.com\\\/site\\\/wp-content\\\/uploads\\\/2023\\\/01\\\/notibras23.png\",\"contentUrl\":\"https:\\\/\\\/www.notibras.com\\\/site\\\/wp-content\\\/uploads\\\/2023\\\/01\\\/notibras23.png\",\"width\":350,\"height\":87,\"caption\":\"Grupo Notibras de Comunica\u00e7\u00e3o\"},\"image\":{\"@id\":\"https:\\\/\\\/www.notibras.com\\\/site\\\/#\\\/schema\\\/logo\\\/image\\\/\"},\"sameAs\":[\"https:\\\/\\\/www.facebook.com\\\/notibras\\\/\",\"https:\\\/\\\/x.com\\\/Notibras\",\"https:\\\/\\\/www.instagram.com\\\/notibras\\\/\"]},{\"@type\":\"Person\",\"@id\":\"https:\\\/\\\/www.notibras.com\\\/site\\\/#\\\/schema\\\/person\\\/36ab0979449956132d3e5b517ea76ac8\",\"name\":\"Reda\u00e7\u00e3o\",\"image\":{\"@type\":\"ImageObject\",\"inLanguage\":\"pt-BR\",\"@id\":\"https:\\\/\\\/secure.gravatar.com\\\/avatar\\\/e0a867bdedb85fd243eadf09663511f96fc81e0720a4a42581f334ad4303aa6b?s=96&d=mm&r=g\",\"url\":\"https:\\\/\\\/secure.gravatar.com\\\/avatar\\\/e0a867bdedb85fd243eadf09663511f96fc81e0720a4a42581f334ad4303aa6b?s=96&d=mm&r=g\",\"contentUrl\":\"https:\\\/\\\/secure.gravatar.com\\\/avatar\\\/e0a867bdedb85fd243eadf09663511f96fc81e0720a4a42581f334ad4303aa6b?s=96&d=mm&r=g\",\"caption\":\"Reda\u00e7\u00e3o\"}}]}<\/script>\n<!-- \/ Yoast SEO plugin. -->","yoast_head_json":{"title":"Memorial JK recebe a visita do chanceler tcheco - Notibras","robots":{"index":"index","follow":"follow","max-snippet":"max-snippet:-1","max-image-preview":"max-image-preview:large","max-video-preview":"max-video-preview:-1"},"canonical":"https:\/\/www.notibras.com\/site\/memorial-jk-recebe-a-visita-do-chanceler-tcheco\/","og_locale":"pt_BR","og_type":"article","og_title":"Memorial JK recebe a visita do chanceler tcheco - Notibras","og_description":"O ministro das Rela\u00e7\u00f5es Exteriores da Rep\u00fablica Tcheca, Jan Lipavsk\u00fd, visitou o Memorial JK nesta ter\u00e7a-feira (9). Ele foi recebido pelo bisneto do fundador de Bras\u00edlia, Andr\u00e9 Oct\u00e1vio Kubitschek, e pelo empres\u00e1rio Paulo Oct\u00e1vio, ambos vice-presidentes do museu que reverencia a hist\u00f3ria da cria\u00e7\u00e3o de Bras\u00edlia e de seu fundador. Juscelino Kubitschek tinha ascend\u00eancia tcheca [&hellip;]","og_url":"https:\/\/www.notibras.com\/site\/memorial-jk-recebe-a-visita-do-chanceler-tcheco\/","og_site_name":"Notibras","article_publisher":"https:\/\/www.facebook.com\/notibras\/","article_published_time":"2024-04-09T22:06:45+00:00","og_image":[{"width":960,"height":640,"url":"https:\/\/www.notibras.com\/site\/wp-content\/uploads\/2024\/04\/dc8dc74d-fb6e-435e-a974-da268888eaf2.jpeg","type":"image\/jpeg"}],"author":"Reda\u00e7\u00e3o","twitter_card":"summary_large_image","twitter_creator":"@Notibras","twitter_site":"@Notibras","twitter_misc":{"Escrito por":"Reda\u00e7\u00e3o","Est. tempo de leitura":"2 minutos"},"schema":{"@context":"https:\/\/schema.org","@graph":[{"@type":"Article","@id":"https:\/\/www.notibras.com\/site\/memorial-jk-recebe-a-visita-do-chanceler-tcheco\/#article","isPartOf":{"@id":"https:\/\/www.notibras.com\/site\/memorial-jk-recebe-a-visita-do-chanceler-tcheco\/"},"author":{"name":"Reda\u00e7\u00e3o","@id":"https:\/\/www.notibras.com\/site\/#\/schema\/person\/36ab0979449956132d3e5b517ea76ac8"},"headline":"Memorial JK recebe a visita do chanceler tcheco","datePublished":"2024-04-09T22:06:45+00:00","mainEntityOfPage":{"@id":"https:\/\/www.notibras.com\/site\/memorial-jk-recebe-a-visita-do-chanceler-tcheco\/"},"wordCount":328,"publisher":{"@id":"https:\/\/www.notibras.com\/site\/#organization"},"image":{"@id":"https:\/\/www.notibras.com\/site\/memorial-jk-recebe-a-visita-do-chanceler-tcheco\/#primaryimage"},"thumbnailUrl":"https:\/\/www.notibras.com\/site\/wp-content\/uploads\/2024\/04\/dc8dc74d-fb6e-435e-a974-da268888eaf2.jpeg","articleSection":["Quadradinho em Foco"],"inLanguage":"pt-BR"},{"@type":"WebPage","@id":"https:\/\/www.notibras.com\/site\/memorial-jk-recebe-a-visita-do-chanceler-tcheco\/","url":"https:\/\/www.notibras.com\/site\/memorial-jk-recebe-a-visita-do-chanceler-tcheco\/","name":"Memorial JK recebe a visita do chanceler tcheco - Notibras","isPartOf":{"@id":"https:\/\/www.notibras.com\/site\/#website"},"primaryImageOfPage":{"@id":"https:\/\/www.notibras.com\/site\/memorial-jk-recebe-a-visita-do-chanceler-tcheco\/#primaryimage"},"image":{"@id":"https:\/\/www.notibras.com\/site\/memorial-jk-recebe-a-visita-do-chanceler-tcheco\/#primaryimage"},"thumbnailUrl":"https:\/\/www.notibras.com\/site\/wp-content\/uploads\/2024\/04\/dc8dc74d-fb6e-435e-a974-da268888eaf2.jpeg","datePublished":"2024-04-09T22:06:45+00:00","breadcrumb":{"@id":"https:\/\/www.notibras.com\/site\/memorial-jk-recebe-a-visita-do-chanceler-tcheco\/#breadcrumb"},"inLanguage":"pt-BR","potentialAction":[{"@type":"ReadAction","target":["https:\/\/www.notibras.com\/site\/memorial-jk-recebe-a-visita-do-chanceler-tcheco\/"]}]},{"@type":"ImageObject","inLanguage":"pt-BR","@id":"https:\/\/www.notibras.com\/site\/memorial-jk-recebe-a-visita-do-chanceler-tcheco\/#primaryimage","url":"https:\/\/www.notibras.com\/site\/wp-content\/uploads\/2024\/04\/dc8dc74d-fb6e-435e-a974-da268888eaf2.jpeg","contentUrl":"https:\/\/www.notibras.com\/site\/wp-content\/uploads\/2024\/04\/dc8dc74d-fb6e-435e-a974-da268888eaf2.jpeg","width":960,"height":640},{"@type":"BreadcrumbList","@id":"https:\/\/www.notibras.com\/site\/memorial-jk-recebe-a-visita-do-chanceler-tcheco\/#breadcrumb","itemListElement":[{"@type":"ListItem","position":1,"name":"In\u00edcio","item":"https:\/\/www.notibras.com\/site\/"},{"@type":"ListItem","position":2,"name":"Memorial JK recebe a visita do chanceler tcheco"}]},{"@type":"WebSite","@id":"https:\/\/www.notibras.com\/site\/#website","url":"https:\/\/www.notibras.com\/site\/","name":"Notibras","description":"Not\u00edcias de Bras\u00edlia, do Brasil e do Mundo","publisher":{"@id":"https:\/\/www.notibras.com\/site\/#organization"},"potentialAction":[{"@type":"SearchAction","target":{"@type":"EntryPoint","urlTemplate":"https:\/\/www.notibras.com\/site\/?s={search_term_string}"},"query-input":{"@type":"PropertyValueSpecification","valueRequired":true,"valueName":"search_term_string"}}],"inLanguage":"pt-BR"},{"@type":"Organization","@id":"https:\/\/www.notibras.com\/site\/#organization","name":"Grupo Notibras de Comunica\u00e7\u00e3o","url":"https:\/\/www.notibras.com\/site\/","logo":{"@type":"ImageObject","inLanguage":"pt-BR","@id":"https:\/\/www.notibras.com\/site\/#\/schema\/logo\/image\/","url":"https:\/\/www.notibras.com\/site\/wp-content\/uploads\/2023\/01\/notibras23.png","contentUrl":"https:\/\/www.notibras.com\/site\/wp-content\/uploads\/2023\/01\/notibras23.png","width":350,"height":87,"caption":"Grupo Notibras de Comunica\u00e7\u00e3o"},"image":{"@id":"https:\/\/www.notibras.com\/site\/#\/schema\/logo\/image\/"},"sameAs":["https:\/\/www.facebook.com\/notibras\/","https:\/\/x.com\/Notibras","https:\/\/www.instagram.com\/notibras\/"]},{"@type":"Person","@id":"https:\/\/www.notibras.com\/site\/#\/schema\/person\/36ab0979449956132d3e5b517ea76ac8","name":"Reda\u00e7\u00e3o","image":{"@type":"ImageObject","inLanguage":"pt-BR","@id":"https:\/\/secure.gravatar.com\/avatar\/e0a867bdedb85fd243eadf09663511f96fc81e0720a4a42581f334ad4303aa6b?s=96&d=mm&r=g","url":"https:\/\/secure.gravatar.com\/avatar\/e0a867bdedb85fd243eadf09663511f96fc81e0720a4a42581f334ad4303aa6b?s=96&d=mm&r=g","contentUrl":"https:\/\/secure.gravatar.com\/avatar\/e0a867bdedb85fd243eadf09663511f96fc81e0720a4a42581f334ad4303aa6b?s=96&d=mm&r=g","caption":"Reda\u00e7\u00e3o"}}]}},"amp_enabled":true,"_links":{"self":[{"href":"https:\/\/www.notibras.com\/site\/wp-json\/wp\/v2\/posts\/326333","targetHints":{"allow":["GET"]}}],"collection":[{"href":"https:\/\/www.notibras.com\/site\/wp-json\/wp\/v2\/posts"}],"about":[{"href":"https:\/\/www.notibras.com\/site\/wp-json\/wp\/v2\/types\/post"}],"author":[{"embeddable":true,"href":"https:\/\/www.notibras.com\/site\/wp-json\/wp\/v2\/users\/2"}],"replies":[{"embeddable":true,"href":"https:\/\/www.notibras.com\/site\/wp-json\/wp\/v2\/comments?post=326333"}],"version-history":[{"count":1,"href":"https:\/\/www.notibras.com\/site\/wp-json\/wp\/v2\/posts\/326333\/revisions"}],"predecessor-version":[{"id":326335,"href":"https:\/\/www.notibras.com\/site\/wp-json\/wp\/v2\/posts\/326333\/revisions\/326335"}],"wp:featuredmedia":[{"embeddable":true,"href":"https:\/\/www.notibras.com\/site\/wp-json\/wp\/v2\/media\/326334"}],"wp:attachment":[{"href":"https:\/\/www.notibras.com\/site\/wp-json\/wp\/v2\/media?parent=326333"}],"wp:term":[{"taxonomy":"category","embeddable":true,"href":"https:\/\/www.notibras.com\/site\/wp-json\/wp\/v2\/categories?post=326333"},{"taxonomy":"post_tag","embeddable":true,"href":"https:\/\/www.notibras.com\/site\/wp-json\/wp\/v2\/tags?post=326333"}],"curies":[{"name":"wp","href":"https:\/\/api.w.org\/{rel}","templated":true}]}}