{"id":326380,"date":"2024-04-10T00:00:41","date_gmt":"2024-04-10T03:00:41","guid":{"rendered":"https:\/\/www.notibras.com\/site\/?p=326380"},"modified":"2024-04-10T08:04:31","modified_gmt":"2024-04-10T11:04:31","slug":"brasilia-e-21-estados-tem-queda-ou-estabilidade-no-numero-de-casos","status":"publish","type":"post","link":"https:\/\/www.notibras.com\/site\/brasilia-e-21-estados-tem-queda-ou-estabilidade-no-numero-de-casos\/","title":{"rendered":"Bras\u00edlia e 21 estados t\u00eam queda ou estabilidade no n\u00famero de casos"},"content":{"rendered":"<p>Nove unidades federativas est\u00e3o com tend\u00eancia consolidada de queda no n\u00famero de casos de dengue: Acre, Roraima, Amazonas, Tocantins, Goi\u00e1s, Piau\u00ed, Minas Gerais, Esp\u00edrito Santo e Distrito Federal.<\/p>\n<p>Outros 13 estados apresentam tend\u00eancia de estabilidade: Rond\u00f4nia, Par\u00e1, Amap\u00e1, Mato Grosso, Mato Grosso do Sul, Rio Grande do Sul, Santa Catarina, Paran\u00e1, Cear\u00e1, Para\u00edba, Rio Grande do Norte, Rio de Janeiro e S\u00e3o Paulo.<\/p>\n<p>Alagoas, Bahia, Maranh\u00e3o, Pernambuco, Sergipe permanecem com tend\u00eancia de aumento de registros da doen\u00e7a. Os n\u00fameros foram divulgados nesta ter\u00e7a-feira (9) pelo Minist\u00e9rio da Sa\u00fade.<\/p>\n<p>O Brasil registrou, desde o in\u00edcio do ano, 2.965.988 casos prov\u00e1veis de dengue, sendo 28.395 casos graves e com sinais de alarme. Desde o in\u00edcio do ano, foram registradas 1.117 mortes por dengue em todo o pa\u00eds. Outros 1.806 \u00f3bitos est\u00e3o em investiga\u00e7\u00e3o.<\/p>\n<p>Segundo a secret\u00e1ria de Vigil\u00e2ncia em Sa\u00fade e Ambiente do Minist\u00e9rio da Sa\u00fade, Ethel Maciel, apesar do cen\u00e1rio positivo, \u00e9 preciso ainda manter as a\u00e7\u00f5es de preven\u00e7\u00e3o e ter aten\u00e7\u00e3o aos sinais da doen\u00e7a.<\/p>\n<p>\u201cA gente subiu a montanha, chegou no pico e estamos descendo. Mas ainda tem um caminho que precisa ser percorrido com muita aten\u00e7\u00e3o, porque temos pessoas que v\u00e3o adoecer, desenvolver casos graves e vir a \u00f3bito, e s\u00e3o vidas que podemos salvar\u201d, disse a secret\u00e1ria, em entrevista coletiva. Segundo ela, outras arboviroses como chikungunya e febre do oropouche tamb\u00e9m seguem com tend\u00eancia de estabilidade ou queda.<\/p>\n<p>A redu\u00e7\u00e3o no n\u00famero de casos de dengue tamb\u00e9m pode ser observada na queda da procura por atendimento nas unidades b\u00e1sicas de sa\u00fade. De acordo com a presidente da Confedera\u00e7\u00e3o Nacional dos Agentes Comunit\u00e1rios de Sa\u00fade e dos Agentes de Combate \u00e0s Endemias, Ilda Ang\u00e9lica, a procura est\u00e1 diminuindo em v\u00e1rias localidades, e munic\u00edpios que tinham inserido o terceiro turno para atendimento dos casos de dengue est\u00e3o desativando o servi\u00e7o. \u201cIsso comprova que, de fato, estamos diminuindo os casos\u201d, diz.<\/p>\n<p>Ainda n\u00e3o \u00e9 poss\u00edvel determinar se a previs\u00e3o inicial do minist\u00e9rio, de que o n\u00famero de casos pode chegar a 4,2 milh\u00f5es em 2024, ser\u00e1 confirmada. Segundo a secret\u00e1ria, o cen\u00e1rio depende de fatores como chuvas e temperatura. \u201cO mosquito ainda est\u00e1 a\u00ed, ainda temos um per\u00edodo de chuvas. As chuvas est\u00e3o muito diferentes em v\u00e1rios estados e isso tamb\u00e9m facilita muito o mosquito. Ent\u00e3o, temos a conjun\u00e7\u00e3o do calor extremo e das chuvas que v\u00e3o facilitando a reprodu\u00e7\u00e3o do mosquito\u201d, explica.<\/p>\n<p><strong>Aten\u00e7\u00e3o aos sintomas<\/strong><br \/>\nO Minist\u00e9rio da Sa\u00fade orienta os familiares e profissionais de sa\u00fade para que fiquem atentos aos sinais de alerta da doen\u00e7a como febre, dor no corpo e nas articula\u00e7\u00f5es, dor atr\u00e1s dos olhos, mal estar, dor de cabe\u00e7a e manchas vermelhas pelo corpo.<\/p>\n<p>Em casos de sinais ou sintomas, a orienta\u00e7\u00e3o \u00e9 procurar imediatamente uma unidade de sa\u00fade. Tamb\u00e9m \u00e9 importante n\u00e3o tomar medicamentos sem orienta\u00e7\u00e3o m\u00e9dica, porque alguns podem piorar o quadro de dengue.<\/p>\n<p>\u201cAs mortes por dengue s\u00e3o evit\u00e1veis. Temos trabalhado em apoio aos estados e munic\u00edpios, que fazem o diagn\u00f3stico e o tratamento, para que possamos reduzir juntos os casos de \u00f3bito\u201d, ressaltou Ethel.<\/p>\n<p><strong>Vacinas<\/strong><br \/>\nAs doses de vacinas contra a dengue que estavam perto do vencimento foram remanejadas para outros munic\u00edpios, segundo o Minist\u00e9rio da Sa\u00fade. A secret\u00e1ria Ethel Maciel disse que at\u00e9 agora nenhum estado fez alerta sobre problemas nessa redistribui\u00e7\u00e3o.<\/p>\n<p>Das 1.235.119 doses de vacinas contra a dengue distribu\u00eddas aos estados, 708.647 foram aplicadas at\u00e9 a segunda (8), o que representa 57,37% do total encaminhado.<\/p>\n","protected":false},"excerpt":{"rendered":"<p>Nove unidades federativas est\u00e3o com tend\u00eancia consolidada de queda no n\u00famero de casos de dengue: Acre, Roraima, Amazonas, Tocantins, Goi\u00e1s, Piau\u00ed, Minas Gerais, Esp\u00edrito Santo e Distrito Federal. Outros 13 estados apresentam tend\u00eancia de estabilidade: Rond\u00f4nia, Par\u00e1, Amap\u00e1, Mato Grosso, Mato Grosso do Sul, Rio Grande do Sul, Santa Catarina, Paran\u00e1, Cear\u00e1, Para\u00edba, Rio Grande [&hellip;]<\/p>\n","protected":false},"author":2,"featured_media":326381,"comment_status":"closed","ping_status":"closed","sticky":false,"template":"","format":"standard","meta":{"_acf_changed":false,"footnotes":""},"categories":[161],"tags":[],"class_list":["post-326380","post","type-post","status-publish","format-standard","has-post-thumbnail","hentry","category-quadradinho-em-foco"],"acf":[],"yoast_head":"<!-- This site is optimized with the Yoast SEO plugin v27.5 - https:\/\/yoast.com\/product\/yoast-seo-wordpress\/ -->\n<title>Bras\u00edlia e 21 estados t\u00eam queda ou estabilidade no n\u00famero de casos - Notibras<\/title>\n<meta name=\"robots\" content=\"index, follow, max-snippet:-1, max-image-preview:large, max-video-preview:-1\" \/>\n<link rel=\"canonical\" href=\"https:\/\/www.notibras.com\/site\/brasilia-e-21-estados-tem-queda-ou-estabilidade-no-numero-de-casos\/\" \/>\n<meta property=\"og:locale\" content=\"pt_BR\" \/>\n<meta property=\"og:type\" content=\"article\" \/>\n<meta property=\"og:title\" content=\"Bras\u00edlia e 21 estados t\u00eam queda ou estabilidade no n\u00famero de casos - Notibras\" \/>\n<meta property=\"og:description\" content=\"Nove unidades federativas est\u00e3o com tend\u00eancia consolidada de queda no n\u00famero de casos de dengue: Acre, Roraima, Amazonas, Tocantins, Goi\u00e1s, Piau\u00ed, Minas Gerais, Esp\u00edrito Santo e Distrito Federal. Outros 13 estados apresentam tend\u00eancia de estabilidade: Rond\u00f4nia, Par\u00e1, Amap\u00e1, Mato Grosso, Mato Grosso do Sul, Rio Grande do Sul, Santa Catarina, Paran\u00e1, Cear\u00e1, Para\u00edba, Rio Grande [&hellip;]\" \/>\n<meta property=\"og:url\" content=\"https:\/\/www.notibras.com\/site\/brasilia-e-21-estados-tem-queda-ou-estabilidade-no-numero-de-casos\/\" \/>\n<meta property=\"og:site_name\" content=\"Notibras\" \/>\n<meta property=\"article:publisher\" content=\"https:\/\/www.facebook.com\/notibras\/\" \/>\n<meta property=\"article:published_time\" content=\"2024-04-10T03:00:41+00:00\" \/>\n<meta property=\"article:modified_time\" content=\"2024-04-10T11:04:31+00:00\" \/>\n<meta property=\"og:image\" content=\"https:\/\/www.notibras.com\/site\/wp-content\/uploads\/2024\/04\/denguequedadfbr.webp\" \/>\n\t<meta property=\"og:image:width\" content=\"1170\" \/>\n\t<meta property=\"og:image:height\" content=\"700\" \/>\n\t<meta property=\"og:image:type\" content=\"image\/webp\" \/>\n<meta name=\"author\" content=\"Reda\u00e7\u00e3o\" \/>\n<meta name=\"twitter:card\" content=\"summary_large_image\" \/>\n<meta name=\"twitter:creator\" content=\"@Notibras\" \/>\n<meta name=\"twitter:site\" content=\"@Notibras\" \/>\n<meta name=\"twitter:label1\" content=\"Escrito por\" \/>\n\t<meta name=\"twitter:data1\" content=\"Reda\u00e7\u00e3o\" \/>\n\t<meta name=\"twitter:label2\" content=\"Est. tempo de leitura\" \/>\n\t<meta name=\"twitter:data2\" content=\"4 minutos\" \/>\n<script type=\"application\/ld+json\" class=\"yoast-schema-graph\">{\"@context\":\"https:\\\/\\\/schema.org\",\"@graph\":[{\"@type\":\"Article\",\"@id\":\"https:\\\/\\\/www.notibras.com\\\/site\\\/brasilia-e-21-estados-tem-queda-ou-estabilidade-no-numero-de-casos\\\/#article\",\"isPartOf\":{\"@id\":\"https:\\\/\\\/www.notibras.com\\\/site\\\/brasilia-e-21-estados-tem-queda-ou-estabilidade-no-numero-de-casos\\\/\"},\"author\":{\"name\":\"Reda\u00e7\u00e3o\",\"@id\":\"https:\\\/\\\/www.notibras.com\\\/site\\\/#\\\/schema\\\/person\\\/36ab0979449956132d3e5b517ea76ac8\"},\"headline\":\"Bras\u00edlia e 21 estados t\u00eam queda ou estabilidade no n\u00famero de casos\",\"datePublished\":\"2024-04-10T03:00:41+00:00\",\"dateModified\":\"2024-04-10T11:04:31+00:00\",\"mainEntityOfPage\":{\"@id\":\"https:\\\/\\\/www.notibras.com\\\/site\\\/brasilia-e-21-estados-tem-queda-ou-estabilidade-no-numero-de-casos\\\/\"},\"wordCount\":656,\"publisher\":{\"@id\":\"https:\\\/\\\/www.notibras.com\\\/site\\\/#organization\"},\"image\":{\"@id\":\"https:\\\/\\\/www.notibras.com\\\/site\\\/brasilia-e-21-estados-tem-queda-ou-estabilidade-no-numero-de-casos\\\/#primaryimage\"},\"thumbnailUrl\":\"https:\\\/\\\/www.notibras.com\\\/site\\\/wp-content\\\/uploads\\\/2024\\\/04\\\/denguequedadfbr.webp\",\"articleSection\":[\"Quadradinho em Foco\"],\"inLanguage\":\"pt-BR\"},{\"@type\":\"WebPage\",\"@id\":\"https:\\\/\\\/www.notibras.com\\\/site\\\/brasilia-e-21-estados-tem-queda-ou-estabilidade-no-numero-de-casos\\\/\",\"url\":\"https:\\\/\\\/www.notibras.com\\\/site\\\/brasilia-e-21-estados-tem-queda-ou-estabilidade-no-numero-de-casos\\\/\",\"name\":\"Bras\u00edlia e 21 estados t\u00eam queda ou estabilidade no n\u00famero de casos - Notibras\",\"isPartOf\":{\"@id\":\"https:\\\/\\\/www.notibras.com\\\/site\\\/#website\"},\"primaryImageOfPage\":{\"@id\":\"https:\\\/\\\/www.notibras.com\\\/site\\\/brasilia-e-21-estados-tem-queda-ou-estabilidade-no-numero-de-casos\\\/#primaryimage\"},\"image\":{\"@id\":\"https:\\\/\\\/www.notibras.com\\\/site\\\/brasilia-e-21-estados-tem-queda-ou-estabilidade-no-numero-de-casos\\\/#primaryimage\"},\"thumbnailUrl\":\"https:\\\/\\\/www.notibras.com\\\/site\\\/wp-content\\\/uploads\\\/2024\\\/04\\\/denguequedadfbr.webp\",\"datePublished\":\"2024-04-10T03:00:41+00:00\",\"dateModified\":\"2024-04-10T11:04:31+00:00\",\"breadcrumb\":{\"@id\":\"https:\\\/\\\/www.notibras.com\\\/site\\\/brasilia-e-21-estados-tem-queda-ou-estabilidade-no-numero-de-casos\\\/#breadcrumb\"},\"inLanguage\":\"pt-BR\",\"potentialAction\":[{\"@type\":\"ReadAction\",\"target\":[\"https:\\\/\\\/www.notibras.com\\\/site\\\/brasilia-e-21-estados-tem-queda-ou-estabilidade-no-numero-de-casos\\\/\"]}]},{\"@type\":\"ImageObject\",\"inLanguage\":\"pt-BR\",\"@id\":\"https:\\\/\\\/www.notibras.com\\\/site\\\/brasilia-e-21-estados-tem-queda-ou-estabilidade-no-numero-de-casos\\\/#primaryimage\",\"url\":\"https:\\\/\\\/www.notibras.com\\\/site\\\/wp-content\\\/uploads\\\/2024\\\/04\\\/denguequedadfbr.webp\",\"contentUrl\":\"https:\\\/\\\/www.notibras.com\\\/site\\\/wp-content\\\/uploads\\\/2024\\\/04\\\/denguequedadfbr.webp\",\"width\":1170,\"height\":700},{\"@type\":\"BreadcrumbList\",\"@id\":\"https:\\\/\\\/www.notibras.com\\\/site\\\/brasilia-e-21-estados-tem-queda-ou-estabilidade-no-numero-de-casos\\\/#breadcrumb\",\"itemListElement\":[{\"@type\":\"ListItem\",\"position\":1,\"name\":\"In\u00edcio\",\"item\":\"https:\\\/\\\/www.notibras.com\\\/site\\\/\"},{\"@type\":\"ListItem\",\"position\":2,\"name\":\"Bras\u00edlia e 21 estados t\u00eam queda ou estabilidade no n\u00famero de casos\"}]},{\"@type\":\"WebSite\",\"@id\":\"https:\\\/\\\/www.notibras.com\\\/site\\\/#website\",\"url\":\"https:\\\/\\\/www.notibras.com\\\/site\\\/\",\"name\":\"Notibras\",\"description\":\"Not\u00edcias de Bras\u00edlia, do Brasil e do Mundo\",\"publisher\":{\"@id\":\"https:\\\/\\\/www.notibras.com\\\/site\\\/#organization\"},\"potentialAction\":[{\"@type\":\"SearchAction\",\"target\":{\"@type\":\"EntryPoint\",\"urlTemplate\":\"https:\\\/\\\/www.notibras.com\\\/site\\\/?s={search_term_string}\"},\"query-input\":{\"@type\":\"PropertyValueSpecification\",\"valueRequired\":true,\"valueName\":\"search_term_string\"}}],\"inLanguage\":\"pt-BR\"},{\"@type\":\"Organization\",\"@id\":\"https:\\\/\\\/www.notibras.com\\\/site\\\/#organization\",\"name\":\"Grupo Notibras de Comunica\u00e7\u00e3o\",\"url\":\"https:\\\/\\\/www.notibras.com\\\/site\\\/\",\"logo\":{\"@type\":\"ImageObject\",\"inLanguage\":\"pt-BR\",\"@id\":\"https:\\\/\\\/www.notibras.com\\\/site\\\/#\\\/schema\\\/logo\\\/image\\\/\",\"url\":\"https:\\\/\\\/www.notibras.com\\\/site\\\/wp-content\\\/uploads\\\/2023\\\/01\\\/notibras23.png\",\"contentUrl\":\"https:\\\/\\\/www.notibras.com\\\/site\\\/wp-content\\\/uploads\\\/2023\\\/01\\\/notibras23.png\",\"width\":350,\"height\":87,\"caption\":\"Grupo Notibras de Comunica\u00e7\u00e3o\"},\"image\":{\"@id\":\"https:\\\/\\\/www.notibras.com\\\/site\\\/#\\\/schema\\\/logo\\\/image\\\/\"},\"sameAs\":[\"https:\\\/\\\/www.facebook.com\\\/notibras\\\/\",\"https:\\\/\\\/x.com\\\/Notibras\",\"https:\\\/\\\/www.instagram.com\\\/notibras\\\/\"]},{\"@type\":\"Person\",\"@id\":\"https:\\\/\\\/www.notibras.com\\\/site\\\/#\\\/schema\\\/person\\\/36ab0979449956132d3e5b517ea76ac8\",\"name\":\"Reda\u00e7\u00e3o\",\"image\":{\"@type\":\"ImageObject\",\"inLanguage\":\"pt-BR\",\"@id\":\"https:\\\/\\\/secure.gravatar.com\\\/avatar\\\/e0a867bdedb85fd243eadf09663511f96fc81e0720a4a42581f334ad4303aa6b?s=96&d=mm&r=g\",\"url\":\"https:\\\/\\\/secure.gravatar.com\\\/avatar\\\/e0a867bdedb85fd243eadf09663511f96fc81e0720a4a42581f334ad4303aa6b?s=96&d=mm&r=g\",\"contentUrl\":\"https:\\\/\\\/secure.gravatar.com\\\/avatar\\\/e0a867bdedb85fd243eadf09663511f96fc81e0720a4a42581f334ad4303aa6b?s=96&d=mm&r=g\",\"caption\":\"Reda\u00e7\u00e3o\"}}]}<\/script>\n<!-- \/ Yoast SEO plugin. -->","yoast_head_json":{"title":"Bras\u00edlia e 21 estados t\u00eam queda ou estabilidade no n\u00famero de casos - Notibras","robots":{"index":"index","follow":"follow","max-snippet":"max-snippet:-1","max-image-preview":"max-image-preview:large","max-video-preview":"max-video-preview:-1"},"canonical":"https:\/\/www.notibras.com\/site\/brasilia-e-21-estados-tem-queda-ou-estabilidade-no-numero-de-casos\/","og_locale":"pt_BR","og_type":"article","og_title":"Bras\u00edlia e 21 estados t\u00eam queda ou estabilidade no n\u00famero de casos - Notibras","og_description":"Nove unidades federativas est\u00e3o com tend\u00eancia consolidada de queda no n\u00famero de casos de dengue: Acre, Roraima, Amazonas, Tocantins, Goi\u00e1s, Piau\u00ed, Minas Gerais, Esp\u00edrito Santo e Distrito Federal. Outros 13 estados apresentam tend\u00eancia de estabilidade: Rond\u00f4nia, Par\u00e1, Amap\u00e1, Mato Grosso, Mato Grosso do Sul, Rio Grande do Sul, Santa Catarina, Paran\u00e1, Cear\u00e1, Para\u00edba, Rio Grande [&hellip;]","og_url":"https:\/\/www.notibras.com\/site\/brasilia-e-21-estados-tem-queda-ou-estabilidade-no-numero-de-casos\/","og_site_name":"Notibras","article_publisher":"https:\/\/www.facebook.com\/notibras\/","article_published_time":"2024-04-10T03:00:41+00:00","article_modified_time":"2024-04-10T11:04:31+00:00","og_image":[{"width":1170,"height":700,"url":"https:\/\/www.notibras.com\/site\/wp-content\/uploads\/2024\/04\/denguequedadfbr.webp","type":"image\/webp"}],"author":"Reda\u00e7\u00e3o","twitter_card":"summary_large_image","twitter_creator":"@Notibras","twitter_site":"@Notibras","twitter_misc":{"Escrito por":"Reda\u00e7\u00e3o","Est. tempo de leitura":"4 minutos"},"schema":{"@context":"https:\/\/schema.org","@graph":[{"@type":"Article","@id":"https:\/\/www.notibras.com\/site\/brasilia-e-21-estados-tem-queda-ou-estabilidade-no-numero-de-casos\/#article","isPartOf":{"@id":"https:\/\/www.notibras.com\/site\/brasilia-e-21-estados-tem-queda-ou-estabilidade-no-numero-de-casos\/"},"author":{"name":"Reda\u00e7\u00e3o","@id":"https:\/\/www.notibras.com\/site\/#\/schema\/person\/36ab0979449956132d3e5b517ea76ac8"},"headline":"Bras\u00edlia e 21 estados t\u00eam queda ou estabilidade no n\u00famero de casos","datePublished":"2024-04-10T03:00:41+00:00","dateModified":"2024-04-10T11:04:31+00:00","mainEntityOfPage":{"@id":"https:\/\/www.notibras.com\/site\/brasilia-e-21-estados-tem-queda-ou-estabilidade-no-numero-de-casos\/"},"wordCount":656,"publisher":{"@id":"https:\/\/www.notibras.com\/site\/#organization"},"image":{"@id":"https:\/\/www.notibras.com\/site\/brasilia-e-21-estados-tem-queda-ou-estabilidade-no-numero-de-casos\/#primaryimage"},"thumbnailUrl":"https:\/\/www.notibras.com\/site\/wp-content\/uploads\/2024\/04\/denguequedadfbr.webp","articleSection":["Quadradinho em Foco"],"inLanguage":"pt-BR"},{"@type":"WebPage","@id":"https:\/\/www.notibras.com\/site\/brasilia-e-21-estados-tem-queda-ou-estabilidade-no-numero-de-casos\/","url":"https:\/\/www.notibras.com\/site\/brasilia-e-21-estados-tem-queda-ou-estabilidade-no-numero-de-casos\/","name":"Bras\u00edlia e 21 estados t\u00eam queda ou estabilidade no n\u00famero de casos - Notibras","isPartOf":{"@id":"https:\/\/www.notibras.com\/site\/#website"},"primaryImageOfPage":{"@id":"https:\/\/www.notibras.com\/site\/brasilia-e-21-estados-tem-queda-ou-estabilidade-no-numero-de-casos\/#primaryimage"},"image":{"@id":"https:\/\/www.notibras.com\/site\/brasilia-e-21-estados-tem-queda-ou-estabilidade-no-numero-de-casos\/#primaryimage"},"thumbnailUrl":"https:\/\/www.notibras.com\/site\/wp-content\/uploads\/2024\/04\/denguequedadfbr.webp","datePublished":"2024-04-10T03:00:41+00:00","dateModified":"2024-04-10T11:04:31+00:00","breadcrumb":{"@id":"https:\/\/www.notibras.com\/site\/brasilia-e-21-estados-tem-queda-ou-estabilidade-no-numero-de-casos\/#breadcrumb"},"inLanguage":"pt-BR","potentialAction":[{"@type":"ReadAction","target":["https:\/\/www.notibras.com\/site\/brasilia-e-21-estados-tem-queda-ou-estabilidade-no-numero-de-casos\/"]}]},{"@type":"ImageObject","inLanguage":"pt-BR","@id":"https:\/\/www.notibras.com\/site\/brasilia-e-21-estados-tem-queda-ou-estabilidade-no-numero-de-casos\/#primaryimage","url":"https:\/\/www.notibras.com\/site\/wp-content\/uploads\/2024\/04\/denguequedadfbr.webp","contentUrl":"https:\/\/www.notibras.com\/site\/wp-content\/uploads\/2024\/04\/denguequedadfbr.webp","width":1170,"height":700},{"@type":"BreadcrumbList","@id":"https:\/\/www.notibras.com\/site\/brasilia-e-21-estados-tem-queda-ou-estabilidade-no-numero-de-casos\/#breadcrumb","itemListElement":[{"@type":"ListItem","position":1,"name":"In\u00edcio","item":"https:\/\/www.notibras.com\/site\/"},{"@type":"ListItem","position":2,"name":"Bras\u00edlia e 21 estados t\u00eam queda ou estabilidade no n\u00famero de casos"}]},{"@type":"WebSite","@id":"https:\/\/www.notibras.com\/site\/#website","url":"https:\/\/www.notibras.com\/site\/","name":"Notibras","description":"Not\u00edcias de Bras\u00edlia, do Brasil e do Mundo","publisher":{"@id":"https:\/\/www.notibras.com\/site\/#organization"},"potentialAction":[{"@type":"SearchAction","target":{"@type":"EntryPoint","urlTemplate":"https:\/\/www.notibras.com\/site\/?s={search_term_string}"},"query-input":{"@type":"PropertyValueSpecification","valueRequired":true,"valueName":"search_term_string"}}],"inLanguage":"pt-BR"},{"@type":"Organization","@id":"https:\/\/www.notibras.com\/site\/#organization","name":"Grupo Notibras de Comunica\u00e7\u00e3o","url":"https:\/\/www.notibras.com\/site\/","logo":{"@type":"ImageObject","inLanguage":"pt-BR","@id":"https:\/\/www.notibras.com\/site\/#\/schema\/logo\/image\/","url":"https:\/\/www.notibras.com\/site\/wp-content\/uploads\/2023\/01\/notibras23.png","contentUrl":"https:\/\/www.notibras.com\/site\/wp-content\/uploads\/2023\/01\/notibras23.png","width":350,"height":87,"caption":"Grupo Notibras de Comunica\u00e7\u00e3o"},"image":{"@id":"https:\/\/www.notibras.com\/site\/#\/schema\/logo\/image\/"},"sameAs":["https:\/\/www.facebook.com\/notibras\/","https:\/\/x.com\/Notibras","https:\/\/www.instagram.com\/notibras\/"]},{"@type":"Person","@id":"https:\/\/www.notibras.com\/site\/#\/schema\/person\/36ab0979449956132d3e5b517ea76ac8","name":"Reda\u00e7\u00e3o","image":{"@type":"ImageObject","inLanguage":"pt-BR","@id":"https:\/\/secure.gravatar.com\/avatar\/e0a867bdedb85fd243eadf09663511f96fc81e0720a4a42581f334ad4303aa6b?s=96&d=mm&r=g","url":"https:\/\/secure.gravatar.com\/avatar\/e0a867bdedb85fd243eadf09663511f96fc81e0720a4a42581f334ad4303aa6b?s=96&d=mm&r=g","contentUrl":"https:\/\/secure.gravatar.com\/avatar\/e0a867bdedb85fd243eadf09663511f96fc81e0720a4a42581f334ad4303aa6b?s=96&d=mm&r=g","caption":"Reda\u00e7\u00e3o"}}]}},"amp_enabled":true,"_links":{"self":[{"href":"https:\/\/www.notibras.com\/site\/wp-json\/wp\/v2\/posts\/326380","targetHints":{"allow":["GET"]}}],"collection":[{"href":"https:\/\/www.notibras.com\/site\/wp-json\/wp\/v2\/posts"}],"about":[{"href":"https:\/\/www.notibras.com\/site\/wp-json\/wp\/v2\/types\/post"}],"author":[{"embeddable":true,"href":"https:\/\/www.notibras.com\/site\/wp-json\/wp\/v2\/users\/2"}],"replies":[{"embeddable":true,"href":"https:\/\/www.notibras.com\/site\/wp-json\/wp\/v2\/comments?post=326380"}],"version-history":[{"count":1,"href":"https:\/\/www.notibras.com\/site\/wp-json\/wp\/v2\/posts\/326380\/revisions"}],"predecessor-version":[{"id":326382,"href":"https:\/\/www.notibras.com\/site\/wp-json\/wp\/v2\/posts\/326380\/revisions\/326382"}],"wp:featuredmedia":[{"embeddable":true,"href":"https:\/\/www.notibras.com\/site\/wp-json\/wp\/v2\/media\/326381"}],"wp:attachment":[{"href":"https:\/\/www.notibras.com\/site\/wp-json\/wp\/v2\/media?parent=326380"}],"wp:term":[{"taxonomy":"category","embeddable":true,"href":"https:\/\/www.notibras.com\/site\/wp-json\/wp\/v2\/categories?post=326380"},{"taxonomy":"post_tag","embeddable":true,"href":"https:\/\/www.notibras.com\/site\/wp-json\/wp\/v2\/tags?post=326380"}],"curies":[{"name":"wp","href":"https:\/\/api.w.org\/{rel}","templated":true}]}}