{"id":326393,"date":"2024-04-10T00:00:26","date_gmt":"2024-04-10T03:00:26","guid":{"rendered":"https:\/\/www.notibras.com\/site\/?p=326393"},"modified":"2024-04-10T08:37:33","modified_gmt":"2024-04-10T11:37:33","slug":"homicidio-e-pobreza-sao-desafios-do-brasil-na-comparacao-com-g20","status":"publish","type":"post","link":"https:\/\/www.notibras.com\/site\/homicidio-e-pobreza-sao-desafios-do-brasil-na-comparacao-com-g20\/","title":{"rendered":"Homic\u00eddio e pobreza s\u00e3o desafios do Brasil na compara\u00e7\u00e3o com G20"},"content":{"rendered":"<p>A propor\u00e7\u00e3o de homic\u00eddios no Brasil \u00e9 um dos indicadores mais desafiadores do pa\u00eds em uma compara\u00e7\u00e3o de dados envolvendo pa\u00edses do G20 (Grupo dos 20, que re\u00fane as principais economias do mundo). A popula\u00e7\u00e3o que vive abaixo da linha de pobreza e a presen\u00e7a de mulheres no Congresso Nacional tamb\u00e9m s\u00e3o pontos que chamam aten\u00e7\u00e3o negativamente.<\/p>\n<p>Por outro lado, a participa\u00e7\u00e3o de mulheres em posi\u00e7\u00f5es gerenciais e a taxa de informalidade feminina no mercado de trabalho s\u00e3o pontos positivos do Brasil na compara\u00e7\u00e3o internacional.<\/p>\n<p>As constata\u00e7\u00f5es fazem parte do estudo Criando Sinergias entre a Agenda 2030 para o Desenvolvimento Sustent\u00e1vel e o G20, divulgado nesta ter\u00e7a-feira (9) pelo Instituto Brasileiro de Geografia e Estat\u00edstica (IBGE).<\/p>\n<p>O levantamento apresenta indicadores dos Objetivos de Desenvolvimento Sustent\u00e1vel (ODS), que incluem a Agenda 2030, um conjunto de metas a serem atingidas pelos pa\u00edses. Os ODS s\u00e3o um compromisso assinado pelos integrantes da Organiza\u00e7\u00e3o das Na\u00e7\u00f5es Unidas (ONU), em setembro de 2015.<\/p>\n<p>Apesar de a Uni\u00e3o Europeia (UE) e a Uni\u00e3o Africana (UA) participarem do G20, esses blocos n\u00e3o est\u00e3o inclu\u00eddos na compara\u00e7\u00e3o do IBGE. Isso significa que 19 pa\u00edses fazem parte do universo de pesquisa. No entanto, o instituto sinaliza que nem todos disponibilizaram \u00e0 ONU todas as informa\u00e7\u00f5es pesquisadas.<\/p>\n<p><strong>Homic\u00eddios<\/strong><br \/>\nDos sete indicadores ODS comparados, um que mostra o Brasil em m\u00e1 situa\u00e7\u00e3o \u00e9 o n\u00famero de v\u00edtimas de homic\u00eddio intencional, por 100 mil habitantes. Os registros s\u00e3o de 2021, ano que apresentou o maior n\u00famero de homic\u00eddios intencionais no mundo em rela\u00e7\u00e3o as duas \u00faltimas d\u00e9cadas.<\/p>\n<p>Entre os 15 pa\u00edses do G20 com informa\u00e7\u00f5es liberadas, \u00c1frica do Sul, M\u00e9xico e Brasil apresentaram os maiores n\u00fameros.<\/p>\n<p>No pa\u00eds africano, o \u00edndice chegou a 72,04 por 100 mil habitantes entre os homens. Em seguida figuram M\u00e9xico (50,54) e Brasil (39,55). Jap\u00e3o (0,25), Coreia do Sul (0,55), It\u00e1lia (0,64) e Alemanha (0,87) se destacam positivamente.<\/p>\n<p>\u00c9 poss\u00edvel notar grande diferen\u00e7a de propor\u00e7\u00e3o entre homens e mulheres. \u00c1frica do Sul (10,67), M\u00e9xico (6,17) e Brasil (3,53) tamb\u00e9m lideram o ranking de homic\u00eddios de mulheres por 100 mil habitantes.<\/p>\n<p>Para efeito de compara\u00e7\u00e3o, a taxa global foi de 5,8 por 100 mil, sendo 9,3 para homens e 2,2 para mulheres. O ODS prev\u00ea a redu\u00e7\u00e3o significativa de todas as formas de viol\u00eancia e as taxas de mortalidade.<\/p>\n<p><strong>Pobreza<\/strong><br \/>\nNove pa\u00edses do G20 fornecem dados sobre a propor\u00e7\u00e3o da popula\u00e7\u00e3o vivendo abaixo da linha de pobreza internacional \u2013 US$ 2,15 por dia (cerca de R$ 11). O Brasil \u00e9 o segundo pa\u00eds com maior propor\u00e7\u00e3o, com 5,8% da popula\u00e7\u00e3o nesta situa\u00e7\u00e3o. Perde apenas para a \u00cdndia, que tem 12,9% da popula\u00e7\u00e3o abaixo da linha de pobreza. Fran\u00e7a (0,1%), Estados Unidos (0,2%) e Reino Unido (0,2%) t\u00eam as menores propor\u00e7\u00f5es.<\/p>\n<p>Os n\u00fameros compilados s\u00e3o de 2021. Isso significa que n\u00e3o registra efeitos mais recentes, como a crise econ\u00f4mica na Argentina, que aparece com apenas 0,9% da popula\u00e7\u00e3o abaixo da linha corte.<\/p>\n<p>\u00c9 um ODS erradicar a pobreza extrema. O estudo do IBGE adianta que o Brasil, diferentemente da maioria dos pa\u00edses do G20, j\u00e1 apresentou dados de 2022, alcan\u00e7ando o \u00edndice de 3,5%.<\/p>\n<p><strong>Mulheres<\/strong><br \/>\nQuando o assunto \u00e9 participa\u00e7\u00e3o feminina, o Brasil se destaca na propor\u00e7\u00e3o de mulheres em posi\u00e7\u00f5es gerenciais. Dos 15 pa\u00edses ranqueados, o Brasil figura em terceiro, com 38,8%, atr\u00e1s apenas de Estados Unidos (41,4%) e R\u00fassia (46,2%). Os n\u00fameros s\u00e3o de 2021.<\/p>\n<p>No entanto, quando a avalia\u00e7\u00e3o \u00e9 referente \u00e0 propor\u00e7\u00e3o de assentos ocupados por mulheres em parlamentos nacionais, dados de 2022 colocam o Brasil na pen\u00faltima posi\u00e7\u00e3o entre as 19 na\u00e7\u00f5es, com 14,81%. O Brasil fica \u00e0 frente somente do Jap\u00e3o (9,68%). O ranking \u00e9 liderado pelo M\u00e9xico, que alcan\u00e7ou a igualdade, ou seja, metade das vagas s\u00e3o ocupadas por mulheres.<\/p>\n<p><strong>Trabalho e educa\u00e7\u00e3o<\/strong><br \/>\nO levantamento aponta o quadro de desemprego, fazendo recorte anal\u00edtico por idade e sexo. Os piores \u00edndices pertencem \u00e0 \u00c1frica do Sul. No pa\u00eds africano, cerca de metade da popula\u00e7\u00e3o masculina est\u00e1 desocupada. Entre as mulheres, o desemprego atinge cerca de um quarto delas.<\/p>\n<p>O Brasil encontra-se na metade superior do ranking, rodeado de pa\u00edses emergentes e ainda distante de economias desenvolvidas, como Estados Unidos, Alemanha, Jap\u00e3o e Coreia do Sul. It\u00e1lia e Fran\u00e7a surgem em posi\u00e7\u00f5es piores que a do Brasil.<\/p>\n<p>Entre homens jovens brasileiros (15 a 24 anos), a taxa de desocupa\u00e7\u00e3o \u00e9 de 17,64%. Para as jovens brasileiras, 5,52%. Na popula\u00e7\u00e3o a partir de 25 anos, as taxas brasileiras s\u00e3o de 24,71% para homens e 8,85 para mulheres. No Jap\u00e3o, nenhuma dessas taxas chega a sequer 5%.<\/p>\n<p>Outro indicador relacionado ao mercado de trabalho \u00e9 a taxa de informalidade, isto \u00e9, com garantias trabalhistas. A \u00cdndia tem os piores \u00edndices para homens (88,18%) e mulheres (91,32%). O Brasil ocupa a sexta posi\u00e7\u00e3o na listagem de dez pa\u00edses \u2013 40,26% para homens e 36,08% para mulheres. Alemanha e Fran\u00e7a, na ordem, apresentam as melhores situa\u00e7\u00f5es, com menos de 5% da for\u00e7a produtiva na informalidade.<\/p>\n<p>Treze pa\u00edses disponibilizaram dados de 2021 relativo \u00e0 taxa de conclus\u00e3o do ensino m\u00e9dio. Com o melhor indicador, os Estados Unidos alcan\u00e7aram 94,58%. O Brasil \u00e9 o nono, com 73,37%, e o M\u00e9xico fecha a lista, com 59,53%.<\/p>\n<p><strong>G20<\/strong><br \/>\nO IBGE considera que o estudo \u201ctraz para o debate as sinergias existentes entre a Agenda 2030 e o G20, fornecendo um primeiro conjunto de informa\u00e7\u00f5es que possam subsidiar as discuss\u00f5es sobre o tema das desigualdades\u201d.<\/p>\n<p>Desde dezembro de 2023 o Brasil \u00e9 o presidente rotativo do G20. Ao longo deste ano, uma s\u00e9rie de encontros para tratar de desafios globais s\u00e3o realizados por grupos de trabalho e for\u00e7as-tarefa. O ponto alto da presid\u00eancia brasileira no f\u00f3rum de pa\u00edses ser\u00e1 o encontro de c\u00fapula, nos dias 18 e 19 de novembro, no Rio de Janeiro.<\/p>\n<p>O G20 \u00e9 formado por \u00c1frica do Sul, Alemanha, Ar\u00e1bia Saudita, Argentina, Austr\u00e1lia, Brasil, Canad\u00e1, China, Coreia do Sul, Estados Unidos, Fran\u00e7a, \u00cdndia, Indon\u00e9sia, It\u00e1lia, Jap\u00e3o, M\u00e9xico, Reino Unido, R\u00fassia, Turquia e mais a Uni\u00e3o Africana e Uni\u00e3o Europeia.<\/p>\n<p>Os membros do grupo representam cerca de 85% da economia mundial e cerca de dois ter\u00e7os da popula\u00e7\u00e3o do planeta.<\/p>\n","protected":false},"excerpt":{"rendered":"<p>A propor\u00e7\u00e3o de homic\u00eddios no Brasil \u00e9 um dos indicadores mais desafiadores do pa\u00eds em uma compara\u00e7\u00e3o de dados envolvendo pa\u00edses do G20 (Grupo dos 20, que re\u00fane as principais economias do mundo). A popula\u00e7\u00e3o que vive abaixo da linha de pobreza e a presen\u00e7a de mulheres no Congresso Nacional tamb\u00e9m s\u00e3o pontos que chamam [&hellip;]<\/p>\n","protected":false},"author":2,"featured_media":326394,"comment_status":"closed","ping_status":"closed","sticky":false,"template":"","format":"standard","meta":{"_acf_changed":false,"footnotes":""},"categories":[166,167,168,169,165,170,171,172,173,174],"tags":[],"class_list":["post-326393","post","type-post","status-publish","format-standard","has-post-thumbnail","hentry","category-alagoas","category-bahia","category-ceara","category-maranhao","category-nordeste","category-paraiba-nordeste","category-pernambuco-nordeste","category-piaui","category-rio-grande-do-norte","category-sergipe"],"acf":[],"yoast_head":"<!-- This site is optimized with the Yoast SEO plugin v27.5 - https:\/\/yoast.com\/product\/yoast-seo-wordpress\/ -->\n<title>Homic\u00eddio e pobreza s\u00e3o desafios do Brasil na compara\u00e7\u00e3o com G20 - Notibras<\/title>\n<meta name=\"robots\" content=\"index, follow, max-snippet:-1, max-image-preview:large, max-video-preview:-1\" \/>\n<link rel=\"canonical\" href=\"https:\/\/www.notibras.com\/site\/homicidio-e-pobreza-sao-desafios-do-brasil-na-comparacao-com-g20\/\" \/>\n<meta property=\"og:locale\" content=\"pt_BR\" \/>\n<meta property=\"og:type\" content=\"article\" \/>\n<meta property=\"og:title\" content=\"Homic\u00eddio e pobreza s\u00e3o desafios do Brasil na compara\u00e7\u00e3o com G20 - Notibras\" \/>\n<meta property=\"og:description\" content=\"A propor\u00e7\u00e3o de homic\u00eddios no Brasil \u00e9 um dos indicadores mais desafiadores do pa\u00eds em uma compara\u00e7\u00e3o de dados envolvendo pa\u00edses do G20 (Grupo dos 20, que re\u00fane as principais economias do mundo). A popula\u00e7\u00e3o que vive abaixo da linha de pobreza e a presen\u00e7a de mulheres no Congresso Nacional tamb\u00e9m s\u00e3o pontos que chamam [&hellip;]\" \/>\n<meta property=\"og:url\" content=\"https:\/\/www.notibras.com\/site\/homicidio-e-pobreza-sao-desafios-do-brasil-na-comparacao-com-g20\/\" \/>\n<meta property=\"og:site_name\" content=\"Notibras\" \/>\n<meta property=\"article:publisher\" content=\"https:\/\/www.facebook.com\/notibras\/\" \/>\n<meta property=\"article:published_time\" content=\"2024-04-10T03:00:26+00:00\" \/>\n<meta property=\"article:modified_time\" content=\"2024-04-10T11:37:33+00:00\" \/>\n<meta property=\"og:image\" content=\"https:\/\/www.notibras.com\/site\/wp-content\/uploads\/2024\/04\/morte.pobreza.webp\" \/>\n\t<meta property=\"og:image:width\" content=\"1170\" \/>\n\t<meta property=\"og:image:height\" content=\"700\" \/>\n\t<meta property=\"og:image:type\" content=\"image\/webp\" \/>\n<meta name=\"author\" content=\"Reda\u00e7\u00e3o\" \/>\n<meta name=\"twitter:card\" content=\"summary_large_image\" \/>\n<meta name=\"twitter:creator\" content=\"@Notibras\" \/>\n<meta name=\"twitter:site\" content=\"@Notibras\" \/>\n<meta name=\"twitter:label1\" content=\"Escrito por\" \/>\n\t<meta name=\"twitter:data1\" content=\"Reda\u00e7\u00e3o\" \/>\n\t<meta name=\"twitter:label2\" content=\"Est. tempo de leitura\" \/>\n\t<meta name=\"twitter:data2\" content=\"6 minutos\" \/>\n<script type=\"application\/ld+json\" class=\"yoast-schema-graph\">{\"@context\":\"https:\\\/\\\/schema.org\",\"@graph\":[{\"@type\":\"Article\",\"@id\":\"https:\\\/\\\/www.notibras.com\\\/site\\\/homicidio-e-pobreza-sao-desafios-do-brasil-na-comparacao-com-g20\\\/#article\",\"isPartOf\":{\"@id\":\"https:\\\/\\\/www.notibras.com\\\/site\\\/homicidio-e-pobreza-sao-desafios-do-brasil-na-comparacao-com-g20\\\/\"},\"author\":{\"name\":\"Reda\u00e7\u00e3o\",\"@id\":\"https:\\\/\\\/www.notibras.com\\\/site\\\/#\\\/schema\\\/person\\\/36ab0979449956132d3e5b517ea76ac8\"},\"headline\":\"Homic\u00eddio e pobreza s\u00e3o desafios do Brasil na compara\u00e7\u00e3o com G20\",\"datePublished\":\"2024-04-10T03:00:26+00:00\",\"dateModified\":\"2024-04-10T11:37:33+00:00\",\"mainEntityOfPage\":{\"@id\":\"https:\\\/\\\/www.notibras.com\\\/site\\\/homicidio-e-pobreza-sao-desafios-do-brasil-na-comparacao-com-g20\\\/\"},\"wordCount\":1074,\"publisher\":{\"@id\":\"https:\\\/\\\/www.notibras.com\\\/site\\\/#organization\"},\"image\":{\"@id\":\"https:\\\/\\\/www.notibras.com\\\/site\\\/homicidio-e-pobreza-sao-desafios-do-brasil-na-comparacao-com-g20\\\/#primaryimage\"},\"thumbnailUrl\":\"https:\\\/\\\/www.notibras.com\\\/site\\\/wp-content\\\/uploads\\\/2024\\\/04\\\/morte.pobreza.webp\",\"articleSection\":[\"Alagoas\",\"Bahia\",\"Cear\u00e1\",\"Maranh\u00e3o\",\"Nordeste\",\"Para\u00edba\",\"Pernambuco\",\"Piau\u00ed\",\"Rio Grande do Norte\",\"Sergipe\"],\"inLanguage\":\"pt-BR\"},{\"@type\":\"WebPage\",\"@id\":\"https:\\\/\\\/www.notibras.com\\\/site\\\/homicidio-e-pobreza-sao-desafios-do-brasil-na-comparacao-com-g20\\\/\",\"url\":\"https:\\\/\\\/www.notibras.com\\\/site\\\/homicidio-e-pobreza-sao-desafios-do-brasil-na-comparacao-com-g20\\\/\",\"name\":\"Homic\u00eddio e pobreza s\u00e3o desafios do Brasil na compara\u00e7\u00e3o com G20 - Notibras\",\"isPartOf\":{\"@id\":\"https:\\\/\\\/www.notibras.com\\\/site\\\/#website\"},\"primaryImageOfPage\":{\"@id\":\"https:\\\/\\\/www.notibras.com\\\/site\\\/homicidio-e-pobreza-sao-desafios-do-brasil-na-comparacao-com-g20\\\/#primaryimage\"},\"image\":{\"@id\":\"https:\\\/\\\/www.notibras.com\\\/site\\\/homicidio-e-pobreza-sao-desafios-do-brasil-na-comparacao-com-g20\\\/#primaryimage\"},\"thumbnailUrl\":\"https:\\\/\\\/www.notibras.com\\\/site\\\/wp-content\\\/uploads\\\/2024\\\/04\\\/morte.pobreza.webp\",\"datePublished\":\"2024-04-10T03:00:26+00:00\",\"dateModified\":\"2024-04-10T11:37:33+00:00\",\"breadcrumb\":{\"@id\":\"https:\\\/\\\/www.notibras.com\\\/site\\\/homicidio-e-pobreza-sao-desafios-do-brasil-na-comparacao-com-g20\\\/#breadcrumb\"},\"inLanguage\":\"pt-BR\",\"potentialAction\":[{\"@type\":\"ReadAction\",\"target\":[\"https:\\\/\\\/www.notibras.com\\\/site\\\/homicidio-e-pobreza-sao-desafios-do-brasil-na-comparacao-com-g20\\\/\"]}]},{\"@type\":\"ImageObject\",\"inLanguage\":\"pt-BR\",\"@id\":\"https:\\\/\\\/www.notibras.com\\\/site\\\/homicidio-e-pobreza-sao-desafios-do-brasil-na-comparacao-com-g20\\\/#primaryimage\",\"url\":\"https:\\\/\\\/www.notibras.com\\\/site\\\/wp-content\\\/uploads\\\/2024\\\/04\\\/morte.pobreza.webp\",\"contentUrl\":\"https:\\\/\\\/www.notibras.com\\\/site\\\/wp-content\\\/uploads\\\/2024\\\/04\\\/morte.pobreza.webp\",\"width\":1170,\"height\":700},{\"@type\":\"BreadcrumbList\",\"@id\":\"https:\\\/\\\/www.notibras.com\\\/site\\\/homicidio-e-pobreza-sao-desafios-do-brasil-na-comparacao-com-g20\\\/#breadcrumb\",\"itemListElement\":[{\"@type\":\"ListItem\",\"position\":1,\"name\":\"In\u00edcio\",\"item\":\"https:\\\/\\\/www.notibras.com\\\/site\\\/\"},{\"@type\":\"ListItem\",\"position\":2,\"name\":\"Homic\u00eddio e pobreza s\u00e3o desafios do Brasil na compara\u00e7\u00e3o com G20\"}]},{\"@type\":\"WebSite\",\"@id\":\"https:\\\/\\\/www.notibras.com\\\/site\\\/#website\",\"url\":\"https:\\\/\\\/www.notibras.com\\\/site\\\/\",\"name\":\"Notibras\",\"description\":\"Not\u00edcias de Bras\u00edlia, do Brasil e do Mundo\",\"publisher\":{\"@id\":\"https:\\\/\\\/www.notibras.com\\\/site\\\/#organization\"},\"potentialAction\":[{\"@type\":\"SearchAction\",\"target\":{\"@type\":\"EntryPoint\",\"urlTemplate\":\"https:\\\/\\\/www.notibras.com\\\/site\\\/?s={search_term_string}\"},\"query-input\":{\"@type\":\"PropertyValueSpecification\",\"valueRequired\":true,\"valueName\":\"search_term_string\"}}],\"inLanguage\":\"pt-BR\"},{\"@type\":\"Organization\",\"@id\":\"https:\\\/\\\/www.notibras.com\\\/site\\\/#organization\",\"name\":\"Grupo Notibras de Comunica\u00e7\u00e3o\",\"url\":\"https:\\\/\\\/www.notibras.com\\\/site\\\/\",\"logo\":{\"@type\":\"ImageObject\",\"inLanguage\":\"pt-BR\",\"@id\":\"https:\\\/\\\/www.notibras.com\\\/site\\\/#\\\/schema\\\/logo\\\/image\\\/\",\"url\":\"https:\\\/\\\/www.notibras.com\\\/site\\\/wp-content\\\/uploads\\\/2023\\\/01\\\/notibras23.png\",\"contentUrl\":\"https:\\\/\\\/www.notibras.com\\\/site\\\/wp-content\\\/uploads\\\/2023\\\/01\\\/notibras23.png\",\"width\":350,\"height\":87,\"caption\":\"Grupo Notibras de Comunica\u00e7\u00e3o\"},\"image\":{\"@id\":\"https:\\\/\\\/www.notibras.com\\\/site\\\/#\\\/schema\\\/logo\\\/image\\\/\"},\"sameAs\":[\"https:\\\/\\\/www.facebook.com\\\/notibras\\\/\",\"https:\\\/\\\/x.com\\\/Notibras\",\"https:\\\/\\\/www.instagram.com\\\/notibras\\\/\"]},{\"@type\":\"Person\",\"@id\":\"https:\\\/\\\/www.notibras.com\\\/site\\\/#\\\/schema\\\/person\\\/36ab0979449956132d3e5b517ea76ac8\",\"name\":\"Reda\u00e7\u00e3o\",\"image\":{\"@type\":\"ImageObject\",\"inLanguage\":\"pt-BR\",\"@id\":\"https:\\\/\\\/secure.gravatar.com\\\/avatar\\\/e0a867bdedb85fd243eadf09663511f96fc81e0720a4a42581f334ad4303aa6b?s=96&d=mm&r=g\",\"url\":\"https:\\\/\\\/secure.gravatar.com\\\/avatar\\\/e0a867bdedb85fd243eadf09663511f96fc81e0720a4a42581f334ad4303aa6b?s=96&d=mm&r=g\",\"contentUrl\":\"https:\\\/\\\/secure.gravatar.com\\\/avatar\\\/e0a867bdedb85fd243eadf09663511f96fc81e0720a4a42581f334ad4303aa6b?s=96&d=mm&r=g\",\"caption\":\"Reda\u00e7\u00e3o\"}}]}<\/script>\n<!-- \/ Yoast SEO plugin. -->","yoast_head_json":{"title":"Homic\u00eddio e pobreza s\u00e3o desafios do Brasil na compara\u00e7\u00e3o com G20 - Notibras","robots":{"index":"index","follow":"follow","max-snippet":"max-snippet:-1","max-image-preview":"max-image-preview:large","max-video-preview":"max-video-preview:-1"},"canonical":"https:\/\/www.notibras.com\/site\/homicidio-e-pobreza-sao-desafios-do-brasil-na-comparacao-com-g20\/","og_locale":"pt_BR","og_type":"article","og_title":"Homic\u00eddio e pobreza s\u00e3o desafios do Brasil na compara\u00e7\u00e3o com G20 - Notibras","og_description":"A propor\u00e7\u00e3o de homic\u00eddios no Brasil \u00e9 um dos indicadores mais desafiadores do pa\u00eds em uma compara\u00e7\u00e3o de dados envolvendo pa\u00edses do G20 (Grupo dos 20, que re\u00fane as principais economias do mundo). A popula\u00e7\u00e3o que vive abaixo da linha de pobreza e a presen\u00e7a de mulheres no Congresso Nacional tamb\u00e9m s\u00e3o pontos que chamam [&hellip;]","og_url":"https:\/\/www.notibras.com\/site\/homicidio-e-pobreza-sao-desafios-do-brasil-na-comparacao-com-g20\/","og_site_name":"Notibras","article_publisher":"https:\/\/www.facebook.com\/notibras\/","article_published_time":"2024-04-10T03:00:26+00:00","article_modified_time":"2024-04-10T11:37:33+00:00","og_image":[{"width":1170,"height":700,"url":"https:\/\/www.notibras.com\/site\/wp-content\/uploads\/2024\/04\/morte.pobreza.webp","type":"image\/webp"}],"author":"Reda\u00e7\u00e3o","twitter_card":"summary_large_image","twitter_creator":"@Notibras","twitter_site":"@Notibras","twitter_misc":{"Escrito por":"Reda\u00e7\u00e3o","Est. tempo de leitura":"6 minutos"},"schema":{"@context":"https:\/\/schema.org","@graph":[{"@type":"Article","@id":"https:\/\/www.notibras.com\/site\/homicidio-e-pobreza-sao-desafios-do-brasil-na-comparacao-com-g20\/#article","isPartOf":{"@id":"https:\/\/www.notibras.com\/site\/homicidio-e-pobreza-sao-desafios-do-brasil-na-comparacao-com-g20\/"},"author":{"name":"Reda\u00e7\u00e3o","@id":"https:\/\/www.notibras.com\/site\/#\/schema\/person\/36ab0979449956132d3e5b517ea76ac8"},"headline":"Homic\u00eddio e pobreza s\u00e3o desafios do Brasil na compara\u00e7\u00e3o com G20","datePublished":"2024-04-10T03:00:26+00:00","dateModified":"2024-04-10T11:37:33+00:00","mainEntityOfPage":{"@id":"https:\/\/www.notibras.com\/site\/homicidio-e-pobreza-sao-desafios-do-brasil-na-comparacao-com-g20\/"},"wordCount":1074,"publisher":{"@id":"https:\/\/www.notibras.com\/site\/#organization"},"image":{"@id":"https:\/\/www.notibras.com\/site\/homicidio-e-pobreza-sao-desafios-do-brasil-na-comparacao-com-g20\/#primaryimage"},"thumbnailUrl":"https:\/\/www.notibras.com\/site\/wp-content\/uploads\/2024\/04\/morte.pobreza.webp","articleSection":["Alagoas","Bahia","Cear\u00e1","Maranh\u00e3o","Nordeste","Para\u00edba","Pernambuco","Piau\u00ed","Rio Grande do Norte","Sergipe"],"inLanguage":"pt-BR"},{"@type":"WebPage","@id":"https:\/\/www.notibras.com\/site\/homicidio-e-pobreza-sao-desafios-do-brasil-na-comparacao-com-g20\/","url":"https:\/\/www.notibras.com\/site\/homicidio-e-pobreza-sao-desafios-do-brasil-na-comparacao-com-g20\/","name":"Homic\u00eddio e pobreza s\u00e3o desafios do Brasil na compara\u00e7\u00e3o com G20 - Notibras","isPartOf":{"@id":"https:\/\/www.notibras.com\/site\/#website"},"primaryImageOfPage":{"@id":"https:\/\/www.notibras.com\/site\/homicidio-e-pobreza-sao-desafios-do-brasil-na-comparacao-com-g20\/#primaryimage"},"image":{"@id":"https:\/\/www.notibras.com\/site\/homicidio-e-pobreza-sao-desafios-do-brasil-na-comparacao-com-g20\/#primaryimage"},"thumbnailUrl":"https:\/\/www.notibras.com\/site\/wp-content\/uploads\/2024\/04\/morte.pobreza.webp","datePublished":"2024-04-10T03:00:26+00:00","dateModified":"2024-04-10T11:37:33+00:00","breadcrumb":{"@id":"https:\/\/www.notibras.com\/site\/homicidio-e-pobreza-sao-desafios-do-brasil-na-comparacao-com-g20\/#breadcrumb"},"inLanguage":"pt-BR","potentialAction":[{"@type":"ReadAction","target":["https:\/\/www.notibras.com\/site\/homicidio-e-pobreza-sao-desafios-do-brasil-na-comparacao-com-g20\/"]}]},{"@type":"ImageObject","inLanguage":"pt-BR","@id":"https:\/\/www.notibras.com\/site\/homicidio-e-pobreza-sao-desafios-do-brasil-na-comparacao-com-g20\/#primaryimage","url":"https:\/\/www.notibras.com\/site\/wp-content\/uploads\/2024\/04\/morte.pobreza.webp","contentUrl":"https:\/\/www.notibras.com\/site\/wp-content\/uploads\/2024\/04\/morte.pobreza.webp","width":1170,"height":700},{"@type":"BreadcrumbList","@id":"https:\/\/www.notibras.com\/site\/homicidio-e-pobreza-sao-desafios-do-brasil-na-comparacao-com-g20\/#breadcrumb","itemListElement":[{"@type":"ListItem","position":1,"name":"In\u00edcio","item":"https:\/\/www.notibras.com\/site\/"},{"@type":"ListItem","position":2,"name":"Homic\u00eddio e pobreza s\u00e3o desafios do Brasil na compara\u00e7\u00e3o com G20"}]},{"@type":"WebSite","@id":"https:\/\/www.notibras.com\/site\/#website","url":"https:\/\/www.notibras.com\/site\/","name":"Notibras","description":"Not\u00edcias de Bras\u00edlia, do Brasil e do Mundo","publisher":{"@id":"https:\/\/www.notibras.com\/site\/#organization"},"potentialAction":[{"@type":"SearchAction","target":{"@type":"EntryPoint","urlTemplate":"https:\/\/www.notibras.com\/site\/?s={search_term_string}"},"query-input":{"@type":"PropertyValueSpecification","valueRequired":true,"valueName":"search_term_string"}}],"inLanguage":"pt-BR"},{"@type":"Organization","@id":"https:\/\/www.notibras.com\/site\/#organization","name":"Grupo Notibras de Comunica\u00e7\u00e3o","url":"https:\/\/www.notibras.com\/site\/","logo":{"@type":"ImageObject","inLanguage":"pt-BR","@id":"https:\/\/www.notibras.com\/site\/#\/schema\/logo\/image\/","url":"https:\/\/www.notibras.com\/site\/wp-content\/uploads\/2023\/01\/notibras23.png","contentUrl":"https:\/\/www.notibras.com\/site\/wp-content\/uploads\/2023\/01\/notibras23.png","width":350,"height":87,"caption":"Grupo Notibras de Comunica\u00e7\u00e3o"},"image":{"@id":"https:\/\/www.notibras.com\/site\/#\/schema\/logo\/image\/"},"sameAs":["https:\/\/www.facebook.com\/notibras\/","https:\/\/x.com\/Notibras","https:\/\/www.instagram.com\/notibras\/"]},{"@type":"Person","@id":"https:\/\/www.notibras.com\/site\/#\/schema\/person\/36ab0979449956132d3e5b517ea76ac8","name":"Reda\u00e7\u00e3o","image":{"@type":"ImageObject","inLanguage":"pt-BR","@id":"https:\/\/secure.gravatar.com\/avatar\/e0a867bdedb85fd243eadf09663511f96fc81e0720a4a42581f334ad4303aa6b?s=96&d=mm&r=g","url":"https:\/\/secure.gravatar.com\/avatar\/e0a867bdedb85fd243eadf09663511f96fc81e0720a4a42581f334ad4303aa6b?s=96&d=mm&r=g","contentUrl":"https:\/\/secure.gravatar.com\/avatar\/e0a867bdedb85fd243eadf09663511f96fc81e0720a4a42581f334ad4303aa6b?s=96&d=mm&r=g","caption":"Reda\u00e7\u00e3o"}}]}},"amp_enabled":true,"_links":{"self":[{"href":"https:\/\/www.notibras.com\/site\/wp-json\/wp\/v2\/posts\/326393","targetHints":{"allow":["GET"]}}],"collection":[{"href":"https:\/\/www.notibras.com\/site\/wp-json\/wp\/v2\/posts"}],"about":[{"href":"https:\/\/www.notibras.com\/site\/wp-json\/wp\/v2\/types\/post"}],"author":[{"embeddable":true,"href":"https:\/\/www.notibras.com\/site\/wp-json\/wp\/v2\/users\/2"}],"replies":[{"embeddable":true,"href":"https:\/\/www.notibras.com\/site\/wp-json\/wp\/v2\/comments?post=326393"}],"version-history":[{"count":1,"href":"https:\/\/www.notibras.com\/site\/wp-json\/wp\/v2\/posts\/326393\/revisions"}],"predecessor-version":[{"id":326395,"href":"https:\/\/www.notibras.com\/site\/wp-json\/wp\/v2\/posts\/326393\/revisions\/326395"}],"wp:featuredmedia":[{"embeddable":true,"href":"https:\/\/www.notibras.com\/site\/wp-json\/wp\/v2\/media\/326394"}],"wp:attachment":[{"href":"https:\/\/www.notibras.com\/site\/wp-json\/wp\/v2\/media?parent=326393"}],"wp:term":[{"taxonomy":"category","embeddable":true,"href":"https:\/\/www.notibras.com\/site\/wp-json\/wp\/v2\/categories?post=326393"},{"taxonomy":"post_tag","embeddable":true,"href":"https:\/\/www.notibras.com\/site\/wp-json\/wp\/v2\/tags?post=326393"}],"curies":[{"name":"wp","href":"https:\/\/api.w.org\/{rel}","templated":true}]}}