{"id":326412,"date":"2024-04-10T11:50:51","date_gmt":"2024-04-10T14:50:51","guid":{"rendered":"https:\/\/www.notibras.com\/site\/?p=326412"},"modified":"2024-04-10T12:35:03","modified_gmt":"2024-04-10T15:35:03","slug":"elza-fiuza-morre-aos-74-anos-apos-longa-luta-contra-cancer","status":"publish","type":"post","link":"https:\/\/www.notibras.com\/site\/elza-fiuza-morre-aos-74-anos-apos-longa-luta-contra-cancer\/","title":{"rendered":"Elza Fi\u00faza morre aos 74 anos ap\u00f3s lutar contra c\u00e2ncer"},"content":{"rendered":"<p>A fotojornalista Elza Fi\u00faza morreu na madrugada desta quarta-feira (10) em Bras\u00edlia aos 74 anos, ap\u00f3s sete anos de luta contra um c\u00e2ncer. A informa\u00e7\u00e3o foi confirmada pela fam\u00edlia.<\/p>\n<p>Elza trabalhou na Ag\u00eancia Brasil por tr\u00eas d\u00e9cadas. Iniciou na extinta Radiobras, em 1986, e seguiu na Empresa Brasil de Comunica\u00e7\u00e3o (EBC) at\u00e9 2016, quando deixou o fotojornalismo por meio de um programa de demiss\u00e3o volunt\u00e1ria (PDV). \u00c0 \u00e9poca, a sa\u00fade j\u00e1 dava sinais de fragilidade. Ela tamb\u00e9m foi fot\u00f3grafa do Correio Braziliense.<\/p>\n<p>Em 2018, Elzinha \u2013 como era conhecida na reda\u00e7\u00e3o \u2013 foi homenageada no livro Um olhar sobre o Brasil, que re\u00fane 125 imagens do cotidiano brasileiro, capturadas pela lente de fot\u00f3grafos da Ag\u00eancia Brasil. \u201cAqui passei os melhores anos da minha vida\u201d, resumiu Elza, emocionada, durante a cerim\u00f4nia de lan\u00e7amento da publica\u00e7\u00e3o.<\/p>\n<p>Ela participou de coberturas emblem\u00e1ticas para a pol\u00edtica nacional, como o impeachment do ex-presidente Fernando Collor e o discurso de despedida da ex-presidente Dilma Rousseff. Dentre algumas fotos consagradas pela fotojornalista est\u00e1 a do ent\u00e3o presidente da Assembleia Nacional Constituinte, Ulysses Guimar\u00e3es, com a Constitui\u00e7\u00e3o de 1988 nas m\u00e3os, ao ser promulgada.<\/p>\n<p><strong>Biografia<\/strong><br \/>\nElza Maria Praia Fi\u00faza Dias Pinto nasceu em 19 de agosto de 1949, em Manaus. Morou parte da vida na capital carioca, onde estudou na Escola de Belas Artes da Universidade Federal do Rio de Janeiro (UFRJ).<\/p>\n<p>Em seguida, mudou-se para S\u00e3o Paulo e, depois, para Bras\u00edlia. Em um de seus perfis nas redes sociais, ela se descreve como \u201cfotojornalista apaixonada pela profiss\u00e3o\u201d.<\/p>\n<p>Foi casada por mais de 50 anos com o jornalista Chico Dias, com quem teve quatro filhos: Joana, Pedro, V\u00e2nia e Marina. Elza deixa ainda cinco netos: Moreno, Mariah, Helena, Heitor e Jo\u00e3o.<\/p>\n<p>Anualmente, o casal recebia jornalistas de toda a cidade em sua casa, no final do bairro Asa Norte, onde ocorria uma tradicional festa junina.<\/p>\n<p>\u201cMinha vov\u00f3 se foi. Com ela, todo o meu cora\u00e7\u00e3o. Obrigada por tanto, vov\u00f3. Pra sempre vou te amar e te carregar todos os dias dentro de mim. Ben\u00e7a\u201d, postou a neta Helena Praia.<\/p>\n<p><strong>Depoimentos<\/strong><br \/>\nO amigo e colega de fotojornalismo da Ag\u00eancia Brasil, Jos\u00e9 Cruz, lamentou a morte de Elza. \u201cJ\u00e1 t\u00ednhamos perdido dois colegas muito especiais: o Roosewelt Pinheiro [falecido em mar\u00e7o de 2021, aos 76 anos] e o Gerv\u00e1sio Baptista [falecido em abril de 2019, aos 95 anos]. Agora foi ela. Onde eles chegavam, traziam alegria\u201d.<\/p>\n<p>\u201cFoi um privil\u00e9gio ter sido amigo dela desde os tempos do Correio Braziliense, em 1978 ou 1979. Ela fazia um trabalho criterioso, sem deixar de ser brincalhona. Andava sempre com um bloquinho na m\u00e3o. Al\u00e9m de anotar o nome dos personagens de suas fotos, ela os desenhava\u201d, lembrou Cruz.<\/p>\n<p>\u201cEra uma m\u00e3ezona e acabava cuidando de todos na reda\u00e7\u00e3o. Trazia comida, organizava tudo. T\u00ednhamos sempre muito respeito. Quando ela falava, estava decidido. No fotojornalismo, h\u00e1 muita gente especial, mas que nem ela n\u00e3o existe mais\u201d, destacou. \u201cN\u00e3o se silenciava diante de injusti\u00e7as. Na ditadura, batia o p\u00e9 contra tudo.\u201d<\/p>\n<p>O tamb\u00e9m amigo e editor da Ag\u00eancia Brasil Fernando Fraga lembrou com carinho de quando se conheceram. \u201cEm 1978, meu primeiro emprego foi no Jornal de Bras\u00edlia. Editoria de Cidade era o destino de todo \u2018foca\u2019 [jornalista iniciante]. Elzinha j\u00e1 era fot\u00f3grafa do Correio Braziliense, o concorrente. Nos v\u00edamos nas pautas, nos bares e no Clube da Imprensa e nos tornamos amigos, assim como de seu companheiro Chico Dias\u201d.<\/p>\n<p>\u201cNo ano seguinte, fui contratado pelo Correio. Nossa amizade se consolidou. Muitas pautas, festas, bares e almo\u00e7os. \u00c9ramos e ainda somos uma fam\u00edlia. Uma turma. Hoje, de velhos jornalistas. Desde ent\u00e3o, sempre nos v\u00edamos. Elza far\u00e1 muita falta na nossa vida. Que olhe por n\u00f3s de onde estiver.\u201d<\/p>\n<p>O gerente executivo de Imagens da Ag\u00eancia Brasil, Juca Varella, trabalhou com Elza \u00e0 \u00e9poca da Radiobras. \u201cFizemos algumas viagens juntos. Nos anos 1990, era raro mulheres fot\u00f3grafas nas reda\u00e7\u00f5es. Ela era pequena e valente. Uma mulher de opini\u00f5es firmes que criticava e se posicionava contra injusti\u00e7as\u201d.<\/p>\n<p>\u201cBasta ver as imagens feitas por ela para se ter uma ideia de seus posicionamentos. Ela sempre se pautava contra injusti\u00e7as. Sempre preocupada com a educa\u00e7\u00e3o no pa\u00eds, com as causas das mulheres e dos povos ind\u00edgenas\u201d, completou Varella.<\/p>\n<p>Em uma de suas \u00faltimas entrevistas, em 2022, \u00e0 neta Mariah Praia, Elza contou detalhes do que viveu no per\u00edodo da ditadura no Brasil. Um irm\u00e3o e uma cunhada chegaram a ser presos e torturados \u00e0 \u00e9poca, enquanto ela dava abrigo a militantes e denunciava o que via. \u201cMuitos jornalistas foram presos s\u00f3 por denunciar\u201d, contou.<\/p>\n<p>\u201c\u00c0 medida que aumentava a resist\u00eancia da popula\u00e7\u00e3o ao regime ditatorial, aumentava a viol\u00eancia deles. Tive um irm\u00e3o, Cleto, e minha cunhada Janda, que ficaram presos. Foram presos e torturados. Ficaram mais de um ano presos. Minha fam\u00edlia sofreu muito com a ditadura\u201d, lembrou Elza.<\/p>\n<p>O vel\u00f3rio ser\u00e1 no Cemit\u00e9rio Campo da Esperan\u00e7a, na quinta-feira (11).<\/p>\n","protected":false},"excerpt":{"rendered":"<p>A fotojornalista Elza Fi\u00faza morreu na madrugada desta quarta-feira (10) em Bras\u00edlia aos 74 anos, ap\u00f3s sete anos de luta contra um c\u00e2ncer. A informa\u00e7\u00e3o foi confirmada pela fam\u00edlia. Elza trabalhou na Ag\u00eancia Brasil por tr\u00eas d\u00e9cadas. Iniciou na extinta Radiobras, em 1986, e seguiu na Empresa Brasil de Comunica\u00e7\u00e3o (EBC) at\u00e9 2016, quando deixou [&hellip;]<\/p>\n","protected":false},"author":2,"featured_media":326413,"comment_status":"closed","ping_status":"closed","sticky":false,"template":"","format":"standard","meta":{"_acf_changed":false,"footnotes":""},"categories":[161],"tags":[],"class_list":["post-326412","post","type-post","status-publish","format-standard","has-post-thumbnail","hentry","category-quadradinho-em-foco"],"acf":[],"yoast_head":"<!-- This site is optimized with the Yoast SEO plugin v27.5 - https:\/\/yoast.com\/product\/yoast-seo-wordpress\/ -->\n<title>Elza Fi\u00faza morre aos 74 anos ap\u00f3s lutar contra c\u00e2ncer - Notibras<\/title>\n<meta name=\"robots\" content=\"index, follow, max-snippet:-1, max-image-preview:large, max-video-preview:-1\" \/>\n<link rel=\"canonical\" href=\"https:\/\/www.notibras.com\/site\/elza-fiuza-morre-aos-74-anos-apos-longa-luta-contra-cancer\/\" \/>\n<meta property=\"og:locale\" content=\"pt_BR\" \/>\n<meta property=\"og:type\" content=\"article\" \/>\n<meta property=\"og:title\" content=\"Elza Fi\u00faza morre aos 74 anos ap\u00f3s lutar contra c\u00e2ncer - Notibras\" \/>\n<meta property=\"og:description\" content=\"A fotojornalista Elza Fi\u00faza morreu na madrugada desta quarta-feira (10) em Bras\u00edlia aos 74 anos, ap\u00f3s sete anos de luta contra um c\u00e2ncer. A informa\u00e7\u00e3o foi confirmada pela fam\u00edlia. Elza trabalhou na Ag\u00eancia Brasil por tr\u00eas d\u00e9cadas. Iniciou na extinta Radiobras, em 1986, e seguiu na Empresa Brasil de Comunica\u00e7\u00e3o (EBC) at\u00e9 2016, quando deixou [&hellip;]\" \/>\n<meta property=\"og:url\" content=\"https:\/\/www.notibras.com\/site\/elza-fiuza-morre-aos-74-anos-apos-longa-luta-contra-cancer\/\" \/>\n<meta property=\"og:site_name\" content=\"Notibras\" \/>\n<meta property=\"article:publisher\" content=\"https:\/\/www.facebook.com\/notibras\/\" \/>\n<meta property=\"article:published_time\" content=\"2024-04-10T14:50:51+00:00\" \/>\n<meta property=\"article:modified_time\" content=\"2024-04-10T15:35:03+00:00\" \/>\n<meta property=\"og:image\" content=\"https:\/\/www.notibras.com\/site\/wp-content\/uploads\/2024\/04\/elza.fiuza_.webp\" \/>\n\t<meta property=\"og:image:width\" content=\"1170\" \/>\n\t<meta property=\"og:image:height\" content=\"700\" \/>\n\t<meta property=\"og:image:type\" content=\"image\/webp\" \/>\n<meta name=\"author\" content=\"Reda\u00e7\u00e3o\" \/>\n<meta name=\"twitter:card\" content=\"summary_large_image\" \/>\n<meta name=\"twitter:creator\" content=\"@Notibras\" \/>\n<meta name=\"twitter:site\" content=\"@Notibras\" \/>\n<meta name=\"twitter:label1\" content=\"Escrito por\" \/>\n\t<meta name=\"twitter:data1\" content=\"Reda\u00e7\u00e3o\" \/>\n\t<meta name=\"twitter:label2\" content=\"Est. tempo de leitura\" \/>\n\t<meta name=\"twitter:data2\" content=\"5 minutos\" \/>\n<script type=\"application\/ld+json\" class=\"yoast-schema-graph\">{\"@context\":\"https:\\\/\\\/schema.org\",\"@graph\":[{\"@type\":\"Article\",\"@id\":\"https:\\\/\\\/www.notibras.com\\\/site\\\/elza-fiuza-morre-aos-74-anos-apos-longa-luta-contra-cancer\\\/#article\",\"isPartOf\":{\"@id\":\"https:\\\/\\\/www.notibras.com\\\/site\\\/elza-fiuza-morre-aos-74-anos-apos-longa-luta-contra-cancer\\\/\"},\"author\":{\"name\":\"Reda\u00e7\u00e3o\",\"@id\":\"https:\\\/\\\/www.notibras.com\\\/site\\\/#\\\/schema\\\/person\\\/36ab0979449956132d3e5b517ea76ac8\"},\"headline\":\"Elza Fi\u00faza morre aos 74 anos ap\u00f3s lutar contra c\u00e2ncer\",\"datePublished\":\"2024-04-10T14:50:51+00:00\",\"dateModified\":\"2024-04-10T15:35:03+00:00\",\"mainEntityOfPage\":{\"@id\":\"https:\\\/\\\/www.notibras.com\\\/site\\\/elza-fiuza-morre-aos-74-anos-apos-longa-luta-contra-cancer\\\/\"},\"wordCount\":873,\"publisher\":{\"@id\":\"https:\\\/\\\/www.notibras.com\\\/site\\\/#organization\"},\"image\":{\"@id\":\"https:\\\/\\\/www.notibras.com\\\/site\\\/elza-fiuza-morre-aos-74-anos-apos-longa-luta-contra-cancer\\\/#primaryimage\"},\"thumbnailUrl\":\"https:\\\/\\\/www.notibras.com\\\/site\\\/wp-content\\\/uploads\\\/2024\\\/04\\\/elza.fiuza_.webp\",\"articleSection\":[\"Quadradinho em Foco\"],\"inLanguage\":\"pt-BR\"},{\"@type\":\"WebPage\",\"@id\":\"https:\\\/\\\/www.notibras.com\\\/site\\\/elza-fiuza-morre-aos-74-anos-apos-longa-luta-contra-cancer\\\/\",\"url\":\"https:\\\/\\\/www.notibras.com\\\/site\\\/elza-fiuza-morre-aos-74-anos-apos-longa-luta-contra-cancer\\\/\",\"name\":\"Elza Fi\u00faza morre aos 74 anos ap\u00f3s lutar contra c\u00e2ncer - Notibras\",\"isPartOf\":{\"@id\":\"https:\\\/\\\/www.notibras.com\\\/site\\\/#website\"},\"primaryImageOfPage\":{\"@id\":\"https:\\\/\\\/www.notibras.com\\\/site\\\/elza-fiuza-morre-aos-74-anos-apos-longa-luta-contra-cancer\\\/#primaryimage\"},\"image\":{\"@id\":\"https:\\\/\\\/www.notibras.com\\\/site\\\/elza-fiuza-morre-aos-74-anos-apos-longa-luta-contra-cancer\\\/#primaryimage\"},\"thumbnailUrl\":\"https:\\\/\\\/www.notibras.com\\\/site\\\/wp-content\\\/uploads\\\/2024\\\/04\\\/elza.fiuza_.webp\",\"datePublished\":\"2024-04-10T14:50:51+00:00\",\"dateModified\":\"2024-04-10T15:35:03+00:00\",\"breadcrumb\":{\"@id\":\"https:\\\/\\\/www.notibras.com\\\/site\\\/elza-fiuza-morre-aos-74-anos-apos-longa-luta-contra-cancer\\\/#breadcrumb\"},\"inLanguage\":\"pt-BR\",\"potentialAction\":[{\"@type\":\"ReadAction\",\"target\":[\"https:\\\/\\\/www.notibras.com\\\/site\\\/elza-fiuza-morre-aos-74-anos-apos-longa-luta-contra-cancer\\\/\"]}]},{\"@type\":\"ImageObject\",\"inLanguage\":\"pt-BR\",\"@id\":\"https:\\\/\\\/www.notibras.com\\\/site\\\/elza-fiuza-morre-aos-74-anos-apos-longa-luta-contra-cancer\\\/#primaryimage\",\"url\":\"https:\\\/\\\/www.notibras.com\\\/site\\\/wp-content\\\/uploads\\\/2024\\\/04\\\/elza.fiuza_.webp\",\"contentUrl\":\"https:\\\/\\\/www.notibras.com\\\/site\\\/wp-content\\\/uploads\\\/2024\\\/04\\\/elza.fiuza_.webp\",\"width\":1170,\"height\":700},{\"@type\":\"BreadcrumbList\",\"@id\":\"https:\\\/\\\/www.notibras.com\\\/site\\\/elza-fiuza-morre-aos-74-anos-apos-longa-luta-contra-cancer\\\/#breadcrumb\",\"itemListElement\":[{\"@type\":\"ListItem\",\"position\":1,\"name\":\"In\u00edcio\",\"item\":\"https:\\\/\\\/www.notibras.com\\\/site\\\/\"},{\"@type\":\"ListItem\",\"position\":2,\"name\":\"Elza Fi\u00faza morre aos 74 anos ap\u00f3s lutar contra c\u00e2ncer\"}]},{\"@type\":\"WebSite\",\"@id\":\"https:\\\/\\\/www.notibras.com\\\/site\\\/#website\",\"url\":\"https:\\\/\\\/www.notibras.com\\\/site\\\/\",\"name\":\"Notibras\",\"description\":\"Not\u00edcias de Bras\u00edlia, do Brasil e do Mundo\",\"publisher\":{\"@id\":\"https:\\\/\\\/www.notibras.com\\\/site\\\/#organization\"},\"potentialAction\":[{\"@type\":\"SearchAction\",\"target\":{\"@type\":\"EntryPoint\",\"urlTemplate\":\"https:\\\/\\\/www.notibras.com\\\/site\\\/?s={search_term_string}\"},\"query-input\":{\"@type\":\"PropertyValueSpecification\",\"valueRequired\":true,\"valueName\":\"search_term_string\"}}],\"inLanguage\":\"pt-BR\"},{\"@type\":\"Organization\",\"@id\":\"https:\\\/\\\/www.notibras.com\\\/site\\\/#organization\",\"name\":\"Grupo Notibras de Comunica\u00e7\u00e3o\",\"url\":\"https:\\\/\\\/www.notibras.com\\\/site\\\/\",\"logo\":{\"@type\":\"ImageObject\",\"inLanguage\":\"pt-BR\",\"@id\":\"https:\\\/\\\/www.notibras.com\\\/site\\\/#\\\/schema\\\/logo\\\/image\\\/\",\"url\":\"https:\\\/\\\/www.notibras.com\\\/site\\\/wp-content\\\/uploads\\\/2023\\\/01\\\/notibras23.png\",\"contentUrl\":\"https:\\\/\\\/www.notibras.com\\\/site\\\/wp-content\\\/uploads\\\/2023\\\/01\\\/notibras23.png\",\"width\":350,\"height\":87,\"caption\":\"Grupo Notibras de Comunica\u00e7\u00e3o\"},\"image\":{\"@id\":\"https:\\\/\\\/www.notibras.com\\\/site\\\/#\\\/schema\\\/logo\\\/image\\\/\"},\"sameAs\":[\"https:\\\/\\\/www.facebook.com\\\/notibras\\\/\",\"https:\\\/\\\/x.com\\\/Notibras\",\"https:\\\/\\\/www.instagram.com\\\/notibras\\\/\"]},{\"@type\":\"Person\",\"@id\":\"https:\\\/\\\/www.notibras.com\\\/site\\\/#\\\/schema\\\/person\\\/36ab0979449956132d3e5b517ea76ac8\",\"name\":\"Reda\u00e7\u00e3o\",\"image\":{\"@type\":\"ImageObject\",\"inLanguage\":\"pt-BR\",\"@id\":\"https:\\\/\\\/secure.gravatar.com\\\/avatar\\\/e0a867bdedb85fd243eadf09663511f96fc81e0720a4a42581f334ad4303aa6b?s=96&d=mm&r=g\",\"url\":\"https:\\\/\\\/secure.gravatar.com\\\/avatar\\\/e0a867bdedb85fd243eadf09663511f96fc81e0720a4a42581f334ad4303aa6b?s=96&d=mm&r=g\",\"contentUrl\":\"https:\\\/\\\/secure.gravatar.com\\\/avatar\\\/e0a867bdedb85fd243eadf09663511f96fc81e0720a4a42581f334ad4303aa6b?s=96&d=mm&r=g\",\"caption\":\"Reda\u00e7\u00e3o\"}}]}<\/script>\n<!-- \/ Yoast SEO plugin. -->","yoast_head_json":{"title":"Elza Fi\u00faza morre aos 74 anos ap\u00f3s lutar contra c\u00e2ncer - Notibras","robots":{"index":"index","follow":"follow","max-snippet":"max-snippet:-1","max-image-preview":"max-image-preview:large","max-video-preview":"max-video-preview:-1"},"canonical":"https:\/\/www.notibras.com\/site\/elza-fiuza-morre-aos-74-anos-apos-longa-luta-contra-cancer\/","og_locale":"pt_BR","og_type":"article","og_title":"Elza Fi\u00faza morre aos 74 anos ap\u00f3s lutar contra c\u00e2ncer - Notibras","og_description":"A fotojornalista Elza Fi\u00faza morreu na madrugada desta quarta-feira (10) em Bras\u00edlia aos 74 anos, ap\u00f3s sete anos de luta contra um c\u00e2ncer. A informa\u00e7\u00e3o foi confirmada pela fam\u00edlia. Elza trabalhou na Ag\u00eancia Brasil por tr\u00eas d\u00e9cadas. Iniciou na extinta Radiobras, em 1986, e seguiu na Empresa Brasil de Comunica\u00e7\u00e3o (EBC) at\u00e9 2016, quando deixou [&hellip;]","og_url":"https:\/\/www.notibras.com\/site\/elza-fiuza-morre-aos-74-anos-apos-longa-luta-contra-cancer\/","og_site_name":"Notibras","article_publisher":"https:\/\/www.facebook.com\/notibras\/","article_published_time":"2024-04-10T14:50:51+00:00","article_modified_time":"2024-04-10T15:35:03+00:00","og_image":[{"width":1170,"height":700,"url":"https:\/\/www.notibras.com\/site\/wp-content\/uploads\/2024\/04\/elza.fiuza_.webp","type":"image\/webp"}],"author":"Reda\u00e7\u00e3o","twitter_card":"summary_large_image","twitter_creator":"@Notibras","twitter_site":"@Notibras","twitter_misc":{"Escrito por":"Reda\u00e7\u00e3o","Est. tempo de leitura":"5 minutos"},"schema":{"@context":"https:\/\/schema.org","@graph":[{"@type":"Article","@id":"https:\/\/www.notibras.com\/site\/elza-fiuza-morre-aos-74-anos-apos-longa-luta-contra-cancer\/#article","isPartOf":{"@id":"https:\/\/www.notibras.com\/site\/elza-fiuza-morre-aos-74-anos-apos-longa-luta-contra-cancer\/"},"author":{"name":"Reda\u00e7\u00e3o","@id":"https:\/\/www.notibras.com\/site\/#\/schema\/person\/36ab0979449956132d3e5b517ea76ac8"},"headline":"Elza Fi\u00faza morre aos 74 anos ap\u00f3s lutar contra c\u00e2ncer","datePublished":"2024-04-10T14:50:51+00:00","dateModified":"2024-04-10T15:35:03+00:00","mainEntityOfPage":{"@id":"https:\/\/www.notibras.com\/site\/elza-fiuza-morre-aos-74-anos-apos-longa-luta-contra-cancer\/"},"wordCount":873,"publisher":{"@id":"https:\/\/www.notibras.com\/site\/#organization"},"image":{"@id":"https:\/\/www.notibras.com\/site\/elza-fiuza-morre-aos-74-anos-apos-longa-luta-contra-cancer\/#primaryimage"},"thumbnailUrl":"https:\/\/www.notibras.com\/site\/wp-content\/uploads\/2024\/04\/elza.fiuza_.webp","articleSection":["Quadradinho em Foco"],"inLanguage":"pt-BR"},{"@type":"WebPage","@id":"https:\/\/www.notibras.com\/site\/elza-fiuza-morre-aos-74-anos-apos-longa-luta-contra-cancer\/","url":"https:\/\/www.notibras.com\/site\/elza-fiuza-morre-aos-74-anos-apos-longa-luta-contra-cancer\/","name":"Elza Fi\u00faza morre aos 74 anos ap\u00f3s lutar contra c\u00e2ncer - Notibras","isPartOf":{"@id":"https:\/\/www.notibras.com\/site\/#website"},"primaryImageOfPage":{"@id":"https:\/\/www.notibras.com\/site\/elza-fiuza-morre-aos-74-anos-apos-longa-luta-contra-cancer\/#primaryimage"},"image":{"@id":"https:\/\/www.notibras.com\/site\/elza-fiuza-morre-aos-74-anos-apos-longa-luta-contra-cancer\/#primaryimage"},"thumbnailUrl":"https:\/\/www.notibras.com\/site\/wp-content\/uploads\/2024\/04\/elza.fiuza_.webp","datePublished":"2024-04-10T14:50:51+00:00","dateModified":"2024-04-10T15:35:03+00:00","breadcrumb":{"@id":"https:\/\/www.notibras.com\/site\/elza-fiuza-morre-aos-74-anos-apos-longa-luta-contra-cancer\/#breadcrumb"},"inLanguage":"pt-BR","potentialAction":[{"@type":"ReadAction","target":["https:\/\/www.notibras.com\/site\/elza-fiuza-morre-aos-74-anos-apos-longa-luta-contra-cancer\/"]}]},{"@type":"ImageObject","inLanguage":"pt-BR","@id":"https:\/\/www.notibras.com\/site\/elza-fiuza-morre-aos-74-anos-apos-longa-luta-contra-cancer\/#primaryimage","url":"https:\/\/www.notibras.com\/site\/wp-content\/uploads\/2024\/04\/elza.fiuza_.webp","contentUrl":"https:\/\/www.notibras.com\/site\/wp-content\/uploads\/2024\/04\/elza.fiuza_.webp","width":1170,"height":700},{"@type":"BreadcrumbList","@id":"https:\/\/www.notibras.com\/site\/elza-fiuza-morre-aos-74-anos-apos-longa-luta-contra-cancer\/#breadcrumb","itemListElement":[{"@type":"ListItem","position":1,"name":"In\u00edcio","item":"https:\/\/www.notibras.com\/site\/"},{"@type":"ListItem","position":2,"name":"Elza Fi\u00faza morre aos 74 anos ap\u00f3s lutar contra c\u00e2ncer"}]},{"@type":"WebSite","@id":"https:\/\/www.notibras.com\/site\/#website","url":"https:\/\/www.notibras.com\/site\/","name":"Notibras","description":"Not\u00edcias de Bras\u00edlia, do Brasil e do Mundo","publisher":{"@id":"https:\/\/www.notibras.com\/site\/#organization"},"potentialAction":[{"@type":"SearchAction","target":{"@type":"EntryPoint","urlTemplate":"https:\/\/www.notibras.com\/site\/?s={search_term_string}"},"query-input":{"@type":"PropertyValueSpecification","valueRequired":true,"valueName":"search_term_string"}}],"inLanguage":"pt-BR"},{"@type":"Organization","@id":"https:\/\/www.notibras.com\/site\/#organization","name":"Grupo Notibras de Comunica\u00e7\u00e3o","url":"https:\/\/www.notibras.com\/site\/","logo":{"@type":"ImageObject","inLanguage":"pt-BR","@id":"https:\/\/www.notibras.com\/site\/#\/schema\/logo\/image\/","url":"https:\/\/www.notibras.com\/site\/wp-content\/uploads\/2023\/01\/notibras23.png","contentUrl":"https:\/\/www.notibras.com\/site\/wp-content\/uploads\/2023\/01\/notibras23.png","width":350,"height":87,"caption":"Grupo Notibras de Comunica\u00e7\u00e3o"},"image":{"@id":"https:\/\/www.notibras.com\/site\/#\/schema\/logo\/image\/"},"sameAs":["https:\/\/www.facebook.com\/notibras\/","https:\/\/x.com\/Notibras","https:\/\/www.instagram.com\/notibras\/"]},{"@type":"Person","@id":"https:\/\/www.notibras.com\/site\/#\/schema\/person\/36ab0979449956132d3e5b517ea76ac8","name":"Reda\u00e7\u00e3o","image":{"@type":"ImageObject","inLanguage":"pt-BR","@id":"https:\/\/secure.gravatar.com\/avatar\/e0a867bdedb85fd243eadf09663511f96fc81e0720a4a42581f334ad4303aa6b?s=96&d=mm&r=g","url":"https:\/\/secure.gravatar.com\/avatar\/e0a867bdedb85fd243eadf09663511f96fc81e0720a4a42581f334ad4303aa6b?s=96&d=mm&r=g","contentUrl":"https:\/\/secure.gravatar.com\/avatar\/e0a867bdedb85fd243eadf09663511f96fc81e0720a4a42581f334ad4303aa6b?s=96&d=mm&r=g","caption":"Reda\u00e7\u00e3o"}}]}},"amp_enabled":true,"_links":{"self":[{"href":"https:\/\/www.notibras.com\/site\/wp-json\/wp\/v2\/posts\/326412","targetHints":{"allow":["GET"]}}],"collection":[{"href":"https:\/\/www.notibras.com\/site\/wp-json\/wp\/v2\/posts"}],"about":[{"href":"https:\/\/www.notibras.com\/site\/wp-json\/wp\/v2\/types\/post"}],"author":[{"embeddable":true,"href":"https:\/\/www.notibras.com\/site\/wp-json\/wp\/v2\/users\/2"}],"replies":[{"embeddable":true,"href":"https:\/\/www.notibras.com\/site\/wp-json\/wp\/v2\/comments?post=326412"}],"version-history":[{"count":2,"href":"https:\/\/www.notibras.com\/site\/wp-json\/wp\/v2\/posts\/326412\/revisions"}],"predecessor-version":[{"id":326415,"href":"https:\/\/www.notibras.com\/site\/wp-json\/wp\/v2\/posts\/326412\/revisions\/326415"}],"wp:featuredmedia":[{"embeddable":true,"href":"https:\/\/www.notibras.com\/site\/wp-json\/wp\/v2\/media\/326413"}],"wp:attachment":[{"href":"https:\/\/www.notibras.com\/site\/wp-json\/wp\/v2\/media?parent=326412"}],"wp:term":[{"taxonomy":"category","embeddable":true,"href":"https:\/\/www.notibras.com\/site\/wp-json\/wp\/v2\/categories?post=326412"},{"taxonomy":"post_tag","embeddable":true,"href":"https:\/\/www.notibras.com\/site\/wp-json\/wp\/v2\/tags?post=326412"}],"curies":[{"name":"wp","href":"https:\/\/api.w.org\/{rel}","templated":true}]}}