{"id":326438,"date":"2024-04-11T07:38:22","date_gmt":"2024-04-11T10:38:22","guid":{"rendered":"https:\/\/www.notibras.com\/site\/?p=326438"},"modified":"2024-04-11T07:40:20","modified_gmt":"2024-04-11T10:40:20","slug":"planalto-quer-discutir-reajustes-individuais-para-esvaziar-greve","status":"publish","type":"post","link":"https:\/\/www.notibras.com\/site\/planalto-quer-discutir-reajustes-individuais-para-esvaziar-greve\/","title":{"rendered":"Planalto quer discutir reajustes individuais para esvaziar greve"},"content":{"rendered":"<p>Representantes do Minist\u00e9rio da Gest\u00e3o e de Inova\u00e7\u00e3o em Servi\u00e7os P\u00fablicos (MGI) propuseram a abertura de 60 mesas setoriais de negocia\u00e7\u00e3o com diferentes categorias de servidores p\u00fablicos federais. Elas se somariam a outras negocia\u00e7\u00f5es espec\u00edficas j\u00e1 em curso desde o ano passado. O objetivo \u00e9 discutir, ao mesmo tempo, recomposi\u00e7\u00e3o salarial e reestrutura\u00e7\u00e3o com cada carreira individualmente, uma demanda dos servidores.<\/p>\n<p>O assunto foi debatido durante reuni\u00e3o da Mesa Nacional de Negocia\u00e7\u00e3o Permanente (MNNP), que ocorreu na tarde de quarta-feira (10), em Bras\u00edlia, entre integrantes do governo e de diferentes sindicatos e associa\u00e7\u00f5es de servidores p\u00fablicos do Poder Executivo Federal.<\/p>\n<p>Al\u00e9m disso, ap\u00f3s press\u00e3o das entidades, foi retirada a cl\u00e1usula de um termo de compromisso apresentado pelo governo que determinava a suspens\u00e3o das negocia\u00e7\u00f5es em caso de paralisa\u00e7\u00f5es ou greves no servi\u00e7o p\u00fablico, como divulgou o F\u00f3rum Nacional Permanente de Carreiras T\u00edpicas de Estado (Fonacate).<\/p>\n<p>&#8220;O secret\u00e1rio de Rela\u00e7\u00f5es do Trabalho (SRT), Jos\u00e9 Lopez Feij\u00f3o, ligou para o presidente do Fonacate, Rudinei Marques, no come\u00e7o da noite desta quarta-feira e disse que governo atendeu a reivindica\u00e7\u00e3o das entidades para tirar o par\u00e1grafo 2\u00ba da cl\u00e1usula II do Termo de Compromisso da Campanha Salarial de 2024. A cl\u00e1usula dizia que &#8216;durante o processo de negocia\u00e7\u00e3o, interrup\u00e7\u00f5es (total ou parcial) de servi\u00e7os p\u00fablicos implicar\u00e3o na suspens\u00e3o das negocia\u00e7\u00f5es em curso com a categoria espec\u00edfica'&#8221;, informou a entidade, em postagem nas rede sociais.<\/p>\n<p>Em nota, Fonacate afirmou que a medida seria uma viola\u00e7\u00e3o dos direitos dos trabalhadores.<\/p>\n<p>\u201cNingu\u00e9m tolerou restri\u00e7\u00e3o \u00e0s greves. E as manifesta\u00e7\u00f5es, durante o an\u00fancio desta cl\u00e1usula, foram assertivas por parte das entidades do Fonacate\u201d, afirmou Rudinei Marques, presidente do f\u00f3rum.<\/p>\n<p><strong>Proposta<\/strong><br \/>\nDa parte do governo federal, foi reafirmada a proposta de reajuste dos aux\u00edlios e benef\u00edcios j\u00e1 a partir de maio, mas sem reajuste salarial este ano, diferentemente do que ocorreu no ano passado, quando houve aumento linear de 9% para os servidores federais.<\/p>\n<p>Em rela\u00e7\u00e3o aos benef\u00edcios, o aux\u00edlio-alimenta\u00e7\u00e3o, a partir do m\u00eas que vem, passaria de R$ 658 para R$ 1 mil; o aux\u00edlio-sa\u00fade, de R$ 144 para R$ 215 (por dependente); o aux\u00edlio-creche, de R$ 321 para R$ 484,90.<\/p>\n<p>Com as mesas setoriais, o governo tamb\u00e9m anunciou que vai desistir de reajuste nominal, que passar\u00e1 a uma discuss\u00e3o individualizada com as categorias, pondo fim, assim, \u00e0 Mesa Nacional de Negocia\u00e7\u00e3o Permanente (MNNP), que havia sido retomada no ano passado. A decis\u00e3o n\u00e3o foi bem recebida pelo Sindicato Nacional dos Docentes das Institui\u00e7\u00f5es de Ensino Superior (Andes-SN).<\/p>\n<p>&#8220;A quest\u00e3o da agenda setorial, por certo, \u00e9 fundamental, mas n\u00e3o podemos colocar isso como elemento excludente da nossa negocia\u00e7\u00e3o de remunera\u00e7\u00e3o ou abord\u00e1-la de forma fragmentada, enfraquecendo a posi\u00e7\u00e3o das categorias&#8221;, argumentou Gustavo Seferian, presidente da entidade.<\/p>\n<p>Nesse cen\u00e1rio, os reajustes salariais de 4,5% em 2025, e mais 4,5% em 2026, que seriam pagos a todas as categorias, de forma linear, agora ser\u00e1 negociado por setor.<\/p>\n<p>Sobre a tentativa do governo suspender a negocia\u00e7\u00e3o de categorias em greve, Seferian tamb\u00e9m fez cr\u00edticas. &#8220;Foi uma postura antissindical e afrontosa, violenta ao exerc\u00edcio do direito de greve&#8221;, protestou o presidente do Andes-SN. Segundo ele, ainda n\u00e3o houve um comunicado oficial de que a cl\u00e1usula seria revogada da proposta de termo de negocia\u00e7\u00e3o.<\/p>\n<p>A mobiliza\u00e7\u00e3o nacional dos professores das universidades e institui\u00e7\u00f5es federais ter\u00e1 uma semana decisiva a partir do pr\u00f3ximo dia 15 de abril. Das 67 se\u00e7\u00f5es sindicais do Andes-SN, duas j\u00e1 est\u00e3o em greve e outras 16 entram a partir da semana que vem. H\u00e1 pelo menos outras tr\u00eas universidades que entrar\u00e3o em greve ao longo do m\u00eas e 11 em estado de mobiliza\u00e7\u00e3o.<\/p>\n<p><strong>Governo<\/strong><br \/>\nProcurado, o Minist\u00e9rio da Gest\u00e3o e de Inova\u00e7\u00e3o em Servi\u00e7os P\u00fablicos confirmou, por meio da assessoria, a proposta de reajuste de benef\u00edcios e o compromisso de abrir as mesas setoriais demandadas pelos servidores, mas n\u00e3o manifestou-se sobre a cl\u00e1usula que condicionava as negocia\u00e7\u00f5es \u00e0 n\u00e3o deflagra\u00e7\u00e3o de greves ou paralisa\u00e7\u00f5es.<\/p>\n<p>A expectativa do governo \u00e9 que as categorias de servidores respondam \u00e0 proposta de negocia\u00e7\u00e3o com aumento dos benef\u00edcios at\u00e9 o dia 15 de abril, para que seja editada uma portaria com os reajustes. No entanto, se a resposta vier depois, o MGI se comprometeu a pagar de forma retroativa os aux\u00edlios a partir de maio.<\/p>\n","protected":false},"excerpt":{"rendered":"<p>Representantes do Minist\u00e9rio da Gest\u00e3o e de Inova\u00e7\u00e3o em Servi\u00e7os P\u00fablicos (MGI) propuseram a abertura de 60 mesas setoriais de negocia\u00e7\u00e3o com diferentes categorias de servidores p\u00fablicos federais. Elas se somariam a outras negocia\u00e7\u00f5es espec\u00edficas j\u00e1 em curso desde o ano passado. O objetivo \u00e9 discutir, ao mesmo tempo, recomposi\u00e7\u00e3o salarial e reestrutura\u00e7\u00e3o com cada [&hellip;]<\/p>\n","protected":false},"author":2,"featured_media":326439,"comment_status":"closed","ping_status":"closed","sticky":false,"template":"","format":"standard","meta":{"_acf_changed":false,"footnotes":""},"categories":[161],"tags":[95],"class_list":["post-326438","post","type-post","status-publish","format-standard","has-post-thumbnail","hentry","category-quadradinho-em-foco","tag-capa"],"acf":[],"yoast_head":"<!-- This site is optimized with the Yoast SEO plugin v27.5 - https:\/\/yoast.com\/product\/yoast-seo-wordpress\/ -->\n<title>Planalto quer discutir reajustes individuais para esvaziar greve - Notibras<\/title>\n<meta name=\"robots\" content=\"index, follow, max-snippet:-1, max-image-preview:large, max-video-preview:-1\" \/>\n<link rel=\"canonical\" href=\"https:\/\/www.notibras.com\/site\/planalto-quer-discutir-reajustes-individuais-para-esvaziar-greve\/\" \/>\n<meta property=\"og:locale\" content=\"pt_BR\" \/>\n<meta property=\"og:type\" content=\"article\" \/>\n<meta property=\"og:title\" content=\"Planalto quer discutir reajustes individuais para esvaziar greve - Notibras\" \/>\n<meta property=\"og:description\" content=\"Representantes do Minist\u00e9rio da Gest\u00e3o e de Inova\u00e7\u00e3o em Servi\u00e7os P\u00fablicos (MGI) propuseram a abertura de 60 mesas setoriais de negocia\u00e7\u00e3o com diferentes categorias de servidores p\u00fablicos federais. Elas se somariam a outras negocia\u00e7\u00f5es espec\u00edficas j\u00e1 em curso desde o ano passado. O objetivo \u00e9 discutir, ao mesmo tempo, recomposi\u00e7\u00e3o salarial e reestrutura\u00e7\u00e3o com cada [&hellip;]\" \/>\n<meta property=\"og:url\" content=\"https:\/\/www.notibras.com\/site\/planalto-quer-discutir-reajustes-individuais-para-esvaziar-greve\/\" \/>\n<meta property=\"og:site_name\" content=\"Notibras\" \/>\n<meta property=\"article:publisher\" content=\"https:\/\/www.facebook.com\/notibras\/\" \/>\n<meta property=\"article:published_time\" content=\"2024-04-11T10:38:22+00:00\" \/>\n<meta property=\"article:modified_time\" content=\"2024-04-11T10:40:20+00:00\" \/>\n<meta property=\"og:image\" content=\"https:\/\/www.notibras.com\/site\/wp-content\/uploads\/2024\/04\/servidor.aumento.teste_.webp\" \/>\n\t<meta property=\"og:image:width\" content=\"1170\" \/>\n\t<meta property=\"og:image:height\" content=\"700\" \/>\n\t<meta property=\"og:image:type\" content=\"image\/webp\" \/>\n<meta name=\"author\" content=\"Reda\u00e7\u00e3o\" \/>\n<meta name=\"twitter:card\" content=\"summary_large_image\" \/>\n<meta name=\"twitter:creator\" content=\"@Notibras\" \/>\n<meta name=\"twitter:site\" content=\"@Notibras\" \/>\n<meta name=\"twitter:label1\" content=\"Escrito por\" \/>\n\t<meta name=\"twitter:data1\" content=\"Reda\u00e7\u00e3o\" \/>\n\t<meta name=\"twitter:label2\" content=\"Est. tempo de leitura\" \/>\n\t<meta name=\"twitter:data2\" content=\"5 minutos\" \/>\n<script type=\"application\/ld+json\" class=\"yoast-schema-graph\">{\"@context\":\"https:\\\/\\\/schema.org\",\"@graph\":[{\"@type\":\"Article\",\"@id\":\"https:\\\/\\\/www.notibras.com\\\/site\\\/planalto-quer-discutir-reajustes-individuais-para-esvaziar-greve\\\/#article\",\"isPartOf\":{\"@id\":\"https:\\\/\\\/www.notibras.com\\\/site\\\/planalto-quer-discutir-reajustes-individuais-para-esvaziar-greve\\\/\"},\"author\":{\"name\":\"Reda\u00e7\u00e3o\",\"@id\":\"https:\\\/\\\/www.notibras.com\\\/site\\\/#\\\/schema\\\/person\\\/36ab0979449956132d3e5b517ea76ac8\"},\"headline\":\"Planalto quer discutir reajustes individuais para esvaziar greve\",\"datePublished\":\"2024-04-11T10:38:22+00:00\",\"dateModified\":\"2024-04-11T10:40:20+00:00\",\"mainEntityOfPage\":{\"@id\":\"https:\\\/\\\/www.notibras.com\\\/site\\\/planalto-quer-discutir-reajustes-individuais-para-esvaziar-greve\\\/\"},\"wordCount\":787,\"publisher\":{\"@id\":\"https:\\\/\\\/www.notibras.com\\\/site\\\/#organization\"},\"image\":{\"@id\":\"https:\\\/\\\/www.notibras.com\\\/site\\\/planalto-quer-discutir-reajustes-individuais-para-esvaziar-greve\\\/#primaryimage\"},\"thumbnailUrl\":\"https:\\\/\\\/www.notibras.com\\\/site\\\/wp-content\\\/uploads\\\/2024\\\/04\\\/servidor.aumento.teste_.webp\",\"keywords\":[\"capa\"],\"articleSection\":[\"Quadradinho em Foco\"],\"inLanguage\":\"pt-BR\"},{\"@type\":\"WebPage\",\"@id\":\"https:\\\/\\\/www.notibras.com\\\/site\\\/planalto-quer-discutir-reajustes-individuais-para-esvaziar-greve\\\/\",\"url\":\"https:\\\/\\\/www.notibras.com\\\/site\\\/planalto-quer-discutir-reajustes-individuais-para-esvaziar-greve\\\/\",\"name\":\"Planalto quer discutir reajustes individuais para esvaziar greve - Notibras\",\"isPartOf\":{\"@id\":\"https:\\\/\\\/www.notibras.com\\\/site\\\/#website\"},\"primaryImageOfPage\":{\"@id\":\"https:\\\/\\\/www.notibras.com\\\/site\\\/planalto-quer-discutir-reajustes-individuais-para-esvaziar-greve\\\/#primaryimage\"},\"image\":{\"@id\":\"https:\\\/\\\/www.notibras.com\\\/site\\\/planalto-quer-discutir-reajustes-individuais-para-esvaziar-greve\\\/#primaryimage\"},\"thumbnailUrl\":\"https:\\\/\\\/www.notibras.com\\\/site\\\/wp-content\\\/uploads\\\/2024\\\/04\\\/servidor.aumento.teste_.webp\",\"datePublished\":\"2024-04-11T10:38:22+00:00\",\"dateModified\":\"2024-04-11T10:40:20+00:00\",\"breadcrumb\":{\"@id\":\"https:\\\/\\\/www.notibras.com\\\/site\\\/planalto-quer-discutir-reajustes-individuais-para-esvaziar-greve\\\/#breadcrumb\"},\"inLanguage\":\"pt-BR\",\"potentialAction\":[{\"@type\":\"ReadAction\",\"target\":[\"https:\\\/\\\/www.notibras.com\\\/site\\\/planalto-quer-discutir-reajustes-individuais-para-esvaziar-greve\\\/\"]}]},{\"@type\":\"ImageObject\",\"inLanguage\":\"pt-BR\",\"@id\":\"https:\\\/\\\/www.notibras.com\\\/site\\\/planalto-quer-discutir-reajustes-individuais-para-esvaziar-greve\\\/#primaryimage\",\"url\":\"https:\\\/\\\/www.notibras.com\\\/site\\\/wp-content\\\/uploads\\\/2024\\\/04\\\/servidor.aumento.teste_.webp\",\"contentUrl\":\"https:\\\/\\\/www.notibras.com\\\/site\\\/wp-content\\\/uploads\\\/2024\\\/04\\\/servidor.aumento.teste_.webp\",\"width\":1170,\"height\":700},{\"@type\":\"BreadcrumbList\",\"@id\":\"https:\\\/\\\/www.notibras.com\\\/site\\\/planalto-quer-discutir-reajustes-individuais-para-esvaziar-greve\\\/#breadcrumb\",\"itemListElement\":[{\"@type\":\"ListItem\",\"position\":1,\"name\":\"In\u00edcio\",\"item\":\"https:\\\/\\\/www.notibras.com\\\/site\\\/\"},{\"@type\":\"ListItem\",\"position\":2,\"name\":\"Planalto quer discutir reajustes individuais para esvaziar greve\"}]},{\"@type\":\"WebSite\",\"@id\":\"https:\\\/\\\/www.notibras.com\\\/site\\\/#website\",\"url\":\"https:\\\/\\\/www.notibras.com\\\/site\\\/\",\"name\":\"Notibras\",\"description\":\"Not\u00edcias de Bras\u00edlia, do Brasil e do Mundo\",\"publisher\":{\"@id\":\"https:\\\/\\\/www.notibras.com\\\/site\\\/#organization\"},\"potentialAction\":[{\"@type\":\"SearchAction\",\"target\":{\"@type\":\"EntryPoint\",\"urlTemplate\":\"https:\\\/\\\/www.notibras.com\\\/site\\\/?s={search_term_string}\"},\"query-input\":{\"@type\":\"PropertyValueSpecification\",\"valueRequired\":true,\"valueName\":\"search_term_string\"}}],\"inLanguage\":\"pt-BR\"},{\"@type\":\"Organization\",\"@id\":\"https:\\\/\\\/www.notibras.com\\\/site\\\/#organization\",\"name\":\"Grupo Notibras de Comunica\u00e7\u00e3o\",\"url\":\"https:\\\/\\\/www.notibras.com\\\/site\\\/\",\"logo\":{\"@type\":\"ImageObject\",\"inLanguage\":\"pt-BR\",\"@id\":\"https:\\\/\\\/www.notibras.com\\\/site\\\/#\\\/schema\\\/logo\\\/image\\\/\",\"url\":\"https:\\\/\\\/www.notibras.com\\\/site\\\/wp-content\\\/uploads\\\/2023\\\/01\\\/notibras23.png\",\"contentUrl\":\"https:\\\/\\\/www.notibras.com\\\/site\\\/wp-content\\\/uploads\\\/2023\\\/01\\\/notibras23.png\",\"width\":350,\"height\":87,\"caption\":\"Grupo Notibras de Comunica\u00e7\u00e3o\"},\"image\":{\"@id\":\"https:\\\/\\\/www.notibras.com\\\/site\\\/#\\\/schema\\\/logo\\\/image\\\/\"},\"sameAs\":[\"https:\\\/\\\/www.facebook.com\\\/notibras\\\/\",\"https:\\\/\\\/x.com\\\/Notibras\",\"https:\\\/\\\/www.instagram.com\\\/notibras\\\/\"]},{\"@type\":\"Person\",\"@id\":\"https:\\\/\\\/www.notibras.com\\\/site\\\/#\\\/schema\\\/person\\\/36ab0979449956132d3e5b517ea76ac8\",\"name\":\"Reda\u00e7\u00e3o\",\"image\":{\"@type\":\"ImageObject\",\"inLanguage\":\"pt-BR\",\"@id\":\"https:\\\/\\\/secure.gravatar.com\\\/avatar\\\/e0a867bdedb85fd243eadf09663511f96fc81e0720a4a42581f334ad4303aa6b?s=96&d=mm&r=g\",\"url\":\"https:\\\/\\\/secure.gravatar.com\\\/avatar\\\/e0a867bdedb85fd243eadf09663511f96fc81e0720a4a42581f334ad4303aa6b?s=96&d=mm&r=g\",\"contentUrl\":\"https:\\\/\\\/secure.gravatar.com\\\/avatar\\\/e0a867bdedb85fd243eadf09663511f96fc81e0720a4a42581f334ad4303aa6b?s=96&d=mm&r=g\",\"caption\":\"Reda\u00e7\u00e3o\"}}]}<\/script>\n<!-- \/ Yoast SEO plugin. -->","yoast_head_json":{"title":"Planalto quer discutir reajustes individuais para esvaziar greve - Notibras","robots":{"index":"index","follow":"follow","max-snippet":"max-snippet:-1","max-image-preview":"max-image-preview:large","max-video-preview":"max-video-preview:-1"},"canonical":"https:\/\/www.notibras.com\/site\/planalto-quer-discutir-reajustes-individuais-para-esvaziar-greve\/","og_locale":"pt_BR","og_type":"article","og_title":"Planalto quer discutir reajustes individuais para esvaziar greve - Notibras","og_description":"Representantes do Minist\u00e9rio da Gest\u00e3o e de Inova\u00e7\u00e3o em Servi\u00e7os P\u00fablicos (MGI) propuseram a abertura de 60 mesas setoriais de negocia\u00e7\u00e3o com diferentes categorias de servidores p\u00fablicos federais. Elas se somariam a outras negocia\u00e7\u00f5es espec\u00edficas j\u00e1 em curso desde o ano passado. O objetivo \u00e9 discutir, ao mesmo tempo, recomposi\u00e7\u00e3o salarial e reestrutura\u00e7\u00e3o com cada [&hellip;]","og_url":"https:\/\/www.notibras.com\/site\/planalto-quer-discutir-reajustes-individuais-para-esvaziar-greve\/","og_site_name":"Notibras","article_publisher":"https:\/\/www.facebook.com\/notibras\/","article_published_time":"2024-04-11T10:38:22+00:00","article_modified_time":"2024-04-11T10:40:20+00:00","og_image":[{"width":1170,"height":700,"url":"https:\/\/www.notibras.com\/site\/wp-content\/uploads\/2024\/04\/servidor.aumento.teste_.webp","type":"image\/webp"}],"author":"Reda\u00e7\u00e3o","twitter_card":"summary_large_image","twitter_creator":"@Notibras","twitter_site":"@Notibras","twitter_misc":{"Escrito por":"Reda\u00e7\u00e3o","Est. tempo de leitura":"5 minutos"},"schema":{"@context":"https:\/\/schema.org","@graph":[{"@type":"Article","@id":"https:\/\/www.notibras.com\/site\/planalto-quer-discutir-reajustes-individuais-para-esvaziar-greve\/#article","isPartOf":{"@id":"https:\/\/www.notibras.com\/site\/planalto-quer-discutir-reajustes-individuais-para-esvaziar-greve\/"},"author":{"name":"Reda\u00e7\u00e3o","@id":"https:\/\/www.notibras.com\/site\/#\/schema\/person\/36ab0979449956132d3e5b517ea76ac8"},"headline":"Planalto quer discutir reajustes individuais para esvaziar greve","datePublished":"2024-04-11T10:38:22+00:00","dateModified":"2024-04-11T10:40:20+00:00","mainEntityOfPage":{"@id":"https:\/\/www.notibras.com\/site\/planalto-quer-discutir-reajustes-individuais-para-esvaziar-greve\/"},"wordCount":787,"publisher":{"@id":"https:\/\/www.notibras.com\/site\/#organization"},"image":{"@id":"https:\/\/www.notibras.com\/site\/planalto-quer-discutir-reajustes-individuais-para-esvaziar-greve\/#primaryimage"},"thumbnailUrl":"https:\/\/www.notibras.com\/site\/wp-content\/uploads\/2024\/04\/servidor.aumento.teste_.webp","keywords":["capa"],"articleSection":["Quadradinho em Foco"],"inLanguage":"pt-BR"},{"@type":"WebPage","@id":"https:\/\/www.notibras.com\/site\/planalto-quer-discutir-reajustes-individuais-para-esvaziar-greve\/","url":"https:\/\/www.notibras.com\/site\/planalto-quer-discutir-reajustes-individuais-para-esvaziar-greve\/","name":"Planalto quer discutir reajustes individuais para esvaziar greve - Notibras","isPartOf":{"@id":"https:\/\/www.notibras.com\/site\/#website"},"primaryImageOfPage":{"@id":"https:\/\/www.notibras.com\/site\/planalto-quer-discutir-reajustes-individuais-para-esvaziar-greve\/#primaryimage"},"image":{"@id":"https:\/\/www.notibras.com\/site\/planalto-quer-discutir-reajustes-individuais-para-esvaziar-greve\/#primaryimage"},"thumbnailUrl":"https:\/\/www.notibras.com\/site\/wp-content\/uploads\/2024\/04\/servidor.aumento.teste_.webp","datePublished":"2024-04-11T10:38:22+00:00","dateModified":"2024-04-11T10:40:20+00:00","breadcrumb":{"@id":"https:\/\/www.notibras.com\/site\/planalto-quer-discutir-reajustes-individuais-para-esvaziar-greve\/#breadcrumb"},"inLanguage":"pt-BR","potentialAction":[{"@type":"ReadAction","target":["https:\/\/www.notibras.com\/site\/planalto-quer-discutir-reajustes-individuais-para-esvaziar-greve\/"]}]},{"@type":"ImageObject","inLanguage":"pt-BR","@id":"https:\/\/www.notibras.com\/site\/planalto-quer-discutir-reajustes-individuais-para-esvaziar-greve\/#primaryimage","url":"https:\/\/www.notibras.com\/site\/wp-content\/uploads\/2024\/04\/servidor.aumento.teste_.webp","contentUrl":"https:\/\/www.notibras.com\/site\/wp-content\/uploads\/2024\/04\/servidor.aumento.teste_.webp","width":1170,"height":700},{"@type":"BreadcrumbList","@id":"https:\/\/www.notibras.com\/site\/planalto-quer-discutir-reajustes-individuais-para-esvaziar-greve\/#breadcrumb","itemListElement":[{"@type":"ListItem","position":1,"name":"In\u00edcio","item":"https:\/\/www.notibras.com\/site\/"},{"@type":"ListItem","position":2,"name":"Planalto quer discutir reajustes individuais para esvaziar greve"}]},{"@type":"WebSite","@id":"https:\/\/www.notibras.com\/site\/#website","url":"https:\/\/www.notibras.com\/site\/","name":"Notibras","description":"Not\u00edcias de Bras\u00edlia, do Brasil e do Mundo","publisher":{"@id":"https:\/\/www.notibras.com\/site\/#organization"},"potentialAction":[{"@type":"SearchAction","target":{"@type":"EntryPoint","urlTemplate":"https:\/\/www.notibras.com\/site\/?s={search_term_string}"},"query-input":{"@type":"PropertyValueSpecification","valueRequired":true,"valueName":"search_term_string"}}],"inLanguage":"pt-BR"},{"@type":"Organization","@id":"https:\/\/www.notibras.com\/site\/#organization","name":"Grupo Notibras de Comunica\u00e7\u00e3o","url":"https:\/\/www.notibras.com\/site\/","logo":{"@type":"ImageObject","inLanguage":"pt-BR","@id":"https:\/\/www.notibras.com\/site\/#\/schema\/logo\/image\/","url":"https:\/\/www.notibras.com\/site\/wp-content\/uploads\/2023\/01\/notibras23.png","contentUrl":"https:\/\/www.notibras.com\/site\/wp-content\/uploads\/2023\/01\/notibras23.png","width":350,"height":87,"caption":"Grupo Notibras de Comunica\u00e7\u00e3o"},"image":{"@id":"https:\/\/www.notibras.com\/site\/#\/schema\/logo\/image\/"},"sameAs":["https:\/\/www.facebook.com\/notibras\/","https:\/\/x.com\/Notibras","https:\/\/www.instagram.com\/notibras\/"]},{"@type":"Person","@id":"https:\/\/www.notibras.com\/site\/#\/schema\/person\/36ab0979449956132d3e5b517ea76ac8","name":"Reda\u00e7\u00e3o","image":{"@type":"ImageObject","inLanguage":"pt-BR","@id":"https:\/\/secure.gravatar.com\/avatar\/e0a867bdedb85fd243eadf09663511f96fc81e0720a4a42581f334ad4303aa6b?s=96&d=mm&r=g","url":"https:\/\/secure.gravatar.com\/avatar\/e0a867bdedb85fd243eadf09663511f96fc81e0720a4a42581f334ad4303aa6b?s=96&d=mm&r=g","contentUrl":"https:\/\/secure.gravatar.com\/avatar\/e0a867bdedb85fd243eadf09663511f96fc81e0720a4a42581f334ad4303aa6b?s=96&d=mm&r=g","caption":"Reda\u00e7\u00e3o"}}]}},"amp_enabled":true,"_links":{"self":[{"href":"https:\/\/www.notibras.com\/site\/wp-json\/wp\/v2\/posts\/326438","targetHints":{"allow":["GET"]}}],"collection":[{"href":"https:\/\/www.notibras.com\/site\/wp-json\/wp\/v2\/posts"}],"about":[{"href":"https:\/\/www.notibras.com\/site\/wp-json\/wp\/v2\/types\/post"}],"author":[{"embeddable":true,"href":"https:\/\/www.notibras.com\/site\/wp-json\/wp\/v2\/users\/2"}],"replies":[{"embeddable":true,"href":"https:\/\/www.notibras.com\/site\/wp-json\/wp\/v2\/comments?post=326438"}],"version-history":[{"count":3,"href":"https:\/\/www.notibras.com\/site\/wp-json\/wp\/v2\/posts\/326438\/revisions"}],"predecessor-version":[{"id":326442,"href":"https:\/\/www.notibras.com\/site\/wp-json\/wp\/v2\/posts\/326438\/revisions\/326442"}],"wp:featuredmedia":[{"embeddable":true,"href":"https:\/\/www.notibras.com\/site\/wp-json\/wp\/v2\/media\/326439"}],"wp:attachment":[{"href":"https:\/\/www.notibras.com\/site\/wp-json\/wp\/v2\/media?parent=326438"}],"wp:term":[{"taxonomy":"category","embeddable":true,"href":"https:\/\/www.notibras.com\/site\/wp-json\/wp\/v2\/categories?post=326438"},{"taxonomy":"post_tag","embeddable":true,"href":"https:\/\/www.notibras.com\/site\/wp-json\/wp\/v2\/tags?post=326438"}],"curies":[{"name":"wp","href":"https:\/\/api.w.org\/{rel}","templated":true}]}}