{"id":326449,"date":"2024-04-11T08:51:51","date_gmt":"2024-04-11T11:51:51","guid":{"rendered":"https:\/\/www.notibras.com\/site\/?p=326449"},"modified":"2024-04-11T08:51:51","modified_gmt":"2024-04-11T11:51:51","slug":"tunico-vira-criminoso-sem-crime-verdadeiro-ladrao-morre-aos-70","status":"publish","type":"post","link":"https:\/\/www.notibras.com\/site\/tunico-vira-criminoso-sem-crime-verdadeiro-ladrao-morre-aos-70\/","title":{"rendered":"Tunico vira criminoso sem crime; verdadeiro ladr\u00e3o morre aos 70"},"content":{"rendered":"<p>Aquele homem era o que pode se dizer bem-nascido. De fam\u00edlia abastada, n\u00e3o teve problemas enfrentados pela maioria. No entanto, n\u00e3o quer dizer que n\u00e3o guardasse m\u00e1goas e algumas rabugices. Acredite, possu\u00eda algumas, mas eis que hoje, seu anivers\u00e1rio de 70 anos, uma lembran\u00e7a o tirou da cama mais cedo. Coisas de tempos de menino, que, n\u00e3o se sabe a raz\u00e3o, o fez compartilh\u00e1-la com amigos e parentes que o ajudaram a apagar tantas velinhas.<\/p>\n<p>Antes de cortarem o bolo, pediu que todos, n\u00e3o mais de 30, se acomodassem da maneira que quisessem, mas que prestassem aten\u00e7\u00e3o na hist\u00f3ria que tinha para contar. Ali\u00e1s, n\u00e3o apenas sua, pois envolvia Tunico, o filho da falecida Judite, empregada da sua m\u00e3e. Pobre rapaz, cujo destino parece que n\u00e3o foi dos melhores, conforme o velho passou a contar.<\/p>\n<p>Pois bem, lembro-me bem desse dia, que aconteceu h\u00e1 exatos 60 anos, pois, assim como hoje, tamb\u00e9m era meu anivers\u00e1rio. Dez anos! Agora, minha idade passaria a conter dois d\u00edgitos e, \u00e9 quase certo, irei para minha futura cova antes de completar tr\u00eas. Se bem que vov\u00f3 chegou aos 102.<\/p>\n<p>Tunico, pouco mais novo que eu, me fazia as vontades nas brincadeiras. Quando n\u00e3o queria mais desfrutar da sua companhia, o dispensava com um &#8220;Pode ir!&#8221; e, n\u00e3o tardava, o moleque ia cabisbaixo para a cozinha ajudar a m\u00e3e. Isso se, por acaso, n\u00e3o tivesse uma cerca para ser consertada ou o jardim n\u00e3o precisasse de cuidados.<\/p>\n<p>E l\u00e1 estava eu montado nas costas do Tunico, que se fazia de meu cavalo, apesar das vestes pu\u00eddas, quando ouvi os gritos da minha av\u00f3. Minha montaria e eu paramos a brincadeira por um instante para nos inteirar sobre a situa\u00e7\u00e3o.<\/p>\n<p>\u2014 Quem roubou o meu rel\u00f3gio? Quem foi o maldito ladr\u00e3o que roubou o rel\u00f3gio que foi do meu pai? Ou o rel\u00f3gio aparece agora ou, ent\u00e3o, chamo j\u00e1 a pol\u00edcia!<\/p>\n<p>Tunico, olhos esbugalhados, parecia assustado com tudo aquilo. Devo confessar que aquela cara de coelho desesperado diante da matilha de c\u00e3es me trouxe certo regozijo. Teria sido ele o lar\u00e1pio? Pois foi justamente isso que o delegado Hor\u00e1cio, chamado \u00e0s pressas por vov\u00f3, descobriu em pouco mais de uma hora.<\/p>\n<p>\u2014 Pode deixar, dona Carmem, que comigo esse pirralho abre o bico num instante.<\/p>\n<p>E n\u00e3o \u00e9 que Tunico abriu o bico rapidinho? Resistiu a alguns safan\u00f5es, mas quando disseram que era melhor falar ou sua m\u00e3e perderia o emprego, assumiu toda a culpa. E l\u00e1 foi o Tunico, amarrado que nem porco, para a delegacia. A partir de ent\u00e3o, nunca mais soube not\u00edcias dele. Quer dizer, at\u00e9 soube, mas n\u00e3o dei muita import\u00e2ncia. Melhor ficar longe dessa gente.<\/p>\n<p>Quanto \u00e0 promessa de n\u00e3o mandar a m\u00e3e de Tunico embora, obviamente que mam\u00e3e n\u00e3o poderia t\u00ea-la cumprido, ainda mais depois das s\u00faplicas de vov\u00f3, que n\u00e3o queria mais saber daquela gente em casa. Fez bem. N\u00e3o concordam?<\/p>\n<p>Mas percebo que todos aqui est\u00e3o curiosos quanto ao destino do Tunico. Como bom anfitri\u00e3o, sinto-me na obriga\u00e7\u00e3o de lhes contar. O moleque passou alguns meses na cadeia, onde foi colocado na mesma cela dos outros bandidos, a maior parte composta de homens feitos. Que dessem jeito nele, n\u00e3o se pode controlar os instintos dessa corja.<\/p>\n<p>Tunico, que nem tenho certeza ter iniciado no crime por causa do rel\u00f3gio de vov\u00f3, acabou se metendo com uma gangue assim que saiu da pris\u00e3o. Vi, anos mais tarde, seu retrato num jornal. Estava com a garganta cortada. Quase n\u00e3o o reconheci, caso n\u00e3o fosse por aqueles olhos esbugalhados.<\/p>\n<p>E, para finalizar, o rel\u00f3gio nunca foi encontrado. Na certa, deve ter sido vendido a pre\u00e7o de banana. Esse tipo de gente n\u00e3o sabe apreciar as boas coisas da vida. Vov\u00f3, desolada com a perda do rel\u00f3gio que foi do seu pai, acabou definhando e faleceu seis meses ap\u00f3s. Pobre alma t\u00e3o bondosa, v\u00edtima de um crime cometido por gente que ela havia acolhido aqui em casa.<\/p>\n<p>Mas deixemos de lado tais hist\u00f3rias tristes. Vamos festejar, pois hoje \u00e9 dia de comemorar. Aposto que voc\u00eas n\u00e3o adivinham para quem vai o primeiro peda\u00e7o do bolo.<\/p>\n<p>A plateia, antes boquiaberta, gargalhou diante da pilh\u00e9ria do anfitri\u00e3o. E, ap\u00f3s duas horas, todos foram se despedindo, at\u00e9 que, solit\u00e1rio, o aniversariante se recolheu. J\u00e1 no quarto, pegou um banquinho de madeira de lei.<\/p>\n<p>Um p\u00e9, depois o outro, conseguiu alcan\u00e7ar a porta superior do arm\u00e1rio. O velho, quase nas pontas dos p\u00e9s, visualizou uma mala bem ao fundo. Ele esticou o bra\u00e7o, pegou a al\u00e7a e puxou a mala para si. Ele a abriu e sorriu o sorriso dos vitoriosos. Todavia, acabou se desequilibrando e, ao cair, bateu a cabe\u00e7a na cabeceira da cama. O sangue escorreu pelo tapete persa, anunciando o \u00faltimo suspiro do homem.<\/p>\n<p>Um rel\u00f3gio car\u00edssimo, cuspido pelo choque da mala no ch\u00e3o, repousa no canto.<\/p>\n","protected":false},"excerpt":{"rendered":"<p>Aquele homem era o que pode se dizer bem-nascido. De fam\u00edlia abastada, n\u00e3o teve problemas enfrentados pela maioria. No entanto, n\u00e3o quer dizer que n\u00e3o guardasse m\u00e1goas e algumas rabugices. Acredite, possu\u00eda algumas, mas eis que hoje, seu anivers\u00e1rio de 70 anos, uma lembran\u00e7a o tirou da cama mais cedo. Coisas de tempos de menino, [&hellip;]<\/p>\n","protected":false},"author":2,"featured_media":326450,"comment_status":"closed","ping_status":"closed","sticky":false,"template":"","format":"standard","meta":{"_acf_changed":false,"footnotes":""},"categories":[161],"tags":[],"class_list":["post-326449","post","type-post","status-publish","format-standard","has-post-thumbnail","hentry","category-quadradinho-em-foco"],"acf":[],"yoast_head":"<!-- This site is optimized with the Yoast SEO plugin v27.5 - https:\/\/yoast.com\/product\/yoast-seo-wordpress\/ -->\n<title>Tunico vira criminoso sem crime; verdadeiro ladr\u00e3o morre aos 70 - Notibras<\/title>\n<meta name=\"robots\" content=\"index, follow, max-snippet:-1, max-image-preview:large, max-video-preview:-1\" \/>\n<link rel=\"canonical\" href=\"https:\/\/www.notibras.com\/site\/tunico-vira-criminoso-sem-crime-verdadeiro-ladrao-morre-aos-70\/\" \/>\n<meta property=\"og:locale\" content=\"pt_BR\" \/>\n<meta property=\"og:type\" content=\"article\" \/>\n<meta property=\"og:title\" content=\"Tunico vira criminoso sem crime; verdadeiro ladr\u00e3o morre aos 70 - Notibras\" \/>\n<meta property=\"og:description\" content=\"Aquele homem era o que pode se dizer bem-nascido. De fam\u00edlia abastada, n\u00e3o teve problemas enfrentados pela maioria. No entanto, n\u00e3o quer dizer que n\u00e3o guardasse m\u00e1goas e algumas rabugices. Acredite, possu\u00eda algumas, mas eis que hoje, seu anivers\u00e1rio de 70 anos, uma lembran\u00e7a o tirou da cama mais cedo. Coisas de tempos de menino, [&hellip;]\" \/>\n<meta property=\"og:url\" content=\"https:\/\/www.notibras.com\/site\/tunico-vira-criminoso-sem-crime-verdadeiro-ladrao-morre-aos-70\/\" \/>\n<meta property=\"og:site_name\" content=\"Notibras\" \/>\n<meta property=\"article:publisher\" content=\"https:\/\/www.facebook.com\/notibras\/\" \/>\n<meta property=\"article:published_time\" content=\"2024-04-11T11:51:51+00:00\" \/>\n<meta property=\"og:image\" content=\"https:\/\/www.notibras.com\/site\/wp-content\/uploads\/2024\/04\/ea40bcd2-ac66-4d1a-84fb-f06aa228b778.jpeg\" \/>\n\t<meta property=\"og:image:width\" content=\"1024\" \/>\n\t<meta property=\"og:image:height\" content=\"1024\" \/>\n\t<meta property=\"og:image:type\" content=\"image\/jpeg\" \/>\n<meta name=\"author\" content=\"Reda\u00e7\u00e3o\" \/>\n<meta name=\"twitter:card\" content=\"summary_large_image\" \/>\n<meta name=\"twitter:creator\" content=\"@Notibras\" \/>\n<meta name=\"twitter:site\" content=\"@Notibras\" \/>\n<meta name=\"twitter:label1\" content=\"Escrito por\" \/>\n\t<meta name=\"twitter:data1\" content=\"Reda\u00e7\u00e3o\" \/>\n\t<meta name=\"twitter:label2\" content=\"Est. tempo de leitura\" \/>\n\t<meta name=\"twitter:data2\" content=\"5 minutos\" \/>\n<script type=\"application\/ld+json\" class=\"yoast-schema-graph\">{\"@context\":\"https:\\\/\\\/schema.org\",\"@graph\":[{\"@type\":\"Article\",\"@id\":\"https:\\\/\\\/www.notibras.com\\\/site\\\/tunico-vira-criminoso-sem-crime-verdadeiro-ladrao-morre-aos-70\\\/#article\",\"isPartOf\":{\"@id\":\"https:\\\/\\\/www.notibras.com\\\/site\\\/tunico-vira-criminoso-sem-crime-verdadeiro-ladrao-morre-aos-70\\\/\"},\"author\":{\"name\":\"Reda\u00e7\u00e3o\",\"@id\":\"https:\\\/\\\/www.notibras.com\\\/site\\\/#\\\/schema\\\/person\\\/36ab0979449956132d3e5b517ea76ac8\"},\"headline\":\"Tunico vira criminoso sem crime; verdadeiro ladr\u00e3o morre aos 70\",\"datePublished\":\"2024-04-11T11:51:51+00:00\",\"mainEntityOfPage\":{\"@id\":\"https:\\\/\\\/www.notibras.com\\\/site\\\/tunico-vira-criminoso-sem-crime-verdadeiro-ladrao-morre-aos-70\\\/\"},\"wordCount\":889,\"publisher\":{\"@id\":\"https:\\\/\\\/www.notibras.com\\\/site\\\/#organization\"},\"image\":{\"@id\":\"https:\\\/\\\/www.notibras.com\\\/site\\\/tunico-vira-criminoso-sem-crime-verdadeiro-ladrao-morre-aos-70\\\/#primaryimage\"},\"thumbnailUrl\":\"https:\\\/\\\/www.notibras.com\\\/site\\\/wp-content\\\/uploads\\\/2024\\\/04\\\/ea40bcd2-ac66-4d1a-84fb-f06aa228b778.jpeg\",\"articleSection\":[\"Quadradinho em Foco\"],\"inLanguage\":\"pt-BR\"},{\"@type\":\"WebPage\",\"@id\":\"https:\\\/\\\/www.notibras.com\\\/site\\\/tunico-vira-criminoso-sem-crime-verdadeiro-ladrao-morre-aos-70\\\/\",\"url\":\"https:\\\/\\\/www.notibras.com\\\/site\\\/tunico-vira-criminoso-sem-crime-verdadeiro-ladrao-morre-aos-70\\\/\",\"name\":\"Tunico vira criminoso sem crime; verdadeiro ladr\u00e3o morre aos 70 - Notibras\",\"isPartOf\":{\"@id\":\"https:\\\/\\\/www.notibras.com\\\/site\\\/#website\"},\"primaryImageOfPage\":{\"@id\":\"https:\\\/\\\/www.notibras.com\\\/site\\\/tunico-vira-criminoso-sem-crime-verdadeiro-ladrao-morre-aos-70\\\/#primaryimage\"},\"image\":{\"@id\":\"https:\\\/\\\/www.notibras.com\\\/site\\\/tunico-vira-criminoso-sem-crime-verdadeiro-ladrao-morre-aos-70\\\/#primaryimage\"},\"thumbnailUrl\":\"https:\\\/\\\/www.notibras.com\\\/site\\\/wp-content\\\/uploads\\\/2024\\\/04\\\/ea40bcd2-ac66-4d1a-84fb-f06aa228b778.jpeg\",\"datePublished\":\"2024-04-11T11:51:51+00:00\",\"breadcrumb\":{\"@id\":\"https:\\\/\\\/www.notibras.com\\\/site\\\/tunico-vira-criminoso-sem-crime-verdadeiro-ladrao-morre-aos-70\\\/#breadcrumb\"},\"inLanguage\":\"pt-BR\",\"potentialAction\":[{\"@type\":\"ReadAction\",\"target\":[\"https:\\\/\\\/www.notibras.com\\\/site\\\/tunico-vira-criminoso-sem-crime-verdadeiro-ladrao-morre-aos-70\\\/\"]}]},{\"@type\":\"ImageObject\",\"inLanguage\":\"pt-BR\",\"@id\":\"https:\\\/\\\/www.notibras.com\\\/site\\\/tunico-vira-criminoso-sem-crime-verdadeiro-ladrao-morre-aos-70\\\/#primaryimage\",\"url\":\"https:\\\/\\\/www.notibras.com\\\/site\\\/wp-content\\\/uploads\\\/2024\\\/04\\\/ea40bcd2-ac66-4d1a-84fb-f06aa228b778.jpeg\",\"contentUrl\":\"https:\\\/\\\/www.notibras.com\\\/site\\\/wp-content\\\/uploads\\\/2024\\\/04\\\/ea40bcd2-ac66-4d1a-84fb-f06aa228b778.jpeg\",\"width\":1024,\"height\":1024},{\"@type\":\"BreadcrumbList\",\"@id\":\"https:\\\/\\\/www.notibras.com\\\/site\\\/tunico-vira-criminoso-sem-crime-verdadeiro-ladrao-morre-aos-70\\\/#breadcrumb\",\"itemListElement\":[{\"@type\":\"ListItem\",\"position\":1,\"name\":\"In\u00edcio\",\"item\":\"https:\\\/\\\/www.notibras.com\\\/site\\\/\"},{\"@type\":\"ListItem\",\"position\":2,\"name\":\"Tunico vira criminoso sem crime; verdadeiro ladr\u00e3o morre aos 70\"}]},{\"@type\":\"WebSite\",\"@id\":\"https:\\\/\\\/www.notibras.com\\\/site\\\/#website\",\"url\":\"https:\\\/\\\/www.notibras.com\\\/site\\\/\",\"name\":\"Notibras\",\"description\":\"Not\u00edcias de Bras\u00edlia, do Brasil e do Mundo\",\"publisher\":{\"@id\":\"https:\\\/\\\/www.notibras.com\\\/site\\\/#organization\"},\"potentialAction\":[{\"@type\":\"SearchAction\",\"target\":{\"@type\":\"EntryPoint\",\"urlTemplate\":\"https:\\\/\\\/www.notibras.com\\\/site\\\/?s={search_term_string}\"},\"query-input\":{\"@type\":\"PropertyValueSpecification\",\"valueRequired\":true,\"valueName\":\"search_term_string\"}}],\"inLanguage\":\"pt-BR\"},{\"@type\":\"Organization\",\"@id\":\"https:\\\/\\\/www.notibras.com\\\/site\\\/#organization\",\"name\":\"Grupo Notibras de Comunica\u00e7\u00e3o\",\"url\":\"https:\\\/\\\/www.notibras.com\\\/site\\\/\",\"logo\":{\"@type\":\"ImageObject\",\"inLanguage\":\"pt-BR\",\"@id\":\"https:\\\/\\\/www.notibras.com\\\/site\\\/#\\\/schema\\\/logo\\\/image\\\/\",\"url\":\"https:\\\/\\\/www.notibras.com\\\/site\\\/wp-content\\\/uploads\\\/2023\\\/01\\\/notibras23.png\",\"contentUrl\":\"https:\\\/\\\/www.notibras.com\\\/site\\\/wp-content\\\/uploads\\\/2023\\\/01\\\/notibras23.png\",\"width\":350,\"height\":87,\"caption\":\"Grupo Notibras de Comunica\u00e7\u00e3o\"},\"image\":{\"@id\":\"https:\\\/\\\/www.notibras.com\\\/site\\\/#\\\/schema\\\/logo\\\/image\\\/\"},\"sameAs\":[\"https:\\\/\\\/www.facebook.com\\\/notibras\\\/\",\"https:\\\/\\\/x.com\\\/Notibras\",\"https:\\\/\\\/www.instagram.com\\\/notibras\\\/\"]},{\"@type\":\"Person\",\"@id\":\"https:\\\/\\\/www.notibras.com\\\/site\\\/#\\\/schema\\\/person\\\/36ab0979449956132d3e5b517ea76ac8\",\"name\":\"Reda\u00e7\u00e3o\",\"image\":{\"@type\":\"ImageObject\",\"inLanguage\":\"pt-BR\",\"@id\":\"https:\\\/\\\/secure.gravatar.com\\\/avatar\\\/e0a867bdedb85fd243eadf09663511f96fc81e0720a4a42581f334ad4303aa6b?s=96&d=mm&r=g\",\"url\":\"https:\\\/\\\/secure.gravatar.com\\\/avatar\\\/e0a867bdedb85fd243eadf09663511f96fc81e0720a4a42581f334ad4303aa6b?s=96&d=mm&r=g\",\"contentUrl\":\"https:\\\/\\\/secure.gravatar.com\\\/avatar\\\/e0a867bdedb85fd243eadf09663511f96fc81e0720a4a42581f334ad4303aa6b?s=96&d=mm&r=g\",\"caption\":\"Reda\u00e7\u00e3o\"}}]}<\/script>\n<!-- \/ Yoast SEO plugin. -->","yoast_head_json":{"title":"Tunico vira criminoso sem crime; verdadeiro ladr\u00e3o morre aos 70 - Notibras","robots":{"index":"index","follow":"follow","max-snippet":"max-snippet:-1","max-image-preview":"max-image-preview:large","max-video-preview":"max-video-preview:-1"},"canonical":"https:\/\/www.notibras.com\/site\/tunico-vira-criminoso-sem-crime-verdadeiro-ladrao-morre-aos-70\/","og_locale":"pt_BR","og_type":"article","og_title":"Tunico vira criminoso sem crime; verdadeiro ladr\u00e3o morre aos 70 - Notibras","og_description":"Aquele homem era o que pode se dizer bem-nascido. De fam\u00edlia abastada, n\u00e3o teve problemas enfrentados pela maioria. No entanto, n\u00e3o quer dizer que n\u00e3o guardasse m\u00e1goas e algumas rabugices. Acredite, possu\u00eda algumas, mas eis que hoje, seu anivers\u00e1rio de 70 anos, uma lembran\u00e7a o tirou da cama mais cedo. Coisas de tempos de menino, [&hellip;]","og_url":"https:\/\/www.notibras.com\/site\/tunico-vira-criminoso-sem-crime-verdadeiro-ladrao-morre-aos-70\/","og_site_name":"Notibras","article_publisher":"https:\/\/www.facebook.com\/notibras\/","article_published_time":"2024-04-11T11:51:51+00:00","og_image":[{"width":1024,"height":1024,"url":"https:\/\/www.notibras.com\/site\/wp-content\/uploads\/2024\/04\/ea40bcd2-ac66-4d1a-84fb-f06aa228b778.jpeg","type":"image\/jpeg"}],"author":"Reda\u00e7\u00e3o","twitter_card":"summary_large_image","twitter_creator":"@Notibras","twitter_site":"@Notibras","twitter_misc":{"Escrito por":"Reda\u00e7\u00e3o","Est. tempo de leitura":"5 minutos"},"schema":{"@context":"https:\/\/schema.org","@graph":[{"@type":"Article","@id":"https:\/\/www.notibras.com\/site\/tunico-vira-criminoso-sem-crime-verdadeiro-ladrao-morre-aos-70\/#article","isPartOf":{"@id":"https:\/\/www.notibras.com\/site\/tunico-vira-criminoso-sem-crime-verdadeiro-ladrao-morre-aos-70\/"},"author":{"name":"Reda\u00e7\u00e3o","@id":"https:\/\/www.notibras.com\/site\/#\/schema\/person\/36ab0979449956132d3e5b517ea76ac8"},"headline":"Tunico vira criminoso sem crime; verdadeiro ladr\u00e3o morre aos 70","datePublished":"2024-04-11T11:51:51+00:00","mainEntityOfPage":{"@id":"https:\/\/www.notibras.com\/site\/tunico-vira-criminoso-sem-crime-verdadeiro-ladrao-morre-aos-70\/"},"wordCount":889,"publisher":{"@id":"https:\/\/www.notibras.com\/site\/#organization"},"image":{"@id":"https:\/\/www.notibras.com\/site\/tunico-vira-criminoso-sem-crime-verdadeiro-ladrao-morre-aos-70\/#primaryimage"},"thumbnailUrl":"https:\/\/www.notibras.com\/site\/wp-content\/uploads\/2024\/04\/ea40bcd2-ac66-4d1a-84fb-f06aa228b778.jpeg","articleSection":["Quadradinho em Foco"],"inLanguage":"pt-BR"},{"@type":"WebPage","@id":"https:\/\/www.notibras.com\/site\/tunico-vira-criminoso-sem-crime-verdadeiro-ladrao-morre-aos-70\/","url":"https:\/\/www.notibras.com\/site\/tunico-vira-criminoso-sem-crime-verdadeiro-ladrao-morre-aos-70\/","name":"Tunico vira criminoso sem crime; verdadeiro ladr\u00e3o morre aos 70 - Notibras","isPartOf":{"@id":"https:\/\/www.notibras.com\/site\/#website"},"primaryImageOfPage":{"@id":"https:\/\/www.notibras.com\/site\/tunico-vira-criminoso-sem-crime-verdadeiro-ladrao-morre-aos-70\/#primaryimage"},"image":{"@id":"https:\/\/www.notibras.com\/site\/tunico-vira-criminoso-sem-crime-verdadeiro-ladrao-morre-aos-70\/#primaryimage"},"thumbnailUrl":"https:\/\/www.notibras.com\/site\/wp-content\/uploads\/2024\/04\/ea40bcd2-ac66-4d1a-84fb-f06aa228b778.jpeg","datePublished":"2024-04-11T11:51:51+00:00","breadcrumb":{"@id":"https:\/\/www.notibras.com\/site\/tunico-vira-criminoso-sem-crime-verdadeiro-ladrao-morre-aos-70\/#breadcrumb"},"inLanguage":"pt-BR","potentialAction":[{"@type":"ReadAction","target":["https:\/\/www.notibras.com\/site\/tunico-vira-criminoso-sem-crime-verdadeiro-ladrao-morre-aos-70\/"]}]},{"@type":"ImageObject","inLanguage":"pt-BR","@id":"https:\/\/www.notibras.com\/site\/tunico-vira-criminoso-sem-crime-verdadeiro-ladrao-morre-aos-70\/#primaryimage","url":"https:\/\/www.notibras.com\/site\/wp-content\/uploads\/2024\/04\/ea40bcd2-ac66-4d1a-84fb-f06aa228b778.jpeg","contentUrl":"https:\/\/www.notibras.com\/site\/wp-content\/uploads\/2024\/04\/ea40bcd2-ac66-4d1a-84fb-f06aa228b778.jpeg","width":1024,"height":1024},{"@type":"BreadcrumbList","@id":"https:\/\/www.notibras.com\/site\/tunico-vira-criminoso-sem-crime-verdadeiro-ladrao-morre-aos-70\/#breadcrumb","itemListElement":[{"@type":"ListItem","position":1,"name":"In\u00edcio","item":"https:\/\/www.notibras.com\/site\/"},{"@type":"ListItem","position":2,"name":"Tunico vira criminoso sem crime; verdadeiro ladr\u00e3o morre aos 70"}]},{"@type":"WebSite","@id":"https:\/\/www.notibras.com\/site\/#website","url":"https:\/\/www.notibras.com\/site\/","name":"Notibras","description":"Not\u00edcias de Bras\u00edlia, do Brasil e do Mundo","publisher":{"@id":"https:\/\/www.notibras.com\/site\/#organization"},"potentialAction":[{"@type":"SearchAction","target":{"@type":"EntryPoint","urlTemplate":"https:\/\/www.notibras.com\/site\/?s={search_term_string}"},"query-input":{"@type":"PropertyValueSpecification","valueRequired":true,"valueName":"search_term_string"}}],"inLanguage":"pt-BR"},{"@type":"Organization","@id":"https:\/\/www.notibras.com\/site\/#organization","name":"Grupo Notibras de Comunica\u00e7\u00e3o","url":"https:\/\/www.notibras.com\/site\/","logo":{"@type":"ImageObject","inLanguage":"pt-BR","@id":"https:\/\/www.notibras.com\/site\/#\/schema\/logo\/image\/","url":"https:\/\/www.notibras.com\/site\/wp-content\/uploads\/2023\/01\/notibras23.png","contentUrl":"https:\/\/www.notibras.com\/site\/wp-content\/uploads\/2023\/01\/notibras23.png","width":350,"height":87,"caption":"Grupo Notibras de Comunica\u00e7\u00e3o"},"image":{"@id":"https:\/\/www.notibras.com\/site\/#\/schema\/logo\/image\/"},"sameAs":["https:\/\/www.facebook.com\/notibras\/","https:\/\/x.com\/Notibras","https:\/\/www.instagram.com\/notibras\/"]},{"@type":"Person","@id":"https:\/\/www.notibras.com\/site\/#\/schema\/person\/36ab0979449956132d3e5b517ea76ac8","name":"Reda\u00e7\u00e3o","image":{"@type":"ImageObject","inLanguage":"pt-BR","@id":"https:\/\/secure.gravatar.com\/avatar\/e0a867bdedb85fd243eadf09663511f96fc81e0720a4a42581f334ad4303aa6b?s=96&d=mm&r=g","url":"https:\/\/secure.gravatar.com\/avatar\/e0a867bdedb85fd243eadf09663511f96fc81e0720a4a42581f334ad4303aa6b?s=96&d=mm&r=g","contentUrl":"https:\/\/secure.gravatar.com\/avatar\/e0a867bdedb85fd243eadf09663511f96fc81e0720a4a42581f334ad4303aa6b?s=96&d=mm&r=g","caption":"Reda\u00e7\u00e3o"}}]}},"amp_enabled":true,"_links":{"self":[{"href":"https:\/\/www.notibras.com\/site\/wp-json\/wp\/v2\/posts\/326449","targetHints":{"allow":["GET"]}}],"collection":[{"href":"https:\/\/www.notibras.com\/site\/wp-json\/wp\/v2\/posts"}],"about":[{"href":"https:\/\/www.notibras.com\/site\/wp-json\/wp\/v2\/types\/post"}],"author":[{"embeddable":true,"href":"https:\/\/www.notibras.com\/site\/wp-json\/wp\/v2\/users\/2"}],"replies":[{"embeddable":true,"href":"https:\/\/www.notibras.com\/site\/wp-json\/wp\/v2\/comments?post=326449"}],"version-history":[{"count":1,"href":"https:\/\/www.notibras.com\/site\/wp-json\/wp\/v2\/posts\/326449\/revisions"}],"predecessor-version":[{"id":326451,"href":"https:\/\/www.notibras.com\/site\/wp-json\/wp\/v2\/posts\/326449\/revisions\/326451"}],"wp:featuredmedia":[{"embeddable":true,"href":"https:\/\/www.notibras.com\/site\/wp-json\/wp\/v2\/media\/326450"}],"wp:attachment":[{"href":"https:\/\/www.notibras.com\/site\/wp-json\/wp\/v2\/media?parent=326449"}],"wp:term":[{"taxonomy":"category","embeddable":true,"href":"https:\/\/www.notibras.com\/site\/wp-json\/wp\/v2\/categories?post=326449"},{"taxonomy":"post_tag","embeddable":true,"href":"https:\/\/www.notibras.com\/site\/wp-json\/wp\/v2\/tags?post=326449"}],"curies":[{"name":"wp","href":"https:\/\/api.w.org\/{rel}","templated":true}]}}