{"id":326469,"date":"2024-04-11T00:00:02","date_gmt":"2024-04-11T03:00:02","guid":{"rendered":"https:\/\/www.notibras.com\/site\/?p=326469"},"modified":"2024-04-11T09:46:16","modified_gmt":"2024-04-11T12:46:16","slug":"projeto-castra-df-fara-1-mil-500-cirurgias-gratuitas-em-caes-e-gatos","status":"publish","type":"post","link":"https:\/\/www.notibras.com\/site\/projeto-castra-df-fara-1-mil-500-cirurgias-gratuitas-em-caes-e-gatos\/","title":{"rendered":"Projeto Castra-DF far\u00e1 1 mil 500 cirurgias gratuitas em c\u00e3es e gatos"},"content":{"rendered":"<p>O Projeto Castra-DF, da Secretaria do Meio Ambiente e Prote\u00e7\u00e3o Animal (Sema-DF), realizar\u00e1 o cadastramento de c\u00e3es e gatos para castra\u00e7\u00e3o gratuita, nos dias 13 e 14 de abril, no estacionamento da Par\u00f3quia Santa Clara de Assis (SHSN, Trecho II, Ch\u00e1cara 105), na Regi\u00e3o Administrativa do Sol Nascente\/P\u00f4r do Sol, das 8h \u00e0s 14h ou at\u00e9 acabar as vagas. Ser\u00e3o 1.500 vagas, 750 em cada dia. As senhas ser\u00e3o entregues por ordem de chegada.<\/p>\n<p>Esta \u00e9 a quarta campanha do Projeto Castra-DF. A primeira ocorreu em Planaltina, em novembro de 2023, e atendeu a mais de 600 animais. A segunda foi realizada no Parano\u00e1, em janeiro, onde foram disponibilizadas mil vagas. A terceira cidade contemplada foi a Estrutural, em mar\u00e7o deste ano, com 1.500 vagas.<\/p>\n<p>]Para o secret\u00e1rio do Meio Ambiente, Gutemberg Gomes, o projeto n\u00e3o apenas torna acess\u00edvel a interven\u00e7\u00e3o veterin\u00e1ria, mas tamb\u00e9m cria oportunidades para a popula\u00e7\u00e3o. \u201cAl\u00e9m do procedimento de castra\u00e7\u00e3o, a Castra-DF tamb\u00e9m oferece capacita\u00e7\u00e3o profissional aos tutores, disponibilizando cursos voltados \u00e0 \u00e1rea pet para a popula\u00e7\u00e3o\u201d, comenta.<\/p>\n<p>O tutor interessado deve apresentar documento oficial com foto e ter 18 anos ou mais, sendo que n\u00e3o \u00e9 necess\u00e1rio levar o pet at\u00e9 o local. Ser\u00e3o cadastrados dois animais por CPF. O cadastro n\u00e3o garante a participa\u00e7\u00e3o no projeto. O resultado final com a lista dos contemplados ser\u00e1 divulgado at\u00e9 o dia 15 de abril nos sites castradf.com.br e sema.df.gov.br.<\/p>\n<p>As cirurgias ocorrer\u00e3o entre os dias 15 de abril e 11 de maio, de segunda a sexta-feira, das 8h \u00e0s 18h, na Unidade M\u00f3vel de Castra\u00e7\u00e3o \u2013 Castra-DF, que estar\u00e1 localizada no mesmo local do cadastro. Antes do procedimento, os animais selecionados passar\u00e3o por exames pr\u00e9-operat\u00f3rios como hemograma e eletrocardiograma. As testagens s\u00e3o gratuitas e servem para identificar se o c\u00e3o ou gato est\u00e1 em condi\u00e7\u00f5es aptas para a castra\u00e7\u00e3o.<\/p>\n<p><strong>Profissionaliza\u00e7\u00e3o<\/strong><br \/>\nAl\u00e9m do cuidado com os bichinhos, o projeto Castra-DF tamb\u00e9m levar\u00e1 capacita\u00e7\u00e3o profissional aos tutores. Os cursos s\u00e3o voltados \u00e0 \u00e1rea pet, com temas como administra\u00e7\u00e3o e gest\u00e3o pet, cuidador e passeador, banho e tosa, hospedagem e confeitaria para pets. As inscri\u00e7\u00f5es podem ser realizadas por meio do site www.castradf.com.br.<\/p>\n<p><strong>Mais informa\u00e7\u00f5es<\/strong><br \/>\n\u2013 WhatsApp: (61) 9 9373-8914<br \/>\n\u2013 E-mail: castradf@gmail.com<br \/>\n\u2013 Local de inscri\u00e7\u00e3o: Par\u00f3quia Santa Clara de Assis (SHSN Trecho II Ch\u00e1cara 105), na Regi\u00e3o Administrativa do Sol Nascente\/P\u00f4r do Sol, nos pr\u00f3ximos s\u00e1bado (13) e domingo (14), das 8h \u00e0s 14h ou at\u00e9 acabar as vagas.<\/p>\n","protected":false},"excerpt":{"rendered":"<p>O Projeto Castra-DF, da Secretaria do Meio Ambiente e Prote\u00e7\u00e3o Animal (Sema-DF), realizar\u00e1 o cadastramento de c\u00e3es e gatos para castra\u00e7\u00e3o gratuita, nos dias 13 e 14 de abril, no estacionamento da Par\u00f3quia Santa Clara de Assis (SHSN, Trecho II, Ch\u00e1cara 105), na Regi\u00e3o Administrativa do Sol Nascente\/P\u00f4r do Sol, das 8h \u00e0s 14h ou [&hellip;]<\/p>\n","protected":false},"author":2,"featured_media":326470,"comment_status":"closed","ping_status":"closed","sticky":false,"template":"","format":"standard","meta":{"_acf_changed":false,"footnotes":""},"categories":[161],"tags":[],"class_list":["post-326469","post","type-post","status-publish","format-standard","has-post-thumbnail","hentry","category-quadradinho-em-foco"],"acf":[],"yoast_head":"<!-- This site is optimized with the Yoast SEO plugin v27.5 - https:\/\/yoast.com\/product\/yoast-seo-wordpress\/ -->\n<title>Projeto Castra-DF far\u00e1 1 mil 500 cirurgias gratuitas em c\u00e3es e gatos - Notibras<\/title>\n<meta name=\"robots\" content=\"index, follow, max-snippet:-1, max-image-preview:large, max-video-preview:-1\" \/>\n<link rel=\"canonical\" href=\"https:\/\/www.notibras.com\/site\/projeto-castra-df-fara-1-mil-500-cirurgias-gratuitas-em-caes-e-gatos\/\" \/>\n<meta property=\"og:locale\" content=\"pt_BR\" \/>\n<meta property=\"og:type\" content=\"article\" \/>\n<meta property=\"og:title\" content=\"Projeto Castra-DF far\u00e1 1 mil 500 cirurgias gratuitas em c\u00e3es e gatos - Notibras\" \/>\n<meta property=\"og:description\" content=\"O Projeto Castra-DF, da Secretaria do Meio Ambiente e Prote\u00e7\u00e3o Animal (Sema-DF), realizar\u00e1 o cadastramento de c\u00e3es e gatos para castra\u00e7\u00e3o gratuita, nos dias 13 e 14 de abril, no estacionamento da Par\u00f3quia Santa Clara de Assis (SHSN, Trecho II, Ch\u00e1cara 105), na Regi\u00e3o Administrativa do Sol Nascente\/P\u00f4r do Sol, das 8h \u00e0s 14h ou [&hellip;]\" \/>\n<meta property=\"og:url\" content=\"https:\/\/www.notibras.com\/site\/projeto-castra-df-fara-1-mil-500-cirurgias-gratuitas-em-caes-e-gatos\/\" \/>\n<meta property=\"og:site_name\" content=\"Notibras\" \/>\n<meta property=\"article:publisher\" content=\"https:\/\/www.facebook.com\/notibras\/\" \/>\n<meta property=\"article:published_time\" content=\"2024-04-11T03:00:02+00:00\" \/>\n<meta property=\"article:modified_time\" content=\"2024-04-11T12:46:16+00:00\" \/>\n<meta property=\"og:image\" content=\"https:\/\/www.notibras.com\/site\/wp-content\/uploads\/2024\/04\/53644857562_ba9219445e_c.jpg\" \/>\n\t<meta property=\"og:image:width\" content=\"763\" \/>\n\t<meta property=\"og:image:height\" content=\"434\" \/>\n\t<meta property=\"og:image:type\" content=\"image\/jpeg\" \/>\n<meta name=\"author\" content=\"Reda\u00e7\u00e3o\" \/>\n<meta name=\"twitter:card\" content=\"summary_large_image\" \/>\n<meta name=\"twitter:creator\" content=\"@Notibras\" \/>\n<meta name=\"twitter:site\" content=\"@Notibras\" \/>\n<meta name=\"twitter:label1\" content=\"Escrito por\" \/>\n\t<meta name=\"twitter:data1\" content=\"Reda\u00e7\u00e3o\" \/>\n\t<meta name=\"twitter:label2\" content=\"Est. tempo de leitura\" \/>\n\t<meta name=\"twitter:data2\" content=\"3 minutos\" \/>\n<script type=\"application\/ld+json\" class=\"yoast-schema-graph\">{\"@context\":\"https:\\\/\\\/schema.org\",\"@graph\":[{\"@type\":\"Article\",\"@id\":\"https:\\\/\\\/www.notibras.com\\\/site\\\/projeto-castra-df-fara-1-mil-500-cirurgias-gratuitas-em-caes-e-gatos\\\/#article\",\"isPartOf\":{\"@id\":\"https:\\\/\\\/www.notibras.com\\\/site\\\/projeto-castra-df-fara-1-mil-500-cirurgias-gratuitas-em-caes-e-gatos\\\/\"},\"author\":{\"name\":\"Reda\u00e7\u00e3o\",\"@id\":\"https:\\\/\\\/www.notibras.com\\\/site\\\/#\\\/schema\\\/person\\\/36ab0979449956132d3e5b517ea76ac8\"},\"headline\":\"Projeto Castra-DF far\u00e1 1 mil 500 cirurgias gratuitas em c\u00e3es e gatos\",\"datePublished\":\"2024-04-11T03:00:02+00:00\",\"dateModified\":\"2024-04-11T12:46:16+00:00\",\"mainEntityOfPage\":{\"@id\":\"https:\\\/\\\/www.notibras.com\\\/site\\\/projeto-castra-df-fara-1-mil-500-cirurgias-gratuitas-em-caes-e-gatos\\\/\"},\"wordCount\":453,\"publisher\":{\"@id\":\"https:\\\/\\\/www.notibras.com\\\/site\\\/#organization\"},\"image\":{\"@id\":\"https:\\\/\\\/www.notibras.com\\\/site\\\/projeto-castra-df-fara-1-mil-500-cirurgias-gratuitas-em-caes-e-gatos\\\/#primaryimage\"},\"thumbnailUrl\":\"https:\\\/\\\/www.notibras.com\\\/site\\\/wp-content\\\/uploads\\\/2024\\\/04\\\/53644857562_ba9219445e_c.jpg\",\"articleSection\":[\"Quadradinho em Foco\"],\"inLanguage\":\"pt-BR\"},{\"@type\":\"WebPage\",\"@id\":\"https:\\\/\\\/www.notibras.com\\\/site\\\/projeto-castra-df-fara-1-mil-500-cirurgias-gratuitas-em-caes-e-gatos\\\/\",\"url\":\"https:\\\/\\\/www.notibras.com\\\/site\\\/projeto-castra-df-fara-1-mil-500-cirurgias-gratuitas-em-caes-e-gatos\\\/\",\"name\":\"Projeto Castra-DF far\u00e1 1 mil 500 cirurgias gratuitas em c\u00e3es e gatos - Notibras\",\"isPartOf\":{\"@id\":\"https:\\\/\\\/www.notibras.com\\\/site\\\/#website\"},\"primaryImageOfPage\":{\"@id\":\"https:\\\/\\\/www.notibras.com\\\/site\\\/projeto-castra-df-fara-1-mil-500-cirurgias-gratuitas-em-caes-e-gatos\\\/#primaryimage\"},\"image\":{\"@id\":\"https:\\\/\\\/www.notibras.com\\\/site\\\/projeto-castra-df-fara-1-mil-500-cirurgias-gratuitas-em-caes-e-gatos\\\/#primaryimage\"},\"thumbnailUrl\":\"https:\\\/\\\/www.notibras.com\\\/site\\\/wp-content\\\/uploads\\\/2024\\\/04\\\/53644857562_ba9219445e_c.jpg\",\"datePublished\":\"2024-04-11T03:00:02+00:00\",\"dateModified\":\"2024-04-11T12:46:16+00:00\",\"breadcrumb\":{\"@id\":\"https:\\\/\\\/www.notibras.com\\\/site\\\/projeto-castra-df-fara-1-mil-500-cirurgias-gratuitas-em-caes-e-gatos\\\/#breadcrumb\"},\"inLanguage\":\"pt-BR\",\"potentialAction\":[{\"@type\":\"ReadAction\",\"target\":[\"https:\\\/\\\/www.notibras.com\\\/site\\\/projeto-castra-df-fara-1-mil-500-cirurgias-gratuitas-em-caes-e-gatos\\\/\"]}]},{\"@type\":\"ImageObject\",\"inLanguage\":\"pt-BR\",\"@id\":\"https:\\\/\\\/www.notibras.com\\\/site\\\/projeto-castra-df-fara-1-mil-500-cirurgias-gratuitas-em-caes-e-gatos\\\/#primaryimage\",\"url\":\"https:\\\/\\\/www.notibras.com\\\/site\\\/wp-content\\\/uploads\\\/2024\\\/04\\\/53644857562_ba9219445e_c.jpg\",\"contentUrl\":\"https:\\\/\\\/www.notibras.com\\\/site\\\/wp-content\\\/uploads\\\/2024\\\/04\\\/53644857562_ba9219445e_c.jpg\",\"width\":763,\"height\":434},{\"@type\":\"BreadcrumbList\",\"@id\":\"https:\\\/\\\/www.notibras.com\\\/site\\\/projeto-castra-df-fara-1-mil-500-cirurgias-gratuitas-em-caes-e-gatos\\\/#breadcrumb\",\"itemListElement\":[{\"@type\":\"ListItem\",\"position\":1,\"name\":\"In\u00edcio\",\"item\":\"https:\\\/\\\/www.notibras.com\\\/site\\\/\"},{\"@type\":\"ListItem\",\"position\":2,\"name\":\"Projeto Castra-DF far\u00e1 1 mil 500 cirurgias gratuitas em c\u00e3es e gatos\"}]},{\"@type\":\"WebSite\",\"@id\":\"https:\\\/\\\/www.notibras.com\\\/site\\\/#website\",\"url\":\"https:\\\/\\\/www.notibras.com\\\/site\\\/\",\"name\":\"Notibras\",\"description\":\"Not\u00edcias de Bras\u00edlia, do Brasil e do Mundo\",\"publisher\":{\"@id\":\"https:\\\/\\\/www.notibras.com\\\/site\\\/#organization\"},\"potentialAction\":[{\"@type\":\"SearchAction\",\"target\":{\"@type\":\"EntryPoint\",\"urlTemplate\":\"https:\\\/\\\/www.notibras.com\\\/site\\\/?s={search_term_string}\"},\"query-input\":{\"@type\":\"PropertyValueSpecification\",\"valueRequired\":true,\"valueName\":\"search_term_string\"}}],\"inLanguage\":\"pt-BR\"},{\"@type\":\"Organization\",\"@id\":\"https:\\\/\\\/www.notibras.com\\\/site\\\/#organization\",\"name\":\"Grupo Notibras de Comunica\u00e7\u00e3o\",\"url\":\"https:\\\/\\\/www.notibras.com\\\/site\\\/\",\"logo\":{\"@type\":\"ImageObject\",\"inLanguage\":\"pt-BR\",\"@id\":\"https:\\\/\\\/www.notibras.com\\\/site\\\/#\\\/schema\\\/logo\\\/image\\\/\",\"url\":\"https:\\\/\\\/www.notibras.com\\\/site\\\/wp-content\\\/uploads\\\/2023\\\/01\\\/notibras23.png\",\"contentUrl\":\"https:\\\/\\\/www.notibras.com\\\/site\\\/wp-content\\\/uploads\\\/2023\\\/01\\\/notibras23.png\",\"width\":350,\"height\":87,\"caption\":\"Grupo Notibras de Comunica\u00e7\u00e3o\"},\"image\":{\"@id\":\"https:\\\/\\\/www.notibras.com\\\/site\\\/#\\\/schema\\\/logo\\\/image\\\/\"},\"sameAs\":[\"https:\\\/\\\/www.facebook.com\\\/notibras\\\/\",\"https:\\\/\\\/x.com\\\/Notibras\",\"https:\\\/\\\/www.instagram.com\\\/notibras\\\/\"]},{\"@type\":\"Person\",\"@id\":\"https:\\\/\\\/www.notibras.com\\\/site\\\/#\\\/schema\\\/person\\\/36ab0979449956132d3e5b517ea76ac8\",\"name\":\"Reda\u00e7\u00e3o\",\"image\":{\"@type\":\"ImageObject\",\"inLanguage\":\"pt-BR\",\"@id\":\"https:\\\/\\\/secure.gravatar.com\\\/avatar\\\/e0a867bdedb85fd243eadf09663511f96fc81e0720a4a42581f334ad4303aa6b?s=96&d=mm&r=g\",\"url\":\"https:\\\/\\\/secure.gravatar.com\\\/avatar\\\/e0a867bdedb85fd243eadf09663511f96fc81e0720a4a42581f334ad4303aa6b?s=96&d=mm&r=g\",\"contentUrl\":\"https:\\\/\\\/secure.gravatar.com\\\/avatar\\\/e0a867bdedb85fd243eadf09663511f96fc81e0720a4a42581f334ad4303aa6b?s=96&d=mm&r=g\",\"caption\":\"Reda\u00e7\u00e3o\"}}]}<\/script>\n<!-- \/ Yoast SEO plugin. -->","yoast_head_json":{"title":"Projeto Castra-DF far\u00e1 1 mil 500 cirurgias gratuitas em c\u00e3es e gatos - Notibras","robots":{"index":"index","follow":"follow","max-snippet":"max-snippet:-1","max-image-preview":"max-image-preview:large","max-video-preview":"max-video-preview:-1"},"canonical":"https:\/\/www.notibras.com\/site\/projeto-castra-df-fara-1-mil-500-cirurgias-gratuitas-em-caes-e-gatos\/","og_locale":"pt_BR","og_type":"article","og_title":"Projeto Castra-DF far\u00e1 1 mil 500 cirurgias gratuitas em c\u00e3es e gatos - Notibras","og_description":"O Projeto Castra-DF, da Secretaria do Meio Ambiente e Prote\u00e7\u00e3o Animal (Sema-DF), realizar\u00e1 o cadastramento de c\u00e3es e gatos para castra\u00e7\u00e3o gratuita, nos dias 13 e 14 de abril, no estacionamento da Par\u00f3quia Santa Clara de Assis (SHSN, Trecho II, Ch\u00e1cara 105), na Regi\u00e3o Administrativa do Sol Nascente\/P\u00f4r do Sol, das 8h \u00e0s 14h ou [&hellip;]","og_url":"https:\/\/www.notibras.com\/site\/projeto-castra-df-fara-1-mil-500-cirurgias-gratuitas-em-caes-e-gatos\/","og_site_name":"Notibras","article_publisher":"https:\/\/www.facebook.com\/notibras\/","article_published_time":"2024-04-11T03:00:02+00:00","article_modified_time":"2024-04-11T12:46:16+00:00","og_image":[{"width":763,"height":434,"url":"https:\/\/www.notibras.com\/site\/wp-content\/uploads\/2024\/04\/53644857562_ba9219445e_c.jpg","type":"image\/jpeg"}],"author":"Reda\u00e7\u00e3o","twitter_card":"summary_large_image","twitter_creator":"@Notibras","twitter_site":"@Notibras","twitter_misc":{"Escrito por":"Reda\u00e7\u00e3o","Est. tempo de leitura":"3 minutos"},"schema":{"@context":"https:\/\/schema.org","@graph":[{"@type":"Article","@id":"https:\/\/www.notibras.com\/site\/projeto-castra-df-fara-1-mil-500-cirurgias-gratuitas-em-caes-e-gatos\/#article","isPartOf":{"@id":"https:\/\/www.notibras.com\/site\/projeto-castra-df-fara-1-mil-500-cirurgias-gratuitas-em-caes-e-gatos\/"},"author":{"name":"Reda\u00e7\u00e3o","@id":"https:\/\/www.notibras.com\/site\/#\/schema\/person\/36ab0979449956132d3e5b517ea76ac8"},"headline":"Projeto Castra-DF far\u00e1 1 mil 500 cirurgias gratuitas em c\u00e3es e gatos","datePublished":"2024-04-11T03:00:02+00:00","dateModified":"2024-04-11T12:46:16+00:00","mainEntityOfPage":{"@id":"https:\/\/www.notibras.com\/site\/projeto-castra-df-fara-1-mil-500-cirurgias-gratuitas-em-caes-e-gatos\/"},"wordCount":453,"publisher":{"@id":"https:\/\/www.notibras.com\/site\/#organization"},"image":{"@id":"https:\/\/www.notibras.com\/site\/projeto-castra-df-fara-1-mil-500-cirurgias-gratuitas-em-caes-e-gatos\/#primaryimage"},"thumbnailUrl":"https:\/\/www.notibras.com\/site\/wp-content\/uploads\/2024\/04\/53644857562_ba9219445e_c.jpg","articleSection":["Quadradinho em Foco"],"inLanguage":"pt-BR"},{"@type":"WebPage","@id":"https:\/\/www.notibras.com\/site\/projeto-castra-df-fara-1-mil-500-cirurgias-gratuitas-em-caes-e-gatos\/","url":"https:\/\/www.notibras.com\/site\/projeto-castra-df-fara-1-mil-500-cirurgias-gratuitas-em-caes-e-gatos\/","name":"Projeto Castra-DF far\u00e1 1 mil 500 cirurgias gratuitas em c\u00e3es e gatos - Notibras","isPartOf":{"@id":"https:\/\/www.notibras.com\/site\/#website"},"primaryImageOfPage":{"@id":"https:\/\/www.notibras.com\/site\/projeto-castra-df-fara-1-mil-500-cirurgias-gratuitas-em-caes-e-gatos\/#primaryimage"},"image":{"@id":"https:\/\/www.notibras.com\/site\/projeto-castra-df-fara-1-mil-500-cirurgias-gratuitas-em-caes-e-gatos\/#primaryimage"},"thumbnailUrl":"https:\/\/www.notibras.com\/site\/wp-content\/uploads\/2024\/04\/53644857562_ba9219445e_c.jpg","datePublished":"2024-04-11T03:00:02+00:00","dateModified":"2024-04-11T12:46:16+00:00","breadcrumb":{"@id":"https:\/\/www.notibras.com\/site\/projeto-castra-df-fara-1-mil-500-cirurgias-gratuitas-em-caes-e-gatos\/#breadcrumb"},"inLanguage":"pt-BR","potentialAction":[{"@type":"ReadAction","target":["https:\/\/www.notibras.com\/site\/projeto-castra-df-fara-1-mil-500-cirurgias-gratuitas-em-caes-e-gatos\/"]}]},{"@type":"ImageObject","inLanguage":"pt-BR","@id":"https:\/\/www.notibras.com\/site\/projeto-castra-df-fara-1-mil-500-cirurgias-gratuitas-em-caes-e-gatos\/#primaryimage","url":"https:\/\/www.notibras.com\/site\/wp-content\/uploads\/2024\/04\/53644857562_ba9219445e_c.jpg","contentUrl":"https:\/\/www.notibras.com\/site\/wp-content\/uploads\/2024\/04\/53644857562_ba9219445e_c.jpg","width":763,"height":434},{"@type":"BreadcrumbList","@id":"https:\/\/www.notibras.com\/site\/projeto-castra-df-fara-1-mil-500-cirurgias-gratuitas-em-caes-e-gatos\/#breadcrumb","itemListElement":[{"@type":"ListItem","position":1,"name":"In\u00edcio","item":"https:\/\/www.notibras.com\/site\/"},{"@type":"ListItem","position":2,"name":"Projeto Castra-DF far\u00e1 1 mil 500 cirurgias gratuitas em c\u00e3es e gatos"}]},{"@type":"WebSite","@id":"https:\/\/www.notibras.com\/site\/#website","url":"https:\/\/www.notibras.com\/site\/","name":"Notibras","description":"Not\u00edcias de Bras\u00edlia, do Brasil e do Mundo","publisher":{"@id":"https:\/\/www.notibras.com\/site\/#organization"},"potentialAction":[{"@type":"SearchAction","target":{"@type":"EntryPoint","urlTemplate":"https:\/\/www.notibras.com\/site\/?s={search_term_string}"},"query-input":{"@type":"PropertyValueSpecification","valueRequired":true,"valueName":"search_term_string"}}],"inLanguage":"pt-BR"},{"@type":"Organization","@id":"https:\/\/www.notibras.com\/site\/#organization","name":"Grupo Notibras de Comunica\u00e7\u00e3o","url":"https:\/\/www.notibras.com\/site\/","logo":{"@type":"ImageObject","inLanguage":"pt-BR","@id":"https:\/\/www.notibras.com\/site\/#\/schema\/logo\/image\/","url":"https:\/\/www.notibras.com\/site\/wp-content\/uploads\/2023\/01\/notibras23.png","contentUrl":"https:\/\/www.notibras.com\/site\/wp-content\/uploads\/2023\/01\/notibras23.png","width":350,"height":87,"caption":"Grupo Notibras de Comunica\u00e7\u00e3o"},"image":{"@id":"https:\/\/www.notibras.com\/site\/#\/schema\/logo\/image\/"},"sameAs":["https:\/\/www.facebook.com\/notibras\/","https:\/\/x.com\/Notibras","https:\/\/www.instagram.com\/notibras\/"]},{"@type":"Person","@id":"https:\/\/www.notibras.com\/site\/#\/schema\/person\/36ab0979449956132d3e5b517ea76ac8","name":"Reda\u00e7\u00e3o","image":{"@type":"ImageObject","inLanguage":"pt-BR","@id":"https:\/\/secure.gravatar.com\/avatar\/e0a867bdedb85fd243eadf09663511f96fc81e0720a4a42581f334ad4303aa6b?s=96&d=mm&r=g","url":"https:\/\/secure.gravatar.com\/avatar\/e0a867bdedb85fd243eadf09663511f96fc81e0720a4a42581f334ad4303aa6b?s=96&d=mm&r=g","contentUrl":"https:\/\/secure.gravatar.com\/avatar\/e0a867bdedb85fd243eadf09663511f96fc81e0720a4a42581f334ad4303aa6b?s=96&d=mm&r=g","caption":"Reda\u00e7\u00e3o"}}]}},"amp_enabled":true,"_links":{"self":[{"href":"https:\/\/www.notibras.com\/site\/wp-json\/wp\/v2\/posts\/326469","targetHints":{"allow":["GET"]}}],"collection":[{"href":"https:\/\/www.notibras.com\/site\/wp-json\/wp\/v2\/posts"}],"about":[{"href":"https:\/\/www.notibras.com\/site\/wp-json\/wp\/v2\/types\/post"}],"author":[{"embeddable":true,"href":"https:\/\/www.notibras.com\/site\/wp-json\/wp\/v2\/users\/2"}],"replies":[{"embeddable":true,"href":"https:\/\/www.notibras.com\/site\/wp-json\/wp\/v2\/comments?post=326469"}],"version-history":[{"count":1,"href":"https:\/\/www.notibras.com\/site\/wp-json\/wp\/v2\/posts\/326469\/revisions"}],"predecessor-version":[{"id":326471,"href":"https:\/\/www.notibras.com\/site\/wp-json\/wp\/v2\/posts\/326469\/revisions\/326471"}],"wp:featuredmedia":[{"embeddable":true,"href":"https:\/\/www.notibras.com\/site\/wp-json\/wp\/v2\/media\/326470"}],"wp:attachment":[{"href":"https:\/\/www.notibras.com\/site\/wp-json\/wp\/v2\/media?parent=326469"}],"wp:term":[{"taxonomy":"category","embeddable":true,"href":"https:\/\/www.notibras.com\/site\/wp-json\/wp\/v2\/categories?post=326469"},{"taxonomy":"post_tag","embeddable":true,"href":"https:\/\/www.notibras.com\/site\/wp-json\/wp\/v2\/tags?post=326469"}],"curies":[{"name":"wp","href":"https:\/\/api.w.org\/{rel}","templated":true}]}}