{"id":326472,"date":"2024-04-11T00:00:04","date_gmt":"2024-04-11T03:00:04","guid":{"rendered":"https:\/\/www.notibras.com\/site\/?p=326472"},"modified":"2024-04-11T09:50:39","modified_gmt":"2024-04-11T12:50:39","slug":"produtoras-rurais-participam-de-oficina-de-bordado-da-emater","status":"publish","type":"post","link":"https:\/\/www.notibras.com\/site\/produtoras-rurais-participam-de-oficina-de-bordado-da-emater\/","title":{"rendered":"Produtoras rurais participam de oficina de bordado da Emater"},"content":{"rendered":"<p>Nesta quarta-feira (10), mulheres de \u00e1reas rurais do Gama participaram de uma oficina de bordado e patchwork promovida pelo Olhares do Campo, da Emater-DF. O objetivo foi aprimorar as habilidades do grupo, que existe h\u00e1 dez anos, e incentivar a produ\u00e7\u00e3o de artesanatos e manualidades. As atividades foram coordenadas pela extensionista rural Zaida Regina Almeida da Silva, que tamb\u00e9m \u00e9 turism\u00f3loga.<\/p>\n<p>\u201cJ\u00e1 trabalhamos com fibras naturais, costura, patch aplique \u2013 que s\u00e3o apliques em panos de prato -, entre outras t\u00e9cnicas, mas elas se identificaram mesmo foi com o bordado e o patchwork\u201d, explicou a extensionista Carmem Pinag\u00e9. \u201cA proposta da nossa turism\u00f3loga foi a de escolher uma t\u00e9cnica para que elas se aperfei\u00e7oem nessa \u00e1rea, tornando-se uma marca do grupo.\u201d<\/p>\n<p>Como a atividade demanda tempo e muitas participantes tamb\u00e9m se ocupam com outros trabalhos em suas propriedades, a produ\u00e7\u00e3o de pe\u00e7as ainda \u00e9 limitada. \u201cElas comercializam para vizinhos, parentes e pessoas da comunidade ou que visitam a propriedade\u201d, afirmou Carmem.<\/p>\n<p>Para Francisca Carneiro de Aguiar, da Ponte Alta Norte no Gama, fazer bordado vai al\u00e9m de complementar a renda: \u201cEu j\u00e1 tive crises de depress\u00e3o e ansiedade, e o trabalho manual pra mim \u00e9 muito bom, porque eu foco ali e me desligo de tudo e isso me ajuda a relaxar. E \u00e9 uma realiza\u00e7\u00e3o, porque voc\u00ea olha um peda\u00e7o de retalho que \u00e0s vezes iria para o lixo e transforma em uma pe\u00e7a nova e bonita, ent\u00e3o \u00e9 uma satisfa\u00e7\u00e3o\u201d.<\/p>\n<p>A produtora rural Edinalda da Silva Lopes, do Recanto dos Buritis, tamb\u00e9m v\u00ea nas atividades uma fonte de alegria. Al\u00e9m de cuidar da horta em sua ch\u00e1cara e criar galinhas para a produ\u00e7\u00e3o de ovos, ela sempre encontra tempo para bordar. \u201cO bordado \u00e9 um hobby para mim, me d\u00e1 muita satisfa\u00e7\u00e3o, distrai minha mente, me acalma, me ajuda na concentra\u00e7\u00e3o, e eu gosto muito de fazer esse trabalho\u201d, disse.<\/p>\n<p><strong>Olhares do Campo<\/strong><br \/>\nO projeto Olhares do Campo busca estimular a produ\u00e7\u00e3o artesanal associada ao turismo, com o intuito de oferecer produtos locais de artesanato para enriquecer a experi\u00eancia de visita\u00e7\u00e3o nos circuitos de turismo rural, al\u00e9m de proporcionar mais uma forma de gerar renda para o produtor rural.<\/p>\n<p>O projeto visa sistematizar essa produ\u00e7\u00e3o para gerar volume e incentivar a comercializa\u00e7\u00e3o em feiras, exposi\u00e7\u00f5es e nos circuitos tur\u00edsticos. Produtores interessados em participar devem entrar em contato com o escrit\u00f3rio local mais pr\u00f3ximo de sua propriedade.<\/p>\n","protected":false},"excerpt":{"rendered":"<p>Nesta quarta-feira (10), mulheres de \u00e1reas rurais do Gama participaram de uma oficina de bordado e patchwork promovida pelo Olhares do Campo, da Emater-DF. O objetivo foi aprimorar as habilidades do grupo, que existe h\u00e1 dez anos, e incentivar a produ\u00e7\u00e3o de artesanatos e manualidades. As atividades foram coordenadas pela extensionista rural Zaida Regina Almeida [&hellip;]<\/p>\n","protected":false},"author":2,"featured_media":326473,"comment_status":"closed","ping_status":"closed","sticky":false,"template":"","format":"standard","meta":{"_acf_changed":false,"footnotes":""},"categories":[161],"tags":[],"class_list":["post-326472","post","type-post","status-publish","format-standard","has-post-thumbnail","hentry","category-quadradinho-em-foco"],"acf":[],"yoast_head":"<!-- This site is optimized with the Yoast SEO plugin v27.5 - https:\/\/yoast.com\/product\/yoast-seo-wordpress\/ -->\n<title>Produtoras rurais participam de oficina de bordado da Emater - Notibras<\/title>\n<meta name=\"robots\" content=\"index, follow, max-snippet:-1, max-image-preview:large, max-video-preview:-1\" \/>\n<link rel=\"canonical\" href=\"https:\/\/www.notibras.com\/site\/produtoras-rurais-participam-de-oficina-de-bordado-da-emater\/\" \/>\n<meta property=\"og:locale\" content=\"pt_BR\" \/>\n<meta property=\"og:type\" content=\"article\" \/>\n<meta property=\"og:title\" content=\"Produtoras rurais participam de oficina de bordado da Emater - Notibras\" \/>\n<meta property=\"og:description\" content=\"Nesta quarta-feira (10), mulheres de \u00e1reas rurais do Gama participaram de uma oficina de bordado e patchwork promovida pelo Olhares do Campo, da Emater-DF. O objetivo foi aprimorar as habilidades do grupo, que existe h\u00e1 dez anos, e incentivar a produ\u00e7\u00e3o de artesanatos e manualidades. As atividades foram coordenadas pela extensionista rural Zaida Regina Almeida [&hellip;]\" \/>\n<meta property=\"og:url\" content=\"https:\/\/www.notibras.com\/site\/produtoras-rurais-participam-de-oficina-de-bordado-da-emater\/\" \/>\n<meta property=\"og:site_name\" content=\"Notibras\" \/>\n<meta property=\"article:publisher\" content=\"https:\/\/www.facebook.com\/notibras\/\" \/>\n<meta property=\"article:published_time\" content=\"2024-04-11T03:00:04+00:00\" \/>\n<meta property=\"article:modified_time\" content=\"2024-04-11T12:50:39+00:00\" \/>\n<meta property=\"og:image\" content=\"https:\/\/www.notibras.com\/site\/wp-content\/uploads\/2024\/04\/10.4.-Materia-Emater-DF.-Olhares-do-campo-Bordado-9.jpeg\" \/>\n\t<meta property=\"og:image:width\" content=\"1536\" \/>\n\t<meta property=\"og:image:height\" content=\"1536\" \/>\n\t<meta property=\"og:image:type\" content=\"image\/jpeg\" \/>\n<meta name=\"author\" content=\"Reda\u00e7\u00e3o\" \/>\n<meta name=\"twitter:card\" content=\"summary_large_image\" \/>\n<meta name=\"twitter:creator\" content=\"@Notibras\" \/>\n<meta name=\"twitter:site\" content=\"@Notibras\" \/>\n<meta name=\"twitter:label1\" content=\"Escrito por\" \/>\n\t<meta name=\"twitter:data1\" content=\"Reda\u00e7\u00e3o\" \/>\n\t<meta name=\"twitter:label2\" content=\"Est. tempo de leitura\" \/>\n\t<meta name=\"twitter:data2\" content=\"3 minutos\" \/>\n<script type=\"application\/ld+json\" class=\"yoast-schema-graph\">{\"@context\":\"https:\\\/\\\/schema.org\",\"@graph\":[{\"@type\":\"Article\",\"@id\":\"https:\\\/\\\/www.notibras.com\\\/site\\\/produtoras-rurais-participam-de-oficina-de-bordado-da-emater\\\/#article\",\"isPartOf\":{\"@id\":\"https:\\\/\\\/www.notibras.com\\\/site\\\/produtoras-rurais-participam-de-oficina-de-bordado-da-emater\\\/\"},\"author\":{\"name\":\"Reda\u00e7\u00e3o\",\"@id\":\"https:\\\/\\\/www.notibras.com\\\/site\\\/#\\\/schema\\\/person\\\/36ab0979449956132d3e5b517ea76ac8\"},\"headline\":\"Produtoras rurais participam de oficina de bordado da Emater\",\"datePublished\":\"2024-04-11T03:00:04+00:00\",\"dateModified\":\"2024-04-11T12:50:39+00:00\",\"mainEntityOfPage\":{\"@id\":\"https:\\\/\\\/www.notibras.com\\\/site\\\/produtoras-rurais-participam-de-oficina-de-bordado-da-emater\\\/\"},\"wordCount\":433,\"publisher\":{\"@id\":\"https:\\\/\\\/www.notibras.com\\\/site\\\/#organization\"},\"image\":{\"@id\":\"https:\\\/\\\/www.notibras.com\\\/site\\\/produtoras-rurais-participam-de-oficina-de-bordado-da-emater\\\/#primaryimage\"},\"thumbnailUrl\":\"https:\\\/\\\/www.notibras.com\\\/site\\\/wp-content\\\/uploads\\\/2024\\\/04\\\/10.4.-Materia-Emater-DF.-Olhares-do-campo-Bordado-9.jpeg\",\"articleSection\":[\"Quadradinho em Foco\"],\"inLanguage\":\"pt-BR\"},{\"@type\":\"WebPage\",\"@id\":\"https:\\\/\\\/www.notibras.com\\\/site\\\/produtoras-rurais-participam-de-oficina-de-bordado-da-emater\\\/\",\"url\":\"https:\\\/\\\/www.notibras.com\\\/site\\\/produtoras-rurais-participam-de-oficina-de-bordado-da-emater\\\/\",\"name\":\"Produtoras rurais participam de oficina de bordado da Emater - Notibras\",\"isPartOf\":{\"@id\":\"https:\\\/\\\/www.notibras.com\\\/site\\\/#website\"},\"primaryImageOfPage\":{\"@id\":\"https:\\\/\\\/www.notibras.com\\\/site\\\/produtoras-rurais-participam-de-oficina-de-bordado-da-emater\\\/#primaryimage\"},\"image\":{\"@id\":\"https:\\\/\\\/www.notibras.com\\\/site\\\/produtoras-rurais-participam-de-oficina-de-bordado-da-emater\\\/#primaryimage\"},\"thumbnailUrl\":\"https:\\\/\\\/www.notibras.com\\\/site\\\/wp-content\\\/uploads\\\/2024\\\/04\\\/10.4.-Materia-Emater-DF.-Olhares-do-campo-Bordado-9.jpeg\",\"datePublished\":\"2024-04-11T03:00:04+00:00\",\"dateModified\":\"2024-04-11T12:50:39+00:00\",\"breadcrumb\":{\"@id\":\"https:\\\/\\\/www.notibras.com\\\/site\\\/produtoras-rurais-participam-de-oficina-de-bordado-da-emater\\\/#breadcrumb\"},\"inLanguage\":\"pt-BR\",\"potentialAction\":[{\"@type\":\"ReadAction\",\"target\":[\"https:\\\/\\\/www.notibras.com\\\/site\\\/produtoras-rurais-participam-de-oficina-de-bordado-da-emater\\\/\"]}]},{\"@type\":\"ImageObject\",\"inLanguage\":\"pt-BR\",\"@id\":\"https:\\\/\\\/www.notibras.com\\\/site\\\/produtoras-rurais-participam-de-oficina-de-bordado-da-emater\\\/#primaryimage\",\"url\":\"https:\\\/\\\/www.notibras.com\\\/site\\\/wp-content\\\/uploads\\\/2024\\\/04\\\/10.4.-Materia-Emater-DF.-Olhares-do-campo-Bordado-9.jpeg\",\"contentUrl\":\"https:\\\/\\\/www.notibras.com\\\/site\\\/wp-content\\\/uploads\\\/2024\\\/04\\\/10.4.-Materia-Emater-DF.-Olhares-do-campo-Bordado-9.jpeg\",\"width\":1536,\"height\":1536},{\"@type\":\"BreadcrumbList\",\"@id\":\"https:\\\/\\\/www.notibras.com\\\/site\\\/produtoras-rurais-participam-de-oficina-de-bordado-da-emater\\\/#breadcrumb\",\"itemListElement\":[{\"@type\":\"ListItem\",\"position\":1,\"name\":\"In\u00edcio\",\"item\":\"https:\\\/\\\/www.notibras.com\\\/site\\\/\"},{\"@type\":\"ListItem\",\"position\":2,\"name\":\"Produtoras rurais participam de oficina de bordado da Emater\"}]},{\"@type\":\"WebSite\",\"@id\":\"https:\\\/\\\/www.notibras.com\\\/site\\\/#website\",\"url\":\"https:\\\/\\\/www.notibras.com\\\/site\\\/\",\"name\":\"Notibras\",\"description\":\"Not\u00edcias de Bras\u00edlia, do Brasil e do Mundo\",\"publisher\":{\"@id\":\"https:\\\/\\\/www.notibras.com\\\/site\\\/#organization\"},\"potentialAction\":[{\"@type\":\"SearchAction\",\"target\":{\"@type\":\"EntryPoint\",\"urlTemplate\":\"https:\\\/\\\/www.notibras.com\\\/site\\\/?s={search_term_string}\"},\"query-input\":{\"@type\":\"PropertyValueSpecification\",\"valueRequired\":true,\"valueName\":\"search_term_string\"}}],\"inLanguage\":\"pt-BR\"},{\"@type\":\"Organization\",\"@id\":\"https:\\\/\\\/www.notibras.com\\\/site\\\/#organization\",\"name\":\"Grupo Notibras de Comunica\u00e7\u00e3o\",\"url\":\"https:\\\/\\\/www.notibras.com\\\/site\\\/\",\"logo\":{\"@type\":\"ImageObject\",\"inLanguage\":\"pt-BR\",\"@id\":\"https:\\\/\\\/www.notibras.com\\\/site\\\/#\\\/schema\\\/logo\\\/image\\\/\",\"url\":\"https:\\\/\\\/www.notibras.com\\\/site\\\/wp-content\\\/uploads\\\/2023\\\/01\\\/notibras23.png\",\"contentUrl\":\"https:\\\/\\\/www.notibras.com\\\/site\\\/wp-content\\\/uploads\\\/2023\\\/01\\\/notibras23.png\",\"width\":350,\"height\":87,\"caption\":\"Grupo Notibras de Comunica\u00e7\u00e3o\"},\"image\":{\"@id\":\"https:\\\/\\\/www.notibras.com\\\/site\\\/#\\\/schema\\\/logo\\\/image\\\/\"},\"sameAs\":[\"https:\\\/\\\/www.facebook.com\\\/notibras\\\/\",\"https:\\\/\\\/x.com\\\/Notibras\",\"https:\\\/\\\/www.instagram.com\\\/notibras\\\/\"]},{\"@type\":\"Person\",\"@id\":\"https:\\\/\\\/www.notibras.com\\\/site\\\/#\\\/schema\\\/person\\\/36ab0979449956132d3e5b517ea76ac8\",\"name\":\"Reda\u00e7\u00e3o\",\"image\":{\"@type\":\"ImageObject\",\"inLanguage\":\"pt-BR\",\"@id\":\"https:\\\/\\\/secure.gravatar.com\\\/avatar\\\/e0a867bdedb85fd243eadf09663511f96fc81e0720a4a42581f334ad4303aa6b?s=96&d=mm&r=g\",\"url\":\"https:\\\/\\\/secure.gravatar.com\\\/avatar\\\/e0a867bdedb85fd243eadf09663511f96fc81e0720a4a42581f334ad4303aa6b?s=96&d=mm&r=g\",\"contentUrl\":\"https:\\\/\\\/secure.gravatar.com\\\/avatar\\\/e0a867bdedb85fd243eadf09663511f96fc81e0720a4a42581f334ad4303aa6b?s=96&d=mm&r=g\",\"caption\":\"Reda\u00e7\u00e3o\"}}]}<\/script>\n<!-- \/ Yoast SEO plugin. -->","yoast_head_json":{"title":"Produtoras rurais participam de oficina de bordado da Emater - Notibras","robots":{"index":"index","follow":"follow","max-snippet":"max-snippet:-1","max-image-preview":"max-image-preview:large","max-video-preview":"max-video-preview:-1"},"canonical":"https:\/\/www.notibras.com\/site\/produtoras-rurais-participam-de-oficina-de-bordado-da-emater\/","og_locale":"pt_BR","og_type":"article","og_title":"Produtoras rurais participam de oficina de bordado da Emater - Notibras","og_description":"Nesta quarta-feira (10), mulheres de \u00e1reas rurais do Gama participaram de uma oficina de bordado e patchwork promovida pelo Olhares do Campo, da Emater-DF. O objetivo foi aprimorar as habilidades do grupo, que existe h\u00e1 dez anos, e incentivar a produ\u00e7\u00e3o de artesanatos e manualidades. As atividades foram coordenadas pela extensionista rural Zaida Regina Almeida [&hellip;]","og_url":"https:\/\/www.notibras.com\/site\/produtoras-rurais-participam-de-oficina-de-bordado-da-emater\/","og_site_name":"Notibras","article_publisher":"https:\/\/www.facebook.com\/notibras\/","article_published_time":"2024-04-11T03:00:04+00:00","article_modified_time":"2024-04-11T12:50:39+00:00","og_image":[{"width":1536,"height":1536,"url":"https:\/\/www.notibras.com\/site\/wp-content\/uploads\/2024\/04\/10.4.-Materia-Emater-DF.-Olhares-do-campo-Bordado-9.jpeg","type":"image\/jpeg"}],"author":"Reda\u00e7\u00e3o","twitter_card":"summary_large_image","twitter_creator":"@Notibras","twitter_site":"@Notibras","twitter_misc":{"Escrito por":"Reda\u00e7\u00e3o","Est. tempo de leitura":"3 minutos"},"schema":{"@context":"https:\/\/schema.org","@graph":[{"@type":"Article","@id":"https:\/\/www.notibras.com\/site\/produtoras-rurais-participam-de-oficina-de-bordado-da-emater\/#article","isPartOf":{"@id":"https:\/\/www.notibras.com\/site\/produtoras-rurais-participam-de-oficina-de-bordado-da-emater\/"},"author":{"name":"Reda\u00e7\u00e3o","@id":"https:\/\/www.notibras.com\/site\/#\/schema\/person\/36ab0979449956132d3e5b517ea76ac8"},"headline":"Produtoras rurais participam de oficina de bordado da Emater","datePublished":"2024-04-11T03:00:04+00:00","dateModified":"2024-04-11T12:50:39+00:00","mainEntityOfPage":{"@id":"https:\/\/www.notibras.com\/site\/produtoras-rurais-participam-de-oficina-de-bordado-da-emater\/"},"wordCount":433,"publisher":{"@id":"https:\/\/www.notibras.com\/site\/#organization"},"image":{"@id":"https:\/\/www.notibras.com\/site\/produtoras-rurais-participam-de-oficina-de-bordado-da-emater\/#primaryimage"},"thumbnailUrl":"https:\/\/www.notibras.com\/site\/wp-content\/uploads\/2024\/04\/10.4.-Materia-Emater-DF.-Olhares-do-campo-Bordado-9.jpeg","articleSection":["Quadradinho em Foco"],"inLanguage":"pt-BR"},{"@type":"WebPage","@id":"https:\/\/www.notibras.com\/site\/produtoras-rurais-participam-de-oficina-de-bordado-da-emater\/","url":"https:\/\/www.notibras.com\/site\/produtoras-rurais-participam-de-oficina-de-bordado-da-emater\/","name":"Produtoras rurais participam de oficina de bordado da Emater - Notibras","isPartOf":{"@id":"https:\/\/www.notibras.com\/site\/#website"},"primaryImageOfPage":{"@id":"https:\/\/www.notibras.com\/site\/produtoras-rurais-participam-de-oficina-de-bordado-da-emater\/#primaryimage"},"image":{"@id":"https:\/\/www.notibras.com\/site\/produtoras-rurais-participam-de-oficina-de-bordado-da-emater\/#primaryimage"},"thumbnailUrl":"https:\/\/www.notibras.com\/site\/wp-content\/uploads\/2024\/04\/10.4.-Materia-Emater-DF.-Olhares-do-campo-Bordado-9.jpeg","datePublished":"2024-04-11T03:00:04+00:00","dateModified":"2024-04-11T12:50:39+00:00","breadcrumb":{"@id":"https:\/\/www.notibras.com\/site\/produtoras-rurais-participam-de-oficina-de-bordado-da-emater\/#breadcrumb"},"inLanguage":"pt-BR","potentialAction":[{"@type":"ReadAction","target":["https:\/\/www.notibras.com\/site\/produtoras-rurais-participam-de-oficina-de-bordado-da-emater\/"]}]},{"@type":"ImageObject","inLanguage":"pt-BR","@id":"https:\/\/www.notibras.com\/site\/produtoras-rurais-participam-de-oficina-de-bordado-da-emater\/#primaryimage","url":"https:\/\/www.notibras.com\/site\/wp-content\/uploads\/2024\/04\/10.4.-Materia-Emater-DF.-Olhares-do-campo-Bordado-9.jpeg","contentUrl":"https:\/\/www.notibras.com\/site\/wp-content\/uploads\/2024\/04\/10.4.-Materia-Emater-DF.-Olhares-do-campo-Bordado-9.jpeg","width":1536,"height":1536},{"@type":"BreadcrumbList","@id":"https:\/\/www.notibras.com\/site\/produtoras-rurais-participam-de-oficina-de-bordado-da-emater\/#breadcrumb","itemListElement":[{"@type":"ListItem","position":1,"name":"In\u00edcio","item":"https:\/\/www.notibras.com\/site\/"},{"@type":"ListItem","position":2,"name":"Produtoras rurais participam de oficina de bordado da Emater"}]},{"@type":"WebSite","@id":"https:\/\/www.notibras.com\/site\/#website","url":"https:\/\/www.notibras.com\/site\/","name":"Notibras","description":"Not\u00edcias de Bras\u00edlia, do Brasil e do Mundo","publisher":{"@id":"https:\/\/www.notibras.com\/site\/#organization"},"potentialAction":[{"@type":"SearchAction","target":{"@type":"EntryPoint","urlTemplate":"https:\/\/www.notibras.com\/site\/?s={search_term_string}"},"query-input":{"@type":"PropertyValueSpecification","valueRequired":true,"valueName":"search_term_string"}}],"inLanguage":"pt-BR"},{"@type":"Organization","@id":"https:\/\/www.notibras.com\/site\/#organization","name":"Grupo Notibras de Comunica\u00e7\u00e3o","url":"https:\/\/www.notibras.com\/site\/","logo":{"@type":"ImageObject","inLanguage":"pt-BR","@id":"https:\/\/www.notibras.com\/site\/#\/schema\/logo\/image\/","url":"https:\/\/www.notibras.com\/site\/wp-content\/uploads\/2023\/01\/notibras23.png","contentUrl":"https:\/\/www.notibras.com\/site\/wp-content\/uploads\/2023\/01\/notibras23.png","width":350,"height":87,"caption":"Grupo Notibras de Comunica\u00e7\u00e3o"},"image":{"@id":"https:\/\/www.notibras.com\/site\/#\/schema\/logo\/image\/"},"sameAs":["https:\/\/www.facebook.com\/notibras\/","https:\/\/x.com\/Notibras","https:\/\/www.instagram.com\/notibras\/"]},{"@type":"Person","@id":"https:\/\/www.notibras.com\/site\/#\/schema\/person\/36ab0979449956132d3e5b517ea76ac8","name":"Reda\u00e7\u00e3o","image":{"@type":"ImageObject","inLanguage":"pt-BR","@id":"https:\/\/secure.gravatar.com\/avatar\/e0a867bdedb85fd243eadf09663511f96fc81e0720a4a42581f334ad4303aa6b?s=96&d=mm&r=g","url":"https:\/\/secure.gravatar.com\/avatar\/e0a867bdedb85fd243eadf09663511f96fc81e0720a4a42581f334ad4303aa6b?s=96&d=mm&r=g","contentUrl":"https:\/\/secure.gravatar.com\/avatar\/e0a867bdedb85fd243eadf09663511f96fc81e0720a4a42581f334ad4303aa6b?s=96&d=mm&r=g","caption":"Reda\u00e7\u00e3o"}}]}},"amp_enabled":true,"_links":{"self":[{"href":"https:\/\/www.notibras.com\/site\/wp-json\/wp\/v2\/posts\/326472","targetHints":{"allow":["GET"]}}],"collection":[{"href":"https:\/\/www.notibras.com\/site\/wp-json\/wp\/v2\/posts"}],"about":[{"href":"https:\/\/www.notibras.com\/site\/wp-json\/wp\/v2\/types\/post"}],"author":[{"embeddable":true,"href":"https:\/\/www.notibras.com\/site\/wp-json\/wp\/v2\/users\/2"}],"replies":[{"embeddable":true,"href":"https:\/\/www.notibras.com\/site\/wp-json\/wp\/v2\/comments?post=326472"}],"version-history":[{"count":1,"href":"https:\/\/www.notibras.com\/site\/wp-json\/wp\/v2\/posts\/326472\/revisions"}],"predecessor-version":[{"id":326474,"href":"https:\/\/www.notibras.com\/site\/wp-json\/wp\/v2\/posts\/326472\/revisions\/326474"}],"wp:featuredmedia":[{"embeddable":true,"href":"https:\/\/www.notibras.com\/site\/wp-json\/wp\/v2\/media\/326473"}],"wp:attachment":[{"href":"https:\/\/www.notibras.com\/site\/wp-json\/wp\/v2\/media?parent=326472"}],"wp:term":[{"taxonomy":"category","embeddable":true,"href":"https:\/\/www.notibras.com\/site\/wp-json\/wp\/v2\/categories?post=326472"},{"taxonomy":"post_tag","embeddable":true,"href":"https:\/\/www.notibras.com\/site\/wp-json\/wp\/v2\/tags?post=326472"}],"curies":[{"name":"wp","href":"https:\/\/api.w.org\/{rel}","templated":true}]}}