{"id":326522,"date":"2024-04-12T07:53:46","date_gmt":"2024-04-12T10:53:46","guid":{"rendered":"https:\/\/www.notibras.com\/site\/?p=326522"},"modified":"2024-04-12T07:55:07","modified_gmt":"2024-04-12T10:55:07","slug":"juvencio-dorival-o-carro-novo-e-a-protese-quebrada","status":"publish","type":"post","link":"https:\/\/www.notibras.com\/site\/juvencio-dorival-o-carro-novo-e-a-protese-quebrada\/","title":{"rendered":"Juv\u00eancio, Dorival, o carro novo e a pr\u00f3tese quebrada"},"content":{"rendered":"<p>Distra\u00eddo por distra\u00eddo, os moradores da quadra e vizinhan\u00e7a afirmavam categoricamente que ningu\u00e9m o era mais do que Juv\u00eancio, que desde os tempos de rapazola andava por ali. Gostou tanto do lugar, que acabou se engra\u00e7ando para cima da No\u00eamia, mo\u00e7oila distinta, filha da dona Arminda e do seu Orlando.<\/p>\n<p>Todos sabiam de cor e salteado diversas hist\u00f3rias envolvendo o descuidado. No entanto, aqui vale contar uma que aconteceu por esses dias, quando, caso voc\u00ea n\u00e3o saiba, o Juv\u00eancio e a No\u00eamia j\u00e1 est\u00e3o casados e com quatro filhos. Quatro filhos. Para voc\u00ea ver! E mal chegaram a quatro anos de casados. Mas n\u00e3o se espante, pois n\u00e3o foi por descuido. \u00c9 que tiveram quadrig\u00eameos.<\/p>\n<p>Mas voltemos ao causo em quest\u00e3o. Pois fique sabendo que o Juv\u00eancio, que mora em um amplo apartamento, com direito a garagem e tudo, precisou comprar um novo carro pra fam\u00edlia, que, como voc\u00ea percebeu, cresceu muito al\u00e9m do esperado. Uma belezura, do jeito que a No\u00eamia escolheu. De t\u00e3o espa\u00e7oso, poderiam at\u00e9 se hospedar confortavelmente naquela perua. S\u00f3 faltou instalar um banheiro.<\/p>\n<p>Mal parou diante da garagem, nem precisou acionar o controle para abrir o port\u00e3o, que j\u00e1 estava aberto. Juv\u00eancio, todo orgulhoso ao volante, foi estacionar aquele iate sobre rodas. Manobra daqui, manobra dali, uma quase esbarrada naquela pilastra acol\u00e1, finalmente conseguiu estacionar sem uma arranh\u00e3ozinho sequer. Que al\u00edvio!<\/p>\n<p>Desceu do ve\u00edculo e foi em dire\u00e7\u00e3o ao elevador, quando encontrou o velho Dorival, o zelador do pr\u00e9dio. Juv\u00eancio cumprimentou o funcion\u00e1rio e os dois tiveram um pequeno interl\u00fadio.<\/p>\n<p>&#8211; Belo autom\u00f3vel.<\/p>\n<p>&#8211; Pois \u00e9, Dorival. Agora a fam\u00edlia cresceu e a No\u00eamia exigiu um carro que coubesse todo mundo.<\/p>\n<p>&#8211; Isso mesmo. Mas preciso ir, pois hoje me quebrou a dentadura, e v\u00e3o arrumar daqui a pouco.<\/p>\n<p>Juv\u00eancio, ent\u00e3o, passou a olhar com mais curiosidade para o Dorival, que falava com os dentes ao som de enredo de escola de samba. N\u00e3o demorava, aquela coisa despencaria das gengivas do velho. Ficou ali observando e divagando, at\u00e9 que o zelador apontou para o port\u00e3o da garagem, onde se encontrava um rapaz.<\/p>\n<p>&#8211; Vou l\u00e1, Juv\u00eancio. O rapaz que vai arrumar a dentadura do port\u00e3o chegou.<\/p>\n<p>Juv\u00eancio sorriu e se despediu do Dorival. Mal entrou no apartamento, encontrou a esposa e as crian\u00e7as esparramadas pelo amplo tapete da sala.<\/p>\n<p>&#8211; Que cara \u00e9 essa, Juv\u00eancio? Aconteceu alguma coisa com o carro?<\/p>\n<p>&#8211; Que nada, a dentadura era outra.<\/p>\n","protected":false},"excerpt":{"rendered":"<p>Distra\u00eddo por distra\u00eddo, os moradores da quadra e vizinhan\u00e7a afirmavam categoricamente que ningu\u00e9m o era mais do que Juv\u00eancio, que desde os tempos de rapazola andava por ali. Gostou tanto do lugar, que acabou se engra\u00e7ando para cima da No\u00eamia, mo\u00e7oila distinta, filha da dona Arminda e do seu Orlando. Todos sabiam de cor e [&hellip;]<\/p>\n","protected":false},"author":2,"featured_media":326523,"comment_status":"closed","ping_status":"closed","sticky":false,"template":"","format":"standard","meta":{"_acf_changed":false,"footnotes":""},"categories":[161],"tags":[],"class_list":["post-326522","post","type-post","status-publish","format-standard","has-post-thumbnail","hentry","category-quadradinho-em-foco"],"acf":[],"yoast_head":"<!-- This site is optimized with the Yoast SEO plugin v27.5 - https:\/\/yoast.com\/product\/yoast-seo-wordpress\/ -->\n<title>Juv\u00eancio, Dorival, o carro novo e a pr\u00f3tese quebrada - Notibras<\/title>\n<meta name=\"robots\" content=\"index, follow, max-snippet:-1, max-image-preview:large, max-video-preview:-1\" \/>\n<link rel=\"canonical\" href=\"https:\/\/www.notibras.com\/site\/juvencio-dorival-o-carro-novo-e-a-protese-quebrada\/\" \/>\n<meta property=\"og:locale\" content=\"pt_BR\" \/>\n<meta property=\"og:type\" content=\"article\" \/>\n<meta property=\"og:title\" content=\"Juv\u00eancio, Dorival, o carro novo e a pr\u00f3tese quebrada - Notibras\" \/>\n<meta property=\"og:description\" content=\"Distra\u00eddo por distra\u00eddo, os moradores da quadra e vizinhan\u00e7a afirmavam categoricamente que ningu\u00e9m o era mais do que Juv\u00eancio, que desde os tempos de rapazola andava por ali. Gostou tanto do lugar, que acabou se engra\u00e7ando para cima da No\u00eamia, mo\u00e7oila distinta, filha da dona Arminda e do seu Orlando. Todos sabiam de cor e [&hellip;]\" \/>\n<meta property=\"og:url\" content=\"https:\/\/www.notibras.com\/site\/juvencio-dorival-o-carro-novo-e-a-protese-quebrada\/\" \/>\n<meta property=\"og:site_name\" content=\"Notibras\" \/>\n<meta property=\"article:publisher\" content=\"https:\/\/www.facebook.com\/notibras\/\" \/>\n<meta property=\"article:published_time\" content=\"2024-04-12T10:53:46+00:00\" \/>\n<meta property=\"article:modified_time\" content=\"2024-04-12T10:55:07+00:00\" \/>\n<meta property=\"og:image\" content=\"https:\/\/www.notibras.com\/site\/wp-content\/uploads\/2024\/04\/c0f0517a-e1c1-4cc3-9b6f-49cdb78076d7.jpeg\" \/>\n\t<meta property=\"og:image:width\" content=\"1024\" \/>\n\t<meta property=\"og:image:height\" content=\"1024\" \/>\n\t<meta property=\"og:image:type\" content=\"image\/jpeg\" \/>\n<meta name=\"author\" content=\"Reda\u00e7\u00e3o\" \/>\n<meta name=\"twitter:card\" content=\"summary_large_image\" \/>\n<meta name=\"twitter:creator\" content=\"@Notibras\" \/>\n<meta name=\"twitter:site\" content=\"@Notibras\" \/>\n<meta name=\"twitter:label1\" content=\"Escrito por\" \/>\n\t<meta name=\"twitter:data1\" content=\"Reda\u00e7\u00e3o\" \/>\n\t<meta name=\"twitter:label2\" content=\"Est. tempo de leitura\" \/>\n\t<meta name=\"twitter:data2\" content=\"3 minutos\" \/>\n<script type=\"application\/ld+json\" class=\"yoast-schema-graph\">{\"@context\":\"https:\\\/\\\/schema.org\",\"@graph\":[{\"@type\":\"Article\",\"@id\":\"https:\\\/\\\/www.notibras.com\\\/site\\\/juvencio-dorival-o-carro-novo-e-a-protese-quebrada\\\/#article\",\"isPartOf\":{\"@id\":\"https:\\\/\\\/www.notibras.com\\\/site\\\/juvencio-dorival-o-carro-novo-e-a-protese-quebrada\\\/\"},\"author\":{\"name\":\"Reda\u00e7\u00e3o\",\"@id\":\"https:\\\/\\\/www.notibras.com\\\/site\\\/#\\\/schema\\\/person\\\/36ab0979449956132d3e5b517ea76ac8\"},\"headline\":\"Juv\u00eancio, Dorival, o carro novo e a pr\u00f3tese quebrada\",\"datePublished\":\"2024-04-12T10:53:46+00:00\",\"dateModified\":\"2024-04-12T10:55:07+00:00\",\"mainEntityOfPage\":{\"@id\":\"https:\\\/\\\/www.notibras.com\\\/site\\\/juvencio-dorival-o-carro-novo-e-a-protese-quebrada\\\/\"},\"wordCount\":457,\"publisher\":{\"@id\":\"https:\\\/\\\/www.notibras.com\\\/site\\\/#organization\"},\"image\":{\"@id\":\"https:\\\/\\\/www.notibras.com\\\/site\\\/juvencio-dorival-o-carro-novo-e-a-protese-quebrada\\\/#primaryimage\"},\"thumbnailUrl\":\"https:\\\/\\\/www.notibras.com\\\/site\\\/wp-content\\\/uploads\\\/2024\\\/04\\\/c0f0517a-e1c1-4cc3-9b6f-49cdb78076d7.jpeg\",\"articleSection\":[\"Quadradinho em Foco\"],\"inLanguage\":\"pt-BR\"},{\"@type\":\"WebPage\",\"@id\":\"https:\\\/\\\/www.notibras.com\\\/site\\\/juvencio-dorival-o-carro-novo-e-a-protese-quebrada\\\/\",\"url\":\"https:\\\/\\\/www.notibras.com\\\/site\\\/juvencio-dorival-o-carro-novo-e-a-protese-quebrada\\\/\",\"name\":\"Juv\u00eancio, Dorival, o carro novo e a pr\u00f3tese quebrada - Notibras\",\"isPartOf\":{\"@id\":\"https:\\\/\\\/www.notibras.com\\\/site\\\/#website\"},\"primaryImageOfPage\":{\"@id\":\"https:\\\/\\\/www.notibras.com\\\/site\\\/juvencio-dorival-o-carro-novo-e-a-protese-quebrada\\\/#primaryimage\"},\"image\":{\"@id\":\"https:\\\/\\\/www.notibras.com\\\/site\\\/juvencio-dorival-o-carro-novo-e-a-protese-quebrada\\\/#primaryimage\"},\"thumbnailUrl\":\"https:\\\/\\\/www.notibras.com\\\/site\\\/wp-content\\\/uploads\\\/2024\\\/04\\\/c0f0517a-e1c1-4cc3-9b6f-49cdb78076d7.jpeg\",\"datePublished\":\"2024-04-12T10:53:46+00:00\",\"dateModified\":\"2024-04-12T10:55:07+00:00\",\"breadcrumb\":{\"@id\":\"https:\\\/\\\/www.notibras.com\\\/site\\\/juvencio-dorival-o-carro-novo-e-a-protese-quebrada\\\/#breadcrumb\"},\"inLanguage\":\"pt-BR\",\"potentialAction\":[{\"@type\":\"ReadAction\",\"target\":[\"https:\\\/\\\/www.notibras.com\\\/site\\\/juvencio-dorival-o-carro-novo-e-a-protese-quebrada\\\/\"]}]},{\"@type\":\"ImageObject\",\"inLanguage\":\"pt-BR\",\"@id\":\"https:\\\/\\\/www.notibras.com\\\/site\\\/juvencio-dorival-o-carro-novo-e-a-protese-quebrada\\\/#primaryimage\",\"url\":\"https:\\\/\\\/www.notibras.com\\\/site\\\/wp-content\\\/uploads\\\/2024\\\/04\\\/c0f0517a-e1c1-4cc3-9b6f-49cdb78076d7.jpeg\",\"contentUrl\":\"https:\\\/\\\/www.notibras.com\\\/site\\\/wp-content\\\/uploads\\\/2024\\\/04\\\/c0f0517a-e1c1-4cc3-9b6f-49cdb78076d7.jpeg\",\"width\":1024,\"height\":1024},{\"@type\":\"BreadcrumbList\",\"@id\":\"https:\\\/\\\/www.notibras.com\\\/site\\\/juvencio-dorival-o-carro-novo-e-a-protese-quebrada\\\/#breadcrumb\",\"itemListElement\":[{\"@type\":\"ListItem\",\"position\":1,\"name\":\"In\u00edcio\",\"item\":\"https:\\\/\\\/www.notibras.com\\\/site\\\/\"},{\"@type\":\"ListItem\",\"position\":2,\"name\":\"Juv\u00eancio, Dorival, o carro novo e a pr\u00f3tese quebrada\"}]},{\"@type\":\"WebSite\",\"@id\":\"https:\\\/\\\/www.notibras.com\\\/site\\\/#website\",\"url\":\"https:\\\/\\\/www.notibras.com\\\/site\\\/\",\"name\":\"Notibras\",\"description\":\"Not\u00edcias de Bras\u00edlia, do Brasil e do Mundo\",\"publisher\":{\"@id\":\"https:\\\/\\\/www.notibras.com\\\/site\\\/#organization\"},\"potentialAction\":[{\"@type\":\"SearchAction\",\"target\":{\"@type\":\"EntryPoint\",\"urlTemplate\":\"https:\\\/\\\/www.notibras.com\\\/site\\\/?s={search_term_string}\"},\"query-input\":{\"@type\":\"PropertyValueSpecification\",\"valueRequired\":true,\"valueName\":\"search_term_string\"}}],\"inLanguage\":\"pt-BR\"},{\"@type\":\"Organization\",\"@id\":\"https:\\\/\\\/www.notibras.com\\\/site\\\/#organization\",\"name\":\"Grupo Notibras de Comunica\u00e7\u00e3o\",\"url\":\"https:\\\/\\\/www.notibras.com\\\/site\\\/\",\"logo\":{\"@type\":\"ImageObject\",\"inLanguage\":\"pt-BR\",\"@id\":\"https:\\\/\\\/www.notibras.com\\\/site\\\/#\\\/schema\\\/logo\\\/image\\\/\",\"url\":\"https:\\\/\\\/www.notibras.com\\\/site\\\/wp-content\\\/uploads\\\/2023\\\/01\\\/notibras23.png\",\"contentUrl\":\"https:\\\/\\\/www.notibras.com\\\/site\\\/wp-content\\\/uploads\\\/2023\\\/01\\\/notibras23.png\",\"width\":350,\"height\":87,\"caption\":\"Grupo Notibras de Comunica\u00e7\u00e3o\"},\"image\":{\"@id\":\"https:\\\/\\\/www.notibras.com\\\/site\\\/#\\\/schema\\\/logo\\\/image\\\/\"},\"sameAs\":[\"https:\\\/\\\/www.facebook.com\\\/notibras\\\/\",\"https:\\\/\\\/x.com\\\/Notibras\",\"https:\\\/\\\/www.instagram.com\\\/notibras\\\/\"]},{\"@type\":\"Person\",\"@id\":\"https:\\\/\\\/www.notibras.com\\\/site\\\/#\\\/schema\\\/person\\\/36ab0979449956132d3e5b517ea76ac8\",\"name\":\"Reda\u00e7\u00e3o\",\"image\":{\"@type\":\"ImageObject\",\"inLanguage\":\"pt-BR\",\"@id\":\"https:\\\/\\\/secure.gravatar.com\\\/avatar\\\/e0a867bdedb85fd243eadf09663511f96fc81e0720a4a42581f334ad4303aa6b?s=96&d=mm&r=g\",\"url\":\"https:\\\/\\\/secure.gravatar.com\\\/avatar\\\/e0a867bdedb85fd243eadf09663511f96fc81e0720a4a42581f334ad4303aa6b?s=96&d=mm&r=g\",\"contentUrl\":\"https:\\\/\\\/secure.gravatar.com\\\/avatar\\\/e0a867bdedb85fd243eadf09663511f96fc81e0720a4a42581f334ad4303aa6b?s=96&d=mm&r=g\",\"caption\":\"Reda\u00e7\u00e3o\"}}]}<\/script>\n<!-- \/ Yoast SEO plugin. -->","yoast_head_json":{"title":"Juv\u00eancio, Dorival, o carro novo e a pr\u00f3tese quebrada - Notibras","robots":{"index":"index","follow":"follow","max-snippet":"max-snippet:-1","max-image-preview":"max-image-preview:large","max-video-preview":"max-video-preview:-1"},"canonical":"https:\/\/www.notibras.com\/site\/juvencio-dorival-o-carro-novo-e-a-protese-quebrada\/","og_locale":"pt_BR","og_type":"article","og_title":"Juv\u00eancio, Dorival, o carro novo e a pr\u00f3tese quebrada - Notibras","og_description":"Distra\u00eddo por distra\u00eddo, os moradores da quadra e vizinhan\u00e7a afirmavam categoricamente que ningu\u00e9m o era mais do que Juv\u00eancio, que desde os tempos de rapazola andava por ali. Gostou tanto do lugar, que acabou se engra\u00e7ando para cima da No\u00eamia, mo\u00e7oila distinta, filha da dona Arminda e do seu Orlando. Todos sabiam de cor e [&hellip;]","og_url":"https:\/\/www.notibras.com\/site\/juvencio-dorival-o-carro-novo-e-a-protese-quebrada\/","og_site_name":"Notibras","article_publisher":"https:\/\/www.facebook.com\/notibras\/","article_published_time":"2024-04-12T10:53:46+00:00","article_modified_time":"2024-04-12T10:55:07+00:00","og_image":[{"width":1024,"height":1024,"url":"https:\/\/www.notibras.com\/site\/wp-content\/uploads\/2024\/04\/c0f0517a-e1c1-4cc3-9b6f-49cdb78076d7.jpeg","type":"image\/jpeg"}],"author":"Reda\u00e7\u00e3o","twitter_card":"summary_large_image","twitter_creator":"@Notibras","twitter_site":"@Notibras","twitter_misc":{"Escrito por":"Reda\u00e7\u00e3o","Est. tempo de leitura":"3 minutos"},"schema":{"@context":"https:\/\/schema.org","@graph":[{"@type":"Article","@id":"https:\/\/www.notibras.com\/site\/juvencio-dorival-o-carro-novo-e-a-protese-quebrada\/#article","isPartOf":{"@id":"https:\/\/www.notibras.com\/site\/juvencio-dorival-o-carro-novo-e-a-protese-quebrada\/"},"author":{"name":"Reda\u00e7\u00e3o","@id":"https:\/\/www.notibras.com\/site\/#\/schema\/person\/36ab0979449956132d3e5b517ea76ac8"},"headline":"Juv\u00eancio, Dorival, o carro novo e a pr\u00f3tese quebrada","datePublished":"2024-04-12T10:53:46+00:00","dateModified":"2024-04-12T10:55:07+00:00","mainEntityOfPage":{"@id":"https:\/\/www.notibras.com\/site\/juvencio-dorival-o-carro-novo-e-a-protese-quebrada\/"},"wordCount":457,"publisher":{"@id":"https:\/\/www.notibras.com\/site\/#organization"},"image":{"@id":"https:\/\/www.notibras.com\/site\/juvencio-dorival-o-carro-novo-e-a-protese-quebrada\/#primaryimage"},"thumbnailUrl":"https:\/\/www.notibras.com\/site\/wp-content\/uploads\/2024\/04\/c0f0517a-e1c1-4cc3-9b6f-49cdb78076d7.jpeg","articleSection":["Quadradinho em Foco"],"inLanguage":"pt-BR"},{"@type":"WebPage","@id":"https:\/\/www.notibras.com\/site\/juvencio-dorival-o-carro-novo-e-a-protese-quebrada\/","url":"https:\/\/www.notibras.com\/site\/juvencio-dorival-o-carro-novo-e-a-protese-quebrada\/","name":"Juv\u00eancio, Dorival, o carro novo e a pr\u00f3tese quebrada - Notibras","isPartOf":{"@id":"https:\/\/www.notibras.com\/site\/#website"},"primaryImageOfPage":{"@id":"https:\/\/www.notibras.com\/site\/juvencio-dorival-o-carro-novo-e-a-protese-quebrada\/#primaryimage"},"image":{"@id":"https:\/\/www.notibras.com\/site\/juvencio-dorival-o-carro-novo-e-a-protese-quebrada\/#primaryimage"},"thumbnailUrl":"https:\/\/www.notibras.com\/site\/wp-content\/uploads\/2024\/04\/c0f0517a-e1c1-4cc3-9b6f-49cdb78076d7.jpeg","datePublished":"2024-04-12T10:53:46+00:00","dateModified":"2024-04-12T10:55:07+00:00","breadcrumb":{"@id":"https:\/\/www.notibras.com\/site\/juvencio-dorival-o-carro-novo-e-a-protese-quebrada\/#breadcrumb"},"inLanguage":"pt-BR","potentialAction":[{"@type":"ReadAction","target":["https:\/\/www.notibras.com\/site\/juvencio-dorival-o-carro-novo-e-a-protese-quebrada\/"]}]},{"@type":"ImageObject","inLanguage":"pt-BR","@id":"https:\/\/www.notibras.com\/site\/juvencio-dorival-o-carro-novo-e-a-protese-quebrada\/#primaryimage","url":"https:\/\/www.notibras.com\/site\/wp-content\/uploads\/2024\/04\/c0f0517a-e1c1-4cc3-9b6f-49cdb78076d7.jpeg","contentUrl":"https:\/\/www.notibras.com\/site\/wp-content\/uploads\/2024\/04\/c0f0517a-e1c1-4cc3-9b6f-49cdb78076d7.jpeg","width":1024,"height":1024},{"@type":"BreadcrumbList","@id":"https:\/\/www.notibras.com\/site\/juvencio-dorival-o-carro-novo-e-a-protese-quebrada\/#breadcrumb","itemListElement":[{"@type":"ListItem","position":1,"name":"In\u00edcio","item":"https:\/\/www.notibras.com\/site\/"},{"@type":"ListItem","position":2,"name":"Juv\u00eancio, Dorival, o carro novo e a pr\u00f3tese quebrada"}]},{"@type":"WebSite","@id":"https:\/\/www.notibras.com\/site\/#website","url":"https:\/\/www.notibras.com\/site\/","name":"Notibras","description":"Not\u00edcias de Bras\u00edlia, do Brasil e do Mundo","publisher":{"@id":"https:\/\/www.notibras.com\/site\/#organization"},"potentialAction":[{"@type":"SearchAction","target":{"@type":"EntryPoint","urlTemplate":"https:\/\/www.notibras.com\/site\/?s={search_term_string}"},"query-input":{"@type":"PropertyValueSpecification","valueRequired":true,"valueName":"search_term_string"}}],"inLanguage":"pt-BR"},{"@type":"Organization","@id":"https:\/\/www.notibras.com\/site\/#organization","name":"Grupo Notibras de Comunica\u00e7\u00e3o","url":"https:\/\/www.notibras.com\/site\/","logo":{"@type":"ImageObject","inLanguage":"pt-BR","@id":"https:\/\/www.notibras.com\/site\/#\/schema\/logo\/image\/","url":"https:\/\/www.notibras.com\/site\/wp-content\/uploads\/2023\/01\/notibras23.png","contentUrl":"https:\/\/www.notibras.com\/site\/wp-content\/uploads\/2023\/01\/notibras23.png","width":350,"height":87,"caption":"Grupo Notibras de Comunica\u00e7\u00e3o"},"image":{"@id":"https:\/\/www.notibras.com\/site\/#\/schema\/logo\/image\/"},"sameAs":["https:\/\/www.facebook.com\/notibras\/","https:\/\/x.com\/Notibras","https:\/\/www.instagram.com\/notibras\/"]},{"@type":"Person","@id":"https:\/\/www.notibras.com\/site\/#\/schema\/person\/36ab0979449956132d3e5b517ea76ac8","name":"Reda\u00e7\u00e3o","image":{"@type":"ImageObject","inLanguage":"pt-BR","@id":"https:\/\/secure.gravatar.com\/avatar\/e0a867bdedb85fd243eadf09663511f96fc81e0720a4a42581f334ad4303aa6b?s=96&d=mm&r=g","url":"https:\/\/secure.gravatar.com\/avatar\/e0a867bdedb85fd243eadf09663511f96fc81e0720a4a42581f334ad4303aa6b?s=96&d=mm&r=g","contentUrl":"https:\/\/secure.gravatar.com\/avatar\/e0a867bdedb85fd243eadf09663511f96fc81e0720a4a42581f334ad4303aa6b?s=96&d=mm&r=g","caption":"Reda\u00e7\u00e3o"}}]}},"amp_enabled":true,"_links":{"self":[{"href":"https:\/\/www.notibras.com\/site\/wp-json\/wp\/v2\/posts\/326522","targetHints":{"allow":["GET"]}}],"collection":[{"href":"https:\/\/www.notibras.com\/site\/wp-json\/wp\/v2\/posts"}],"about":[{"href":"https:\/\/www.notibras.com\/site\/wp-json\/wp\/v2\/types\/post"}],"author":[{"embeddable":true,"href":"https:\/\/www.notibras.com\/site\/wp-json\/wp\/v2\/users\/2"}],"replies":[{"embeddable":true,"href":"https:\/\/www.notibras.com\/site\/wp-json\/wp\/v2\/comments?post=326522"}],"version-history":[{"count":2,"href":"https:\/\/www.notibras.com\/site\/wp-json\/wp\/v2\/posts\/326522\/revisions"}],"predecessor-version":[{"id":326525,"href":"https:\/\/www.notibras.com\/site\/wp-json\/wp\/v2\/posts\/326522\/revisions\/326525"}],"wp:featuredmedia":[{"embeddable":true,"href":"https:\/\/www.notibras.com\/site\/wp-json\/wp\/v2\/media\/326523"}],"wp:attachment":[{"href":"https:\/\/www.notibras.com\/site\/wp-json\/wp\/v2\/media?parent=326522"}],"wp:term":[{"taxonomy":"category","embeddable":true,"href":"https:\/\/www.notibras.com\/site\/wp-json\/wp\/v2\/categories?post=326522"},{"taxonomy":"post_tag","embeddable":true,"href":"https:\/\/www.notibras.com\/site\/wp-json\/wp\/v2\/tags?post=326522"}],"curies":[{"name":"wp","href":"https:\/\/api.w.org\/{rel}","templated":true}]}}