{"id":326550,"date":"2024-04-12T00:01:42","date_gmt":"2024-04-12T03:01:42","guid":{"rendered":"https:\/\/www.notibras.com\/site\/?p=326550"},"modified":"2024-04-12T09:29:32","modified_gmt":"2024-04-12T12:29:32","slug":"sol-nascente-deve-receber-instituto-federal-em-um-ano","status":"publish","type":"post","link":"https:\/\/www.notibras.com\/site\/sol-nascente-deve-receber-instituto-federal-em-um-ano\/","title":{"rendered":"Sol Nascente deve receber instituto federal em um ano"},"content":{"rendered":"<p>\u201cNo ano que vem, eu quero estar aqui no Sol Nascente (DF) para fazer a aula inaugural do novo Instituto Federal de Bras\u00edlia\u201d. Enquanto o presidente Luiz In\u00e1cio Lula da Silva discursava, nesta quinta-feira (11), ao lan\u00e7ar a pedra fundamental da nova unidade educacional, Leticia Souza, de 14 anos, tinha no colo a filha, de seis meses. A adolescente estava na ponta dos p\u00e9s para enxergar o que as autoridades falavam e avaliava se poderia sonhar.<\/p>\n<p>Os p\u00e9s, ali\u00e1s, que est\u00e3o, segundo ela, j\u00e1 cansados e calejados de andar de sand\u00e1lias diariamente por quase uma hora para ir \u00e0 escola. \u201cNunca morei perto de onde estudo. S\u00f3 tenho vontade mesmo de ir al\u00e9m da s\u00e9tima s\u00e9rie. Mas, j\u00e1 pensei em desistir\u201d.<\/p>\n<p>Let\u00edcia disse que concordou com o presidente quando ele disse que ter uma profiss\u00e3o pode ser a diferen\u00e7a para o futuro. \u201cSe voc\u00ea chega em qualquer lugar para pedir emprego, nos perguntam se temos profiss\u00e3o. Quando a gente tem uma profiss\u00e3o, o empregador pega o curr\u00edculo da gente e voltamos para casa com esperan\u00e7a\u201d, disse o presidente.<\/p>\n<p>Let\u00edcia, que nasceu no lugar que \u00e9 considerado a maior favela do Brasil, distante 30 quil\u00f4metros da Pra\u00e7a dos Tr\u00eas Poderes, em Bras\u00edlia, e com mais de 32 mil domic\u00edlios, afirma que o \u00f4nibus a R$ 3,50 para ir \u00e0 escola pesa no or\u00e7amento. \u201cJ\u00e1 pensei em ser policial ou estudar para ser algu\u00e9m. Fiquei com esperan\u00e7a que esse instituto me ajude e um dia ajude a minha filhinha\u201d.<\/p>\n<p><strong>\u201cEu tenho sonhos\u201d<\/strong><br \/>\nQuem ouvia atentamente as palavras do presidente era Joyce dos Santos, de 18 anos. A jovem sonha em fazer um curso t\u00e9cnico em audiovisual. Para chegar \u00e0 escola, a concluinte do ensino m\u00e9dio acorda \u00e0s 5h30 da manh\u00e3 e sai de casa \u00e0s 6h10. Precisa tomar dois \u00f4nibus diariamente.<\/p>\n<p>\u201c\u00c9 cansativo, mas eu tenho sonhos. Tem gente que fala que eu estou sonhando muito alto. Mas, na escola, fiz um filme para a feira de ci\u00eancias e descobri que estudar pode ser muito bom. Estou na expectativa de um dia estar aqui\u201d.<\/p>\n<p>O \u201caqui\u201d, onde se deu o evento de inaugura\u00e7\u00e3o, por enquanto, \u00e9 apenas um terreno de 16,6 mil metros quadrados. O presidente Lula, durante o evento, cobrou que a licita\u00e7\u00e3o para a constru\u00e7\u00e3o do novo instituto seja feito o mais r\u00e1pido poss\u00edvel, a fim de garantir o direito de acesso a educa\u00e7\u00e3o.<\/p>\n<p><strong>Vagas<\/strong><br \/>\nSegundo o governo federal, a futura nova unidade integra o plano de expans\u00e3o dos institutos federais pelo Novo Programa de Acelera\u00e7\u00e3o do Crescimento (Novo PAC). O investimento previsto \u00e9 de R$ 2,5 bilh\u00f5es para constru\u00e7\u00e3o de 100 novos campi pelo Brasil, com a meta de gerar 140 mil novas vagas de educa\u00e7\u00e3o profissional. No Sol Nascente, a estimativa \u00e9 abertura inicialmente de 1,4 mil vagas para ensino t\u00e9cnico integradas ao Ensino M\u00e9dio.<\/p>\n<p>O Sol Nascente foi transformado em regi\u00e3o administrativa no ano de 2019. Antes, pertencia a Ceil\u00e2ndia, a maior regi\u00e3o administrativa do DF. Cada nova escola, segundo o governo, tem custo estimado de R$ 25 milh\u00f5es, sendo R$ 15 milh\u00f5es para infraestrutura e R$ 10 milh\u00f5es para aquisi\u00e7\u00e3o de equipamentos e mobili\u00e1rio.<\/p>\n<p><strong>Mil institutos<\/strong><br \/>\nCom os novos 100 campi, a rede federal passar\u00e1 a contar com 782 unidades, sendo 702 campi de\u202finstituto federais. Lula disse que, embora n\u00e3o tenha chegado a uma faculdade, o ensino t\u00e9cnico mudou a vida dele. \u201cQuero chegar a mil institutos\u201d, disse hoje. Tamb\u00e9m no evento, o ministro da Educa\u00e7\u00e3o, Camilo Santana, ressaltou que uma preocupa\u00e7\u00e3o do governo \u00e9 a de reduzir a evas\u00e3o escolar.<\/p>\n<p>A reitora do Instituto Federal de Bras\u00edlia, Veruska Ribeiro Machado, defendeu a necessidade de interioriza\u00e7\u00e3o dos institutos. \u201cEu sou professora h\u00e1 32 anos e todos os dias eu acompanho transforma\u00e7\u00e3o de vidas. As pessoas transformadas mudam suas vidas\u201d.<\/p>\n<p>Essa preocupa\u00e7\u00e3o com evas\u00e3o \u00e9 compartilhada pela professora Joana Cruz, de 56 anos, e 27 de carreira em sala de aula, que foi conferir o evento na plateia. Ela, que \u00e9 docente na Ceil\u00e2ndia, testemunha que os alunos do Sol Nascente \u201cralam\u201d muito para ir para escola.<\/p>\n<p>\u201cEles v\u00e3o a p\u00e9, de bicicleta, com dois \u00f4nibus. Tem muita gente que desiste. Fora que, quem estuda \u00e0 noite, pede para sair mais cedo porque eles t\u00eam medo de assalto\u201d. Curiosa, na plateia, a aposentada Maria Creuza de Souza, de 62 anos, analfabeta, foi ao evento para saber se conseguiria um dia matricular os netos.<\/p>\n<p>\u201cNunca aprendi a escrever meu nome. Para mim, n\u00e3o foi poss\u00edvel mudar a vida. Quem sabe para eles\u2026\u201d<\/p>\n","protected":false},"excerpt":{"rendered":"<p>\u201cNo ano que vem, eu quero estar aqui no Sol Nascente (DF) para fazer a aula inaugural do novo Instituto Federal de Bras\u00edlia\u201d. Enquanto o presidente Luiz In\u00e1cio Lula da Silva discursava, nesta quinta-feira (11), ao lan\u00e7ar a pedra fundamental da nova unidade educacional, Leticia Souza, de 14 anos, tinha no colo a filha, de [&hellip;]<\/p>\n","protected":false},"author":2,"featured_media":326551,"comment_status":"closed","ping_status":"closed","sticky":false,"template":"","format":"standard","meta":{"_acf_changed":false,"footnotes":""},"categories":[161],"tags":[],"class_list":["post-326550","post","type-post","status-publish","format-standard","has-post-thumbnail","hentry","category-quadradinho-em-foco"],"acf":[],"yoast_head":"<!-- This site is optimized with the Yoast SEO plugin v27.5 - https:\/\/yoast.com\/product\/yoast-seo-wordpress\/ -->\n<title>Sol Nascente deve receber instituto federal em um ano - Notibras<\/title>\n<meta name=\"robots\" content=\"index, follow, max-snippet:-1, max-image-preview:large, max-video-preview:-1\" \/>\n<link rel=\"canonical\" href=\"https:\/\/www.notibras.com\/site\/sol-nascente-deve-receber-instituto-federal-em-um-ano\/\" \/>\n<meta property=\"og:locale\" content=\"pt_BR\" \/>\n<meta property=\"og:type\" content=\"article\" \/>\n<meta property=\"og:title\" content=\"Sol Nascente deve receber instituto federal em um ano - Notibras\" \/>\n<meta property=\"og:description\" content=\"\u201cNo ano que vem, eu quero estar aqui no Sol Nascente (DF) para fazer a aula inaugural do novo Instituto Federal de Bras\u00edlia\u201d. Enquanto o presidente Luiz In\u00e1cio Lula da Silva discursava, nesta quinta-feira (11), ao lan\u00e7ar a pedra fundamental da nova unidade educacional, Leticia Souza, de 14 anos, tinha no colo a filha, de [&hellip;]\" \/>\n<meta property=\"og:url\" content=\"https:\/\/www.notibras.com\/site\/sol-nascente-deve-receber-instituto-federal-em-um-ano\/\" \/>\n<meta property=\"og:site_name\" content=\"Notibras\" \/>\n<meta property=\"article:publisher\" content=\"https:\/\/www.facebook.com\/notibras\/\" \/>\n<meta property=\"article:published_time\" content=\"2024-04-12T03:01:42+00:00\" \/>\n<meta property=\"article:modified_time\" content=\"2024-04-12T12:29:32+00:00\" \/>\n<meta property=\"og:image\" content=\"https:\/\/www.notibras.com\/site\/wp-content\/uploads\/2024\/04\/dflula.ins_.webp\" \/>\n\t<meta property=\"og:image:width\" content=\"1170\" \/>\n\t<meta property=\"og:image:height\" content=\"700\" \/>\n\t<meta property=\"og:image:type\" content=\"image\/webp\" \/>\n<meta name=\"author\" content=\"Reda\u00e7\u00e3o\" \/>\n<meta name=\"twitter:card\" content=\"summary_large_image\" \/>\n<meta name=\"twitter:creator\" content=\"@Notibras\" \/>\n<meta name=\"twitter:site\" content=\"@Notibras\" \/>\n<meta name=\"twitter:label1\" content=\"Escrito por\" \/>\n\t<meta name=\"twitter:data1\" content=\"Reda\u00e7\u00e3o\" \/>\n\t<meta name=\"twitter:label2\" content=\"Est. tempo de leitura\" \/>\n\t<meta name=\"twitter:data2\" content=\"5 minutos\" \/>\n<script type=\"application\/ld+json\" class=\"yoast-schema-graph\">{\"@context\":\"https:\\\/\\\/schema.org\",\"@graph\":[{\"@type\":\"Article\",\"@id\":\"https:\\\/\\\/www.notibras.com\\\/site\\\/sol-nascente-deve-receber-instituto-federal-em-um-ano\\\/#article\",\"isPartOf\":{\"@id\":\"https:\\\/\\\/www.notibras.com\\\/site\\\/sol-nascente-deve-receber-instituto-federal-em-um-ano\\\/\"},\"author\":{\"name\":\"Reda\u00e7\u00e3o\",\"@id\":\"https:\\\/\\\/www.notibras.com\\\/site\\\/#\\\/schema\\\/person\\\/36ab0979449956132d3e5b517ea76ac8\"},\"headline\":\"Sol Nascente deve receber instituto federal em um ano\",\"datePublished\":\"2024-04-12T03:01:42+00:00\",\"dateModified\":\"2024-04-12T12:29:32+00:00\",\"mainEntityOfPage\":{\"@id\":\"https:\\\/\\\/www.notibras.com\\\/site\\\/sol-nascente-deve-receber-instituto-federal-em-um-ano\\\/\"},\"wordCount\":787,\"publisher\":{\"@id\":\"https:\\\/\\\/www.notibras.com\\\/site\\\/#organization\"},\"image\":{\"@id\":\"https:\\\/\\\/www.notibras.com\\\/site\\\/sol-nascente-deve-receber-instituto-federal-em-um-ano\\\/#primaryimage\"},\"thumbnailUrl\":\"https:\\\/\\\/www.notibras.com\\\/site\\\/wp-content\\\/uploads\\\/2024\\\/04\\\/dflula.ins_.webp\",\"articleSection\":[\"Quadradinho em Foco\"],\"inLanguage\":\"pt-BR\"},{\"@type\":\"WebPage\",\"@id\":\"https:\\\/\\\/www.notibras.com\\\/site\\\/sol-nascente-deve-receber-instituto-federal-em-um-ano\\\/\",\"url\":\"https:\\\/\\\/www.notibras.com\\\/site\\\/sol-nascente-deve-receber-instituto-federal-em-um-ano\\\/\",\"name\":\"Sol Nascente deve receber instituto federal em um ano - Notibras\",\"isPartOf\":{\"@id\":\"https:\\\/\\\/www.notibras.com\\\/site\\\/#website\"},\"primaryImageOfPage\":{\"@id\":\"https:\\\/\\\/www.notibras.com\\\/site\\\/sol-nascente-deve-receber-instituto-federal-em-um-ano\\\/#primaryimage\"},\"image\":{\"@id\":\"https:\\\/\\\/www.notibras.com\\\/site\\\/sol-nascente-deve-receber-instituto-federal-em-um-ano\\\/#primaryimage\"},\"thumbnailUrl\":\"https:\\\/\\\/www.notibras.com\\\/site\\\/wp-content\\\/uploads\\\/2024\\\/04\\\/dflula.ins_.webp\",\"datePublished\":\"2024-04-12T03:01:42+00:00\",\"dateModified\":\"2024-04-12T12:29:32+00:00\",\"breadcrumb\":{\"@id\":\"https:\\\/\\\/www.notibras.com\\\/site\\\/sol-nascente-deve-receber-instituto-federal-em-um-ano\\\/#breadcrumb\"},\"inLanguage\":\"pt-BR\",\"potentialAction\":[{\"@type\":\"ReadAction\",\"target\":[\"https:\\\/\\\/www.notibras.com\\\/site\\\/sol-nascente-deve-receber-instituto-federal-em-um-ano\\\/\"]}]},{\"@type\":\"ImageObject\",\"inLanguage\":\"pt-BR\",\"@id\":\"https:\\\/\\\/www.notibras.com\\\/site\\\/sol-nascente-deve-receber-instituto-federal-em-um-ano\\\/#primaryimage\",\"url\":\"https:\\\/\\\/www.notibras.com\\\/site\\\/wp-content\\\/uploads\\\/2024\\\/04\\\/dflula.ins_.webp\",\"contentUrl\":\"https:\\\/\\\/www.notibras.com\\\/site\\\/wp-content\\\/uploads\\\/2024\\\/04\\\/dflula.ins_.webp\",\"width\":1170,\"height\":700},{\"@type\":\"BreadcrumbList\",\"@id\":\"https:\\\/\\\/www.notibras.com\\\/site\\\/sol-nascente-deve-receber-instituto-federal-em-um-ano\\\/#breadcrumb\",\"itemListElement\":[{\"@type\":\"ListItem\",\"position\":1,\"name\":\"In\u00edcio\",\"item\":\"https:\\\/\\\/www.notibras.com\\\/site\\\/\"},{\"@type\":\"ListItem\",\"position\":2,\"name\":\"Sol Nascente deve receber instituto federal em um ano\"}]},{\"@type\":\"WebSite\",\"@id\":\"https:\\\/\\\/www.notibras.com\\\/site\\\/#website\",\"url\":\"https:\\\/\\\/www.notibras.com\\\/site\\\/\",\"name\":\"Notibras\",\"description\":\"Not\u00edcias de Bras\u00edlia, do Brasil e do Mundo\",\"publisher\":{\"@id\":\"https:\\\/\\\/www.notibras.com\\\/site\\\/#organization\"},\"potentialAction\":[{\"@type\":\"SearchAction\",\"target\":{\"@type\":\"EntryPoint\",\"urlTemplate\":\"https:\\\/\\\/www.notibras.com\\\/site\\\/?s={search_term_string}\"},\"query-input\":{\"@type\":\"PropertyValueSpecification\",\"valueRequired\":true,\"valueName\":\"search_term_string\"}}],\"inLanguage\":\"pt-BR\"},{\"@type\":\"Organization\",\"@id\":\"https:\\\/\\\/www.notibras.com\\\/site\\\/#organization\",\"name\":\"Grupo Notibras de Comunica\u00e7\u00e3o\",\"url\":\"https:\\\/\\\/www.notibras.com\\\/site\\\/\",\"logo\":{\"@type\":\"ImageObject\",\"inLanguage\":\"pt-BR\",\"@id\":\"https:\\\/\\\/www.notibras.com\\\/site\\\/#\\\/schema\\\/logo\\\/image\\\/\",\"url\":\"https:\\\/\\\/www.notibras.com\\\/site\\\/wp-content\\\/uploads\\\/2023\\\/01\\\/notibras23.png\",\"contentUrl\":\"https:\\\/\\\/www.notibras.com\\\/site\\\/wp-content\\\/uploads\\\/2023\\\/01\\\/notibras23.png\",\"width\":350,\"height\":87,\"caption\":\"Grupo Notibras de Comunica\u00e7\u00e3o\"},\"image\":{\"@id\":\"https:\\\/\\\/www.notibras.com\\\/site\\\/#\\\/schema\\\/logo\\\/image\\\/\"},\"sameAs\":[\"https:\\\/\\\/www.facebook.com\\\/notibras\\\/\",\"https:\\\/\\\/x.com\\\/Notibras\",\"https:\\\/\\\/www.instagram.com\\\/notibras\\\/\"]},{\"@type\":\"Person\",\"@id\":\"https:\\\/\\\/www.notibras.com\\\/site\\\/#\\\/schema\\\/person\\\/36ab0979449956132d3e5b517ea76ac8\",\"name\":\"Reda\u00e7\u00e3o\",\"image\":{\"@type\":\"ImageObject\",\"inLanguage\":\"pt-BR\",\"@id\":\"https:\\\/\\\/secure.gravatar.com\\\/avatar\\\/e0a867bdedb85fd243eadf09663511f96fc81e0720a4a42581f334ad4303aa6b?s=96&d=mm&r=g\",\"url\":\"https:\\\/\\\/secure.gravatar.com\\\/avatar\\\/e0a867bdedb85fd243eadf09663511f96fc81e0720a4a42581f334ad4303aa6b?s=96&d=mm&r=g\",\"contentUrl\":\"https:\\\/\\\/secure.gravatar.com\\\/avatar\\\/e0a867bdedb85fd243eadf09663511f96fc81e0720a4a42581f334ad4303aa6b?s=96&d=mm&r=g\",\"caption\":\"Reda\u00e7\u00e3o\"}}]}<\/script>\n<!-- \/ Yoast SEO plugin. -->","yoast_head_json":{"title":"Sol Nascente deve receber instituto federal em um ano - Notibras","robots":{"index":"index","follow":"follow","max-snippet":"max-snippet:-1","max-image-preview":"max-image-preview:large","max-video-preview":"max-video-preview:-1"},"canonical":"https:\/\/www.notibras.com\/site\/sol-nascente-deve-receber-instituto-federal-em-um-ano\/","og_locale":"pt_BR","og_type":"article","og_title":"Sol Nascente deve receber instituto federal em um ano - Notibras","og_description":"\u201cNo ano que vem, eu quero estar aqui no Sol Nascente (DF) para fazer a aula inaugural do novo Instituto Federal de Bras\u00edlia\u201d. Enquanto o presidente Luiz In\u00e1cio Lula da Silva discursava, nesta quinta-feira (11), ao lan\u00e7ar a pedra fundamental da nova unidade educacional, Leticia Souza, de 14 anos, tinha no colo a filha, de [&hellip;]","og_url":"https:\/\/www.notibras.com\/site\/sol-nascente-deve-receber-instituto-federal-em-um-ano\/","og_site_name":"Notibras","article_publisher":"https:\/\/www.facebook.com\/notibras\/","article_published_time":"2024-04-12T03:01:42+00:00","article_modified_time":"2024-04-12T12:29:32+00:00","og_image":[{"width":1170,"height":700,"url":"https:\/\/www.notibras.com\/site\/wp-content\/uploads\/2024\/04\/dflula.ins_.webp","type":"image\/webp"}],"author":"Reda\u00e7\u00e3o","twitter_card":"summary_large_image","twitter_creator":"@Notibras","twitter_site":"@Notibras","twitter_misc":{"Escrito por":"Reda\u00e7\u00e3o","Est. tempo de leitura":"5 minutos"},"schema":{"@context":"https:\/\/schema.org","@graph":[{"@type":"Article","@id":"https:\/\/www.notibras.com\/site\/sol-nascente-deve-receber-instituto-federal-em-um-ano\/#article","isPartOf":{"@id":"https:\/\/www.notibras.com\/site\/sol-nascente-deve-receber-instituto-federal-em-um-ano\/"},"author":{"name":"Reda\u00e7\u00e3o","@id":"https:\/\/www.notibras.com\/site\/#\/schema\/person\/36ab0979449956132d3e5b517ea76ac8"},"headline":"Sol Nascente deve receber instituto federal em um ano","datePublished":"2024-04-12T03:01:42+00:00","dateModified":"2024-04-12T12:29:32+00:00","mainEntityOfPage":{"@id":"https:\/\/www.notibras.com\/site\/sol-nascente-deve-receber-instituto-federal-em-um-ano\/"},"wordCount":787,"publisher":{"@id":"https:\/\/www.notibras.com\/site\/#organization"},"image":{"@id":"https:\/\/www.notibras.com\/site\/sol-nascente-deve-receber-instituto-federal-em-um-ano\/#primaryimage"},"thumbnailUrl":"https:\/\/www.notibras.com\/site\/wp-content\/uploads\/2024\/04\/dflula.ins_.webp","articleSection":["Quadradinho em Foco"],"inLanguage":"pt-BR"},{"@type":"WebPage","@id":"https:\/\/www.notibras.com\/site\/sol-nascente-deve-receber-instituto-federal-em-um-ano\/","url":"https:\/\/www.notibras.com\/site\/sol-nascente-deve-receber-instituto-federal-em-um-ano\/","name":"Sol Nascente deve receber instituto federal em um ano - Notibras","isPartOf":{"@id":"https:\/\/www.notibras.com\/site\/#website"},"primaryImageOfPage":{"@id":"https:\/\/www.notibras.com\/site\/sol-nascente-deve-receber-instituto-federal-em-um-ano\/#primaryimage"},"image":{"@id":"https:\/\/www.notibras.com\/site\/sol-nascente-deve-receber-instituto-federal-em-um-ano\/#primaryimage"},"thumbnailUrl":"https:\/\/www.notibras.com\/site\/wp-content\/uploads\/2024\/04\/dflula.ins_.webp","datePublished":"2024-04-12T03:01:42+00:00","dateModified":"2024-04-12T12:29:32+00:00","breadcrumb":{"@id":"https:\/\/www.notibras.com\/site\/sol-nascente-deve-receber-instituto-federal-em-um-ano\/#breadcrumb"},"inLanguage":"pt-BR","potentialAction":[{"@type":"ReadAction","target":["https:\/\/www.notibras.com\/site\/sol-nascente-deve-receber-instituto-federal-em-um-ano\/"]}]},{"@type":"ImageObject","inLanguage":"pt-BR","@id":"https:\/\/www.notibras.com\/site\/sol-nascente-deve-receber-instituto-federal-em-um-ano\/#primaryimage","url":"https:\/\/www.notibras.com\/site\/wp-content\/uploads\/2024\/04\/dflula.ins_.webp","contentUrl":"https:\/\/www.notibras.com\/site\/wp-content\/uploads\/2024\/04\/dflula.ins_.webp","width":1170,"height":700},{"@type":"BreadcrumbList","@id":"https:\/\/www.notibras.com\/site\/sol-nascente-deve-receber-instituto-federal-em-um-ano\/#breadcrumb","itemListElement":[{"@type":"ListItem","position":1,"name":"In\u00edcio","item":"https:\/\/www.notibras.com\/site\/"},{"@type":"ListItem","position":2,"name":"Sol Nascente deve receber instituto federal em um ano"}]},{"@type":"WebSite","@id":"https:\/\/www.notibras.com\/site\/#website","url":"https:\/\/www.notibras.com\/site\/","name":"Notibras","description":"Not\u00edcias de Bras\u00edlia, do Brasil e do Mundo","publisher":{"@id":"https:\/\/www.notibras.com\/site\/#organization"},"potentialAction":[{"@type":"SearchAction","target":{"@type":"EntryPoint","urlTemplate":"https:\/\/www.notibras.com\/site\/?s={search_term_string}"},"query-input":{"@type":"PropertyValueSpecification","valueRequired":true,"valueName":"search_term_string"}}],"inLanguage":"pt-BR"},{"@type":"Organization","@id":"https:\/\/www.notibras.com\/site\/#organization","name":"Grupo Notibras de Comunica\u00e7\u00e3o","url":"https:\/\/www.notibras.com\/site\/","logo":{"@type":"ImageObject","inLanguage":"pt-BR","@id":"https:\/\/www.notibras.com\/site\/#\/schema\/logo\/image\/","url":"https:\/\/www.notibras.com\/site\/wp-content\/uploads\/2023\/01\/notibras23.png","contentUrl":"https:\/\/www.notibras.com\/site\/wp-content\/uploads\/2023\/01\/notibras23.png","width":350,"height":87,"caption":"Grupo Notibras de Comunica\u00e7\u00e3o"},"image":{"@id":"https:\/\/www.notibras.com\/site\/#\/schema\/logo\/image\/"},"sameAs":["https:\/\/www.facebook.com\/notibras\/","https:\/\/x.com\/Notibras","https:\/\/www.instagram.com\/notibras\/"]},{"@type":"Person","@id":"https:\/\/www.notibras.com\/site\/#\/schema\/person\/36ab0979449956132d3e5b517ea76ac8","name":"Reda\u00e7\u00e3o","image":{"@type":"ImageObject","inLanguage":"pt-BR","@id":"https:\/\/secure.gravatar.com\/avatar\/e0a867bdedb85fd243eadf09663511f96fc81e0720a4a42581f334ad4303aa6b?s=96&d=mm&r=g","url":"https:\/\/secure.gravatar.com\/avatar\/e0a867bdedb85fd243eadf09663511f96fc81e0720a4a42581f334ad4303aa6b?s=96&d=mm&r=g","contentUrl":"https:\/\/secure.gravatar.com\/avatar\/e0a867bdedb85fd243eadf09663511f96fc81e0720a4a42581f334ad4303aa6b?s=96&d=mm&r=g","caption":"Reda\u00e7\u00e3o"}}]}},"amp_enabled":true,"_links":{"self":[{"href":"https:\/\/www.notibras.com\/site\/wp-json\/wp\/v2\/posts\/326550","targetHints":{"allow":["GET"]}}],"collection":[{"href":"https:\/\/www.notibras.com\/site\/wp-json\/wp\/v2\/posts"}],"about":[{"href":"https:\/\/www.notibras.com\/site\/wp-json\/wp\/v2\/types\/post"}],"author":[{"embeddable":true,"href":"https:\/\/www.notibras.com\/site\/wp-json\/wp\/v2\/users\/2"}],"replies":[{"embeddable":true,"href":"https:\/\/www.notibras.com\/site\/wp-json\/wp\/v2\/comments?post=326550"}],"version-history":[{"count":1,"href":"https:\/\/www.notibras.com\/site\/wp-json\/wp\/v2\/posts\/326550\/revisions"}],"predecessor-version":[{"id":326552,"href":"https:\/\/www.notibras.com\/site\/wp-json\/wp\/v2\/posts\/326550\/revisions\/326552"}],"wp:featuredmedia":[{"embeddable":true,"href":"https:\/\/www.notibras.com\/site\/wp-json\/wp\/v2\/media\/326551"}],"wp:attachment":[{"href":"https:\/\/www.notibras.com\/site\/wp-json\/wp\/v2\/media?parent=326550"}],"wp:term":[{"taxonomy":"category","embeddable":true,"href":"https:\/\/www.notibras.com\/site\/wp-json\/wp\/v2\/categories?post=326550"},{"taxonomy":"post_tag","embeddable":true,"href":"https:\/\/www.notibras.com\/site\/wp-json\/wp\/v2\/tags?post=326550"}],"curies":[{"name":"wp","href":"https:\/\/api.w.org\/{rel}","templated":true}]}}