{"id":326553,"date":"2024-04-12T00:00:22","date_gmt":"2024-04-12T03:00:22","guid":{"rendered":"https:\/\/www.notibras.com\/site\/?p=326553"},"modified":"2024-04-12T09:35:16","modified_gmt":"2024-04-12T12:35:16","slug":"inscricao-para-atendimento-psicologico-de-lgbt-termina-nesta-sexta","status":"publish","type":"post","link":"https:\/\/www.notibras.com\/site\/inscricao-para-atendimento-psicologico-de-lgbt-termina-nesta-sexta\/","title":{"rendered":"Inscri\u00e7\u00e3o para atendimento psicol\u00f3gico de LGBT termina nesta sexta"},"content":{"rendered":"<p>O coletivo de artistas drags do Distrito Federal, Distrito Drag, e o Minist\u00e9rio dos Direitos Humanos e da Cidadania (MDHC) oferecer\u00e3o atendimento gratuito especializado em psicologia pelo projeto Sa\u00fade Sem Preconceito ao p\u00fablico LGBTQIA+. A sigla faz refer\u00eancia a l\u00e9sbicas, gays, bissexuais, transexuais, queer, intersexuais, assexuais e demais orienta\u00e7\u00f5es sexuais e identidades de g\u00eanero.<\/p>\n<p>Quem tiver interesse em ter atendimento psicol\u00f3gico, deve preencher o formul\u00e1rio online at\u00e9 sexta-feira (12) . O question\u00e1rio socioecon\u00f4mico traz quest\u00f5es sobre identifica\u00e7\u00e3o, autodeclara\u00e7\u00e3o de ra\u00e7a, orienta\u00e7\u00e3o sexual e identidade de g\u00eanero.<\/p>\n<p>A organiza\u00e7\u00e3o da sociedade civil aponta que as pessoas LGBTQIA+ enfrentam desafios em diversas dimens\u00f5es da vida, incluindo social, econ\u00f4mica, pol\u00edtica e cultural.<\/p>\n<p>\u201cA discrimina\u00e7\u00e3o, viol\u00eancia, exclus\u00e3o social, dificuldade de acesso a servi\u00e7os de sa\u00fade adequados, falta de dados sobre o tamanho dessa popula\u00e7\u00e3o, bem como a falta de representatividade em diferentes esferas, s\u00e3o apenas algumas das dimens\u00f5es desse problema, que atravessam diretamente a sa\u00fade mental e o pleno desenvolvimento biopsicossocial\u201d, explica o Distrito Drag, em nota.<\/p>\n<p>De acordo com Distrito Drag, inicialmente, o servi\u00e7o em psicologia atender\u00e1 a 30 pessoas LGBTQIA+, em 2024. Mas poder\u00e1 ser ampliado, conforme o interesse e a disponibilidade or\u00e7ament\u00e1ria do projeto. As sess\u00f5es de terapia poder\u00e3o ser individuais ou em grupo.<\/p>\n<p>O conv\u00eanio firmado entre o Distrito Drag e o MDHC promover\u00e1 a defesa dos direitos das pessoas LGBTQIA+, a partir de a\u00e7\u00f5es em servi\u00e7os especializados de sa\u00fade nas \u00e1reas de psicologia e endocrinologia.<\/p>\n","protected":false},"excerpt":{"rendered":"<p>O coletivo de artistas drags do Distrito Federal, Distrito Drag, e o Minist\u00e9rio dos Direitos Humanos e da Cidadania (MDHC) oferecer\u00e3o atendimento gratuito especializado em psicologia pelo projeto Sa\u00fade Sem Preconceito ao p\u00fablico LGBTQIA+. A sigla faz refer\u00eancia a l\u00e9sbicas, gays, bissexuais, transexuais, queer, intersexuais, assexuais e demais orienta\u00e7\u00f5es sexuais e identidades de g\u00eanero. Quem [&hellip;]<\/p>\n","protected":false},"author":2,"featured_media":326554,"comment_status":"closed","ping_status":"closed","sticky":false,"template":"","format":"standard","meta":{"_acf_changed":false,"footnotes":""},"categories":[161],"tags":[],"class_list":["post-326553","post","type-post","status-publish","format-standard","has-post-thumbnail","hentry","category-quadradinho-em-foco"],"acf":[],"yoast_head":"<!-- This site is optimized with the Yoast SEO plugin v27.5 - https:\/\/yoast.com\/product\/yoast-seo-wordpress\/ -->\n<title>Inscri\u00e7\u00e3o para atendimento psicol\u00f3gico de LGBT termina nesta sexta - Notibras<\/title>\n<meta name=\"robots\" content=\"index, follow, max-snippet:-1, max-image-preview:large, max-video-preview:-1\" \/>\n<link rel=\"canonical\" href=\"https:\/\/www.notibras.com\/site\/inscricao-para-atendimento-psicologico-de-lgbt-termina-nesta-sexta\/\" \/>\n<meta property=\"og:locale\" content=\"pt_BR\" \/>\n<meta property=\"og:type\" content=\"article\" \/>\n<meta property=\"og:title\" content=\"Inscri\u00e7\u00e3o para atendimento psicol\u00f3gico de LGBT termina nesta sexta - Notibras\" \/>\n<meta property=\"og:description\" content=\"O coletivo de artistas drags do Distrito Federal, Distrito Drag, e o Minist\u00e9rio dos Direitos Humanos e da Cidadania (MDHC) oferecer\u00e3o atendimento gratuito especializado em psicologia pelo projeto Sa\u00fade Sem Preconceito ao p\u00fablico LGBTQIA+. A sigla faz refer\u00eancia a l\u00e9sbicas, gays, bissexuais, transexuais, queer, intersexuais, assexuais e demais orienta\u00e7\u00f5es sexuais e identidades de g\u00eanero. Quem [&hellip;]\" \/>\n<meta property=\"og:url\" content=\"https:\/\/www.notibras.com\/site\/inscricao-para-atendimento-psicologico-de-lgbt-termina-nesta-sexta\/\" \/>\n<meta property=\"og:site_name\" content=\"Notibras\" \/>\n<meta property=\"article:publisher\" content=\"https:\/\/www.facebook.com\/notibras\/\" \/>\n<meta property=\"article:published_time\" content=\"2024-04-12T03:00:22+00:00\" \/>\n<meta property=\"article:modified_time\" content=\"2024-04-12T12:35:16+00:00\" \/>\n<meta property=\"og:image\" content=\"https:\/\/www.notibras.com\/site\/wp-content\/uploads\/2024\/04\/gays.psi_.df_.webp\" \/>\n\t<meta property=\"og:image:width\" content=\"1170\" \/>\n\t<meta property=\"og:image:height\" content=\"700\" \/>\n\t<meta property=\"og:image:type\" content=\"image\/webp\" \/>\n<meta name=\"author\" content=\"Reda\u00e7\u00e3o\" \/>\n<meta name=\"twitter:card\" content=\"summary_large_image\" \/>\n<meta name=\"twitter:creator\" content=\"@Notibras\" \/>\n<meta name=\"twitter:site\" content=\"@Notibras\" \/>\n<meta name=\"twitter:label1\" content=\"Escrito por\" \/>\n\t<meta name=\"twitter:data1\" content=\"Reda\u00e7\u00e3o\" \/>\n\t<meta name=\"twitter:label2\" content=\"Est. tempo de leitura\" \/>\n\t<meta name=\"twitter:data2\" content=\"2 minutos\" \/>\n<script type=\"application\/ld+json\" class=\"yoast-schema-graph\">{\"@context\":\"https:\\\/\\\/schema.org\",\"@graph\":[{\"@type\":\"Article\",\"@id\":\"https:\\\/\\\/www.notibras.com\\\/site\\\/inscricao-para-atendimento-psicologico-de-lgbt-termina-nesta-sexta\\\/#article\",\"isPartOf\":{\"@id\":\"https:\\\/\\\/www.notibras.com\\\/site\\\/inscricao-para-atendimento-psicologico-de-lgbt-termina-nesta-sexta\\\/\"},\"author\":{\"name\":\"Reda\u00e7\u00e3o\",\"@id\":\"https:\\\/\\\/www.notibras.com\\\/site\\\/#\\\/schema\\\/person\\\/36ab0979449956132d3e5b517ea76ac8\"},\"headline\":\"Inscri\u00e7\u00e3o para atendimento psicol\u00f3gico de LGBT termina nesta sexta\",\"datePublished\":\"2024-04-12T03:00:22+00:00\",\"dateModified\":\"2024-04-12T12:35:16+00:00\",\"mainEntityOfPage\":{\"@id\":\"https:\\\/\\\/www.notibras.com\\\/site\\\/inscricao-para-atendimento-psicologico-de-lgbt-termina-nesta-sexta\\\/\"},\"wordCount\":283,\"publisher\":{\"@id\":\"https:\\\/\\\/www.notibras.com\\\/site\\\/#organization\"},\"image\":{\"@id\":\"https:\\\/\\\/www.notibras.com\\\/site\\\/inscricao-para-atendimento-psicologico-de-lgbt-termina-nesta-sexta\\\/#primaryimage\"},\"thumbnailUrl\":\"https:\\\/\\\/www.notibras.com\\\/site\\\/wp-content\\\/uploads\\\/2024\\\/04\\\/gays.psi_.df_.webp\",\"articleSection\":[\"Quadradinho em Foco\"],\"inLanguage\":\"pt-BR\"},{\"@type\":\"WebPage\",\"@id\":\"https:\\\/\\\/www.notibras.com\\\/site\\\/inscricao-para-atendimento-psicologico-de-lgbt-termina-nesta-sexta\\\/\",\"url\":\"https:\\\/\\\/www.notibras.com\\\/site\\\/inscricao-para-atendimento-psicologico-de-lgbt-termina-nesta-sexta\\\/\",\"name\":\"Inscri\u00e7\u00e3o para atendimento psicol\u00f3gico de LGBT termina nesta sexta - Notibras\",\"isPartOf\":{\"@id\":\"https:\\\/\\\/www.notibras.com\\\/site\\\/#website\"},\"primaryImageOfPage\":{\"@id\":\"https:\\\/\\\/www.notibras.com\\\/site\\\/inscricao-para-atendimento-psicologico-de-lgbt-termina-nesta-sexta\\\/#primaryimage\"},\"image\":{\"@id\":\"https:\\\/\\\/www.notibras.com\\\/site\\\/inscricao-para-atendimento-psicologico-de-lgbt-termina-nesta-sexta\\\/#primaryimage\"},\"thumbnailUrl\":\"https:\\\/\\\/www.notibras.com\\\/site\\\/wp-content\\\/uploads\\\/2024\\\/04\\\/gays.psi_.df_.webp\",\"datePublished\":\"2024-04-12T03:00:22+00:00\",\"dateModified\":\"2024-04-12T12:35:16+00:00\",\"breadcrumb\":{\"@id\":\"https:\\\/\\\/www.notibras.com\\\/site\\\/inscricao-para-atendimento-psicologico-de-lgbt-termina-nesta-sexta\\\/#breadcrumb\"},\"inLanguage\":\"pt-BR\",\"potentialAction\":[{\"@type\":\"ReadAction\",\"target\":[\"https:\\\/\\\/www.notibras.com\\\/site\\\/inscricao-para-atendimento-psicologico-de-lgbt-termina-nesta-sexta\\\/\"]}]},{\"@type\":\"ImageObject\",\"inLanguage\":\"pt-BR\",\"@id\":\"https:\\\/\\\/www.notibras.com\\\/site\\\/inscricao-para-atendimento-psicologico-de-lgbt-termina-nesta-sexta\\\/#primaryimage\",\"url\":\"https:\\\/\\\/www.notibras.com\\\/site\\\/wp-content\\\/uploads\\\/2024\\\/04\\\/gays.psi_.df_.webp\",\"contentUrl\":\"https:\\\/\\\/www.notibras.com\\\/site\\\/wp-content\\\/uploads\\\/2024\\\/04\\\/gays.psi_.df_.webp\",\"width\":1170,\"height\":700},{\"@type\":\"BreadcrumbList\",\"@id\":\"https:\\\/\\\/www.notibras.com\\\/site\\\/inscricao-para-atendimento-psicologico-de-lgbt-termina-nesta-sexta\\\/#breadcrumb\",\"itemListElement\":[{\"@type\":\"ListItem\",\"position\":1,\"name\":\"In\u00edcio\",\"item\":\"https:\\\/\\\/www.notibras.com\\\/site\\\/\"},{\"@type\":\"ListItem\",\"position\":2,\"name\":\"Inscri\u00e7\u00e3o para atendimento psicol\u00f3gico de LGBT termina nesta sexta\"}]},{\"@type\":\"WebSite\",\"@id\":\"https:\\\/\\\/www.notibras.com\\\/site\\\/#website\",\"url\":\"https:\\\/\\\/www.notibras.com\\\/site\\\/\",\"name\":\"Notibras\",\"description\":\"Not\u00edcias de Bras\u00edlia, do Brasil e do Mundo\",\"publisher\":{\"@id\":\"https:\\\/\\\/www.notibras.com\\\/site\\\/#organization\"},\"potentialAction\":[{\"@type\":\"SearchAction\",\"target\":{\"@type\":\"EntryPoint\",\"urlTemplate\":\"https:\\\/\\\/www.notibras.com\\\/site\\\/?s={search_term_string}\"},\"query-input\":{\"@type\":\"PropertyValueSpecification\",\"valueRequired\":true,\"valueName\":\"search_term_string\"}}],\"inLanguage\":\"pt-BR\"},{\"@type\":\"Organization\",\"@id\":\"https:\\\/\\\/www.notibras.com\\\/site\\\/#organization\",\"name\":\"Grupo Notibras de Comunica\u00e7\u00e3o\",\"url\":\"https:\\\/\\\/www.notibras.com\\\/site\\\/\",\"logo\":{\"@type\":\"ImageObject\",\"inLanguage\":\"pt-BR\",\"@id\":\"https:\\\/\\\/www.notibras.com\\\/site\\\/#\\\/schema\\\/logo\\\/image\\\/\",\"url\":\"https:\\\/\\\/www.notibras.com\\\/site\\\/wp-content\\\/uploads\\\/2023\\\/01\\\/notibras23.png\",\"contentUrl\":\"https:\\\/\\\/www.notibras.com\\\/site\\\/wp-content\\\/uploads\\\/2023\\\/01\\\/notibras23.png\",\"width\":350,\"height\":87,\"caption\":\"Grupo Notibras de Comunica\u00e7\u00e3o\"},\"image\":{\"@id\":\"https:\\\/\\\/www.notibras.com\\\/site\\\/#\\\/schema\\\/logo\\\/image\\\/\"},\"sameAs\":[\"https:\\\/\\\/www.facebook.com\\\/notibras\\\/\",\"https:\\\/\\\/x.com\\\/Notibras\",\"https:\\\/\\\/www.instagram.com\\\/notibras\\\/\"]},{\"@type\":\"Person\",\"@id\":\"https:\\\/\\\/www.notibras.com\\\/site\\\/#\\\/schema\\\/person\\\/36ab0979449956132d3e5b517ea76ac8\",\"name\":\"Reda\u00e7\u00e3o\",\"image\":{\"@type\":\"ImageObject\",\"inLanguage\":\"pt-BR\",\"@id\":\"https:\\\/\\\/secure.gravatar.com\\\/avatar\\\/e0a867bdedb85fd243eadf09663511f96fc81e0720a4a42581f334ad4303aa6b?s=96&d=mm&r=g\",\"url\":\"https:\\\/\\\/secure.gravatar.com\\\/avatar\\\/e0a867bdedb85fd243eadf09663511f96fc81e0720a4a42581f334ad4303aa6b?s=96&d=mm&r=g\",\"contentUrl\":\"https:\\\/\\\/secure.gravatar.com\\\/avatar\\\/e0a867bdedb85fd243eadf09663511f96fc81e0720a4a42581f334ad4303aa6b?s=96&d=mm&r=g\",\"caption\":\"Reda\u00e7\u00e3o\"}}]}<\/script>\n<!-- \/ Yoast SEO plugin. -->","yoast_head_json":{"title":"Inscri\u00e7\u00e3o para atendimento psicol\u00f3gico de LGBT termina nesta sexta - Notibras","robots":{"index":"index","follow":"follow","max-snippet":"max-snippet:-1","max-image-preview":"max-image-preview:large","max-video-preview":"max-video-preview:-1"},"canonical":"https:\/\/www.notibras.com\/site\/inscricao-para-atendimento-psicologico-de-lgbt-termina-nesta-sexta\/","og_locale":"pt_BR","og_type":"article","og_title":"Inscri\u00e7\u00e3o para atendimento psicol\u00f3gico de LGBT termina nesta sexta - Notibras","og_description":"O coletivo de artistas drags do Distrito Federal, Distrito Drag, e o Minist\u00e9rio dos Direitos Humanos e da Cidadania (MDHC) oferecer\u00e3o atendimento gratuito especializado em psicologia pelo projeto Sa\u00fade Sem Preconceito ao p\u00fablico LGBTQIA+. A sigla faz refer\u00eancia a l\u00e9sbicas, gays, bissexuais, transexuais, queer, intersexuais, assexuais e demais orienta\u00e7\u00f5es sexuais e identidades de g\u00eanero. Quem [&hellip;]","og_url":"https:\/\/www.notibras.com\/site\/inscricao-para-atendimento-psicologico-de-lgbt-termina-nesta-sexta\/","og_site_name":"Notibras","article_publisher":"https:\/\/www.facebook.com\/notibras\/","article_published_time":"2024-04-12T03:00:22+00:00","article_modified_time":"2024-04-12T12:35:16+00:00","og_image":[{"width":1170,"height":700,"url":"https:\/\/www.notibras.com\/site\/wp-content\/uploads\/2024\/04\/gays.psi_.df_.webp","type":"image\/webp"}],"author":"Reda\u00e7\u00e3o","twitter_card":"summary_large_image","twitter_creator":"@Notibras","twitter_site":"@Notibras","twitter_misc":{"Escrito por":"Reda\u00e7\u00e3o","Est. tempo de leitura":"2 minutos"},"schema":{"@context":"https:\/\/schema.org","@graph":[{"@type":"Article","@id":"https:\/\/www.notibras.com\/site\/inscricao-para-atendimento-psicologico-de-lgbt-termina-nesta-sexta\/#article","isPartOf":{"@id":"https:\/\/www.notibras.com\/site\/inscricao-para-atendimento-psicologico-de-lgbt-termina-nesta-sexta\/"},"author":{"name":"Reda\u00e7\u00e3o","@id":"https:\/\/www.notibras.com\/site\/#\/schema\/person\/36ab0979449956132d3e5b517ea76ac8"},"headline":"Inscri\u00e7\u00e3o para atendimento psicol\u00f3gico de LGBT termina nesta sexta","datePublished":"2024-04-12T03:00:22+00:00","dateModified":"2024-04-12T12:35:16+00:00","mainEntityOfPage":{"@id":"https:\/\/www.notibras.com\/site\/inscricao-para-atendimento-psicologico-de-lgbt-termina-nesta-sexta\/"},"wordCount":283,"publisher":{"@id":"https:\/\/www.notibras.com\/site\/#organization"},"image":{"@id":"https:\/\/www.notibras.com\/site\/inscricao-para-atendimento-psicologico-de-lgbt-termina-nesta-sexta\/#primaryimage"},"thumbnailUrl":"https:\/\/www.notibras.com\/site\/wp-content\/uploads\/2024\/04\/gays.psi_.df_.webp","articleSection":["Quadradinho em Foco"],"inLanguage":"pt-BR"},{"@type":"WebPage","@id":"https:\/\/www.notibras.com\/site\/inscricao-para-atendimento-psicologico-de-lgbt-termina-nesta-sexta\/","url":"https:\/\/www.notibras.com\/site\/inscricao-para-atendimento-psicologico-de-lgbt-termina-nesta-sexta\/","name":"Inscri\u00e7\u00e3o para atendimento psicol\u00f3gico de LGBT termina nesta sexta - Notibras","isPartOf":{"@id":"https:\/\/www.notibras.com\/site\/#website"},"primaryImageOfPage":{"@id":"https:\/\/www.notibras.com\/site\/inscricao-para-atendimento-psicologico-de-lgbt-termina-nesta-sexta\/#primaryimage"},"image":{"@id":"https:\/\/www.notibras.com\/site\/inscricao-para-atendimento-psicologico-de-lgbt-termina-nesta-sexta\/#primaryimage"},"thumbnailUrl":"https:\/\/www.notibras.com\/site\/wp-content\/uploads\/2024\/04\/gays.psi_.df_.webp","datePublished":"2024-04-12T03:00:22+00:00","dateModified":"2024-04-12T12:35:16+00:00","breadcrumb":{"@id":"https:\/\/www.notibras.com\/site\/inscricao-para-atendimento-psicologico-de-lgbt-termina-nesta-sexta\/#breadcrumb"},"inLanguage":"pt-BR","potentialAction":[{"@type":"ReadAction","target":["https:\/\/www.notibras.com\/site\/inscricao-para-atendimento-psicologico-de-lgbt-termina-nesta-sexta\/"]}]},{"@type":"ImageObject","inLanguage":"pt-BR","@id":"https:\/\/www.notibras.com\/site\/inscricao-para-atendimento-psicologico-de-lgbt-termina-nesta-sexta\/#primaryimage","url":"https:\/\/www.notibras.com\/site\/wp-content\/uploads\/2024\/04\/gays.psi_.df_.webp","contentUrl":"https:\/\/www.notibras.com\/site\/wp-content\/uploads\/2024\/04\/gays.psi_.df_.webp","width":1170,"height":700},{"@type":"BreadcrumbList","@id":"https:\/\/www.notibras.com\/site\/inscricao-para-atendimento-psicologico-de-lgbt-termina-nesta-sexta\/#breadcrumb","itemListElement":[{"@type":"ListItem","position":1,"name":"In\u00edcio","item":"https:\/\/www.notibras.com\/site\/"},{"@type":"ListItem","position":2,"name":"Inscri\u00e7\u00e3o para atendimento psicol\u00f3gico de LGBT termina nesta sexta"}]},{"@type":"WebSite","@id":"https:\/\/www.notibras.com\/site\/#website","url":"https:\/\/www.notibras.com\/site\/","name":"Notibras","description":"Not\u00edcias de Bras\u00edlia, do Brasil e do Mundo","publisher":{"@id":"https:\/\/www.notibras.com\/site\/#organization"},"potentialAction":[{"@type":"SearchAction","target":{"@type":"EntryPoint","urlTemplate":"https:\/\/www.notibras.com\/site\/?s={search_term_string}"},"query-input":{"@type":"PropertyValueSpecification","valueRequired":true,"valueName":"search_term_string"}}],"inLanguage":"pt-BR"},{"@type":"Organization","@id":"https:\/\/www.notibras.com\/site\/#organization","name":"Grupo Notibras de Comunica\u00e7\u00e3o","url":"https:\/\/www.notibras.com\/site\/","logo":{"@type":"ImageObject","inLanguage":"pt-BR","@id":"https:\/\/www.notibras.com\/site\/#\/schema\/logo\/image\/","url":"https:\/\/www.notibras.com\/site\/wp-content\/uploads\/2023\/01\/notibras23.png","contentUrl":"https:\/\/www.notibras.com\/site\/wp-content\/uploads\/2023\/01\/notibras23.png","width":350,"height":87,"caption":"Grupo Notibras de Comunica\u00e7\u00e3o"},"image":{"@id":"https:\/\/www.notibras.com\/site\/#\/schema\/logo\/image\/"},"sameAs":["https:\/\/www.facebook.com\/notibras\/","https:\/\/x.com\/Notibras","https:\/\/www.instagram.com\/notibras\/"]},{"@type":"Person","@id":"https:\/\/www.notibras.com\/site\/#\/schema\/person\/36ab0979449956132d3e5b517ea76ac8","name":"Reda\u00e7\u00e3o","image":{"@type":"ImageObject","inLanguage":"pt-BR","@id":"https:\/\/secure.gravatar.com\/avatar\/e0a867bdedb85fd243eadf09663511f96fc81e0720a4a42581f334ad4303aa6b?s=96&d=mm&r=g","url":"https:\/\/secure.gravatar.com\/avatar\/e0a867bdedb85fd243eadf09663511f96fc81e0720a4a42581f334ad4303aa6b?s=96&d=mm&r=g","contentUrl":"https:\/\/secure.gravatar.com\/avatar\/e0a867bdedb85fd243eadf09663511f96fc81e0720a4a42581f334ad4303aa6b?s=96&d=mm&r=g","caption":"Reda\u00e7\u00e3o"}}]}},"amp_enabled":true,"_links":{"self":[{"href":"https:\/\/www.notibras.com\/site\/wp-json\/wp\/v2\/posts\/326553","targetHints":{"allow":["GET"]}}],"collection":[{"href":"https:\/\/www.notibras.com\/site\/wp-json\/wp\/v2\/posts"}],"about":[{"href":"https:\/\/www.notibras.com\/site\/wp-json\/wp\/v2\/types\/post"}],"author":[{"embeddable":true,"href":"https:\/\/www.notibras.com\/site\/wp-json\/wp\/v2\/users\/2"}],"replies":[{"embeddable":true,"href":"https:\/\/www.notibras.com\/site\/wp-json\/wp\/v2\/comments?post=326553"}],"version-history":[{"count":1,"href":"https:\/\/www.notibras.com\/site\/wp-json\/wp\/v2\/posts\/326553\/revisions"}],"predecessor-version":[{"id":326555,"href":"https:\/\/www.notibras.com\/site\/wp-json\/wp\/v2\/posts\/326553\/revisions\/326555"}],"wp:featuredmedia":[{"embeddable":true,"href":"https:\/\/www.notibras.com\/site\/wp-json\/wp\/v2\/media\/326554"}],"wp:attachment":[{"href":"https:\/\/www.notibras.com\/site\/wp-json\/wp\/v2\/media?parent=326553"}],"wp:term":[{"taxonomy":"category","embeddable":true,"href":"https:\/\/www.notibras.com\/site\/wp-json\/wp\/v2\/categories?post=326553"},{"taxonomy":"post_tag","embeddable":true,"href":"https:\/\/www.notibras.com\/site\/wp-json\/wp\/v2\/tags?post=326553"}],"curies":[{"name":"wp","href":"https:\/\/api.w.org\/{rel}","templated":true}]}}