{"id":326556,"date":"2024-04-12T00:00:48","date_gmt":"2024-04-12T03:00:48","guid":{"rendered":"https:\/\/www.notibras.com\/site\/?p=326556"},"modified":"2024-04-12T09:41:01","modified_gmt":"2024-04-12T12:41:01","slug":"candidatos-saberao-os-locais-das-provas-no-dia-25-de-abril","status":"publish","type":"post","link":"https:\/\/www.notibras.com\/site\/candidatos-saberao-os-locais-das-provas-no-dia-25-de-abril\/","title":{"rendered":"Candidatos saber\u00e3o os locais das provas no dia 25 de abril"},"content":{"rendered":"<p>A ministra da Gest\u00e3o e da Inova\u00e7\u00e3o em Servi\u00e7os P\u00fablicos (MGI), Esther Dweck, disse nesta quinta-feira (11) que a partir de 25 de abril, os 2,144 milh\u00f5es de inscritos no Concurso P\u00fablico Nacional Unificado (CNPU) poder\u00e3o ver no Cart\u00e3o de Confirma\u00e7\u00e3o de Inscri\u00e7\u00e3o o local onde far\u00e3o as provas nos per\u00edodos da manh\u00e3 e tarde. A prova est\u00e1 marcada para o dia 5 de maio.<\/p>\n<p>O Cart\u00e3o de Confirma\u00e7\u00e3o de Inscri\u00e7\u00e3o ser\u00e1 disponibilizado online, pela plataforma Gov.br., na p\u00e1gina do candidato, pela Funda\u00e7\u00e3o Cesgranrio, a banca organizadora. O documento individual, com n\u00famero de Inscri\u00e7\u00e3o, comprova a regularidade da inscri\u00e7\u00e3o do candidato que pagou a taxa de inscri\u00e7\u00e3o.<\/p>\n<p>Ao acess\u00e1-lo, o candidato poder\u00e1 ter informa\u00e7\u00f5es como endere\u00e7o do local e n\u00famero da sala onde ser\u00e3o aplicadas as provas, hor\u00e1rio de abertura e fechamento dos port\u00f5es; orienta\u00e7\u00f5es gerais para a realiza\u00e7\u00e3o das avalia\u00e7\u00f5es; e dados sobre tratamento diferenciado para realiza\u00e7\u00e3o das provas, como quest\u00e3o de acessibilidade, para pessoas com defici\u00eancia (PcD). O cart\u00e3o de inscri\u00e7\u00e3o n\u00e3o ser\u00e1 enviado para a casa dos candidatos.<\/p>\n<p>As declara\u00e7\u00f5es da ministra foram dadas em entrevista ao programa Bom Dia, Ministra, produzido pelo Canal Gov, da Empresa Brasil de Comunica\u00e7\u00e3o (EBC), nesta quinta-feira (11). \u201c\u00c9 superimportante que as pessoas n\u00e3o deixem para a \u00faltima hora para ver isso, para que elas possam saber onde v\u00e3o fazer a prova. Se elas ainda n\u00e3o conhecem o local, a gente recomenda que v\u00e1 antes para conhecer, ver como \u00e9 que chega, quanto tempo demora de casa.\u201d ressalta a ministra.<\/p>\n<p>\u201cO mais importante \u00e9 chegar cedo para n\u00e3o ter aquela cena de Indiana Jones e ter que se jogar embaixo do port\u00e3o\u201d, recomenda aos candidatos a ministra do MGI, Esther Dweck.<\/p>\n<p>Entre os dias 25 de abril e 4 de maio, v\u00e9spera do concurso, a Cesgranrio prestar\u00e1 atendimento aos candidatos com d\u00favidas sobre os locais de provas, vagas reservadas ou tratamento diferenciado durante a aplica\u00e7\u00e3o das avalia\u00e7\u00f5es, entre outras situa\u00e7\u00f5es.<\/p>\n<p><strong>Localidades<\/strong><br \/>\nAo todo, 228 munic\u00edpios espalhados em todos os estados, mais o Distrito Federal, v\u00e3o sediar as provas do certame. Foram selecionadas cidades com mais de 100 mil habitantes. O local escrito no cart\u00e3o do candidato deve ser o mesmo escolhido a no ato de inscri\u00e7\u00e3o. Em caso de erro na identifica\u00e7\u00e3o da cidade, a ministra orienta a comunica\u00e7\u00e3o imediata do problema \u00e0 empresa contratada para organizar o concurso para que a localidade seja corrigida.<\/p>\n<p>A ministra alerta, no entanto, que a cidade escolhida n\u00e3o poder\u00e1 ser alterada e brincou. \u201cPor conta do show da Madonna, tem gente querendo fazer a prova no Rio. Quem n\u00e3o escolheu o Rio, n\u00e3o vai poder trocar para fazer a prova l\u00e1, no domingo. Ent\u00e3o, tem que fazer no local onde escolheu. S\u00f3 pode corrigir, caso o local que ela escolheu n\u00e3o seja o que esteja l\u00e1. Mas, isso n\u00e3o tende a acontecer\u201d.<\/p>\n<p>Se, em 25 de abril, portanto, dez dias antes da realiza\u00e7\u00e3o das provas do CNPU, algum candidato n\u00e3o conseguir acessar o Cart\u00e3o de Confirma\u00e7\u00e3o de Inscri\u00e7\u00e3o, a orienta\u00e7\u00e3o do minist\u00e9rio \u00e9 que entre em contato, com brevidade, diretamente com a Funda\u00e7\u00e3o Cesgranrio por e-mail (cpnu@cesgranrio.org.br ) ou pelo telefone de suporte das 9h \u00e0s 17h: 0800 701 2028.<\/p>\n<p><strong>Log\u00edstica a seguran\u00e7a<\/strong><br \/>\nDurante a entrevista, a ministra ainda destacou o apoio de intelig\u00eancia, log\u00edstico e de seguran\u00e7a para a efetiva realiza\u00e7\u00e3o das provas do chamado Enem dos Concursos.<\/p>\n<p>Os procedimentos de organiza\u00e7\u00e3o e seguran\u00e7a do concurso unificado ser\u00e3o parecidos com os adotados durante a aplica\u00e7\u00e3o do Exame Nacional do Ensino M\u00e9dio (Enem).<\/p>\n<p>O esquema de seguran\u00e7a foi elaborado pela Ag\u00eancia Brasileira de Intelig\u00eancia (Abin) e contar\u00e1 com o acompanhamento operacional do Minist\u00e9rio da Justi\u00e7a e Seguran\u00e7a P\u00fablica, por meio da das Pol\u00edcias Federal (PF) e Rodovi\u00e1ria Federal (PRF), For\u00e7a Nacional, da Casa Civil da Presid\u00eancia da Rep\u00fablica, al\u00e9m dos \u00f3rg\u00e3os locais das secretarias estaduais de seguran\u00e7a p\u00fablica, como as pol\u00edcias militar, civil e do corpo de bombeiros.<\/p>\n<p>Em alguns locais, haver\u00e1 detectores de metal e de pontos eletr\u00f4nicos, que t\u00eam uso proibido durante as provas, sob pena de pris\u00e3o do candidato que cometer a irregularidade. Durante a realiza\u00e7\u00e3o do concurso, a organiza\u00e7\u00e3o recolher\u00e1, em sala, a biometria de todos os candidatos para garantir evitar fraudes.<\/p>\n<p>A previs\u00e3o da organiza\u00e7\u00e3o do concurso \u00e9 de que a distribui\u00e7\u00e3o dos cadernos de provas objetivas, discursiva e de reda\u00e7\u00e3o seja iniciada com 48 horas de anteced\u00eancia \u00e0s provas.<\/p>\n<p>O processo de distribui\u00e7\u00e3o das provas do certame contar\u00e1 com o apoio dos Correios. A vigil\u00e2ncia dos cadernos de provas ocorrer\u00e1 durante a guarda do material, entrega nas salas de provas, at\u00e9 a devolu\u00e7\u00e3o \u00e0 Cesgranrio para a corre\u00e7\u00e3o.<\/p>\n<p><strong>Concurso unificado<\/strong><br \/>\nO Concurso Nacional Unificado tem 2,144 milh\u00f5es de inscritos confirmados (pagantes e isentos). As mulheres s\u00e3o maioria dos candidatos, 56%.<\/p>\n<p>Juntos, todos os candidatos disputar\u00e3o 6.640 vagas em 21 \u00f3rg\u00e3os federais. A remunera\u00e7\u00e3o inicial \u00e9 de at\u00e9 R$ 22,9 mil.<\/p>\n","protected":false},"excerpt":{"rendered":"<p>A ministra da Gest\u00e3o e da Inova\u00e7\u00e3o em Servi\u00e7os P\u00fablicos (MGI), Esther Dweck, disse nesta quinta-feira (11) que a partir de 25 de abril, os 2,144 milh\u00f5es de inscritos no Concurso P\u00fablico Nacional Unificado (CNPU) poder\u00e3o ver no Cart\u00e3o de Confirma\u00e7\u00e3o de Inscri\u00e7\u00e3o o local onde far\u00e3o as provas nos per\u00edodos da manh\u00e3 e tarde. [&hellip;]<\/p>\n","protected":false},"author":2,"featured_media":311843,"comment_status":"closed","ping_status":"closed","sticky":false,"template":"","format":"standard","meta":{"_acf_changed":false,"footnotes":""},"categories":[161],"tags":[],"class_list":["post-326556","post","type-post","status-publish","format-standard","has-post-thumbnail","hentry","category-quadradinho-em-foco"],"acf":[],"yoast_head":"<!-- This site is optimized with the Yoast SEO plugin v27.5 - https:\/\/yoast.com\/product\/yoast-seo-wordpress\/ -->\n<title>Candidatos saber\u00e3o os locais das provas no dia 25 de abril - Notibras<\/title>\n<meta name=\"robots\" content=\"index, follow, max-snippet:-1, max-image-preview:large, max-video-preview:-1\" \/>\n<link rel=\"canonical\" href=\"https:\/\/www.notibras.com\/site\/candidatos-saberao-os-locais-das-provas-no-dia-25-de-abril\/\" \/>\n<meta property=\"og:locale\" content=\"pt_BR\" \/>\n<meta property=\"og:type\" content=\"article\" \/>\n<meta property=\"og:title\" content=\"Candidatos saber\u00e3o os locais das provas no dia 25 de abril - Notibras\" \/>\n<meta property=\"og:description\" content=\"A ministra da Gest\u00e3o e da Inova\u00e7\u00e3o em Servi\u00e7os P\u00fablicos (MGI), Esther Dweck, disse nesta quinta-feira (11) que a partir de 25 de abril, os 2,144 milh\u00f5es de inscritos no Concurso P\u00fablico Nacional Unificado (CNPU) poder\u00e3o ver no Cart\u00e3o de Confirma\u00e7\u00e3o de Inscri\u00e7\u00e3o o local onde far\u00e3o as provas nos per\u00edodos da manh\u00e3 e tarde. [&hellip;]\" \/>\n<meta property=\"og:url\" content=\"https:\/\/www.notibras.com\/site\/candidatos-saberao-os-locais-das-provas-no-dia-25-de-abril\/\" \/>\n<meta property=\"og:site_name\" content=\"Notibras\" \/>\n<meta property=\"article:publisher\" content=\"https:\/\/www.facebook.com\/notibras\/\" \/>\n<meta property=\"article:published_time\" content=\"2024-04-12T03:00:48+00:00\" \/>\n<meta property=\"article:modified_time\" content=\"2024-04-12T12:41:01+00:00\" \/>\n<meta property=\"og:image\" content=\"https:\/\/www.notibras.com\/site\/wp-content\/uploads\/2023\/08\/pzzb0189.jpg\" \/>\n\t<meta property=\"og:image:width\" content=\"1170\" \/>\n\t<meta property=\"og:image:height\" content=\"700\" \/>\n\t<meta property=\"og:image:type\" content=\"image\/jpeg\" \/>\n<meta name=\"author\" content=\"Reda\u00e7\u00e3o\" \/>\n<meta name=\"twitter:card\" content=\"summary_large_image\" \/>\n<meta name=\"twitter:creator\" content=\"@Notibras\" \/>\n<meta name=\"twitter:site\" content=\"@Notibras\" \/>\n<meta name=\"twitter:label1\" content=\"Escrito por\" \/>\n\t<meta name=\"twitter:data1\" content=\"Reda\u00e7\u00e3o\" \/>\n\t<meta name=\"twitter:label2\" content=\"Est. tempo de leitura\" \/>\n\t<meta name=\"twitter:data2\" content=\"5 minutos\" \/>\n<script type=\"application\/ld+json\" class=\"yoast-schema-graph\">{\"@context\":\"https:\\\/\\\/schema.org\",\"@graph\":[{\"@type\":\"Article\",\"@id\":\"https:\\\/\\\/www.notibras.com\\\/site\\\/candidatos-saberao-os-locais-das-provas-no-dia-25-de-abril\\\/#article\",\"isPartOf\":{\"@id\":\"https:\\\/\\\/www.notibras.com\\\/site\\\/candidatos-saberao-os-locais-das-provas-no-dia-25-de-abril\\\/\"},\"author\":{\"name\":\"Reda\u00e7\u00e3o\",\"@id\":\"https:\\\/\\\/www.notibras.com\\\/site\\\/#\\\/schema\\\/person\\\/36ab0979449956132d3e5b517ea76ac8\"},\"headline\":\"Candidatos saber\u00e3o os locais das provas no dia 25 de abril\",\"datePublished\":\"2024-04-12T03:00:48+00:00\",\"dateModified\":\"2024-04-12T12:41:01+00:00\",\"mainEntityOfPage\":{\"@id\":\"https:\\\/\\\/www.notibras.com\\\/site\\\/candidatos-saberao-os-locais-das-provas-no-dia-25-de-abril\\\/\"},\"wordCount\":905,\"publisher\":{\"@id\":\"https:\\\/\\\/www.notibras.com\\\/site\\\/#organization\"},\"image\":{\"@id\":\"https:\\\/\\\/www.notibras.com\\\/site\\\/candidatos-saberao-os-locais-das-provas-no-dia-25-de-abril\\\/#primaryimage\"},\"thumbnailUrl\":\"https:\\\/\\\/www.notibras.com\\\/site\\\/wp-content\\\/uploads\\\/2023\\\/08\\\/pzzb0189.jpg\",\"articleSection\":[\"Quadradinho em Foco\"],\"inLanguage\":\"pt-BR\"},{\"@type\":\"WebPage\",\"@id\":\"https:\\\/\\\/www.notibras.com\\\/site\\\/candidatos-saberao-os-locais-das-provas-no-dia-25-de-abril\\\/\",\"url\":\"https:\\\/\\\/www.notibras.com\\\/site\\\/candidatos-saberao-os-locais-das-provas-no-dia-25-de-abril\\\/\",\"name\":\"Candidatos saber\u00e3o os locais das provas no dia 25 de abril - Notibras\",\"isPartOf\":{\"@id\":\"https:\\\/\\\/www.notibras.com\\\/site\\\/#website\"},\"primaryImageOfPage\":{\"@id\":\"https:\\\/\\\/www.notibras.com\\\/site\\\/candidatos-saberao-os-locais-das-provas-no-dia-25-de-abril\\\/#primaryimage\"},\"image\":{\"@id\":\"https:\\\/\\\/www.notibras.com\\\/site\\\/candidatos-saberao-os-locais-das-provas-no-dia-25-de-abril\\\/#primaryimage\"},\"thumbnailUrl\":\"https:\\\/\\\/www.notibras.com\\\/site\\\/wp-content\\\/uploads\\\/2023\\\/08\\\/pzzb0189.jpg\",\"datePublished\":\"2024-04-12T03:00:48+00:00\",\"dateModified\":\"2024-04-12T12:41:01+00:00\",\"breadcrumb\":{\"@id\":\"https:\\\/\\\/www.notibras.com\\\/site\\\/candidatos-saberao-os-locais-das-provas-no-dia-25-de-abril\\\/#breadcrumb\"},\"inLanguage\":\"pt-BR\",\"potentialAction\":[{\"@type\":\"ReadAction\",\"target\":[\"https:\\\/\\\/www.notibras.com\\\/site\\\/candidatos-saberao-os-locais-das-provas-no-dia-25-de-abril\\\/\"]}]},{\"@type\":\"ImageObject\",\"inLanguage\":\"pt-BR\",\"@id\":\"https:\\\/\\\/www.notibras.com\\\/site\\\/candidatos-saberao-os-locais-das-provas-no-dia-25-de-abril\\\/#primaryimage\",\"url\":\"https:\\\/\\\/www.notibras.com\\\/site\\\/wp-content\\\/uploads\\\/2023\\\/08\\\/pzzb0189.jpg\",\"contentUrl\":\"https:\\\/\\\/www.notibras.com\\\/site\\\/wp-content\\\/uploads\\\/2023\\\/08\\\/pzzb0189.jpg\",\"width\":1170,\"height\":700,\"caption\":\"Bras\u00edlia - 22.05.2023 - Foto Esplanada dos Minist\u00e9rios, em Bras\u00edlia. Foto: Ant\u00f4nio Cruz\\\/ Ag\u00eancia Brasil\"},{\"@type\":\"BreadcrumbList\",\"@id\":\"https:\\\/\\\/www.notibras.com\\\/site\\\/candidatos-saberao-os-locais-das-provas-no-dia-25-de-abril\\\/#breadcrumb\",\"itemListElement\":[{\"@type\":\"ListItem\",\"position\":1,\"name\":\"In\u00edcio\",\"item\":\"https:\\\/\\\/www.notibras.com\\\/site\\\/\"},{\"@type\":\"ListItem\",\"position\":2,\"name\":\"Candidatos saber\u00e3o os locais das provas no dia 25 de abril\"}]},{\"@type\":\"WebSite\",\"@id\":\"https:\\\/\\\/www.notibras.com\\\/site\\\/#website\",\"url\":\"https:\\\/\\\/www.notibras.com\\\/site\\\/\",\"name\":\"Notibras\",\"description\":\"Not\u00edcias de Bras\u00edlia, do Brasil e do Mundo\",\"publisher\":{\"@id\":\"https:\\\/\\\/www.notibras.com\\\/site\\\/#organization\"},\"potentialAction\":[{\"@type\":\"SearchAction\",\"target\":{\"@type\":\"EntryPoint\",\"urlTemplate\":\"https:\\\/\\\/www.notibras.com\\\/site\\\/?s={search_term_string}\"},\"query-input\":{\"@type\":\"PropertyValueSpecification\",\"valueRequired\":true,\"valueName\":\"search_term_string\"}}],\"inLanguage\":\"pt-BR\"},{\"@type\":\"Organization\",\"@id\":\"https:\\\/\\\/www.notibras.com\\\/site\\\/#organization\",\"name\":\"Grupo Notibras de Comunica\u00e7\u00e3o\",\"url\":\"https:\\\/\\\/www.notibras.com\\\/site\\\/\",\"logo\":{\"@type\":\"ImageObject\",\"inLanguage\":\"pt-BR\",\"@id\":\"https:\\\/\\\/www.notibras.com\\\/site\\\/#\\\/schema\\\/logo\\\/image\\\/\",\"url\":\"https:\\\/\\\/www.notibras.com\\\/site\\\/wp-content\\\/uploads\\\/2023\\\/01\\\/notibras23.png\",\"contentUrl\":\"https:\\\/\\\/www.notibras.com\\\/site\\\/wp-content\\\/uploads\\\/2023\\\/01\\\/notibras23.png\",\"width\":350,\"height\":87,\"caption\":\"Grupo Notibras de Comunica\u00e7\u00e3o\"},\"image\":{\"@id\":\"https:\\\/\\\/www.notibras.com\\\/site\\\/#\\\/schema\\\/logo\\\/image\\\/\"},\"sameAs\":[\"https:\\\/\\\/www.facebook.com\\\/notibras\\\/\",\"https:\\\/\\\/x.com\\\/Notibras\",\"https:\\\/\\\/www.instagram.com\\\/notibras\\\/\"]},{\"@type\":\"Person\",\"@id\":\"https:\\\/\\\/www.notibras.com\\\/site\\\/#\\\/schema\\\/person\\\/36ab0979449956132d3e5b517ea76ac8\",\"name\":\"Reda\u00e7\u00e3o\",\"image\":{\"@type\":\"ImageObject\",\"inLanguage\":\"pt-BR\",\"@id\":\"https:\\\/\\\/secure.gravatar.com\\\/avatar\\\/e0a867bdedb85fd243eadf09663511f96fc81e0720a4a42581f334ad4303aa6b?s=96&d=mm&r=g\",\"url\":\"https:\\\/\\\/secure.gravatar.com\\\/avatar\\\/e0a867bdedb85fd243eadf09663511f96fc81e0720a4a42581f334ad4303aa6b?s=96&d=mm&r=g\",\"contentUrl\":\"https:\\\/\\\/secure.gravatar.com\\\/avatar\\\/e0a867bdedb85fd243eadf09663511f96fc81e0720a4a42581f334ad4303aa6b?s=96&d=mm&r=g\",\"caption\":\"Reda\u00e7\u00e3o\"}}]}<\/script>\n<!-- \/ Yoast SEO plugin. -->","yoast_head_json":{"title":"Candidatos saber\u00e3o os locais das provas no dia 25 de abril - Notibras","robots":{"index":"index","follow":"follow","max-snippet":"max-snippet:-1","max-image-preview":"max-image-preview:large","max-video-preview":"max-video-preview:-1"},"canonical":"https:\/\/www.notibras.com\/site\/candidatos-saberao-os-locais-das-provas-no-dia-25-de-abril\/","og_locale":"pt_BR","og_type":"article","og_title":"Candidatos saber\u00e3o os locais das provas no dia 25 de abril - Notibras","og_description":"A ministra da Gest\u00e3o e da Inova\u00e7\u00e3o em Servi\u00e7os P\u00fablicos (MGI), Esther Dweck, disse nesta quinta-feira (11) que a partir de 25 de abril, os 2,144 milh\u00f5es de inscritos no Concurso P\u00fablico Nacional Unificado (CNPU) poder\u00e3o ver no Cart\u00e3o de Confirma\u00e7\u00e3o de Inscri\u00e7\u00e3o o local onde far\u00e3o as provas nos per\u00edodos da manh\u00e3 e tarde. [&hellip;]","og_url":"https:\/\/www.notibras.com\/site\/candidatos-saberao-os-locais-das-provas-no-dia-25-de-abril\/","og_site_name":"Notibras","article_publisher":"https:\/\/www.facebook.com\/notibras\/","article_published_time":"2024-04-12T03:00:48+00:00","article_modified_time":"2024-04-12T12:41:01+00:00","og_image":[{"width":1170,"height":700,"url":"https:\/\/www.notibras.com\/site\/wp-content\/uploads\/2023\/08\/pzzb0189.jpg","type":"image\/jpeg"}],"author":"Reda\u00e7\u00e3o","twitter_card":"summary_large_image","twitter_creator":"@Notibras","twitter_site":"@Notibras","twitter_misc":{"Escrito por":"Reda\u00e7\u00e3o","Est. tempo de leitura":"5 minutos"},"schema":{"@context":"https:\/\/schema.org","@graph":[{"@type":"Article","@id":"https:\/\/www.notibras.com\/site\/candidatos-saberao-os-locais-das-provas-no-dia-25-de-abril\/#article","isPartOf":{"@id":"https:\/\/www.notibras.com\/site\/candidatos-saberao-os-locais-das-provas-no-dia-25-de-abril\/"},"author":{"name":"Reda\u00e7\u00e3o","@id":"https:\/\/www.notibras.com\/site\/#\/schema\/person\/36ab0979449956132d3e5b517ea76ac8"},"headline":"Candidatos saber\u00e3o os locais das provas no dia 25 de abril","datePublished":"2024-04-12T03:00:48+00:00","dateModified":"2024-04-12T12:41:01+00:00","mainEntityOfPage":{"@id":"https:\/\/www.notibras.com\/site\/candidatos-saberao-os-locais-das-provas-no-dia-25-de-abril\/"},"wordCount":905,"publisher":{"@id":"https:\/\/www.notibras.com\/site\/#organization"},"image":{"@id":"https:\/\/www.notibras.com\/site\/candidatos-saberao-os-locais-das-provas-no-dia-25-de-abril\/#primaryimage"},"thumbnailUrl":"https:\/\/www.notibras.com\/site\/wp-content\/uploads\/2023\/08\/pzzb0189.jpg","articleSection":["Quadradinho em Foco"],"inLanguage":"pt-BR"},{"@type":"WebPage","@id":"https:\/\/www.notibras.com\/site\/candidatos-saberao-os-locais-das-provas-no-dia-25-de-abril\/","url":"https:\/\/www.notibras.com\/site\/candidatos-saberao-os-locais-das-provas-no-dia-25-de-abril\/","name":"Candidatos saber\u00e3o os locais das provas no dia 25 de abril - Notibras","isPartOf":{"@id":"https:\/\/www.notibras.com\/site\/#website"},"primaryImageOfPage":{"@id":"https:\/\/www.notibras.com\/site\/candidatos-saberao-os-locais-das-provas-no-dia-25-de-abril\/#primaryimage"},"image":{"@id":"https:\/\/www.notibras.com\/site\/candidatos-saberao-os-locais-das-provas-no-dia-25-de-abril\/#primaryimage"},"thumbnailUrl":"https:\/\/www.notibras.com\/site\/wp-content\/uploads\/2023\/08\/pzzb0189.jpg","datePublished":"2024-04-12T03:00:48+00:00","dateModified":"2024-04-12T12:41:01+00:00","breadcrumb":{"@id":"https:\/\/www.notibras.com\/site\/candidatos-saberao-os-locais-das-provas-no-dia-25-de-abril\/#breadcrumb"},"inLanguage":"pt-BR","potentialAction":[{"@type":"ReadAction","target":["https:\/\/www.notibras.com\/site\/candidatos-saberao-os-locais-das-provas-no-dia-25-de-abril\/"]}]},{"@type":"ImageObject","inLanguage":"pt-BR","@id":"https:\/\/www.notibras.com\/site\/candidatos-saberao-os-locais-das-provas-no-dia-25-de-abril\/#primaryimage","url":"https:\/\/www.notibras.com\/site\/wp-content\/uploads\/2023\/08\/pzzb0189.jpg","contentUrl":"https:\/\/www.notibras.com\/site\/wp-content\/uploads\/2023\/08\/pzzb0189.jpg","width":1170,"height":700,"caption":"Bras\u00edlia - 22.05.2023 - Foto Esplanada dos Minist\u00e9rios, em Bras\u00edlia. Foto: Ant\u00f4nio Cruz\/ Ag\u00eancia Brasil"},{"@type":"BreadcrumbList","@id":"https:\/\/www.notibras.com\/site\/candidatos-saberao-os-locais-das-provas-no-dia-25-de-abril\/#breadcrumb","itemListElement":[{"@type":"ListItem","position":1,"name":"In\u00edcio","item":"https:\/\/www.notibras.com\/site\/"},{"@type":"ListItem","position":2,"name":"Candidatos saber\u00e3o os locais das provas no dia 25 de abril"}]},{"@type":"WebSite","@id":"https:\/\/www.notibras.com\/site\/#website","url":"https:\/\/www.notibras.com\/site\/","name":"Notibras","description":"Not\u00edcias de Bras\u00edlia, do Brasil e do Mundo","publisher":{"@id":"https:\/\/www.notibras.com\/site\/#organization"},"potentialAction":[{"@type":"SearchAction","target":{"@type":"EntryPoint","urlTemplate":"https:\/\/www.notibras.com\/site\/?s={search_term_string}"},"query-input":{"@type":"PropertyValueSpecification","valueRequired":true,"valueName":"search_term_string"}}],"inLanguage":"pt-BR"},{"@type":"Organization","@id":"https:\/\/www.notibras.com\/site\/#organization","name":"Grupo Notibras de Comunica\u00e7\u00e3o","url":"https:\/\/www.notibras.com\/site\/","logo":{"@type":"ImageObject","inLanguage":"pt-BR","@id":"https:\/\/www.notibras.com\/site\/#\/schema\/logo\/image\/","url":"https:\/\/www.notibras.com\/site\/wp-content\/uploads\/2023\/01\/notibras23.png","contentUrl":"https:\/\/www.notibras.com\/site\/wp-content\/uploads\/2023\/01\/notibras23.png","width":350,"height":87,"caption":"Grupo Notibras de Comunica\u00e7\u00e3o"},"image":{"@id":"https:\/\/www.notibras.com\/site\/#\/schema\/logo\/image\/"},"sameAs":["https:\/\/www.facebook.com\/notibras\/","https:\/\/x.com\/Notibras","https:\/\/www.instagram.com\/notibras\/"]},{"@type":"Person","@id":"https:\/\/www.notibras.com\/site\/#\/schema\/person\/36ab0979449956132d3e5b517ea76ac8","name":"Reda\u00e7\u00e3o","image":{"@type":"ImageObject","inLanguage":"pt-BR","@id":"https:\/\/secure.gravatar.com\/avatar\/e0a867bdedb85fd243eadf09663511f96fc81e0720a4a42581f334ad4303aa6b?s=96&d=mm&r=g","url":"https:\/\/secure.gravatar.com\/avatar\/e0a867bdedb85fd243eadf09663511f96fc81e0720a4a42581f334ad4303aa6b?s=96&d=mm&r=g","contentUrl":"https:\/\/secure.gravatar.com\/avatar\/e0a867bdedb85fd243eadf09663511f96fc81e0720a4a42581f334ad4303aa6b?s=96&d=mm&r=g","caption":"Reda\u00e7\u00e3o"}}]}},"amp_enabled":true,"_links":{"self":[{"href":"https:\/\/www.notibras.com\/site\/wp-json\/wp\/v2\/posts\/326556","targetHints":{"allow":["GET"]}}],"collection":[{"href":"https:\/\/www.notibras.com\/site\/wp-json\/wp\/v2\/posts"}],"about":[{"href":"https:\/\/www.notibras.com\/site\/wp-json\/wp\/v2\/types\/post"}],"author":[{"embeddable":true,"href":"https:\/\/www.notibras.com\/site\/wp-json\/wp\/v2\/users\/2"}],"replies":[{"embeddable":true,"href":"https:\/\/www.notibras.com\/site\/wp-json\/wp\/v2\/comments?post=326556"}],"version-history":[{"count":1,"href":"https:\/\/www.notibras.com\/site\/wp-json\/wp\/v2\/posts\/326556\/revisions"}],"predecessor-version":[{"id":326557,"href":"https:\/\/www.notibras.com\/site\/wp-json\/wp\/v2\/posts\/326556\/revisions\/326557"}],"wp:featuredmedia":[{"embeddable":true,"href":"https:\/\/www.notibras.com\/site\/wp-json\/wp\/v2\/media\/311843"}],"wp:attachment":[{"href":"https:\/\/www.notibras.com\/site\/wp-json\/wp\/v2\/media?parent=326556"}],"wp:term":[{"taxonomy":"category","embeddable":true,"href":"https:\/\/www.notibras.com\/site\/wp-json\/wp\/v2\/categories?post=326556"},{"taxonomy":"post_tag","embeddable":true,"href":"https:\/\/www.notibras.com\/site\/wp-json\/wp\/v2\/tags?post=326556"}],"curies":[{"name":"wp","href":"https:\/\/api.w.org\/{rel}","templated":true}]}}