{"id":326558,"date":"2024-04-12T00:00:12","date_gmt":"2024-04-12T03:00:12","guid":{"rendered":"https:\/\/www.notibras.com\/site\/?p=326558"},"modified":"2024-04-12T09:47:25","modified_gmt":"2024-04-12T12:47:25","slug":"dia-mundial-soa-o-alerta-para-incidencia-em-maiores-de-64-anos","status":"publish","type":"post","link":"https:\/\/www.notibras.com\/site\/dia-mundial-soa-o-alerta-para-incidencia-em-maiores-de-64-anos\/","title":{"rendered":"Dia mundial soa o alerta para incid\u00eancia em maiores de 64 anos"},"content":{"rendered":"<p>Quando uma pessoa demora mais tempo para fazer o que antes fazia com autonomia e agilidade \u2013 tomar banho, vestir uma roupa, cozinhar, escrever \u2013 \u00e9 preciso ficar atento. A limita\u00e7\u00e3o motora \u00e9 um dos principais sintomas da doen\u00e7a de Parkinson. Trata-se de uma condi\u00e7\u00e3o neurol\u00f3gica que afeta os movimentos da pessoa. Ela decorre de uma degenera\u00e7\u00e3o das c\u00e9lulas produtoras de dopamina, um neurotransmissor que, entre outras fun\u00e7\u00f5es, controla a mobilidade. Quanto maior a faixa et\u00e1ria, maior a incid\u00eancia da doen\u00e7a.<\/p>\n<p>De acordo com a Organiza\u00e7\u00e3o Mundial da Sa\u00fade (OMS), existem aproximadamente 4 milh\u00f5es de pessoas no mundo com Parkinson, o que representa 1% da popula\u00e7\u00e3o mundial a partir dos 65 anos. No Brasil, estima-se que 200 mil indiv\u00edduos sofram com o problema. Para ampliar a conscientiza\u00e7\u00e3o e a compreens\u00e3o sobre a doen\u00e7a, foi estabelecido em 11 de abril o Dia Mundial de Conscientiza\u00e7\u00e3o da Doen\u00e7a de Parkinson.<\/p>\n<p>Neurologista do Centro de Refer\u00eancia em Doen\u00e7a de Parkinson do Hospital de Base (HBDF), Marcelo Lobo explica que n\u00e3o h\u00e1 um teste espec\u00edfico que identifique a doen\u00e7a. \u201cO diagn\u00f3stico \u00e9 principalmente cl\u00ednico, baseado no hist\u00f3rico m\u00e9dico e nos sintomas apresentados, podendo ser auxiliado por exames de imagem para descartar outras condi\u00e7\u00f5es\u201d, detalha.<\/p>\n<p><strong>Sintomas e tratamento<\/strong><br \/>\nNa maioria das vezes, os sintomas come\u00e7am de forma lenta e sem sinais alarmantes ou graves. A lentid\u00e3o dos movimentos e os tremores nas extremidades das m\u00e3os, muitas vezes notados apenas pelos amigos e familiares, costumam ser os primeiros sinais da doen\u00e7a. Rigidez muscular, redu\u00e7\u00e3o da quantidade de movimentos, dist\u00farbios da fala, dificuldade para engolir, al\u00e9m de depress\u00e3o, tontura, dist\u00farbios do sono, respirat\u00f3rios e urin\u00e1rios tamb\u00e9m podem estar relacionados.<\/p>\n<p>A aposentada Luci Afonso, 64, levou cinco anos para que soubesse que o Parkinson ocupava cada vez mais espa\u00e7os em seus dias. \u201cEu tinha travamentos no p\u00e9 e na m\u00e3o, sentia dores pelo corpo e perdi a mobilidade para fazer atividades usuais. At\u00e9 mesmo caminhar era dif\u00edcil\u201d, conta.<\/p>\n<p>Sem cura, o tratamento \u00e9 paliativo, focado em amenizar os sintomas e melhorar a qualidade de vida. Luci, hoje, toma medicamentos que aumentam os n\u00edveis de dopamina no c\u00e9rebro. Ao longo do tempo, contudo, passou a integrar na rotina outros m\u00e9todos que auxiliam nos movimentos, como psicoterapia, fisioterapia, pilates e acupuntura. \u201cJunto ao rem\u00e9dio, essas atividades s\u00e3o muito eficazes no controle dos meus m\u00fasculos, ajudando a relax\u00e1-los e facilitando o meu caminhar\u201d, destaca.<\/p>\n<p>Os esfor\u00e7os de Luci ilustram uma estrat\u00e9gia adequada ao seu caso em espec\u00edfico. Segundo o neurologista, atualmente n\u00e3o h\u00e1 um plano comprovado que previna a doen\u00e7a. \u201cEstudos indicam que adotar um estilo de vida saud\u00e1vel, com exerc\u00edcios regulares, uma dieta balanceada rica em antioxidantes e minimizando a exposi\u00e7\u00e3o a toxinas ambientais, pode ser ben\u00e9fico para reduzir o risco\u201d, afirma Lobo.<\/p>\n<p><strong>Assist\u00eancia<\/strong><br \/>\nUsu\u00e1rios que necessitam do servi\u00e7o passam por uma avalia\u00e7\u00e3o inicial nas Unidades B\u00e1sicas de Sa\u00fade (UBSs), onde s\u00e3o encaminhados \u00e0 especialidade dispon\u00edvel nos hospitais regionais da Asa Norte (Hran), do Gama (HRG), de Ceil\u00e2ndia (HRC) e de Taguatinga (HRT). Casos com manifesta\u00e7\u00f5es at\u00edpicas ou que requerem cirurgia podem ser encaminhados aos HBDF.<\/p>\n","protected":false},"excerpt":{"rendered":"<p>Quando uma pessoa demora mais tempo para fazer o que antes fazia com autonomia e agilidade \u2013 tomar banho, vestir uma roupa, cozinhar, escrever \u2013 \u00e9 preciso ficar atento. A limita\u00e7\u00e3o motora \u00e9 um dos principais sintomas da doen\u00e7a de Parkinson. Trata-se de uma condi\u00e7\u00e3o neurol\u00f3gica que afeta os movimentos da pessoa. Ela decorre de [&hellip;]<\/p>\n","protected":false},"author":2,"featured_media":326559,"comment_status":"closed","ping_status":"closed","sticky":false,"template":"","format":"standard","meta":{"_acf_changed":false,"footnotes":""},"categories":[161],"tags":[],"class_list":["post-326558","post","type-post","status-publish","format-standard","has-post-thumbnail","hentry","category-quadradinho-em-foco"],"acf":[],"yoast_head":"<!-- This site is optimized with the Yoast SEO plugin v27.5 - https:\/\/yoast.com\/product\/yoast-seo-wordpress\/ -->\n<title>Dia mundial soa o alerta para incid\u00eancia em maiores de 64 anos - Notibras<\/title>\n<meta name=\"robots\" content=\"index, follow, max-snippet:-1, max-image-preview:large, max-video-preview:-1\" \/>\n<link rel=\"canonical\" href=\"https:\/\/www.notibras.com\/site\/dia-mundial-soa-o-alerta-para-incidencia-em-maiores-de-64-anos\/\" \/>\n<meta property=\"og:locale\" content=\"pt_BR\" \/>\n<meta property=\"og:type\" content=\"article\" \/>\n<meta property=\"og:title\" content=\"Dia mundial soa o alerta para incid\u00eancia em maiores de 64 anos - Notibras\" \/>\n<meta property=\"og:description\" content=\"Quando uma pessoa demora mais tempo para fazer o que antes fazia com autonomia e agilidade \u2013 tomar banho, vestir uma roupa, cozinhar, escrever \u2013 \u00e9 preciso ficar atento. A limita\u00e7\u00e3o motora \u00e9 um dos principais sintomas da doen\u00e7a de Parkinson. Trata-se de uma condi\u00e7\u00e3o neurol\u00f3gica que afeta os movimentos da pessoa. Ela decorre de [&hellip;]\" \/>\n<meta property=\"og:url\" content=\"https:\/\/www.notibras.com\/site\/dia-mundial-soa-o-alerta-para-incidencia-em-maiores-de-64-anos\/\" \/>\n<meta property=\"og:site_name\" content=\"Notibras\" \/>\n<meta property=\"article:publisher\" content=\"https:\/\/www.facebook.com\/notibras\/\" \/>\n<meta property=\"article:published_time\" content=\"2024-04-12T03:00:12+00:00\" \/>\n<meta property=\"article:modified_time\" content=\"2024-04-12T12:47:25+00:00\" \/>\n<meta property=\"og:image\" content=\"https:\/\/www.notibras.com\/site\/wp-content\/uploads\/2024\/04\/Foto-1-Foto_Mariana_Raphael_Agencia_Saude-DF-1.jpg\" \/>\n\t<meta property=\"og:image:width\" content=\"1200\" \/>\n\t<meta property=\"og:image:height\" content=\"800\" \/>\n\t<meta property=\"og:image:type\" content=\"image\/jpeg\" \/>\n<meta name=\"author\" content=\"Reda\u00e7\u00e3o\" \/>\n<meta name=\"twitter:card\" content=\"summary_large_image\" \/>\n<meta name=\"twitter:creator\" content=\"@Notibras\" \/>\n<meta name=\"twitter:site\" content=\"@Notibras\" \/>\n<meta name=\"twitter:label1\" content=\"Escrito por\" \/>\n\t<meta name=\"twitter:data1\" content=\"Reda\u00e7\u00e3o\" \/>\n\t<meta name=\"twitter:label2\" content=\"Est. tempo de leitura\" \/>\n\t<meta name=\"twitter:data2\" content=\"4 minutos\" \/>\n<script type=\"application\/ld+json\" class=\"yoast-schema-graph\">{\"@context\":\"https:\\\/\\\/schema.org\",\"@graph\":[{\"@type\":\"Article\",\"@id\":\"https:\\\/\\\/www.notibras.com\\\/site\\\/dia-mundial-soa-o-alerta-para-incidencia-em-maiores-de-64-anos\\\/#article\",\"isPartOf\":{\"@id\":\"https:\\\/\\\/www.notibras.com\\\/site\\\/dia-mundial-soa-o-alerta-para-incidencia-em-maiores-de-64-anos\\\/\"},\"author\":{\"name\":\"Reda\u00e7\u00e3o\",\"@id\":\"https:\\\/\\\/www.notibras.com\\\/site\\\/#\\\/schema\\\/person\\\/36ab0979449956132d3e5b517ea76ac8\"},\"headline\":\"Dia mundial soa o alerta para incid\u00eancia em maiores de 64 anos\",\"datePublished\":\"2024-04-12T03:00:12+00:00\",\"dateModified\":\"2024-04-12T12:47:25+00:00\",\"mainEntityOfPage\":{\"@id\":\"https:\\\/\\\/www.notibras.com\\\/site\\\/dia-mundial-soa-o-alerta-para-incidencia-em-maiores-de-64-anos\\\/\"},\"wordCount\":577,\"publisher\":{\"@id\":\"https:\\\/\\\/www.notibras.com\\\/site\\\/#organization\"},\"image\":{\"@id\":\"https:\\\/\\\/www.notibras.com\\\/site\\\/dia-mundial-soa-o-alerta-para-incidencia-em-maiores-de-64-anos\\\/#primaryimage\"},\"thumbnailUrl\":\"https:\\\/\\\/www.notibras.com\\\/site\\\/wp-content\\\/uploads\\\/2024\\\/04\\\/Foto-1-Foto_Mariana_Raphael_Agencia_Saude-DF-1.jpg\",\"articleSection\":[\"Quadradinho em Foco\"],\"inLanguage\":\"pt-BR\"},{\"@type\":\"WebPage\",\"@id\":\"https:\\\/\\\/www.notibras.com\\\/site\\\/dia-mundial-soa-o-alerta-para-incidencia-em-maiores-de-64-anos\\\/\",\"url\":\"https:\\\/\\\/www.notibras.com\\\/site\\\/dia-mundial-soa-o-alerta-para-incidencia-em-maiores-de-64-anos\\\/\",\"name\":\"Dia mundial soa o alerta para incid\u00eancia em maiores de 64 anos - Notibras\",\"isPartOf\":{\"@id\":\"https:\\\/\\\/www.notibras.com\\\/site\\\/#website\"},\"primaryImageOfPage\":{\"@id\":\"https:\\\/\\\/www.notibras.com\\\/site\\\/dia-mundial-soa-o-alerta-para-incidencia-em-maiores-de-64-anos\\\/#primaryimage\"},\"image\":{\"@id\":\"https:\\\/\\\/www.notibras.com\\\/site\\\/dia-mundial-soa-o-alerta-para-incidencia-em-maiores-de-64-anos\\\/#primaryimage\"},\"thumbnailUrl\":\"https:\\\/\\\/www.notibras.com\\\/site\\\/wp-content\\\/uploads\\\/2024\\\/04\\\/Foto-1-Foto_Mariana_Raphael_Agencia_Saude-DF-1.jpg\",\"datePublished\":\"2024-04-12T03:00:12+00:00\",\"dateModified\":\"2024-04-12T12:47:25+00:00\",\"breadcrumb\":{\"@id\":\"https:\\\/\\\/www.notibras.com\\\/site\\\/dia-mundial-soa-o-alerta-para-incidencia-em-maiores-de-64-anos\\\/#breadcrumb\"},\"inLanguage\":\"pt-BR\",\"potentialAction\":[{\"@type\":\"ReadAction\",\"target\":[\"https:\\\/\\\/www.notibras.com\\\/site\\\/dia-mundial-soa-o-alerta-para-incidencia-em-maiores-de-64-anos\\\/\"]}]},{\"@type\":\"ImageObject\",\"inLanguage\":\"pt-BR\",\"@id\":\"https:\\\/\\\/www.notibras.com\\\/site\\\/dia-mundial-soa-o-alerta-para-incidencia-em-maiores-de-64-anos\\\/#primaryimage\",\"url\":\"https:\\\/\\\/www.notibras.com\\\/site\\\/wp-content\\\/uploads\\\/2024\\\/04\\\/Foto-1-Foto_Mariana_Raphael_Agencia_Saude-DF-1.jpg\",\"contentUrl\":\"https:\\\/\\\/www.notibras.com\\\/site\\\/wp-content\\\/uploads\\\/2024\\\/04\\\/Foto-1-Foto_Mariana_Raphael_Agencia_Saude-DF-1.jpg\",\"width\":1200,\"height\":800},{\"@type\":\"BreadcrumbList\",\"@id\":\"https:\\\/\\\/www.notibras.com\\\/site\\\/dia-mundial-soa-o-alerta-para-incidencia-em-maiores-de-64-anos\\\/#breadcrumb\",\"itemListElement\":[{\"@type\":\"ListItem\",\"position\":1,\"name\":\"In\u00edcio\",\"item\":\"https:\\\/\\\/www.notibras.com\\\/site\\\/\"},{\"@type\":\"ListItem\",\"position\":2,\"name\":\"Dia mundial soa o alerta para incid\u00eancia em maiores de 64 anos\"}]},{\"@type\":\"WebSite\",\"@id\":\"https:\\\/\\\/www.notibras.com\\\/site\\\/#website\",\"url\":\"https:\\\/\\\/www.notibras.com\\\/site\\\/\",\"name\":\"Notibras\",\"description\":\"Not\u00edcias de Bras\u00edlia, do Brasil e do Mundo\",\"publisher\":{\"@id\":\"https:\\\/\\\/www.notibras.com\\\/site\\\/#organization\"},\"potentialAction\":[{\"@type\":\"SearchAction\",\"target\":{\"@type\":\"EntryPoint\",\"urlTemplate\":\"https:\\\/\\\/www.notibras.com\\\/site\\\/?s={search_term_string}\"},\"query-input\":{\"@type\":\"PropertyValueSpecification\",\"valueRequired\":true,\"valueName\":\"search_term_string\"}}],\"inLanguage\":\"pt-BR\"},{\"@type\":\"Organization\",\"@id\":\"https:\\\/\\\/www.notibras.com\\\/site\\\/#organization\",\"name\":\"Grupo Notibras de Comunica\u00e7\u00e3o\",\"url\":\"https:\\\/\\\/www.notibras.com\\\/site\\\/\",\"logo\":{\"@type\":\"ImageObject\",\"inLanguage\":\"pt-BR\",\"@id\":\"https:\\\/\\\/www.notibras.com\\\/site\\\/#\\\/schema\\\/logo\\\/image\\\/\",\"url\":\"https:\\\/\\\/www.notibras.com\\\/site\\\/wp-content\\\/uploads\\\/2023\\\/01\\\/notibras23.png\",\"contentUrl\":\"https:\\\/\\\/www.notibras.com\\\/site\\\/wp-content\\\/uploads\\\/2023\\\/01\\\/notibras23.png\",\"width\":350,\"height\":87,\"caption\":\"Grupo Notibras de Comunica\u00e7\u00e3o\"},\"image\":{\"@id\":\"https:\\\/\\\/www.notibras.com\\\/site\\\/#\\\/schema\\\/logo\\\/image\\\/\"},\"sameAs\":[\"https:\\\/\\\/www.facebook.com\\\/notibras\\\/\",\"https:\\\/\\\/x.com\\\/Notibras\",\"https:\\\/\\\/www.instagram.com\\\/notibras\\\/\"]},{\"@type\":\"Person\",\"@id\":\"https:\\\/\\\/www.notibras.com\\\/site\\\/#\\\/schema\\\/person\\\/36ab0979449956132d3e5b517ea76ac8\",\"name\":\"Reda\u00e7\u00e3o\",\"image\":{\"@type\":\"ImageObject\",\"inLanguage\":\"pt-BR\",\"@id\":\"https:\\\/\\\/secure.gravatar.com\\\/avatar\\\/e0a867bdedb85fd243eadf09663511f96fc81e0720a4a42581f334ad4303aa6b?s=96&d=mm&r=g\",\"url\":\"https:\\\/\\\/secure.gravatar.com\\\/avatar\\\/e0a867bdedb85fd243eadf09663511f96fc81e0720a4a42581f334ad4303aa6b?s=96&d=mm&r=g\",\"contentUrl\":\"https:\\\/\\\/secure.gravatar.com\\\/avatar\\\/e0a867bdedb85fd243eadf09663511f96fc81e0720a4a42581f334ad4303aa6b?s=96&d=mm&r=g\",\"caption\":\"Reda\u00e7\u00e3o\"}}]}<\/script>\n<!-- \/ Yoast SEO plugin. -->","yoast_head_json":{"title":"Dia mundial soa o alerta para incid\u00eancia em maiores de 64 anos - Notibras","robots":{"index":"index","follow":"follow","max-snippet":"max-snippet:-1","max-image-preview":"max-image-preview:large","max-video-preview":"max-video-preview:-1"},"canonical":"https:\/\/www.notibras.com\/site\/dia-mundial-soa-o-alerta-para-incidencia-em-maiores-de-64-anos\/","og_locale":"pt_BR","og_type":"article","og_title":"Dia mundial soa o alerta para incid\u00eancia em maiores de 64 anos - Notibras","og_description":"Quando uma pessoa demora mais tempo para fazer o que antes fazia com autonomia e agilidade \u2013 tomar banho, vestir uma roupa, cozinhar, escrever \u2013 \u00e9 preciso ficar atento. A limita\u00e7\u00e3o motora \u00e9 um dos principais sintomas da doen\u00e7a de Parkinson. Trata-se de uma condi\u00e7\u00e3o neurol\u00f3gica que afeta os movimentos da pessoa. Ela decorre de [&hellip;]","og_url":"https:\/\/www.notibras.com\/site\/dia-mundial-soa-o-alerta-para-incidencia-em-maiores-de-64-anos\/","og_site_name":"Notibras","article_publisher":"https:\/\/www.facebook.com\/notibras\/","article_published_time":"2024-04-12T03:00:12+00:00","article_modified_time":"2024-04-12T12:47:25+00:00","og_image":[{"width":1200,"height":800,"url":"https:\/\/www.notibras.com\/site\/wp-content\/uploads\/2024\/04\/Foto-1-Foto_Mariana_Raphael_Agencia_Saude-DF-1.jpg","type":"image\/jpeg"}],"author":"Reda\u00e7\u00e3o","twitter_card":"summary_large_image","twitter_creator":"@Notibras","twitter_site":"@Notibras","twitter_misc":{"Escrito por":"Reda\u00e7\u00e3o","Est. tempo de leitura":"4 minutos"},"schema":{"@context":"https:\/\/schema.org","@graph":[{"@type":"Article","@id":"https:\/\/www.notibras.com\/site\/dia-mundial-soa-o-alerta-para-incidencia-em-maiores-de-64-anos\/#article","isPartOf":{"@id":"https:\/\/www.notibras.com\/site\/dia-mundial-soa-o-alerta-para-incidencia-em-maiores-de-64-anos\/"},"author":{"name":"Reda\u00e7\u00e3o","@id":"https:\/\/www.notibras.com\/site\/#\/schema\/person\/36ab0979449956132d3e5b517ea76ac8"},"headline":"Dia mundial soa o alerta para incid\u00eancia em maiores de 64 anos","datePublished":"2024-04-12T03:00:12+00:00","dateModified":"2024-04-12T12:47:25+00:00","mainEntityOfPage":{"@id":"https:\/\/www.notibras.com\/site\/dia-mundial-soa-o-alerta-para-incidencia-em-maiores-de-64-anos\/"},"wordCount":577,"publisher":{"@id":"https:\/\/www.notibras.com\/site\/#organization"},"image":{"@id":"https:\/\/www.notibras.com\/site\/dia-mundial-soa-o-alerta-para-incidencia-em-maiores-de-64-anos\/#primaryimage"},"thumbnailUrl":"https:\/\/www.notibras.com\/site\/wp-content\/uploads\/2024\/04\/Foto-1-Foto_Mariana_Raphael_Agencia_Saude-DF-1.jpg","articleSection":["Quadradinho em Foco"],"inLanguage":"pt-BR"},{"@type":"WebPage","@id":"https:\/\/www.notibras.com\/site\/dia-mundial-soa-o-alerta-para-incidencia-em-maiores-de-64-anos\/","url":"https:\/\/www.notibras.com\/site\/dia-mundial-soa-o-alerta-para-incidencia-em-maiores-de-64-anos\/","name":"Dia mundial soa o alerta para incid\u00eancia em maiores de 64 anos - Notibras","isPartOf":{"@id":"https:\/\/www.notibras.com\/site\/#website"},"primaryImageOfPage":{"@id":"https:\/\/www.notibras.com\/site\/dia-mundial-soa-o-alerta-para-incidencia-em-maiores-de-64-anos\/#primaryimage"},"image":{"@id":"https:\/\/www.notibras.com\/site\/dia-mundial-soa-o-alerta-para-incidencia-em-maiores-de-64-anos\/#primaryimage"},"thumbnailUrl":"https:\/\/www.notibras.com\/site\/wp-content\/uploads\/2024\/04\/Foto-1-Foto_Mariana_Raphael_Agencia_Saude-DF-1.jpg","datePublished":"2024-04-12T03:00:12+00:00","dateModified":"2024-04-12T12:47:25+00:00","breadcrumb":{"@id":"https:\/\/www.notibras.com\/site\/dia-mundial-soa-o-alerta-para-incidencia-em-maiores-de-64-anos\/#breadcrumb"},"inLanguage":"pt-BR","potentialAction":[{"@type":"ReadAction","target":["https:\/\/www.notibras.com\/site\/dia-mundial-soa-o-alerta-para-incidencia-em-maiores-de-64-anos\/"]}]},{"@type":"ImageObject","inLanguage":"pt-BR","@id":"https:\/\/www.notibras.com\/site\/dia-mundial-soa-o-alerta-para-incidencia-em-maiores-de-64-anos\/#primaryimage","url":"https:\/\/www.notibras.com\/site\/wp-content\/uploads\/2024\/04\/Foto-1-Foto_Mariana_Raphael_Agencia_Saude-DF-1.jpg","contentUrl":"https:\/\/www.notibras.com\/site\/wp-content\/uploads\/2024\/04\/Foto-1-Foto_Mariana_Raphael_Agencia_Saude-DF-1.jpg","width":1200,"height":800},{"@type":"BreadcrumbList","@id":"https:\/\/www.notibras.com\/site\/dia-mundial-soa-o-alerta-para-incidencia-em-maiores-de-64-anos\/#breadcrumb","itemListElement":[{"@type":"ListItem","position":1,"name":"In\u00edcio","item":"https:\/\/www.notibras.com\/site\/"},{"@type":"ListItem","position":2,"name":"Dia mundial soa o alerta para incid\u00eancia em maiores de 64 anos"}]},{"@type":"WebSite","@id":"https:\/\/www.notibras.com\/site\/#website","url":"https:\/\/www.notibras.com\/site\/","name":"Notibras","description":"Not\u00edcias de Bras\u00edlia, do Brasil e do Mundo","publisher":{"@id":"https:\/\/www.notibras.com\/site\/#organization"},"potentialAction":[{"@type":"SearchAction","target":{"@type":"EntryPoint","urlTemplate":"https:\/\/www.notibras.com\/site\/?s={search_term_string}"},"query-input":{"@type":"PropertyValueSpecification","valueRequired":true,"valueName":"search_term_string"}}],"inLanguage":"pt-BR"},{"@type":"Organization","@id":"https:\/\/www.notibras.com\/site\/#organization","name":"Grupo Notibras de Comunica\u00e7\u00e3o","url":"https:\/\/www.notibras.com\/site\/","logo":{"@type":"ImageObject","inLanguage":"pt-BR","@id":"https:\/\/www.notibras.com\/site\/#\/schema\/logo\/image\/","url":"https:\/\/www.notibras.com\/site\/wp-content\/uploads\/2023\/01\/notibras23.png","contentUrl":"https:\/\/www.notibras.com\/site\/wp-content\/uploads\/2023\/01\/notibras23.png","width":350,"height":87,"caption":"Grupo Notibras de Comunica\u00e7\u00e3o"},"image":{"@id":"https:\/\/www.notibras.com\/site\/#\/schema\/logo\/image\/"},"sameAs":["https:\/\/www.facebook.com\/notibras\/","https:\/\/x.com\/Notibras","https:\/\/www.instagram.com\/notibras\/"]},{"@type":"Person","@id":"https:\/\/www.notibras.com\/site\/#\/schema\/person\/36ab0979449956132d3e5b517ea76ac8","name":"Reda\u00e7\u00e3o","image":{"@type":"ImageObject","inLanguage":"pt-BR","@id":"https:\/\/secure.gravatar.com\/avatar\/e0a867bdedb85fd243eadf09663511f96fc81e0720a4a42581f334ad4303aa6b?s=96&d=mm&r=g","url":"https:\/\/secure.gravatar.com\/avatar\/e0a867bdedb85fd243eadf09663511f96fc81e0720a4a42581f334ad4303aa6b?s=96&d=mm&r=g","contentUrl":"https:\/\/secure.gravatar.com\/avatar\/e0a867bdedb85fd243eadf09663511f96fc81e0720a4a42581f334ad4303aa6b?s=96&d=mm&r=g","caption":"Reda\u00e7\u00e3o"}}]}},"amp_enabled":true,"_links":{"self":[{"href":"https:\/\/www.notibras.com\/site\/wp-json\/wp\/v2\/posts\/326558","targetHints":{"allow":["GET"]}}],"collection":[{"href":"https:\/\/www.notibras.com\/site\/wp-json\/wp\/v2\/posts"}],"about":[{"href":"https:\/\/www.notibras.com\/site\/wp-json\/wp\/v2\/types\/post"}],"author":[{"embeddable":true,"href":"https:\/\/www.notibras.com\/site\/wp-json\/wp\/v2\/users\/2"}],"replies":[{"embeddable":true,"href":"https:\/\/www.notibras.com\/site\/wp-json\/wp\/v2\/comments?post=326558"}],"version-history":[{"count":1,"href":"https:\/\/www.notibras.com\/site\/wp-json\/wp\/v2\/posts\/326558\/revisions"}],"predecessor-version":[{"id":326560,"href":"https:\/\/www.notibras.com\/site\/wp-json\/wp\/v2\/posts\/326558\/revisions\/326560"}],"wp:featuredmedia":[{"embeddable":true,"href":"https:\/\/www.notibras.com\/site\/wp-json\/wp\/v2\/media\/326559"}],"wp:attachment":[{"href":"https:\/\/www.notibras.com\/site\/wp-json\/wp\/v2\/media?parent=326558"}],"wp:term":[{"taxonomy":"category","embeddable":true,"href":"https:\/\/www.notibras.com\/site\/wp-json\/wp\/v2\/categories?post=326558"},{"taxonomy":"post_tag","embeddable":true,"href":"https:\/\/www.notibras.com\/site\/wp-json\/wp\/v2\/tags?post=326558"}],"curies":[{"name":"wp","href":"https:\/\/api.w.org\/{rel}","templated":true}]}}