{"id":32660,"date":"2015-01-01T15:22:58","date_gmt":"2015-01-01T18:22:58","guid":{"rendered":"http:\/\/www.notibras.com\/site\/?p=32660"},"modified":"2015-01-01T15:23:29","modified_gmt":"2015-01-01T18:23:29","slug":"contagem-regressiva-para-acabar-com-bloqueio-americano-aos-cubanos","status":"publish","type":"post","link":"https:\/\/www.notibras.com\/site\/contagem-regressiva-para-acabar-com-bloqueio-americano-aos-cubanos\/","title":{"rendered":"Contagem regressiva para acabar com bloqueio americano a Cuba"},"content":{"rendered":"<p>O papa Francisco, ao comemorar 78 anos, deu um inestim\u00e1vel presente ao Continente americano: o in\u00edcio do fim do bloqueio dos EUA a Cuba e o reatamento das rela\u00e7\u00f5es diplom\u00e1ticas entre os dois pa\u00edses.<\/p>\n<p>Este foi o tema que Francisco priorizou com Obama no encontro que mantiveram, em Roma, em mar\u00e7o deste ano. Um ano antes, ao assumir o pontificado, Francisco se inteirou da quest\u00e3o ao receber Diaz-Canel, primeiro vice-presidente do Conselho de Estado de Cuba.<\/p>\n<p>Obama admitiu que \u201co isolamento n\u00e3o funcionou.\u201d De fato, o bloqueio imposto a Cuba, ao arrepio de todas as leis internacionais, n\u00e3o conseguiu nem mesmo fragilizar a autodetermina\u00e7\u00e3o cubana ap\u00f3s a queda do Muro de Berlim. Fidel, aos 88 anos, sobrevive a oito presidentes dos EUA, dos quais enterrou quatro. E a mais de 20 diretores da CIA.<\/p>\n<p>Os EUA s\u00e3o lerdos para admitir que o mundo n\u00e3o \u00e9 fruto de seus caprichos. Por isso, demorou 16 anos para reconhecer a Uni\u00e3o Sovi\u00e9tica; 20, para o Vietn\u00e3; e 30, para a Rep\u00fablica Popular da China. E foram precisos 53 anos para aceitar que Cuba tem direito \u00e0 sua autodetermina\u00e7\u00e3o, como j\u00e1 sinalizara a Assembleia Geral da ONU.<\/p>\n<p>De fato, EUA e Cuba jamais romperam o di\u00e1logo. Em Washington funcionou, ao longo de cinco d\u00e9cadas, a lega\u00e7\u00e3o cubana, assim como, em Havana, o pr\u00e9dio da lega\u00e7\u00e3o usamericana ergue-se majestoso no Malec\u00f3n.<\/p>\n<p>A not\u00edcia dessa reaproxima\u00e7\u00e3o marca o fim definitivo da Guerra Fria em nosso Continente. E Cuba sai no lucro, pois oferece uma infraestrutura tur\u00edstica sadia, despolu\u00edda e isenta de viol\u00eancia a 1 milh\u00e3o de canadenses que, no inverno, com tr\u00eas horas de voo, trocam 20 graus negativos por 30 positivos do mar do Caribe.<\/p>\n<p>Com a abertura do mercado cubano a investimentos estrangeiros, os EUA, que raciocinam em cifr\u00f5es, n\u00e3o querem ficar atr\u00e1s da Uni\u00e3o Europeia, do Canad\u00e1, do M\u00e9xico, do Brasil e da Col\u00f4mbia, que selam importantes parcerias com a Ilha revolucion\u00e1ria. \u201cEm vez de isolar Cuba, estamos isolando somente o nosso pa\u00eds, com pol\u00edticas ultrapassadas\u201d, disseram em carta a Obama os parlamentares estadunidenses Patrick Leahy (democrata) e Jeff Flake (republicano) ao retornarem de Havana.<\/p>\n<p>Em troca de Alan Gross, agente da CIA detido em Cuba por a\u00e7\u00f5es terroristas, Obama liberou, ontem, tr\u00eas dos cinco cubanos presos nos EUA, desde setembro de 1998, acusados de terrorismo (dois j\u00e1 tinham sido soltos).<\/p>\n<p>Na verdade, tratavam de evitar, na Fl\u00f3rida, iniciativas terroristas de grupos anticastristas. E foram usados como bucha de canh\u00e3o pelo FBI e por grupos de direita para impedir, na \u00e9poca, a reaproxima\u00e7\u00e3o entre EUA e Cuba.<\/p>\n<p>O tribunal de Atlanta havia admitido, por unanimidade, que as senten\u00e7as aplicadas a tr\u00eas dos cinco cubanos (Hern\u00e1ndez, Laba\u00f1ino e Guerrero, libertados ontem) careciam de fundamento jur\u00eddico: n\u00e3o houve transmiss\u00e3o de informa\u00e7\u00e3o militar secreta, nem puseram em risco a seguran\u00e7a dos EUA.<\/p>\n<p>Como me disse a presidente Dilma em encontro a 26 de novembro, Francisco \u00e9, sem d\u00favida, o grande l\u00edder mundial nesse mundo carente de figuras confi\u00e1veis e respeit\u00e1veis.<\/p>\n<p><strong>Frei Betto<\/strong><\/p>\n","protected":false},"excerpt":{"rendered":"<p>O papa Francisco, ao comemorar 78 anos, deu um inestim\u00e1vel presente ao Continente americano: o in\u00edcio do fim do bloqueio dos EUA a Cuba e o reatamento das rela\u00e7\u00f5es diplom\u00e1ticas entre os dois pa\u00edses. Este foi o tema que Francisco priorizou com Obama no encontro que mantiveram, em Roma, em mar\u00e7o deste ano. Um ano [&hellip;]<\/p>\n","protected":false},"author":2,"featured_media":32661,"comment_status":"open","ping_status":"closed","sticky":false,"template":"","format":"standard","meta":{"_acf_changed":false,"footnotes":""},"categories":[25],"tags":[],"class_list":["post-32660","post","type-post","status-publish","format-standard","has-post-thumbnail","hentry","category-opina-ai"],"acf":[],"yoast_head":"<!-- This site is optimized with the Yoast SEO plugin v27.5 - https:\/\/yoast.com\/product\/yoast-seo-wordpress\/ -->\n<title>Contagem regressiva para acabar com bloqueio americano a Cuba - Notibras<\/title>\n<meta name=\"robots\" content=\"index, follow, max-snippet:-1, max-image-preview:large, max-video-preview:-1\" \/>\n<link rel=\"canonical\" href=\"https:\/\/www.notibras.com\/site\/contagem-regressiva-para-acabar-com-bloqueio-americano-aos-cubanos\/\" \/>\n<meta property=\"og:locale\" content=\"pt_BR\" \/>\n<meta property=\"og:type\" content=\"article\" \/>\n<meta property=\"og:title\" content=\"Contagem regressiva para acabar com bloqueio americano a Cuba - Notibras\" \/>\n<meta property=\"og:description\" content=\"O papa Francisco, ao comemorar 78 anos, deu um inestim\u00e1vel presente ao Continente americano: o in\u00edcio do fim do bloqueio dos EUA a Cuba e o reatamento das rela\u00e7\u00f5es diplom\u00e1ticas entre os dois pa\u00edses. Este foi o tema que Francisco priorizou com Obama no encontro que mantiveram, em Roma, em mar\u00e7o deste ano. Um ano [&hellip;]\" \/>\n<meta property=\"og:url\" content=\"https:\/\/www.notibras.com\/site\/contagem-regressiva-para-acabar-com-bloqueio-americano-aos-cubanos\/\" \/>\n<meta property=\"og:site_name\" content=\"Notibras\" \/>\n<meta property=\"article:publisher\" content=\"https:\/\/www.facebook.com\/notibras\/\" \/>\n<meta property=\"article:published_time\" content=\"2015-01-01T18:22:58+00:00\" \/>\n<meta property=\"article:modified_time\" content=\"2015-01-01T18:23:29+00:00\" \/>\n<meta property=\"og:image\" content=\"https:\/\/www.notibras.com\/site\/wp-content\/uploads\/2015\/01\/20c28aed7c7e07df7ef0086294ea6a0e8c6b2a68.jpg\" \/>\n\t<meta property=\"og:image:width\" content=\"580\" \/>\n\t<meta property=\"og:image:height\" content=\"456\" \/>\n\t<meta property=\"og:image:type\" content=\"image\/jpeg\" \/>\n<meta name=\"author\" content=\"Reda\u00e7\u00e3o\" \/>\n<meta name=\"twitter:card\" content=\"summary_large_image\" \/>\n<meta name=\"twitter:creator\" content=\"@Notibras\" \/>\n<meta name=\"twitter:site\" content=\"@Notibras\" \/>\n<meta name=\"twitter:label1\" content=\"Escrito por\" \/>\n\t<meta name=\"twitter:data1\" content=\"Reda\u00e7\u00e3o\" \/>\n\t<meta name=\"twitter:label2\" content=\"Est. tempo de leitura\" \/>\n\t<meta name=\"twitter:data2\" content=\"3 minutos\" \/>\n<script type=\"application\/ld+json\" class=\"yoast-schema-graph\">{\"@context\":\"https:\\\/\\\/schema.org\",\"@graph\":[{\"@type\":\"Article\",\"@id\":\"https:\\\/\\\/www.notibras.com\\\/site\\\/contagem-regressiva-para-acabar-com-bloqueio-americano-aos-cubanos\\\/#article\",\"isPartOf\":{\"@id\":\"https:\\\/\\\/www.notibras.com\\\/site\\\/contagem-regressiva-para-acabar-com-bloqueio-americano-aos-cubanos\\\/\"},\"author\":{\"name\":\"Reda\u00e7\u00e3o\",\"@id\":\"https:\\\/\\\/www.notibras.com\\\/site\\\/#\\\/schema\\\/person\\\/36ab0979449956132d3e5b517ea76ac8\"},\"headline\":\"Contagem regressiva para acabar com bloqueio americano a Cuba\",\"datePublished\":\"2015-01-01T18:22:58+00:00\",\"dateModified\":\"2015-01-01T18:23:29+00:00\",\"mainEntityOfPage\":{\"@id\":\"https:\\\/\\\/www.notibras.com\\\/site\\\/contagem-regressiva-para-acabar-com-bloqueio-americano-aos-cubanos\\\/\"},\"wordCount\":547,\"commentCount\":0,\"publisher\":{\"@id\":\"https:\\\/\\\/www.notibras.com\\\/site\\\/#organization\"},\"image\":{\"@id\":\"https:\\\/\\\/www.notibras.com\\\/site\\\/contagem-regressiva-para-acabar-com-bloqueio-americano-aos-cubanos\\\/#primaryimage\"},\"thumbnailUrl\":\"https:\\\/\\\/www.notibras.com\\\/site\\\/wp-content\\\/uploads\\\/2015\\\/01\\\/20c28aed7c7e07df7ef0086294ea6a0e8c6b2a68.jpg\",\"articleSection\":[\"Opina a\u00ed\"],\"inLanguage\":\"pt-BR\",\"potentialAction\":[{\"@type\":\"CommentAction\",\"name\":\"Comment\",\"target\":[\"https:\\\/\\\/www.notibras.com\\\/site\\\/contagem-regressiva-para-acabar-com-bloqueio-americano-aos-cubanos\\\/#respond\"]}]},{\"@type\":\"WebPage\",\"@id\":\"https:\\\/\\\/www.notibras.com\\\/site\\\/contagem-regressiva-para-acabar-com-bloqueio-americano-aos-cubanos\\\/\",\"url\":\"https:\\\/\\\/www.notibras.com\\\/site\\\/contagem-regressiva-para-acabar-com-bloqueio-americano-aos-cubanos\\\/\",\"name\":\"Contagem regressiva para acabar com bloqueio americano a Cuba - Notibras\",\"isPartOf\":{\"@id\":\"https:\\\/\\\/www.notibras.com\\\/site\\\/#website\"},\"primaryImageOfPage\":{\"@id\":\"https:\\\/\\\/www.notibras.com\\\/site\\\/contagem-regressiva-para-acabar-com-bloqueio-americano-aos-cubanos\\\/#primaryimage\"},\"image\":{\"@id\":\"https:\\\/\\\/www.notibras.com\\\/site\\\/contagem-regressiva-para-acabar-com-bloqueio-americano-aos-cubanos\\\/#primaryimage\"},\"thumbnailUrl\":\"https:\\\/\\\/www.notibras.com\\\/site\\\/wp-content\\\/uploads\\\/2015\\\/01\\\/20c28aed7c7e07df7ef0086294ea6a0e8c6b2a68.jpg\",\"datePublished\":\"2015-01-01T18:22:58+00:00\",\"dateModified\":\"2015-01-01T18:23:29+00:00\",\"breadcrumb\":{\"@id\":\"https:\\\/\\\/www.notibras.com\\\/site\\\/contagem-regressiva-para-acabar-com-bloqueio-americano-aos-cubanos\\\/#breadcrumb\"},\"inLanguage\":\"pt-BR\",\"potentialAction\":[{\"@type\":\"ReadAction\",\"target\":[\"https:\\\/\\\/www.notibras.com\\\/site\\\/contagem-regressiva-para-acabar-com-bloqueio-americano-aos-cubanos\\\/\"]}]},{\"@type\":\"ImageObject\",\"inLanguage\":\"pt-BR\",\"@id\":\"https:\\\/\\\/www.notibras.com\\\/site\\\/contagem-regressiva-para-acabar-com-bloqueio-americano-aos-cubanos\\\/#primaryimage\",\"url\":\"https:\\\/\\\/www.notibras.com\\\/site\\\/wp-content\\\/uploads\\\/2015\\\/01\\\/20c28aed7c7e07df7ef0086294ea6a0e8c6b2a68.jpg\",\"contentUrl\":\"https:\\\/\\\/www.notibras.com\\\/site\\\/wp-content\\\/uploads\\\/2015\\\/01\\\/20c28aed7c7e07df7ef0086294ea6a0e8c6b2a68.jpg\",\"width\":580,\"height\":456},{\"@type\":\"BreadcrumbList\",\"@id\":\"https:\\\/\\\/www.notibras.com\\\/site\\\/contagem-regressiva-para-acabar-com-bloqueio-americano-aos-cubanos\\\/#breadcrumb\",\"itemListElement\":[{\"@type\":\"ListItem\",\"position\":1,\"name\":\"In\u00edcio\",\"item\":\"https:\\\/\\\/www.notibras.com\\\/site\\\/\"},{\"@type\":\"ListItem\",\"position\":2,\"name\":\"Contagem regressiva para acabar com bloqueio americano a Cuba\"}]},{\"@type\":\"WebSite\",\"@id\":\"https:\\\/\\\/www.notibras.com\\\/site\\\/#website\",\"url\":\"https:\\\/\\\/www.notibras.com\\\/site\\\/\",\"name\":\"Notibras\",\"description\":\"Not\u00edcias de Bras\u00edlia, do Brasil e do Mundo\",\"publisher\":{\"@id\":\"https:\\\/\\\/www.notibras.com\\\/site\\\/#organization\"},\"potentialAction\":[{\"@type\":\"SearchAction\",\"target\":{\"@type\":\"EntryPoint\",\"urlTemplate\":\"https:\\\/\\\/www.notibras.com\\\/site\\\/?s={search_term_string}\"},\"query-input\":{\"@type\":\"PropertyValueSpecification\",\"valueRequired\":true,\"valueName\":\"search_term_string\"}}],\"inLanguage\":\"pt-BR\"},{\"@type\":\"Organization\",\"@id\":\"https:\\\/\\\/www.notibras.com\\\/site\\\/#organization\",\"name\":\"Grupo Notibras de Comunica\u00e7\u00e3o\",\"url\":\"https:\\\/\\\/www.notibras.com\\\/site\\\/\",\"logo\":{\"@type\":\"ImageObject\",\"inLanguage\":\"pt-BR\",\"@id\":\"https:\\\/\\\/www.notibras.com\\\/site\\\/#\\\/schema\\\/logo\\\/image\\\/\",\"url\":\"https:\\\/\\\/www.notibras.com\\\/site\\\/wp-content\\\/uploads\\\/2023\\\/01\\\/notibras23.png\",\"contentUrl\":\"https:\\\/\\\/www.notibras.com\\\/site\\\/wp-content\\\/uploads\\\/2023\\\/01\\\/notibras23.png\",\"width\":350,\"height\":87,\"caption\":\"Grupo Notibras de Comunica\u00e7\u00e3o\"},\"image\":{\"@id\":\"https:\\\/\\\/www.notibras.com\\\/site\\\/#\\\/schema\\\/logo\\\/image\\\/\"},\"sameAs\":[\"https:\\\/\\\/www.facebook.com\\\/notibras\\\/\",\"https:\\\/\\\/x.com\\\/Notibras\",\"https:\\\/\\\/www.instagram.com\\\/notibras\\\/\"]},{\"@type\":\"Person\",\"@id\":\"https:\\\/\\\/www.notibras.com\\\/site\\\/#\\\/schema\\\/person\\\/36ab0979449956132d3e5b517ea76ac8\",\"name\":\"Reda\u00e7\u00e3o\",\"image\":{\"@type\":\"ImageObject\",\"inLanguage\":\"pt-BR\",\"@id\":\"https:\\\/\\\/secure.gravatar.com\\\/avatar\\\/e0a867bdedb85fd243eadf09663511f96fc81e0720a4a42581f334ad4303aa6b?s=96&d=mm&r=g\",\"url\":\"https:\\\/\\\/secure.gravatar.com\\\/avatar\\\/e0a867bdedb85fd243eadf09663511f96fc81e0720a4a42581f334ad4303aa6b?s=96&d=mm&r=g\",\"contentUrl\":\"https:\\\/\\\/secure.gravatar.com\\\/avatar\\\/e0a867bdedb85fd243eadf09663511f96fc81e0720a4a42581f334ad4303aa6b?s=96&d=mm&r=g\",\"caption\":\"Reda\u00e7\u00e3o\"}}]}<\/script>\n<!-- \/ Yoast SEO plugin. -->","yoast_head_json":{"title":"Contagem regressiva para acabar com bloqueio americano a Cuba - Notibras","robots":{"index":"index","follow":"follow","max-snippet":"max-snippet:-1","max-image-preview":"max-image-preview:large","max-video-preview":"max-video-preview:-1"},"canonical":"https:\/\/www.notibras.com\/site\/contagem-regressiva-para-acabar-com-bloqueio-americano-aos-cubanos\/","og_locale":"pt_BR","og_type":"article","og_title":"Contagem regressiva para acabar com bloqueio americano a Cuba - Notibras","og_description":"O papa Francisco, ao comemorar 78 anos, deu um inestim\u00e1vel presente ao Continente americano: o in\u00edcio do fim do bloqueio dos EUA a Cuba e o reatamento das rela\u00e7\u00f5es diplom\u00e1ticas entre os dois pa\u00edses. Este foi o tema que Francisco priorizou com Obama no encontro que mantiveram, em Roma, em mar\u00e7o deste ano. Um ano [&hellip;]","og_url":"https:\/\/www.notibras.com\/site\/contagem-regressiva-para-acabar-com-bloqueio-americano-aos-cubanos\/","og_site_name":"Notibras","article_publisher":"https:\/\/www.facebook.com\/notibras\/","article_published_time":"2015-01-01T18:22:58+00:00","article_modified_time":"2015-01-01T18:23:29+00:00","og_image":[{"width":580,"height":456,"url":"https:\/\/www.notibras.com\/site\/wp-content\/uploads\/2015\/01\/20c28aed7c7e07df7ef0086294ea6a0e8c6b2a68.jpg","type":"image\/jpeg"}],"author":"Reda\u00e7\u00e3o","twitter_card":"summary_large_image","twitter_creator":"@Notibras","twitter_site":"@Notibras","twitter_misc":{"Escrito por":"Reda\u00e7\u00e3o","Est. tempo de leitura":"3 minutos"},"schema":{"@context":"https:\/\/schema.org","@graph":[{"@type":"Article","@id":"https:\/\/www.notibras.com\/site\/contagem-regressiva-para-acabar-com-bloqueio-americano-aos-cubanos\/#article","isPartOf":{"@id":"https:\/\/www.notibras.com\/site\/contagem-regressiva-para-acabar-com-bloqueio-americano-aos-cubanos\/"},"author":{"name":"Reda\u00e7\u00e3o","@id":"https:\/\/www.notibras.com\/site\/#\/schema\/person\/36ab0979449956132d3e5b517ea76ac8"},"headline":"Contagem regressiva para acabar com bloqueio americano a Cuba","datePublished":"2015-01-01T18:22:58+00:00","dateModified":"2015-01-01T18:23:29+00:00","mainEntityOfPage":{"@id":"https:\/\/www.notibras.com\/site\/contagem-regressiva-para-acabar-com-bloqueio-americano-aos-cubanos\/"},"wordCount":547,"commentCount":0,"publisher":{"@id":"https:\/\/www.notibras.com\/site\/#organization"},"image":{"@id":"https:\/\/www.notibras.com\/site\/contagem-regressiva-para-acabar-com-bloqueio-americano-aos-cubanos\/#primaryimage"},"thumbnailUrl":"https:\/\/www.notibras.com\/site\/wp-content\/uploads\/2015\/01\/20c28aed7c7e07df7ef0086294ea6a0e8c6b2a68.jpg","articleSection":["Opina a\u00ed"],"inLanguage":"pt-BR","potentialAction":[{"@type":"CommentAction","name":"Comment","target":["https:\/\/www.notibras.com\/site\/contagem-regressiva-para-acabar-com-bloqueio-americano-aos-cubanos\/#respond"]}]},{"@type":"WebPage","@id":"https:\/\/www.notibras.com\/site\/contagem-regressiva-para-acabar-com-bloqueio-americano-aos-cubanos\/","url":"https:\/\/www.notibras.com\/site\/contagem-regressiva-para-acabar-com-bloqueio-americano-aos-cubanos\/","name":"Contagem regressiva para acabar com bloqueio americano a Cuba - Notibras","isPartOf":{"@id":"https:\/\/www.notibras.com\/site\/#website"},"primaryImageOfPage":{"@id":"https:\/\/www.notibras.com\/site\/contagem-regressiva-para-acabar-com-bloqueio-americano-aos-cubanos\/#primaryimage"},"image":{"@id":"https:\/\/www.notibras.com\/site\/contagem-regressiva-para-acabar-com-bloqueio-americano-aos-cubanos\/#primaryimage"},"thumbnailUrl":"https:\/\/www.notibras.com\/site\/wp-content\/uploads\/2015\/01\/20c28aed7c7e07df7ef0086294ea6a0e8c6b2a68.jpg","datePublished":"2015-01-01T18:22:58+00:00","dateModified":"2015-01-01T18:23:29+00:00","breadcrumb":{"@id":"https:\/\/www.notibras.com\/site\/contagem-regressiva-para-acabar-com-bloqueio-americano-aos-cubanos\/#breadcrumb"},"inLanguage":"pt-BR","potentialAction":[{"@type":"ReadAction","target":["https:\/\/www.notibras.com\/site\/contagem-regressiva-para-acabar-com-bloqueio-americano-aos-cubanos\/"]}]},{"@type":"ImageObject","inLanguage":"pt-BR","@id":"https:\/\/www.notibras.com\/site\/contagem-regressiva-para-acabar-com-bloqueio-americano-aos-cubanos\/#primaryimage","url":"https:\/\/www.notibras.com\/site\/wp-content\/uploads\/2015\/01\/20c28aed7c7e07df7ef0086294ea6a0e8c6b2a68.jpg","contentUrl":"https:\/\/www.notibras.com\/site\/wp-content\/uploads\/2015\/01\/20c28aed7c7e07df7ef0086294ea6a0e8c6b2a68.jpg","width":580,"height":456},{"@type":"BreadcrumbList","@id":"https:\/\/www.notibras.com\/site\/contagem-regressiva-para-acabar-com-bloqueio-americano-aos-cubanos\/#breadcrumb","itemListElement":[{"@type":"ListItem","position":1,"name":"In\u00edcio","item":"https:\/\/www.notibras.com\/site\/"},{"@type":"ListItem","position":2,"name":"Contagem regressiva para acabar com bloqueio americano a Cuba"}]},{"@type":"WebSite","@id":"https:\/\/www.notibras.com\/site\/#website","url":"https:\/\/www.notibras.com\/site\/","name":"Notibras","description":"Not\u00edcias de Bras\u00edlia, do Brasil e do Mundo","publisher":{"@id":"https:\/\/www.notibras.com\/site\/#organization"},"potentialAction":[{"@type":"SearchAction","target":{"@type":"EntryPoint","urlTemplate":"https:\/\/www.notibras.com\/site\/?s={search_term_string}"},"query-input":{"@type":"PropertyValueSpecification","valueRequired":true,"valueName":"search_term_string"}}],"inLanguage":"pt-BR"},{"@type":"Organization","@id":"https:\/\/www.notibras.com\/site\/#organization","name":"Grupo Notibras de Comunica\u00e7\u00e3o","url":"https:\/\/www.notibras.com\/site\/","logo":{"@type":"ImageObject","inLanguage":"pt-BR","@id":"https:\/\/www.notibras.com\/site\/#\/schema\/logo\/image\/","url":"https:\/\/www.notibras.com\/site\/wp-content\/uploads\/2023\/01\/notibras23.png","contentUrl":"https:\/\/www.notibras.com\/site\/wp-content\/uploads\/2023\/01\/notibras23.png","width":350,"height":87,"caption":"Grupo Notibras de Comunica\u00e7\u00e3o"},"image":{"@id":"https:\/\/www.notibras.com\/site\/#\/schema\/logo\/image\/"},"sameAs":["https:\/\/www.facebook.com\/notibras\/","https:\/\/x.com\/Notibras","https:\/\/www.instagram.com\/notibras\/"]},{"@type":"Person","@id":"https:\/\/www.notibras.com\/site\/#\/schema\/person\/36ab0979449956132d3e5b517ea76ac8","name":"Reda\u00e7\u00e3o","image":{"@type":"ImageObject","inLanguage":"pt-BR","@id":"https:\/\/secure.gravatar.com\/avatar\/e0a867bdedb85fd243eadf09663511f96fc81e0720a4a42581f334ad4303aa6b?s=96&d=mm&r=g","url":"https:\/\/secure.gravatar.com\/avatar\/e0a867bdedb85fd243eadf09663511f96fc81e0720a4a42581f334ad4303aa6b?s=96&d=mm&r=g","contentUrl":"https:\/\/secure.gravatar.com\/avatar\/e0a867bdedb85fd243eadf09663511f96fc81e0720a4a42581f334ad4303aa6b?s=96&d=mm&r=g","caption":"Reda\u00e7\u00e3o"}}]}},"amp_enabled":true,"_links":{"self":[{"href":"https:\/\/www.notibras.com\/site\/wp-json\/wp\/v2\/posts\/32660","targetHints":{"allow":["GET"]}}],"collection":[{"href":"https:\/\/www.notibras.com\/site\/wp-json\/wp\/v2\/posts"}],"about":[{"href":"https:\/\/www.notibras.com\/site\/wp-json\/wp\/v2\/types\/post"}],"author":[{"embeddable":true,"href":"https:\/\/www.notibras.com\/site\/wp-json\/wp\/v2\/users\/2"}],"replies":[{"embeddable":true,"href":"https:\/\/www.notibras.com\/site\/wp-json\/wp\/v2\/comments?post=32660"}],"version-history":[{"count":0,"href":"https:\/\/www.notibras.com\/site\/wp-json\/wp\/v2\/posts\/32660\/revisions"}],"wp:featuredmedia":[{"embeddable":true,"href":"https:\/\/www.notibras.com\/site\/wp-json\/wp\/v2\/media\/32661"}],"wp:attachment":[{"href":"https:\/\/www.notibras.com\/site\/wp-json\/wp\/v2\/media?parent=32660"}],"wp:term":[{"taxonomy":"category","embeddable":true,"href":"https:\/\/www.notibras.com\/site\/wp-json\/wp\/v2\/categories?post=32660"},{"taxonomy":"post_tag","embeddable":true,"href":"https:\/\/www.notibras.com\/site\/wp-json\/wp\/v2\/tags?post=32660"}],"curies":[{"name":"wp","href":"https:\/\/api.w.org\/{rel}","templated":true}]}}